{"id":1000,"date":"2024-07-02T13:26:48","date_gmt":"2024-07-02T13:26:48","guid":{"rendered":"https:\/\/panoramaciudadano.com\/?p=1000"},"modified":"2024-07-02T13:26:51","modified_gmt":"2024-07-02T13:26:51","slug":"el-gobierno-municipal-arranca-campana-para-retirar-los-vehiculos-abandonados-en-la-via-publica","status":"publish","type":"post","link":"https:\/\/panoramaciudadano.com\/index.php\/2024\/07\/02\/el-gobierno-municipal-arranca-campana-para-retirar-los-vehiculos-abandonados-en-la-via-publica\/","title":{"rendered":"El Gobierno Municipal arranca campa\u00f1a para retirar los veh\u00edculos abandonados en la v\u00eda p\u00fablica"},"content":{"rendered":"\n<figure class=\"wp-block-image size-full\"><img decoding=\"async\" width=\"720\" height=\"540\" src=\"https:\/\/panoramaciudadano.com\/wp-content\/uploads\/2024\/07\/WhatsApp-Image-2024-07-02-at-07.59.13.jpeg\" alt=\"\" class=\"wp-image-1001\" srcset=\"https:\/\/panoramaciudadano.com\/wp-content\/uploads\/2024\/07\/WhatsApp-Image-2024-07-02-at-07.59.13.jpeg 720w, https:\/\/panoramaciudadano.com\/wp-content\/uploads\/2024\/07\/WhatsApp-Image-2024-07-02-at-07.59.13-300x225.jpeg 300w\" sizes=\"(max-width: 720px) 100vw, 720px\" \/><\/figure>\n\n\n\n<p>Con el firme compromiso de cuidar y proteger a las familias isle\u00f1as, as\u00ed como mantener limpias y ordenadas las vialidades en el municipio, el Gobierno Municipal que encabeza la alcaldesa Atenea G\u00f3mez Ricalde, a trav\u00e9s de la Direcci\u00f3n General de Seguridad Ciudadana y Tr\u00e1nsito, exhorta a las y los automovilistas a retirar sus veh\u00edculos abandonados en la v\u00eda p\u00fablica.<\/p>\n\n\n\n<p>En ese sentido, la Directora General de Seguridad Ciudadana y Tr\u00e1nsito, Lourdes Esp\u00edn Alarc\u00f3n, dio a conocer que primeramente se realiza una notificaci\u00f3n a las y los propietarios. <\/p>\n\n\n\n<blockquote class=\"wp-block-quote is-layout-flow wp-block-quote-is-layout-flow\">\n<p>\u201cEn un plazo de 48 horas a partir de la notificaci\u00f3n los propietarios de los veh\u00edculos abandonados en la v\u00eda p\u00fablica deber\u00e1n retirarlos, de acuerdo al Art\u00edculo 127 y del 165 al 169 del Reglamento de Tr\u00e1nsito Municipal, de lo contrario se proceder\u00e1 a su levantamiento\u201d<\/p>\n<cite>se\u00f1al\u00f3 Esp\u00edn Alarc\u00f3n<\/cite><\/blockquote>\n\n\n\n<p>Por otra parte, la funcionaria municipal dio a conocer que, como parte de las acciones preventivas en esta temporada de lluvias y huracanes, se brind\u00f3 apoyo con una gr\u00faa para el retiro de basura de calles, avenidas y espacios p\u00fablicos y en el levantamiento de objetos de gran volumen, al recordar que en caso de presentarse fuertes vientos pueden convertirse en proyectiles y provocar da\u00f1os.<\/p>\n\n\n\n<p>Con estas acciones preventivas, el Gobierno Municipal trabaja en conjunto y de la mano con el Gobierno del Estado, para minimizar los efectos adversos ante la trayectoria del Hurac\u00e1n Beryl.<\/p>\n","protected":false},"excerpt":{"rendered":"<p>Con el firme compromiso de cuidar y proteger a las familias isle\u00f1as, as\u00ed como mantener limpias y ordenadas las vialidades en el municipio, el Gobierno Municipal que encabeza la alcaldesa Atenea G\u00f3mez Ricalde, a trav\u00e9s de la Direcci\u00f3n General de Seguridad Ciudadana y Tr\u00e1nsito, exhorta a las y los automovilistas a retirar sus veh\u00edculos abandonados en la v\u00eda p\u00fablica.<\/p>\n","protected":false},"author":1,"featured_media":1001,"comment_status":"open","ping_status":"closed","sticky":false,"template":"","format":"standard","meta":{"footnotes":""},"categories":[12],"tags":[336,233,611,613],"class_list":["post-1000","post","type-post","status-publish","format-standard","has-post-thumbnail","hentry","category-isla-mujeres","tag-atenea-gomez-ricalde","tag-direccion-general-de-seguridad-ciudadana-y-transito","tag-huracan-beryl","tag-lourdes-espin-alarcon"],"yoast_head":"<!-- This site is optimized with the Yoast SEO plugin v27.1.1 - https:\/\/yoast.com\/product\/yoast-seo-wordpress\/ -->\n<title>El Gobierno Municipal arranca campa\u00f1a para retirar los veh\u00edculos abandonados en la v\u00eda p\u00fablica - Panorama Ciudadano<\/title>\n<meta name=\"robots\" content=\"index, follow, max-snippet:-1, max-image-preview:large, max-video-preview:-1\" \/>\n<link rel=\"canonical\" href=\"https:\/\/panoramaciudadano.com\/index.php\/2024\/07\/02\/el-gobierno-municipal-arranca-campana-para-retirar-los-vehiculos-abandonados-en-la-via-publica\/\" \/>\n<meta property=\"og:locale\" content=\"es_ES\" \/>\n<meta property=\"og:type\" content=\"article\" \/>\n<meta property=\"og:title\" content=\"El Gobierno Municipal arranca campa\u00f1a para retirar los veh\u00edculos abandonados en la v\u00eda p\u00fablica - Panorama Ciudadano\" \/>\n<meta property=\"og:description\" content=\"Con el firme compromiso de cuidar y proteger a las familias isle\u00f1as, as\u00ed como mantener limpias y ordenadas las vialidades en el municipio, el Gobierno Municipal que encabeza la alcaldesa Atenea G\u00f3mez Ricalde, a trav\u00e9s de la Direcci\u00f3n General de Seguridad Ciudadana y Tr\u00e1nsito, exhorta a las y los automovilistas a retirar sus veh\u00edculos abandonados en la v\u00eda p\u00fablica.\" \/>\n<meta property=\"og:url\" content=\"https:\/\/panoramaciudadano.com\/index.php\/2024\/07\/02\/el-gobierno-municipal-arranca-campana-para-retirar-los-vehiculos-abandonados-en-la-via-publica\/\" \/>\n<meta property=\"og:site_name\" content=\"Panorama Ciudadano\" \/>\n<meta property=\"article:publisher\" content=\"https:\/\/www.facebook.com\/panoramaciudadano\" \/>\n<meta property=\"article:published_time\" content=\"2024-07-02T13:26:48+00:00\" \/>\n<meta property=\"article:modified_time\" content=\"2024-07-02T13:26:51+00:00\" \/>\n<meta property=\"og:image\" content=\"https:\/\/panoramaciudadano.com\/wp-content\/uploads\/2024\/07\/WhatsApp-Image-2024-07-02-at-07.59.13.jpeg\" \/>\n\t<meta property=\"og:image:width\" content=\"720\" \/>\n\t<meta property=\"og:image:height\" content=\"540\" \/>\n\t<meta property=\"og:image:type\" content=\"image\/jpeg\" \/>\n<meta name=\"author\" content=\"admin\" \/>\n<meta name=\"twitter:card\" content=\"summary_large_image\" \/>\n<meta name=\"twitter:label1\" content=\"Escrito por\" \/>\n\t<meta name=\"twitter:data1\" content=\"admin\" \/>\n\t<meta name=\"twitter:label2\" content=\"Tiempo de lectura\" \/>\n\t<meta name=\"twitter:data2\" content=\"2 minutos\" \/>\n<script type=\"application\/ld+json\" class=\"yoast-schema-graph\">{\"@context\":\"https:\/\/schema.org\",\"@graph\":[{\"@type\":\"Article\",\"@id\":\"https:\/\/panoramaciudadano.com\/index.php\/2024\/07\/02\/el-gobierno-municipal-arranca-campana-para-retirar-los-vehiculos-abandonados-en-la-via-publica\/#article\",\"isPartOf\":{\"@id\":\"https:\/\/panoramaciudadano.com\/index.php\/2024\/07\/02\/el-gobierno-municipal-arranca-campana-para-retirar-los-vehiculos-abandonados-en-la-via-publica\/\"},\"author\":{\"name\":\"admin\",\"@id\":\"https:\/\/panoramaciudadano.com\/#\/schema\/person\/ffe9fe8ef47d3a93977b5761fd9e0d96\"},\"headline\":\"El Gobierno Municipal arranca campa\u00f1a para retirar los veh\u00edculos abandonados en la v\u00eda p\u00fablica\",\"datePublished\":\"2024-07-02T13:26:48+00:00\",\"dateModified\":\"2024-07-02T13:26:51+00:00\",\"mainEntityOfPage\":{\"@id\":\"https:\/\/panoramaciudadano.com\/index.php\/2024\/07\/02\/el-gobierno-municipal-arranca-campana-para-retirar-los-vehiculos-abandonados-en-la-via-publica\/\"},\"wordCount\":271,\"commentCount\":0,\"publisher\":{\"@id\":\"https:\/\/panoramaciudadano.com\/#organization\"},\"image\":{\"@id\":\"https:\/\/panoramaciudadano.com\/index.php\/2024\/07\/02\/el-gobierno-municipal-arranca-campana-para-retirar-los-vehiculos-abandonados-en-la-via-publica\/#primaryimage\"},\"thumbnailUrl\":\"https:\/\/panoramaciudadano.com\/wp-content\/uploads\/2024\/07\/WhatsApp-Image-2024-07-02-at-07.59.13.jpeg\",\"keywords\":[\"Atenea G\u00f3mez Ricalde\",\"Direcci\u00f3n General de Seguridad Ciudadana y Tr\u00e1nsito\",\"Hurac\u00e1n Beryl\",\"Lourdes Esp\u00edn Alarc\u00f3n\"],\"articleSection\":[\"Isla Mujeres\"],\"inLanguage\":\"es\",\"potentialAction\":[{\"@type\":\"CommentAction\",\"name\":\"Comment\",\"target\":[\"https:\/\/panoramaciudadano.com\/index.php\/2024\/07\/02\/el-gobierno-municipal-arranca-campana-para-retirar-los-vehiculos-abandonados-en-la-via-publica\/#respond\"]}]},{\"@type\":\"WebPage\",\"@id\":\"https:\/\/panoramaciudadano.com\/index.php\/2024\/07\/02\/el-gobierno-municipal-arranca-campana-para-retirar-los-vehiculos-abandonados-en-la-via-publica\/\",\"url\":\"https:\/\/panoramaciudadano.com\/index.php\/2024\/07\/02\/el-gobierno-municipal-arranca-campana-para-retirar-los-vehiculos-abandonados-en-la-via-publica\/\",\"name\":\"El Gobierno Municipal arranca campa\u00f1a para retirar los veh\u00edculos abandonados en la v\u00eda p\u00fablica - Panorama Ciudadano\",\"isPartOf\":{\"@id\":\"https:\/\/panoramaciudadano.com\/#website\"},\"primaryImageOfPage\":{\"@id\":\"https:\/\/panoramaciudadano.com\/index.php\/2024\/07\/02\/el-gobierno-municipal-arranca-campana-para-retirar-los-vehiculos-abandonados-en-la-via-publica\/#primaryimage\"},\"image\":{\"@id\":\"https:\/\/panoramaciudadano.com\/index.php\/2024\/07\/02\/el-gobierno-municipal-arranca-campana-para-retirar-los-vehiculos-abandonados-en-la-via-publica\/#primaryimage\"},\"thumbnailUrl\":\"https:\/\/panoramaciudadano.com\/wp-content\/uploads\/2024\/07\/WhatsApp-Image-2024-07-02-at-07.59.13.jpeg\",\"datePublished\":\"2024-07-02T13:26:48+00:00\",\"dateModified\":\"2024-07-02T13:26:51+00:00\",\"breadcrumb\":{\"@id\":\"https:\/\/panoramaciudadano.com\/index.php\/2024\/07\/02\/el-gobierno-municipal-arranca-campana-para-retirar-los-vehiculos-abandonados-en-la-via-publica\/#breadcrumb\"},\"inLanguage\":\"es\",\"potentialAction\":[{\"@type\":\"ReadAction\",\"target\":[\"https:\/\/panoramaciudadano.com\/index.php\/2024\/07\/02\/el-gobierno-municipal-arranca-campana-para-retirar-los-vehiculos-abandonados-en-la-via-publica\/\"]}]},{\"@type\":\"ImageObject\",\"inLanguage\":\"es\",\"@id\":\"https:\/\/panoramaciudadano.com\/index.php\/2024\/07\/02\/el-gobierno-municipal-arranca-campana-para-retirar-los-vehiculos-abandonados-en-la-via-publica\/#primaryimage\",\"url\":\"https:\/\/panoramaciudadano.com\/wp-content\/uploads\/2024\/07\/WhatsApp-Image-2024-07-02-at-07.59.13.jpeg\",\"contentUrl\":\"https:\/\/panoramaciudadano.com\/wp-content\/uploads\/2024\/07\/WhatsApp-Image-2024-07-02-at-07.59.13.jpeg\",\"width\":720,\"height\":540},{\"@type\":\"BreadcrumbList\",\"@id\":\"https:\/\/panoramaciudadano.com\/index.php\/2024\/07\/02\/el-gobierno-municipal-arranca-campana-para-retirar-los-vehiculos-abandonados-en-la-via-publica\/#breadcrumb\",\"itemListElement\":[{\"@type\":\"ListItem\",\"position\":1,\"name\":\"Portada\",\"item\":\"https:\/\/panoramaciudadano.com\/\"},{\"@type\":\"ListItem\",\"position\":2,\"name\":\"El Gobierno Municipal arranca campa\u00f1a para retirar los veh\u00edculos abandonados en la v\u00eda p\u00fablica\"}]},{\"@type\":\"WebSite\",\"@id\":\"https:\/\/panoramaciudadano.com\/#website\",\"url\":\"https:\/\/panoramaciudadano.com\/\",\"name\":\"Panorama Ciudadano\",\"description\":\"\",\"publisher\":{\"@id\":\"https:\/\/panoramaciudadano.com\/#organization\"},\"potentialAction\":[{\"@type\":\"SearchAction\",\"target\":{\"@type\":\"EntryPoint\",\"urlTemplate\":\"https:\/\/panoramaciudadano.com\/?s={search_term_string}\"},\"query-input\":{\"@type\":\"PropertyValueSpecification\",\"valueRequired\":true,\"valueName\":\"search_term_string\"}}],\"inLanguage\":\"es\"},{\"@type\":\"Organization\",\"@id\":\"https:\/\/panoramaciudadano.com\/#organization\",\"name\":\"Panorama Ciudadano\",\"url\":\"https:\/\/panoramaciudadano.com\/\",\"logo\":{\"@type\":\"ImageObject\",\"inLanguage\":\"es\",\"@id\":\"https:\/\/panoramaciudadano.com\/#\/schema\/logo\/image\/\",\"url\":\"https:\/\/panoramaciudadano.com\/wp-content\/uploads\/2024\/05\/401498640_919267042938564_6290593609399108733_n.jpg\",\"contentUrl\":\"https:\/\/panoramaciudadano.com\/wp-content\/uploads\/2024\/05\/401498640_919267042938564_6290593609399108733_n.jpg\",\"width\":960,\"height\":957,\"caption\":\"Panorama Ciudadano\"},\"image\":{\"@id\":\"https:\/\/panoramaciudadano.com\/#\/schema\/logo\/image\/\"},\"sameAs\":[\"https:\/\/www.facebook.com\/panoramaciudadano\"]},{\"@type\":\"Person\",\"@id\":\"https:\/\/panoramaciudadano.com\/#\/schema\/person\/ffe9fe8ef47d3a93977b5761fd9e0d96\",\"name\":\"admin\",\"image\":{\"@type\":\"ImageObject\",\"inLanguage\":\"es\",\"@id\":\"https:\/\/panoramaciudadano.com\/#\/schema\/person\/image\/\",\"url\":\"https:\/\/secure.gravatar.com\/avatar\/2d5a12cacce3f18096f25fadea8abb7202fef18ed669595589853e84260ff451?s=96&d=mm&r=g\",\"contentUrl\":\"https:\/\/secure.gravatar.com\/avatar\/2d5a12cacce3f18096f25fadea8abb7202fef18ed669595589853e84260ff451?s=96&d=mm&r=g\",\"caption\":\"admin\"},\"sameAs\":[\"https:\/\/panoramaciudadano.com\"],\"url\":\"https:\/\/panoramaciudadano.com\/index.php\/author\/admin_3q6hyqq3\/\"}]}<\/script>\n<!-- \/ Yoast SEO plugin. -->","yoast_head_json":{"title":"El Gobierno Municipal arranca campa\u00f1a para retirar los veh\u00edculos abandonados en la v\u00eda p\u00fablica - Panorama Ciudadano","robots":{"index":"index","follow":"follow","max-snippet":"max-snippet:-1","max-image-preview":"max-image-preview:large","max-video-preview":"max-video-preview:-1"},"canonical":"https:\/\/panoramaciudadano.com\/index.php\/2024\/07\/02\/el-gobierno-municipal-arranca-campana-para-retirar-los-vehiculos-abandonados-en-la-via-publica\/","og_locale":"es_ES","og_type":"article","og_title":"El Gobierno Municipal arranca campa\u00f1a para retirar los veh\u00edculos abandonados en la v\u00eda p\u00fablica - Panorama Ciudadano","og_description":"Con el firme compromiso de cuidar y proteger a las familias isle\u00f1as, as\u00ed como mantener limpias y ordenadas las vialidades en el municipio, el Gobierno Municipal que encabeza la alcaldesa Atenea G\u00f3mez Ricalde, a trav\u00e9s de la Direcci\u00f3n General de Seguridad Ciudadana y Tr\u00e1nsito, exhorta a las y los automovilistas a retirar sus veh\u00edculos abandonados en la v\u00eda p\u00fablica.","og_url":"https:\/\/panoramaciudadano.com\/index.php\/2024\/07\/02\/el-gobierno-municipal-arranca-campana-para-retirar-los-vehiculos-abandonados-en-la-via-publica\/","og_site_name":"Panorama Ciudadano","article_publisher":"https:\/\/www.facebook.com\/panoramaciudadano","article_published_time":"2024-07-02T13:26:48+00:00","article_modified_time":"2024-07-02T13:26:51+00:00","og_image":[{"width":720,"height":540,"url":"https:\/\/panoramaciudadano.com\/wp-content\/uploads\/2024\/07\/WhatsApp-Image-2024-07-02-at-07.59.13.jpeg","type":"image\/jpeg"}],"author":"admin","twitter_card":"summary_large_image","twitter_misc":{"Escrito por":"admin","Tiempo de lectura":"2 minutos"},"schema":{"@context":"https:\/\/schema.org","@graph":[{"@type":"Article","@id":"https:\/\/panoramaciudadano.com\/index.php\/2024\/07\/02\/el-gobierno-municipal-arranca-campana-para-retirar-los-vehiculos-abandonados-en-la-via-publica\/#article","isPartOf":{"@id":"https:\/\/panoramaciudadano.com\/index.php\/2024\/07\/02\/el-gobierno-municipal-arranca-campana-para-retirar-los-vehiculos-abandonados-en-la-via-publica\/"},"author":{"name":"admin","@id":"https:\/\/panoramaciudadano.com\/#\/schema\/person\/ffe9fe8ef47d3a93977b5761fd9e0d96"},"headline":"El Gobierno Municipal arranca campa\u00f1a para retirar los veh\u00edculos abandonados en la v\u00eda p\u00fablica","datePublished":"2024-07-02T13:26:48+00:00","dateModified":"2024-07-02T13:26:51+00:00","mainEntityOfPage":{"@id":"https:\/\/panoramaciudadano.com\/index.php\/2024\/07\/02\/el-gobierno-municipal-arranca-campana-para-retirar-los-vehiculos-abandonados-en-la-via-publica\/"},"wordCount":271,"commentCount":0,"publisher":{"@id":"https:\/\/panoramaciudadano.com\/#organization"},"image":{"@id":"https:\/\/panoramaciudadano.com\/index.php\/2024\/07\/02\/el-gobierno-municipal-arranca-campana-para-retirar-los-vehiculos-abandonados-en-la-via-publica\/#primaryimage"},"thumbnailUrl":"https:\/\/panoramaciudadano.com\/wp-content\/uploads\/2024\/07\/WhatsApp-Image-2024-07-02-at-07.59.13.jpeg","keywords":["Atenea G\u00f3mez Ricalde","Direcci\u00f3n General de Seguridad Ciudadana y Tr\u00e1nsito","Hurac\u00e1n Beryl","Lourdes Esp\u00edn Alarc\u00f3n"],"articleSection":["Isla Mujeres"],"inLanguage":"es","potentialAction":[{"@type":"CommentAction","name":"Comment","target":["https:\/\/panoramaciudadano.com\/index.php\/2024\/07\/02\/el-gobierno-municipal-arranca-campana-para-retirar-los-vehiculos-abandonados-en-la-via-publica\/#respond"]}]},{"@type":"WebPage","@id":"https:\/\/panoramaciudadano.com\/index.php\/2024\/07\/02\/el-gobierno-municipal-arranca-campana-para-retirar-los-vehiculos-abandonados-en-la-via-publica\/","url":"https:\/\/panoramaciudadano.com\/index.php\/2024\/07\/02\/el-gobierno-municipal-arranca-campana-para-retirar-los-vehiculos-abandonados-en-la-via-publica\/","name":"El Gobierno Municipal arranca campa\u00f1a para retirar los veh\u00edculos abandonados en la v\u00eda p\u00fablica - Panorama Ciudadano","isPartOf":{"@id":"https:\/\/panoramaciudadano.com\/#website"},"primaryImageOfPage":{"@id":"https:\/\/panoramaciudadano.com\/index.php\/2024\/07\/02\/el-gobierno-municipal-arranca-campana-para-retirar-los-vehiculos-abandonados-en-la-via-publica\/#primaryimage"},"image":{"@id":"https:\/\/panoramaciudadano.com\/index.php\/2024\/07\/02\/el-gobierno-municipal-arranca-campana-para-retirar-los-vehiculos-abandonados-en-la-via-publica\/#primaryimage"},"thumbnailUrl":"https:\/\/panoramaciudadano.com\/wp-content\/uploads\/2024\/07\/WhatsApp-Image-2024-07-02-at-07.59.13.jpeg","datePublished":"2024-07-02T13:26:48+00:00","dateModified":"2024-07-02T13:26:51+00:00","breadcrumb":{"@id":"https:\/\/panoramaciudadano.com\/index.php\/2024\/07\/02\/el-gobierno-municipal-arranca-campana-para-retirar-los-vehiculos-abandonados-en-la-via-publica\/#breadcrumb"},"inLanguage":"es","potentialAction":[{"@type":"ReadAction","target":["https:\/\/panoramaciudadano.com\/index.php\/2024\/07\/02\/el-gobierno-municipal-arranca-campana-para-retirar-los-vehiculos-abandonados-en-la-via-publica\/"]}]},{"@type":"ImageObject","inLanguage":"es","@id":"https:\/\/panoramaciudadano.com\/index.php\/2024\/07\/02\/el-gobierno-municipal-arranca-campana-para-retirar-los-vehiculos-abandonados-en-la-via-publica\/#primaryimage","url":"https:\/\/panoramaciudadano.com\/wp-content\/uploads\/2024\/07\/WhatsApp-Image-2024-07-02-at-07.59.13.jpeg","contentUrl":"https:\/\/panoramaciudadano.com\/wp-content\/uploads\/2024\/07\/WhatsApp-Image-2024-07-02-at-07.59.13.jpeg","width":720,"height":540},{"@type":"BreadcrumbList","@id":"https:\/\/panoramaciudadano.com\/index.php\/2024\/07\/02\/el-gobierno-municipal-arranca-campana-para-retirar-los-vehiculos-abandonados-en-la-via-publica\/#breadcrumb","itemListElement":[{"@type":"ListItem","position":1,"name":"Portada","item":"https:\/\/panoramaciudadano.com\/"},{"@type":"ListItem","position":2,"name":"El Gobierno Municipal arranca campa\u00f1a para retirar los veh\u00edculos abandonados en la v\u00eda p\u00fablica"}]},{"@type":"WebSite","@id":"https:\/\/panoramaciudadano.com\/#website","url":"https:\/\/panoramaciudadano.com\/","name":"Panorama Ciudadano","description":"","publisher":{"@id":"https:\/\/panoramaciudadano.com\/#organization"},"potentialAction":[{"@type":"SearchAction","target":{"@type":"EntryPoint","urlTemplate":"https:\/\/panoramaciudadano.com\/?s={search_term_string}"},"query-input":{"@type":"PropertyValueSpecification","valueRequired":true,"valueName":"search_term_string"}}],"inLanguage":"es"},{"@type":"Organization","@id":"https:\/\/panoramaciudadano.com\/#organization","name":"Panorama Ciudadano","url":"https:\/\/panoramaciudadano.com\/","logo":{"@type":"ImageObject","inLanguage":"es","@id":"https:\/\/panoramaciudadano.com\/#\/schema\/logo\/image\/","url":"https:\/\/panoramaciudadano.com\/wp-content\/uploads\/2024\/05\/401498640_919267042938564_6290593609399108733_n.jpg","contentUrl":"https:\/\/panoramaciudadano.com\/wp-content\/uploads\/2024\/05\/401498640_919267042938564_6290593609399108733_n.jpg","width":960,"height":957,"caption":"Panorama Ciudadano"},"image":{"@id":"https:\/\/panoramaciudadano.com\/#\/schema\/logo\/image\/"},"sameAs":["https:\/\/www.facebook.com\/panoramaciudadano"]},{"@type":"Person","@id":"https:\/\/panoramaciudadano.com\/#\/schema\/person\/ffe9fe8ef47d3a93977b5761fd9e0d96","name":"admin","image":{"@type":"ImageObject","inLanguage":"es","@id":"https:\/\/panoramaciudadano.com\/#\/schema\/person\/image\/","url":"https:\/\/secure.gravatar.com\/avatar\/2d5a12cacce3f18096f25fadea8abb7202fef18ed669595589853e84260ff451?s=96&d=mm&r=g","contentUrl":"https:\/\/secure.gravatar.com\/avatar\/2d5a12cacce3f18096f25fadea8abb7202fef18ed669595589853e84260ff451?s=96&d=mm&r=g","caption":"admin"},"sameAs":["https:\/\/panoramaciudadano.com"],"url":"https:\/\/panoramaciudadano.com\/index.php\/author\/admin_3q6hyqq3\/"}]}},"_links":{"self":[{"href":"https:\/\/panoramaciudadano.com\/index.php\/wp-json\/wp\/v2\/posts\/1000","targetHints":{"allow":["GET"]}}],"collection":[{"href":"https:\/\/panoramaciudadano.com\/index.php\/wp-json\/wp\/v2\/posts"}],"about":[{"href":"https:\/\/panoramaciudadano.com\/index.php\/wp-json\/wp\/v2\/types\/post"}],"author":[{"embeddable":true,"href":"https:\/\/panoramaciudadano.com\/index.php\/wp-json\/wp\/v2\/users\/1"}],"replies":[{"embeddable":true,"href":"https:\/\/panoramaciudadano.com\/index.php\/wp-json\/wp\/v2\/comments?post=1000"}],"version-history":[{"count":1,"href":"https:\/\/panoramaciudadano.com\/index.php\/wp-json\/wp\/v2\/posts\/1000\/revisions"}],"predecessor-version":[{"id":1002,"href":"https:\/\/panoramaciudadano.com\/index.php\/wp-json\/wp\/v2\/posts\/1000\/revisions\/1002"}],"wp:featuredmedia":[{"embeddable":true,"href":"https:\/\/panoramaciudadano.com\/index.php\/wp-json\/wp\/v2\/media\/1001"}],"wp:attachment":[{"href":"https:\/\/panoramaciudadano.com\/index.php\/wp-json\/wp\/v2\/media?parent=1000"}],"wp:term":[{"taxonomy":"category","embeddable":true,"href":"https:\/\/panoramaciudadano.com\/index.php\/wp-json\/wp\/v2\/categories?post=1000"},{"taxonomy":"post_tag","embeddable":true,"href":"https:\/\/panoramaciudadano.com\/index.php\/wp-json\/wp\/v2\/tags?post=1000"}],"curies":[{"name":"wp","href":"https:\/\/api.w.org\/{rel}","templated":true}]}}