{"id":1027,"date":"2024-07-02T14:25:48","date_gmt":"2024-07-02T14:25:48","guid":{"rendered":"https:\/\/panoramaciudadano.com\/?p=1027"},"modified":"2024-07-02T14:25:50","modified_gmt":"2024-07-02T14:25:50","slug":"buscara-una-medalla-olimpica-alegna-gonzalez-en-paris-2024","status":"publish","type":"post","link":"https:\/\/panoramaciudadano.com\/index.php\/2024\/07\/02\/buscara-una-medalla-olimpica-alegna-gonzalez-en-paris-2024\/","title":{"rendered":"Buscar\u00e1 una medalla ol\u00edmpica Alegna Gonz\u00e1lez, en Par\u00eds 2024"},"content":{"rendered":"\n<figure class=\"wp-block-image size-full\"><img decoding=\"async\" width=\"928\" height=\"527\" src=\"https:\/\/panoramaciudadano.com\/wp-content\/uploads\/2024\/07\/descarga.jpeg\" alt=\"\" class=\"wp-image-1028\" srcset=\"https:\/\/panoramaciudadano.com\/wp-content\/uploads\/2024\/07\/descarga.jpeg 928w, https:\/\/panoramaciudadano.com\/wp-content\/uploads\/2024\/07\/descarga-300x170.jpeg 300w, https:\/\/panoramaciudadano.com\/wp-content\/uploads\/2024\/07\/descarga-768x436.jpeg 768w\" sizes=\"(max-width: 928px) 100vw, 928px\" \/><\/figure>\n\n\n\n<p>La mexicana Alegna Gonz\u00e1lez pasa por su mejor momento de forma deportiva y ser\u00e1 candidata a medalla en la prueba de marcha de 20 kil\u00f3metros de los Juegos Ol\u00edmpicos de Par\u00eds 2024, asegur\u00f3 este lunes su entrenador, Ignacio Zamudio.<\/p>\n\n\n\n<blockquote class=\"wp-block-quote is-layout-flow wp-block-quote-is-layout-flow\">\n<p>\u00abEstamos trabajando para luchar por una medalla y que mejore su actuaci\u00f3n en Tokio 2020, donde fue quinto lugar; hemos trabajado para eso\u00bb.<\/p>\n<cite>Dijo a Efe el estratega<\/cite><\/blockquote>\n\n\n\n<p>Gonz\u00e1lez, de 25 a\u00f1os, fue segunda el pasado 18 de mayo en el Gran Premio de la Coru\u00f1a, donde puso su registro personal en 1h 26:57, con el cual aparece en el s\u00e9ptimo lugar de la clasificaci\u00f3n mundial a menos de un minuto de la ocupante del tercer puesto.<\/p>\n\n\n\n<blockquote class=\"wp-block-quote is-layout-flow wp-block-quote-is-layout-flow\">\n<p>\u00abLos tiempos son una muestra del nivel y una referencia. En Par\u00eds 2024 no se caminar\u00e1 en las mejores condiciones y nos preparamos para eso\u00bb.<\/p>\n<cite>Explic\u00f3 Zamudio<\/cite><\/blockquote>\n\n\n\n<p>Este fin de semana la mexicana gan\u00f3 el Campeonato Nacional de su pa\u00eds con un registro de 45:36.53 minutos en los 10 mil metros, en una prueba en la que la atleta se limit\u00f3 a caminar en el grupo puntero y s\u00f3lo aceler\u00f3 en el \u00faltimo kil\u00f3metro.<\/p>\n\n\n\n<p>Alegna fue quinta en los Mundiales de atletismo de Budapest del a\u00f1o pasado y es considerada junto a la peruana Kimberly Garc\u00eda, campeona mundial del 2022, como las dos esperanzas principales de Am\u00e9rica Latina en la prueba de 20 kil\u00f3metros.<\/p>\n\n\n\n<blockquote class=\"wp-block-quote is-layout-flow wp-block-quote-is-layout-flow\">\n<p>\u00abLa idea es que en Par\u00eds ella se mantenga en el pelot\u00f3n de adelante, atenta a los movimientos, lista para luchar en los \u00faltimos momentos, cuando se decidir\u00e1n las medallas\u00bb.<\/p>\n<\/blockquote>\n\n\n\n<p>Campeona mundial sub-20 en el 2018, Alegna lleg\u00f3 a los Ol\u00edmpicos de Tokio con poca experiencia en la prueba de 20 kil\u00f3metros. Desde entonces acumul\u00f3 mucho trabajo en sus piernas y tendr\u00e1 buenas posibilidades de aspirar a una presea.<\/p>\n\n\n\n<blockquote class=\"wp-block-quote is-layout-flow wp-block-quote-is-layout-flow\">\n<p>\u00abEn Tokio era nueva, le faltaba trabajo, pero hemos compensado esa parte y ella estar\u00e1 lista para estar fuerte en los \u00faltimos cuatro kil\u00f3metros\u00bb.<\/p>\n<\/blockquote>\n\n\n\n<p>Seg\u00fan Zamudio, la atleta est\u00e1 en su peso ideal, con confianza y lo que le falta para superarse a s\u00ed misma es el trabajo diario. Es la esperanza del atletismo de M\u00e9xico, pero no siente presi\u00f3n; m\u00e1s bien est\u00e1 concentrada y motivada para luchar por una medalla\u00bb, insisti\u00f3 el entrenador.<\/p>\n\n\n\n<p>M\u00e9xico participar\u00e1 en los Juegos Ol\u00edmpicos de Par\u00eds con poco menos de un centenar de deportistas que tendr\u00e1n buenas posibilidades de medallas en atletismo con Alegna Gonz\u00e1lez, en saltos, taekwondo, tiro con arco, tiro deportivo y, gimnasia, entre otras disciplinas.<\/p>\n\n\n\n<p>Hace cuatro a\u00f1os M\u00e9xico gan\u00f3 cuatro medallas de bronce y ahora la jefatura de la delegaci\u00f3n apunta a mejorar ese resultado.<\/p>\n","protected":false},"excerpt":{"rendered":"<p>La mexicana Alegna Gonz\u00e1lez pasa por su mejor momento de forma deportiva y ser\u00e1 candidata a medalla en la prueba de marcha de 20 kil\u00f3metros de los Juegos Ol\u00edmpicos de Par\u00eds 2024, asegur\u00f3 este lunes su entrenador, Ignacio Zamudio.<\/p>\n","protected":false},"author":1,"featured_media":1028,"comment_status":"open","ping_status":"closed","sticky":false,"template":"","format":"standard","meta":{"footnotes":""},"categories":[15],"tags":[620,224],"class_list":["post-1027","post","type-post","status-publish","format-standard","has-post-thumbnail","hentry","category-deportes","tag-alegna-gonzalez","tag-juegos-olimpicos-de-paris-2024"],"yoast_head":"<!-- This site is optimized with the Yoast SEO plugin v27.1.1 - https:\/\/yoast.com\/product\/yoast-seo-wordpress\/ -->\n<title>Buscar\u00e1 una medalla ol\u00edmpica Alegna Gonz\u00e1lez, en Par\u00eds 2024 - Panorama Ciudadano<\/title>\n<meta name=\"robots\" content=\"index, follow, max-snippet:-1, max-image-preview:large, max-video-preview:-1\" \/>\n<link rel=\"canonical\" href=\"https:\/\/panoramaciudadano.com\/index.php\/2024\/07\/02\/buscara-una-medalla-olimpica-alegna-gonzalez-en-paris-2024\/\" \/>\n<meta property=\"og:locale\" content=\"es_ES\" \/>\n<meta property=\"og:type\" content=\"article\" \/>\n<meta property=\"og:title\" content=\"Buscar\u00e1 una medalla ol\u00edmpica Alegna Gonz\u00e1lez, en Par\u00eds 2024 - Panorama Ciudadano\" \/>\n<meta property=\"og:description\" content=\"La mexicana Alegna Gonz\u00e1lez pasa por su mejor momento de forma deportiva y ser\u00e1 candidata a medalla en la prueba de marcha de 20 kil\u00f3metros de los Juegos Ol\u00edmpicos de Par\u00eds 2024, asegur\u00f3 este lunes su entrenador, Ignacio Zamudio.\" \/>\n<meta property=\"og:url\" content=\"https:\/\/panoramaciudadano.com\/index.php\/2024\/07\/02\/buscara-una-medalla-olimpica-alegna-gonzalez-en-paris-2024\/\" \/>\n<meta property=\"og:site_name\" content=\"Panorama Ciudadano\" \/>\n<meta property=\"article:publisher\" content=\"https:\/\/www.facebook.com\/panoramaciudadano\" \/>\n<meta property=\"article:published_time\" content=\"2024-07-02T14:25:48+00:00\" \/>\n<meta property=\"article:modified_time\" content=\"2024-07-02T14:25:50+00:00\" \/>\n<meta property=\"og:image\" content=\"https:\/\/panoramaciudadano.com\/wp-content\/uploads\/2024\/07\/descarga.jpeg\" \/>\n\t<meta property=\"og:image:width\" content=\"928\" \/>\n\t<meta property=\"og:image:height\" content=\"527\" \/>\n\t<meta property=\"og:image:type\" content=\"image\/jpeg\" \/>\n<meta name=\"author\" content=\"admin\" \/>\n<meta name=\"twitter:card\" content=\"summary_large_image\" \/>\n<meta name=\"twitter:label1\" content=\"Escrito por\" \/>\n\t<meta name=\"twitter:data1\" content=\"admin\" \/>\n\t<meta name=\"twitter:label2\" content=\"Tiempo de lectura\" \/>\n\t<meta name=\"twitter:data2\" content=\"2 minutos\" \/>\n<script type=\"application\/ld+json\" class=\"yoast-schema-graph\">{\"@context\":\"https:\/\/schema.org\",\"@graph\":[{\"@type\":\"Article\",\"@id\":\"https:\/\/panoramaciudadano.com\/index.php\/2024\/07\/02\/buscara-una-medalla-olimpica-alegna-gonzalez-en-paris-2024\/#article\",\"isPartOf\":{\"@id\":\"https:\/\/panoramaciudadano.com\/index.php\/2024\/07\/02\/buscara-una-medalla-olimpica-alegna-gonzalez-en-paris-2024\/\"},\"author\":{\"name\":\"admin\",\"@id\":\"https:\/\/panoramaciudadano.com\/#\/schema\/person\/ffe9fe8ef47d3a93977b5761fd9e0d96\"},\"headline\":\"Buscar\u00e1 una medalla ol\u00edmpica Alegna Gonz\u00e1lez, en Par\u00eds 2024\",\"datePublished\":\"2024-07-02T14:25:48+00:00\",\"dateModified\":\"2024-07-02T14:25:50+00:00\",\"mainEntityOfPage\":{\"@id\":\"https:\/\/panoramaciudadano.com\/index.php\/2024\/07\/02\/buscara-una-medalla-olimpica-alegna-gonzalez-en-paris-2024\/\"},\"wordCount\":468,\"commentCount\":0,\"publisher\":{\"@id\":\"https:\/\/panoramaciudadano.com\/#organization\"},\"image\":{\"@id\":\"https:\/\/panoramaciudadano.com\/index.php\/2024\/07\/02\/buscara-una-medalla-olimpica-alegna-gonzalez-en-paris-2024\/#primaryimage\"},\"thumbnailUrl\":\"https:\/\/panoramaciudadano.com\/wp-content\/uploads\/2024\/07\/descarga.jpeg\",\"keywords\":[\"Alegna Gonz\u00e1lez\",\"Juegos Ol\u00edmpicos de Par\u00eds 2024\"],\"articleSection\":[\"Deportes\"],\"inLanguage\":\"es\",\"potentialAction\":[{\"@type\":\"CommentAction\",\"name\":\"Comment\",\"target\":[\"https:\/\/panoramaciudadano.com\/index.php\/2024\/07\/02\/buscara-una-medalla-olimpica-alegna-gonzalez-en-paris-2024\/#respond\"]}]},{\"@type\":\"WebPage\",\"@id\":\"https:\/\/panoramaciudadano.com\/index.php\/2024\/07\/02\/buscara-una-medalla-olimpica-alegna-gonzalez-en-paris-2024\/\",\"url\":\"https:\/\/panoramaciudadano.com\/index.php\/2024\/07\/02\/buscara-una-medalla-olimpica-alegna-gonzalez-en-paris-2024\/\",\"name\":\"Buscar\u00e1 una medalla ol\u00edmpica Alegna Gonz\u00e1lez, en Par\u00eds 2024 - Panorama Ciudadano\",\"isPartOf\":{\"@id\":\"https:\/\/panoramaciudadano.com\/#website\"},\"primaryImageOfPage\":{\"@id\":\"https:\/\/panoramaciudadano.com\/index.php\/2024\/07\/02\/buscara-una-medalla-olimpica-alegna-gonzalez-en-paris-2024\/#primaryimage\"},\"image\":{\"@id\":\"https:\/\/panoramaciudadano.com\/index.php\/2024\/07\/02\/buscara-una-medalla-olimpica-alegna-gonzalez-en-paris-2024\/#primaryimage\"},\"thumbnailUrl\":\"https:\/\/panoramaciudadano.com\/wp-content\/uploads\/2024\/07\/descarga.jpeg\",\"datePublished\":\"2024-07-02T14:25:48+00:00\",\"dateModified\":\"2024-07-02T14:25:50+00:00\",\"breadcrumb\":{\"@id\":\"https:\/\/panoramaciudadano.com\/index.php\/2024\/07\/02\/buscara-una-medalla-olimpica-alegna-gonzalez-en-paris-2024\/#breadcrumb\"},\"inLanguage\":\"es\",\"potentialAction\":[{\"@type\":\"ReadAction\",\"target\":[\"https:\/\/panoramaciudadano.com\/index.php\/2024\/07\/02\/buscara-una-medalla-olimpica-alegna-gonzalez-en-paris-2024\/\"]}]},{\"@type\":\"ImageObject\",\"inLanguage\":\"es\",\"@id\":\"https:\/\/panoramaciudadano.com\/index.php\/2024\/07\/02\/buscara-una-medalla-olimpica-alegna-gonzalez-en-paris-2024\/#primaryimage\",\"url\":\"https:\/\/panoramaciudadano.com\/wp-content\/uploads\/2024\/07\/descarga.jpeg\",\"contentUrl\":\"https:\/\/panoramaciudadano.com\/wp-content\/uploads\/2024\/07\/descarga.jpeg\",\"width\":928,\"height\":527},{\"@type\":\"BreadcrumbList\",\"@id\":\"https:\/\/panoramaciudadano.com\/index.php\/2024\/07\/02\/buscara-una-medalla-olimpica-alegna-gonzalez-en-paris-2024\/#breadcrumb\",\"itemListElement\":[{\"@type\":\"ListItem\",\"position\":1,\"name\":\"Portada\",\"item\":\"https:\/\/panoramaciudadano.com\/\"},{\"@type\":\"ListItem\",\"position\":2,\"name\":\"Buscar\u00e1 una medalla ol\u00edmpica Alegna Gonz\u00e1lez, en Par\u00eds 2024\"}]},{\"@type\":\"WebSite\",\"@id\":\"https:\/\/panoramaciudadano.com\/#website\",\"url\":\"https:\/\/panoramaciudadano.com\/\",\"name\":\"Panorama Ciudadano\",\"description\":\"\",\"publisher\":{\"@id\":\"https:\/\/panoramaciudadano.com\/#organization\"},\"potentialAction\":[{\"@type\":\"SearchAction\",\"target\":{\"@type\":\"EntryPoint\",\"urlTemplate\":\"https:\/\/panoramaciudadano.com\/?s={search_term_string}\"},\"query-input\":{\"@type\":\"PropertyValueSpecification\",\"valueRequired\":true,\"valueName\":\"search_term_string\"}}],\"inLanguage\":\"es\"},{\"@type\":\"Organization\",\"@id\":\"https:\/\/panoramaciudadano.com\/#organization\",\"name\":\"Panorama Ciudadano\",\"url\":\"https:\/\/panoramaciudadano.com\/\",\"logo\":{\"@type\":\"ImageObject\",\"inLanguage\":\"es\",\"@id\":\"https:\/\/panoramaciudadano.com\/#\/schema\/logo\/image\/\",\"url\":\"https:\/\/panoramaciudadano.com\/wp-content\/uploads\/2024\/05\/401498640_919267042938564_6290593609399108733_n.jpg\",\"contentUrl\":\"https:\/\/panoramaciudadano.com\/wp-content\/uploads\/2024\/05\/401498640_919267042938564_6290593609399108733_n.jpg\",\"width\":960,\"height\":957,\"caption\":\"Panorama Ciudadano\"},\"image\":{\"@id\":\"https:\/\/panoramaciudadano.com\/#\/schema\/logo\/image\/\"},\"sameAs\":[\"https:\/\/www.facebook.com\/panoramaciudadano\"]},{\"@type\":\"Person\",\"@id\":\"https:\/\/panoramaciudadano.com\/#\/schema\/person\/ffe9fe8ef47d3a93977b5761fd9e0d96\",\"name\":\"admin\",\"image\":{\"@type\":\"ImageObject\",\"inLanguage\":\"es\",\"@id\":\"https:\/\/panoramaciudadano.com\/#\/schema\/person\/image\/\",\"url\":\"https:\/\/secure.gravatar.com\/avatar\/2d5a12cacce3f18096f25fadea8abb7202fef18ed669595589853e84260ff451?s=96&d=mm&r=g\",\"contentUrl\":\"https:\/\/secure.gravatar.com\/avatar\/2d5a12cacce3f18096f25fadea8abb7202fef18ed669595589853e84260ff451?s=96&d=mm&r=g\",\"caption\":\"admin\"},\"sameAs\":[\"https:\/\/panoramaciudadano.com\"],\"url\":\"https:\/\/panoramaciudadano.com\/index.php\/author\/admin_3q6hyqq3\/\"}]}<\/script>\n<!-- \/ Yoast SEO plugin. -->","yoast_head_json":{"title":"Buscar\u00e1 una medalla ol\u00edmpica Alegna Gonz\u00e1lez, en Par\u00eds 2024 - Panorama Ciudadano","robots":{"index":"index","follow":"follow","max-snippet":"max-snippet:-1","max-image-preview":"max-image-preview:large","max-video-preview":"max-video-preview:-1"},"canonical":"https:\/\/panoramaciudadano.com\/index.php\/2024\/07\/02\/buscara-una-medalla-olimpica-alegna-gonzalez-en-paris-2024\/","og_locale":"es_ES","og_type":"article","og_title":"Buscar\u00e1 una medalla ol\u00edmpica Alegna Gonz\u00e1lez, en Par\u00eds 2024 - Panorama Ciudadano","og_description":"La mexicana Alegna Gonz\u00e1lez pasa por su mejor momento de forma deportiva y ser\u00e1 candidata a medalla en la prueba de marcha de 20 kil\u00f3metros de los Juegos Ol\u00edmpicos de Par\u00eds 2024, asegur\u00f3 este lunes su entrenador, Ignacio Zamudio.","og_url":"https:\/\/panoramaciudadano.com\/index.php\/2024\/07\/02\/buscara-una-medalla-olimpica-alegna-gonzalez-en-paris-2024\/","og_site_name":"Panorama Ciudadano","article_publisher":"https:\/\/www.facebook.com\/panoramaciudadano","article_published_time":"2024-07-02T14:25:48+00:00","article_modified_time":"2024-07-02T14:25:50+00:00","og_image":[{"width":928,"height":527,"url":"https:\/\/panoramaciudadano.com\/wp-content\/uploads\/2024\/07\/descarga.jpeg","type":"image\/jpeg"}],"author":"admin","twitter_card":"summary_large_image","twitter_misc":{"Escrito por":"admin","Tiempo de lectura":"2 minutos"},"schema":{"@context":"https:\/\/schema.org","@graph":[{"@type":"Article","@id":"https:\/\/panoramaciudadano.com\/index.php\/2024\/07\/02\/buscara-una-medalla-olimpica-alegna-gonzalez-en-paris-2024\/#article","isPartOf":{"@id":"https:\/\/panoramaciudadano.com\/index.php\/2024\/07\/02\/buscara-una-medalla-olimpica-alegna-gonzalez-en-paris-2024\/"},"author":{"name":"admin","@id":"https:\/\/panoramaciudadano.com\/#\/schema\/person\/ffe9fe8ef47d3a93977b5761fd9e0d96"},"headline":"Buscar\u00e1 una medalla ol\u00edmpica Alegna Gonz\u00e1lez, en Par\u00eds 2024","datePublished":"2024-07-02T14:25:48+00:00","dateModified":"2024-07-02T14:25:50+00:00","mainEntityOfPage":{"@id":"https:\/\/panoramaciudadano.com\/index.php\/2024\/07\/02\/buscara-una-medalla-olimpica-alegna-gonzalez-en-paris-2024\/"},"wordCount":468,"commentCount":0,"publisher":{"@id":"https:\/\/panoramaciudadano.com\/#organization"},"image":{"@id":"https:\/\/panoramaciudadano.com\/index.php\/2024\/07\/02\/buscara-una-medalla-olimpica-alegna-gonzalez-en-paris-2024\/#primaryimage"},"thumbnailUrl":"https:\/\/panoramaciudadano.com\/wp-content\/uploads\/2024\/07\/descarga.jpeg","keywords":["Alegna Gonz\u00e1lez","Juegos Ol\u00edmpicos de Par\u00eds 2024"],"articleSection":["Deportes"],"inLanguage":"es","potentialAction":[{"@type":"CommentAction","name":"Comment","target":["https:\/\/panoramaciudadano.com\/index.php\/2024\/07\/02\/buscara-una-medalla-olimpica-alegna-gonzalez-en-paris-2024\/#respond"]}]},{"@type":"WebPage","@id":"https:\/\/panoramaciudadano.com\/index.php\/2024\/07\/02\/buscara-una-medalla-olimpica-alegna-gonzalez-en-paris-2024\/","url":"https:\/\/panoramaciudadano.com\/index.php\/2024\/07\/02\/buscara-una-medalla-olimpica-alegna-gonzalez-en-paris-2024\/","name":"Buscar\u00e1 una medalla ol\u00edmpica Alegna Gonz\u00e1lez, en Par\u00eds 2024 - Panorama Ciudadano","isPartOf":{"@id":"https:\/\/panoramaciudadano.com\/#website"},"primaryImageOfPage":{"@id":"https:\/\/panoramaciudadano.com\/index.php\/2024\/07\/02\/buscara-una-medalla-olimpica-alegna-gonzalez-en-paris-2024\/#primaryimage"},"image":{"@id":"https:\/\/panoramaciudadano.com\/index.php\/2024\/07\/02\/buscara-una-medalla-olimpica-alegna-gonzalez-en-paris-2024\/#primaryimage"},"thumbnailUrl":"https:\/\/panoramaciudadano.com\/wp-content\/uploads\/2024\/07\/descarga.jpeg","datePublished":"2024-07-02T14:25:48+00:00","dateModified":"2024-07-02T14:25:50+00:00","breadcrumb":{"@id":"https:\/\/panoramaciudadano.com\/index.php\/2024\/07\/02\/buscara-una-medalla-olimpica-alegna-gonzalez-en-paris-2024\/#breadcrumb"},"inLanguage":"es","potentialAction":[{"@type":"ReadAction","target":["https:\/\/panoramaciudadano.com\/index.php\/2024\/07\/02\/buscara-una-medalla-olimpica-alegna-gonzalez-en-paris-2024\/"]}]},{"@type":"ImageObject","inLanguage":"es","@id":"https:\/\/panoramaciudadano.com\/index.php\/2024\/07\/02\/buscara-una-medalla-olimpica-alegna-gonzalez-en-paris-2024\/#primaryimage","url":"https:\/\/panoramaciudadano.com\/wp-content\/uploads\/2024\/07\/descarga.jpeg","contentUrl":"https:\/\/panoramaciudadano.com\/wp-content\/uploads\/2024\/07\/descarga.jpeg","width":928,"height":527},{"@type":"BreadcrumbList","@id":"https:\/\/panoramaciudadano.com\/index.php\/2024\/07\/02\/buscara-una-medalla-olimpica-alegna-gonzalez-en-paris-2024\/#breadcrumb","itemListElement":[{"@type":"ListItem","position":1,"name":"Portada","item":"https:\/\/panoramaciudadano.com\/"},{"@type":"ListItem","position":2,"name":"Buscar\u00e1 una medalla ol\u00edmpica Alegna Gonz\u00e1lez, en Par\u00eds 2024"}]},{"@type":"WebSite","@id":"https:\/\/panoramaciudadano.com\/#website","url":"https:\/\/panoramaciudadano.com\/","name":"Panorama Ciudadano","description":"","publisher":{"@id":"https:\/\/panoramaciudadano.com\/#organization"},"potentialAction":[{"@type":"SearchAction","target":{"@type":"EntryPoint","urlTemplate":"https:\/\/panoramaciudadano.com\/?s={search_term_string}"},"query-input":{"@type":"PropertyValueSpecification","valueRequired":true,"valueName":"search_term_string"}}],"inLanguage":"es"},{"@type":"Organization","@id":"https:\/\/panoramaciudadano.com\/#organization","name":"Panorama Ciudadano","url":"https:\/\/panoramaciudadano.com\/","logo":{"@type":"ImageObject","inLanguage":"es","@id":"https:\/\/panoramaciudadano.com\/#\/schema\/logo\/image\/","url":"https:\/\/panoramaciudadano.com\/wp-content\/uploads\/2024\/05\/401498640_919267042938564_6290593609399108733_n.jpg","contentUrl":"https:\/\/panoramaciudadano.com\/wp-content\/uploads\/2024\/05\/401498640_919267042938564_6290593609399108733_n.jpg","width":960,"height":957,"caption":"Panorama Ciudadano"},"image":{"@id":"https:\/\/panoramaciudadano.com\/#\/schema\/logo\/image\/"},"sameAs":["https:\/\/www.facebook.com\/panoramaciudadano"]},{"@type":"Person","@id":"https:\/\/panoramaciudadano.com\/#\/schema\/person\/ffe9fe8ef47d3a93977b5761fd9e0d96","name":"admin","image":{"@type":"ImageObject","inLanguage":"es","@id":"https:\/\/panoramaciudadano.com\/#\/schema\/person\/image\/","url":"https:\/\/secure.gravatar.com\/avatar\/2d5a12cacce3f18096f25fadea8abb7202fef18ed669595589853e84260ff451?s=96&d=mm&r=g","contentUrl":"https:\/\/secure.gravatar.com\/avatar\/2d5a12cacce3f18096f25fadea8abb7202fef18ed669595589853e84260ff451?s=96&d=mm&r=g","caption":"admin"},"sameAs":["https:\/\/panoramaciudadano.com"],"url":"https:\/\/panoramaciudadano.com\/index.php\/author\/admin_3q6hyqq3\/"}]}},"_links":{"self":[{"href":"https:\/\/panoramaciudadano.com\/index.php\/wp-json\/wp\/v2\/posts\/1027","targetHints":{"allow":["GET"]}}],"collection":[{"href":"https:\/\/panoramaciudadano.com\/index.php\/wp-json\/wp\/v2\/posts"}],"about":[{"href":"https:\/\/panoramaciudadano.com\/index.php\/wp-json\/wp\/v2\/types\/post"}],"author":[{"embeddable":true,"href":"https:\/\/panoramaciudadano.com\/index.php\/wp-json\/wp\/v2\/users\/1"}],"replies":[{"embeddable":true,"href":"https:\/\/panoramaciudadano.com\/index.php\/wp-json\/wp\/v2\/comments?post=1027"}],"version-history":[{"count":1,"href":"https:\/\/panoramaciudadano.com\/index.php\/wp-json\/wp\/v2\/posts\/1027\/revisions"}],"predecessor-version":[{"id":1029,"href":"https:\/\/panoramaciudadano.com\/index.php\/wp-json\/wp\/v2\/posts\/1027\/revisions\/1029"}],"wp:featuredmedia":[{"embeddable":true,"href":"https:\/\/panoramaciudadano.com\/index.php\/wp-json\/wp\/v2\/media\/1028"}],"wp:attachment":[{"href":"https:\/\/panoramaciudadano.com\/index.php\/wp-json\/wp\/v2\/media?parent=1027"}],"wp:term":[{"taxonomy":"category","embeddable":true,"href":"https:\/\/panoramaciudadano.com\/index.php\/wp-json\/wp\/v2\/categories?post=1027"},{"taxonomy":"post_tag","embeddable":true,"href":"https:\/\/panoramaciudadano.com\/index.php\/wp-json\/wp\/v2\/tags?post=1027"}],"curies":[{"name":"wp","href":"https:\/\/api.w.org\/{rel}","templated":true}]}}