{"id":1063,"date":"2024-07-03T13:29:44","date_gmt":"2024-07-03T13:29:44","guid":{"rendered":"https:\/\/panoramaciudadano.com\/?p=1063"},"modified":"2024-07-03T13:29:46","modified_gmt":"2024-07-03T13:29:46","slug":"suspenden-clases-en-todo-quintana-roo-este-jueves-y-viernes-ante-avance-del-huracan-beryl","status":"publish","type":"post","link":"https:\/\/panoramaciudadano.com\/index.php\/2024\/07\/03\/suspenden-clases-en-todo-quintana-roo-este-jueves-y-viernes-ante-avance-del-huracan-beryl\/","title":{"rendered":"Suspenden clases en todo Quintana Roo este jueves y viernes ante avance del hurac\u00e1n Beryl"},"content":{"rendered":"\n<figure class=\"wp-block-image size-large\"><img decoding=\"async\" width=\"1024\" height=\"576\" src=\"https:\/\/panoramaciudadano.com\/wp-content\/uploads\/2024\/07\/image-1-1024x576.png\" alt=\"\" class=\"wp-image-1064\" srcset=\"https:\/\/panoramaciudadano.com\/wp-content\/uploads\/2024\/07\/image-1-1024x576.png 1024w, https:\/\/panoramaciudadano.com\/wp-content\/uploads\/2024\/07\/image-1-300x169.png 300w, https:\/\/panoramaciudadano.com\/wp-content\/uploads\/2024\/07\/image-1-768x432.png 768w, https:\/\/panoramaciudadano.com\/wp-content\/uploads\/2024\/07\/image-1.png 1280w\" sizes=\"(max-width: 1024px) 100vw, 1024px\" \/><\/figure>\n\n\n\n<p>Por instrucciones de la gobernadora Mara Lezama Espinosa, se suspenden las clases en todos los niveles educativos del estado los d\u00edas jueves 4 y viernes 5 de julio, ante la posible llegada del hurac\u00e1n \u201cBeryl\u201d. Esta decisi\u00f3n se ha tomado como medida preventiva para asegurar la protecci\u00f3n y el bienestar de estudiantes, docentes y personal administrativo, ante la amenaza de enfrentar condiciones clim\u00e1ticas adversas.<\/p>\n\n\n\n<figure class=\"wp-block-embed is-type-rich is-provider-twitter wp-block-embed-twitter\"><div class=\"wp-block-embed__wrapper\">\n<blockquote class=\"twitter-tweet\" data-width=\"550\" data-dnt=\"true\"><p lang=\"es\" dir=\"ltr\">La gobernadora <a href=\"https:\/\/twitter.com\/MaraLezama?ref_src=twsrc%5Etfw\">@MaraLezama<\/a> anuncia la suspensi\u00f3n de clases para este jueves y viernes en todo el estado, debido al impacto del hurac\u00e1n <a href=\"https:\/\/twitter.com\/hashtag\/Beryl?src=hash&amp;ref_src=twsrc%5Etfw\">#Beryl<\/a>  a la pen\u00ednsula de <a href=\"https:\/\/twitter.com\/hashtag\/Yucat%C3%A1n?src=hash&amp;ref_src=twsrc%5Etfw\">#Yucat\u00e1n<\/a> <a href=\"https:\/\/t.co\/oJ0TJt3dlZ\">pic.twitter.com\/oJ0TJt3dlZ<\/a><\/p>&mdash; Enlace SQCS (@sqcsnoticias) <a href=\"https:\/\/twitter.com\/sqcsnoticias\/status\/1808336605335142825?ref_src=twsrc%5Etfw\">July 3, 2024<\/a><\/blockquote><script async src=\"https:\/\/platform.twitter.com\/widgets.js\" charset=\"utf-8\"><\/script>\n<\/div><\/figure>\n\n\n\n<p>\u201cEl hurac\u00e1n \u201cBeryl\u201d representa un riesgo significativo para nuestra regi\u00f3n, y es esencial que todos los ciudadanos tomen las precauciones necesarias. La suspensi\u00f3n de clases tambi\u00e9n permitir\u00e1 que las escuelas sean preparadas como refugios temporales, garantizando as\u00ed que las instalaciones est\u00e9n adecuadamente equipadas para recibir a las personas que requieran un albergue seguro durante la emergencia\u201d, dijo el secretario de Educaci\u00f3n en Quintana Roo, Carlos Gorocica Moreno.<a href=\"https:\/\/quintafuerza.mx\/wp-content\/uploads\/2024\/07\/comunicado.jpg\"><\/a><\/p>\n\n\n\n<figure class=\"wp-block-image size-large is-resized\"><img decoding=\"async\" width=\"768\" height=\"1024\" src=\"https:\/\/panoramaciudadano.com\/wp-content\/uploads\/2024\/07\/comunicado-768x1024.webp\" alt=\"\" class=\"wp-image-1065\" style=\"width:500px\" srcset=\"https:\/\/panoramaciudadano.com\/wp-content\/uploads\/2024\/07\/comunicado-768x1024.webp 768w, https:\/\/panoramaciudadano.com\/wp-content\/uploads\/2024\/07\/comunicado-225x300.webp 225w, https:\/\/panoramaciudadano.com\/wp-content\/uploads\/2024\/07\/comunicado.webp 828w\" sizes=\"(max-width: 768px) 100vw, 768px\" \/><\/figure>\n\n\n\n<p>Asimismo dijo que pidi\u00f3 a la poblaci\u00f3n mantenerse atenta a los comunicados oficiales de la Coordinaci\u00f3n Estatal de Protecci\u00f3n Civil del Gobierno del Estado, ya que es fundamental seguir las indicaciones y estar informados a trav\u00e9s de los medios oficiales para tomar decisiones certeras y garantizar la seguridad de todos los miembros de nuestra comunidad.<\/p>\n\n\n\n<p>\u201cAgradecemos su comprensi\u00f3n y colaboraci\u00f3n en estos momentos cr\u00edticos. La seguridad de todos es nuestra prioridad, juntos podemos enfrentar esta situaci\u00f3n de manera organizada y solidaria. Mant\u00e9nganse atentos y sigan las recomendaciones de las autoridades para protegerse a s\u00ed mismos y a sus seres queridos\u201d, dijo Gorocica Moreno.<\/p>\n\n\n\n<p>Con informaci\u00f3n de: CGC.QROO<\/p>\n","protected":false},"excerpt":{"rendered":"<p>Por instrucciones de la gobernadora Mara Lezama Espinosa, se suspenden las clases en todos los niveles educativos del estado los d\u00edas jueves 4 y viernes 5 de julio, ante la posible llegada del hurac\u00e1n \u201cBeryl\u201d. Esta decisi\u00f3n se ha tomado como medida preventiva para asegurar la protecci\u00f3n y el bienestar de estudiantes, docentes y personal administrativo, ante la amenaza de enfrentar condiciones clim\u00e1ticas adversas.<\/p>\n","protected":false},"author":1,"featured_media":1064,"comment_status":"open","ping_status":"closed","sticky":false,"template":"","format":"standard","meta":{"footnotes":""},"categories":[5],"tags":[458,611,259],"class_list":["post-1063","post","type-post","status-publish","format-standard","has-post-thumbnail","hentry","category-quintana-roo","tag-carlos-gorocica-moreno","tag-huracan-beryl","tag-mara-lezama"],"yoast_head":"<!-- This site is optimized with the Yoast SEO plugin v27.1.1 - https:\/\/yoast.com\/product\/yoast-seo-wordpress\/ -->\n<title>Suspenden clases en todo Quintana Roo este jueves y viernes ante avance del hurac\u00e1n Beryl - Panorama Ciudadano<\/title>\n<meta name=\"robots\" content=\"index, follow, max-snippet:-1, max-image-preview:large, max-video-preview:-1\" \/>\n<link rel=\"canonical\" href=\"https:\/\/panoramaciudadano.com\/index.php\/2024\/07\/03\/suspenden-clases-en-todo-quintana-roo-este-jueves-y-viernes-ante-avance-del-huracan-beryl\/\" \/>\n<meta property=\"og:locale\" content=\"es_ES\" \/>\n<meta property=\"og:type\" content=\"article\" \/>\n<meta property=\"og:title\" content=\"Suspenden clases en todo Quintana Roo este jueves y viernes ante avance del hurac\u00e1n Beryl - Panorama Ciudadano\" \/>\n<meta property=\"og:description\" content=\"Por instrucciones de la gobernadora Mara Lezama Espinosa, se suspenden las clases en todos los niveles educativos del estado los d\u00edas jueves 4 y viernes 5 de julio, ante la posible llegada del hurac\u00e1n \u201cBeryl\u201d. Esta decisi\u00f3n se ha tomado como medida preventiva para asegurar la protecci\u00f3n y el bienestar de estudiantes, docentes y personal administrativo, ante la amenaza de enfrentar condiciones clim\u00e1ticas adversas.\" \/>\n<meta property=\"og:url\" content=\"https:\/\/panoramaciudadano.com\/index.php\/2024\/07\/03\/suspenden-clases-en-todo-quintana-roo-este-jueves-y-viernes-ante-avance-del-huracan-beryl\/\" \/>\n<meta property=\"og:site_name\" content=\"Panorama Ciudadano\" \/>\n<meta property=\"article:publisher\" content=\"https:\/\/www.facebook.com\/panoramaciudadano\" \/>\n<meta property=\"article:published_time\" content=\"2024-07-03T13:29:44+00:00\" \/>\n<meta property=\"article:modified_time\" content=\"2024-07-03T13:29:46+00:00\" \/>\n<meta property=\"og:image\" content=\"https:\/\/panoramaciudadano.com\/wp-content\/uploads\/2024\/07\/image-1.png\" \/>\n\t<meta property=\"og:image:width\" content=\"1280\" \/>\n\t<meta property=\"og:image:height\" content=\"720\" \/>\n\t<meta property=\"og:image:type\" content=\"image\/png\" \/>\n<meta name=\"author\" content=\"admin\" \/>\n<meta name=\"twitter:card\" content=\"summary_large_image\" \/>\n<meta name=\"twitter:label1\" content=\"Escrito por\" \/>\n\t<meta name=\"twitter:data1\" content=\"admin\" \/>\n\t<meta name=\"twitter:label2\" content=\"Tiempo de lectura\" \/>\n\t<meta name=\"twitter:data2\" content=\"2 minutos\" \/>\n<script type=\"application\/ld+json\" class=\"yoast-schema-graph\">{\"@context\":\"https:\/\/schema.org\",\"@graph\":[{\"@type\":\"Article\",\"@id\":\"https:\/\/panoramaciudadano.com\/index.php\/2024\/07\/03\/suspenden-clases-en-todo-quintana-roo-este-jueves-y-viernes-ante-avance-del-huracan-beryl\/#article\",\"isPartOf\":{\"@id\":\"https:\/\/panoramaciudadano.com\/index.php\/2024\/07\/03\/suspenden-clases-en-todo-quintana-roo-este-jueves-y-viernes-ante-avance-del-huracan-beryl\/\"},\"author\":{\"name\":\"admin\",\"@id\":\"https:\/\/panoramaciudadano.com\/#\/schema\/person\/ffe9fe8ef47d3a93977b5761fd9e0d96\"},\"headline\":\"Suspenden clases en todo Quintana Roo este jueves y viernes ante avance del hurac\u00e1n Beryl\",\"datePublished\":\"2024-07-03T13:29:44+00:00\",\"dateModified\":\"2024-07-03T13:29:46+00:00\",\"mainEntityOfPage\":{\"@id\":\"https:\/\/panoramaciudadano.com\/index.php\/2024\/07\/03\/suspenden-clases-en-todo-quintana-roo-este-jueves-y-viernes-ante-avance-del-huracan-beryl\/\"},\"wordCount\":312,\"commentCount\":0,\"publisher\":{\"@id\":\"https:\/\/panoramaciudadano.com\/#organization\"},\"image\":{\"@id\":\"https:\/\/panoramaciudadano.com\/index.php\/2024\/07\/03\/suspenden-clases-en-todo-quintana-roo-este-jueves-y-viernes-ante-avance-del-huracan-beryl\/#primaryimage\"},\"thumbnailUrl\":\"https:\/\/panoramaciudadano.com\/wp-content\/uploads\/2024\/07\/image-1.png\",\"keywords\":[\"Carlos Gorocica Moreno\",\"Hurac\u00e1n Beryl\",\"Mara Lezama\"],\"articleSection\":[\"Quintana Roo\"],\"inLanguage\":\"es\",\"potentialAction\":[{\"@type\":\"CommentAction\",\"name\":\"Comment\",\"target\":[\"https:\/\/panoramaciudadano.com\/index.php\/2024\/07\/03\/suspenden-clases-en-todo-quintana-roo-este-jueves-y-viernes-ante-avance-del-huracan-beryl\/#respond\"]}]},{\"@type\":\"WebPage\",\"@id\":\"https:\/\/panoramaciudadano.com\/index.php\/2024\/07\/03\/suspenden-clases-en-todo-quintana-roo-este-jueves-y-viernes-ante-avance-del-huracan-beryl\/\",\"url\":\"https:\/\/panoramaciudadano.com\/index.php\/2024\/07\/03\/suspenden-clases-en-todo-quintana-roo-este-jueves-y-viernes-ante-avance-del-huracan-beryl\/\",\"name\":\"Suspenden clases en todo Quintana Roo este jueves y viernes ante avance del hurac\u00e1n Beryl - Panorama Ciudadano\",\"isPartOf\":{\"@id\":\"https:\/\/panoramaciudadano.com\/#website\"},\"primaryImageOfPage\":{\"@id\":\"https:\/\/panoramaciudadano.com\/index.php\/2024\/07\/03\/suspenden-clases-en-todo-quintana-roo-este-jueves-y-viernes-ante-avance-del-huracan-beryl\/#primaryimage\"},\"image\":{\"@id\":\"https:\/\/panoramaciudadano.com\/index.php\/2024\/07\/03\/suspenden-clases-en-todo-quintana-roo-este-jueves-y-viernes-ante-avance-del-huracan-beryl\/#primaryimage\"},\"thumbnailUrl\":\"https:\/\/panoramaciudadano.com\/wp-content\/uploads\/2024\/07\/image-1.png\",\"datePublished\":\"2024-07-03T13:29:44+00:00\",\"dateModified\":\"2024-07-03T13:29:46+00:00\",\"breadcrumb\":{\"@id\":\"https:\/\/panoramaciudadano.com\/index.php\/2024\/07\/03\/suspenden-clases-en-todo-quintana-roo-este-jueves-y-viernes-ante-avance-del-huracan-beryl\/#breadcrumb\"},\"inLanguage\":\"es\",\"potentialAction\":[{\"@type\":\"ReadAction\",\"target\":[\"https:\/\/panoramaciudadano.com\/index.php\/2024\/07\/03\/suspenden-clases-en-todo-quintana-roo-este-jueves-y-viernes-ante-avance-del-huracan-beryl\/\"]}]},{\"@type\":\"ImageObject\",\"inLanguage\":\"es\",\"@id\":\"https:\/\/panoramaciudadano.com\/index.php\/2024\/07\/03\/suspenden-clases-en-todo-quintana-roo-este-jueves-y-viernes-ante-avance-del-huracan-beryl\/#primaryimage\",\"url\":\"https:\/\/panoramaciudadano.com\/wp-content\/uploads\/2024\/07\/image-1.png\",\"contentUrl\":\"https:\/\/panoramaciudadano.com\/wp-content\/uploads\/2024\/07\/image-1.png\",\"width\":1280,\"height\":720},{\"@type\":\"BreadcrumbList\",\"@id\":\"https:\/\/panoramaciudadano.com\/index.php\/2024\/07\/03\/suspenden-clases-en-todo-quintana-roo-este-jueves-y-viernes-ante-avance-del-huracan-beryl\/#breadcrumb\",\"itemListElement\":[{\"@type\":\"ListItem\",\"position\":1,\"name\":\"Portada\",\"item\":\"https:\/\/panoramaciudadano.com\/\"},{\"@type\":\"ListItem\",\"position\":2,\"name\":\"Suspenden clases en todo Quintana Roo este jueves y viernes ante avance del hurac\u00e1n Beryl\"}]},{\"@type\":\"WebSite\",\"@id\":\"https:\/\/panoramaciudadano.com\/#website\",\"url\":\"https:\/\/panoramaciudadano.com\/\",\"name\":\"Panorama Ciudadano\",\"description\":\"\",\"publisher\":{\"@id\":\"https:\/\/panoramaciudadano.com\/#organization\"},\"potentialAction\":[{\"@type\":\"SearchAction\",\"target\":{\"@type\":\"EntryPoint\",\"urlTemplate\":\"https:\/\/panoramaciudadano.com\/?s={search_term_string}\"},\"query-input\":{\"@type\":\"PropertyValueSpecification\",\"valueRequired\":true,\"valueName\":\"search_term_string\"}}],\"inLanguage\":\"es\"},{\"@type\":\"Organization\",\"@id\":\"https:\/\/panoramaciudadano.com\/#organization\",\"name\":\"Panorama Ciudadano\",\"url\":\"https:\/\/panoramaciudadano.com\/\",\"logo\":{\"@type\":\"ImageObject\",\"inLanguage\":\"es\",\"@id\":\"https:\/\/panoramaciudadano.com\/#\/schema\/logo\/image\/\",\"url\":\"https:\/\/panoramaciudadano.com\/wp-content\/uploads\/2024\/05\/401498640_919267042938564_6290593609399108733_n.jpg\",\"contentUrl\":\"https:\/\/panoramaciudadano.com\/wp-content\/uploads\/2024\/05\/401498640_919267042938564_6290593609399108733_n.jpg\",\"width\":960,\"height\":957,\"caption\":\"Panorama Ciudadano\"},\"image\":{\"@id\":\"https:\/\/panoramaciudadano.com\/#\/schema\/logo\/image\/\"},\"sameAs\":[\"https:\/\/www.facebook.com\/panoramaciudadano\"]},{\"@type\":\"Person\",\"@id\":\"https:\/\/panoramaciudadano.com\/#\/schema\/person\/ffe9fe8ef47d3a93977b5761fd9e0d96\",\"name\":\"admin\",\"image\":{\"@type\":\"ImageObject\",\"inLanguage\":\"es\",\"@id\":\"https:\/\/panoramaciudadano.com\/#\/schema\/person\/image\/\",\"url\":\"https:\/\/secure.gravatar.com\/avatar\/2d5a12cacce3f18096f25fadea8abb7202fef18ed669595589853e84260ff451?s=96&d=mm&r=g\",\"contentUrl\":\"https:\/\/secure.gravatar.com\/avatar\/2d5a12cacce3f18096f25fadea8abb7202fef18ed669595589853e84260ff451?s=96&d=mm&r=g\",\"caption\":\"admin\"},\"sameAs\":[\"https:\/\/panoramaciudadano.com\"],\"url\":\"https:\/\/panoramaciudadano.com\/index.php\/author\/admin_3q6hyqq3\/\"}]}<\/script>\n<!-- \/ Yoast SEO plugin. -->","yoast_head_json":{"title":"Suspenden clases en todo Quintana Roo este jueves y viernes ante avance del hurac\u00e1n Beryl - Panorama Ciudadano","robots":{"index":"index","follow":"follow","max-snippet":"max-snippet:-1","max-image-preview":"max-image-preview:large","max-video-preview":"max-video-preview:-1"},"canonical":"https:\/\/panoramaciudadano.com\/index.php\/2024\/07\/03\/suspenden-clases-en-todo-quintana-roo-este-jueves-y-viernes-ante-avance-del-huracan-beryl\/","og_locale":"es_ES","og_type":"article","og_title":"Suspenden clases en todo Quintana Roo este jueves y viernes ante avance del hurac\u00e1n Beryl - Panorama Ciudadano","og_description":"Por instrucciones de la gobernadora Mara Lezama Espinosa, se suspenden las clases en todos los niveles educativos del estado los d\u00edas jueves 4 y viernes 5 de julio, ante la posible llegada del hurac\u00e1n \u201cBeryl\u201d. Esta decisi\u00f3n se ha tomado como medida preventiva para asegurar la protecci\u00f3n y el bienestar de estudiantes, docentes y personal administrativo, ante la amenaza de enfrentar condiciones clim\u00e1ticas adversas.","og_url":"https:\/\/panoramaciudadano.com\/index.php\/2024\/07\/03\/suspenden-clases-en-todo-quintana-roo-este-jueves-y-viernes-ante-avance-del-huracan-beryl\/","og_site_name":"Panorama Ciudadano","article_publisher":"https:\/\/www.facebook.com\/panoramaciudadano","article_published_time":"2024-07-03T13:29:44+00:00","article_modified_time":"2024-07-03T13:29:46+00:00","og_image":[{"width":1280,"height":720,"url":"https:\/\/panoramaciudadano.com\/wp-content\/uploads\/2024\/07\/image-1.png","type":"image\/png"}],"author":"admin","twitter_card":"summary_large_image","twitter_misc":{"Escrito por":"admin","Tiempo de lectura":"2 minutos"},"schema":{"@context":"https:\/\/schema.org","@graph":[{"@type":"Article","@id":"https:\/\/panoramaciudadano.com\/index.php\/2024\/07\/03\/suspenden-clases-en-todo-quintana-roo-este-jueves-y-viernes-ante-avance-del-huracan-beryl\/#article","isPartOf":{"@id":"https:\/\/panoramaciudadano.com\/index.php\/2024\/07\/03\/suspenden-clases-en-todo-quintana-roo-este-jueves-y-viernes-ante-avance-del-huracan-beryl\/"},"author":{"name":"admin","@id":"https:\/\/panoramaciudadano.com\/#\/schema\/person\/ffe9fe8ef47d3a93977b5761fd9e0d96"},"headline":"Suspenden clases en todo Quintana Roo este jueves y viernes ante avance del hurac\u00e1n Beryl","datePublished":"2024-07-03T13:29:44+00:00","dateModified":"2024-07-03T13:29:46+00:00","mainEntityOfPage":{"@id":"https:\/\/panoramaciudadano.com\/index.php\/2024\/07\/03\/suspenden-clases-en-todo-quintana-roo-este-jueves-y-viernes-ante-avance-del-huracan-beryl\/"},"wordCount":312,"commentCount":0,"publisher":{"@id":"https:\/\/panoramaciudadano.com\/#organization"},"image":{"@id":"https:\/\/panoramaciudadano.com\/index.php\/2024\/07\/03\/suspenden-clases-en-todo-quintana-roo-este-jueves-y-viernes-ante-avance-del-huracan-beryl\/#primaryimage"},"thumbnailUrl":"https:\/\/panoramaciudadano.com\/wp-content\/uploads\/2024\/07\/image-1.png","keywords":["Carlos Gorocica Moreno","Hurac\u00e1n Beryl","Mara Lezama"],"articleSection":["Quintana Roo"],"inLanguage":"es","potentialAction":[{"@type":"CommentAction","name":"Comment","target":["https:\/\/panoramaciudadano.com\/index.php\/2024\/07\/03\/suspenden-clases-en-todo-quintana-roo-este-jueves-y-viernes-ante-avance-del-huracan-beryl\/#respond"]}]},{"@type":"WebPage","@id":"https:\/\/panoramaciudadano.com\/index.php\/2024\/07\/03\/suspenden-clases-en-todo-quintana-roo-este-jueves-y-viernes-ante-avance-del-huracan-beryl\/","url":"https:\/\/panoramaciudadano.com\/index.php\/2024\/07\/03\/suspenden-clases-en-todo-quintana-roo-este-jueves-y-viernes-ante-avance-del-huracan-beryl\/","name":"Suspenden clases en todo Quintana Roo este jueves y viernes ante avance del hurac\u00e1n Beryl - Panorama Ciudadano","isPartOf":{"@id":"https:\/\/panoramaciudadano.com\/#website"},"primaryImageOfPage":{"@id":"https:\/\/panoramaciudadano.com\/index.php\/2024\/07\/03\/suspenden-clases-en-todo-quintana-roo-este-jueves-y-viernes-ante-avance-del-huracan-beryl\/#primaryimage"},"image":{"@id":"https:\/\/panoramaciudadano.com\/index.php\/2024\/07\/03\/suspenden-clases-en-todo-quintana-roo-este-jueves-y-viernes-ante-avance-del-huracan-beryl\/#primaryimage"},"thumbnailUrl":"https:\/\/panoramaciudadano.com\/wp-content\/uploads\/2024\/07\/image-1.png","datePublished":"2024-07-03T13:29:44+00:00","dateModified":"2024-07-03T13:29:46+00:00","breadcrumb":{"@id":"https:\/\/panoramaciudadano.com\/index.php\/2024\/07\/03\/suspenden-clases-en-todo-quintana-roo-este-jueves-y-viernes-ante-avance-del-huracan-beryl\/#breadcrumb"},"inLanguage":"es","potentialAction":[{"@type":"ReadAction","target":["https:\/\/panoramaciudadano.com\/index.php\/2024\/07\/03\/suspenden-clases-en-todo-quintana-roo-este-jueves-y-viernes-ante-avance-del-huracan-beryl\/"]}]},{"@type":"ImageObject","inLanguage":"es","@id":"https:\/\/panoramaciudadano.com\/index.php\/2024\/07\/03\/suspenden-clases-en-todo-quintana-roo-este-jueves-y-viernes-ante-avance-del-huracan-beryl\/#primaryimage","url":"https:\/\/panoramaciudadano.com\/wp-content\/uploads\/2024\/07\/image-1.png","contentUrl":"https:\/\/panoramaciudadano.com\/wp-content\/uploads\/2024\/07\/image-1.png","width":1280,"height":720},{"@type":"BreadcrumbList","@id":"https:\/\/panoramaciudadano.com\/index.php\/2024\/07\/03\/suspenden-clases-en-todo-quintana-roo-este-jueves-y-viernes-ante-avance-del-huracan-beryl\/#breadcrumb","itemListElement":[{"@type":"ListItem","position":1,"name":"Portada","item":"https:\/\/panoramaciudadano.com\/"},{"@type":"ListItem","position":2,"name":"Suspenden clases en todo Quintana Roo este jueves y viernes ante avance del hurac\u00e1n Beryl"}]},{"@type":"WebSite","@id":"https:\/\/panoramaciudadano.com\/#website","url":"https:\/\/panoramaciudadano.com\/","name":"Panorama Ciudadano","description":"","publisher":{"@id":"https:\/\/panoramaciudadano.com\/#organization"},"potentialAction":[{"@type":"SearchAction","target":{"@type":"EntryPoint","urlTemplate":"https:\/\/panoramaciudadano.com\/?s={search_term_string}"},"query-input":{"@type":"PropertyValueSpecification","valueRequired":true,"valueName":"search_term_string"}}],"inLanguage":"es"},{"@type":"Organization","@id":"https:\/\/panoramaciudadano.com\/#organization","name":"Panorama Ciudadano","url":"https:\/\/panoramaciudadano.com\/","logo":{"@type":"ImageObject","inLanguage":"es","@id":"https:\/\/panoramaciudadano.com\/#\/schema\/logo\/image\/","url":"https:\/\/panoramaciudadano.com\/wp-content\/uploads\/2024\/05\/401498640_919267042938564_6290593609399108733_n.jpg","contentUrl":"https:\/\/panoramaciudadano.com\/wp-content\/uploads\/2024\/05\/401498640_919267042938564_6290593609399108733_n.jpg","width":960,"height":957,"caption":"Panorama Ciudadano"},"image":{"@id":"https:\/\/panoramaciudadano.com\/#\/schema\/logo\/image\/"},"sameAs":["https:\/\/www.facebook.com\/panoramaciudadano"]},{"@type":"Person","@id":"https:\/\/panoramaciudadano.com\/#\/schema\/person\/ffe9fe8ef47d3a93977b5761fd9e0d96","name":"admin","image":{"@type":"ImageObject","inLanguage":"es","@id":"https:\/\/panoramaciudadano.com\/#\/schema\/person\/image\/","url":"https:\/\/secure.gravatar.com\/avatar\/2d5a12cacce3f18096f25fadea8abb7202fef18ed669595589853e84260ff451?s=96&d=mm&r=g","contentUrl":"https:\/\/secure.gravatar.com\/avatar\/2d5a12cacce3f18096f25fadea8abb7202fef18ed669595589853e84260ff451?s=96&d=mm&r=g","caption":"admin"},"sameAs":["https:\/\/panoramaciudadano.com"],"url":"https:\/\/panoramaciudadano.com\/index.php\/author\/admin_3q6hyqq3\/"}]}},"_links":{"self":[{"href":"https:\/\/panoramaciudadano.com\/index.php\/wp-json\/wp\/v2\/posts\/1063","targetHints":{"allow":["GET"]}}],"collection":[{"href":"https:\/\/panoramaciudadano.com\/index.php\/wp-json\/wp\/v2\/posts"}],"about":[{"href":"https:\/\/panoramaciudadano.com\/index.php\/wp-json\/wp\/v2\/types\/post"}],"author":[{"embeddable":true,"href":"https:\/\/panoramaciudadano.com\/index.php\/wp-json\/wp\/v2\/users\/1"}],"replies":[{"embeddable":true,"href":"https:\/\/panoramaciudadano.com\/index.php\/wp-json\/wp\/v2\/comments?post=1063"}],"version-history":[{"count":1,"href":"https:\/\/panoramaciudadano.com\/index.php\/wp-json\/wp\/v2\/posts\/1063\/revisions"}],"predecessor-version":[{"id":1066,"href":"https:\/\/panoramaciudadano.com\/index.php\/wp-json\/wp\/v2\/posts\/1063\/revisions\/1066"}],"wp:featuredmedia":[{"embeddable":true,"href":"https:\/\/panoramaciudadano.com\/index.php\/wp-json\/wp\/v2\/media\/1064"}],"wp:attachment":[{"href":"https:\/\/panoramaciudadano.com\/index.php\/wp-json\/wp\/v2\/media?parent=1063"}],"wp:term":[{"taxonomy":"category","embeddable":true,"href":"https:\/\/panoramaciudadano.com\/index.php\/wp-json\/wp\/v2\/categories?post=1063"},{"taxonomy":"post_tag","embeddable":true,"href":"https:\/\/panoramaciudadano.com\/index.php\/wp-json\/wp\/v2\/tags?post=1063"}],"curies":[{"name":"wp","href":"https:\/\/api.w.org\/{rel}","templated":true}]}}