{"id":1070,"date":"2024-07-03T15:54:05","date_gmt":"2024-07-03T15:54:05","guid":{"rendered":"https:\/\/panoramaciudadano.com\/?p=1070"},"modified":"2024-07-03T15:54:07","modified_gmt":"2024-07-03T15:54:07","slug":"anuncian-ley-seca-en-quintana-roo-por-el-arribo-del-huracan-beryl","status":"publish","type":"post","link":"https:\/\/panoramaciudadano.com\/index.php\/2024\/07\/03\/anuncian-ley-seca-en-quintana-roo-por-el-arribo-del-huracan-beryl\/","title":{"rendered":"Anuncian Ley Seca en Quintana Roo por el arribo del hurac\u00e1n \u201cBeryl\u201d"},"content":{"rendered":"\n<figure class=\"wp-block-image size-large\"><img decoding=\"async\" width=\"1024\" height=\"693\" src=\"https:\/\/panoramaciudadano.com\/wp-content\/uploads\/2024\/07\/image-3-1024x693.png\" alt=\"\" class=\"wp-image-1071\" srcset=\"https:\/\/panoramaciudadano.com\/wp-content\/uploads\/2024\/07\/image-3-1024x693.png 1024w, https:\/\/panoramaciudadano.com\/wp-content\/uploads\/2024\/07\/image-3-300x203.png 300w, https:\/\/panoramaciudadano.com\/wp-content\/uploads\/2024\/07\/image-3-768x520.png 768w, https:\/\/panoramaciudadano.com\/wp-content\/uploads\/2024\/07\/image-3.png 1280w\" sizes=\"(max-width: 1024px) 100vw, 1024px\" \/><\/figure>\n\n\n\n<p><strong>Quintana Roo se alista para la llegada del hurac\u00e1n \u201cBeryl\u201d, por lo que las autoridades estatales han anunciado diversas medidas, una de ellas es la Ley Seca, la cual comenzar\u00e1 el primer minuto de este jueves 4 de julio.<\/strong><\/p>\n\n\n\n<p>La prohibici\u00f3n comienza este jueves y concluir\u00e1 hasta que lo determinen las autoridades y una vez que el hurac\u00e1n haya dejado el territorio estatal.<\/p>\n\n\n\n<p>Cabe recordar que hasta el momento el&nbsp;<strong>hurac\u00e1n \u201cBeryl\u201d<\/strong>&nbsp;se mantiene como categor\u00eda 4 en la escala Saffir-Simpson y la entidad permanece con alerta verde, que es peligro m\u00ednimo.<\/p>\n\n\n\n<p>A las 7:00 am, hora de&nbsp;<strong>Quintana Roo<\/strong>, el fen\u00f3meno hidrometeorol\u00f3gico se ubicaba a mil 300 kil\u00f3metros al este-sureste de&nbsp;<strong>Canc\u00fan<\/strong>, con vientos sostenidos de 230 kil\u00f3metros por hora y rachas de hasta 280 kil\u00f3metros por hora.<\/p>\n\n\n\n<p>La vigilancia por los efectos de&nbsp;<strong>\u201cBeryl\u201d<\/strong>&nbsp;se mantiene desde Cabo Catoche hasta Chetumal, la capital de&nbsp;<strong>Quintana Roo<\/strong>.<\/p>\n\n\n\n<p>El pron\u00f3stico sigue indicando que podr\u00eda tocar tierra en la entidad como un hurac\u00e1n categor\u00eda 2 en el transcurso de este jueves, entre&nbsp;<strong>Tulum<\/strong>&nbsp;y&nbsp;<strong>Chetumal<\/strong>.<\/p>\n\n\n\n<p>Se pide a la gente mantenerse informada a trav\u00e9s de los canales oficiales y tomar las medidas preventivas necesarias ante la cercan\u00eda de un fen\u00f3meno hidrometeorol\u00f3gico, como comprar los v\u00edveres necesarios, tener lista una mochila de emergencia y limpiar techos y patios de aquellos objetos que puedan ser una especie de proyectiles por los fuertes vientos.<\/p>\n","protected":false},"excerpt":{"rendered":"<p>Quintana Roo se alista para la llegada del hurac\u00e1n \u201cBeryl\u201d, por lo que las autoridades estatales han anunciado diversas medidas, una de ellas es la Ley Seca, la cual comenzar\u00e1 el primer minuto de este jueves 4 de julio.<\/p>\n","protected":false},"author":1,"featured_media":1071,"comment_status":"open","ping_status":"closed","sticky":false,"template":"","format":"standard","meta":{"footnotes":""},"categories":[5],"tags":[611,128],"class_list":["post-1070","post","type-post","status-publish","format-standard","has-post-thumbnail","hentry","category-quintana-roo","tag-huracan-beryl","tag-ley-seca"],"yoast_head":"<!-- This site is optimized with the Yoast SEO plugin v27.1.1 - https:\/\/yoast.com\/product\/yoast-seo-wordpress\/ -->\n<title>Anuncian Ley Seca en Quintana Roo por el arribo del hurac\u00e1n \u201cBeryl\u201d - Panorama Ciudadano<\/title>\n<meta name=\"robots\" content=\"index, follow, max-snippet:-1, max-image-preview:large, max-video-preview:-1\" \/>\n<link rel=\"canonical\" href=\"https:\/\/panoramaciudadano.com\/index.php\/2024\/07\/03\/anuncian-ley-seca-en-quintana-roo-por-el-arribo-del-huracan-beryl\/\" \/>\n<meta property=\"og:locale\" content=\"es_ES\" \/>\n<meta property=\"og:type\" content=\"article\" \/>\n<meta property=\"og:title\" content=\"Anuncian Ley Seca en Quintana Roo por el arribo del hurac\u00e1n \u201cBeryl\u201d - Panorama Ciudadano\" \/>\n<meta property=\"og:description\" content=\"Quintana Roo se alista para la llegada del hurac\u00e1n \u201cBeryl\u201d, por lo que las autoridades estatales han anunciado diversas medidas, una de ellas es la Ley Seca, la cual comenzar\u00e1 el primer minuto de este jueves 4 de julio.\" \/>\n<meta property=\"og:url\" content=\"https:\/\/panoramaciudadano.com\/index.php\/2024\/07\/03\/anuncian-ley-seca-en-quintana-roo-por-el-arribo-del-huracan-beryl\/\" \/>\n<meta property=\"og:site_name\" content=\"Panorama Ciudadano\" \/>\n<meta property=\"article:publisher\" content=\"https:\/\/www.facebook.com\/panoramaciudadano\" \/>\n<meta property=\"article:published_time\" content=\"2024-07-03T15:54:05+00:00\" \/>\n<meta property=\"article:modified_time\" content=\"2024-07-03T15:54:07+00:00\" \/>\n<meta property=\"og:image\" content=\"https:\/\/panoramaciudadano.com\/wp-content\/uploads\/2024\/07\/image-3.png\" \/>\n\t<meta property=\"og:image:width\" content=\"1280\" \/>\n\t<meta property=\"og:image:height\" content=\"866\" \/>\n\t<meta property=\"og:image:type\" content=\"image\/png\" \/>\n<meta name=\"author\" content=\"admin\" \/>\n<meta name=\"twitter:card\" content=\"summary_large_image\" \/>\n<meta name=\"twitter:label1\" content=\"Escrito por\" \/>\n\t<meta name=\"twitter:data1\" content=\"admin\" \/>\n\t<meta name=\"twitter:label2\" content=\"Tiempo de lectura\" \/>\n\t<meta name=\"twitter:data2\" content=\"2 minutos\" \/>\n<script type=\"application\/ld+json\" class=\"yoast-schema-graph\">{\"@context\":\"https:\/\/schema.org\",\"@graph\":[{\"@type\":\"Article\",\"@id\":\"https:\/\/panoramaciudadano.com\/index.php\/2024\/07\/03\/anuncian-ley-seca-en-quintana-roo-por-el-arribo-del-huracan-beryl\/#article\",\"isPartOf\":{\"@id\":\"https:\/\/panoramaciudadano.com\/index.php\/2024\/07\/03\/anuncian-ley-seca-en-quintana-roo-por-el-arribo-del-huracan-beryl\/\"},\"author\":{\"name\":\"admin\",\"@id\":\"https:\/\/panoramaciudadano.com\/#\/schema\/person\/ffe9fe8ef47d3a93977b5761fd9e0d96\"},\"headline\":\"Anuncian Ley Seca en Quintana Roo por el arribo del hurac\u00e1n \u201cBeryl\u201d\",\"datePublished\":\"2024-07-03T15:54:05+00:00\",\"dateModified\":\"2024-07-03T15:54:07+00:00\",\"mainEntityOfPage\":{\"@id\":\"https:\/\/panoramaciudadano.com\/index.php\/2024\/07\/03\/anuncian-ley-seca-en-quintana-roo-por-el-arribo-del-huracan-beryl\/\"},\"wordCount\":267,\"commentCount\":0,\"publisher\":{\"@id\":\"https:\/\/panoramaciudadano.com\/#organization\"},\"image\":{\"@id\":\"https:\/\/panoramaciudadano.com\/index.php\/2024\/07\/03\/anuncian-ley-seca-en-quintana-roo-por-el-arribo-del-huracan-beryl\/#primaryimage\"},\"thumbnailUrl\":\"https:\/\/panoramaciudadano.com\/wp-content\/uploads\/2024\/07\/image-3.png\",\"keywords\":[\"Hurac\u00e1n Beryl\",\"ley seca\"],\"articleSection\":[\"Quintana Roo\"],\"inLanguage\":\"es\",\"potentialAction\":[{\"@type\":\"CommentAction\",\"name\":\"Comment\",\"target\":[\"https:\/\/panoramaciudadano.com\/index.php\/2024\/07\/03\/anuncian-ley-seca-en-quintana-roo-por-el-arribo-del-huracan-beryl\/#respond\"]}]},{\"@type\":\"WebPage\",\"@id\":\"https:\/\/panoramaciudadano.com\/index.php\/2024\/07\/03\/anuncian-ley-seca-en-quintana-roo-por-el-arribo-del-huracan-beryl\/\",\"url\":\"https:\/\/panoramaciudadano.com\/index.php\/2024\/07\/03\/anuncian-ley-seca-en-quintana-roo-por-el-arribo-del-huracan-beryl\/\",\"name\":\"Anuncian Ley Seca en Quintana Roo por el arribo del hurac\u00e1n \u201cBeryl\u201d - Panorama Ciudadano\",\"isPartOf\":{\"@id\":\"https:\/\/panoramaciudadano.com\/#website\"},\"primaryImageOfPage\":{\"@id\":\"https:\/\/panoramaciudadano.com\/index.php\/2024\/07\/03\/anuncian-ley-seca-en-quintana-roo-por-el-arribo-del-huracan-beryl\/#primaryimage\"},\"image\":{\"@id\":\"https:\/\/panoramaciudadano.com\/index.php\/2024\/07\/03\/anuncian-ley-seca-en-quintana-roo-por-el-arribo-del-huracan-beryl\/#primaryimage\"},\"thumbnailUrl\":\"https:\/\/panoramaciudadano.com\/wp-content\/uploads\/2024\/07\/image-3.png\",\"datePublished\":\"2024-07-03T15:54:05+00:00\",\"dateModified\":\"2024-07-03T15:54:07+00:00\",\"breadcrumb\":{\"@id\":\"https:\/\/panoramaciudadano.com\/index.php\/2024\/07\/03\/anuncian-ley-seca-en-quintana-roo-por-el-arribo-del-huracan-beryl\/#breadcrumb\"},\"inLanguage\":\"es\",\"potentialAction\":[{\"@type\":\"ReadAction\",\"target\":[\"https:\/\/panoramaciudadano.com\/index.php\/2024\/07\/03\/anuncian-ley-seca-en-quintana-roo-por-el-arribo-del-huracan-beryl\/\"]}]},{\"@type\":\"ImageObject\",\"inLanguage\":\"es\",\"@id\":\"https:\/\/panoramaciudadano.com\/index.php\/2024\/07\/03\/anuncian-ley-seca-en-quintana-roo-por-el-arribo-del-huracan-beryl\/#primaryimage\",\"url\":\"https:\/\/panoramaciudadano.com\/wp-content\/uploads\/2024\/07\/image-3.png\",\"contentUrl\":\"https:\/\/panoramaciudadano.com\/wp-content\/uploads\/2024\/07\/image-3.png\",\"width\":1280,\"height\":866},{\"@type\":\"BreadcrumbList\",\"@id\":\"https:\/\/panoramaciudadano.com\/index.php\/2024\/07\/03\/anuncian-ley-seca-en-quintana-roo-por-el-arribo-del-huracan-beryl\/#breadcrumb\",\"itemListElement\":[{\"@type\":\"ListItem\",\"position\":1,\"name\":\"Portada\",\"item\":\"https:\/\/panoramaciudadano.com\/\"},{\"@type\":\"ListItem\",\"position\":2,\"name\":\"Anuncian Ley Seca en Quintana Roo por el arribo del hurac\u00e1n \u201cBeryl\u201d\"}]},{\"@type\":\"WebSite\",\"@id\":\"https:\/\/panoramaciudadano.com\/#website\",\"url\":\"https:\/\/panoramaciudadano.com\/\",\"name\":\"Panorama Ciudadano\",\"description\":\"\",\"publisher\":{\"@id\":\"https:\/\/panoramaciudadano.com\/#organization\"},\"potentialAction\":[{\"@type\":\"SearchAction\",\"target\":{\"@type\":\"EntryPoint\",\"urlTemplate\":\"https:\/\/panoramaciudadano.com\/?s={search_term_string}\"},\"query-input\":{\"@type\":\"PropertyValueSpecification\",\"valueRequired\":true,\"valueName\":\"search_term_string\"}}],\"inLanguage\":\"es\"},{\"@type\":\"Organization\",\"@id\":\"https:\/\/panoramaciudadano.com\/#organization\",\"name\":\"Panorama Ciudadano\",\"url\":\"https:\/\/panoramaciudadano.com\/\",\"logo\":{\"@type\":\"ImageObject\",\"inLanguage\":\"es\",\"@id\":\"https:\/\/panoramaciudadano.com\/#\/schema\/logo\/image\/\",\"url\":\"https:\/\/panoramaciudadano.com\/wp-content\/uploads\/2024\/05\/401498640_919267042938564_6290593609399108733_n.jpg\",\"contentUrl\":\"https:\/\/panoramaciudadano.com\/wp-content\/uploads\/2024\/05\/401498640_919267042938564_6290593609399108733_n.jpg\",\"width\":960,\"height\":957,\"caption\":\"Panorama Ciudadano\"},\"image\":{\"@id\":\"https:\/\/panoramaciudadano.com\/#\/schema\/logo\/image\/\"},\"sameAs\":[\"https:\/\/www.facebook.com\/panoramaciudadano\"]},{\"@type\":\"Person\",\"@id\":\"https:\/\/panoramaciudadano.com\/#\/schema\/person\/ffe9fe8ef47d3a93977b5761fd9e0d96\",\"name\":\"admin\",\"image\":{\"@type\":\"ImageObject\",\"inLanguage\":\"es\",\"@id\":\"https:\/\/panoramaciudadano.com\/#\/schema\/person\/image\/\",\"url\":\"https:\/\/secure.gravatar.com\/avatar\/2d5a12cacce3f18096f25fadea8abb7202fef18ed669595589853e84260ff451?s=96&d=mm&r=g\",\"contentUrl\":\"https:\/\/secure.gravatar.com\/avatar\/2d5a12cacce3f18096f25fadea8abb7202fef18ed669595589853e84260ff451?s=96&d=mm&r=g\",\"caption\":\"admin\"},\"sameAs\":[\"https:\/\/panoramaciudadano.com\"],\"url\":\"https:\/\/panoramaciudadano.com\/index.php\/author\/admin_3q6hyqq3\/\"}]}<\/script>\n<!-- \/ Yoast SEO plugin. -->","yoast_head_json":{"title":"Anuncian Ley Seca en Quintana Roo por el arribo del hurac\u00e1n \u201cBeryl\u201d - Panorama Ciudadano","robots":{"index":"index","follow":"follow","max-snippet":"max-snippet:-1","max-image-preview":"max-image-preview:large","max-video-preview":"max-video-preview:-1"},"canonical":"https:\/\/panoramaciudadano.com\/index.php\/2024\/07\/03\/anuncian-ley-seca-en-quintana-roo-por-el-arribo-del-huracan-beryl\/","og_locale":"es_ES","og_type":"article","og_title":"Anuncian Ley Seca en Quintana Roo por el arribo del hurac\u00e1n \u201cBeryl\u201d - Panorama Ciudadano","og_description":"Quintana Roo se alista para la llegada del hurac\u00e1n \u201cBeryl\u201d, por lo que las autoridades estatales han anunciado diversas medidas, una de ellas es la Ley Seca, la cual comenzar\u00e1 el primer minuto de este jueves 4 de julio.","og_url":"https:\/\/panoramaciudadano.com\/index.php\/2024\/07\/03\/anuncian-ley-seca-en-quintana-roo-por-el-arribo-del-huracan-beryl\/","og_site_name":"Panorama Ciudadano","article_publisher":"https:\/\/www.facebook.com\/panoramaciudadano","article_published_time":"2024-07-03T15:54:05+00:00","article_modified_time":"2024-07-03T15:54:07+00:00","og_image":[{"width":1280,"height":866,"url":"https:\/\/panoramaciudadano.com\/wp-content\/uploads\/2024\/07\/image-3.png","type":"image\/png"}],"author":"admin","twitter_card":"summary_large_image","twitter_misc":{"Escrito por":"admin","Tiempo de lectura":"2 minutos"},"schema":{"@context":"https:\/\/schema.org","@graph":[{"@type":"Article","@id":"https:\/\/panoramaciudadano.com\/index.php\/2024\/07\/03\/anuncian-ley-seca-en-quintana-roo-por-el-arribo-del-huracan-beryl\/#article","isPartOf":{"@id":"https:\/\/panoramaciudadano.com\/index.php\/2024\/07\/03\/anuncian-ley-seca-en-quintana-roo-por-el-arribo-del-huracan-beryl\/"},"author":{"name":"admin","@id":"https:\/\/panoramaciudadano.com\/#\/schema\/person\/ffe9fe8ef47d3a93977b5761fd9e0d96"},"headline":"Anuncian Ley Seca en Quintana Roo por el arribo del hurac\u00e1n \u201cBeryl\u201d","datePublished":"2024-07-03T15:54:05+00:00","dateModified":"2024-07-03T15:54:07+00:00","mainEntityOfPage":{"@id":"https:\/\/panoramaciudadano.com\/index.php\/2024\/07\/03\/anuncian-ley-seca-en-quintana-roo-por-el-arribo-del-huracan-beryl\/"},"wordCount":267,"commentCount":0,"publisher":{"@id":"https:\/\/panoramaciudadano.com\/#organization"},"image":{"@id":"https:\/\/panoramaciudadano.com\/index.php\/2024\/07\/03\/anuncian-ley-seca-en-quintana-roo-por-el-arribo-del-huracan-beryl\/#primaryimage"},"thumbnailUrl":"https:\/\/panoramaciudadano.com\/wp-content\/uploads\/2024\/07\/image-3.png","keywords":["Hurac\u00e1n Beryl","ley seca"],"articleSection":["Quintana Roo"],"inLanguage":"es","potentialAction":[{"@type":"CommentAction","name":"Comment","target":["https:\/\/panoramaciudadano.com\/index.php\/2024\/07\/03\/anuncian-ley-seca-en-quintana-roo-por-el-arribo-del-huracan-beryl\/#respond"]}]},{"@type":"WebPage","@id":"https:\/\/panoramaciudadano.com\/index.php\/2024\/07\/03\/anuncian-ley-seca-en-quintana-roo-por-el-arribo-del-huracan-beryl\/","url":"https:\/\/panoramaciudadano.com\/index.php\/2024\/07\/03\/anuncian-ley-seca-en-quintana-roo-por-el-arribo-del-huracan-beryl\/","name":"Anuncian Ley Seca en Quintana Roo por el arribo del hurac\u00e1n \u201cBeryl\u201d - Panorama Ciudadano","isPartOf":{"@id":"https:\/\/panoramaciudadano.com\/#website"},"primaryImageOfPage":{"@id":"https:\/\/panoramaciudadano.com\/index.php\/2024\/07\/03\/anuncian-ley-seca-en-quintana-roo-por-el-arribo-del-huracan-beryl\/#primaryimage"},"image":{"@id":"https:\/\/panoramaciudadano.com\/index.php\/2024\/07\/03\/anuncian-ley-seca-en-quintana-roo-por-el-arribo-del-huracan-beryl\/#primaryimage"},"thumbnailUrl":"https:\/\/panoramaciudadano.com\/wp-content\/uploads\/2024\/07\/image-3.png","datePublished":"2024-07-03T15:54:05+00:00","dateModified":"2024-07-03T15:54:07+00:00","breadcrumb":{"@id":"https:\/\/panoramaciudadano.com\/index.php\/2024\/07\/03\/anuncian-ley-seca-en-quintana-roo-por-el-arribo-del-huracan-beryl\/#breadcrumb"},"inLanguage":"es","potentialAction":[{"@type":"ReadAction","target":["https:\/\/panoramaciudadano.com\/index.php\/2024\/07\/03\/anuncian-ley-seca-en-quintana-roo-por-el-arribo-del-huracan-beryl\/"]}]},{"@type":"ImageObject","inLanguage":"es","@id":"https:\/\/panoramaciudadano.com\/index.php\/2024\/07\/03\/anuncian-ley-seca-en-quintana-roo-por-el-arribo-del-huracan-beryl\/#primaryimage","url":"https:\/\/panoramaciudadano.com\/wp-content\/uploads\/2024\/07\/image-3.png","contentUrl":"https:\/\/panoramaciudadano.com\/wp-content\/uploads\/2024\/07\/image-3.png","width":1280,"height":866},{"@type":"BreadcrumbList","@id":"https:\/\/panoramaciudadano.com\/index.php\/2024\/07\/03\/anuncian-ley-seca-en-quintana-roo-por-el-arribo-del-huracan-beryl\/#breadcrumb","itemListElement":[{"@type":"ListItem","position":1,"name":"Portada","item":"https:\/\/panoramaciudadano.com\/"},{"@type":"ListItem","position":2,"name":"Anuncian Ley Seca en Quintana Roo por el arribo del hurac\u00e1n \u201cBeryl\u201d"}]},{"@type":"WebSite","@id":"https:\/\/panoramaciudadano.com\/#website","url":"https:\/\/panoramaciudadano.com\/","name":"Panorama Ciudadano","description":"","publisher":{"@id":"https:\/\/panoramaciudadano.com\/#organization"},"potentialAction":[{"@type":"SearchAction","target":{"@type":"EntryPoint","urlTemplate":"https:\/\/panoramaciudadano.com\/?s={search_term_string}"},"query-input":{"@type":"PropertyValueSpecification","valueRequired":true,"valueName":"search_term_string"}}],"inLanguage":"es"},{"@type":"Organization","@id":"https:\/\/panoramaciudadano.com\/#organization","name":"Panorama Ciudadano","url":"https:\/\/panoramaciudadano.com\/","logo":{"@type":"ImageObject","inLanguage":"es","@id":"https:\/\/panoramaciudadano.com\/#\/schema\/logo\/image\/","url":"https:\/\/panoramaciudadano.com\/wp-content\/uploads\/2024\/05\/401498640_919267042938564_6290593609399108733_n.jpg","contentUrl":"https:\/\/panoramaciudadano.com\/wp-content\/uploads\/2024\/05\/401498640_919267042938564_6290593609399108733_n.jpg","width":960,"height":957,"caption":"Panorama Ciudadano"},"image":{"@id":"https:\/\/panoramaciudadano.com\/#\/schema\/logo\/image\/"},"sameAs":["https:\/\/www.facebook.com\/panoramaciudadano"]},{"@type":"Person","@id":"https:\/\/panoramaciudadano.com\/#\/schema\/person\/ffe9fe8ef47d3a93977b5761fd9e0d96","name":"admin","image":{"@type":"ImageObject","inLanguage":"es","@id":"https:\/\/panoramaciudadano.com\/#\/schema\/person\/image\/","url":"https:\/\/secure.gravatar.com\/avatar\/2d5a12cacce3f18096f25fadea8abb7202fef18ed669595589853e84260ff451?s=96&d=mm&r=g","contentUrl":"https:\/\/secure.gravatar.com\/avatar\/2d5a12cacce3f18096f25fadea8abb7202fef18ed669595589853e84260ff451?s=96&d=mm&r=g","caption":"admin"},"sameAs":["https:\/\/panoramaciudadano.com"],"url":"https:\/\/panoramaciudadano.com\/index.php\/author\/admin_3q6hyqq3\/"}]}},"_links":{"self":[{"href":"https:\/\/panoramaciudadano.com\/index.php\/wp-json\/wp\/v2\/posts\/1070","targetHints":{"allow":["GET"]}}],"collection":[{"href":"https:\/\/panoramaciudadano.com\/index.php\/wp-json\/wp\/v2\/posts"}],"about":[{"href":"https:\/\/panoramaciudadano.com\/index.php\/wp-json\/wp\/v2\/types\/post"}],"author":[{"embeddable":true,"href":"https:\/\/panoramaciudadano.com\/index.php\/wp-json\/wp\/v2\/users\/1"}],"replies":[{"embeddable":true,"href":"https:\/\/panoramaciudadano.com\/index.php\/wp-json\/wp\/v2\/comments?post=1070"}],"version-history":[{"count":1,"href":"https:\/\/panoramaciudadano.com\/index.php\/wp-json\/wp\/v2\/posts\/1070\/revisions"}],"predecessor-version":[{"id":1072,"href":"https:\/\/panoramaciudadano.com\/index.php\/wp-json\/wp\/v2\/posts\/1070\/revisions\/1072"}],"wp:featuredmedia":[{"embeddable":true,"href":"https:\/\/panoramaciudadano.com\/index.php\/wp-json\/wp\/v2\/media\/1071"}],"wp:attachment":[{"href":"https:\/\/panoramaciudadano.com\/index.php\/wp-json\/wp\/v2\/media?parent=1070"}],"wp:term":[{"taxonomy":"category","embeddable":true,"href":"https:\/\/panoramaciudadano.com\/index.php\/wp-json\/wp\/v2\/categories?post=1070"},{"taxonomy":"post_tag","embeddable":true,"href":"https:\/\/panoramaciudadano.com\/index.php\/wp-json\/wp\/v2\/tags?post=1070"}],"curies":[{"name":"wp","href":"https:\/\/api.w.org\/{rel}","templated":true}]}}