{"id":1104,"date":"2024-07-03T17:24:00","date_gmt":"2024-07-03T17:24:00","guid":{"rendered":"https:\/\/panoramaciudadano.com\/?p=1104"},"modified":"2024-07-05T17:27:41","modified_gmt":"2024-07-05T17:27:41","slug":"hezly-rivera-orgullo-latino-en-el-equipo-de-gimnasia-de-estados-unidos","status":"publish","type":"post","link":"https:\/\/panoramaciudadano.com\/index.php\/2024\/07\/03\/hezly-rivera-orgullo-latino-en-el-equipo-de-gimnasia-de-estados-unidos\/","title":{"rendered":"Hezly Rivera, orgullo latino En el equipo de gimnasia de Estados Unidos"},"content":{"rendered":"\n<figure class=\"wp-block-image size-full\"><img decoding=\"async\" width=\"811\" height=\"540\" src=\"https:\/\/panoramaciudadano.com\/wp-content\/uploads\/2024\/07\/11-2.jpeg\" alt=\"\" class=\"wp-image-1105\" srcset=\"https:\/\/panoramaciudadano.com\/wp-content\/uploads\/2024\/07\/11-2.jpeg 811w, https:\/\/panoramaciudadano.com\/wp-content\/uploads\/2024\/07\/11-2-300x200.jpeg 300w, https:\/\/panoramaciudadano.com\/wp-content\/uploads\/2024\/07\/11-2-768x511.jpeg 768w\" sizes=\"(max-width: 811px) 100vw, 811px\" \/><\/figure>\n\n\n\n<p>Hezly Rivera, de ra\u00edces dominicanas, se ha convertido en un orgullo hispano al lograr un cupo en el poderoso equipo ol\u00edmpico de gimnasia femenina de Estados Unidos que competir\u00e1 en Par\u00eds, a donde llega como favorito.<\/p>\n\n\n\n<p>Rivera cumpli\u00f3 16 a\u00f1os el pasado 4 de junio y se convirti\u00f3 el domingo pasado en la atleta m\u00e1s joven de cualquier deporte que competir\u00e1 representando a Estados Unidos en las olimpiadas que comenzar\u00e1n el 26 de julio.<\/p>\n\n\n\n<p>Hija del inmigrante dominicano Henry Rivera, la atleta hispana comparte equipo con las veteranas ol\u00edmpicas Simone Biles, Suni Lee, Jade Carey y Jordan Chiles.<\/p>\n\n\n\n<p>Tras una actuaci\u00f3n estelar en las pruebas en Minneapolis, donde logr\u00f3 uno de los cinco cupos, la latina ha ganado m\u00e1s popularidad entre las comunidades hispanas, especialmente en Hackensack, Nueva Jersey, donde naci\u00f3, y en Texas, lugar en el que reside y se entrena desde los 5 a\u00f1os.<\/p>\n\n\n\n<p>Un grupo de ni\u00f1as recibi\u00f3 a Rivera en el aeropuerto de Dallas, Texas, a donde lleg\u00f3 la noche de el lunes tras la competencia.<\/p>\n\n\n\n<p>\u201cHe trabajado muy duro para llegar aqu\u00ed\u2026 as\u00ed que estoy disfrutando en el proceso y estoy muy bendecida. Y doy gracias a Dios todos los d\u00edas y a las personas de mi equipo y mis entrenadores\u201d, dijo la latina a la televisora local de NBC al llegar a Dallas.<\/p>\n\n\n\n<p>Por su parte, el padre de la atleta, nacido en Santo Domingo, confes\u00f3 que no puede describir la emoci\u00f3n del momento, y agradeci\u00f3 todo el apoyo que ha recibido su hija, que hab\u00eda so\u00f1ado pertenecer al equipo desde que ten\u00eda ocho a\u00f1os.<\/p>\n\n\n\n<p>La madre, Heidy Ruiz, y el hermano menor de la altleta tambi\u00e9n han sido parte fundamental de sus metas, al igual que los entrenadores del gimnasio WAGO en Plano (Texas).<\/p>\n\n\n\n<p>En una entrevista el domingo pasado, Biles se refiri\u00f3 con cari\u00f1o a la edad de Rivera. \u201cEs muy joven. \u00a1Ni siquiera sabe conducir! \u00bfDeber\u00edamos ense\u00f1arle a conducir antes de llegar a Par\u00eds?\u201d.<\/p>\n","protected":false},"excerpt":{"rendered":"<p>Hezly Rivera, de ra\u00edces dominicanas, se ha convertido en un orgullo hispano al lograr un cupo en el poderoso equipo ol\u00edmpico de gimnasia femenina de Estados Unidos que competir\u00e1 en Par\u00eds, a donde llega como favorito.<\/p>\n","protected":false},"author":1,"featured_media":1105,"comment_status":"open","ping_status":"closed","sticky":false,"template":"","format":"standard","meta":{"footnotes":""},"categories":[4],"tags":[634],"class_list":["post-1104","post","type-post","status-publish","format-standard","has-post-thumbnail","hentry","category-internacional","tag-hezly-rivera"],"yoast_head":"<!-- This site is optimized with the Yoast SEO plugin v27.1.1 - https:\/\/yoast.com\/product\/yoast-seo-wordpress\/ -->\n<title>Hezly Rivera, orgullo latino En el equipo de gimnasia de Estados Unidos - Panorama Ciudadano<\/title>\n<meta name=\"robots\" content=\"index, follow, max-snippet:-1, max-image-preview:large, max-video-preview:-1\" \/>\n<link rel=\"canonical\" href=\"https:\/\/panoramaciudadano.com\/index.php\/2024\/07\/03\/hezly-rivera-orgullo-latino-en-el-equipo-de-gimnasia-de-estados-unidos\/\" \/>\n<meta property=\"og:locale\" content=\"es_ES\" \/>\n<meta property=\"og:type\" content=\"article\" \/>\n<meta property=\"og:title\" content=\"Hezly Rivera, orgullo latino En el equipo de gimnasia de Estados Unidos - Panorama Ciudadano\" \/>\n<meta property=\"og:description\" content=\"Hezly Rivera, de ra\u00edces dominicanas, se ha convertido en un orgullo hispano al lograr un cupo en el poderoso equipo ol\u00edmpico de gimnasia femenina de Estados Unidos que competir\u00e1 en Par\u00eds, a donde llega como favorito.\" \/>\n<meta property=\"og:url\" content=\"https:\/\/panoramaciudadano.com\/index.php\/2024\/07\/03\/hezly-rivera-orgullo-latino-en-el-equipo-de-gimnasia-de-estados-unidos\/\" \/>\n<meta property=\"og:site_name\" content=\"Panorama Ciudadano\" \/>\n<meta property=\"article:publisher\" content=\"https:\/\/www.facebook.com\/panoramaciudadano\" \/>\n<meta property=\"article:published_time\" content=\"2024-07-03T17:24:00+00:00\" \/>\n<meta property=\"article:modified_time\" content=\"2024-07-05T17:27:41+00:00\" \/>\n<meta property=\"og:image\" content=\"https:\/\/panoramaciudadano.com\/wp-content\/uploads\/2024\/07\/11-2.jpeg\" \/>\n\t<meta property=\"og:image:width\" content=\"811\" \/>\n\t<meta property=\"og:image:height\" content=\"540\" \/>\n\t<meta property=\"og:image:type\" content=\"image\/jpeg\" \/>\n<meta name=\"author\" content=\"admin\" \/>\n<meta name=\"twitter:card\" content=\"summary_large_image\" \/>\n<meta name=\"twitter:label1\" content=\"Escrito por\" \/>\n\t<meta name=\"twitter:data1\" content=\"admin\" \/>\n\t<meta name=\"twitter:label2\" content=\"Tiempo de lectura\" \/>\n\t<meta name=\"twitter:data2\" content=\"2 minutos\" \/>\n<script type=\"application\/ld+json\" class=\"yoast-schema-graph\">{\"@context\":\"https:\/\/schema.org\",\"@graph\":[{\"@type\":\"Article\",\"@id\":\"https:\/\/panoramaciudadano.com\/index.php\/2024\/07\/03\/hezly-rivera-orgullo-latino-en-el-equipo-de-gimnasia-de-estados-unidos\/#article\",\"isPartOf\":{\"@id\":\"https:\/\/panoramaciudadano.com\/index.php\/2024\/07\/03\/hezly-rivera-orgullo-latino-en-el-equipo-de-gimnasia-de-estados-unidos\/\"},\"author\":{\"name\":\"admin\",\"@id\":\"https:\/\/panoramaciudadano.com\/#\/schema\/person\/ffe9fe8ef47d3a93977b5761fd9e0d96\"},\"headline\":\"Hezly Rivera, orgullo latino En el equipo de gimnasia de Estados Unidos\",\"datePublished\":\"2024-07-03T17:24:00+00:00\",\"dateModified\":\"2024-07-05T17:27:41+00:00\",\"mainEntityOfPage\":{\"@id\":\"https:\/\/panoramaciudadano.com\/index.php\/2024\/07\/03\/hezly-rivera-orgullo-latino-en-el-equipo-de-gimnasia-de-estados-unidos\/\"},\"wordCount\":353,\"commentCount\":0,\"publisher\":{\"@id\":\"https:\/\/panoramaciudadano.com\/#organization\"},\"image\":{\"@id\":\"https:\/\/panoramaciudadano.com\/index.php\/2024\/07\/03\/hezly-rivera-orgullo-latino-en-el-equipo-de-gimnasia-de-estados-unidos\/#primaryimage\"},\"thumbnailUrl\":\"https:\/\/panoramaciudadano.com\/wp-content\/uploads\/2024\/07\/11-2.jpeg\",\"keywords\":[\"Hezly Rivera\"],\"articleSection\":[\"Internacional\"],\"inLanguage\":\"es\",\"potentialAction\":[{\"@type\":\"CommentAction\",\"name\":\"Comment\",\"target\":[\"https:\/\/panoramaciudadano.com\/index.php\/2024\/07\/03\/hezly-rivera-orgullo-latino-en-el-equipo-de-gimnasia-de-estados-unidos\/#respond\"]}]},{\"@type\":\"WebPage\",\"@id\":\"https:\/\/panoramaciudadano.com\/index.php\/2024\/07\/03\/hezly-rivera-orgullo-latino-en-el-equipo-de-gimnasia-de-estados-unidos\/\",\"url\":\"https:\/\/panoramaciudadano.com\/index.php\/2024\/07\/03\/hezly-rivera-orgullo-latino-en-el-equipo-de-gimnasia-de-estados-unidos\/\",\"name\":\"Hezly Rivera, orgullo latino En el equipo de gimnasia de Estados Unidos - Panorama Ciudadano\",\"isPartOf\":{\"@id\":\"https:\/\/panoramaciudadano.com\/#website\"},\"primaryImageOfPage\":{\"@id\":\"https:\/\/panoramaciudadano.com\/index.php\/2024\/07\/03\/hezly-rivera-orgullo-latino-en-el-equipo-de-gimnasia-de-estados-unidos\/#primaryimage\"},\"image\":{\"@id\":\"https:\/\/panoramaciudadano.com\/index.php\/2024\/07\/03\/hezly-rivera-orgullo-latino-en-el-equipo-de-gimnasia-de-estados-unidos\/#primaryimage\"},\"thumbnailUrl\":\"https:\/\/panoramaciudadano.com\/wp-content\/uploads\/2024\/07\/11-2.jpeg\",\"datePublished\":\"2024-07-03T17:24:00+00:00\",\"dateModified\":\"2024-07-05T17:27:41+00:00\",\"breadcrumb\":{\"@id\":\"https:\/\/panoramaciudadano.com\/index.php\/2024\/07\/03\/hezly-rivera-orgullo-latino-en-el-equipo-de-gimnasia-de-estados-unidos\/#breadcrumb\"},\"inLanguage\":\"es\",\"potentialAction\":[{\"@type\":\"ReadAction\",\"target\":[\"https:\/\/panoramaciudadano.com\/index.php\/2024\/07\/03\/hezly-rivera-orgullo-latino-en-el-equipo-de-gimnasia-de-estados-unidos\/\"]}]},{\"@type\":\"ImageObject\",\"inLanguage\":\"es\",\"@id\":\"https:\/\/panoramaciudadano.com\/index.php\/2024\/07\/03\/hezly-rivera-orgullo-latino-en-el-equipo-de-gimnasia-de-estados-unidos\/#primaryimage\",\"url\":\"https:\/\/panoramaciudadano.com\/wp-content\/uploads\/2024\/07\/11-2.jpeg\",\"contentUrl\":\"https:\/\/panoramaciudadano.com\/wp-content\/uploads\/2024\/07\/11-2.jpeg\",\"width\":811,\"height\":540},{\"@type\":\"BreadcrumbList\",\"@id\":\"https:\/\/panoramaciudadano.com\/index.php\/2024\/07\/03\/hezly-rivera-orgullo-latino-en-el-equipo-de-gimnasia-de-estados-unidos\/#breadcrumb\",\"itemListElement\":[{\"@type\":\"ListItem\",\"position\":1,\"name\":\"Portada\",\"item\":\"https:\/\/panoramaciudadano.com\/\"},{\"@type\":\"ListItem\",\"position\":2,\"name\":\"Hezly Rivera, orgullo latino En el equipo de gimnasia de Estados Unidos\"}]},{\"@type\":\"WebSite\",\"@id\":\"https:\/\/panoramaciudadano.com\/#website\",\"url\":\"https:\/\/panoramaciudadano.com\/\",\"name\":\"Panorama Ciudadano\",\"description\":\"\",\"publisher\":{\"@id\":\"https:\/\/panoramaciudadano.com\/#organization\"},\"potentialAction\":[{\"@type\":\"SearchAction\",\"target\":{\"@type\":\"EntryPoint\",\"urlTemplate\":\"https:\/\/panoramaciudadano.com\/?s={search_term_string}\"},\"query-input\":{\"@type\":\"PropertyValueSpecification\",\"valueRequired\":true,\"valueName\":\"search_term_string\"}}],\"inLanguage\":\"es\"},{\"@type\":\"Organization\",\"@id\":\"https:\/\/panoramaciudadano.com\/#organization\",\"name\":\"Panorama Ciudadano\",\"url\":\"https:\/\/panoramaciudadano.com\/\",\"logo\":{\"@type\":\"ImageObject\",\"inLanguage\":\"es\",\"@id\":\"https:\/\/panoramaciudadano.com\/#\/schema\/logo\/image\/\",\"url\":\"https:\/\/panoramaciudadano.com\/wp-content\/uploads\/2024\/05\/401498640_919267042938564_6290593609399108733_n.jpg\",\"contentUrl\":\"https:\/\/panoramaciudadano.com\/wp-content\/uploads\/2024\/05\/401498640_919267042938564_6290593609399108733_n.jpg\",\"width\":960,\"height\":957,\"caption\":\"Panorama Ciudadano\"},\"image\":{\"@id\":\"https:\/\/panoramaciudadano.com\/#\/schema\/logo\/image\/\"},\"sameAs\":[\"https:\/\/www.facebook.com\/panoramaciudadano\"]},{\"@type\":\"Person\",\"@id\":\"https:\/\/panoramaciudadano.com\/#\/schema\/person\/ffe9fe8ef47d3a93977b5761fd9e0d96\",\"name\":\"admin\",\"image\":{\"@type\":\"ImageObject\",\"inLanguage\":\"es\",\"@id\":\"https:\/\/panoramaciudadano.com\/#\/schema\/person\/image\/\",\"url\":\"https:\/\/secure.gravatar.com\/avatar\/2d5a12cacce3f18096f25fadea8abb7202fef18ed669595589853e84260ff451?s=96&d=mm&r=g\",\"contentUrl\":\"https:\/\/secure.gravatar.com\/avatar\/2d5a12cacce3f18096f25fadea8abb7202fef18ed669595589853e84260ff451?s=96&d=mm&r=g\",\"caption\":\"admin\"},\"sameAs\":[\"https:\/\/panoramaciudadano.com\"],\"url\":\"https:\/\/panoramaciudadano.com\/index.php\/author\/admin_3q6hyqq3\/\"}]}<\/script>\n<!-- \/ Yoast SEO plugin. -->","yoast_head_json":{"title":"Hezly Rivera, orgullo latino En el equipo de gimnasia de Estados Unidos - Panorama Ciudadano","robots":{"index":"index","follow":"follow","max-snippet":"max-snippet:-1","max-image-preview":"max-image-preview:large","max-video-preview":"max-video-preview:-1"},"canonical":"https:\/\/panoramaciudadano.com\/index.php\/2024\/07\/03\/hezly-rivera-orgullo-latino-en-el-equipo-de-gimnasia-de-estados-unidos\/","og_locale":"es_ES","og_type":"article","og_title":"Hezly Rivera, orgullo latino En el equipo de gimnasia de Estados Unidos - Panorama Ciudadano","og_description":"Hezly Rivera, de ra\u00edces dominicanas, se ha convertido en un orgullo hispano al lograr un cupo en el poderoso equipo ol\u00edmpico de gimnasia femenina de Estados Unidos que competir\u00e1 en Par\u00eds, a donde llega como favorito.","og_url":"https:\/\/panoramaciudadano.com\/index.php\/2024\/07\/03\/hezly-rivera-orgullo-latino-en-el-equipo-de-gimnasia-de-estados-unidos\/","og_site_name":"Panorama Ciudadano","article_publisher":"https:\/\/www.facebook.com\/panoramaciudadano","article_published_time":"2024-07-03T17:24:00+00:00","article_modified_time":"2024-07-05T17:27:41+00:00","og_image":[{"width":811,"height":540,"url":"https:\/\/panoramaciudadano.com\/wp-content\/uploads\/2024\/07\/11-2.jpeg","type":"image\/jpeg"}],"author":"admin","twitter_card":"summary_large_image","twitter_misc":{"Escrito por":"admin","Tiempo de lectura":"2 minutos"},"schema":{"@context":"https:\/\/schema.org","@graph":[{"@type":"Article","@id":"https:\/\/panoramaciudadano.com\/index.php\/2024\/07\/03\/hezly-rivera-orgullo-latino-en-el-equipo-de-gimnasia-de-estados-unidos\/#article","isPartOf":{"@id":"https:\/\/panoramaciudadano.com\/index.php\/2024\/07\/03\/hezly-rivera-orgullo-latino-en-el-equipo-de-gimnasia-de-estados-unidos\/"},"author":{"name":"admin","@id":"https:\/\/panoramaciudadano.com\/#\/schema\/person\/ffe9fe8ef47d3a93977b5761fd9e0d96"},"headline":"Hezly Rivera, orgullo latino En el equipo de gimnasia de Estados Unidos","datePublished":"2024-07-03T17:24:00+00:00","dateModified":"2024-07-05T17:27:41+00:00","mainEntityOfPage":{"@id":"https:\/\/panoramaciudadano.com\/index.php\/2024\/07\/03\/hezly-rivera-orgullo-latino-en-el-equipo-de-gimnasia-de-estados-unidos\/"},"wordCount":353,"commentCount":0,"publisher":{"@id":"https:\/\/panoramaciudadano.com\/#organization"},"image":{"@id":"https:\/\/panoramaciudadano.com\/index.php\/2024\/07\/03\/hezly-rivera-orgullo-latino-en-el-equipo-de-gimnasia-de-estados-unidos\/#primaryimage"},"thumbnailUrl":"https:\/\/panoramaciudadano.com\/wp-content\/uploads\/2024\/07\/11-2.jpeg","keywords":["Hezly Rivera"],"articleSection":["Internacional"],"inLanguage":"es","potentialAction":[{"@type":"CommentAction","name":"Comment","target":["https:\/\/panoramaciudadano.com\/index.php\/2024\/07\/03\/hezly-rivera-orgullo-latino-en-el-equipo-de-gimnasia-de-estados-unidos\/#respond"]}]},{"@type":"WebPage","@id":"https:\/\/panoramaciudadano.com\/index.php\/2024\/07\/03\/hezly-rivera-orgullo-latino-en-el-equipo-de-gimnasia-de-estados-unidos\/","url":"https:\/\/panoramaciudadano.com\/index.php\/2024\/07\/03\/hezly-rivera-orgullo-latino-en-el-equipo-de-gimnasia-de-estados-unidos\/","name":"Hezly Rivera, orgullo latino En el equipo de gimnasia de Estados Unidos - Panorama Ciudadano","isPartOf":{"@id":"https:\/\/panoramaciudadano.com\/#website"},"primaryImageOfPage":{"@id":"https:\/\/panoramaciudadano.com\/index.php\/2024\/07\/03\/hezly-rivera-orgullo-latino-en-el-equipo-de-gimnasia-de-estados-unidos\/#primaryimage"},"image":{"@id":"https:\/\/panoramaciudadano.com\/index.php\/2024\/07\/03\/hezly-rivera-orgullo-latino-en-el-equipo-de-gimnasia-de-estados-unidos\/#primaryimage"},"thumbnailUrl":"https:\/\/panoramaciudadano.com\/wp-content\/uploads\/2024\/07\/11-2.jpeg","datePublished":"2024-07-03T17:24:00+00:00","dateModified":"2024-07-05T17:27:41+00:00","breadcrumb":{"@id":"https:\/\/panoramaciudadano.com\/index.php\/2024\/07\/03\/hezly-rivera-orgullo-latino-en-el-equipo-de-gimnasia-de-estados-unidos\/#breadcrumb"},"inLanguage":"es","potentialAction":[{"@type":"ReadAction","target":["https:\/\/panoramaciudadano.com\/index.php\/2024\/07\/03\/hezly-rivera-orgullo-latino-en-el-equipo-de-gimnasia-de-estados-unidos\/"]}]},{"@type":"ImageObject","inLanguage":"es","@id":"https:\/\/panoramaciudadano.com\/index.php\/2024\/07\/03\/hezly-rivera-orgullo-latino-en-el-equipo-de-gimnasia-de-estados-unidos\/#primaryimage","url":"https:\/\/panoramaciudadano.com\/wp-content\/uploads\/2024\/07\/11-2.jpeg","contentUrl":"https:\/\/panoramaciudadano.com\/wp-content\/uploads\/2024\/07\/11-2.jpeg","width":811,"height":540},{"@type":"BreadcrumbList","@id":"https:\/\/panoramaciudadano.com\/index.php\/2024\/07\/03\/hezly-rivera-orgullo-latino-en-el-equipo-de-gimnasia-de-estados-unidos\/#breadcrumb","itemListElement":[{"@type":"ListItem","position":1,"name":"Portada","item":"https:\/\/panoramaciudadano.com\/"},{"@type":"ListItem","position":2,"name":"Hezly Rivera, orgullo latino En el equipo de gimnasia de Estados Unidos"}]},{"@type":"WebSite","@id":"https:\/\/panoramaciudadano.com\/#website","url":"https:\/\/panoramaciudadano.com\/","name":"Panorama Ciudadano","description":"","publisher":{"@id":"https:\/\/panoramaciudadano.com\/#organization"},"potentialAction":[{"@type":"SearchAction","target":{"@type":"EntryPoint","urlTemplate":"https:\/\/panoramaciudadano.com\/?s={search_term_string}"},"query-input":{"@type":"PropertyValueSpecification","valueRequired":true,"valueName":"search_term_string"}}],"inLanguage":"es"},{"@type":"Organization","@id":"https:\/\/panoramaciudadano.com\/#organization","name":"Panorama Ciudadano","url":"https:\/\/panoramaciudadano.com\/","logo":{"@type":"ImageObject","inLanguage":"es","@id":"https:\/\/panoramaciudadano.com\/#\/schema\/logo\/image\/","url":"https:\/\/panoramaciudadano.com\/wp-content\/uploads\/2024\/05\/401498640_919267042938564_6290593609399108733_n.jpg","contentUrl":"https:\/\/panoramaciudadano.com\/wp-content\/uploads\/2024\/05\/401498640_919267042938564_6290593609399108733_n.jpg","width":960,"height":957,"caption":"Panorama Ciudadano"},"image":{"@id":"https:\/\/panoramaciudadano.com\/#\/schema\/logo\/image\/"},"sameAs":["https:\/\/www.facebook.com\/panoramaciudadano"]},{"@type":"Person","@id":"https:\/\/panoramaciudadano.com\/#\/schema\/person\/ffe9fe8ef47d3a93977b5761fd9e0d96","name":"admin","image":{"@type":"ImageObject","inLanguage":"es","@id":"https:\/\/panoramaciudadano.com\/#\/schema\/person\/image\/","url":"https:\/\/secure.gravatar.com\/avatar\/2d5a12cacce3f18096f25fadea8abb7202fef18ed669595589853e84260ff451?s=96&d=mm&r=g","contentUrl":"https:\/\/secure.gravatar.com\/avatar\/2d5a12cacce3f18096f25fadea8abb7202fef18ed669595589853e84260ff451?s=96&d=mm&r=g","caption":"admin"},"sameAs":["https:\/\/panoramaciudadano.com"],"url":"https:\/\/panoramaciudadano.com\/index.php\/author\/admin_3q6hyqq3\/"}]}},"_links":{"self":[{"href":"https:\/\/panoramaciudadano.com\/index.php\/wp-json\/wp\/v2\/posts\/1104","targetHints":{"allow":["GET"]}}],"collection":[{"href":"https:\/\/panoramaciudadano.com\/index.php\/wp-json\/wp\/v2\/posts"}],"about":[{"href":"https:\/\/panoramaciudadano.com\/index.php\/wp-json\/wp\/v2\/types\/post"}],"author":[{"embeddable":true,"href":"https:\/\/panoramaciudadano.com\/index.php\/wp-json\/wp\/v2\/users\/1"}],"replies":[{"embeddable":true,"href":"https:\/\/panoramaciudadano.com\/index.php\/wp-json\/wp\/v2\/comments?post=1104"}],"version-history":[{"count":1,"href":"https:\/\/panoramaciudadano.com\/index.php\/wp-json\/wp\/v2\/posts\/1104\/revisions"}],"predecessor-version":[{"id":1106,"href":"https:\/\/panoramaciudadano.com\/index.php\/wp-json\/wp\/v2\/posts\/1104\/revisions\/1106"}],"wp:featuredmedia":[{"embeddable":true,"href":"https:\/\/panoramaciudadano.com\/index.php\/wp-json\/wp\/v2\/media\/1105"}],"wp:attachment":[{"href":"https:\/\/panoramaciudadano.com\/index.php\/wp-json\/wp\/v2\/media?parent=1104"}],"wp:term":[{"taxonomy":"category","embeddable":true,"href":"https:\/\/panoramaciudadano.com\/index.php\/wp-json\/wp\/v2\/categories?post=1104"},{"taxonomy":"post_tag","embeddable":true,"href":"https:\/\/panoramaciudadano.com\/index.php\/wp-json\/wp\/v2\/tags?post=1104"}],"curies":[{"name":"wp","href":"https:\/\/api.w.org\/{rel}","templated":true}]}}