{"id":1116,"date":"2024-07-04T17:38:11","date_gmt":"2024-07-04T17:38:11","guid":{"rendered":"https:\/\/panoramaciudadano.com\/?p=1116"},"modified":"2024-07-05T17:50:19","modified_gmt":"2024-07-05T17:50:19","slug":"rescatan-cuerpos-de-cuatro-policias-arrastrados-por-rio-en-veracruz","status":"publish","type":"post","link":"https:\/\/panoramaciudadano.com\/index.php\/2024\/07\/04\/rescatan-cuerpos-de-cuatro-policias-arrastrados-por-rio-en-veracruz\/","title":{"rendered":"Rescatan cuerpos de cuatro polic\u00edas arrastrados por r\u00edo en Veracruz"},"content":{"rendered":"\n<figure class=\"wp-block-image size-full\"><img decoding=\"async\" width=\"843\" height=\"520\" src=\"https:\/\/panoramaciudadano.com\/wp-content\/uploads\/2024\/07\/17-1.jpeg\" alt=\"\" class=\"wp-image-1117\" srcset=\"https:\/\/panoramaciudadano.com\/wp-content\/uploads\/2024\/07\/17-1.jpeg 843w, https:\/\/panoramaciudadano.com\/wp-content\/uploads\/2024\/07\/17-1-300x185.jpeg 300w, https:\/\/panoramaciudadano.com\/wp-content\/uploads\/2024\/07\/17-1-768x474.jpeg 768w\" sizes=\"(max-width: 843px) 100vw, 843px\" \/><\/figure>\n\n\n\n<p>La unidad oficial en la que viajaban tambi\u00e9n fue hallada completamente destruida en el cauce del afluente que elev\u00f3 su nivel por las intensas precipitaciones pluviales.<\/p>\n\n\n\n<p>Cuatro elementos de la Polic\u00eda Municipal de Tepetl\u00e1n, una regi\u00f3n de la zona monta\u00f1osa central de Veracruz, murieron al ser arrastrados por la corriente de un r\u00edo.<\/p>\n\n\n\n<p>Fue el domingo pasado cuando fueron reportados como desaparecidos al llevar a cabo recorridos de atenci\u00f3n a posibles afectados por el paso de la tormenta tropical Chris.<\/p>\n\n\n\n<p>Durante las \u00faltimas 72 horas de b\u00fasqueda, fueron localizados los cuerpos de los cuatro polic\u00edas, entre ellos el Director de la Corporaci\u00f3n, los cuales hab\u00edan sido arrastrados por la corriente del R\u00edo Seco.<br>La unidad oficial en la que viajaban tambi\u00e9n fue hallada completamente destruida en el cauce del afluente que elev\u00f3 su nivel por las intensas precipitaciones pluviales.<\/p>\n\n\n\n<p>Se trata del director Isidro Solana y los polic\u00edas Ramiro Garc\u00eda, Luis S\u00e1nchez y Jorge D\u00edaz.<br>Fueron al menos 25 municipios veracruzanos los que sufrieron alg\u00fan tipo de afectaci\u00f3n a consecuencia de las intensas lluvias que dej\u00f3 a su paso la tormenta tropical Chris.<\/p>\n\n\n\n<p>Hubo cerca de dos mil viviendas con alg\u00fan tipo de da\u00f1o, deslaves en carreteras estatales y dos r\u00edos desbordados, pero en zonas altas; sin lesionados o fallecidos.<\/p>\n","protected":false},"excerpt":{"rendered":"<p>La unidad oficial en la que viajaban tambi\u00e9n fue hallada completamente destruida en el cauce del afluente que elev\u00f3 su nivel por las intensas precipitaciones pluviales.<\/p>\n","protected":false},"author":1,"featured_media":1117,"comment_status":"open","ping_status":"closed","sticky":false,"template":"","format":"standard","meta":{"footnotes":""},"categories":[3],"tags":[644],"class_list":["post-1116","post","type-post","status-publish","format-standard","has-post-thumbnail","hentry","category-nacional","tag-veracruz"],"yoast_head":"<!-- This site is optimized with the Yoast SEO plugin v27.1.1 - https:\/\/yoast.com\/product\/yoast-seo-wordpress\/ -->\n<title>Rescatan cuerpos de cuatro polic\u00edas arrastrados por r\u00edo en Veracruz - Panorama Ciudadano<\/title>\n<meta name=\"robots\" content=\"index, follow, max-snippet:-1, max-image-preview:large, max-video-preview:-1\" \/>\n<link rel=\"canonical\" href=\"https:\/\/panoramaciudadano.com\/index.php\/2024\/07\/04\/rescatan-cuerpos-de-cuatro-policias-arrastrados-por-rio-en-veracruz\/\" \/>\n<meta property=\"og:locale\" content=\"es_ES\" \/>\n<meta property=\"og:type\" content=\"article\" \/>\n<meta property=\"og:title\" content=\"Rescatan cuerpos de cuatro polic\u00edas arrastrados por r\u00edo en Veracruz - Panorama Ciudadano\" \/>\n<meta property=\"og:description\" content=\"La unidad oficial en la que viajaban tambi\u00e9n fue hallada completamente destruida en el cauce del afluente que elev\u00f3 su nivel por las intensas precipitaciones pluviales.\" \/>\n<meta property=\"og:url\" content=\"https:\/\/panoramaciudadano.com\/index.php\/2024\/07\/04\/rescatan-cuerpos-de-cuatro-policias-arrastrados-por-rio-en-veracruz\/\" \/>\n<meta property=\"og:site_name\" content=\"Panorama Ciudadano\" \/>\n<meta property=\"article:publisher\" content=\"https:\/\/www.facebook.com\/panoramaciudadano\" \/>\n<meta property=\"article:published_time\" content=\"2024-07-04T17:38:11+00:00\" \/>\n<meta property=\"article:modified_time\" content=\"2024-07-05T17:50:19+00:00\" \/>\n<meta property=\"og:image\" content=\"https:\/\/panoramaciudadano.com\/wp-content\/uploads\/2024\/07\/17-1.jpeg\" \/>\n\t<meta property=\"og:image:width\" content=\"843\" \/>\n\t<meta property=\"og:image:height\" content=\"520\" \/>\n\t<meta property=\"og:image:type\" content=\"image\/jpeg\" \/>\n<meta name=\"author\" content=\"admin\" \/>\n<meta name=\"twitter:card\" content=\"summary_large_image\" \/>\n<meta name=\"twitter:label1\" content=\"Escrito por\" \/>\n\t<meta name=\"twitter:data1\" content=\"admin\" \/>\n\t<meta name=\"twitter:label2\" content=\"Tiempo de lectura\" \/>\n\t<meta name=\"twitter:data2\" content=\"2 minutos\" \/>\n<script type=\"application\/ld+json\" class=\"yoast-schema-graph\">{\"@context\":\"https:\/\/schema.org\",\"@graph\":[{\"@type\":\"Article\",\"@id\":\"https:\/\/panoramaciudadano.com\/index.php\/2024\/07\/04\/rescatan-cuerpos-de-cuatro-policias-arrastrados-por-rio-en-veracruz\/#article\",\"isPartOf\":{\"@id\":\"https:\/\/panoramaciudadano.com\/index.php\/2024\/07\/04\/rescatan-cuerpos-de-cuatro-policias-arrastrados-por-rio-en-veracruz\/\"},\"author\":{\"name\":\"admin\",\"@id\":\"https:\/\/panoramaciudadano.com\/#\/schema\/person\/ffe9fe8ef47d3a93977b5761fd9e0d96\"},\"headline\":\"Rescatan cuerpos de cuatro polic\u00edas arrastrados por r\u00edo en Veracruz\",\"datePublished\":\"2024-07-04T17:38:11+00:00\",\"dateModified\":\"2024-07-05T17:50:19+00:00\",\"mainEntityOfPage\":{\"@id\":\"https:\/\/panoramaciudadano.com\/index.php\/2024\/07\/04\/rescatan-cuerpos-de-cuatro-policias-arrastrados-por-rio-en-veracruz\/\"},\"wordCount\":242,\"commentCount\":0,\"publisher\":{\"@id\":\"https:\/\/panoramaciudadano.com\/#organization\"},\"image\":{\"@id\":\"https:\/\/panoramaciudadano.com\/index.php\/2024\/07\/04\/rescatan-cuerpos-de-cuatro-policias-arrastrados-por-rio-en-veracruz\/#primaryimage\"},\"thumbnailUrl\":\"https:\/\/panoramaciudadano.com\/wp-content\/uploads\/2024\/07\/17-1.jpeg\",\"keywords\":[\"Veracruz\"],\"articleSection\":[\"Nacional\"],\"inLanguage\":\"es\",\"potentialAction\":[{\"@type\":\"CommentAction\",\"name\":\"Comment\",\"target\":[\"https:\/\/panoramaciudadano.com\/index.php\/2024\/07\/04\/rescatan-cuerpos-de-cuatro-policias-arrastrados-por-rio-en-veracruz\/#respond\"]}]},{\"@type\":\"WebPage\",\"@id\":\"https:\/\/panoramaciudadano.com\/index.php\/2024\/07\/04\/rescatan-cuerpos-de-cuatro-policias-arrastrados-por-rio-en-veracruz\/\",\"url\":\"https:\/\/panoramaciudadano.com\/index.php\/2024\/07\/04\/rescatan-cuerpos-de-cuatro-policias-arrastrados-por-rio-en-veracruz\/\",\"name\":\"Rescatan cuerpos de cuatro polic\u00edas arrastrados por r\u00edo en Veracruz - Panorama Ciudadano\",\"isPartOf\":{\"@id\":\"https:\/\/panoramaciudadano.com\/#website\"},\"primaryImageOfPage\":{\"@id\":\"https:\/\/panoramaciudadano.com\/index.php\/2024\/07\/04\/rescatan-cuerpos-de-cuatro-policias-arrastrados-por-rio-en-veracruz\/#primaryimage\"},\"image\":{\"@id\":\"https:\/\/panoramaciudadano.com\/index.php\/2024\/07\/04\/rescatan-cuerpos-de-cuatro-policias-arrastrados-por-rio-en-veracruz\/#primaryimage\"},\"thumbnailUrl\":\"https:\/\/panoramaciudadano.com\/wp-content\/uploads\/2024\/07\/17-1.jpeg\",\"datePublished\":\"2024-07-04T17:38:11+00:00\",\"dateModified\":\"2024-07-05T17:50:19+00:00\",\"breadcrumb\":{\"@id\":\"https:\/\/panoramaciudadano.com\/index.php\/2024\/07\/04\/rescatan-cuerpos-de-cuatro-policias-arrastrados-por-rio-en-veracruz\/#breadcrumb\"},\"inLanguage\":\"es\",\"potentialAction\":[{\"@type\":\"ReadAction\",\"target\":[\"https:\/\/panoramaciudadano.com\/index.php\/2024\/07\/04\/rescatan-cuerpos-de-cuatro-policias-arrastrados-por-rio-en-veracruz\/\"]}]},{\"@type\":\"ImageObject\",\"inLanguage\":\"es\",\"@id\":\"https:\/\/panoramaciudadano.com\/index.php\/2024\/07\/04\/rescatan-cuerpos-de-cuatro-policias-arrastrados-por-rio-en-veracruz\/#primaryimage\",\"url\":\"https:\/\/panoramaciudadano.com\/wp-content\/uploads\/2024\/07\/17-1.jpeg\",\"contentUrl\":\"https:\/\/panoramaciudadano.com\/wp-content\/uploads\/2024\/07\/17-1.jpeg\",\"width\":843,\"height\":520},{\"@type\":\"BreadcrumbList\",\"@id\":\"https:\/\/panoramaciudadano.com\/index.php\/2024\/07\/04\/rescatan-cuerpos-de-cuatro-policias-arrastrados-por-rio-en-veracruz\/#breadcrumb\",\"itemListElement\":[{\"@type\":\"ListItem\",\"position\":1,\"name\":\"Portada\",\"item\":\"https:\/\/panoramaciudadano.com\/\"},{\"@type\":\"ListItem\",\"position\":2,\"name\":\"Rescatan cuerpos de cuatro polic\u00edas arrastrados por r\u00edo en Veracruz\"}]},{\"@type\":\"WebSite\",\"@id\":\"https:\/\/panoramaciudadano.com\/#website\",\"url\":\"https:\/\/panoramaciudadano.com\/\",\"name\":\"Panorama Ciudadano\",\"description\":\"\",\"publisher\":{\"@id\":\"https:\/\/panoramaciudadano.com\/#organization\"},\"potentialAction\":[{\"@type\":\"SearchAction\",\"target\":{\"@type\":\"EntryPoint\",\"urlTemplate\":\"https:\/\/panoramaciudadano.com\/?s={search_term_string}\"},\"query-input\":{\"@type\":\"PropertyValueSpecification\",\"valueRequired\":true,\"valueName\":\"search_term_string\"}}],\"inLanguage\":\"es\"},{\"@type\":\"Organization\",\"@id\":\"https:\/\/panoramaciudadano.com\/#organization\",\"name\":\"Panorama Ciudadano\",\"url\":\"https:\/\/panoramaciudadano.com\/\",\"logo\":{\"@type\":\"ImageObject\",\"inLanguage\":\"es\",\"@id\":\"https:\/\/panoramaciudadano.com\/#\/schema\/logo\/image\/\",\"url\":\"https:\/\/panoramaciudadano.com\/wp-content\/uploads\/2024\/05\/401498640_919267042938564_6290593609399108733_n.jpg\",\"contentUrl\":\"https:\/\/panoramaciudadano.com\/wp-content\/uploads\/2024\/05\/401498640_919267042938564_6290593609399108733_n.jpg\",\"width\":960,\"height\":957,\"caption\":\"Panorama Ciudadano\"},\"image\":{\"@id\":\"https:\/\/panoramaciudadano.com\/#\/schema\/logo\/image\/\"},\"sameAs\":[\"https:\/\/www.facebook.com\/panoramaciudadano\"]},{\"@type\":\"Person\",\"@id\":\"https:\/\/panoramaciudadano.com\/#\/schema\/person\/ffe9fe8ef47d3a93977b5761fd9e0d96\",\"name\":\"admin\",\"image\":{\"@type\":\"ImageObject\",\"inLanguage\":\"es\",\"@id\":\"https:\/\/panoramaciudadano.com\/#\/schema\/person\/image\/\",\"url\":\"https:\/\/secure.gravatar.com\/avatar\/2d5a12cacce3f18096f25fadea8abb7202fef18ed669595589853e84260ff451?s=96&d=mm&r=g\",\"contentUrl\":\"https:\/\/secure.gravatar.com\/avatar\/2d5a12cacce3f18096f25fadea8abb7202fef18ed669595589853e84260ff451?s=96&d=mm&r=g\",\"caption\":\"admin\"},\"sameAs\":[\"https:\/\/panoramaciudadano.com\"],\"url\":\"https:\/\/panoramaciudadano.com\/index.php\/author\/admin_3q6hyqq3\/\"}]}<\/script>\n<!-- \/ Yoast SEO plugin. -->","yoast_head_json":{"title":"Rescatan cuerpos de cuatro polic\u00edas arrastrados por r\u00edo en Veracruz - Panorama Ciudadano","robots":{"index":"index","follow":"follow","max-snippet":"max-snippet:-1","max-image-preview":"max-image-preview:large","max-video-preview":"max-video-preview:-1"},"canonical":"https:\/\/panoramaciudadano.com\/index.php\/2024\/07\/04\/rescatan-cuerpos-de-cuatro-policias-arrastrados-por-rio-en-veracruz\/","og_locale":"es_ES","og_type":"article","og_title":"Rescatan cuerpos de cuatro polic\u00edas arrastrados por r\u00edo en Veracruz - Panorama Ciudadano","og_description":"La unidad oficial en la que viajaban tambi\u00e9n fue hallada completamente destruida en el cauce del afluente que elev\u00f3 su nivel por las intensas precipitaciones pluviales.","og_url":"https:\/\/panoramaciudadano.com\/index.php\/2024\/07\/04\/rescatan-cuerpos-de-cuatro-policias-arrastrados-por-rio-en-veracruz\/","og_site_name":"Panorama Ciudadano","article_publisher":"https:\/\/www.facebook.com\/panoramaciudadano","article_published_time":"2024-07-04T17:38:11+00:00","article_modified_time":"2024-07-05T17:50:19+00:00","og_image":[{"width":843,"height":520,"url":"https:\/\/panoramaciudadano.com\/wp-content\/uploads\/2024\/07\/17-1.jpeg","type":"image\/jpeg"}],"author":"admin","twitter_card":"summary_large_image","twitter_misc":{"Escrito por":"admin","Tiempo de lectura":"2 minutos"},"schema":{"@context":"https:\/\/schema.org","@graph":[{"@type":"Article","@id":"https:\/\/panoramaciudadano.com\/index.php\/2024\/07\/04\/rescatan-cuerpos-de-cuatro-policias-arrastrados-por-rio-en-veracruz\/#article","isPartOf":{"@id":"https:\/\/panoramaciudadano.com\/index.php\/2024\/07\/04\/rescatan-cuerpos-de-cuatro-policias-arrastrados-por-rio-en-veracruz\/"},"author":{"name":"admin","@id":"https:\/\/panoramaciudadano.com\/#\/schema\/person\/ffe9fe8ef47d3a93977b5761fd9e0d96"},"headline":"Rescatan cuerpos de cuatro polic\u00edas arrastrados por r\u00edo en Veracruz","datePublished":"2024-07-04T17:38:11+00:00","dateModified":"2024-07-05T17:50:19+00:00","mainEntityOfPage":{"@id":"https:\/\/panoramaciudadano.com\/index.php\/2024\/07\/04\/rescatan-cuerpos-de-cuatro-policias-arrastrados-por-rio-en-veracruz\/"},"wordCount":242,"commentCount":0,"publisher":{"@id":"https:\/\/panoramaciudadano.com\/#organization"},"image":{"@id":"https:\/\/panoramaciudadano.com\/index.php\/2024\/07\/04\/rescatan-cuerpos-de-cuatro-policias-arrastrados-por-rio-en-veracruz\/#primaryimage"},"thumbnailUrl":"https:\/\/panoramaciudadano.com\/wp-content\/uploads\/2024\/07\/17-1.jpeg","keywords":["Veracruz"],"articleSection":["Nacional"],"inLanguage":"es","potentialAction":[{"@type":"CommentAction","name":"Comment","target":["https:\/\/panoramaciudadano.com\/index.php\/2024\/07\/04\/rescatan-cuerpos-de-cuatro-policias-arrastrados-por-rio-en-veracruz\/#respond"]}]},{"@type":"WebPage","@id":"https:\/\/panoramaciudadano.com\/index.php\/2024\/07\/04\/rescatan-cuerpos-de-cuatro-policias-arrastrados-por-rio-en-veracruz\/","url":"https:\/\/panoramaciudadano.com\/index.php\/2024\/07\/04\/rescatan-cuerpos-de-cuatro-policias-arrastrados-por-rio-en-veracruz\/","name":"Rescatan cuerpos de cuatro polic\u00edas arrastrados por r\u00edo en Veracruz - Panorama Ciudadano","isPartOf":{"@id":"https:\/\/panoramaciudadano.com\/#website"},"primaryImageOfPage":{"@id":"https:\/\/panoramaciudadano.com\/index.php\/2024\/07\/04\/rescatan-cuerpos-de-cuatro-policias-arrastrados-por-rio-en-veracruz\/#primaryimage"},"image":{"@id":"https:\/\/panoramaciudadano.com\/index.php\/2024\/07\/04\/rescatan-cuerpos-de-cuatro-policias-arrastrados-por-rio-en-veracruz\/#primaryimage"},"thumbnailUrl":"https:\/\/panoramaciudadano.com\/wp-content\/uploads\/2024\/07\/17-1.jpeg","datePublished":"2024-07-04T17:38:11+00:00","dateModified":"2024-07-05T17:50:19+00:00","breadcrumb":{"@id":"https:\/\/panoramaciudadano.com\/index.php\/2024\/07\/04\/rescatan-cuerpos-de-cuatro-policias-arrastrados-por-rio-en-veracruz\/#breadcrumb"},"inLanguage":"es","potentialAction":[{"@type":"ReadAction","target":["https:\/\/panoramaciudadano.com\/index.php\/2024\/07\/04\/rescatan-cuerpos-de-cuatro-policias-arrastrados-por-rio-en-veracruz\/"]}]},{"@type":"ImageObject","inLanguage":"es","@id":"https:\/\/panoramaciudadano.com\/index.php\/2024\/07\/04\/rescatan-cuerpos-de-cuatro-policias-arrastrados-por-rio-en-veracruz\/#primaryimage","url":"https:\/\/panoramaciudadano.com\/wp-content\/uploads\/2024\/07\/17-1.jpeg","contentUrl":"https:\/\/panoramaciudadano.com\/wp-content\/uploads\/2024\/07\/17-1.jpeg","width":843,"height":520},{"@type":"BreadcrumbList","@id":"https:\/\/panoramaciudadano.com\/index.php\/2024\/07\/04\/rescatan-cuerpos-de-cuatro-policias-arrastrados-por-rio-en-veracruz\/#breadcrumb","itemListElement":[{"@type":"ListItem","position":1,"name":"Portada","item":"https:\/\/panoramaciudadano.com\/"},{"@type":"ListItem","position":2,"name":"Rescatan cuerpos de cuatro polic\u00edas arrastrados por r\u00edo en Veracruz"}]},{"@type":"WebSite","@id":"https:\/\/panoramaciudadano.com\/#website","url":"https:\/\/panoramaciudadano.com\/","name":"Panorama Ciudadano","description":"","publisher":{"@id":"https:\/\/panoramaciudadano.com\/#organization"},"potentialAction":[{"@type":"SearchAction","target":{"@type":"EntryPoint","urlTemplate":"https:\/\/panoramaciudadano.com\/?s={search_term_string}"},"query-input":{"@type":"PropertyValueSpecification","valueRequired":true,"valueName":"search_term_string"}}],"inLanguage":"es"},{"@type":"Organization","@id":"https:\/\/panoramaciudadano.com\/#organization","name":"Panorama Ciudadano","url":"https:\/\/panoramaciudadano.com\/","logo":{"@type":"ImageObject","inLanguage":"es","@id":"https:\/\/panoramaciudadano.com\/#\/schema\/logo\/image\/","url":"https:\/\/panoramaciudadano.com\/wp-content\/uploads\/2024\/05\/401498640_919267042938564_6290593609399108733_n.jpg","contentUrl":"https:\/\/panoramaciudadano.com\/wp-content\/uploads\/2024\/05\/401498640_919267042938564_6290593609399108733_n.jpg","width":960,"height":957,"caption":"Panorama Ciudadano"},"image":{"@id":"https:\/\/panoramaciudadano.com\/#\/schema\/logo\/image\/"},"sameAs":["https:\/\/www.facebook.com\/panoramaciudadano"]},{"@type":"Person","@id":"https:\/\/panoramaciudadano.com\/#\/schema\/person\/ffe9fe8ef47d3a93977b5761fd9e0d96","name":"admin","image":{"@type":"ImageObject","inLanguage":"es","@id":"https:\/\/panoramaciudadano.com\/#\/schema\/person\/image\/","url":"https:\/\/secure.gravatar.com\/avatar\/2d5a12cacce3f18096f25fadea8abb7202fef18ed669595589853e84260ff451?s=96&d=mm&r=g","contentUrl":"https:\/\/secure.gravatar.com\/avatar\/2d5a12cacce3f18096f25fadea8abb7202fef18ed669595589853e84260ff451?s=96&d=mm&r=g","caption":"admin"},"sameAs":["https:\/\/panoramaciudadano.com"],"url":"https:\/\/panoramaciudadano.com\/index.php\/author\/admin_3q6hyqq3\/"}]}},"_links":{"self":[{"href":"https:\/\/panoramaciudadano.com\/index.php\/wp-json\/wp\/v2\/posts\/1116","targetHints":{"allow":["GET"]}}],"collection":[{"href":"https:\/\/panoramaciudadano.com\/index.php\/wp-json\/wp\/v2\/posts"}],"about":[{"href":"https:\/\/panoramaciudadano.com\/index.php\/wp-json\/wp\/v2\/types\/post"}],"author":[{"embeddable":true,"href":"https:\/\/panoramaciudadano.com\/index.php\/wp-json\/wp\/v2\/users\/1"}],"replies":[{"embeddable":true,"href":"https:\/\/panoramaciudadano.com\/index.php\/wp-json\/wp\/v2\/comments?post=1116"}],"version-history":[{"count":1,"href":"https:\/\/panoramaciudadano.com\/index.php\/wp-json\/wp\/v2\/posts\/1116\/revisions"}],"predecessor-version":[{"id":1118,"href":"https:\/\/panoramaciudadano.com\/index.php\/wp-json\/wp\/v2\/posts\/1116\/revisions\/1118"}],"wp:featuredmedia":[{"embeddable":true,"href":"https:\/\/panoramaciudadano.com\/index.php\/wp-json\/wp\/v2\/media\/1117"}],"wp:attachment":[{"href":"https:\/\/panoramaciudadano.com\/index.php\/wp-json\/wp\/v2\/media?parent=1116"}],"wp:term":[{"taxonomy":"category","embeddable":true,"href":"https:\/\/panoramaciudadano.com\/index.php\/wp-json\/wp\/v2\/categories?post=1116"},{"taxonomy":"post_tag","embeddable":true,"href":"https:\/\/panoramaciudadano.com\/index.php\/wp-json\/wp\/v2\/tags?post=1116"}],"curies":[{"name":"wp","href":"https:\/\/api.w.org\/{rel}","templated":true}]}}