{"id":1119,"date":"2024-07-04T17:40:31","date_gmt":"2024-07-04T17:40:31","guid":{"rendered":"https:\/\/panoramaciudadano.com\/?p=1119"},"modified":"2024-07-05T17:42:29","modified_gmt":"2024-07-05T17:42:29","slug":"bruno-amione-con-el-animo-a-tope","status":"publish","type":"post","link":"https:\/\/panoramaciudadano.com\/index.php\/2024\/07\/04\/bruno-amione-con-el-animo-a-tope\/","title":{"rendered":"Bruno Amione con el \u00e1nimo a tope"},"content":{"rendered":"\n<figure class=\"wp-block-image size-full\"><img decoding=\"async\" width=\"720\" height=\"540\" src=\"https:\/\/panoramaciudadano.com\/wp-content\/uploads\/2024\/07\/18.jpeg\" alt=\"\" class=\"wp-image-1120\" srcset=\"https:\/\/panoramaciudadano.com\/wp-content\/uploads\/2024\/07\/18.jpeg 720w, https:\/\/panoramaciudadano.com\/wp-content\/uploads\/2024\/07\/18-300x225.jpeg 300w\" sizes=\"(max-width: 720px) 100vw, 720px\" \/><\/figure>\n\n\n\n<p>Con alegr\u00eda es como ha trabajado el defensa de Santos Laguna, Bruno Amione, esto a causa del reciente llamado que le hizo Javier Mascherano, t\u00e9cnico de la selecci\u00f3n de Argentina Sub 23, para disputar los pr\u00f3ximos Juegos Ol\u00edmpicos de Par\u00eds 2024, con el combinado albiceleste, por lo que el integrante de los Guerreros tiene el \u00e1nimo a tope.<\/p>\n\n\n\n<p>Estoy muy contento por estar en la selecci\u00f3n, aunque ahorita mi cabeza est\u00e1 en el partido del viernes. El mi\u00e9rcoles viajo a Francia, tratar\u00e9 de dar lo mejor, quiero sumar minutos y vivir esa experiencia inolvidable. Javier Mascherano me llam\u00f3 hace un par de semanas cuando me iba a convocar, me pone feliz, vestir la camiseta de Argentina es un orgullo\u201d, declar\u00f3.<\/p>\n\n\n\n<p>Aunque Amione podr\u00e1 disputar la Jornada 1 del Apertura 2024, sabe que despu\u00e9s dejar\u00e1 al equipo lagunero, pero con la confianza de que sus compa\u00f1eros podr\u00e1n hacer bien las cosas en el arranque de temporada.<\/p>\n\n\n\n<p>S\u00e9 que dejo al equipo en un momento importante, con la ausencia de algunos compa\u00f1eros, pero conf\u00edo en que quienes se quedan har\u00e1n una buena labor. Tenemos grandes defensores y el regreso de Anderson Santamar\u00eda es una buena noticia, aunque Santiago N\u00fa\u00f1ez sali\u00f3 un poco lastimado del ensayo de este mi\u00e9rcoles\u00bb, manifest\u00f3.<\/p>\n\n\n\n<p>Respecto a los camoteros del Puebla, el rival de Santos en el inicio de campa\u00f1a, Bruno se\u00f1al\u00f3 que ser\u00e1 un duelo complicado, pero han trabajado para obtener un buen resultado en lo que ser\u00e1 su visita al Estadio Cuauht\u00e9moc.<\/p>\n\n\n\n<p>No me ha tocado jugar frente a Puebla, pero sabemos que es un rival dif\u00edcil, tiene muy buenos jugadores, pero nosotros estamos bien preparados, porque tuvimos una pretemporada larga. Estamos bien para afrontar el partido de este viernes, entonces trataremos de dar lo mejor\u201d, finaliz\u00f3.<\/p>\n","protected":false},"excerpt":{"rendered":"<p>Con alegr\u00eda es como ha trabajado el defensa de Santos Laguna, Bruno Amione, esto a causa del reciente llamado que le hizo Javier Mascherano, t\u00e9cnico de la selecci\u00f3n de Argentina Sub 23, para disputar los pr\u00f3ximos Juegos Ol\u00edmpicos de Par\u00eds 2024, con el combinado albiceleste, por lo que el integrante de los Guerreros tiene el [&hellip;]<\/p>\n","protected":false},"author":1,"featured_media":1120,"comment_status":"open","ping_status":"closed","sticky":false,"template":"","format":"standard","meta":{"footnotes":""},"categories":[15],"tags":[645,647,646],"class_list":["post-1119","post","type-post","status-publish","format-standard","has-post-thumbnail","hentry","category-deportes","tag-bruno-amione","tag-javier-mascherano","tag-pachuca"],"yoast_head":"<!-- This site is optimized with the Yoast SEO plugin v27.1.1 - https:\/\/yoast.com\/product\/yoast-seo-wordpress\/ -->\n<title>Bruno Amione con el \u00e1nimo a tope - Panorama Ciudadano<\/title>\n<meta name=\"robots\" content=\"index, follow, max-snippet:-1, max-image-preview:large, max-video-preview:-1\" \/>\n<link rel=\"canonical\" href=\"https:\/\/panoramaciudadano.com\/index.php\/2024\/07\/04\/bruno-amione-con-el-animo-a-tope\/\" \/>\n<meta property=\"og:locale\" content=\"es_ES\" \/>\n<meta property=\"og:type\" content=\"article\" \/>\n<meta property=\"og:title\" content=\"Bruno Amione con el \u00e1nimo a tope - Panorama Ciudadano\" \/>\n<meta property=\"og:description\" content=\"Con alegr\u00eda es como ha trabajado el defensa de Santos Laguna, Bruno Amione, esto a causa del reciente llamado que le hizo Javier Mascherano, t\u00e9cnico de la selecci\u00f3n de Argentina Sub 23, para disputar los pr\u00f3ximos Juegos Ol\u00edmpicos de Par\u00eds 2024, con el combinado albiceleste, por lo que el integrante de los Guerreros tiene el [&hellip;]\" \/>\n<meta property=\"og:url\" content=\"https:\/\/panoramaciudadano.com\/index.php\/2024\/07\/04\/bruno-amione-con-el-animo-a-tope\/\" \/>\n<meta property=\"og:site_name\" content=\"Panorama Ciudadano\" \/>\n<meta property=\"article:publisher\" content=\"https:\/\/www.facebook.com\/panoramaciudadano\" \/>\n<meta property=\"article:published_time\" content=\"2024-07-04T17:40:31+00:00\" \/>\n<meta property=\"article:modified_time\" content=\"2024-07-05T17:42:29+00:00\" \/>\n<meta property=\"og:image\" content=\"https:\/\/panoramaciudadano.com\/wp-content\/uploads\/2024\/07\/18.jpeg\" \/>\n\t<meta property=\"og:image:width\" content=\"720\" \/>\n\t<meta property=\"og:image:height\" content=\"540\" \/>\n\t<meta property=\"og:image:type\" content=\"image\/jpeg\" \/>\n<meta name=\"author\" content=\"admin\" \/>\n<meta name=\"twitter:card\" content=\"summary_large_image\" \/>\n<meta name=\"twitter:label1\" content=\"Escrito por\" \/>\n\t<meta name=\"twitter:data1\" content=\"admin\" \/>\n\t<meta name=\"twitter:label2\" content=\"Tiempo de lectura\" \/>\n\t<meta name=\"twitter:data2\" content=\"2 minutos\" \/>\n<script type=\"application\/ld+json\" class=\"yoast-schema-graph\">{\"@context\":\"https:\/\/schema.org\",\"@graph\":[{\"@type\":\"Article\",\"@id\":\"https:\/\/panoramaciudadano.com\/index.php\/2024\/07\/04\/bruno-amione-con-el-animo-a-tope\/#article\",\"isPartOf\":{\"@id\":\"https:\/\/panoramaciudadano.com\/index.php\/2024\/07\/04\/bruno-amione-con-el-animo-a-tope\/\"},\"author\":{\"name\":\"admin\",\"@id\":\"https:\/\/panoramaciudadano.com\/#\/schema\/person\/ffe9fe8ef47d3a93977b5761fd9e0d96\"},\"headline\":\"Bruno Amione con el \u00e1nimo a tope\",\"datePublished\":\"2024-07-04T17:40:31+00:00\",\"dateModified\":\"2024-07-05T17:42:29+00:00\",\"mainEntityOfPage\":{\"@id\":\"https:\/\/panoramaciudadano.com\/index.php\/2024\/07\/04\/bruno-amione-con-el-animo-a-tope\/\"},\"wordCount\":315,\"commentCount\":0,\"publisher\":{\"@id\":\"https:\/\/panoramaciudadano.com\/#organization\"},\"image\":{\"@id\":\"https:\/\/panoramaciudadano.com\/index.php\/2024\/07\/04\/bruno-amione-con-el-animo-a-tope\/#primaryimage\"},\"thumbnailUrl\":\"https:\/\/panoramaciudadano.com\/wp-content\/uploads\/2024\/07\/18.jpeg\",\"keywords\":[\"Bruno Amione\",\"Javier Mascherano\",\"Pachuca\"],\"articleSection\":[\"Deportes\"],\"inLanguage\":\"es\",\"potentialAction\":[{\"@type\":\"CommentAction\",\"name\":\"Comment\",\"target\":[\"https:\/\/panoramaciudadano.com\/index.php\/2024\/07\/04\/bruno-amione-con-el-animo-a-tope\/#respond\"]}]},{\"@type\":\"WebPage\",\"@id\":\"https:\/\/panoramaciudadano.com\/index.php\/2024\/07\/04\/bruno-amione-con-el-animo-a-tope\/\",\"url\":\"https:\/\/panoramaciudadano.com\/index.php\/2024\/07\/04\/bruno-amione-con-el-animo-a-tope\/\",\"name\":\"Bruno Amione con el \u00e1nimo a tope - Panorama Ciudadano\",\"isPartOf\":{\"@id\":\"https:\/\/panoramaciudadano.com\/#website\"},\"primaryImageOfPage\":{\"@id\":\"https:\/\/panoramaciudadano.com\/index.php\/2024\/07\/04\/bruno-amione-con-el-animo-a-tope\/#primaryimage\"},\"image\":{\"@id\":\"https:\/\/panoramaciudadano.com\/index.php\/2024\/07\/04\/bruno-amione-con-el-animo-a-tope\/#primaryimage\"},\"thumbnailUrl\":\"https:\/\/panoramaciudadano.com\/wp-content\/uploads\/2024\/07\/18.jpeg\",\"datePublished\":\"2024-07-04T17:40:31+00:00\",\"dateModified\":\"2024-07-05T17:42:29+00:00\",\"breadcrumb\":{\"@id\":\"https:\/\/panoramaciudadano.com\/index.php\/2024\/07\/04\/bruno-amione-con-el-animo-a-tope\/#breadcrumb\"},\"inLanguage\":\"es\",\"potentialAction\":[{\"@type\":\"ReadAction\",\"target\":[\"https:\/\/panoramaciudadano.com\/index.php\/2024\/07\/04\/bruno-amione-con-el-animo-a-tope\/\"]}]},{\"@type\":\"ImageObject\",\"inLanguage\":\"es\",\"@id\":\"https:\/\/panoramaciudadano.com\/index.php\/2024\/07\/04\/bruno-amione-con-el-animo-a-tope\/#primaryimage\",\"url\":\"https:\/\/panoramaciudadano.com\/wp-content\/uploads\/2024\/07\/18.jpeg\",\"contentUrl\":\"https:\/\/panoramaciudadano.com\/wp-content\/uploads\/2024\/07\/18.jpeg\",\"width\":720,\"height\":540},{\"@type\":\"BreadcrumbList\",\"@id\":\"https:\/\/panoramaciudadano.com\/index.php\/2024\/07\/04\/bruno-amione-con-el-animo-a-tope\/#breadcrumb\",\"itemListElement\":[{\"@type\":\"ListItem\",\"position\":1,\"name\":\"Portada\",\"item\":\"https:\/\/panoramaciudadano.com\/\"},{\"@type\":\"ListItem\",\"position\":2,\"name\":\"Bruno Amione con el \u00e1nimo a tope\"}]},{\"@type\":\"WebSite\",\"@id\":\"https:\/\/panoramaciudadano.com\/#website\",\"url\":\"https:\/\/panoramaciudadano.com\/\",\"name\":\"Panorama Ciudadano\",\"description\":\"\",\"publisher\":{\"@id\":\"https:\/\/panoramaciudadano.com\/#organization\"},\"potentialAction\":[{\"@type\":\"SearchAction\",\"target\":{\"@type\":\"EntryPoint\",\"urlTemplate\":\"https:\/\/panoramaciudadano.com\/?s={search_term_string}\"},\"query-input\":{\"@type\":\"PropertyValueSpecification\",\"valueRequired\":true,\"valueName\":\"search_term_string\"}}],\"inLanguage\":\"es\"},{\"@type\":\"Organization\",\"@id\":\"https:\/\/panoramaciudadano.com\/#organization\",\"name\":\"Panorama Ciudadano\",\"url\":\"https:\/\/panoramaciudadano.com\/\",\"logo\":{\"@type\":\"ImageObject\",\"inLanguage\":\"es\",\"@id\":\"https:\/\/panoramaciudadano.com\/#\/schema\/logo\/image\/\",\"url\":\"https:\/\/panoramaciudadano.com\/wp-content\/uploads\/2024\/05\/401498640_919267042938564_6290593609399108733_n.jpg\",\"contentUrl\":\"https:\/\/panoramaciudadano.com\/wp-content\/uploads\/2024\/05\/401498640_919267042938564_6290593609399108733_n.jpg\",\"width\":960,\"height\":957,\"caption\":\"Panorama Ciudadano\"},\"image\":{\"@id\":\"https:\/\/panoramaciudadano.com\/#\/schema\/logo\/image\/\"},\"sameAs\":[\"https:\/\/www.facebook.com\/panoramaciudadano\"]},{\"@type\":\"Person\",\"@id\":\"https:\/\/panoramaciudadano.com\/#\/schema\/person\/ffe9fe8ef47d3a93977b5761fd9e0d96\",\"name\":\"admin\",\"image\":{\"@type\":\"ImageObject\",\"inLanguage\":\"es\",\"@id\":\"https:\/\/panoramaciudadano.com\/#\/schema\/person\/image\/\",\"url\":\"https:\/\/secure.gravatar.com\/avatar\/2d5a12cacce3f18096f25fadea8abb7202fef18ed669595589853e84260ff451?s=96&d=mm&r=g\",\"contentUrl\":\"https:\/\/secure.gravatar.com\/avatar\/2d5a12cacce3f18096f25fadea8abb7202fef18ed669595589853e84260ff451?s=96&d=mm&r=g\",\"caption\":\"admin\"},\"sameAs\":[\"https:\/\/panoramaciudadano.com\"],\"url\":\"https:\/\/panoramaciudadano.com\/index.php\/author\/admin_3q6hyqq3\/\"}]}<\/script>\n<!-- \/ Yoast SEO plugin. -->","yoast_head_json":{"title":"Bruno Amione con el \u00e1nimo a tope - Panorama Ciudadano","robots":{"index":"index","follow":"follow","max-snippet":"max-snippet:-1","max-image-preview":"max-image-preview:large","max-video-preview":"max-video-preview:-1"},"canonical":"https:\/\/panoramaciudadano.com\/index.php\/2024\/07\/04\/bruno-amione-con-el-animo-a-tope\/","og_locale":"es_ES","og_type":"article","og_title":"Bruno Amione con el \u00e1nimo a tope - Panorama Ciudadano","og_description":"Con alegr\u00eda es como ha trabajado el defensa de Santos Laguna, Bruno Amione, esto a causa del reciente llamado que le hizo Javier Mascherano, t\u00e9cnico de la selecci\u00f3n de Argentina Sub 23, para disputar los pr\u00f3ximos Juegos Ol\u00edmpicos de Par\u00eds 2024, con el combinado albiceleste, por lo que el integrante de los Guerreros tiene el [&hellip;]","og_url":"https:\/\/panoramaciudadano.com\/index.php\/2024\/07\/04\/bruno-amione-con-el-animo-a-tope\/","og_site_name":"Panorama Ciudadano","article_publisher":"https:\/\/www.facebook.com\/panoramaciudadano","article_published_time":"2024-07-04T17:40:31+00:00","article_modified_time":"2024-07-05T17:42:29+00:00","og_image":[{"width":720,"height":540,"url":"https:\/\/panoramaciudadano.com\/wp-content\/uploads\/2024\/07\/18.jpeg","type":"image\/jpeg"}],"author":"admin","twitter_card":"summary_large_image","twitter_misc":{"Escrito por":"admin","Tiempo de lectura":"2 minutos"},"schema":{"@context":"https:\/\/schema.org","@graph":[{"@type":"Article","@id":"https:\/\/panoramaciudadano.com\/index.php\/2024\/07\/04\/bruno-amione-con-el-animo-a-tope\/#article","isPartOf":{"@id":"https:\/\/panoramaciudadano.com\/index.php\/2024\/07\/04\/bruno-amione-con-el-animo-a-tope\/"},"author":{"name":"admin","@id":"https:\/\/panoramaciudadano.com\/#\/schema\/person\/ffe9fe8ef47d3a93977b5761fd9e0d96"},"headline":"Bruno Amione con el \u00e1nimo a tope","datePublished":"2024-07-04T17:40:31+00:00","dateModified":"2024-07-05T17:42:29+00:00","mainEntityOfPage":{"@id":"https:\/\/panoramaciudadano.com\/index.php\/2024\/07\/04\/bruno-amione-con-el-animo-a-tope\/"},"wordCount":315,"commentCount":0,"publisher":{"@id":"https:\/\/panoramaciudadano.com\/#organization"},"image":{"@id":"https:\/\/panoramaciudadano.com\/index.php\/2024\/07\/04\/bruno-amione-con-el-animo-a-tope\/#primaryimage"},"thumbnailUrl":"https:\/\/panoramaciudadano.com\/wp-content\/uploads\/2024\/07\/18.jpeg","keywords":["Bruno Amione","Javier Mascherano","Pachuca"],"articleSection":["Deportes"],"inLanguage":"es","potentialAction":[{"@type":"CommentAction","name":"Comment","target":["https:\/\/panoramaciudadano.com\/index.php\/2024\/07\/04\/bruno-amione-con-el-animo-a-tope\/#respond"]}]},{"@type":"WebPage","@id":"https:\/\/panoramaciudadano.com\/index.php\/2024\/07\/04\/bruno-amione-con-el-animo-a-tope\/","url":"https:\/\/panoramaciudadano.com\/index.php\/2024\/07\/04\/bruno-amione-con-el-animo-a-tope\/","name":"Bruno Amione con el \u00e1nimo a tope - Panorama Ciudadano","isPartOf":{"@id":"https:\/\/panoramaciudadano.com\/#website"},"primaryImageOfPage":{"@id":"https:\/\/panoramaciudadano.com\/index.php\/2024\/07\/04\/bruno-amione-con-el-animo-a-tope\/#primaryimage"},"image":{"@id":"https:\/\/panoramaciudadano.com\/index.php\/2024\/07\/04\/bruno-amione-con-el-animo-a-tope\/#primaryimage"},"thumbnailUrl":"https:\/\/panoramaciudadano.com\/wp-content\/uploads\/2024\/07\/18.jpeg","datePublished":"2024-07-04T17:40:31+00:00","dateModified":"2024-07-05T17:42:29+00:00","breadcrumb":{"@id":"https:\/\/panoramaciudadano.com\/index.php\/2024\/07\/04\/bruno-amione-con-el-animo-a-tope\/#breadcrumb"},"inLanguage":"es","potentialAction":[{"@type":"ReadAction","target":["https:\/\/panoramaciudadano.com\/index.php\/2024\/07\/04\/bruno-amione-con-el-animo-a-tope\/"]}]},{"@type":"ImageObject","inLanguage":"es","@id":"https:\/\/panoramaciudadano.com\/index.php\/2024\/07\/04\/bruno-amione-con-el-animo-a-tope\/#primaryimage","url":"https:\/\/panoramaciudadano.com\/wp-content\/uploads\/2024\/07\/18.jpeg","contentUrl":"https:\/\/panoramaciudadano.com\/wp-content\/uploads\/2024\/07\/18.jpeg","width":720,"height":540},{"@type":"BreadcrumbList","@id":"https:\/\/panoramaciudadano.com\/index.php\/2024\/07\/04\/bruno-amione-con-el-animo-a-tope\/#breadcrumb","itemListElement":[{"@type":"ListItem","position":1,"name":"Portada","item":"https:\/\/panoramaciudadano.com\/"},{"@type":"ListItem","position":2,"name":"Bruno Amione con el \u00e1nimo a tope"}]},{"@type":"WebSite","@id":"https:\/\/panoramaciudadano.com\/#website","url":"https:\/\/panoramaciudadano.com\/","name":"Panorama Ciudadano","description":"","publisher":{"@id":"https:\/\/panoramaciudadano.com\/#organization"},"potentialAction":[{"@type":"SearchAction","target":{"@type":"EntryPoint","urlTemplate":"https:\/\/panoramaciudadano.com\/?s={search_term_string}"},"query-input":{"@type":"PropertyValueSpecification","valueRequired":true,"valueName":"search_term_string"}}],"inLanguage":"es"},{"@type":"Organization","@id":"https:\/\/panoramaciudadano.com\/#organization","name":"Panorama Ciudadano","url":"https:\/\/panoramaciudadano.com\/","logo":{"@type":"ImageObject","inLanguage":"es","@id":"https:\/\/panoramaciudadano.com\/#\/schema\/logo\/image\/","url":"https:\/\/panoramaciudadano.com\/wp-content\/uploads\/2024\/05\/401498640_919267042938564_6290593609399108733_n.jpg","contentUrl":"https:\/\/panoramaciudadano.com\/wp-content\/uploads\/2024\/05\/401498640_919267042938564_6290593609399108733_n.jpg","width":960,"height":957,"caption":"Panorama Ciudadano"},"image":{"@id":"https:\/\/panoramaciudadano.com\/#\/schema\/logo\/image\/"},"sameAs":["https:\/\/www.facebook.com\/panoramaciudadano"]},{"@type":"Person","@id":"https:\/\/panoramaciudadano.com\/#\/schema\/person\/ffe9fe8ef47d3a93977b5761fd9e0d96","name":"admin","image":{"@type":"ImageObject","inLanguage":"es","@id":"https:\/\/panoramaciudadano.com\/#\/schema\/person\/image\/","url":"https:\/\/secure.gravatar.com\/avatar\/2d5a12cacce3f18096f25fadea8abb7202fef18ed669595589853e84260ff451?s=96&d=mm&r=g","contentUrl":"https:\/\/secure.gravatar.com\/avatar\/2d5a12cacce3f18096f25fadea8abb7202fef18ed669595589853e84260ff451?s=96&d=mm&r=g","caption":"admin"},"sameAs":["https:\/\/panoramaciudadano.com"],"url":"https:\/\/panoramaciudadano.com\/index.php\/author\/admin_3q6hyqq3\/"}]}},"_links":{"self":[{"href":"https:\/\/panoramaciudadano.com\/index.php\/wp-json\/wp\/v2\/posts\/1119","targetHints":{"allow":["GET"]}}],"collection":[{"href":"https:\/\/panoramaciudadano.com\/index.php\/wp-json\/wp\/v2\/posts"}],"about":[{"href":"https:\/\/panoramaciudadano.com\/index.php\/wp-json\/wp\/v2\/types\/post"}],"author":[{"embeddable":true,"href":"https:\/\/panoramaciudadano.com\/index.php\/wp-json\/wp\/v2\/users\/1"}],"replies":[{"embeddable":true,"href":"https:\/\/panoramaciudadano.com\/index.php\/wp-json\/wp\/v2\/comments?post=1119"}],"version-history":[{"count":1,"href":"https:\/\/panoramaciudadano.com\/index.php\/wp-json\/wp\/v2\/posts\/1119\/revisions"}],"predecessor-version":[{"id":1121,"href":"https:\/\/panoramaciudadano.com\/index.php\/wp-json\/wp\/v2\/posts\/1119\/revisions\/1121"}],"wp:featuredmedia":[{"embeddable":true,"href":"https:\/\/panoramaciudadano.com\/index.php\/wp-json\/wp\/v2\/media\/1120"}],"wp:attachment":[{"href":"https:\/\/panoramaciudadano.com\/index.php\/wp-json\/wp\/v2\/media?parent=1119"}],"wp:term":[{"taxonomy":"category","embeddable":true,"href":"https:\/\/panoramaciudadano.com\/index.php\/wp-json\/wp\/v2\/categories?post=1119"},{"taxonomy":"post_tag","embeddable":true,"href":"https:\/\/panoramaciudadano.com\/index.php\/wp-json\/wp\/v2\/tags?post=1119"}],"curies":[{"name":"wp","href":"https:\/\/api.w.org\/{rel}","templated":true}]}}