{"id":11307,"date":"2025-03-13T10:16:26","date_gmt":"2025-03-13T15:16:26","guid":{"rendered":"https:\/\/panoramaciudadano.com\/?p=11307"},"modified":"2025-03-13T10:16:27","modified_gmt":"2025-03-13T15:16:27","slug":"fuga-de-tres-reos-en-cancun-desata-operativo-dos-ya-fueron-recapturados","status":"publish","type":"post","link":"https:\/\/panoramaciudadano.com\/index.php\/2025\/03\/13\/fuga-de-tres-reos-en-cancun-desata-operativo-dos-ya-fueron-recapturados\/","title":{"rendered":"Fuga de tres reos en Canc\u00fan desata operativo; dos ya fueron recapturados"},"content":{"rendered":"\n<figure class=\"wp-block-gallery has-nested-images columns-default is-cropped wp-block-gallery-1 is-layout-flex wp-block-gallery-is-layout-flex\">\n<figure class=\"wp-block-image size-large\"><img decoding=\"async\" width=\"1024\" height=\"768\" data-id=\"11311\" src=\"https:\/\/panoramaciudadano.com\/wp-content\/uploads\/2025\/03\/2-52-1024x768.jpeg\" alt=\"\" class=\"wp-image-11311\" srcset=\"https:\/\/panoramaciudadano.com\/wp-content\/uploads\/2025\/03\/2-52-1024x768.jpeg 1024w, https:\/\/panoramaciudadano.com\/wp-content\/uploads\/2025\/03\/2-52-300x225.jpeg 300w, https:\/\/panoramaciudadano.com\/wp-content\/uploads\/2025\/03\/2-52-768x576.jpeg 768w, https:\/\/panoramaciudadano.com\/wp-content\/uploads\/2025\/03\/2-52-1536x1152.jpeg 1536w, https:\/\/panoramaciudadano.com\/wp-content\/uploads\/2025\/03\/2-52.jpeg 1600w\" sizes=\"(max-width: 1024px) 100vw, 1024px\" \/><\/figure>\n\n\n\n<figure class=\"wp-block-image size-large\"><img decoding=\"async\" width=\"1024\" height=\"768\" data-id=\"11310\" src=\"https:\/\/panoramaciudadano.com\/wp-content\/uploads\/2025\/03\/3-49-1024x768.jpeg\" alt=\"\" class=\"wp-image-11310\" srcset=\"https:\/\/panoramaciudadano.com\/wp-content\/uploads\/2025\/03\/3-49-1024x768.jpeg 1024w, https:\/\/panoramaciudadano.com\/wp-content\/uploads\/2025\/03\/3-49-300x225.jpeg 300w, https:\/\/panoramaciudadano.com\/wp-content\/uploads\/2025\/03\/3-49-768x576.jpeg 768w, https:\/\/panoramaciudadano.com\/wp-content\/uploads\/2025\/03\/3-49-1536x1152.jpeg 1536w, https:\/\/panoramaciudadano.com\/wp-content\/uploads\/2025\/03\/3-49.jpeg 1600w\" sizes=\"(max-width: 1024px) 100vw, 1024px\" \/><\/figure>\n\n\n\n<figure class=\"wp-block-image size-large\"><img decoding=\"async\" width=\"1024\" height=\"768\" data-id=\"11309\" src=\"https:\/\/panoramaciudadano.com\/wp-content\/uploads\/2025\/03\/4-35-1024x768.jpeg\" alt=\"\" class=\"wp-image-11309\" srcset=\"https:\/\/panoramaciudadano.com\/wp-content\/uploads\/2025\/03\/4-35-1024x768.jpeg 1024w, https:\/\/panoramaciudadano.com\/wp-content\/uploads\/2025\/03\/4-35-300x225.jpeg 300w, https:\/\/panoramaciudadano.com\/wp-content\/uploads\/2025\/03\/4-35-768x576.jpeg 768w, https:\/\/panoramaciudadano.com\/wp-content\/uploads\/2025\/03\/4-35-1536x1152.jpeg 1536w, https:\/\/panoramaciudadano.com\/wp-content\/uploads\/2025\/03\/4-35.jpeg 1600w\" sizes=\"(max-width: 1024px) 100vw, 1024px\" \/><\/figure>\n\n\n\n<figure class=\"wp-block-image size-large\"><img decoding=\"async\" width=\"1024\" height=\"768\" data-id=\"11308\" src=\"https:\/\/panoramaciudadano.com\/wp-content\/uploads\/2025\/03\/WhatsApp-Image-2025-03-13-at-08.26.59-1024x768.jpeg\" alt=\"\" class=\"wp-image-11308\" srcset=\"https:\/\/panoramaciudadano.com\/wp-content\/uploads\/2025\/03\/WhatsApp-Image-2025-03-13-at-08.26.59-1024x768.jpeg 1024w, https:\/\/panoramaciudadano.com\/wp-content\/uploads\/2025\/03\/WhatsApp-Image-2025-03-13-at-08.26.59-300x225.jpeg 300w, https:\/\/panoramaciudadano.com\/wp-content\/uploads\/2025\/03\/WhatsApp-Image-2025-03-13-at-08.26.59-768x576.jpeg 768w, https:\/\/panoramaciudadano.com\/wp-content\/uploads\/2025\/03\/WhatsApp-Image-2025-03-13-at-08.26.59.jpeg 1280w\" sizes=\"(max-width: 1024px) 100vw, 1024px\" \/><\/figure>\n<\/figure>\n\n\n\n<p>Una fuga de tres reos la. Noche de este mi\u00e9rcoles del Centro de Reinserci\u00f3n Social de Canc\u00fan origin\u00f3 una intensa movilizaci\u00f3n policiaca de los tres \u00f3rdenes de gobierno.<\/p>\n\n\n\n<p>Hasta el cierre de esta edici\u00f3n las corporaciones policiacas han logrado la recaptura de dos de ellos y la falta el interno de nombre Irving N.<\/p>\n\n\n\n<p>Los primeros informes se\u00f1alaron que despu\u00e9s del pase de lista se dieron cuenta de que faltaban tres internos, aunque no se se\u00f1al\u00f3 de qu\u00e9 secci\u00f3n eran.<\/p>\n\n\n\n<p>Pero al parecer los internos aprovecharon un descuido para brincar unas de las bardas perimetrales y despu\u00e9s se fueron hacia las regiones cercanas.<\/p>\n\n\n\n<p>En esa zona se hizo un operativo y a uno lo detuvieron en un paso peatonal y el otro cerca de un Oxxo.<\/p>\n\n\n\n<p>Seg\u00fan la Secretaria de Seguridad Ciudadana de Canc\u00fan se logr\u00f3 la recaptura de los internos debido a una r\u00e1pida reacci\u00f3n de los elementos.<\/p>\n\n\n\n<p>Hasta el momento se mantiene el operativo en el \u00e1rea para ubicar y detener al tercer interno evadido.<\/p>\n","protected":false},"excerpt":{"rendered":"<p>Una fuga de tres reos la noche de este mi\u00e9rcoles del Centro de Reinserci\u00f3n Social de Canc\u00fan origin\u00f3 una intensa movilizaci\u00f3n policiaca de los tres \u00f3rdenes de gobierno.<\/p>\n","protected":false},"author":1,"featured_media":11309,"comment_status":"open","ping_status":"closed","sticky":false,"template":"","format":"standard","meta":{"footnotes":""},"categories":[6],"tags":[2235],"class_list":["post-11307","post","type-post","status-publish","format-standard","has-post-thumbnail","hentry","category-cancun","tag-centro-de-reinsercion-social-de-cancun"],"yoast_head":"<!-- This site is optimized with the Yoast SEO plugin v27.1.1 - https:\/\/yoast.com\/product\/yoast-seo-wordpress\/ -->\n<title>Fuga de tres reos en Canc\u00fan desata operativo; dos ya fueron recapturados - Panorama Ciudadano<\/title>\n<meta name=\"robots\" content=\"index, follow, max-snippet:-1, max-image-preview:large, max-video-preview:-1\" \/>\n<link rel=\"canonical\" href=\"https:\/\/panoramaciudadano.com\/index.php\/2025\/03\/13\/fuga-de-tres-reos-en-cancun-desata-operativo-dos-ya-fueron-recapturados\/\" \/>\n<meta property=\"og:locale\" content=\"es_ES\" \/>\n<meta property=\"og:type\" content=\"article\" \/>\n<meta property=\"og:title\" content=\"Fuga de tres reos en Canc\u00fan desata operativo; dos ya fueron recapturados - Panorama Ciudadano\" \/>\n<meta property=\"og:description\" content=\"Una fuga de tres reos la noche de este mi\u00e9rcoles del Centro de Reinserci\u00f3n Social de Canc\u00fan origin\u00f3 una intensa movilizaci\u00f3n policiaca de los tres \u00f3rdenes de gobierno.\" \/>\n<meta property=\"og:url\" content=\"https:\/\/panoramaciudadano.com\/index.php\/2025\/03\/13\/fuga-de-tres-reos-en-cancun-desata-operativo-dos-ya-fueron-recapturados\/\" \/>\n<meta property=\"og:site_name\" content=\"Panorama Ciudadano\" \/>\n<meta property=\"article:publisher\" content=\"https:\/\/www.facebook.com\/panoramaciudadano\" \/>\n<meta property=\"article:published_time\" content=\"2025-03-13T15:16:26+00:00\" \/>\n<meta property=\"article:modified_time\" content=\"2025-03-13T15:16:27+00:00\" \/>\n<meta property=\"og:image\" content=\"https:\/\/panoramaciudadano.com\/wp-content\/uploads\/2025\/03\/4-35.jpeg\" \/>\n\t<meta property=\"og:image:width\" content=\"1600\" \/>\n\t<meta property=\"og:image:height\" content=\"1200\" \/>\n\t<meta property=\"og:image:type\" content=\"image\/jpeg\" \/>\n<meta name=\"author\" content=\"admin\" \/>\n<meta name=\"twitter:card\" content=\"summary_large_image\" \/>\n<meta name=\"twitter:label1\" content=\"Escrito por\" \/>\n\t<meta name=\"twitter:data1\" content=\"admin\" \/>\n\t<meta name=\"twitter:label2\" content=\"Tiempo de lectura\" \/>\n\t<meta name=\"twitter:data2\" content=\"2 minutos\" \/>\n<script type=\"application\/ld+json\" class=\"yoast-schema-graph\">{\"@context\":\"https:\/\/schema.org\",\"@graph\":[{\"@type\":\"Article\",\"@id\":\"https:\/\/panoramaciudadano.com\/index.php\/2025\/03\/13\/fuga-de-tres-reos-en-cancun-desata-operativo-dos-ya-fueron-recapturados\/#article\",\"isPartOf\":{\"@id\":\"https:\/\/panoramaciudadano.com\/index.php\/2025\/03\/13\/fuga-de-tres-reos-en-cancun-desata-operativo-dos-ya-fueron-recapturados\/\"},\"author\":{\"name\":\"admin\",\"@id\":\"https:\/\/panoramaciudadano.com\/#\/schema\/person\/ffe9fe8ef47d3a93977b5761fd9e0d96\"},\"headline\":\"Fuga de tres reos en Canc\u00fan desata operativo; dos ya fueron recapturados\",\"datePublished\":\"2025-03-13T15:16:26+00:00\",\"dateModified\":\"2025-03-13T15:16:27+00:00\",\"mainEntityOfPage\":{\"@id\":\"https:\/\/panoramaciudadano.com\/index.php\/2025\/03\/13\/fuga-de-tres-reos-en-cancun-desata-operativo-dos-ya-fueron-recapturados\/\"},\"wordCount\":194,\"commentCount\":0,\"publisher\":{\"@id\":\"https:\/\/panoramaciudadano.com\/#organization\"},\"image\":{\"@id\":\"https:\/\/panoramaciudadano.com\/index.php\/2025\/03\/13\/fuga-de-tres-reos-en-cancun-desata-operativo-dos-ya-fueron-recapturados\/#primaryimage\"},\"thumbnailUrl\":\"https:\/\/panoramaciudadano.com\/wp-content\/uploads\/2025\/03\/4-35.jpeg\",\"keywords\":[\"Centro de Reinserci\u00f3n Social de Canc\u00fan\"],\"articleSection\":[\"Canc\u00fan\"],\"inLanguage\":\"es\",\"potentialAction\":[{\"@type\":\"CommentAction\",\"name\":\"Comment\",\"target\":[\"https:\/\/panoramaciudadano.com\/index.php\/2025\/03\/13\/fuga-de-tres-reos-en-cancun-desata-operativo-dos-ya-fueron-recapturados\/#respond\"]}]},{\"@type\":\"WebPage\",\"@id\":\"https:\/\/panoramaciudadano.com\/index.php\/2025\/03\/13\/fuga-de-tres-reos-en-cancun-desata-operativo-dos-ya-fueron-recapturados\/\",\"url\":\"https:\/\/panoramaciudadano.com\/index.php\/2025\/03\/13\/fuga-de-tres-reos-en-cancun-desata-operativo-dos-ya-fueron-recapturados\/\",\"name\":\"Fuga de tres reos en Canc\u00fan desata operativo; dos ya fueron recapturados - Panorama Ciudadano\",\"isPartOf\":{\"@id\":\"https:\/\/panoramaciudadano.com\/#website\"},\"primaryImageOfPage\":{\"@id\":\"https:\/\/panoramaciudadano.com\/index.php\/2025\/03\/13\/fuga-de-tres-reos-en-cancun-desata-operativo-dos-ya-fueron-recapturados\/#primaryimage\"},\"image\":{\"@id\":\"https:\/\/panoramaciudadano.com\/index.php\/2025\/03\/13\/fuga-de-tres-reos-en-cancun-desata-operativo-dos-ya-fueron-recapturados\/#primaryimage\"},\"thumbnailUrl\":\"https:\/\/panoramaciudadano.com\/wp-content\/uploads\/2025\/03\/4-35.jpeg\",\"datePublished\":\"2025-03-13T15:16:26+00:00\",\"dateModified\":\"2025-03-13T15:16:27+00:00\",\"breadcrumb\":{\"@id\":\"https:\/\/panoramaciudadano.com\/index.php\/2025\/03\/13\/fuga-de-tres-reos-en-cancun-desata-operativo-dos-ya-fueron-recapturados\/#breadcrumb\"},\"inLanguage\":\"es\",\"potentialAction\":[{\"@type\":\"ReadAction\",\"target\":[\"https:\/\/panoramaciudadano.com\/index.php\/2025\/03\/13\/fuga-de-tres-reos-en-cancun-desata-operativo-dos-ya-fueron-recapturados\/\"]}]},{\"@type\":\"ImageObject\",\"inLanguage\":\"es\",\"@id\":\"https:\/\/panoramaciudadano.com\/index.php\/2025\/03\/13\/fuga-de-tres-reos-en-cancun-desata-operativo-dos-ya-fueron-recapturados\/#primaryimage\",\"url\":\"https:\/\/panoramaciudadano.com\/wp-content\/uploads\/2025\/03\/4-35.jpeg\",\"contentUrl\":\"https:\/\/panoramaciudadano.com\/wp-content\/uploads\/2025\/03\/4-35.jpeg\",\"width\":1600,\"height\":1200},{\"@type\":\"BreadcrumbList\",\"@id\":\"https:\/\/panoramaciudadano.com\/index.php\/2025\/03\/13\/fuga-de-tres-reos-en-cancun-desata-operativo-dos-ya-fueron-recapturados\/#breadcrumb\",\"itemListElement\":[{\"@type\":\"ListItem\",\"position\":1,\"name\":\"Portada\",\"item\":\"https:\/\/panoramaciudadano.com\/\"},{\"@type\":\"ListItem\",\"position\":2,\"name\":\"Fuga de tres reos en Canc\u00fan desata operativo; dos ya fueron recapturados\"}]},{\"@type\":\"WebSite\",\"@id\":\"https:\/\/panoramaciudadano.com\/#website\",\"url\":\"https:\/\/panoramaciudadano.com\/\",\"name\":\"Panorama Ciudadano\",\"description\":\"\",\"publisher\":{\"@id\":\"https:\/\/panoramaciudadano.com\/#organization\"},\"potentialAction\":[{\"@type\":\"SearchAction\",\"target\":{\"@type\":\"EntryPoint\",\"urlTemplate\":\"https:\/\/panoramaciudadano.com\/?s={search_term_string}\"},\"query-input\":{\"@type\":\"PropertyValueSpecification\",\"valueRequired\":true,\"valueName\":\"search_term_string\"}}],\"inLanguage\":\"es\"},{\"@type\":\"Organization\",\"@id\":\"https:\/\/panoramaciudadano.com\/#organization\",\"name\":\"Panorama Ciudadano\",\"url\":\"https:\/\/panoramaciudadano.com\/\",\"logo\":{\"@type\":\"ImageObject\",\"inLanguage\":\"es\",\"@id\":\"https:\/\/panoramaciudadano.com\/#\/schema\/logo\/image\/\",\"url\":\"https:\/\/panoramaciudadano.com\/wp-content\/uploads\/2024\/05\/401498640_919267042938564_6290593609399108733_n.jpg\",\"contentUrl\":\"https:\/\/panoramaciudadano.com\/wp-content\/uploads\/2024\/05\/401498640_919267042938564_6290593609399108733_n.jpg\",\"width\":960,\"height\":957,\"caption\":\"Panorama Ciudadano\"},\"image\":{\"@id\":\"https:\/\/panoramaciudadano.com\/#\/schema\/logo\/image\/\"},\"sameAs\":[\"https:\/\/www.facebook.com\/panoramaciudadano\"]},{\"@type\":\"Person\",\"@id\":\"https:\/\/panoramaciudadano.com\/#\/schema\/person\/ffe9fe8ef47d3a93977b5761fd9e0d96\",\"name\":\"admin\",\"image\":{\"@type\":\"ImageObject\",\"inLanguage\":\"es\",\"@id\":\"https:\/\/panoramaciudadano.com\/#\/schema\/person\/image\/\",\"url\":\"https:\/\/secure.gravatar.com\/avatar\/2d5a12cacce3f18096f25fadea8abb7202fef18ed669595589853e84260ff451?s=96&d=mm&r=g\",\"contentUrl\":\"https:\/\/secure.gravatar.com\/avatar\/2d5a12cacce3f18096f25fadea8abb7202fef18ed669595589853e84260ff451?s=96&d=mm&r=g\",\"caption\":\"admin\"},\"sameAs\":[\"https:\/\/panoramaciudadano.com\"],\"url\":\"https:\/\/panoramaciudadano.com\/index.php\/author\/admin_3q6hyqq3\/\"}]}<\/script>\n<!-- \/ Yoast SEO plugin. -->","yoast_head_json":{"title":"Fuga de tres reos en Canc\u00fan desata operativo; dos ya fueron recapturados - Panorama Ciudadano","robots":{"index":"index","follow":"follow","max-snippet":"max-snippet:-1","max-image-preview":"max-image-preview:large","max-video-preview":"max-video-preview:-1"},"canonical":"https:\/\/panoramaciudadano.com\/index.php\/2025\/03\/13\/fuga-de-tres-reos-en-cancun-desata-operativo-dos-ya-fueron-recapturados\/","og_locale":"es_ES","og_type":"article","og_title":"Fuga de tres reos en Canc\u00fan desata operativo; dos ya fueron recapturados - Panorama Ciudadano","og_description":"Una fuga de tres reos la noche de este mi\u00e9rcoles del Centro de Reinserci\u00f3n Social de Canc\u00fan origin\u00f3 una intensa movilizaci\u00f3n policiaca de los tres \u00f3rdenes de gobierno.","og_url":"https:\/\/panoramaciudadano.com\/index.php\/2025\/03\/13\/fuga-de-tres-reos-en-cancun-desata-operativo-dos-ya-fueron-recapturados\/","og_site_name":"Panorama Ciudadano","article_publisher":"https:\/\/www.facebook.com\/panoramaciudadano","article_published_time":"2025-03-13T15:16:26+00:00","article_modified_time":"2025-03-13T15:16:27+00:00","og_image":[{"width":1600,"height":1200,"url":"https:\/\/panoramaciudadano.com\/wp-content\/uploads\/2025\/03\/4-35.jpeg","type":"image\/jpeg"}],"author":"admin","twitter_card":"summary_large_image","twitter_misc":{"Escrito por":"admin","Tiempo de lectura":"2 minutos"},"schema":{"@context":"https:\/\/schema.org","@graph":[{"@type":"Article","@id":"https:\/\/panoramaciudadano.com\/index.php\/2025\/03\/13\/fuga-de-tres-reos-en-cancun-desata-operativo-dos-ya-fueron-recapturados\/#article","isPartOf":{"@id":"https:\/\/panoramaciudadano.com\/index.php\/2025\/03\/13\/fuga-de-tres-reos-en-cancun-desata-operativo-dos-ya-fueron-recapturados\/"},"author":{"name":"admin","@id":"https:\/\/panoramaciudadano.com\/#\/schema\/person\/ffe9fe8ef47d3a93977b5761fd9e0d96"},"headline":"Fuga de tres reos en Canc\u00fan desata operativo; dos ya fueron recapturados","datePublished":"2025-03-13T15:16:26+00:00","dateModified":"2025-03-13T15:16:27+00:00","mainEntityOfPage":{"@id":"https:\/\/panoramaciudadano.com\/index.php\/2025\/03\/13\/fuga-de-tres-reos-en-cancun-desata-operativo-dos-ya-fueron-recapturados\/"},"wordCount":194,"commentCount":0,"publisher":{"@id":"https:\/\/panoramaciudadano.com\/#organization"},"image":{"@id":"https:\/\/panoramaciudadano.com\/index.php\/2025\/03\/13\/fuga-de-tres-reos-en-cancun-desata-operativo-dos-ya-fueron-recapturados\/#primaryimage"},"thumbnailUrl":"https:\/\/panoramaciudadano.com\/wp-content\/uploads\/2025\/03\/4-35.jpeg","keywords":["Centro de Reinserci\u00f3n Social de Canc\u00fan"],"articleSection":["Canc\u00fan"],"inLanguage":"es","potentialAction":[{"@type":"CommentAction","name":"Comment","target":["https:\/\/panoramaciudadano.com\/index.php\/2025\/03\/13\/fuga-de-tres-reos-en-cancun-desata-operativo-dos-ya-fueron-recapturados\/#respond"]}]},{"@type":"WebPage","@id":"https:\/\/panoramaciudadano.com\/index.php\/2025\/03\/13\/fuga-de-tres-reos-en-cancun-desata-operativo-dos-ya-fueron-recapturados\/","url":"https:\/\/panoramaciudadano.com\/index.php\/2025\/03\/13\/fuga-de-tres-reos-en-cancun-desata-operativo-dos-ya-fueron-recapturados\/","name":"Fuga de tres reos en Canc\u00fan desata operativo; dos ya fueron recapturados - Panorama Ciudadano","isPartOf":{"@id":"https:\/\/panoramaciudadano.com\/#website"},"primaryImageOfPage":{"@id":"https:\/\/panoramaciudadano.com\/index.php\/2025\/03\/13\/fuga-de-tres-reos-en-cancun-desata-operativo-dos-ya-fueron-recapturados\/#primaryimage"},"image":{"@id":"https:\/\/panoramaciudadano.com\/index.php\/2025\/03\/13\/fuga-de-tres-reos-en-cancun-desata-operativo-dos-ya-fueron-recapturados\/#primaryimage"},"thumbnailUrl":"https:\/\/panoramaciudadano.com\/wp-content\/uploads\/2025\/03\/4-35.jpeg","datePublished":"2025-03-13T15:16:26+00:00","dateModified":"2025-03-13T15:16:27+00:00","breadcrumb":{"@id":"https:\/\/panoramaciudadano.com\/index.php\/2025\/03\/13\/fuga-de-tres-reos-en-cancun-desata-operativo-dos-ya-fueron-recapturados\/#breadcrumb"},"inLanguage":"es","potentialAction":[{"@type":"ReadAction","target":["https:\/\/panoramaciudadano.com\/index.php\/2025\/03\/13\/fuga-de-tres-reos-en-cancun-desata-operativo-dos-ya-fueron-recapturados\/"]}]},{"@type":"ImageObject","inLanguage":"es","@id":"https:\/\/panoramaciudadano.com\/index.php\/2025\/03\/13\/fuga-de-tres-reos-en-cancun-desata-operativo-dos-ya-fueron-recapturados\/#primaryimage","url":"https:\/\/panoramaciudadano.com\/wp-content\/uploads\/2025\/03\/4-35.jpeg","contentUrl":"https:\/\/panoramaciudadano.com\/wp-content\/uploads\/2025\/03\/4-35.jpeg","width":1600,"height":1200},{"@type":"BreadcrumbList","@id":"https:\/\/panoramaciudadano.com\/index.php\/2025\/03\/13\/fuga-de-tres-reos-en-cancun-desata-operativo-dos-ya-fueron-recapturados\/#breadcrumb","itemListElement":[{"@type":"ListItem","position":1,"name":"Portada","item":"https:\/\/panoramaciudadano.com\/"},{"@type":"ListItem","position":2,"name":"Fuga de tres reos en Canc\u00fan desata operativo; dos ya fueron recapturados"}]},{"@type":"WebSite","@id":"https:\/\/panoramaciudadano.com\/#website","url":"https:\/\/panoramaciudadano.com\/","name":"Panorama Ciudadano","description":"","publisher":{"@id":"https:\/\/panoramaciudadano.com\/#organization"},"potentialAction":[{"@type":"SearchAction","target":{"@type":"EntryPoint","urlTemplate":"https:\/\/panoramaciudadano.com\/?s={search_term_string}"},"query-input":{"@type":"PropertyValueSpecification","valueRequired":true,"valueName":"search_term_string"}}],"inLanguage":"es"},{"@type":"Organization","@id":"https:\/\/panoramaciudadano.com\/#organization","name":"Panorama Ciudadano","url":"https:\/\/panoramaciudadano.com\/","logo":{"@type":"ImageObject","inLanguage":"es","@id":"https:\/\/panoramaciudadano.com\/#\/schema\/logo\/image\/","url":"https:\/\/panoramaciudadano.com\/wp-content\/uploads\/2024\/05\/401498640_919267042938564_6290593609399108733_n.jpg","contentUrl":"https:\/\/panoramaciudadano.com\/wp-content\/uploads\/2024\/05\/401498640_919267042938564_6290593609399108733_n.jpg","width":960,"height":957,"caption":"Panorama Ciudadano"},"image":{"@id":"https:\/\/panoramaciudadano.com\/#\/schema\/logo\/image\/"},"sameAs":["https:\/\/www.facebook.com\/panoramaciudadano"]},{"@type":"Person","@id":"https:\/\/panoramaciudadano.com\/#\/schema\/person\/ffe9fe8ef47d3a93977b5761fd9e0d96","name":"admin","image":{"@type":"ImageObject","inLanguage":"es","@id":"https:\/\/panoramaciudadano.com\/#\/schema\/person\/image\/","url":"https:\/\/secure.gravatar.com\/avatar\/2d5a12cacce3f18096f25fadea8abb7202fef18ed669595589853e84260ff451?s=96&d=mm&r=g","contentUrl":"https:\/\/secure.gravatar.com\/avatar\/2d5a12cacce3f18096f25fadea8abb7202fef18ed669595589853e84260ff451?s=96&d=mm&r=g","caption":"admin"},"sameAs":["https:\/\/panoramaciudadano.com"],"url":"https:\/\/panoramaciudadano.com\/index.php\/author\/admin_3q6hyqq3\/"}]}},"_links":{"self":[{"href":"https:\/\/panoramaciudadano.com\/index.php\/wp-json\/wp\/v2\/posts\/11307","targetHints":{"allow":["GET"]}}],"collection":[{"href":"https:\/\/panoramaciudadano.com\/index.php\/wp-json\/wp\/v2\/posts"}],"about":[{"href":"https:\/\/panoramaciudadano.com\/index.php\/wp-json\/wp\/v2\/types\/post"}],"author":[{"embeddable":true,"href":"https:\/\/panoramaciudadano.com\/index.php\/wp-json\/wp\/v2\/users\/1"}],"replies":[{"embeddable":true,"href":"https:\/\/panoramaciudadano.com\/index.php\/wp-json\/wp\/v2\/comments?post=11307"}],"version-history":[{"count":1,"href":"https:\/\/panoramaciudadano.com\/index.php\/wp-json\/wp\/v2\/posts\/11307\/revisions"}],"predecessor-version":[{"id":11312,"href":"https:\/\/panoramaciudadano.com\/index.php\/wp-json\/wp\/v2\/posts\/11307\/revisions\/11312"}],"wp:featuredmedia":[{"embeddable":true,"href":"https:\/\/panoramaciudadano.com\/index.php\/wp-json\/wp\/v2\/media\/11309"}],"wp:attachment":[{"href":"https:\/\/panoramaciudadano.com\/index.php\/wp-json\/wp\/v2\/media?parent=11307"}],"wp:term":[{"taxonomy":"category","embeddable":true,"href":"https:\/\/panoramaciudadano.com\/index.php\/wp-json\/wp\/v2\/categories?post=11307"},{"taxonomy":"post_tag","embeddable":true,"href":"https:\/\/panoramaciudadano.com\/index.php\/wp-json\/wp\/v2\/tags?post=11307"}],"curies":[{"name":"wp","href":"https:\/\/api.w.org\/{rel}","templated":true}]}}