{"id":11320,"date":"2025-03-13T10:26:22","date_gmt":"2025-03-13T15:26:22","guid":{"rendered":"https:\/\/panoramaciudadano.com\/?p=11320"},"modified":"2025-03-13T10:26:25","modified_gmt":"2025-03-13T15:26:25","slug":"por-narcomenudeo-logra-fiscalia-vinculacion-a-proceso-para-cuatro-personas-en-benito-juarez-y-tulum","status":"publish","type":"post","link":"https:\/\/panoramaciudadano.com\/index.php\/2025\/03\/13\/por-narcomenudeo-logra-fiscalia-vinculacion-a-proceso-para-cuatro-personas-en-benito-juarez-y-tulum\/","title":{"rendered":"Por narcomenudeo, logra Fiscal\u00eda vinculaci\u00f3n a proceso para cuatro personas en Benito Ju\u00e1rez y Tulum"},"content":{"rendered":"\n<figure class=\"wp-block-gallery has-nested-images columns-default is-cropped wp-block-gallery-1 is-layout-flex wp-block-gallery-is-layout-flex\">\n<figure class=\"wp-block-image size-large\"><img decoding=\"async\" width=\"790\" height=\"1024\" data-id=\"11323\" src=\"https:\/\/panoramaciudadano.com\/wp-content\/uploads\/2025\/03\/2-54-790x1024.jpeg\" alt=\"\" class=\"wp-image-11323\" srcset=\"https:\/\/panoramaciudadano.com\/wp-content\/uploads\/2025\/03\/2-54-790x1024.jpeg 790w, https:\/\/panoramaciudadano.com\/wp-content\/uploads\/2025\/03\/2-54-232x300.jpeg 232w, https:\/\/panoramaciudadano.com\/wp-content\/uploads\/2025\/03\/2-54-768x995.jpeg 768w, https:\/\/panoramaciudadano.com\/wp-content\/uploads\/2025\/03\/2-54-1186x1536.jpeg 1186w, https:\/\/panoramaciudadano.com\/wp-content\/uploads\/2025\/03\/2-54.jpeg 1235w\" sizes=\"(max-width: 790px) 100vw, 790px\" \/><\/figure>\n\n\n\n<figure class=\"wp-block-image size-large\"><img decoding=\"async\" width=\"790\" height=\"1024\" data-id=\"11324\" src=\"https:\/\/panoramaciudadano.com\/wp-content\/uploads\/2025\/03\/3-51-790x1024.jpeg\" alt=\"\" class=\"wp-image-11324\" srcset=\"https:\/\/panoramaciudadano.com\/wp-content\/uploads\/2025\/03\/3-51-790x1024.jpeg 790w, https:\/\/panoramaciudadano.com\/wp-content\/uploads\/2025\/03\/3-51-232x300.jpeg 232w, https:\/\/panoramaciudadano.com\/wp-content\/uploads\/2025\/03\/3-51-768x995.jpeg 768w, https:\/\/panoramaciudadano.com\/wp-content\/uploads\/2025\/03\/3-51-1186x1536.jpeg 1186w, https:\/\/panoramaciudadano.com\/wp-content\/uploads\/2025\/03\/3-51.jpeg 1235w\" sizes=\"(max-width: 790px) 100vw, 790px\" \/><\/figure>\n\n\n\n<figure class=\"wp-block-image size-large\"><img decoding=\"async\" width=\"790\" height=\"1024\" data-id=\"11322\" src=\"https:\/\/panoramaciudadano.com\/wp-content\/uploads\/2025\/03\/4-37-790x1024.jpeg\" alt=\"\" class=\"wp-image-11322\" srcset=\"https:\/\/panoramaciudadano.com\/wp-content\/uploads\/2025\/03\/4-37-790x1024.jpeg 790w, https:\/\/panoramaciudadano.com\/wp-content\/uploads\/2025\/03\/4-37-232x300.jpeg 232w, https:\/\/panoramaciudadano.com\/wp-content\/uploads\/2025\/03\/4-37-768x995.jpeg 768w, https:\/\/panoramaciudadano.com\/wp-content\/uploads\/2025\/03\/4-37-1186x1536.jpeg 1186w, https:\/\/panoramaciudadano.com\/wp-content\/uploads\/2025\/03\/4-37.jpeg 1235w\" sizes=\"(max-width: 790px) 100vw, 790px\" \/><\/figure>\n\n\n\n<figure class=\"wp-block-image size-large\"><img decoding=\"async\" width=\"790\" height=\"1024\" data-id=\"11321\" src=\"https:\/\/panoramaciudadano.com\/wp-content\/uploads\/2025\/03\/WhatsApp-Image-2025-03-13-at-08.32.44-790x1024.jpeg\" alt=\"\" class=\"wp-image-11321\" srcset=\"https:\/\/panoramaciudadano.com\/wp-content\/uploads\/2025\/03\/WhatsApp-Image-2025-03-13-at-08.32.44-790x1024.jpeg 790w, https:\/\/panoramaciudadano.com\/wp-content\/uploads\/2025\/03\/WhatsApp-Image-2025-03-13-at-08.32.44-232x300.jpeg 232w, https:\/\/panoramaciudadano.com\/wp-content\/uploads\/2025\/03\/WhatsApp-Image-2025-03-13-at-08.32.44-768x995.jpeg 768w, https:\/\/panoramaciudadano.com\/wp-content\/uploads\/2025\/03\/WhatsApp-Image-2025-03-13-at-08.32.44-1186x1536.jpeg 1186w, https:\/\/panoramaciudadano.com\/wp-content\/uploads\/2025\/03\/WhatsApp-Image-2025-03-13-at-08.32.44.jpeg 1235w\" sizes=\"(max-width: 790px) 100vw, 790px\" \/><\/figure>\n<\/figure>\n\n\n\n<p>La Fiscal\u00eda General del Estado, a trav\u00e9s de la Fiscal\u00eda Especializada en Combate al Delito de Narcomenudeo, aport\u00f3 datos de prueba ante el \u00f3rgano jurisdiccional, con los que obtuvo, por separado, la vinculaci\u00f3n a proceso para cuatro personas por su probable participaci\u00f3n en delitos contra la salud en los municipios de Benito Ju\u00e1rez y Tulum.<\/p>\n\n\n\n<p>En Benito Ju\u00e1rez, un Juez de Control concedi\u00f3 la vinculaci\u00f3n a proceso en contra de C\u00e9sar David \u201cN\u201d, por delitos contra la salud en su modalidad de narcomenudeo en la variante de posesi\u00f3n con fines de suministro de los estupefacientes marihuana y metanfetamina.<\/p>\n\n\n\n<p>Abisai \u201cN\u201d y \u00c1ngel David \u201cN\u201d fueron imputados en este mismo municipio por posesi\u00f3n simple, el primero por marihuana y el segundo por metanfetamina.<\/p>\n\n\n\n<p>Por otro lado, Alex \u201cN\u201d recibi\u00f3 el auto de vinculaci\u00f3n a proceso en el municipio de Tulum, por narcomenudeo en la variante de suministro de la droga conocida como marihuana.<\/p>\n\n\n\n<p>Asimismo, el Juez impuso a los imputados C\u00e9sar David \u201cN\u201d y Alex \u201cN\u201d, la medida cautelar de prisi\u00f3n preventiva justificada por el tiempo que dure el proceso.<\/p>\n","protected":false},"excerpt":{"rendered":"<p>Los ahora imputados son C\u00e9sar David \u201cN\u201d, Abisai \u201cN\u201d, \u00c1ngel David \u201cN\u201d y Alex \u201cN\u201d.<\/p>\n","protected":false},"author":1,"featured_media":11323,"comment_status":"open","ping_status":"closed","sticky":false,"template":"","format":"standard","meta":{"footnotes":""},"categories":[6,10],"tags":[1646],"class_list":["post-11320","post","type-post","status-publish","format-standard","has-post-thumbnail","hentry","category-cancun","category-tulum","tag-fiscalia-general-del-estado-fge"],"yoast_head":"<!-- This site is optimized with the Yoast SEO plugin v27.1.1 - https:\/\/yoast.com\/product\/yoast-seo-wordpress\/ -->\n<title>Por narcomenudeo, logra Fiscal\u00eda vinculaci\u00f3n a proceso para cuatro personas en Benito Ju\u00e1rez y Tulum - Panorama Ciudadano<\/title>\n<meta name=\"robots\" content=\"index, follow, max-snippet:-1, max-image-preview:large, max-video-preview:-1\" \/>\n<link rel=\"canonical\" href=\"https:\/\/panoramaciudadano.com\/index.php\/2025\/03\/13\/por-narcomenudeo-logra-fiscalia-vinculacion-a-proceso-para-cuatro-personas-en-benito-juarez-y-tulum\/\" \/>\n<meta property=\"og:locale\" content=\"es_ES\" \/>\n<meta property=\"og:type\" content=\"article\" \/>\n<meta property=\"og:title\" content=\"Por narcomenudeo, logra Fiscal\u00eda vinculaci\u00f3n a proceso para cuatro personas en Benito Ju\u00e1rez y Tulum - Panorama Ciudadano\" \/>\n<meta property=\"og:description\" content=\"Los ahora imputados son C\u00e9sar David \u201cN\u201d, Abisai \u201cN\u201d, \u00c1ngel David \u201cN\u201d y Alex \u201cN\u201d.\" \/>\n<meta property=\"og:url\" content=\"https:\/\/panoramaciudadano.com\/index.php\/2025\/03\/13\/por-narcomenudeo-logra-fiscalia-vinculacion-a-proceso-para-cuatro-personas-en-benito-juarez-y-tulum\/\" \/>\n<meta property=\"og:site_name\" content=\"Panorama Ciudadano\" \/>\n<meta property=\"article:publisher\" content=\"https:\/\/www.facebook.com\/panoramaciudadano\" \/>\n<meta property=\"article:published_time\" content=\"2025-03-13T15:26:22+00:00\" \/>\n<meta property=\"article:modified_time\" content=\"2025-03-13T15:26:25+00:00\" \/>\n<meta property=\"og:image\" content=\"https:\/\/panoramaciudadano.com\/wp-content\/uploads\/2025\/03\/2-54.jpeg\" \/>\n\t<meta property=\"og:image:width\" content=\"1235\" \/>\n\t<meta property=\"og:image:height\" content=\"1600\" \/>\n\t<meta property=\"og:image:type\" content=\"image\/jpeg\" \/>\n<meta name=\"author\" content=\"admin\" \/>\n<meta name=\"twitter:card\" content=\"summary_large_image\" \/>\n<meta name=\"twitter:label1\" content=\"Escrito por\" \/>\n\t<meta name=\"twitter:data1\" content=\"admin\" \/>\n\t<meta name=\"twitter:label2\" content=\"Tiempo de lectura\" \/>\n\t<meta name=\"twitter:data2\" content=\"2 minutos\" \/>\n<script type=\"application\/ld+json\" class=\"yoast-schema-graph\">{\"@context\":\"https:\/\/schema.org\",\"@graph\":[{\"@type\":\"Article\",\"@id\":\"https:\/\/panoramaciudadano.com\/index.php\/2025\/03\/13\/por-narcomenudeo-logra-fiscalia-vinculacion-a-proceso-para-cuatro-personas-en-benito-juarez-y-tulum\/#article\",\"isPartOf\":{\"@id\":\"https:\/\/panoramaciudadano.com\/index.php\/2025\/03\/13\/por-narcomenudeo-logra-fiscalia-vinculacion-a-proceso-para-cuatro-personas-en-benito-juarez-y-tulum\/\"},\"author\":{\"name\":\"admin\",\"@id\":\"https:\/\/panoramaciudadano.com\/#\/schema\/person\/ffe9fe8ef47d3a93977b5761fd9e0d96\"},\"headline\":\"Por narcomenudeo, logra Fiscal\u00eda vinculaci\u00f3n a proceso para cuatro personas en Benito Ju\u00e1rez y Tulum\",\"datePublished\":\"2025-03-13T15:26:22+00:00\",\"dateModified\":\"2025-03-13T15:26:25+00:00\",\"mainEntityOfPage\":{\"@id\":\"https:\/\/panoramaciudadano.com\/index.php\/2025\/03\/13\/por-narcomenudeo-logra-fiscalia-vinculacion-a-proceso-para-cuatro-personas-en-benito-juarez-y-tulum\/\"},\"wordCount\":211,\"commentCount\":0,\"publisher\":{\"@id\":\"https:\/\/panoramaciudadano.com\/#organization\"},\"image\":{\"@id\":\"https:\/\/panoramaciudadano.com\/index.php\/2025\/03\/13\/por-narcomenudeo-logra-fiscalia-vinculacion-a-proceso-para-cuatro-personas-en-benito-juarez-y-tulum\/#primaryimage\"},\"thumbnailUrl\":\"https:\/\/panoramaciudadano.com\/wp-content\/uploads\/2025\/03\/2-54.jpeg\",\"keywords\":[\"Fiscal\u00eda General del Estado (FGE)\"],\"articleSection\":[\"Canc\u00fan\",\"Tulum\"],\"inLanguage\":\"es\",\"potentialAction\":[{\"@type\":\"CommentAction\",\"name\":\"Comment\",\"target\":[\"https:\/\/panoramaciudadano.com\/index.php\/2025\/03\/13\/por-narcomenudeo-logra-fiscalia-vinculacion-a-proceso-para-cuatro-personas-en-benito-juarez-y-tulum\/#respond\"]}]},{\"@type\":\"WebPage\",\"@id\":\"https:\/\/panoramaciudadano.com\/index.php\/2025\/03\/13\/por-narcomenudeo-logra-fiscalia-vinculacion-a-proceso-para-cuatro-personas-en-benito-juarez-y-tulum\/\",\"url\":\"https:\/\/panoramaciudadano.com\/index.php\/2025\/03\/13\/por-narcomenudeo-logra-fiscalia-vinculacion-a-proceso-para-cuatro-personas-en-benito-juarez-y-tulum\/\",\"name\":\"Por narcomenudeo, logra Fiscal\u00eda vinculaci\u00f3n a proceso para cuatro personas en Benito Ju\u00e1rez y Tulum - Panorama Ciudadano\",\"isPartOf\":{\"@id\":\"https:\/\/panoramaciudadano.com\/#website\"},\"primaryImageOfPage\":{\"@id\":\"https:\/\/panoramaciudadano.com\/index.php\/2025\/03\/13\/por-narcomenudeo-logra-fiscalia-vinculacion-a-proceso-para-cuatro-personas-en-benito-juarez-y-tulum\/#primaryimage\"},\"image\":{\"@id\":\"https:\/\/panoramaciudadano.com\/index.php\/2025\/03\/13\/por-narcomenudeo-logra-fiscalia-vinculacion-a-proceso-para-cuatro-personas-en-benito-juarez-y-tulum\/#primaryimage\"},\"thumbnailUrl\":\"https:\/\/panoramaciudadano.com\/wp-content\/uploads\/2025\/03\/2-54.jpeg\",\"datePublished\":\"2025-03-13T15:26:22+00:00\",\"dateModified\":\"2025-03-13T15:26:25+00:00\",\"breadcrumb\":{\"@id\":\"https:\/\/panoramaciudadano.com\/index.php\/2025\/03\/13\/por-narcomenudeo-logra-fiscalia-vinculacion-a-proceso-para-cuatro-personas-en-benito-juarez-y-tulum\/#breadcrumb\"},\"inLanguage\":\"es\",\"potentialAction\":[{\"@type\":\"ReadAction\",\"target\":[\"https:\/\/panoramaciudadano.com\/index.php\/2025\/03\/13\/por-narcomenudeo-logra-fiscalia-vinculacion-a-proceso-para-cuatro-personas-en-benito-juarez-y-tulum\/\"]}]},{\"@type\":\"ImageObject\",\"inLanguage\":\"es\",\"@id\":\"https:\/\/panoramaciudadano.com\/index.php\/2025\/03\/13\/por-narcomenudeo-logra-fiscalia-vinculacion-a-proceso-para-cuatro-personas-en-benito-juarez-y-tulum\/#primaryimage\",\"url\":\"https:\/\/panoramaciudadano.com\/wp-content\/uploads\/2025\/03\/2-54.jpeg\",\"contentUrl\":\"https:\/\/panoramaciudadano.com\/wp-content\/uploads\/2025\/03\/2-54.jpeg\",\"width\":1235,\"height\":1600},{\"@type\":\"BreadcrumbList\",\"@id\":\"https:\/\/panoramaciudadano.com\/index.php\/2025\/03\/13\/por-narcomenudeo-logra-fiscalia-vinculacion-a-proceso-para-cuatro-personas-en-benito-juarez-y-tulum\/#breadcrumb\",\"itemListElement\":[{\"@type\":\"ListItem\",\"position\":1,\"name\":\"Portada\",\"item\":\"https:\/\/panoramaciudadano.com\/\"},{\"@type\":\"ListItem\",\"position\":2,\"name\":\"Por narcomenudeo, logra Fiscal\u00eda vinculaci\u00f3n a proceso para cuatro personas en Benito Ju\u00e1rez y Tulum\"}]},{\"@type\":\"WebSite\",\"@id\":\"https:\/\/panoramaciudadano.com\/#website\",\"url\":\"https:\/\/panoramaciudadano.com\/\",\"name\":\"Panorama Ciudadano\",\"description\":\"\",\"publisher\":{\"@id\":\"https:\/\/panoramaciudadano.com\/#organization\"},\"potentialAction\":[{\"@type\":\"SearchAction\",\"target\":{\"@type\":\"EntryPoint\",\"urlTemplate\":\"https:\/\/panoramaciudadano.com\/?s={search_term_string}\"},\"query-input\":{\"@type\":\"PropertyValueSpecification\",\"valueRequired\":true,\"valueName\":\"search_term_string\"}}],\"inLanguage\":\"es\"},{\"@type\":\"Organization\",\"@id\":\"https:\/\/panoramaciudadano.com\/#organization\",\"name\":\"Panorama Ciudadano\",\"url\":\"https:\/\/panoramaciudadano.com\/\",\"logo\":{\"@type\":\"ImageObject\",\"inLanguage\":\"es\",\"@id\":\"https:\/\/panoramaciudadano.com\/#\/schema\/logo\/image\/\",\"url\":\"https:\/\/panoramaciudadano.com\/wp-content\/uploads\/2024\/05\/401498640_919267042938564_6290593609399108733_n.jpg\",\"contentUrl\":\"https:\/\/panoramaciudadano.com\/wp-content\/uploads\/2024\/05\/401498640_919267042938564_6290593609399108733_n.jpg\",\"width\":960,\"height\":957,\"caption\":\"Panorama Ciudadano\"},\"image\":{\"@id\":\"https:\/\/panoramaciudadano.com\/#\/schema\/logo\/image\/\"},\"sameAs\":[\"https:\/\/www.facebook.com\/panoramaciudadano\"]},{\"@type\":\"Person\",\"@id\":\"https:\/\/panoramaciudadano.com\/#\/schema\/person\/ffe9fe8ef47d3a93977b5761fd9e0d96\",\"name\":\"admin\",\"image\":{\"@type\":\"ImageObject\",\"inLanguage\":\"es\",\"@id\":\"https:\/\/panoramaciudadano.com\/#\/schema\/person\/image\/\",\"url\":\"https:\/\/secure.gravatar.com\/avatar\/2d5a12cacce3f18096f25fadea8abb7202fef18ed669595589853e84260ff451?s=96&d=mm&r=g\",\"contentUrl\":\"https:\/\/secure.gravatar.com\/avatar\/2d5a12cacce3f18096f25fadea8abb7202fef18ed669595589853e84260ff451?s=96&d=mm&r=g\",\"caption\":\"admin\"},\"sameAs\":[\"https:\/\/panoramaciudadano.com\"],\"url\":\"https:\/\/panoramaciudadano.com\/index.php\/author\/admin_3q6hyqq3\/\"}]}<\/script>\n<!-- \/ Yoast SEO plugin. -->","yoast_head_json":{"title":"Por narcomenudeo, logra Fiscal\u00eda vinculaci\u00f3n a proceso para cuatro personas en Benito Ju\u00e1rez y Tulum - Panorama Ciudadano","robots":{"index":"index","follow":"follow","max-snippet":"max-snippet:-1","max-image-preview":"max-image-preview:large","max-video-preview":"max-video-preview:-1"},"canonical":"https:\/\/panoramaciudadano.com\/index.php\/2025\/03\/13\/por-narcomenudeo-logra-fiscalia-vinculacion-a-proceso-para-cuatro-personas-en-benito-juarez-y-tulum\/","og_locale":"es_ES","og_type":"article","og_title":"Por narcomenudeo, logra Fiscal\u00eda vinculaci\u00f3n a proceso para cuatro personas en Benito Ju\u00e1rez y Tulum - Panorama Ciudadano","og_description":"Los ahora imputados son C\u00e9sar David \u201cN\u201d, Abisai \u201cN\u201d, \u00c1ngel David \u201cN\u201d y Alex \u201cN\u201d.","og_url":"https:\/\/panoramaciudadano.com\/index.php\/2025\/03\/13\/por-narcomenudeo-logra-fiscalia-vinculacion-a-proceso-para-cuatro-personas-en-benito-juarez-y-tulum\/","og_site_name":"Panorama Ciudadano","article_publisher":"https:\/\/www.facebook.com\/panoramaciudadano","article_published_time":"2025-03-13T15:26:22+00:00","article_modified_time":"2025-03-13T15:26:25+00:00","og_image":[{"width":1235,"height":1600,"url":"https:\/\/panoramaciudadano.com\/wp-content\/uploads\/2025\/03\/2-54.jpeg","type":"image\/jpeg"}],"author":"admin","twitter_card":"summary_large_image","twitter_misc":{"Escrito por":"admin","Tiempo de lectura":"2 minutos"},"schema":{"@context":"https:\/\/schema.org","@graph":[{"@type":"Article","@id":"https:\/\/panoramaciudadano.com\/index.php\/2025\/03\/13\/por-narcomenudeo-logra-fiscalia-vinculacion-a-proceso-para-cuatro-personas-en-benito-juarez-y-tulum\/#article","isPartOf":{"@id":"https:\/\/panoramaciudadano.com\/index.php\/2025\/03\/13\/por-narcomenudeo-logra-fiscalia-vinculacion-a-proceso-para-cuatro-personas-en-benito-juarez-y-tulum\/"},"author":{"name":"admin","@id":"https:\/\/panoramaciudadano.com\/#\/schema\/person\/ffe9fe8ef47d3a93977b5761fd9e0d96"},"headline":"Por narcomenudeo, logra Fiscal\u00eda vinculaci\u00f3n a proceso para cuatro personas en Benito Ju\u00e1rez y Tulum","datePublished":"2025-03-13T15:26:22+00:00","dateModified":"2025-03-13T15:26:25+00:00","mainEntityOfPage":{"@id":"https:\/\/panoramaciudadano.com\/index.php\/2025\/03\/13\/por-narcomenudeo-logra-fiscalia-vinculacion-a-proceso-para-cuatro-personas-en-benito-juarez-y-tulum\/"},"wordCount":211,"commentCount":0,"publisher":{"@id":"https:\/\/panoramaciudadano.com\/#organization"},"image":{"@id":"https:\/\/panoramaciudadano.com\/index.php\/2025\/03\/13\/por-narcomenudeo-logra-fiscalia-vinculacion-a-proceso-para-cuatro-personas-en-benito-juarez-y-tulum\/#primaryimage"},"thumbnailUrl":"https:\/\/panoramaciudadano.com\/wp-content\/uploads\/2025\/03\/2-54.jpeg","keywords":["Fiscal\u00eda General del Estado (FGE)"],"articleSection":["Canc\u00fan","Tulum"],"inLanguage":"es","potentialAction":[{"@type":"CommentAction","name":"Comment","target":["https:\/\/panoramaciudadano.com\/index.php\/2025\/03\/13\/por-narcomenudeo-logra-fiscalia-vinculacion-a-proceso-para-cuatro-personas-en-benito-juarez-y-tulum\/#respond"]}]},{"@type":"WebPage","@id":"https:\/\/panoramaciudadano.com\/index.php\/2025\/03\/13\/por-narcomenudeo-logra-fiscalia-vinculacion-a-proceso-para-cuatro-personas-en-benito-juarez-y-tulum\/","url":"https:\/\/panoramaciudadano.com\/index.php\/2025\/03\/13\/por-narcomenudeo-logra-fiscalia-vinculacion-a-proceso-para-cuatro-personas-en-benito-juarez-y-tulum\/","name":"Por narcomenudeo, logra Fiscal\u00eda vinculaci\u00f3n a proceso para cuatro personas en Benito Ju\u00e1rez y Tulum - Panorama Ciudadano","isPartOf":{"@id":"https:\/\/panoramaciudadano.com\/#website"},"primaryImageOfPage":{"@id":"https:\/\/panoramaciudadano.com\/index.php\/2025\/03\/13\/por-narcomenudeo-logra-fiscalia-vinculacion-a-proceso-para-cuatro-personas-en-benito-juarez-y-tulum\/#primaryimage"},"image":{"@id":"https:\/\/panoramaciudadano.com\/index.php\/2025\/03\/13\/por-narcomenudeo-logra-fiscalia-vinculacion-a-proceso-para-cuatro-personas-en-benito-juarez-y-tulum\/#primaryimage"},"thumbnailUrl":"https:\/\/panoramaciudadano.com\/wp-content\/uploads\/2025\/03\/2-54.jpeg","datePublished":"2025-03-13T15:26:22+00:00","dateModified":"2025-03-13T15:26:25+00:00","breadcrumb":{"@id":"https:\/\/panoramaciudadano.com\/index.php\/2025\/03\/13\/por-narcomenudeo-logra-fiscalia-vinculacion-a-proceso-para-cuatro-personas-en-benito-juarez-y-tulum\/#breadcrumb"},"inLanguage":"es","potentialAction":[{"@type":"ReadAction","target":["https:\/\/panoramaciudadano.com\/index.php\/2025\/03\/13\/por-narcomenudeo-logra-fiscalia-vinculacion-a-proceso-para-cuatro-personas-en-benito-juarez-y-tulum\/"]}]},{"@type":"ImageObject","inLanguage":"es","@id":"https:\/\/panoramaciudadano.com\/index.php\/2025\/03\/13\/por-narcomenudeo-logra-fiscalia-vinculacion-a-proceso-para-cuatro-personas-en-benito-juarez-y-tulum\/#primaryimage","url":"https:\/\/panoramaciudadano.com\/wp-content\/uploads\/2025\/03\/2-54.jpeg","contentUrl":"https:\/\/panoramaciudadano.com\/wp-content\/uploads\/2025\/03\/2-54.jpeg","width":1235,"height":1600},{"@type":"BreadcrumbList","@id":"https:\/\/panoramaciudadano.com\/index.php\/2025\/03\/13\/por-narcomenudeo-logra-fiscalia-vinculacion-a-proceso-para-cuatro-personas-en-benito-juarez-y-tulum\/#breadcrumb","itemListElement":[{"@type":"ListItem","position":1,"name":"Portada","item":"https:\/\/panoramaciudadano.com\/"},{"@type":"ListItem","position":2,"name":"Por narcomenudeo, logra Fiscal\u00eda vinculaci\u00f3n a proceso para cuatro personas en Benito Ju\u00e1rez y Tulum"}]},{"@type":"WebSite","@id":"https:\/\/panoramaciudadano.com\/#website","url":"https:\/\/panoramaciudadano.com\/","name":"Panorama Ciudadano","description":"","publisher":{"@id":"https:\/\/panoramaciudadano.com\/#organization"},"potentialAction":[{"@type":"SearchAction","target":{"@type":"EntryPoint","urlTemplate":"https:\/\/panoramaciudadano.com\/?s={search_term_string}"},"query-input":{"@type":"PropertyValueSpecification","valueRequired":true,"valueName":"search_term_string"}}],"inLanguage":"es"},{"@type":"Organization","@id":"https:\/\/panoramaciudadano.com\/#organization","name":"Panorama Ciudadano","url":"https:\/\/panoramaciudadano.com\/","logo":{"@type":"ImageObject","inLanguage":"es","@id":"https:\/\/panoramaciudadano.com\/#\/schema\/logo\/image\/","url":"https:\/\/panoramaciudadano.com\/wp-content\/uploads\/2024\/05\/401498640_919267042938564_6290593609399108733_n.jpg","contentUrl":"https:\/\/panoramaciudadano.com\/wp-content\/uploads\/2024\/05\/401498640_919267042938564_6290593609399108733_n.jpg","width":960,"height":957,"caption":"Panorama Ciudadano"},"image":{"@id":"https:\/\/panoramaciudadano.com\/#\/schema\/logo\/image\/"},"sameAs":["https:\/\/www.facebook.com\/panoramaciudadano"]},{"@type":"Person","@id":"https:\/\/panoramaciudadano.com\/#\/schema\/person\/ffe9fe8ef47d3a93977b5761fd9e0d96","name":"admin","image":{"@type":"ImageObject","inLanguage":"es","@id":"https:\/\/panoramaciudadano.com\/#\/schema\/person\/image\/","url":"https:\/\/secure.gravatar.com\/avatar\/2d5a12cacce3f18096f25fadea8abb7202fef18ed669595589853e84260ff451?s=96&d=mm&r=g","contentUrl":"https:\/\/secure.gravatar.com\/avatar\/2d5a12cacce3f18096f25fadea8abb7202fef18ed669595589853e84260ff451?s=96&d=mm&r=g","caption":"admin"},"sameAs":["https:\/\/panoramaciudadano.com"],"url":"https:\/\/panoramaciudadano.com\/index.php\/author\/admin_3q6hyqq3\/"}]}},"_links":{"self":[{"href":"https:\/\/panoramaciudadano.com\/index.php\/wp-json\/wp\/v2\/posts\/11320","targetHints":{"allow":["GET"]}}],"collection":[{"href":"https:\/\/panoramaciudadano.com\/index.php\/wp-json\/wp\/v2\/posts"}],"about":[{"href":"https:\/\/panoramaciudadano.com\/index.php\/wp-json\/wp\/v2\/types\/post"}],"author":[{"embeddable":true,"href":"https:\/\/panoramaciudadano.com\/index.php\/wp-json\/wp\/v2\/users\/1"}],"replies":[{"embeddable":true,"href":"https:\/\/panoramaciudadano.com\/index.php\/wp-json\/wp\/v2\/comments?post=11320"}],"version-history":[{"count":1,"href":"https:\/\/panoramaciudadano.com\/index.php\/wp-json\/wp\/v2\/posts\/11320\/revisions"}],"predecessor-version":[{"id":11325,"href":"https:\/\/panoramaciudadano.com\/index.php\/wp-json\/wp\/v2\/posts\/11320\/revisions\/11325"}],"wp:featuredmedia":[{"embeddable":true,"href":"https:\/\/panoramaciudadano.com\/index.php\/wp-json\/wp\/v2\/media\/11323"}],"wp:attachment":[{"href":"https:\/\/panoramaciudadano.com\/index.php\/wp-json\/wp\/v2\/media?parent=11320"}],"wp:term":[{"taxonomy":"category","embeddable":true,"href":"https:\/\/panoramaciudadano.com\/index.php\/wp-json\/wp\/v2\/categories?post=11320"},{"taxonomy":"post_tag","embeddable":true,"href":"https:\/\/panoramaciudadano.com\/index.php\/wp-json\/wp\/v2\/tags?post=11320"}],"curies":[{"name":"wp","href":"https:\/\/api.w.org\/{rel}","templated":true}]}}