{"id":1143,"date":"2024-07-06T22:36:46","date_gmt":"2024-07-06T22:36:46","guid":{"rendered":"https:\/\/panoramaciudadano.com\/?p=1143"},"modified":"2024-07-06T22:36:47","modified_gmt":"2024-07-06T22:36:47","slug":"choque-deja-14-lesionados-entre-dos-autobuses-en-la-autopista-mexico-pachuca","status":"publish","type":"post","link":"https:\/\/panoramaciudadano.com\/index.php\/2024\/07\/06\/choque-deja-14-lesionados-entre-dos-autobuses-en-la-autopista-mexico-pachuca\/","title":{"rendered":"Choque deja 14 lesionados Entre dos autobuses, en la autopista M\u00e9xico-Pachuca"},"content":{"rendered":"\n<figure class=\"wp-block-image size-full\"><img decoding=\"async\" width=\"959\" height=\"540\" src=\"https:\/\/panoramaciudadano.com\/wp-content\/uploads\/2024\/07\/3-8.jpeg\" alt=\"\" class=\"wp-image-1144\" srcset=\"https:\/\/panoramaciudadano.com\/wp-content\/uploads\/2024\/07\/3-8.jpeg 959w, https:\/\/panoramaciudadano.com\/wp-content\/uploads\/2024\/07\/3-8-300x169.jpeg 300w, https:\/\/panoramaciudadano.com\/wp-content\/uploads\/2024\/07\/3-8-768x432.jpeg 768w\" sizes=\"(max-width: 959px) 100vw, 959px\" \/><\/figure>\n\n\n\n<p>Al menos 14 pasajeros resultaron lesionados a consecuencia de un accidente automovil\u00edstico en el que se vieron involucrados dos autobuses en la autopista M\u00e9xico-Pachuca.<\/p>\n\n\n\n<p>Poco antes de las 2:00 de la tarde, dos autobuses que circulaban sobre la vialidad se impactaron, en los l\u00edmites de Ecatepec y Tlalnepantla, a la altura del kil\u00f3metro 11+000.<\/p>\n\n\n\n<p>Ambas unidades de pasajeros se dirig\u00edan al Centro de Transferencia Modal (Cetram) Indios Verdes, ubicado en la Ciudad de M\u00e9xico, chocando en la zona conocida como \u201cEl Risco\u201d.<\/p>\n\n\n\n<p>De acuerdo con reportes, el conductor de la unidad marcada con n\u00famero econ\u00f3mico 1008 de la L\u00ednea Buend\u00eda, habr\u00eda circulado en sentido contrario en la autopista para intentar ingresar al carril confinado de la l\u00ednea IV del Mexib\u00fas.<\/p>\n\n\n\n<p>Fue entonces que el chofer de otro autob\u00fas de la ruta Baltazar, se impact\u00f3 de lleno al no poder frenar a tiempo, dejando destrozada la parte delantera del cami\u00f3n que intent\u00f3 cruzar en sentido contrario.<\/p>\n\n\n\n<p>Al ver la magnitud del accidente, el chofer responsable huy\u00f3 del sitio, dejando a los pasajeros heridos, algunos de ellos quedaron prensados y los tuvieron que rescatar por las ventanillas.<\/p>\n\n\n\n<p>Servicios de emergencia de la Cruz Roja, Protecci\u00f3n Civil de Ecatepec y Tlalnepantla, as\u00ed como de la alcald\u00eda Gustavo A. Madero de la Ciudad de M\u00e9xico, llegaron para atender a los heridos.<\/p>\n\n\n\n<p>En patrullas de la polic\u00eda de la Secretar\u00eda de Seguridad del Estado de M\u00e9xico, algunos de los pasajeros fueron llevados a hospitales cercanos, al no presentar heridas de gravedad.<\/p>\n","protected":false},"excerpt":{"rendered":"<p>Al menos 14 pasajeros resultaron lesionados a consecuencia de un accidente automovil\u00edstico en el que se vieron involucrados dos autobuses en la autopista M\u00e9xico-Pachuca.<\/p>\n","protected":false},"author":1,"featured_media":1144,"comment_status":"open","ping_status":"closed","sticky":false,"template":"","format":"standard","meta":{"footnotes":""},"categories":[3],"tags":[656,655,657],"class_list":["post-1143","post","type-post","status-publish","format-standard","has-post-thumbnail","hentry","category-nacional","tag-carretera-mexico-pachuca","tag-estado-de-mexico","tag-mexibus"],"yoast_head":"<!-- This site is optimized with the Yoast SEO plugin v27.1.1 - https:\/\/yoast.com\/product\/yoast-seo-wordpress\/ -->\n<title>Choque deja 14 lesionados Entre dos autobuses, en la autopista M\u00e9xico-Pachuca - Panorama Ciudadano<\/title>\n<meta name=\"robots\" content=\"index, follow, max-snippet:-1, max-image-preview:large, max-video-preview:-1\" \/>\n<link rel=\"canonical\" href=\"https:\/\/panoramaciudadano.com\/index.php\/2024\/07\/06\/choque-deja-14-lesionados-entre-dos-autobuses-en-la-autopista-mexico-pachuca\/\" \/>\n<meta property=\"og:locale\" content=\"es_ES\" \/>\n<meta property=\"og:type\" content=\"article\" \/>\n<meta property=\"og:title\" content=\"Choque deja 14 lesionados Entre dos autobuses, en la autopista M\u00e9xico-Pachuca - Panorama Ciudadano\" \/>\n<meta property=\"og:description\" content=\"Al menos 14 pasajeros resultaron lesionados a consecuencia de un accidente automovil\u00edstico en el que se vieron involucrados dos autobuses en la autopista M\u00e9xico-Pachuca.\" \/>\n<meta property=\"og:url\" content=\"https:\/\/panoramaciudadano.com\/index.php\/2024\/07\/06\/choque-deja-14-lesionados-entre-dos-autobuses-en-la-autopista-mexico-pachuca\/\" \/>\n<meta property=\"og:site_name\" content=\"Panorama Ciudadano\" \/>\n<meta property=\"article:publisher\" content=\"https:\/\/www.facebook.com\/panoramaciudadano\" \/>\n<meta property=\"article:published_time\" content=\"2024-07-06T22:36:46+00:00\" \/>\n<meta property=\"article:modified_time\" content=\"2024-07-06T22:36:47+00:00\" \/>\n<meta property=\"og:image\" content=\"https:\/\/panoramaciudadano.com\/wp-content\/uploads\/2024\/07\/3-8.jpeg\" \/>\n\t<meta property=\"og:image:width\" content=\"959\" \/>\n\t<meta property=\"og:image:height\" content=\"540\" \/>\n\t<meta property=\"og:image:type\" content=\"image\/jpeg\" \/>\n<meta name=\"author\" content=\"admin\" \/>\n<meta name=\"twitter:card\" content=\"summary_large_image\" \/>\n<meta name=\"twitter:label1\" content=\"Escrito por\" \/>\n\t<meta name=\"twitter:data1\" content=\"admin\" \/>\n\t<meta name=\"twitter:label2\" content=\"Tiempo de lectura\" \/>\n\t<meta name=\"twitter:data2\" content=\"2 minutos\" \/>\n<script type=\"application\/ld+json\" class=\"yoast-schema-graph\">{\"@context\":\"https:\/\/schema.org\",\"@graph\":[{\"@type\":\"Article\",\"@id\":\"https:\/\/panoramaciudadano.com\/index.php\/2024\/07\/06\/choque-deja-14-lesionados-entre-dos-autobuses-en-la-autopista-mexico-pachuca\/#article\",\"isPartOf\":{\"@id\":\"https:\/\/panoramaciudadano.com\/index.php\/2024\/07\/06\/choque-deja-14-lesionados-entre-dos-autobuses-en-la-autopista-mexico-pachuca\/\"},\"author\":{\"name\":\"admin\",\"@id\":\"https:\/\/panoramaciudadano.com\/#\/schema\/person\/ffe9fe8ef47d3a93977b5761fd9e0d96\"},\"headline\":\"Choque deja 14 lesionados Entre dos autobuses, en la autopista M\u00e9xico-Pachuca\",\"datePublished\":\"2024-07-06T22:36:46+00:00\",\"dateModified\":\"2024-07-06T22:36:47+00:00\",\"mainEntityOfPage\":{\"@id\":\"https:\/\/panoramaciudadano.com\/index.php\/2024\/07\/06\/choque-deja-14-lesionados-entre-dos-autobuses-en-la-autopista-mexico-pachuca\/\"},\"wordCount\":274,\"commentCount\":0,\"publisher\":{\"@id\":\"https:\/\/panoramaciudadano.com\/#organization\"},\"image\":{\"@id\":\"https:\/\/panoramaciudadano.com\/index.php\/2024\/07\/06\/choque-deja-14-lesionados-entre-dos-autobuses-en-la-autopista-mexico-pachuca\/#primaryimage\"},\"thumbnailUrl\":\"https:\/\/panoramaciudadano.com\/wp-content\/uploads\/2024\/07\/3-8.jpeg\",\"keywords\":[\"Carretera M\u00e9xico-Pachuca\",\"Estado de M\u00e9xico\",\"Mexib\u00fas\"],\"articleSection\":[\"Nacional\"],\"inLanguage\":\"es\",\"potentialAction\":[{\"@type\":\"CommentAction\",\"name\":\"Comment\",\"target\":[\"https:\/\/panoramaciudadano.com\/index.php\/2024\/07\/06\/choque-deja-14-lesionados-entre-dos-autobuses-en-la-autopista-mexico-pachuca\/#respond\"]}]},{\"@type\":\"WebPage\",\"@id\":\"https:\/\/panoramaciudadano.com\/index.php\/2024\/07\/06\/choque-deja-14-lesionados-entre-dos-autobuses-en-la-autopista-mexico-pachuca\/\",\"url\":\"https:\/\/panoramaciudadano.com\/index.php\/2024\/07\/06\/choque-deja-14-lesionados-entre-dos-autobuses-en-la-autopista-mexico-pachuca\/\",\"name\":\"Choque deja 14 lesionados Entre dos autobuses, en la autopista M\u00e9xico-Pachuca - Panorama Ciudadano\",\"isPartOf\":{\"@id\":\"https:\/\/panoramaciudadano.com\/#website\"},\"primaryImageOfPage\":{\"@id\":\"https:\/\/panoramaciudadano.com\/index.php\/2024\/07\/06\/choque-deja-14-lesionados-entre-dos-autobuses-en-la-autopista-mexico-pachuca\/#primaryimage\"},\"image\":{\"@id\":\"https:\/\/panoramaciudadano.com\/index.php\/2024\/07\/06\/choque-deja-14-lesionados-entre-dos-autobuses-en-la-autopista-mexico-pachuca\/#primaryimage\"},\"thumbnailUrl\":\"https:\/\/panoramaciudadano.com\/wp-content\/uploads\/2024\/07\/3-8.jpeg\",\"datePublished\":\"2024-07-06T22:36:46+00:00\",\"dateModified\":\"2024-07-06T22:36:47+00:00\",\"breadcrumb\":{\"@id\":\"https:\/\/panoramaciudadano.com\/index.php\/2024\/07\/06\/choque-deja-14-lesionados-entre-dos-autobuses-en-la-autopista-mexico-pachuca\/#breadcrumb\"},\"inLanguage\":\"es\",\"potentialAction\":[{\"@type\":\"ReadAction\",\"target\":[\"https:\/\/panoramaciudadano.com\/index.php\/2024\/07\/06\/choque-deja-14-lesionados-entre-dos-autobuses-en-la-autopista-mexico-pachuca\/\"]}]},{\"@type\":\"ImageObject\",\"inLanguage\":\"es\",\"@id\":\"https:\/\/panoramaciudadano.com\/index.php\/2024\/07\/06\/choque-deja-14-lesionados-entre-dos-autobuses-en-la-autopista-mexico-pachuca\/#primaryimage\",\"url\":\"https:\/\/panoramaciudadano.com\/wp-content\/uploads\/2024\/07\/3-8.jpeg\",\"contentUrl\":\"https:\/\/panoramaciudadano.com\/wp-content\/uploads\/2024\/07\/3-8.jpeg\",\"width\":959,\"height\":540},{\"@type\":\"BreadcrumbList\",\"@id\":\"https:\/\/panoramaciudadano.com\/index.php\/2024\/07\/06\/choque-deja-14-lesionados-entre-dos-autobuses-en-la-autopista-mexico-pachuca\/#breadcrumb\",\"itemListElement\":[{\"@type\":\"ListItem\",\"position\":1,\"name\":\"Portada\",\"item\":\"https:\/\/panoramaciudadano.com\/\"},{\"@type\":\"ListItem\",\"position\":2,\"name\":\"Choque deja 14 lesionados Entre dos autobuses, en la autopista M\u00e9xico-Pachuca\"}]},{\"@type\":\"WebSite\",\"@id\":\"https:\/\/panoramaciudadano.com\/#website\",\"url\":\"https:\/\/panoramaciudadano.com\/\",\"name\":\"Panorama Ciudadano\",\"description\":\"\",\"publisher\":{\"@id\":\"https:\/\/panoramaciudadano.com\/#organization\"},\"potentialAction\":[{\"@type\":\"SearchAction\",\"target\":{\"@type\":\"EntryPoint\",\"urlTemplate\":\"https:\/\/panoramaciudadano.com\/?s={search_term_string}\"},\"query-input\":{\"@type\":\"PropertyValueSpecification\",\"valueRequired\":true,\"valueName\":\"search_term_string\"}}],\"inLanguage\":\"es\"},{\"@type\":\"Organization\",\"@id\":\"https:\/\/panoramaciudadano.com\/#organization\",\"name\":\"Panorama Ciudadano\",\"url\":\"https:\/\/panoramaciudadano.com\/\",\"logo\":{\"@type\":\"ImageObject\",\"inLanguage\":\"es\",\"@id\":\"https:\/\/panoramaciudadano.com\/#\/schema\/logo\/image\/\",\"url\":\"https:\/\/panoramaciudadano.com\/wp-content\/uploads\/2024\/05\/401498640_919267042938564_6290593609399108733_n.jpg\",\"contentUrl\":\"https:\/\/panoramaciudadano.com\/wp-content\/uploads\/2024\/05\/401498640_919267042938564_6290593609399108733_n.jpg\",\"width\":960,\"height\":957,\"caption\":\"Panorama Ciudadano\"},\"image\":{\"@id\":\"https:\/\/panoramaciudadano.com\/#\/schema\/logo\/image\/\"},\"sameAs\":[\"https:\/\/www.facebook.com\/panoramaciudadano\"]},{\"@type\":\"Person\",\"@id\":\"https:\/\/panoramaciudadano.com\/#\/schema\/person\/ffe9fe8ef47d3a93977b5761fd9e0d96\",\"name\":\"admin\",\"image\":{\"@type\":\"ImageObject\",\"inLanguage\":\"es\",\"@id\":\"https:\/\/panoramaciudadano.com\/#\/schema\/person\/image\/\",\"url\":\"https:\/\/secure.gravatar.com\/avatar\/2d5a12cacce3f18096f25fadea8abb7202fef18ed669595589853e84260ff451?s=96&d=mm&r=g\",\"contentUrl\":\"https:\/\/secure.gravatar.com\/avatar\/2d5a12cacce3f18096f25fadea8abb7202fef18ed669595589853e84260ff451?s=96&d=mm&r=g\",\"caption\":\"admin\"},\"sameAs\":[\"https:\/\/panoramaciudadano.com\"],\"url\":\"https:\/\/panoramaciudadano.com\/index.php\/author\/admin_3q6hyqq3\/\"}]}<\/script>\n<!-- \/ Yoast SEO plugin. -->","yoast_head_json":{"title":"Choque deja 14 lesionados Entre dos autobuses, en la autopista M\u00e9xico-Pachuca - Panorama Ciudadano","robots":{"index":"index","follow":"follow","max-snippet":"max-snippet:-1","max-image-preview":"max-image-preview:large","max-video-preview":"max-video-preview:-1"},"canonical":"https:\/\/panoramaciudadano.com\/index.php\/2024\/07\/06\/choque-deja-14-lesionados-entre-dos-autobuses-en-la-autopista-mexico-pachuca\/","og_locale":"es_ES","og_type":"article","og_title":"Choque deja 14 lesionados Entre dos autobuses, en la autopista M\u00e9xico-Pachuca - Panorama Ciudadano","og_description":"Al menos 14 pasajeros resultaron lesionados a consecuencia de un accidente automovil\u00edstico en el que se vieron involucrados dos autobuses en la autopista M\u00e9xico-Pachuca.","og_url":"https:\/\/panoramaciudadano.com\/index.php\/2024\/07\/06\/choque-deja-14-lesionados-entre-dos-autobuses-en-la-autopista-mexico-pachuca\/","og_site_name":"Panorama Ciudadano","article_publisher":"https:\/\/www.facebook.com\/panoramaciudadano","article_published_time":"2024-07-06T22:36:46+00:00","article_modified_time":"2024-07-06T22:36:47+00:00","og_image":[{"width":959,"height":540,"url":"https:\/\/panoramaciudadano.com\/wp-content\/uploads\/2024\/07\/3-8.jpeg","type":"image\/jpeg"}],"author":"admin","twitter_card":"summary_large_image","twitter_misc":{"Escrito por":"admin","Tiempo de lectura":"2 minutos"},"schema":{"@context":"https:\/\/schema.org","@graph":[{"@type":"Article","@id":"https:\/\/panoramaciudadano.com\/index.php\/2024\/07\/06\/choque-deja-14-lesionados-entre-dos-autobuses-en-la-autopista-mexico-pachuca\/#article","isPartOf":{"@id":"https:\/\/panoramaciudadano.com\/index.php\/2024\/07\/06\/choque-deja-14-lesionados-entre-dos-autobuses-en-la-autopista-mexico-pachuca\/"},"author":{"name":"admin","@id":"https:\/\/panoramaciudadano.com\/#\/schema\/person\/ffe9fe8ef47d3a93977b5761fd9e0d96"},"headline":"Choque deja 14 lesionados Entre dos autobuses, en la autopista M\u00e9xico-Pachuca","datePublished":"2024-07-06T22:36:46+00:00","dateModified":"2024-07-06T22:36:47+00:00","mainEntityOfPage":{"@id":"https:\/\/panoramaciudadano.com\/index.php\/2024\/07\/06\/choque-deja-14-lesionados-entre-dos-autobuses-en-la-autopista-mexico-pachuca\/"},"wordCount":274,"commentCount":0,"publisher":{"@id":"https:\/\/panoramaciudadano.com\/#organization"},"image":{"@id":"https:\/\/panoramaciudadano.com\/index.php\/2024\/07\/06\/choque-deja-14-lesionados-entre-dos-autobuses-en-la-autopista-mexico-pachuca\/#primaryimage"},"thumbnailUrl":"https:\/\/panoramaciudadano.com\/wp-content\/uploads\/2024\/07\/3-8.jpeg","keywords":["Carretera M\u00e9xico-Pachuca","Estado de M\u00e9xico","Mexib\u00fas"],"articleSection":["Nacional"],"inLanguage":"es","potentialAction":[{"@type":"CommentAction","name":"Comment","target":["https:\/\/panoramaciudadano.com\/index.php\/2024\/07\/06\/choque-deja-14-lesionados-entre-dos-autobuses-en-la-autopista-mexico-pachuca\/#respond"]}]},{"@type":"WebPage","@id":"https:\/\/panoramaciudadano.com\/index.php\/2024\/07\/06\/choque-deja-14-lesionados-entre-dos-autobuses-en-la-autopista-mexico-pachuca\/","url":"https:\/\/panoramaciudadano.com\/index.php\/2024\/07\/06\/choque-deja-14-lesionados-entre-dos-autobuses-en-la-autopista-mexico-pachuca\/","name":"Choque deja 14 lesionados Entre dos autobuses, en la autopista M\u00e9xico-Pachuca - Panorama Ciudadano","isPartOf":{"@id":"https:\/\/panoramaciudadano.com\/#website"},"primaryImageOfPage":{"@id":"https:\/\/panoramaciudadano.com\/index.php\/2024\/07\/06\/choque-deja-14-lesionados-entre-dos-autobuses-en-la-autopista-mexico-pachuca\/#primaryimage"},"image":{"@id":"https:\/\/panoramaciudadano.com\/index.php\/2024\/07\/06\/choque-deja-14-lesionados-entre-dos-autobuses-en-la-autopista-mexico-pachuca\/#primaryimage"},"thumbnailUrl":"https:\/\/panoramaciudadano.com\/wp-content\/uploads\/2024\/07\/3-8.jpeg","datePublished":"2024-07-06T22:36:46+00:00","dateModified":"2024-07-06T22:36:47+00:00","breadcrumb":{"@id":"https:\/\/panoramaciudadano.com\/index.php\/2024\/07\/06\/choque-deja-14-lesionados-entre-dos-autobuses-en-la-autopista-mexico-pachuca\/#breadcrumb"},"inLanguage":"es","potentialAction":[{"@type":"ReadAction","target":["https:\/\/panoramaciudadano.com\/index.php\/2024\/07\/06\/choque-deja-14-lesionados-entre-dos-autobuses-en-la-autopista-mexico-pachuca\/"]}]},{"@type":"ImageObject","inLanguage":"es","@id":"https:\/\/panoramaciudadano.com\/index.php\/2024\/07\/06\/choque-deja-14-lesionados-entre-dos-autobuses-en-la-autopista-mexico-pachuca\/#primaryimage","url":"https:\/\/panoramaciudadano.com\/wp-content\/uploads\/2024\/07\/3-8.jpeg","contentUrl":"https:\/\/panoramaciudadano.com\/wp-content\/uploads\/2024\/07\/3-8.jpeg","width":959,"height":540},{"@type":"BreadcrumbList","@id":"https:\/\/panoramaciudadano.com\/index.php\/2024\/07\/06\/choque-deja-14-lesionados-entre-dos-autobuses-en-la-autopista-mexico-pachuca\/#breadcrumb","itemListElement":[{"@type":"ListItem","position":1,"name":"Portada","item":"https:\/\/panoramaciudadano.com\/"},{"@type":"ListItem","position":2,"name":"Choque deja 14 lesionados Entre dos autobuses, en la autopista M\u00e9xico-Pachuca"}]},{"@type":"WebSite","@id":"https:\/\/panoramaciudadano.com\/#website","url":"https:\/\/panoramaciudadano.com\/","name":"Panorama Ciudadano","description":"","publisher":{"@id":"https:\/\/panoramaciudadano.com\/#organization"},"potentialAction":[{"@type":"SearchAction","target":{"@type":"EntryPoint","urlTemplate":"https:\/\/panoramaciudadano.com\/?s={search_term_string}"},"query-input":{"@type":"PropertyValueSpecification","valueRequired":true,"valueName":"search_term_string"}}],"inLanguage":"es"},{"@type":"Organization","@id":"https:\/\/panoramaciudadano.com\/#organization","name":"Panorama Ciudadano","url":"https:\/\/panoramaciudadano.com\/","logo":{"@type":"ImageObject","inLanguage":"es","@id":"https:\/\/panoramaciudadano.com\/#\/schema\/logo\/image\/","url":"https:\/\/panoramaciudadano.com\/wp-content\/uploads\/2024\/05\/401498640_919267042938564_6290593609399108733_n.jpg","contentUrl":"https:\/\/panoramaciudadano.com\/wp-content\/uploads\/2024\/05\/401498640_919267042938564_6290593609399108733_n.jpg","width":960,"height":957,"caption":"Panorama Ciudadano"},"image":{"@id":"https:\/\/panoramaciudadano.com\/#\/schema\/logo\/image\/"},"sameAs":["https:\/\/www.facebook.com\/panoramaciudadano"]},{"@type":"Person","@id":"https:\/\/panoramaciudadano.com\/#\/schema\/person\/ffe9fe8ef47d3a93977b5761fd9e0d96","name":"admin","image":{"@type":"ImageObject","inLanguage":"es","@id":"https:\/\/panoramaciudadano.com\/#\/schema\/person\/image\/","url":"https:\/\/secure.gravatar.com\/avatar\/2d5a12cacce3f18096f25fadea8abb7202fef18ed669595589853e84260ff451?s=96&d=mm&r=g","contentUrl":"https:\/\/secure.gravatar.com\/avatar\/2d5a12cacce3f18096f25fadea8abb7202fef18ed669595589853e84260ff451?s=96&d=mm&r=g","caption":"admin"},"sameAs":["https:\/\/panoramaciudadano.com"],"url":"https:\/\/panoramaciudadano.com\/index.php\/author\/admin_3q6hyqq3\/"}]}},"_links":{"self":[{"href":"https:\/\/panoramaciudadano.com\/index.php\/wp-json\/wp\/v2\/posts\/1143","targetHints":{"allow":["GET"]}}],"collection":[{"href":"https:\/\/panoramaciudadano.com\/index.php\/wp-json\/wp\/v2\/posts"}],"about":[{"href":"https:\/\/panoramaciudadano.com\/index.php\/wp-json\/wp\/v2\/types\/post"}],"author":[{"embeddable":true,"href":"https:\/\/panoramaciudadano.com\/index.php\/wp-json\/wp\/v2\/users\/1"}],"replies":[{"embeddable":true,"href":"https:\/\/panoramaciudadano.com\/index.php\/wp-json\/wp\/v2\/comments?post=1143"}],"version-history":[{"count":1,"href":"https:\/\/panoramaciudadano.com\/index.php\/wp-json\/wp\/v2\/posts\/1143\/revisions"}],"predecessor-version":[{"id":1145,"href":"https:\/\/panoramaciudadano.com\/index.php\/wp-json\/wp\/v2\/posts\/1143\/revisions\/1145"}],"wp:featuredmedia":[{"embeddable":true,"href":"https:\/\/panoramaciudadano.com\/index.php\/wp-json\/wp\/v2\/media\/1144"}],"wp:attachment":[{"href":"https:\/\/panoramaciudadano.com\/index.php\/wp-json\/wp\/v2\/media?parent=1143"}],"wp:term":[{"taxonomy":"category","embeddable":true,"href":"https:\/\/panoramaciudadano.com\/index.php\/wp-json\/wp\/v2\/categories?post=1143"},{"taxonomy":"post_tag","embeddable":true,"href":"https:\/\/panoramaciudadano.com\/index.php\/wp-json\/wp\/v2\/tags?post=1143"}],"curies":[{"name":"wp","href":"https:\/\/api.w.org\/{rel}","templated":true}]}}