{"id":1146,"date":"2024-07-06T22:38:33","date_gmt":"2024-07-06T22:38:33","guid":{"rendered":"https:\/\/panoramaciudadano.com\/?p=1146"},"modified":"2024-07-06T22:38:34","modified_gmt":"2024-07-06T22:38:34","slug":"rescatan-a-ocho-colombianas-caen-presuntos-tratantes-de-personas","status":"publish","type":"post","link":"https:\/\/panoramaciudadano.com\/index.php\/2024\/07\/06\/rescatan-a-ocho-colombianas-caen-presuntos-tratantes-de-personas\/","title":{"rendered":"Rescatan a ocho colombianas Caen presuntos tratantes de personas"},"content":{"rendered":"\n<figure class=\"wp-block-image size-full\"><img decoding=\"async\" width=\"843\" height=\"519\" src=\"https:\/\/panoramaciudadano.com\/wp-content\/uploads\/2024\/07\/4-8.jpeg\" alt=\"\" class=\"wp-image-1147\" srcset=\"https:\/\/panoramaciudadano.com\/wp-content\/uploads\/2024\/07\/4-8.jpeg 843w, https:\/\/panoramaciudadano.com\/wp-content\/uploads\/2024\/07\/4-8-300x185.jpeg 300w, https:\/\/panoramaciudadano.com\/wp-content\/uploads\/2024\/07\/4-8-768x473.jpeg 768w\" sizes=\"(max-width: 843px) 100vw, 843px\" \/><\/figure>\n\n\n\n<p>Tras 6 cateos, la Fiscal\u00eda General de la Rep\u00fablica (FGR) inform\u00f3 que se detuvieron a 2 presuntos tratantes de personas y rescat\u00f3 a 8 v\u00edctimas en M\u00e9rida, Yucat\u00e1n.<\/p>\n\n\n\n<p>Esto, luego que la Fiscal\u00eda Especializada en Delitos de Violencia contra las Mujeres, Grupos en Situaci\u00f3n de Vulnerabilidad y Trata de Personas (FEVIMTRA) realiz\u00f3 cateos en 3 domicilios y otros 3 en bares de dicha ciudad.<\/p>\n\n\n\n<p>En el operativo se logr\u00f3 rescatar a 8 v\u00edctimas de nacionalidad colombiana y se detuvo a Soledad \u00abA\u00bb, presunta l\u00edder de una c\u00e9lula trasnacional dedicada a la trata de personas.<\/p>\n\n\n\n<p>Tambi\u00e9n, se logr\u00f3 la detenci\u00f3n de Crist\u00f3bal Paulino \u201cF\u201d, otro de los l\u00edderes de la banda.<\/p>\n\n\n\n<p>En los trabajos se coordinaron elementos de la Polic\u00eda Federal Ministerial (PFM), de la Agencia de Investigaci\u00f3n Criminal (AIC), con el apoyo de la Secretar\u00eda de la Defensa Nacional (Sedena).<\/p>\n\n\n\n<p>Los inmuebles cateados ser\u00e1n puestos a disposici\u00f3n del Instituto para Devolver al Pueblo lo Robado (INDEP)<\/p>\n","protected":false},"excerpt":{"rendered":"<p>Tras 6 cateos, la Fiscal\u00eda General de la Rep\u00fablica (FGR) inform\u00f3 que se detuvieron a 2 presuntos tratantes de personas y rescat\u00f3 a 8 v\u00edctimas en M\u00e9rida, Yucat\u00e1n.<\/p>\n","protected":false},"author":1,"featured_media":1147,"comment_status":"open","ping_status":"closed","sticky":false,"template":"","format":"standard","meta":{"footnotes":""},"categories":[3],"tags":[659,658,627],"class_list":["post-1146","post","type-post","status-publish","format-standard","has-post-thumbnail","hentry","category-nacional","tag-fevimtra","tag-fgr","tag-sedena"],"yoast_head":"<!-- This site is optimized with the Yoast SEO plugin v27.1.1 - https:\/\/yoast.com\/product\/yoast-seo-wordpress\/ -->\n<title>Rescatan a ocho colombianas Caen presuntos tratantes de personas - Panorama Ciudadano<\/title>\n<meta name=\"robots\" content=\"index, follow, max-snippet:-1, max-image-preview:large, max-video-preview:-1\" \/>\n<link rel=\"canonical\" href=\"https:\/\/panoramaciudadano.com\/index.php\/2024\/07\/06\/rescatan-a-ocho-colombianas-caen-presuntos-tratantes-de-personas\/\" \/>\n<meta property=\"og:locale\" content=\"es_ES\" \/>\n<meta property=\"og:type\" content=\"article\" \/>\n<meta property=\"og:title\" content=\"Rescatan a ocho colombianas Caen presuntos tratantes de personas - Panorama Ciudadano\" \/>\n<meta property=\"og:description\" content=\"Tras 6 cateos, la Fiscal\u00eda General de la Rep\u00fablica (FGR) inform\u00f3 que se detuvieron a 2 presuntos tratantes de personas y rescat\u00f3 a 8 v\u00edctimas en M\u00e9rida, Yucat\u00e1n.\" \/>\n<meta property=\"og:url\" content=\"https:\/\/panoramaciudadano.com\/index.php\/2024\/07\/06\/rescatan-a-ocho-colombianas-caen-presuntos-tratantes-de-personas\/\" \/>\n<meta property=\"og:site_name\" content=\"Panorama Ciudadano\" \/>\n<meta property=\"article:publisher\" content=\"https:\/\/www.facebook.com\/panoramaciudadano\" \/>\n<meta property=\"article:published_time\" content=\"2024-07-06T22:38:33+00:00\" \/>\n<meta property=\"article:modified_time\" content=\"2024-07-06T22:38:34+00:00\" \/>\n<meta property=\"og:image\" content=\"https:\/\/panoramaciudadano.com\/wp-content\/uploads\/2024\/07\/4-8.jpeg\" \/>\n\t<meta property=\"og:image:width\" content=\"843\" \/>\n\t<meta property=\"og:image:height\" content=\"519\" \/>\n\t<meta property=\"og:image:type\" content=\"image\/jpeg\" \/>\n<meta name=\"author\" content=\"admin\" \/>\n<meta name=\"twitter:card\" content=\"summary_large_image\" \/>\n<meta name=\"twitter:label1\" content=\"Escrito por\" \/>\n\t<meta name=\"twitter:data1\" content=\"admin\" \/>\n\t<meta name=\"twitter:label2\" content=\"Tiempo de lectura\" \/>\n\t<meta name=\"twitter:data2\" content=\"2 minutos\" \/>\n<script type=\"application\/ld+json\" class=\"yoast-schema-graph\">{\"@context\":\"https:\/\/schema.org\",\"@graph\":[{\"@type\":\"Article\",\"@id\":\"https:\/\/panoramaciudadano.com\/index.php\/2024\/07\/06\/rescatan-a-ocho-colombianas-caen-presuntos-tratantes-de-personas\/#article\",\"isPartOf\":{\"@id\":\"https:\/\/panoramaciudadano.com\/index.php\/2024\/07\/06\/rescatan-a-ocho-colombianas-caen-presuntos-tratantes-de-personas\/\"},\"author\":{\"name\":\"admin\",\"@id\":\"https:\/\/panoramaciudadano.com\/#\/schema\/person\/ffe9fe8ef47d3a93977b5761fd9e0d96\"},\"headline\":\"Rescatan a ocho colombianas Caen presuntos tratantes de personas\",\"datePublished\":\"2024-07-06T22:38:33+00:00\",\"dateModified\":\"2024-07-06T22:38:34+00:00\",\"mainEntityOfPage\":{\"@id\":\"https:\/\/panoramaciudadano.com\/index.php\/2024\/07\/06\/rescatan-a-ocho-colombianas-caen-presuntos-tratantes-de-personas\/\"},\"wordCount\":178,\"commentCount\":0,\"publisher\":{\"@id\":\"https:\/\/panoramaciudadano.com\/#organization\"},\"image\":{\"@id\":\"https:\/\/panoramaciudadano.com\/index.php\/2024\/07\/06\/rescatan-a-ocho-colombianas-caen-presuntos-tratantes-de-personas\/#primaryimage\"},\"thumbnailUrl\":\"https:\/\/panoramaciudadano.com\/wp-content\/uploads\/2024\/07\/4-8.jpeg\",\"keywords\":[\"FEVIMTRA\",\"FGR\",\"SEDENA\"],\"articleSection\":[\"Nacional\"],\"inLanguage\":\"es\",\"potentialAction\":[{\"@type\":\"CommentAction\",\"name\":\"Comment\",\"target\":[\"https:\/\/panoramaciudadano.com\/index.php\/2024\/07\/06\/rescatan-a-ocho-colombianas-caen-presuntos-tratantes-de-personas\/#respond\"]}]},{\"@type\":\"WebPage\",\"@id\":\"https:\/\/panoramaciudadano.com\/index.php\/2024\/07\/06\/rescatan-a-ocho-colombianas-caen-presuntos-tratantes-de-personas\/\",\"url\":\"https:\/\/panoramaciudadano.com\/index.php\/2024\/07\/06\/rescatan-a-ocho-colombianas-caen-presuntos-tratantes-de-personas\/\",\"name\":\"Rescatan a ocho colombianas Caen presuntos tratantes de personas - Panorama Ciudadano\",\"isPartOf\":{\"@id\":\"https:\/\/panoramaciudadano.com\/#website\"},\"primaryImageOfPage\":{\"@id\":\"https:\/\/panoramaciudadano.com\/index.php\/2024\/07\/06\/rescatan-a-ocho-colombianas-caen-presuntos-tratantes-de-personas\/#primaryimage\"},\"image\":{\"@id\":\"https:\/\/panoramaciudadano.com\/index.php\/2024\/07\/06\/rescatan-a-ocho-colombianas-caen-presuntos-tratantes-de-personas\/#primaryimage\"},\"thumbnailUrl\":\"https:\/\/panoramaciudadano.com\/wp-content\/uploads\/2024\/07\/4-8.jpeg\",\"datePublished\":\"2024-07-06T22:38:33+00:00\",\"dateModified\":\"2024-07-06T22:38:34+00:00\",\"breadcrumb\":{\"@id\":\"https:\/\/panoramaciudadano.com\/index.php\/2024\/07\/06\/rescatan-a-ocho-colombianas-caen-presuntos-tratantes-de-personas\/#breadcrumb\"},\"inLanguage\":\"es\",\"potentialAction\":[{\"@type\":\"ReadAction\",\"target\":[\"https:\/\/panoramaciudadano.com\/index.php\/2024\/07\/06\/rescatan-a-ocho-colombianas-caen-presuntos-tratantes-de-personas\/\"]}]},{\"@type\":\"ImageObject\",\"inLanguage\":\"es\",\"@id\":\"https:\/\/panoramaciudadano.com\/index.php\/2024\/07\/06\/rescatan-a-ocho-colombianas-caen-presuntos-tratantes-de-personas\/#primaryimage\",\"url\":\"https:\/\/panoramaciudadano.com\/wp-content\/uploads\/2024\/07\/4-8.jpeg\",\"contentUrl\":\"https:\/\/panoramaciudadano.com\/wp-content\/uploads\/2024\/07\/4-8.jpeg\",\"width\":843,\"height\":519},{\"@type\":\"BreadcrumbList\",\"@id\":\"https:\/\/panoramaciudadano.com\/index.php\/2024\/07\/06\/rescatan-a-ocho-colombianas-caen-presuntos-tratantes-de-personas\/#breadcrumb\",\"itemListElement\":[{\"@type\":\"ListItem\",\"position\":1,\"name\":\"Portada\",\"item\":\"https:\/\/panoramaciudadano.com\/\"},{\"@type\":\"ListItem\",\"position\":2,\"name\":\"Rescatan a ocho colombianas Caen presuntos tratantes de personas\"}]},{\"@type\":\"WebSite\",\"@id\":\"https:\/\/panoramaciudadano.com\/#website\",\"url\":\"https:\/\/panoramaciudadano.com\/\",\"name\":\"Panorama Ciudadano\",\"description\":\"\",\"publisher\":{\"@id\":\"https:\/\/panoramaciudadano.com\/#organization\"},\"potentialAction\":[{\"@type\":\"SearchAction\",\"target\":{\"@type\":\"EntryPoint\",\"urlTemplate\":\"https:\/\/panoramaciudadano.com\/?s={search_term_string}\"},\"query-input\":{\"@type\":\"PropertyValueSpecification\",\"valueRequired\":true,\"valueName\":\"search_term_string\"}}],\"inLanguage\":\"es\"},{\"@type\":\"Organization\",\"@id\":\"https:\/\/panoramaciudadano.com\/#organization\",\"name\":\"Panorama Ciudadano\",\"url\":\"https:\/\/panoramaciudadano.com\/\",\"logo\":{\"@type\":\"ImageObject\",\"inLanguage\":\"es\",\"@id\":\"https:\/\/panoramaciudadano.com\/#\/schema\/logo\/image\/\",\"url\":\"https:\/\/panoramaciudadano.com\/wp-content\/uploads\/2024\/05\/401498640_919267042938564_6290593609399108733_n.jpg\",\"contentUrl\":\"https:\/\/panoramaciudadano.com\/wp-content\/uploads\/2024\/05\/401498640_919267042938564_6290593609399108733_n.jpg\",\"width\":960,\"height\":957,\"caption\":\"Panorama Ciudadano\"},\"image\":{\"@id\":\"https:\/\/panoramaciudadano.com\/#\/schema\/logo\/image\/\"},\"sameAs\":[\"https:\/\/www.facebook.com\/panoramaciudadano\"]},{\"@type\":\"Person\",\"@id\":\"https:\/\/panoramaciudadano.com\/#\/schema\/person\/ffe9fe8ef47d3a93977b5761fd9e0d96\",\"name\":\"admin\",\"image\":{\"@type\":\"ImageObject\",\"inLanguage\":\"es\",\"@id\":\"https:\/\/panoramaciudadano.com\/#\/schema\/person\/image\/\",\"url\":\"https:\/\/secure.gravatar.com\/avatar\/2d5a12cacce3f18096f25fadea8abb7202fef18ed669595589853e84260ff451?s=96&d=mm&r=g\",\"contentUrl\":\"https:\/\/secure.gravatar.com\/avatar\/2d5a12cacce3f18096f25fadea8abb7202fef18ed669595589853e84260ff451?s=96&d=mm&r=g\",\"caption\":\"admin\"},\"sameAs\":[\"https:\/\/panoramaciudadano.com\"],\"url\":\"https:\/\/panoramaciudadano.com\/index.php\/author\/admin_3q6hyqq3\/\"}]}<\/script>\n<!-- \/ Yoast SEO plugin. -->","yoast_head_json":{"title":"Rescatan a ocho colombianas Caen presuntos tratantes de personas - Panorama Ciudadano","robots":{"index":"index","follow":"follow","max-snippet":"max-snippet:-1","max-image-preview":"max-image-preview:large","max-video-preview":"max-video-preview:-1"},"canonical":"https:\/\/panoramaciudadano.com\/index.php\/2024\/07\/06\/rescatan-a-ocho-colombianas-caen-presuntos-tratantes-de-personas\/","og_locale":"es_ES","og_type":"article","og_title":"Rescatan a ocho colombianas Caen presuntos tratantes de personas - Panorama Ciudadano","og_description":"Tras 6 cateos, la Fiscal\u00eda General de la Rep\u00fablica (FGR) inform\u00f3 que se detuvieron a 2 presuntos tratantes de personas y rescat\u00f3 a 8 v\u00edctimas en M\u00e9rida, Yucat\u00e1n.","og_url":"https:\/\/panoramaciudadano.com\/index.php\/2024\/07\/06\/rescatan-a-ocho-colombianas-caen-presuntos-tratantes-de-personas\/","og_site_name":"Panorama Ciudadano","article_publisher":"https:\/\/www.facebook.com\/panoramaciudadano","article_published_time":"2024-07-06T22:38:33+00:00","article_modified_time":"2024-07-06T22:38:34+00:00","og_image":[{"width":843,"height":519,"url":"https:\/\/panoramaciudadano.com\/wp-content\/uploads\/2024\/07\/4-8.jpeg","type":"image\/jpeg"}],"author":"admin","twitter_card":"summary_large_image","twitter_misc":{"Escrito por":"admin","Tiempo de lectura":"2 minutos"},"schema":{"@context":"https:\/\/schema.org","@graph":[{"@type":"Article","@id":"https:\/\/panoramaciudadano.com\/index.php\/2024\/07\/06\/rescatan-a-ocho-colombianas-caen-presuntos-tratantes-de-personas\/#article","isPartOf":{"@id":"https:\/\/panoramaciudadano.com\/index.php\/2024\/07\/06\/rescatan-a-ocho-colombianas-caen-presuntos-tratantes-de-personas\/"},"author":{"name":"admin","@id":"https:\/\/panoramaciudadano.com\/#\/schema\/person\/ffe9fe8ef47d3a93977b5761fd9e0d96"},"headline":"Rescatan a ocho colombianas Caen presuntos tratantes de personas","datePublished":"2024-07-06T22:38:33+00:00","dateModified":"2024-07-06T22:38:34+00:00","mainEntityOfPage":{"@id":"https:\/\/panoramaciudadano.com\/index.php\/2024\/07\/06\/rescatan-a-ocho-colombianas-caen-presuntos-tratantes-de-personas\/"},"wordCount":178,"commentCount":0,"publisher":{"@id":"https:\/\/panoramaciudadano.com\/#organization"},"image":{"@id":"https:\/\/panoramaciudadano.com\/index.php\/2024\/07\/06\/rescatan-a-ocho-colombianas-caen-presuntos-tratantes-de-personas\/#primaryimage"},"thumbnailUrl":"https:\/\/panoramaciudadano.com\/wp-content\/uploads\/2024\/07\/4-8.jpeg","keywords":["FEVIMTRA","FGR","SEDENA"],"articleSection":["Nacional"],"inLanguage":"es","potentialAction":[{"@type":"CommentAction","name":"Comment","target":["https:\/\/panoramaciudadano.com\/index.php\/2024\/07\/06\/rescatan-a-ocho-colombianas-caen-presuntos-tratantes-de-personas\/#respond"]}]},{"@type":"WebPage","@id":"https:\/\/panoramaciudadano.com\/index.php\/2024\/07\/06\/rescatan-a-ocho-colombianas-caen-presuntos-tratantes-de-personas\/","url":"https:\/\/panoramaciudadano.com\/index.php\/2024\/07\/06\/rescatan-a-ocho-colombianas-caen-presuntos-tratantes-de-personas\/","name":"Rescatan a ocho colombianas Caen presuntos tratantes de personas - Panorama Ciudadano","isPartOf":{"@id":"https:\/\/panoramaciudadano.com\/#website"},"primaryImageOfPage":{"@id":"https:\/\/panoramaciudadano.com\/index.php\/2024\/07\/06\/rescatan-a-ocho-colombianas-caen-presuntos-tratantes-de-personas\/#primaryimage"},"image":{"@id":"https:\/\/panoramaciudadano.com\/index.php\/2024\/07\/06\/rescatan-a-ocho-colombianas-caen-presuntos-tratantes-de-personas\/#primaryimage"},"thumbnailUrl":"https:\/\/panoramaciudadano.com\/wp-content\/uploads\/2024\/07\/4-8.jpeg","datePublished":"2024-07-06T22:38:33+00:00","dateModified":"2024-07-06T22:38:34+00:00","breadcrumb":{"@id":"https:\/\/panoramaciudadano.com\/index.php\/2024\/07\/06\/rescatan-a-ocho-colombianas-caen-presuntos-tratantes-de-personas\/#breadcrumb"},"inLanguage":"es","potentialAction":[{"@type":"ReadAction","target":["https:\/\/panoramaciudadano.com\/index.php\/2024\/07\/06\/rescatan-a-ocho-colombianas-caen-presuntos-tratantes-de-personas\/"]}]},{"@type":"ImageObject","inLanguage":"es","@id":"https:\/\/panoramaciudadano.com\/index.php\/2024\/07\/06\/rescatan-a-ocho-colombianas-caen-presuntos-tratantes-de-personas\/#primaryimage","url":"https:\/\/panoramaciudadano.com\/wp-content\/uploads\/2024\/07\/4-8.jpeg","contentUrl":"https:\/\/panoramaciudadano.com\/wp-content\/uploads\/2024\/07\/4-8.jpeg","width":843,"height":519},{"@type":"BreadcrumbList","@id":"https:\/\/panoramaciudadano.com\/index.php\/2024\/07\/06\/rescatan-a-ocho-colombianas-caen-presuntos-tratantes-de-personas\/#breadcrumb","itemListElement":[{"@type":"ListItem","position":1,"name":"Portada","item":"https:\/\/panoramaciudadano.com\/"},{"@type":"ListItem","position":2,"name":"Rescatan a ocho colombianas Caen presuntos tratantes de personas"}]},{"@type":"WebSite","@id":"https:\/\/panoramaciudadano.com\/#website","url":"https:\/\/panoramaciudadano.com\/","name":"Panorama Ciudadano","description":"","publisher":{"@id":"https:\/\/panoramaciudadano.com\/#organization"},"potentialAction":[{"@type":"SearchAction","target":{"@type":"EntryPoint","urlTemplate":"https:\/\/panoramaciudadano.com\/?s={search_term_string}"},"query-input":{"@type":"PropertyValueSpecification","valueRequired":true,"valueName":"search_term_string"}}],"inLanguage":"es"},{"@type":"Organization","@id":"https:\/\/panoramaciudadano.com\/#organization","name":"Panorama Ciudadano","url":"https:\/\/panoramaciudadano.com\/","logo":{"@type":"ImageObject","inLanguage":"es","@id":"https:\/\/panoramaciudadano.com\/#\/schema\/logo\/image\/","url":"https:\/\/panoramaciudadano.com\/wp-content\/uploads\/2024\/05\/401498640_919267042938564_6290593609399108733_n.jpg","contentUrl":"https:\/\/panoramaciudadano.com\/wp-content\/uploads\/2024\/05\/401498640_919267042938564_6290593609399108733_n.jpg","width":960,"height":957,"caption":"Panorama Ciudadano"},"image":{"@id":"https:\/\/panoramaciudadano.com\/#\/schema\/logo\/image\/"},"sameAs":["https:\/\/www.facebook.com\/panoramaciudadano"]},{"@type":"Person","@id":"https:\/\/panoramaciudadano.com\/#\/schema\/person\/ffe9fe8ef47d3a93977b5761fd9e0d96","name":"admin","image":{"@type":"ImageObject","inLanguage":"es","@id":"https:\/\/panoramaciudadano.com\/#\/schema\/person\/image\/","url":"https:\/\/secure.gravatar.com\/avatar\/2d5a12cacce3f18096f25fadea8abb7202fef18ed669595589853e84260ff451?s=96&d=mm&r=g","contentUrl":"https:\/\/secure.gravatar.com\/avatar\/2d5a12cacce3f18096f25fadea8abb7202fef18ed669595589853e84260ff451?s=96&d=mm&r=g","caption":"admin"},"sameAs":["https:\/\/panoramaciudadano.com"],"url":"https:\/\/panoramaciudadano.com\/index.php\/author\/admin_3q6hyqq3\/"}]}},"_links":{"self":[{"href":"https:\/\/panoramaciudadano.com\/index.php\/wp-json\/wp\/v2\/posts\/1146","targetHints":{"allow":["GET"]}}],"collection":[{"href":"https:\/\/panoramaciudadano.com\/index.php\/wp-json\/wp\/v2\/posts"}],"about":[{"href":"https:\/\/panoramaciudadano.com\/index.php\/wp-json\/wp\/v2\/types\/post"}],"author":[{"embeddable":true,"href":"https:\/\/panoramaciudadano.com\/index.php\/wp-json\/wp\/v2\/users\/1"}],"replies":[{"embeddable":true,"href":"https:\/\/panoramaciudadano.com\/index.php\/wp-json\/wp\/v2\/comments?post=1146"}],"version-history":[{"count":1,"href":"https:\/\/panoramaciudadano.com\/index.php\/wp-json\/wp\/v2\/posts\/1146\/revisions"}],"predecessor-version":[{"id":1148,"href":"https:\/\/panoramaciudadano.com\/index.php\/wp-json\/wp\/v2\/posts\/1146\/revisions\/1148"}],"wp:featuredmedia":[{"embeddable":true,"href":"https:\/\/panoramaciudadano.com\/index.php\/wp-json\/wp\/v2\/media\/1147"}],"wp:attachment":[{"href":"https:\/\/panoramaciudadano.com\/index.php\/wp-json\/wp\/v2\/media?parent=1146"}],"wp:term":[{"taxonomy":"category","embeddable":true,"href":"https:\/\/panoramaciudadano.com\/index.php\/wp-json\/wp\/v2\/categories?post=1146"},{"taxonomy":"post_tag","embeddable":true,"href":"https:\/\/panoramaciudadano.com\/index.php\/wp-json\/wp\/v2\/tags?post=1146"}],"curies":[{"name":"wp","href":"https:\/\/api.w.org\/{rel}","templated":true}]}}