{"id":11640,"date":"2025-03-20T17:26:20","date_gmt":"2025-03-20T22:26:20","guid":{"rendered":"https:\/\/panoramaciudadano.com\/?p=11640"},"modified":"2025-03-21T17:29:04","modified_gmt":"2025-03-21T22:29:04","slug":"hallan-camioneta-abandonada-y-desvalijada-en-la-region-239-de-cancun","status":"publish","type":"post","link":"https:\/\/panoramaciudadano.com\/index.php\/2025\/03\/20\/hallan-camioneta-abandonada-y-desvalijada-en-la-region-239-de-cancun\/","title":{"rendered":"Hallan camioneta abandonada y desvalijada en la Regi\u00f3n 239 de Canc\u00fan"},"content":{"rendered":"\n<figure class=\"wp-block-image size-large\"><img decoding=\"async\" width=\"1024\" height=\"768\" src=\"https:\/\/panoramaciudadano.com\/wp-content\/uploads\/2025\/03\/WhatsApp-Image-2025-03-20-at-18.58.18-1024x768.jpeg\" alt=\"\" class=\"wp-image-11641\" srcset=\"https:\/\/panoramaciudadano.com\/wp-content\/uploads\/2025\/03\/WhatsApp-Image-2025-03-20-at-18.58.18-1024x768.jpeg 1024w, https:\/\/panoramaciudadano.com\/wp-content\/uploads\/2025\/03\/WhatsApp-Image-2025-03-20-at-18.58.18-300x225.jpeg 300w, https:\/\/panoramaciudadano.com\/wp-content\/uploads\/2025\/03\/WhatsApp-Image-2025-03-20-at-18.58.18-768x576.jpeg 768w, https:\/\/panoramaciudadano.com\/wp-content\/uploads\/2025\/03\/WhatsApp-Image-2025-03-20-at-18.58.18-1536x1152.jpeg 1536w, https:\/\/panoramaciudadano.com\/wp-content\/uploads\/2025\/03\/WhatsApp-Image-2025-03-20-at-18.58.18.jpeg 1600w\" sizes=\"(max-width: 1024px) 100vw, 1024px\" \/><\/figure>\n\n\n\n<p>Una camioneta, tipo Avanza, blanca, posiblemente taxi del aeropuerto de Canc\u00fan, fue hallada abandonada y desvalijada, en la Regi\u00f3n 239.<\/p>\n\n\n\n<p>La unidad estaba sobre la avenida prolongaci\u00f3n Tulum, a unos metros de la avenida 20 de Noviembre.<\/p>\n\n\n\n<p>Las autoridades policiacas no han dado detalles del caso, pero podr\u00eda estar relacionado con una privaci\u00f3n de la libertad.<\/p>\n\n\n\n<p>El reporte del veh\u00edculo se hizo al 911 y al lugar llegaron elementos de la polic\u00eda municipal, de alerta Amber, de b\u00fasqueda de personas, entre otros investigadores de la Fiscal\u00eda General del Estado.<\/p>\n\n\n\n<p>La camioneta ya le hab\u00edan quitado las cuatro llantas, por lo que al parecer ten\u00eda varios d\u00edas abandonada en el lugar.<\/p>\n\n\n\n<p>El veh\u00edculo fue remolcado a los patios de la Fiscal\u00eda para ponerlo a disposici\u00f3n del Ministerio P\u00fablico del Fuero Com\u00fan.<\/p>\n","protected":false},"excerpt":{"rendered":"<p>Una camioneta, tipo Avanza, blanca, posiblemente taxi del aeropuerto de Canc\u00fan, fue hallada abandonada y desvalijada, en la Regi\u00f3n 239.<\/p>\n","protected":false},"author":1,"featured_media":11641,"comment_status":"open","ping_status":"closed","sticky":false,"template":"","format":"standard","meta":{"footnotes":""},"categories":[6],"tags":[1811],"class_list":["post-11640","post","type-post","status-publish","format-standard","has-post-thumbnail","hentry","category-cancun","tag-region-239"],"yoast_head":"<!-- This site is optimized with the Yoast SEO plugin v27.1.1 - https:\/\/yoast.com\/product\/yoast-seo-wordpress\/ -->\n<title>Hallan camioneta abandonada y desvalijada en la Regi\u00f3n 239 de Canc\u00fan - Panorama Ciudadano<\/title>\n<meta name=\"robots\" content=\"index, follow, max-snippet:-1, max-image-preview:large, max-video-preview:-1\" \/>\n<link rel=\"canonical\" href=\"https:\/\/panoramaciudadano.com\/index.php\/2025\/03\/20\/hallan-camioneta-abandonada-y-desvalijada-en-la-region-239-de-cancun\/\" \/>\n<meta property=\"og:locale\" content=\"es_ES\" \/>\n<meta property=\"og:type\" content=\"article\" \/>\n<meta property=\"og:title\" content=\"Hallan camioneta abandonada y desvalijada en la Regi\u00f3n 239 de Canc\u00fan - Panorama Ciudadano\" \/>\n<meta property=\"og:description\" content=\"Una camioneta, tipo Avanza, blanca, posiblemente taxi del aeropuerto de Canc\u00fan, fue hallada abandonada y desvalijada, en la Regi\u00f3n 239.\" \/>\n<meta property=\"og:url\" content=\"https:\/\/panoramaciudadano.com\/index.php\/2025\/03\/20\/hallan-camioneta-abandonada-y-desvalijada-en-la-region-239-de-cancun\/\" \/>\n<meta property=\"og:site_name\" content=\"Panorama Ciudadano\" \/>\n<meta property=\"article:publisher\" content=\"https:\/\/www.facebook.com\/panoramaciudadano\" \/>\n<meta property=\"article:published_time\" content=\"2025-03-20T22:26:20+00:00\" \/>\n<meta property=\"article:modified_time\" content=\"2025-03-21T22:29:04+00:00\" \/>\n<meta property=\"og:image\" content=\"https:\/\/panoramaciudadano.com\/wp-content\/uploads\/2025\/03\/WhatsApp-Image-2025-03-20-at-18.58.18.jpeg\" \/>\n\t<meta property=\"og:image:width\" content=\"1600\" \/>\n\t<meta property=\"og:image:height\" content=\"1200\" \/>\n\t<meta property=\"og:image:type\" content=\"image\/jpeg\" \/>\n<meta name=\"author\" content=\"admin\" \/>\n<meta name=\"twitter:card\" content=\"summary_large_image\" \/>\n<meta name=\"twitter:label1\" content=\"Escrito por\" \/>\n\t<meta name=\"twitter:data1\" content=\"admin\" \/>\n\t<meta name=\"twitter:label2\" content=\"Tiempo de lectura\" \/>\n\t<meta name=\"twitter:data2\" content=\"1 minuto\" \/>\n<script type=\"application\/ld+json\" class=\"yoast-schema-graph\">{\"@context\":\"https:\/\/schema.org\",\"@graph\":[{\"@type\":\"Article\",\"@id\":\"https:\/\/panoramaciudadano.com\/index.php\/2025\/03\/20\/hallan-camioneta-abandonada-y-desvalijada-en-la-region-239-de-cancun\/#article\",\"isPartOf\":{\"@id\":\"https:\/\/panoramaciudadano.com\/index.php\/2025\/03\/20\/hallan-camioneta-abandonada-y-desvalijada-en-la-region-239-de-cancun\/\"},\"author\":{\"name\":\"admin\",\"@id\":\"https:\/\/panoramaciudadano.com\/#\/schema\/person\/ffe9fe8ef47d3a93977b5761fd9e0d96\"},\"headline\":\"Hallan camioneta abandonada y desvalijada en la Regi\u00f3n 239 de Canc\u00fan\",\"datePublished\":\"2025-03-20T22:26:20+00:00\",\"dateModified\":\"2025-03-21T22:29:04+00:00\",\"mainEntityOfPage\":{\"@id\":\"https:\/\/panoramaciudadano.com\/index.php\/2025\/03\/20\/hallan-camioneta-abandonada-y-desvalijada-en-la-region-239-de-cancun\/\"},\"wordCount\":156,\"commentCount\":0,\"publisher\":{\"@id\":\"https:\/\/panoramaciudadano.com\/#organization\"},\"image\":{\"@id\":\"https:\/\/panoramaciudadano.com\/index.php\/2025\/03\/20\/hallan-camioneta-abandonada-y-desvalijada-en-la-region-239-de-cancun\/#primaryimage\"},\"thumbnailUrl\":\"https:\/\/panoramaciudadano.com\/wp-content\/uploads\/2025\/03\/WhatsApp-Image-2025-03-20-at-18.58.18.jpeg\",\"keywords\":[\"regi\u00f3n 239\"],\"articleSection\":[\"Canc\u00fan\"],\"inLanguage\":\"es\",\"potentialAction\":[{\"@type\":\"CommentAction\",\"name\":\"Comment\",\"target\":[\"https:\/\/panoramaciudadano.com\/index.php\/2025\/03\/20\/hallan-camioneta-abandonada-y-desvalijada-en-la-region-239-de-cancun\/#respond\"]}]},{\"@type\":\"WebPage\",\"@id\":\"https:\/\/panoramaciudadano.com\/index.php\/2025\/03\/20\/hallan-camioneta-abandonada-y-desvalijada-en-la-region-239-de-cancun\/\",\"url\":\"https:\/\/panoramaciudadano.com\/index.php\/2025\/03\/20\/hallan-camioneta-abandonada-y-desvalijada-en-la-region-239-de-cancun\/\",\"name\":\"Hallan camioneta abandonada y desvalijada en la Regi\u00f3n 239 de Canc\u00fan - Panorama Ciudadano\",\"isPartOf\":{\"@id\":\"https:\/\/panoramaciudadano.com\/#website\"},\"primaryImageOfPage\":{\"@id\":\"https:\/\/panoramaciudadano.com\/index.php\/2025\/03\/20\/hallan-camioneta-abandonada-y-desvalijada-en-la-region-239-de-cancun\/#primaryimage\"},\"image\":{\"@id\":\"https:\/\/panoramaciudadano.com\/index.php\/2025\/03\/20\/hallan-camioneta-abandonada-y-desvalijada-en-la-region-239-de-cancun\/#primaryimage\"},\"thumbnailUrl\":\"https:\/\/panoramaciudadano.com\/wp-content\/uploads\/2025\/03\/WhatsApp-Image-2025-03-20-at-18.58.18.jpeg\",\"datePublished\":\"2025-03-20T22:26:20+00:00\",\"dateModified\":\"2025-03-21T22:29:04+00:00\",\"breadcrumb\":{\"@id\":\"https:\/\/panoramaciudadano.com\/index.php\/2025\/03\/20\/hallan-camioneta-abandonada-y-desvalijada-en-la-region-239-de-cancun\/#breadcrumb\"},\"inLanguage\":\"es\",\"potentialAction\":[{\"@type\":\"ReadAction\",\"target\":[\"https:\/\/panoramaciudadano.com\/index.php\/2025\/03\/20\/hallan-camioneta-abandonada-y-desvalijada-en-la-region-239-de-cancun\/\"]}]},{\"@type\":\"ImageObject\",\"inLanguage\":\"es\",\"@id\":\"https:\/\/panoramaciudadano.com\/index.php\/2025\/03\/20\/hallan-camioneta-abandonada-y-desvalijada-en-la-region-239-de-cancun\/#primaryimage\",\"url\":\"https:\/\/panoramaciudadano.com\/wp-content\/uploads\/2025\/03\/WhatsApp-Image-2025-03-20-at-18.58.18.jpeg\",\"contentUrl\":\"https:\/\/panoramaciudadano.com\/wp-content\/uploads\/2025\/03\/WhatsApp-Image-2025-03-20-at-18.58.18.jpeg\",\"width\":1600,\"height\":1200},{\"@type\":\"BreadcrumbList\",\"@id\":\"https:\/\/panoramaciudadano.com\/index.php\/2025\/03\/20\/hallan-camioneta-abandonada-y-desvalijada-en-la-region-239-de-cancun\/#breadcrumb\",\"itemListElement\":[{\"@type\":\"ListItem\",\"position\":1,\"name\":\"Portada\",\"item\":\"https:\/\/panoramaciudadano.com\/\"},{\"@type\":\"ListItem\",\"position\":2,\"name\":\"Hallan camioneta abandonada y desvalijada en la Regi\u00f3n 239 de Canc\u00fan\"}]},{\"@type\":\"WebSite\",\"@id\":\"https:\/\/panoramaciudadano.com\/#website\",\"url\":\"https:\/\/panoramaciudadano.com\/\",\"name\":\"Panorama Ciudadano\",\"description\":\"\",\"publisher\":{\"@id\":\"https:\/\/panoramaciudadano.com\/#organization\"},\"potentialAction\":[{\"@type\":\"SearchAction\",\"target\":{\"@type\":\"EntryPoint\",\"urlTemplate\":\"https:\/\/panoramaciudadano.com\/?s={search_term_string}\"},\"query-input\":{\"@type\":\"PropertyValueSpecification\",\"valueRequired\":true,\"valueName\":\"search_term_string\"}}],\"inLanguage\":\"es\"},{\"@type\":\"Organization\",\"@id\":\"https:\/\/panoramaciudadano.com\/#organization\",\"name\":\"Panorama Ciudadano\",\"url\":\"https:\/\/panoramaciudadano.com\/\",\"logo\":{\"@type\":\"ImageObject\",\"inLanguage\":\"es\",\"@id\":\"https:\/\/panoramaciudadano.com\/#\/schema\/logo\/image\/\",\"url\":\"https:\/\/panoramaciudadano.com\/wp-content\/uploads\/2024\/05\/401498640_919267042938564_6290593609399108733_n.jpg\",\"contentUrl\":\"https:\/\/panoramaciudadano.com\/wp-content\/uploads\/2024\/05\/401498640_919267042938564_6290593609399108733_n.jpg\",\"width\":960,\"height\":957,\"caption\":\"Panorama Ciudadano\"},\"image\":{\"@id\":\"https:\/\/panoramaciudadano.com\/#\/schema\/logo\/image\/\"},\"sameAs\":[\"https:\/\/www.facebook.com\/panoramaciudadano\"]},{\"@type\":\"Person\",\"@id\":\"https:\/\/panoramaciudadano.com\/#\/schema\/person\/ffe9fe8ef47d3a93977b5761fd9e0d96\",\"name\":\"admin\",\"image\":{\"@type\":\"ImageObject\",\"inLanguage\":\"es\",\"@id\":\"https:\/\/panoramaciudadano.com\/#\/schema\/person\/image\/\",\"url\":\"https:\/\/secure.gravatar.com\/avatar\/2d5a12cacce3f18096f25fadea8abb7202fef18ed669595589853e84260ff451?s=96&d=mm&r=g\",\"contentUrl\":\"https:\/\/secure.gravatar.com\/avatar\/2d5a12cacce3f18096f25fadea8abb7202fef18ed669595589853e84260ff451?s=96&d=mm&r=g\",\"caption\":\"admin\"},\"sameAs\":[\"https:\/\/panoramaciudadano.com\"],\"url\":\"https:\/\/panoramaciudadano.com\/index.php\/author\/admin_3q6hyqq3\/\"}]}<\/script>\n<!-- \/ Yoast SEO plugin. -->","yoast_head_json":{"title":"Hallan camioneta abandonada y desvalijada en la Regi\u00f3n 239 de Canc\u00fan - Panorama Ciudadano","robots":{"index":"index","follow":"follow","max-snippet":"max-snippet:-1","max-image-preview":"max-image-preview:large","max-video-preview":"max-video-preview:-1"},"canonical":"https:\/\/panoramaciudadano.com\/index.php\/2025\/03\/20\/hallan-camioneta-abandonada-y-desvalijada-en-la-region-239-de-cancun\/","og_locale":"es_ES","og_type":"article","og_title":"Hallan camioneta abandonada y desvalijada en la Regi\u00f3n 239 de Canc\u00fan - Panorama Ciudadano","og_description":"Una camioneta, tipo Avanza, blanca, posiblemente taxi del aeropuerto de Canc\u00fan, fue hallada abandonada y desvalijada, en la Regi\u00f3n 239.","og_url":"https:\/\/panoramaciudadano.com\/index.php\/2025\/03\/20\/hallan-camioneta-abandonada-y-desvalijada-en-la-region-239-de-cancun\/","og_site_name":"Panorama Ciudadano","article_publisher":"https:\/\/www.facebook.com\/panoramaciudadano","article_published_time":"2025-03-20T22:26:20+00:00","article_modified_time":"2025-03-21T22:29:04+00:00","og_image":[{"width":1600,"height":1200,"url":"https:\/\/panoramaciudadano.com\/wp-content\/uploads\/2025\/03\/WhatsApp-Image-2025-03-20-at-18.58.18.jpeg","type":"image\/jpeg"}],"author":"admin","twitter_card":"summary_large_image","twitter_misc":{"Escrito por":"admin","Tiempo de lectura":"1 minuto"},"schema":{"@context":"https:\/\/schema.org","@graph":[{"@type":"Article","@id":"https:\/\/panoramaciudadano.com\/index.php\/2025\/03\/20\/hallan-camioneta-abandonada-y-desvalijada-en-la-region-239-de-cancun\/#article","isPartOf":{"@id":"https:\/\/panoramaciudadano.com\/index.php\/2025\/03\/20\/hallan-camioneta-abandonada-y-desvalijada-en-la-region-239-de-cancun\/"},"author":{"name":"admin","@id":"https:\/\/panoramaciudadano.com\/#\/schema\/person\/ffe9fe8ef47d3a93977b5761fd9e0d96"},"headline":"Hallan camioneta abandonada y desvalijada en la Regi\u00f3n 239 de Canc\u00fan","datePublished":"2025-03-20T22:26:20+00:00","dateModified":"2025-03-21T22:29:04+00:00","mainEntityOfPage":{"@id":"https:\/\/panoramaciudadano.com\/index.php\/2025\/03\/20\/hallan-camioneta-abandonada-y-desvalijada-en-la-region-239-de-cancun\/"},"wordCount":156,"commentCount":0,"publisher":{"@id":"https:\/\/panoramaciudadano.com\/#organization"},"image":{"@id":"https:\/\/panoramaciudadano.com\/index.php\/2025\/03\/20\/hallan-camioneta-abandonada-y-desvalijada-en-la-region-239-de-cancun\/#primaryimage"},"thumbnailUrl":"https:\/\/panoramaciudadano.com\/wp-content\/uploads\/2025\/03\/WhatsApp-Image-2025-03-20-at-18.58.18.jpeg","keywords":["regi\u00f3n 239"],"articleSection":["Canc\u00fan"],"inLanguage":"es","potentialAction":[{"@type":"CommentAction","name":"Comment","target":["https:\/\/panoramaciudadano.com\/index.php\/2025\/03\/20\/hallan-camioneta-abandonada-y-desvalijada-en-la-region-239-de-cancun\/#respond"]}]},{"@type":"WebPage","@id":"https:\/\/panoramaciudadano.com\/index.php\/2025\/03\/20\/hallan-camioneta-abandonada-y-desvalijada-en-la-region-239-de-cancun\/","url":"https:\/\/panoramaciudadano.com\/index.php\/2025\/03\/20\/hallan-camioneta-abandonada-y-desvalijada-en-la-region-239-de-cancun\/","name":"Hallan camioneta abandonada y desvalijada en la Regi\u00f3n 239 de Canc\u00fan - Panorama Ciudadano","isPartOf":{"@id":"https:\/\/panoramaciudadano.com\/#website"},"primaryImageOfPage":{"@id":"https:\/\/panoramaciudadano.com\/index.php\/2025\/03\/20\/hallan-camioneta-abandonada-y-desvalijada-en-la-region-239-de-cancun\/#primaryimage"},"image":{"@id":"https:\/\/panoramaciudadano.com\/index.php\/2025\/03\/20\/hallan-camioneta-abandonada-y-desvalijada-en-la-region-239-de-cancun\/#primaryimage"},"thumbnailUrl":"https:\/\/panoramaciudadano.com\/wp-content\/uploads\/2025\/03\/WhatsApp-Image-2025-03-20-at-18.58.18.jpeg","datePublished":"2025-03-20T22:26:20+00:00","dateModified":"2025-03-21T22:29:04+00:00","breadcrumb":{"@id":"https:\/\/panoramaciudadano.com\/index.php\/2025\/03\/20\/hallan-camioneta-abandonada-y-desvalijada-en-la-region-239-de-cancun\/#breadcrumb"},"inLanguage":"es","potentialAction":[{"@type":"ReadAction","target":["https:\/\/panoramaciudadano.com\/index.php\/2025\/03\/20\/hallan-camioneta-abandonada-y-desvalijada-en-la-region-239-de-cancun\/"]}]},{"@type":"ImageObject","inLanguage":"es","@id":"https:\/\/panoramaciudadano.com\/index.php\/2025\/03\/20\/hallan-camioneta-abandonada-y-desvalijada-en-la-region-239-de-cancun\/#primaryimage","url":"https:\/\/panoramaciudadano.com\/wp-content\/uploads\/2025\/03\/WhatsApp-Image-2025-03-20-at-18.58.18.jpeg","contentUrl":"https:\/\/panoramaciudadano.com\/wp-content\/uploads\/2025\/03\/WhatsApp-Image-2025-03-20-at-18.58.18.jpeg","width":1600,"height":1200},{"@type":"BreadcrumbList","@id":"https:\/\/panoramaciudadano.com\/index.php\/2025\/03\/20\/hallan-camioneta-abandonada-y-desvalijada-en-la-region-239-de-cancun\/#breadcrumb","itemListElement":[{"@type":"ListItem","position":1,"name":"Portada","item":"https:\/\/panoramaciudadano.com\/"},{"@type":"ListItem","position":2,"name":"Hallan camioneta abandonada y desvalijada en la Regi\u00f3n 239 de Canc\u00fan"}]},{"@type":"WebSite","@id":"https:\/\/panoramaciudadano.com\/#website","url":"https:\/\/panoramaciudadano.com\/","name":"Panorama Ciudadano","description":"","publisher":{"@id":"https:\/\/panoramaciudadano.com\/#organization"},"potentialAction":[{"@type":"SearchAction","target":{"@type":"EntryPoint","urlTemplate":"https:\/\/panoramaciudadano.com\/?s={search_term_string}"},"query-input":{"@type":"PropertyValueSpecification","valueRequired":true,"valueName":"search_term_string"}}],"inLanguage":"es"},{"@type":"Organization","@id":"https:\/\/panoramaciudadano.com\/#organization","name":"Panorama Ciudadano","url":"https:\/\/panoramaciudadano.com\/","logo":{"@type":"ImageObject","inLanguage":"es","@id":"https:\/\/panoramaciudadano.com\/#\/schema\/logo\/image\/","url":"https:\/\/panoramaciudadano.com\/wp-content\/uploads\/2024\/05\/401498640_919267042938564_6290593609399108733_n.jpg","contentUrl":"https:\/\/panoramaciudadano.com\/wp-content\/uploads\/2024\/05\/401498640_919267042938564_6290593609399108733_n.jpg","width":960,"height":957,"caption":"Panorama Ciudadano"},"image":{"@id":"https:\/\/panoramaciudadano.com\/#\/schema\/logo\/image\/"},"sameAs":["https:\/\/www.facebook.com\/panoramaciudadano"]},{"@type":"Person","@id":"https:\/\/panoramaciudadano.com\/#\/schema\/person\/ffe9fe8ef47d3a93977b5761fd9e0d96","name":"admin","image":{"@type":"ImageObject","inLanguage":"es","@id":"https:\/\/panoramaciudadano.com\/#\/schema\/person\/image\/","url":"https:\/\/secure.gravatar.com\/avatar\/2d5a12cacce3f18096f25fadea8abb7202fef18ed669595589853e84260ff451?s=96&d=mm&r=g","contentUrl":"https:\/\/secure.gravatar.com\/avatar\/2d5a12cacce3f18096f25fadea8abb7202fef18ed669595589853e84260ff451?s=96&d=mm&r=g","caption":"admin"},"sameAs":["https:\/\/panoramaciudadano.com"],"url":"https:\/\/panoramaciudadano.com\/index.php\/author\/admin_3q6hyqq3\/"}]}},"_links":{"self":[{"href":"https:\/\/panoramaciudadano.com\/index.php\/wp-json\/wp\/v2\/posts\/11640","targetHints":{"allow":["GET"]}}],"collection":[{"href":"https:\/\/panoramaciudadano.com\/index.php\/wp-json\/wp\/v2\/posts"}],"about":[{"href":"https:\/\/panoramaciudadano.com\/index.php\/wp-json\/wp\/v2\/types\/post"}],"author":[{"embeddable":true,"href":"https:\/\/panoramaciudadano.com\/index.php\/wp-json\/wp\/v2\/users\/1"}],"replies":[{"embeddable":true,"href":"https:\/\/panoramaciudadano.com\/index.php\/wp-json\/wp\/v2\/comments?post=11640"}],"version-history":[{"count":1,"href":"https:\/\/panoramaciudadano.com\/index.php\/wp-json\/wp\/v2\/posts\/11640\/revisions"}],"predecessor-version":[{"id":11642,"href":"https:\/\/panoramaciudadano.com\/index.php\/wp-json\/wp\/v2\/posts\/11640\/revisions\/11642"}],"wp:featuredmedia":[{"embeddable":true,"href":"https:\/\/panoramaciudadano.com\/index.php\/wp-json\/wp\/v2\/media\/11641"}],"wp:attachment":[{"href":"https:\/\/panoramaciudadano.com\/index.php\/wp-json\/wp\/v2\/media?parent=11640"}],"wp:term":[{"taxonomy":"category","embeddable":true,"href":"https:\/\/panoramaciudadano.com\/index.php\/wp-json\/wp\/v2\/categories?post=11640"},{"taxonomy":"post_tag","embeddable":true,"href":"https:\/\/panoramaciudadano.com\/index.php\/wp-json\/wp\/v2\/tags?post=11640"}],"curies":[{"name":"wp","href":"https:\/\/api.w.org\/{rel}","templated":true}]}}