{"id":11643,"date":"2025-03-20T17:29:35","date_gmt":"2025-03-20T22:29:35","guid":{"rendered":"https:\/\/panoramaciudadano.com\/?p=11643"},"modified":"2025-03-21T17:32:24","modified_gmt":"2025-03-21T22:32:24","slug":"motociclista-y-su-hijo-son-arrollados-en-glorieta-de-la-joya-podrian-pagar-danos-al-auto","status":"publish","type":"post","link":"https:\/\/panoramaciudadano.com\/index.php\/2025\/03\/20\/motociclista-y-su-hijo-son-arrollados-en-glorieta-de-la-joya-podrian-pagar-danos-al-auto\/","title":{"rendered":"Motociclista y su hijo son arrollados en glorieta de La Joya; podr\u00edan pagar da\u00f1os al auto"},"content":{"rendered":"\n<figure class=\"wp-block-image size-large\"><img decoding=\"async\" width=\"1024\" height=\"768\" src=\"https:\/\/panoramaciudadano.com\/wp-content\/uploads\/2025\/03\/2-91-1024x768.jpeg\" alt=\"\" class=\"wp-image-11645\" srcset=\"https:\/\/panoramaciudadano.com\/wp-content\/uploads\/2025\/03\/2-91-1024x768.jpeg 1024w, https:\/\/panoramaciudadano.com\/wp-content\/uploads\/2025\/03\/2-91-300x225.jpeg 300w, https:\/\/panoramaciudadano.com\/wp-content\/uploads\/2025\/03\/2-91-768x576.jpeg 768w, https:\/\/panoramaciudadano.com\/wp-content\/uploads\/2025\/03\/2-91-1536x1152.jpeg 1536w, https:\/\/panoramaciudadano.com\/wp-content\/uploads\/2025\/03\/2-91.jpeg 1600w\" sizes=\"(max-width: 1024px) 100vw, 1024px\" \/><\/figure>\n\n\n\n<p>Una se\u00f1ora motociclista podr\u00eda pagarle los da\u00f1os a al auto de una mujer luego de accidentarse en una glorieta del fraccionamiento la Joya.<\/p>\n\n\n\n<p>Fue esta tarde cuando los polic\u00edas atendieron un llamado de auxilio por un accidente con lesionados sobre la avenida obsidiana por lo que se solicit\u00f3 la ayuda m\u00e9dica.<\/p>\n\n\n\n<p>Seg\u00fan se mencion\u00f3 que la madre circulaba con su hijo en moto sobre la avenida la joya y al intentarle ganarle el paso a un auto aveo que circulaba en carril preferencial termin\u00f3 siendo arrollada hasta terminar en una rotonda.<\/p>\n\n\n\n<p>Afortunadamente, la ambulancia lleg\u00f3 y traslad\u00f3 a una lesionada para trasladarla al hospital en tanto la otra involucrada tuvo que reprender ante los agentes de tr\u00e1nsito por lo que ambos veh\u00edculos fueron llevados al corral\u00f3n en tanto se determina al responsable.<\/p>\n","protected":false},"excerpt":{"rendered":"<p>Una se\u00f1ora motociclista podr\u00eda pagarle los da\u00f1os a al auto de una mujer luego de accidentarse en una glorieta del fraccionamiento la Joya.<\/p>\n","protected":false},"author":1,"featured_media":11646,"comment_status":"open","ping_status":"closed","sticky":false,"template":"","format":"standard","meta":{"footnotes":""},"categories":[6],"tags":[340],"class_list":["post-11643","post","type-post","status-publish","format-standard","has-post-thumbnail","hentry","category-cancun","tag-fraccionamiento-la-joya"],"yoast_head":"<!-- This site is optimized with the Yoast SEO plugin v27.1.1 - https:\/\/yoast.com\/product\/yoast-seo-wordpress\/ -->\n<title>Motociclista y su hijo son arrollados en glorieta de La Joya; podr\u00edan pagar da\u00f1os al auto - Panorama Ciudadano<\/title>\n<meta name=\"robots\" content=\"index, follow, max-snippet:-1, max-image-preview:large, max-video-preview:-1\" \/>\n<link rel=\"canonical\" href=\"https:\/\/panoramaciudadano.com\/index.php\/2025\/03\/20\/motociclista-y-su-hijo-son-arrollados-en-glorieta-de-la-joya-podrian-pagar-danos-al-auto\/\" \/>\n<meta property=\"og:locale\" content=\"es_ES\" \/>\n<meta property=\"og:type\" content=\"article\" \/>\n<meta property=\"og:title\" content=\"Motociclista y su hijo son arrollados en glorieta de La Joya; podr\u00edan pagar da\u00f1os al auto - Panorama Ciudadano\" \/>\n<meta property=\"og:description\" content=\"Una se\u00f1ora motociclista podr\u00eda pagarle los da\u00f1os a al auto de una mujer luego de accidentarse en una glorieta del fraccionamiento la Joya.\" \/>\n<meta property=\"og:url\" content=\"https:\/\/panoramaciudadano.com\/index.php\/2025\/03\/20\/motociclista-y-su-hijo-son-arrollados-en-glorieta-de-la-joya-podrian-pagar-danos-al-auto\/\" \/>\n<meta property=\"og:site_name\" content=\"Panorama Ciudadano\" \/>\n<meta property=\"article:publisher\" content=\"https:\/\/www.facebook.com\/panoramaciudadano\" \/>\n<meta property=\"article:published_time\" content=\"2025-03-20T22:29:35+00:00\" \/>\n<meta property=\"article:modified_time\" content=\"2025-03-21T22:32:24+00:00\" \/>\n<meta property=\"og:image\" content=\"https:\/\/panoramaciudadano.com\/wp-content\/uploads\/2025\/03\/WhatsApp-Image-2025-03-20-at-18.59.48.jpeg\" \/>\n\t<meta property=\"og:image:width\" content=\"1600\" \/>\n\t<meta property=\"og:image:height\" content=\"1200\" \/>\n\t<meta property=\"og:image:type\" content=\"image\/jpeg\" \/>\n<meta name=\"author\" content=\"admin\" \/>\n<meta name=\"twitter:card\" content=\"summary_large_image\" \/>\n<meta name=\"twitter:label1\" content=\"Escrito por\" \/>\n\t<meta name=\"twitter:data1\" content=\"admin\" \/>\n\t<meta name=\"twitter:label2\" content=\"Tiempo de lectura\" \/>\n\t<meta name=\"twitter:data2\" content=\"2 minutos\" \/>\n<script type=\"application\/ld+json\" class=\"yoast-schema-graph\">{\"@context\":\"https:\/\/schema.org\",\"@graph\":[{\"@type\":\"Article\",\"@id\":\"https:\/\/panoramaciudadano.com\/index.php\/2025\/03\/20\/motociclista-y-su-hijo-son-arrollados-en-glorieta-de-la-joya-podrian-pagar-danos-al-auto\/#article\",\"isPartOf\":{\"@id\":\"https:\/\/panoramaciudadano.com\/index.php\/2025\/03\/20\/motociclista-y-su-hijo-son-arrollados-en-glorieta-de-la-joya-podrian-pagar-danos-al-auto\/\"},\"author\":{\"name\":\"admin\",\"@id\":\"https:\/\/panoramaciudadano.com\/#\/schema\/person\/ffe9fe8ef47d3a93977b5761fd9e0d96\"},\"headline\":\"Motociclista y su hijo son arrollados en glorieta de La Joya; podr\u00edan pagar da\u00f1os al auto\",\"datePublished\":\"2025-03-20T22:29:35+00:00\",\"dateModified\":\"2025-03-21T22:32:24+00:00\",\"mainEntityOfPage\":{\"@id\":\"https:\/\/panoramaciudadano.com\/index.php\/2025\/03\/20\/motociclista-y-su-hijo-son-arrollados-en-glorieta-de-la-joya-podrian-pagar-danos-al-auto\/\"},\"wordCount\":159,\"commentCount\":0,\"publisher\":{\"@id\":\"https:\/\/panoramaciudadano.com\/#organization\"},\"image\":{\"@id\":\"https:\/\/panoramaciudadano.com\/index.php\/2025\/03\/20\/motociclista-y-su-hijo-son-arrollados-en-glorieta-de-la-joya-podrian-pagar-danos-al-auto\/#primaryimage\"},\"thumbnailUrl\":\"https:\/\/panoramaciudadano.com\/wp-content\/uploads\/2025\/03\/WhatsApp-Image-2025-03-20-at-18.59.48.jpeg\",\"keywords\":[\"fraccionamiento La Joya\"],\"articleSection\":[\"Canc\u00fan\"],\"inLanguage\":\"es\",\"potentialAction\":[{\"@type\":\"CommentAction\",\"name\":\"Comment\",\"target\":[\"https:\/\/panoramaciudadano.com\/index.php\/2025\/03\/20\/motociclista-y-su-hijo-son-arrollados-en-glorieta-de-la-joya-podrian-pagar-danos-al-auto\/#respond\"]}]},{\"@type\":\"WebPage\",\"@id\":\"https:\/\/panoramaciudadano.com\/index.php\/2025\/03\/20\/motociclista-y-su-hijo-son-arrollados-en-glorieta-de-la-joya-podrian-pagar-danos-al-auto\/\",\"url\":\"https:\/\/panoramaciudadano.com\/index.php\/2025\/03\/20\/motociclista-y-su-hijo-son-arrollados-en-glorieta-de-la-joya-podrian-pagar-danos-al-auto\/\",\"name\":\"Motociclista y su hijo son arrollados en glorieta de La Joya; podr\u00edan pagar da\u00f1os al auto - Panorama Ciudadano\",\"isPartOf\":{\"@id\":\"https:\/\/panoramaciudadano.com\/#website\"},\"primaryImageOfPage\":{\"@id\":\"https:\/\/panoramaciudadano.com\/index.php\/2025\/03\/20\/motociclista-y-su-hijo-son-arrollados-en-glorieta-de-la-joya-podrian-pagar-danos-al-auto\/#primaryimage\"},\"image\":{\"@id\":\"https:\/\/panoramaciudadano.com\/index.php\/2025\/03\/20\/motociclista-y-su-hijo-son-arrollados-en-glorieta-de-la-joya-podrian-pagar-danos-al-auto\/#primaryimage\"},\"thumbnailUrl\":\"https:\/\/panoramaciudadano.com\/wp-content\/uploads\/2025\/03\/WhatsApp-Image-2025-03-20-at-18.59.48.jpeg\",\"datePublished\":\"2025-03-20T22:29:35+00:00\",\"dateModified\":\"2025-03-21T22:32:24+00:00\",\"breadcrumb\":{\"@id\":\"https:\/\/panoramaciudadano.com\/index.php\/2025\/03\/20\/motociclista-y-su-hijo-son-arrollados-en-glorieta-de-la-joya-podrian-pagar-danos-al-auto\/#breadcrumb\"},\"inLanguage\":\"es\",\"potentialAction\":[{\"@type\":\"ReadAction\",\"target\":[\"https:\/\/panoramaciudadano.com\/index.php\/2025\/03\/20\/motociclista-y-su-hijo-son-arrollados-en-glorieta-de-la-joya-podrian-pagar-danos-al-auto\/\"]}]},{\"@type\":\"ImageObject\",\"inLanguage\":\"es\",\"@id\":\"https:\/\/panoramaciudadano.com\/index.php\/2025\/03\/20\/motociclista-y-su-hijo-son-arrollados-en-glorieta-de-la-joya-podrian-pagar-danos-al-auto\/#primaryimage\",\"url\":\"https:\/\/panoramaciudadano.com\/wp-content\/uploads\/2025\/03\/WhatsApp-Image-2025-03-20-at-18.59.48.jpeg\",\"contentUrl\":\"https:\/\/panoramaciudadano.com\/wp-content\/uploads\/2025\/03\/WhatsApp-Image-2025-03-20-at-18.59.48.jpeg\",\"width\":1600,\"height\":1200},{\"@type\":\"BreadcrumbList\",\"@id\":\"https:\/\/panoramaciudadano.com\/index.php\/2025\/03\/20\/motociclista-y-su-hijo-son-arrollados-en-glorieta-de-la-joya-podrian-pagar-danos-al-auto\/#breadcrumb\",\"itemListElement\":[{\"@type\":\"ListItem\",\"position\":1,\"name\":\"Portada\",\"item\":\"https:\/\/panoramaciudadano.com\/\"},{\"@type\":\"ListItem\",\"position\":2,\"name\":\"Motociclista y su hijo son arrollados en glorieta de La Joya; podr\u00edan pagar da\u00f1os al auto\"}]},{\"@type\":\"WebSite\",\"@id\":\"https:\/\/panoramaciudadano.com\/#website\",\"url\":\"https:\/\/panoramaciudadano.com\/\",\"name\":\"Panorama Ciudadano\",\"description\":\"\",\"publisher\":{\"@id\":\"https:\/\/panoramaciudadano.com\/#organization\"},\"potentialAction\":[{\"@type\":\"SearchAction\",\"target\":{\"@type\":\"EntryPoint\",\"urlTemplate\":\"https:\/\/panoramaciudadano.com\/?s={search_term_string}\"},\"query-input\":{\"@type\":\"PropertyValueSpecification\",\"valueRequired\":true,\"valueName\":\"search_term_string\"}}],\"inLanguage\":\"es\"},{\"@type\":\"Organization\",\"@id\":\"https:\/\/panoramaciudadano.com\/#organization\",\"name\":\"Panorama Ciudadano\",\"url\":\"https:\/\/panoramaciudadano.com\/\",\"logo\":{\"@type\":\"ImageObject\",\"inLanguage\":\"es\",\"@id\":\"https:\/\/panoramaciudadano.com\/#\/schema\/logo\/image\/\",\"url\":\"https:\/\/panoramaciudadano.com\/wp-content\/uploads\/2024\/05\/401498640_919267042938564_6290593609399108733_n.jpg\",\"contentUrl\":\"https:\/\/panoramaciudadano.com\/wp-content\/uploads\/2024\/05\/401498640_919267042938564_6290593609399108733_n.jpg\",\"width\":960,\"height\":957,\"caption\":\"Panorama Ciudadano\"},\"image\":{\"@id\":\"https:\/\/panoramaciudadano.com\/#\/schema\/logo\/image\/\"},\"sameAs\":[\"https:\/\/www.facebook.com\/panoramaciudadano\"]},{\"@type\":\"Person\",\"@id\":\"https:\/\/panoramaciudadano.com\/#\/schema\/person\/ffe9fe8ef47d3a93977b5761fd9e0d96\",\"name\":\"admin\",\"image\":{\"@type\":\"ImageObject\",\"inLanguage\":\"es\",\"@id\":\"https:\/\/panoramaciudadano.com\/#\/schema\/person\/image\/\",\"url\":\"https:\/\/secure.gravatar.com\/avatar\/2d5a12cacce3f18096f25fadea8abb7202fef18ed669595589853e84260ff451?s=96&d=mm&r=g\",\"contentUrl\":\"https:\/\/secure.gravatar.com\/avatar\/2d5a12cacce3f18096f25fadea8abb7202fef18ed669595589853e84260ff451?s=96&d=mm&r=g\",\"caption\":\"admin\"},\"sameAs\":[\"https:\/\/panoramaciudadano.com\"],\"url\":\"https:\/\/panoramaciudadano.com\/index.php\/author\/admin_3q6hyqq3\/\"}]}<\/script>\n<!-- \/ Yoast SEO plugin. -->","yoast_head_json":{"title":"Motociclista y su hijo son arrollados en glorieta de La Joya; podr\u00edan pagar da\u00f1os al auto - Panorama Ciudadano","robots":{"index":"index","follow":"follow","max-snippet":"max-snippet:-1","max-image-preview":"max-image-preview:large","max-video-preview":"max-video-preview:-1"},"canonical":"https:\/\/panoramaciudadano.com\/index.php\/2025\/03\/20\/motociclista-y-su-hijo-son-arrollados-en-glorieta-de-la-joya-podrian-pagar-danos-al-auto\/","og_locale":"es_ES","og_type":"article","og_title":"Motociclista y su hijo son arrollados en glorieta de La Joya; podr\u00edan pagar da\u00f1os al auto - Panorama Ciudadano","og_description":"Una se\u00f1ora motociclista podr\u00eda pagarle los da\u00f1os a al auto de una mujer luego de accidentarse en una glorieta del fraccionamiento la Joya.","og_url":"https:\/\/panoramaciudadano.com\/index.php\/2025\/03\/20\/motociclista-y-su-hijo-son-arrollados-en-glorieta-de-la-joya-podrian-pagar-danos-al-auto\/","og_site_name":"Panorama Ciudadano","article_publisher":"https:\/\/www.facebook.com\/panoramaciudadano","article_published_time":"2025-03-20T22:29:35+00:00","article_modified_time":"2025-03-21T22:32:24+00:00","og_image":[{"width":1600,"height":1200,"url":"https:\/\/panoramaciudadano.com\/wp-content\/uploads\/2025\/03\/WhatsApp-Image-2025-03-20-at-18.59.48.jpeg","type":"image\/jpeg"}],"author":"admin","twitter_card":"summary_large_image","twitter_misc":{"Escrito por":"admin","Tiempo de lectura":"2 minutos"},"schema":{"@context":"https:\/\/schema.org","@graph":[{"@type":"Article","@id":"https:\/\/panoramaciudadano.com\/index.php\/2025\/03\/20\/motociclista-y-su-hijo-son-arrollados-en-glorieta-de-la-joya-podrian-pagar-danos-al-auto\/#article","isPartOf":{"@id":"https:\/\/panoramaciudadano.com\/index.php\/2025\/03\/20\/motociclista-y-su-hijo-son-arrollados-en-glorieta-de-la-joya-podrian-pagar-danos-al-auto\/"},"author":{"name":"admin","@id":"https:\/\/panoramaciudadano.com\/#\/schema\/person\/ffe9fe8ef47d3a93977b5761fd9e0d96"},"headline":"Motociclista y su hijo son arrollados en glorieta de La Joya; podr\u00edan pagar da\u00f1os al auto","datePublished":"2025-03-20T22:29:35+00:00","dateModified":"2025-03-21T22:32:24+00:00","mainEntityOfPage":{"@id":"https:\/\/panoramaciudadano.com\/index.php\/2025\/03\/20\/motociclista-y-su-hijo-son-arrollados-en-glorieta-de-la-joya-podrian-pagar-danos-al-auto\/"},"wordCount":159,"commentCount":0,"publisher":{"@id":"https:\/\/panoramaciudadano.com\/#organization"},"image":{"@id":"https:\/\/panoramaciudadano.com\/index.php\/2025\/03\/20\/motociclista-y-su-hijo-son-arrollados-en-glorieta-de-la-joya-podrian-pagar-danos-al-auto\/#primaryimage"},"thumbnailUrl":"https:\/\/panoramaciudadano.com\/wp-content\/uploads\/2025\/03\/WhatsApp-Image-2025-03-20-at-18.59.48.jpeg","keywords":["fraccionamiento La Joya"],"articleSection":["Canc\u00fan"],"inLanguage":"es","potentialAction":[{"@type":"CommentAction","name":"Comment","target":["https:\/\/panoramaciudadano.com\/index.php\/2025\/03\/20\/motociclista-y-su-hijo-son-arrollados-en-glorieta-de-la-joya-podrian-pagar-danos-al-auto\/#respond"]}]},{"@type":"WebPage","@id":"https:\/\/panoramaciudadano.com\/index.php\/2025\/03\/20\/motociclista-y-su-hijo-son-arrollados-en-glorieta-de-la-joya-podrian-pagar-danos-al-auto\/","url":"https:\/\/panoramaciudadano.com\/index.php\/2025\/03\/20\/motociclista-y-su-hijo-son-arrollados-en-glorieta-de-la-joya-podrian-pagar-danos-al-auto\/","name":"Motociclista y su hijo son arrollados en glorieta de La Joya; podr\u00edan pagar da\u00f1os al auto - Panorama Ciudadano","isPartOf":{"@id":"https:\/\/panoramaciudadano.com\/#website"},"primaryImageOfPage":{"@id":"https:\/\/panoramaciudadano.com\/index.php\/2025\/03\/20\/motociclista-y-su-hijo-son-arrollados-en-glorieta-de-la-joya-podrian-pagar-danos-al-auto\/#primaryimage"},"image":{"@id":"https:\/\/panoramaciudadano.com\/index.php\/2025\/03\/20\/motociclista-y-su-hijo-son-arrollados-en-glorieta-de-la-joya-podrian-pagar-danos-al-auto\/#primaryimage"},"thumbnailUrl":"https:\/\/panoramaciudadano.com\/wp-content\/uploads\/2025\/03\/WhatsApp-Image-2025-03-20-at-18.59.48.jpeg","datePublished":"2025-03-20T22:29:35+00:00","dateModified":"2025-03-21T22:32:24+00:00","breadcrumb":{"@id":"https:\/\/panoramaciudadano.com\/index.php\/2025\/03\/20\/motociclista-y-su-hijo-son-arrollados-en-glorieta-de-la-joya-podrian-pagar-danos-al-auto\/#breadcrumb"},"inLanguage":"es","potentialAction":[{"@type":"ReadAction","target":["https:\/\/panoramaciudadano.com\/index.php\/2025\/03\/20\/motociclista-y-su-hijo-son-arrollados-en-glorieta-de-la-joya-podrian-pagar-danos-al-auto\/"]}]},{"@type":"ImageObject","inLanguage":"es","@id":"https:\/\/panoramaciudadano.com\/index.php\/2025\/03\/20\/motociclista-y-su-hijo-son-arrollados-en-glorieta-de-la-joya-podrian-pagar-danos-al-auto\/#primaryimage","url":"https:\/\/panoramaciudadano.com\/wp-content\/uploads\/2025\/03\/WhatsApp-Image-2025-03-20-at-18.59.48.jpeg","contentUrl":"https:\/\/panoramaciudadano.com\/wp-content\/uploads\/2025\/03\/WhatsApp-Image-2025-03-20-at-18.59.48.jpeg","width":1600,"height":1200},{"@type":"BreadcrumbList","@id":"https:\/\/panoramaciudadano.com\/index.php\/2025\/03\/20\/motociclista-y-su-hijo-son-arrollados-en-glorieta-de-la-joya-podrian-pagar-danos-al-auto\/#breadcrumb","itemListElement":[{"@type":"ListItem","position":1,"name":"Portada","item":"https:\/\/panoramaciudadano.com\/"},{"@type":"ListItem","position":2,"name":"Motociclista y su hijo son arrollados en glorieta de La Joya; podr\u00edan pagar da\u00f1os al auto"}]},{"@type":"WebSite","@id":"https:\/\/panoramaciudadano.com\/#website","url":"https:\/\/panoramaciudadano.com\/","name":"Panorama Ciudadano","description":"","publisher":{"@id":"https:\/\/panoramaciudadano.com\/#organization"},"potentialAction":[{"@type":"SearchAction","target":{"@type":"EntryPoint","urlTemplate":"https:\/\/panoramaciudadano.com\/?s={search_term_string}"},"query-input":{"@type":"PropertyValueSpecification","valueRequired":true,"valueName":"search_term_string"}}],"inLanguage":"es"},{"@type":"Organization","@id":"https:\/\/panoramaciudadano.com\/#organization","name":"Panorama Ciudadano","url":"https:\/\/panoramaciudadano.com\/","logo":{"@type":"ImageObject","inLanguage":"es","@id":"https:\/\/panoramaciudadano.com\/#\/schema\/logo\/image\/","url":"https:\/\/panoramaciudadano.com\/wp-content\/uploads\/2024\/05\/401498640_919267042938564_6290593609399108733_n.jpg","contentUrl":"https:\/\/panoramaciudadano.com\/wp-content\/uploads\/2024\/05\/401498640_919267042938564_6290593609399108733_n.jpg","width":960,"height":957,"caption":"Panorama Ciudadano"},"image":{"@id":"https:\/\/panoramaciudadano.com\/#\/schema\/logo\/image\/"},"sameAs":["https:\/\/www.facebook.com\/panoramaciudadano"]},{"@type":"Person","@id":"https:\/\/panoramaciudadano.com\/#\/schema\/person\/ffe9fe8ef47d3a93977b5761fd9e0d96","name":"admin","image":{"@type":"ImageObject","inLanguage":"es","@id":"https:\/\/panoramaciudadano.com\/#\/schema\/person\/image\/","url":"https:\/\/secure.gravatar.com\/avatar\/2d5a12cacce3f18096f25fadea8abb7202fef18ed669595589853e84260ff451?s=96&d=mm&r=g","contentUrl":"https:\/\/secure.gravatar.com\/avatar\/2d5a12cacce3f18096f25fadea8abb7202fef18ed669595589853e84260ff451?s=96&d=mm&r=g","caption":"admin"},"sameAs":["https:\/\/panoramaciudadano.com"],"url":"https:\/\/panoramaciudadano.com\/index.php\/author\/admin_3q6hyqq3\/"}]}},"_links":{"self":[{"href":"https:\/\/panoramaciudadano.com\/index.php\/wp-json\/wp\/v2\/posts\/11643","targetHints":{"allow":["GET"]}}],"collection":[{"href":"https:\/\/panoramaciudadano.com\/index.php\/wp-json\/wp\/v2\/posts"}],"about":[{"href":"https:\/\/panoramaciudadano.com\/index.php\/wp-json\/wp\/v2\/types\/post"}],"author":[{"embeddable":true,"href":"https:\/\/panoramaciudadano.com\/index.php\/wp-json\/wp\/v2\/users\/1"}],"replies":[{"embeddable":true,"href":"https:\/\/panoramaciudadano.com\/index.php\/wp-json\/wp\/v2\/comments?post=11643"}],"version-history":[{"count":1,"href":"https:\/\/panoramaciudadano.com\/index.php\/wp-json\/wp\/v2\/posts\/11643\/revisions"}],"predecessor-version":[{"id":11647,"href":"https:\/\/panoramaciudadano.com\/index.php\/wp-json\/wp\/v2\/posts\/11643\/revisions\/11647"}],"wp:featuredmedia":[{"embeddable":true,"href":"https:\/\/panoramaciudadano.com\/index.php\/wp-json\/wp\/v2\/media\/11646"}],"wp:attachment":[{"href":"https:\/\/panoramaciudadano.com\/index.php\/wp-json\/wp\/v2\/media?parent=11643"}],"wp:term":[{"taxonomy":"category","embeddable":true,"href":"https:\/\/panoramaciudadano.com\/index.php\/wp-json\/wp\/v2\/categories?post=11643"},{"taxonomy":"post_tag","embeddable":true,"href":"https:\/\/panoramaciudadano.com\/index.php\/wp-json\/wp\/v2\/tags?post=11643"}],"curies":[{"name":"wp","href":"https:\/\/api.w.org\/{rel}","templated":true}]}}