{"id":11658,"date":"2025-03-20T17:38:16","date_gmt":"2025-03-20T22:38:16","guid":{"rendered":"https:\/\/panoramaciudadano.com\/?p=11658"},"modified":"2025-03-21T17:39:47","modified_gmt":"2025-03-21T22:39:47","slug":"ana-paty-peralta-promueve-regularizacion-de-tierras-en-jornada-de-atencion-ciudadana-cancun-nos-une","status":"publish","type":"post","link":"https:\/\/panoramaciudadano.com\/index.php\/2025\/03\/20\/ana-paty-peralta-promueve-regularizacion-de-tierras-en-jornada-de-atencion-ciudadana-cancun-nos-une\/","title":{"rendered":"ANA PATY PERALTA PROMUEVE REGULARIZACI\u00d3N DE TIERRAS EN JORNADA DE ATENCI\u00d3N CIUDADANA \u201cCANC\u00daN NOS UNE\u201d"},"content":{"rendered":"\n<figure class=\"wp-block-gallery has-nested-images columns-default is-cropped wp-block-gallery-1 is-layout-flex wp-block-gallery-is-layout-flex\">\n<figure class=\"wp-block-image size-large\"><img decoding=\"async\" width=\"960\" height=\"608\" data-id=\"11664\" src=\"https:\/\/panoramaciudadano.com\/wp-content\/uploads\/2025\/03\/2-92.jpeg\" alt=\"\" class=\"wp-image-11664\" srcset=\"https:\/\/panoramaciudadano.com\/wp-content\/uploads\/2025\/03\/2-92.jpeg 960w, https:\/\/panoramaciudadano.com\/wp-content\/uploads\/2025\/03\/2-92-300x190.jpeg 300w, https:\/\/panoramaciudadano.com\/wp-content\/uploads\/2025\/03\/2-92-768x486.jpeg 768w\" sizes=\"(max-width: 960px) 100vw, 960px\" \/><\/figure>\n\n\n\n<figure class=\"wp-block-image size-large\"><img decoding=\"async\" width=\"960\" height=\"621\" data-id=\"11662\" src=\"https:\/\/panoramaciudadano.com\/wp-content\/uploads\/2025\/03\/3-78.jpeg\" alt=\"\" class=\"wp-image-11662\" srcset=\"https:\/\/panoramaciudadano.com\/wp-content\/uploads\/2025\/03\/3-78.jpeg 960w, https:\/\/panoramaciudadano.com\/wp-content\/uploads\/2025\/03\/3-78-300x194.jpeg 300w, https:\/\/panoramaciudadano.com\/wp-content\/uploads\/2025\/03\/3-78-768x497.jpeg 768w\" sizes=\"(max-width: 960px) 100vw, 960px\" \/><\/figure>\n\n\n\n<figure class=\"wp-block-image size-large\"><img decoding=\"async\" width=\"960\" height=\"640\" data-id=\"11663\" src=\"https:\/\/panoramaciudadano.com\/wp-content\/uploads\/2025\/03\/4-59.jpeg\" alt=\"\" class=\"wp-image-11663\" srcset=\"https:\/\/panoramaciudadano.com\/wp-content\/uploads\/2025\/03\/4-59.jpeg 960w, https:\/\/panoramaciudadano.com\/wp-content\/uploads\/2025\/03\/4-59-300x200.jpeg 300w, https:\/\/panoramaciudadano.com\/wp-content\/uploads\/2025\/03\/4-59-768x512.jpeg 768w\" sizes=\"(max-width: 960px) 100vw, 960px\" \/><\/figure>\n\n\n\n<figure class=\"wp-block-image size-large\"><img decoding=\"async\" width=\"960\" height=\"670\" data-id=\"11661\" src=\"https:\/\/panoramaciudadano.com\/wp-content\/uploads\/2025\/03\/5-30.jpeg\" alt=\"\" class=\"wp-image-11661\" srcset=\"https:\/\/panoramaciudadano.com\/wp-content\/uploads\/2025\/03\/5-30.jpeg 960w, https:\/\/panoramaciudadano.com\/wp-content\/uploads\/2025\/03\/5-30-300x209.jpeg 300w, https:\/\/panoramaciudadano.com\/wp-content\/uploads\/2025\/03\/5-30-768x536.jpeg 768w\" sizes=\"(max-width: 960px) 100vw, 960px\" \/><\/figure>\n\n\n\n<figure class=\"wp-block-image size-large\"><img decoding=\"async\" width=\"591\" height=\"414\" data-id=\"11659\" src=\"https:\/\/panoramaciudadano.com\/wp-content\/uploads\/2025\/03\/6-16.jpeg\" alt=\"\" class=\"wp-image-11659\" srcset=\"https:\/\/panoramaciudadano.com\/wp-content\/uploads\/2025\/03\/6-16.jpeg 591w, https:\/\/panoramaciudadano.com\/wp-content\/uploads\/2025\/03\/6-16-300x210.jpeg 300w\" sizes=\"(max-width: 591px) 100vw, 591px\" \/><\/figure>\n\n\n\n<figure class=\"wp-block-image size-large\"><img decoding=\"async\" width=\"960\" height=\"689\" data-id=\"11660\" src=\"https:\/\/panoramaciudadano.com\/wp-content\/uploads\/2025\/03\/WhatsApp-Image-2025-03-20-at-19.42.26.jpeg\" alt=\"\" class=\"wp-image-11660\" srcset=\"https:\/\/panoramaciudadano.com\/wp-content\/uploads\/2025\/03\/WhatsApp-Image-2025-03-20-at-19.42.26.jpeg 960w, https:\/\/panoramaciudadano.com\/wp-content\/uploads\/2025\/03\/WhatsApp-Image-2025-03-20-at-19.42.26-300x215.jpeg 300w, https:\/\/panoramaciudadano.com\/wp-content\/uploads\/2025\/03\/WhatsApp-Image-2025-03-20-at-19.42.26-768x551.jpeg 768w\" sizes=\"(max-width: 960px) 100vw, 960px\" \/><\/figure>\n<\/figure>\n\n\n\n<ul class=\"wp-block-list\">\n<li>Este es el primer gobierno que da puntual atenci\u00f3n a este tema, por eso los invitamos a que se acerquen para se les ayude a llevar todo el proceso, afirm\u00f3<\/li>\n\n\n\n<li>Suman m\u00e1s de 73 mil ciudadanas y ciudadanos atendidos en las 37 emisiones anteriores de este programa<\/li>\n<\/ul>\n\n\n\n<p>Canc\u00fan, Q. R., a 20 de marzo de 2025.- Durante la Jornada de Atenci\u00f3n Ciudadana \u201c\u00a1Canc\u00fan nos Une!\u201d en el domo deportivo de la Supermanzana 227, que representa la n\u00famero 38 del programa, la Presidenta Municipal, Ana Paty Peralta, invit\u00f3 a los cancunenses a acudir al m\u00f3dulo del Instituto de Regularizaci\u00f3n Patrimonial que se agreg\u00f3 a la actividad para que reciban asesor\u00edas y gestiones que les permitan poner en orden la documentaci\u00f3n de sus viviendas.<\/p>\n\n\n\n<p>\u201cEn lo que ven\u00eda en el camino atendiendo a los diferentes habitantes, muchos nos preguntan sobre la regularizaci\u00f3n de la tierra. Quiero decirles que nosotros como gobierno somos los primeros en poner puntual atenci\u00f3n en ese tema, en estas jornadas se pueden acercar para que les ayudemos a llevar todo el proceso que tienen que llevar para regularizar una colonia\u201d, explic\u00f3 la Primera Autoridad Municipal.<\/p>\n\n\n\n<p>Desde muy temprana hora, Ana Paty Peralta visit\u00f3 primeramente el \u00e1rea de los puestos de vacunaci\u00f3n del Instituto Mexicano del Seguro Social (IMSS) que se instalaron para completar el esquema b\u00e1sico de infantes y ni\u00f1os, as\u00ed como el de la inscripci\u00f3n al IMSS-Bienestar, para beneficio de la salud de las familias.<\/p>\n\n\n\n<p>Despu\u00e9s acudi\u00f3 a la mesa de atenci\u00f3n de la coordinaci\u00f3n de vectores de la Secretar\u00eda de Salud y los Servicios Estatales de Salud (SESA) en Quintana Roo, en la que constat\u00f3 la pl\u00e1tica que el personal ofreci\u00f3 a las y los vecinos para ense\u00f1arles el cuidado que deben mantener de limpieza en sus predios para evitar criaderos de larvas y moscos transmisores de enfermedades.<\/p>\n\n\n\n<p>En ambos casos, agradeci\u00f3 a las dependencias estatales y federales que se unen a estas jornadas integrales que han permitido llevar justicia social y prosperidad compartida a m\u00e1s rincones de Canc\u00fan, a trav\u00e9s de los m\u00e1s de 100 tr\u00e1mites y servicios en espacios abiertos y de f\u00e1cil acceso, tal como se har\u00e1 en la pr\u00f3xima fecha que ser\u00e1 el 3 de abril en la Supermanzana 92.<\/p>\n\n\n\n<p>La Presidenta Municipal inform\u00f3 que suman m\u00e1s de 73 mil personas atendidas en las 37 jornadas previas de esta estrategia itinerante y, acompa\u00f1ada por todo el gabinete municipal, comenz\u00f3 las audiencias p\u00fablicas para escuchar, tratar y canalizar asuntos particulares de peticiones y gestiones de la comunidad, adem\u00e1s de entregar apoyos funcionales para las personas con alguna discapacidad.<\/p>\n","protected":false},"excerpt":{"rendered":"<p>Este es el primer gobierno que da puntual atenci\u00f3n a este tema, por eso los invitamos a que se acerquen para se les ayude a llevar todo el proceso, afirm\u00f3.<\/p>\n","protected":false},"author":1,"featured_media":11661,"comment_status":"open","ping_status":"closed","sticky":false,"template":"","format":"standard","meta":{"footnotes":""},"categories":[6],"tags":[145],"class_list":["post-11658","post","type-post","status-publish","format-standard","has-post-thumbnail","hentry","category-cancun","tag-ana-paty-peralta"],"yoast_head":"<!-- This site is optimized with the Yoast SEO plugin v27.1.1 - https:\/\/yoast.com\/product\/yoast-seo-wordpress\/ -->\n<title>ANA PATY PERALTA PROMUEVE REGULARIZACI\u00d3N DE TIERRAS EN JORNADA DE ATENCI\u00d3N CIUDADANA \u201cCANC\u00daN NOS UNE\u201d - Panorama Ciudadano<\/title>\n<meta name=\"robots\" content=\"index, follow, max-snippet:-1, max-image-preview:large, max-video-preview:-1\" \/>\n<link rel=\"canonical\" href=\"https:\/\/panoramaciudadano.com\/index.php\/2025\/03\/20\/ana-paty-peralta-promueve-regularizacion-de-tierras-en-jornada-de-atencion-ciudadana-cancun-nos-une\/\" \/>\n<meta property=\"og:locale\" content=\"es_ES\" \/>\n<meta property=\"og:type\" content=\"article\" \/>\n<meta property=\"og:title\" content=\"ANA PATY PERALTA PROMUEVE REGULARIZACI\u00d3N DE TIERRAS EN JORNADA DE ATENCI\u00d3N CIUDADANA \u201cCANC\u00daN NOS UNE\u201d - Panorama Ciudadano\" \/>\n<meta property=\"og:description\" content=\"Este es el primer gobierno que da puntual atenci\u00f3n a este tema, por eso los invitamos a que se acerquen para se les ayude a llevar todo el proceso, afirm\u00f3.\" \/>\n<meta property=\"og:url\" content=\"https:\/\/panoramaciudadano.com\/index.php\/2025\/03\/20\/ana-paty-peralta-promueve-regularizacion-de-tierras-en-jornada-de-atencion-ciudadana-cancun-nos-une\/\" \/>\n<meta property=\"og:site_name\" content=\"Panorama Ciudadano\" \/>\n<meta property=\"article:publisher\" content=\"https:\/\/www.facebook.com\/panoramaciudadano\" \/>\n<meta property=\"article:published_time\" content=\"2025-03-20T22:38:16+00:00\" \/>\n<meta property=\"article:modified_time\" content=\"2025-03-21T22:39:47+00:00\" \/>\n<meta property=\"og:image\" content=\"https:\/\/panoramaciudadano.com\/wp-content\/uploads\/2025\/03\/5-30.jpeg\" \/>\n\t<meta property=\"og:image:width\" content=\"960\" \/>\n\t<meta property=\"og:image:height\" content=\"670\" \/>\n\t<meta property=\"og:image:type\" content=\"image\/jpeg\" \/>\n<meta name=\"author\" content=\"admin\" \/>\n<meta name=\"twitter:card\" content=\"summary_large_image\" \/>\n<meta name=\"twitter:label1\" content=\"Escrito por\" \/>\n\t<meta name=\"twitter:data1\" content=\"admin\" \/>\n\t<meta name=\"twitter:label2\" content=\"Tiempo de lectura\" \/>\n\t<meta name=\"twitter:data2\" content=\"4 minutos\" \/>\n<script type=\"application\/ld+json\" class=\"yoast-schema-graph\">{\"@context\":\"https:\/\/schema.org\",\"@graph\":[{\"@type\":\"Article\",\"@id\":\"https:\/\/panoramaciudadano.com\/index.php\/2025\/03\/20\/ana-paty-peralta-promueve-regularizacion-de-tierras-en-jornada-de-atencion-ciudadana-cancun-nos-une\/#article\",\"isPartOf\":{\"@id\":\"https:\/\/panoramaciudadano.com\/index.php\/2025\/03\/20\/ana-paty-peralta-promueve-regularizacion-de-tierras-en-jornada-de-atencion-ciudadana-cancun-nos-une\/\"},\"author\":{\"name\":\"admin\",\"@id\":\"https:\/\/panoramaciudadano.com\/#\/schema\/person\/ffe9fe8ef47d3a93977b5761fd9e0d96\"},\"headline\":\"ANA PATY PERALTA PROMUEVE REGULARIZACI\u00d3N DE TIERRAS EN JORNADA DE ATENCI\u00d3N CIUDADANA \u201cCANC\u00daN NOS UNE\u201d\",\"datePublished\":\"2025-03-20T22:38:16+00:00\",\"dateModified\":\"2025-03-21T22:39:47+00:00\",\"mainEntityOfPage\":{\"@id\":\"https:\/\/panoramaciudadano.com\/index.php\/2025\/03\/20\/ana-paty-peralta-promueve-regularizacion-de-tierras-en-jornada-de-atencion-ciudadana-cancun-nos-une\/\"},\"wordCount\":467,\"commentCount\":0,\"publisher\":{\"@id\":\"https:\/\/panoramaciudadano.com\/#organization\"},\"image\":{\"@id\":\"https:\/\/panoramaciudadano.com\/index.php\/2025\/03\/20\/ana-paty-peralta-promueve-regularizacion-de-tierras-en-jornada-de-atencion-ciudadana-cancun-nos-une\/#primaryimage\"},\"thumbnailUrl\":\"https:\/\/panoramaciudadano.com\/wp-content\/uploads\/2025\/03\/5-30.jpeg\",\"keywords\":[\"Ana Paty Peralta\"],\"articleSection\":[\"Canc\u00fan\"],\"inLanguage\":\"es\",\"potentialAction\":[{\"@type\":\"CommentAction\",\"name\":\"Comment\",\"target\":[\"https:\/\/panoramaciudadano.com\/index.php\/2025\/03\/20\/ana-paty-peralta-promueve-regularizacion-de-tierras-en-jornada-de-atencion-ciudadana-cancun-nos-une\/#respond\"]}]},{\"@type\":\"WebPage\",\"@id\":\"https:\/\/panoramaciudadano.com\/index.php\/2025\/03\/20\/ana-paty-peralta-promueve-regularizacion-de-tierras-en-jornada-de-atencion-ciudadana-cancun-nos-une\/\",\"url\":\"https:\/\/panoramaciudadano.com\/index.php\/2025\/03\/20\/ana-paty-peralta-promueve-regularizacion-de-tierras-en-jornada-de-atencion-ciudadana-cancun-nos-une\/\",\"name\":\"ANA PATY PERALTA PROMUEVE REGULARIZACI\u00d3N DE TIERRAS EN JORNADA DE ATENCI\u00d3N CIUDADANA \u201cCANC\u00daN NOS UNE\u201d - Panorama Ciudadano\",\"isPartOf\":{\"@id\":\"https:\/\/panoramaciudadano.com\/#website\"},\"primaryImageOfPage\":{\"@id\":\"https:\/\/panoramaciudadano.com\/index.php\/2025\/03\/20\/ana-paty-peralta-promueve-regularizacion-de-tierras-en-jornada-de-atencion-ciudadana-cancun-nos-une\/#primaryimage\"},\"image\":{\"@id\":\"https:\/\/panoramaciudadano.com\/index.php\/2025\/03\/20\/ana-paty-peralta-promueve-regularizacion-de-tierras-en-jornada-de-atencion-ciudadana-cancun-nos-une\/#primaryimage\"},\"thumbnailUrl\":\"https:\/\/panoramaciudadano.com\/wp-content\/uploads\/2025\/03\/5-30.jpeg\",\"datePublished\":\"2025-03-20T22:38:16+00:00\",\"dateModified\":\"2025-03-21T22:39:47+00:00\",\"breadcrumb\":{\"@id\":\"https:\/\/panoramaciudadano.com\/index.php\/2025\/03\/20\/ana-paty-peralta-promueve-regularizacion-de-tierras-en-jornada-de-atencion-ciudadana-cancun-nos-une\/#breadcrumb\"},\"inLanguage\":\"es\",\"potentialAction\":[{\"@type\":\"ReadAction\",\"target\":[\"https:\/\/panoramaciudadano.com\/index.php\/2025\/03\/20\/ana-paty-peralta-promueve-regularizacion-de-tierras-en-jornada-de-atencion-ciudadana-cancun-nos-une\/\"]}]},{\"@type\":\"ImageObject\",\"inLanguage\":\"es\",\"@id\":\"https:\/\/panoramaciudadano.com\/index.php\/2025\/03\/20\/ana-paty-peralta-promueve-regularizacion-de-tierras-en-jornada-de-atencion-ciudadana-cancun-nos-une\/#primaryimage\",\"url\":\"https:\/\/panoramaciudadano.com\/wp-content\/uploads\/2025\/03\/5-30.jpeg\",\"contentUrl\":\"https:\/\/panoramaciudadano.com\/wp-content\/uploads\/2025\/03\/5-30.jpeg\",\"width\":960,\"height\":670},{\"@type\":\"BreadcrumbList\",\"@id\":\"https:\/\/panoramaciudadano.com\/index.php\/2025\/03\/20\/ana-paty-peralta-promueve-regularizacion-de-tierras-en-jornada-de-atencion-ciudadana-cancun-nos-une\/#breadcrumb\",\"itemListElement\":[{\"@type\":\"ListItem\",\"position\":1,\"name\":\"Portada\",\"item\":\"https:\/\/panoramaciudadano.com\/\"},{\"@type\":\"ListItem\",\"position\":2,\"name\":\"ANA PATY PERALTA PROMUEVE REGULARIZACI\u00d3N DE TIERRAS EN JORNADA DE ATENCI\u00d3N CIUDADANA \u201cCANC\u00daN NOS UNE\u201d\"}]},{\"@type\":\"WebSite\",\"@id\":\"https:\/\/panoramaciudadano.com\/#website\",\"url\":\"https:\/\/panoramaciudadano.com\/\",\"name\":\"Panorama Ciudadano\",\"description\":\"\",\"publisher\":{\"@id\":\"https:\/\/panoramaciudadano.com\/#organization\"},\"potentialAction\":[{\"@type\":\"SearchAction\",\"target\":{\"@type\":\"EntryPoint\",\"urlTemplate\":\"https:\/\/panoramaciudadano.com\/?s={search_term_string}\"},\"query-input\":{\"@type\":\"PropertyValueSpecification\",\"valueRequired\":true,\"valueName\":\"search_term_string\"}}],\"inLanguage\":\"es\"},{\"@type\":\"Organization\",\"@id\":\"https:\/\/panoramaciudadano.com\/#organization\",\"name\":\"Panorama Ciudadano\",\"url\":\"https:\/\/panoramaciudadano.com\/\",\"logo\":{\"@type\":\"ImageObject\",\"inLanguage\":\"es\",\"@id\":\"https:\/\/panoramaciudadano.com\/#\/schema\/logo\/image\/\",\"url\":\"https:\/\/panoramaciudadano.com\/wp-content\/uploads\/2024\/05\/401498640_919267042938564_6290593609399108733_n.jpg\",\"contentUrl\":\"https:\/\/panoramaciudadano.com\/wp-content\/uploads\/2024\/05\/401498640_919267042938564_6290593609399108733_n.jpg\",\"width\":960,\"height\":957,\"caption\":\"Panorama Ciudadano\"},\"image\":{\"@id\":\"https:\/\/panoramaciudadano.com\/#\/schema\/logo\/image\/\"},\"sameAs\":[\"https:\/\/www.facebook.com\/panoramaciudadano\"]},{\"@type\":\"Person\",\"@id\":\"https:\/\/panoramaciudadano.com\/#\/schema\/person\/ffe9fe8ef47d3a93977b5761fd9e0d96\",\"name\":\"admin\",\"image\":{\"@type\":\"ImageObject\",\"inLanguage\":\"es\",\"@id\":\"https:\/\/panoramaciudadano.com\/#\/schema\/person\/image\/\",\"url\":\"https:\/\/secure.gravatar.com\/avatar\/2d5a12cacce3f18096f25fadea8abb7202fef18ed669595589853e84260ff451?s=96&d=mm&r=g\",\"contentUrl\":\"https:\/\/secure.gravatar.com\/avatar\/2d5a12cacce3f18096f25fadea8abb7202fef18ed669595589853e84260ff451?s=96&d=mm&r=g\",\"caption\":\"admin\"},\"sameAs\":[\"https:\/\/panoramaciudadano.com\"],\"url\":\"https:\/\/panoramaciudadano.com\/index.php\/author\/admin_3q6hyqq3\/\"}]}<\/script>\n<!-- \/ Yoast SEO plugin. -->","yoast_head_json":{"title":"ANA PATY PERALTA PROMUEVE REGULARIZACI\u00d3N DE TIERRAS EN JORNADA DE ATENCI\u00d3N CIUDADANA \u201cCANC\u00daN NOS UNE\u201d - Panorama Ciudadano","robots":{"index":"index","follow":"follow","max-snippet":"max-snippet:-1","max-image-preview":"max-image-preview:large","max-video-preview":"max-video-preview:-1"},"canonical":"https:\/\/panoramaciudadano.com\/index.php\/2025\/03\/20\/ana-paty-peralta-promueve-regularizacion-de-tierras-en-jornada-de-atencion-ciudadana-cancun-nos-une\/","og_locale":"es_ES","og_type":"article","og_title":"ANA PATY PERALTA PROMUEVE REGULARIZACI\u00d3N DE TIERRAS EN JORNADA DE ATENCI\u00d3N CIUDADANA \u201cCANC\u00daN NOS UNE\u201d - Panorama Ciudadano","og_description":"Este es el primer gobierno que da puntual atenci\u00f3n a este tema, por eso los invitamos a que se acerquen para se les ayude a llevar todo el proceso, afirm\u00f3.","og_url":"https:\/\/panoramaciudadano.com\/index.php\/2025\/03\/20\/ana-paty-peralta-promueve-regularizacion-de-tierras-en-jornada-de-atencion-ciudadana-cancun-nos-une\/","og_site_name":"Panorama Ciudadano","article_publisher":"https:\/\/www.facebook.com\/panoramaciudadano","article_published_time":"2025-03-20T22:38:16+00:00","article_modified_time":"2025-03-21T22:39:47+00:00","og_image":[{"width":960,"height":670,"url":"https:\/\/panoramaciudadano.com\/wp-content\/uploads\/2025\/03\/5-30.jpeg","type":"image\/jpeg"}],"author":"admin","twitter_card":"summary_large_image","twitter_misc":{"Escrito por":"admin","Tiempo de lectura":"4 minutos"},"schema":{"@context":"https:\/\/schema.org","@graph":[{"@type":"Article","@id":"https:\/\/panoramaciudadano.com\/index.php\/2025\/03\/20\/ana-paty-peralta-promueve-regularizacion-de-tierras-en-jornada-de-atencion-ciudadana-cancun-nos-une\/#article","isPartOf":{"@id":"https:\/\/panoramaciudadano.com\/index.php\/2025\/03\/20\/ana-paty-peralta-promueve-regularizacion-de-tierras-en-jornada-de-atencion-ciudadana-cancun-nos-une\/"},"author":{"name":"admin","@id":"https:\/\/panoramaciudadano.com\/#\/schema\/person\/ffe9fe8ef47d3a93977b5761fd9e0d96"},"headline":"ANA PATY PERALTA PROMUEVE REGULARIZACI\u00d3N DE TIERRAS EN JORNADA DE ATENCI\u00d3N CIUDADANA \u201cCANC\u00daN NOS UNE\u201d","datePublished":"2025-03-20T22:38:16+00:00","dateModified":"2025-03-21T22:39:47+00:00","mainEntityOfPage":{"@id":"https:\/\/panoramaciudadano.com\/index.php\/2025\/03\/20\/ana-paty-peralta-promueve-regularizacion-de-tierras-en-jornada-de-atencion-ciudadana-cancun-nos-une\/"},"wordCount":467,"commentCount":0,"publisher":{"@id":"https:\/\/panoramaciudadano.com\/#organization"},"image":{"@id":"https:\/\/panoramaciudadano.com\/index.php\/2025\/03\/20\/ana-paty-peralta-promueve-regularizacion-de-tierras-en-jornada-de-atencion-ciudadana-cancun-nos-une\/#primaryimage"},"thumbnailUrl":"https:\/\/panoramaciudadano.com\/wp-content\/uploads\/2025\/03\/5-30.jpeg","keywords":["Ana Paty Peralta"],"articleSection":["Canc\u00fan"],"inLanguage":"es","potentialAction":[{"@type":"CommentAction","name":"Comment","target":["https:\/\/panoramaciudadano.com\/index.php\/2025\/03\/20\/ana-paty-peralta-promueve-regularizacion-de-tierras-en-jornada-de-atencion-ciudadana-cancun-nos-une\/#respond"]}]},{"@type":"WebPage","@id":"https:\/\/panoramaciudadano.com\/index.php\/2025\/03\/20\/ana-paty-peralta-promueve-regularizacion-de-tierras-en-jornada-de-atencion-ciudadana-cancun-nos-une\/","url":"https:\/\/panoramaciudadano.com\/index.php\/2025\/03\/20\/ana-paty-peralta-promueve-regularizacion-de-tierras-en-jornada-de-atencion-ciudadana-cancun-nos-une\/","name":"ANA PATY PERALTA PROMUEVE REGULARIZACI\u00d3N DE TIERRAS EN JORNADA DE ATENCI\u00d3N CIUDADANA \u201cCANC\u00daN NOS UNE\u201d - Panorama Ciudadano","isPartOf":{"@id":"https:\/\/panoramaciudadano.com\/#website"},"primaryImageOfPage":{"@id":"https:\/\/panoramaciudadano.com\/index.php\/2025\/03\/20\/ana-paty-peralta-promueve-regularizacion-de-tierras-en-jornada-de-atencion-ciudadana-cancun-nos-une\/#primaryimage"},"image":{"@id":"https:\/\/panoramaciudadano.com\/index.php\/2025\/03\/20\/ana-paty-peralta-promueve-regularizacion-de-tierras-en-jornada-de-atencion-ciudadana-cancun-nos-une\/#primaryimage"},"thumbnailUrl":"https:\/\/panoramaciudadano.com\/wp-content\/uploads\/2025\/03\/5-30.jpeg","datePublished":"2025-03-20T22:38:16+00:00","dateModified":"2025-03-21T22:39:47+00:00","breadcrumb":{"@id":"https:\/\/panoramaciudadano.com\/index.php\/2025\/03\/20\/ana-paty-peralta-promueve-regularizacion-de-tierras-en-jornada-de-atencion-ciudadana-cancun-nos-une\/#breadcrumb"},"inLanguage":"es","potentialAction":[{"@type":"ReadAction","target":["https:\/\/panoramaciudadano.com\/index.php\/2025\/03\/20\/ana-paty-peralta-promueve-regularizacion-de-tierras-en-jornada-de-atencion-ciudadana-cancun-nos-une\/"]}]},{"@type":"ImageObject","inLanguage":"es","@id":"https:\/\/panoramaciudadano.com\/index.php\/2025\/03\/20\/ana-paty-peralta-promueve-regularizacion-de-tierras-en-jornada-de-atencion-ciudadana-cancun-nos-une\/#primaryimage","url":"https:\/\/panoramaciudadano.com\/wp-content\/uploads\/2025\/03\/5-30.jpeg","contentUrl":"https:\/\/panoramaciudadano.com\/wp-content\/uploads\/2025\/03\/5-30.jpeg","width":960,"height":670},{"@type":"BreadcrumbList","@id":"https:\/\/panoramaciudadano.com\/index.php\/2025\/03\/20\/ana-paty-peralta-promueve-regularizacion-de-tierras-en-jornada-de-atencion-ciudadana-cancun-nos-une\/#breadcrumb","itemListElement":[{"@type":"ListItem","position":1,"name":"Portada","item":"https:\/\/panoramaciudadano.com\/"},{"@type":"ListItem","position":2,"name":"ANA PATY PERALTA PROMUEVE REGULARIZACI\u00d3N DE TIERRAS EN JORNADA DE ATENCI\u00d3N CIUDADANA \u201cCANC\u00daN NOS UNE\u201d"}]},{"@type":"WebSite","@id":"https:\/\/panoramaciudadano.com\/#website","url":"https:\/\/panoramaciudadano.com\/","name":"Panorama Ciudadano","description":"","publisher":{"@id":"https:\/\/panoramaciudadano.com\/#organization"},"potentialAction":[{"@type":"SearchAction","target":{"@type":"EntryPoint","urlTemplate":"https:\/\/panoramaciudadano.com\/?s={search_term_string}"},"query-input":{"@type":"PropertyValueSpecification","valueRequired":true,"valueName":"search_term_string"}}],"inLanguage":"es"},{"@type":"Organization","@id":"https:\/\/panoramaciudadano.com\/#organization","name":"Panorama Ciudadano","url":"https:\/\/panoramaciudadano.com\/","logo":{"@type":"ImageObject","inLanguage":"es","@id":"https:\/\/panoramaciudadano.com\/#\/schema\/logo\/image\/","url":"https:\/\/panoramaciudadano.com\/wp-content\/uploads\/2024\/05\/401498640_919267042938564_6290593609399108733_n.jpg","contentUrl":"https:\/\/panoramaciudadano.com\/wp-content\/uploads\/2024\/05\/401498640_919267042938564_6290593609399108733_n.jpg","width":960,"height":957,"caption":"Panorama Ciudadano"},"image":{"@id":"https:\/\/panoramaciudadano.com\/#\/schema\/logo\/image\/"},"sameAs":["https:\/\/www.facebook.com\/panoramaciudadano"]},{"@type":"Person","@id":"https:\/\/panoramaciudadano.com\/#\/schema\/person\/ffe9fe8ef47d3a93977b5761fd9e0d96","name":"admin","image":{"@type":"ImageObject","inLanguage":"es","@id":"https:\/\/panoramaciudadano.com\/#\/schema\/person\/image\/","url":"https:\/\/secure.gravatar.com\/avatar\/2d5a12cacce3f18096f25fadea8abb7202fef18ed669595589853e84260ff451?s=96&d=mm&r=g","contentUrl":"https:\/\/secure.gravatar.com\/avatar\/2d5a12cacce3f18096f25fadea8abb7202fef18ed669595589853e84260ff451?s=96&d=mm&r=g","caption":"admin"},"sameAs":["https:\/\/panoramaciudadano.com"],"url":"https:\/\/panoramaciudadano.com\/index.php\/author\/admin_3q6hyqq3\/"}]}},"_links":{"self":[{"href":"https:\/\/panoramaciudadano.com\/index.php\/wp-json\/wp\/v2\/posts\/11658","targetHints":{"allow":["GET"]}}],"collection":[{"href":"https:\/\/panoramaciudadano.com\/index.php\/wp-json\/wp\/v2\/posts"}],"about":[{"href":"https:\/\/panoramaciudadano.com\/index.php\/wp-json\/wp\/v2\/types\/post"}],"author":[{"embeddable":true,"href":"https:\/\/panoramaciudadano.com\/index.php\/wp-json\/wp\/v2\/users\/1"}],"replies":[{"embeddable":true,"href":"https:\/\/panoramaciudadano.com\/index.php\/wp-json\/wp\/v2\/comments?post=11658"}],"version-history":[{"count":1,"href":"https:\/\/panoramaciudadano.com\/index.php\/wp-json\/wp\/v2\/posts\/11658\/revisions"}],"predecessor-version":[{"id":11665,"href":"https:\/\/panoramaciudadano.com\/index.php\/wp-json\/wp\/v2\/posts\/11658\/revisions\/11665"}],"wp:featuredmedia":[{"embeddable":true,"href":"https:\/\/panoramaciudadano.com\/index.php\/wp-json\/wp\/v2\/media\/11661"}],"wp:attachment":[{"href":"https:\/\/panoramaciudadano.com\/index.php\/wp-json\/wp\/v2\/media?parent=11658"}],"wp:term":[{"taxonomy":"category","embeddable":true,"href":"https:\/\/panoramaciudadano.com\/index.php\/wp-json\/wp\/v2\/categories?post=11658"},{"taxonomy":"post_tag","embeddable":true,"href":"https:\/\/panoramaciudadano.com\/index.php\/wp-json\/wp\/v2\/tags?post=11658"}],"curies":[{"name":"wp","href":"https:\/\/api.w.org\/{rel}","templated":true}]}}