{"id":12088,"date":"2025-04-03T09:41:26","date_gmt":"2025-04-03T14:41:26","guid":{"rendered":"https:\/\/panoramaciudadano.com\/?p=12088"},"modified":"2025-04-03T09:41:28","modified_gmt":"2025-04-03T14:41:28","slug":"incendio-sospechoso-consume-cuarteria-en-la-sm-67-pudo-ser-provocado","status":"publish","type":"post","link":"https:\/\/panoramaciudadano.com\/index.php\/2025\/04\/03\/incendio-sospechoso-consume-cuarteria-en-la-sm-67-pudo-ser-provocado\/","title":{"rendered":"Incendio sospechoso consume cuarter\u00eda en la SM 67; pudo ser provocado"},"content":{"rendered":"\n<figure class=\"wp-block-gallery has-nested-images columns-default is-cropped wp-block-gallery-1 is-layout-flex wp-block-gallery-is-layout-flex\">\n<figure class=\"wp-block-image size-large\"><img decoding=\"async\" width=\"1024\" height=\"768\" data-id=\"12092\" src=\"https:\/\/panoramaciudadano.com\/wp-content\/uploads\/2025\/04\/2-5-1024x768.jpeg\" alt=\"\" class=\"wp-image-12092\" srcset=\"https:\/\/panoramaciudadano.com\/wp-content\/uploads\/2025\/04\/2-5-1024x768.jpeg 1024w, https:\/\/panoramaciudadano.com\/wp-content\/uploads\/2025\/04\/2-5-300x225.jpeg 300w, https:\/\/panoramaciudadano.com\/wp-content\/uploads\/2025\/04\/2-5-768x576.jpeg 768w, https:\/\/panoramaciudadano.com\/wp-content\/uploads\/2025\/04\/2-5-1536x1152.jpeg 1536w, https:\/\/panoramaciudadano.com\/wp-content\/uploads\/2025\/04\/2-5.jpeg 1600w\" sizes=\"(max-width: 1024px) 100vw, 1024px\" \/><\/figure>\n\n\n\n<figure class=\"wp-block-image size-large\"><img decoding=\"async\" width=\"1024\" height=\"768\" data-id=\"12091\" src=\"https:\/\/panoramaciudadano.com\/wp-content\/uploads\/2025\/04\/3-5-1024x768.jpeg\" alt=\"\" class=\"wp-image-12091\" srcset=\"https:\/\/panoramaciudadano.com\/wp-content\/uploads\/2025\/04\/3-5-1024x768.jpeg 1024w, https:\/\/panoramaciudadano.com\/wp-content\/uploads\/2025\/04\/3-5-300x225.jpeg 300w, https:\/\/panoramaciudadano.com\/wp-content\/uploads\/2025\/04\/3-5-768x576.jpeg 768w, https:\/\/panoramaciudadano.com\/wp-content\/uploads\/2025\/04\/3-5-1536x1152.jpeg 1536w, https:\/\/panoramaciudadano.com\/wp-content\/uploads\/2025\/04\/3-5.jpeg 1600w\" sizes=\"(max-width: 1024px) 100vw, 1024px\" \/><\/figure>\n\n\n\n<figure class=\"wp-block-image size-large\"><img decoding=\"async\" width=\"1024\" height=\"768\" data-id=\"12090\" src=\"https:\/\/panoramaciudadano.com\/wp-content\/uploads\/2025\/04\/4-4-1024x768.jpeg\" alt=\"\" class=\"wp-image-12090\" srcset=\"https:\/\/panoramaciudadano.com\/wp-content\/uploads\/2025\/04\/4-4-1024x768.jpeg 1024w, https:\/\/panoramaciudadano.com\/wp-content\/uploads\/2025\/04\/4-4-300x225.jpeg 300w, https:\/\/panoramaciudadano.com\/wp-content\/uploads\/2025\/04\/4-4-768x576.jpeg 768w, https:\/\/panoramaciudadano.com\/wp-content\/uploads\/2025\/04\/4-4-1536x1152.jpeg 1536w, https:\/\/panoramaciudadano.com\/wp-content\/uploads\/2025\/04\/4-4.jpeg 1600w\" sizes=\"(max-width: 1024px) 100vw, 1024px\" \/><\/figure>\n\n\n\n<figure class=\"wp-block-image size-large\"><img decoding=\"async\" width=\"1024\" height=\"768\" data-id=\"12089\" src=\"https:\/\/panoramaciudadano.com\/wp-content\/uploads\/2025\/04\/WhatsApp-Image-2025-04-03-at-08.08.41-1024x768.jpeg\" alt=\"\" class=\"wp-image-12089\" srcset=\"https:\/\/panoramaciudadano.com\/wp-content\/uploads\/2025\/04\/WhatsApp-Image-2025-04-03-at-08.08.41-1024x768.jpeg 1024w, https:\/\/panoramaciudadano.com\/wp-content\/uploads\/2025\/04\/WhatsApp-Image-2025-04-03-at-08.08.41-300x225.jpeg 300w, https:\/\/panoramaciudadano.com\/wp-content\/uploads\/2025\/04\/WhatsApp-Image-2025-04-03-at-08.08.41-768x576.jpeg 768w, https:\/\/panoramaciudadano.com\/wp-content\/uploads\/2025\/04\/WhatsApp-Image-2025-04-03-at-08.08.41-1536x1152.jpeg 1536w, https:\/\/panoramaciudadano.com\/wp-content\/uploads\/2025\/04\/WhatsApp-Image-2025-04-03-at-08.08.41.jpeg 1600w\" sizes=\"(max-width: 1024px) 100vw, 1024px\" \/><\/figure>\n<\/figure>\n\n\n\n<p>Extra\u00f1o incendio se registra en un inmueble de la supermanzana 67, no se descarta que est\u00e9 fuera provocado.<\/p>\n\n\n\n<p>Esta ma\u00f1ana varias unidades de emergencia se modularon hasta la avenida torcasitas donde se registraba un fuerte incendio en una cuarter\u00eda, el cual presuntamente est\u00e1 ocupado por personas en situaci\u00f3n de calle.<\/p>\n\n\n\n<p>Varios bomberos se pusieron a trabajar para controlar el siniestro que afect\u00f3 seriamente la estructura sin que se reportara personas intoxicadas o lesionadas.<\/p>\n\n\n\n<p>Cabe mencionar que el inmueble ya ha sido blanco de la delincuencia pues ha sufrido varios atentados, ya que anteriormente era utilizado para consumir enervantes, por lo que no se descarte que el fuego pudo haber sido provocado.<\/p>\n","protected":false},"excerpt":{"rendered":"<p>Extra\u00f1o incendio se registra en un inmueble de la supermanzana 67, no se descarta que est\u00e9 fuera provocado.<\/p>\n","protected":false},"author":1,"featured_media":12090,"comment_status":"open","ping_status":"closed","sticky":false,"template":"","format":"standard","meta":{"footnotes":""},"categories":[6],"tags":[2063],"class_list":["post-12088","post","type-post","status-publish","format-standard","has-post-thumbnail","hentry","category-cancun","tag-supermanzana-67"],"yoast_head":"<!-- This site is optimized with the Yoast SEO plugin v27.1.1 - https:\/\/yoast.com\/product\/yoast-seo-wordpress\/ -->\n<title>Incendio sospechoso consume cuarter\u00eda en la SM 67; pudo ser provocado - Panorama Ciudadano<\/title>\n<meta name=\"robots\" content=\"index, follow, max-snippet:-1, max-image-preview:large, max-video-preview:-1\" \/>\n<link rel=\"canonical\" href=\"https:\/\/panoramaciudadano.com\/index.php\/2025\/04\/03\/incendio-sospechoso-consume-cuarteria-en-la-sm-67-pudo-ser-provocado\/\" \/>\n<meta property=\"og:locale\" content=\"es_ES\" \/>\n<meta property=\"og:type\" content=\"article\" \/>\n<meta property=\"og:title\" content=\"Incendio sospechoso consume cuarter\u00eda en la SM 67; pudo ser provocado - Panorama Ciudadano\" \/>\n<meta property=\"og:description\" content=\"Extra\u00f1o incendio se registra en un inmueble de la supermanzana 67, no se descarta que est\u00e9 fuera provocado.\" \/>\n<meta property=\"og:url\" content=\"https:\/\/panoramaciudadano.com\/index.php\/2025\/04\/03\/incendio-sospechoso-consume-cuarteria-en-la-sm-67-pudo-ser-provocado\/\" \/>\n<meta property=\"og:site_name\" content=\"Panorama Ciudadano\" \/>\n<meta property=\"article:publisher\" content=\"https:\/\/www.facebook.com\/panoramaciudadano\" \/>\n<meta property=\"article:published_time\" content=\"2025-04-03T14:41:26+00:00\" \/>\n<meta property=\"article:modified_time\" content=\"2025-04-03T14:41:28+00:00\" \/>\n<meta property=\"og:image\" content=\"https:\/\/panoramaciudadano.com\/wp-content\/uploads\/2025\/04\/4-4.jpeg\" \/>\n\t<meta property=\"og:image:width\" content=\"1600\" \/>\n\t<meta property=\"og:image:height\" content=\"1200\" \/>\n\t<meta property=\"og:image:type\" content=\"image\/jpeg\" \/>\n<meta name=\"author\" content=\"admin\" \/>\n<meta name=\"twitter:card\" content=\"summary_large_image\" \/>\n<meta name=\"twitter:label1\" content=\"Escrito por\" \/>\n\t<meta name=\"twitter:data1\" content=\"admin\" \/>\n\t<meta name=\"twitter:label2\" content=\"Tiempo de lectura\" \/>\n\t<meta name=\"twitter:data2\" content=\"2 minutos\" \/>\n<script type=\"application\/ld+json\" class=\"yoast-schema-graph\">{\"@context\":\"https:\/\/schema.org\",\"@graph\":[{\"@type\":\"Article\",\"@id\":\"https:\/\/panoramaciudadano.com\/index.php\/2025\/04\/03\/incendio-sospechoso-consume-cuarteria-en-la-sm-67-pudo-ser-provocado\/#article\",\"isPartOf\":{\"@id\":\"https:\/\/panoramaciudadano.com\/index.php\/2025\/04\/03\/incendio-sospechoso-consume-cuarteria-en-la-sm-67-pudo-ser-provocado\/\"},\"author\":{\"name\":\"admin\",\"@id\":\"https:\/\/panoramaciudadano.com\/#\/schema\/person\/ffe9fe8ef47d3a93977b5761fd9e0d96\"},\"headline\":\"Incendio sospechoso consume cuarter\u00eda en la SM 67; pudo ser provocado\",\"datePublished\":\"2025-04-03T14:41:26+00:00\",\"dateModified\":\"2025-04-03T14:41:28+00:00\",\"mainEntityOfPage\":{\"@id\":\"https:\/\/panoramaciudadano.com\/index.php\/2025\/04\/03\/incendio-sospechoso-consume-cuarteria-en-la-sm-67-pudo-ser-provocado\/\"},\"wordCount\":125,\"commentCount\":0,\"publisher\":{\"@id\":\"https:\/\/panoramaciudadano.com\/#organization\"},\"image\":{\"@id\":\"https:\/\/panoramaciudadano.com\/index.php\/2025\/04\/03\/incendio-sospechoso-consume-cuarteria-en-la-sm-67-pudo-ser-provocado\/#primaryimage\"},\"thumbnailUrl\":\"https:\/\/panoramaciudadano.com\/wp-content\/uploads\/2025\/04\/4-4.jpeg\",\"keywords\":[\"supermanzana 67\"],\"articleSection\":[\"Canc\u00fan\"],\"inLanguage\":\"es\",\"potentialAction\":[{\"@type\":\"CommentAction\",\"name\":\"Comment\",\"target\":[\"https:\/\/panoramaciudadano.com\/index.php\/2025\/04\/03\/incendio-sospechoso-consume-cuarteria-en-la-sm-67-pudo-ser-provocado\/#respond\"]}]},{\"@type\":\"WebPage\",\"@id\":\"https:\/\/panoramaciudadano.com\/index.php\/2025\/04\/03\/incendio-sospechoso-consume-cuarteria-en-la-sm-67-pudo-ser-provocado\/\",\"url\":\"https:\/\/panoramaciudadano.com\/index.php\/2025\/04\/03\/incendio-sospechoso-consume-cuarteria-en-la-sm-67-pudo-ser-provocado\/\",\"name\":\"Incendio sospechoso consume cuarter\u00eda en la SM 67; pudo ser provocado - Panorama Ciudadano\",\"isPartOf\":{\"@id\":\"https:\/\/panoramaciudadano.com\/#website\"},\"primaryImageOfPage\":{\"@id\":\"https:\/\/panoramaciudadano.com\/index.php\/2025\/04\/03\/incendio-sospechoso-consume-cuarteria-en-la-sm-67-pudo-ser-provocado\/#primaryimage\"},\"image\":{\"@id\":\"https:\/\/panoramaciudadano.com\/index.php\/2025\/04\/03\/incendio-sospechoso-consume-cuarteria-en-la-sm-67-pudo-ser-provocado\/#primaryimage\"},\"thumbnailUrl\":\"https:\/\/panoramaciudadano.com\/wp-content\/uploads\/2025\/04\/4-4.jpeg\",\"datePublished\":\"2025-04-03T14:41:26+00:00\",\"dateModified\":\"2025-04-03T14:41:28+00:00\",\"breadcrumb\":{\"@id\":\"https:\/\/panoramaciudadano.com\/index.php\/2025\/04\/03\/incendio-sospechoso-consume-cuarteria-en-la-sm-67-pudo-ser-provocado\/#breadcrumb\"},\"inLanguage\":\"es\",\"potentialAction\":[{\"@type\":\"ReadAction\",\"target\":[\"https:\/\/panoramaciudadano.com\/index.php\/2025\/04\/03\/incendio-sospechoso-consume-cuarteria-en-la-sm-67-pudo-ser-provocado\/\"]}]},{\"@type\":\"ImageObject\",\"inLanguage\":\"es\",\"@id\":\"https:\/\/panoramaciudadano.com\/index.php\/2025\/04\/03\/incendio-sospechoso-consume-cuarteria-en-la-sm-67-pudo-ser-provocado\/#primaryimage\",\"url\":\"https:\/\/panoramaciudadano.com\/wp-content\/uploads\/2025\/04\/4-4.jpeg\",\"contentUrl\":\"https:\/\/panoramaciudadano.com\/wp-content\/uploads\/2025\/04\/4-4.jpeg\",\"width\":1600,\"height\":1200},{\"@type\":\"BreadcrumbList\",\"@id\":\"https:\/\/panoramaciudadano.com\/index.php\/2025\/04\/03\/incendio-sospechoso-consume-cuarteria-en-la-sm-67-pudo-ser-provocado\/#breadcrumb\",\"itemListElement\":[{\"@type\":\"ListItem\",\"position\":1,\"name\":\"Portada\",\"item\":\"https:\/\/panoramaciudadano.com\/\"},{\"@type\":\"ListItem\",\"position\":2,\"name\":\"Incendio sospechoso consume cuarter\u00eda en la SM 67; pudo ser provocado\"}]},{\"@type\":\"WebSite\",\"@id\":\"https:\/\/panoramaciudadano.com\/#website\",\"url\":\"https:\/\/panoramaciudadano.com\/\",\"name\":\"Panorama Ciudadano\",\"description\":\"\",\"publisher\":{\"@id\":\"https:\/\/panoramaciudadano.com\/#organization\"},\"potentialAction\":[{\"@type\":\"SearchAction\",\"target\":{\"@type\":\"EntryPoint\",\"urlTemplate\":\"https:\/\/panoramaciudadano.com\/?s={search_term_string}\"},\"query-input\":{\"@type\":\"PropertyValueSpecification\",\"valueRequired\":true,\"valueName\":\"search_term_string\"}}],\"inLanguage\":\"es\"},{\"@type\":\"Organization\",\"@id\":\"https:\/\/panoramaciudadano.com\/#organization\",\"name\":\"Panorama Ciudadano\",\"url\":\"https:\/\/panoramaciudadano.com\/\",\"logo\":{\"@type\":\"ImageObject\",\"inLanguage\":\"es\",\"@id\":\"https:\/\/panoramaciudadano.com\/#\/schema\/logo\/image\/\",\"url\":\"https:\/\/panoramaciudadano.com\/wp-content\/uploads\/2024\/05\/401498640_919267042938564_6290593609399108733_n.jpg\",\"contentUrl\":\"https:\/\/panoramaciudadano.com\/wp-content\/uploads\/2024\/05\/401498640_919267042938564_6290593609399108733_n.jpg\",\"width\":960,\"height\":957,\"caption\":\"Panorama Ciudadano\"},\"image\":{\"@id\":\"https:\/\/panoramaciudadano.com\/#\/schema\/logo\/image\/\"},\"sameAs\":[\"https:\/\/www.facebook.com\/panoramaciudadano\"]},{\"@type\":\"Person\",\"@id\":\"https:\/\/panoramaciudadano.com\/#\/schema\/person\/ffe9fe8ef47d3a93977b5761fd9e0d96\",\"name\":\"admin\",\"image\":{\"@type\":\"ImageObject\",\"inLanguage\":\"es\",\"@id\":\"https:\/\/panoramaciudadano.com\/#\/schema\/person\/image\/\",\"url\":\"https:\/\/secure.gravatar.com\/avatar\/2d5a12cacce3f18096f25fadea8abb7202fef18ed669595589853e84260ff451?s=96&d=mm&r=g\",\"contentUrl\":\"https:\/\/secure.gravatar.com\/avatar\/2d5a12cacce3f18096f25fadea8abb7202fef18ed669595589853e84260ff451?s=96&d=mm&r=g\",\"caption\":\"admin\"},\"sameAs\":[\"https:\/\/panoramaciudadano.com\"],\"url\":\"https:\/\/panoramaciudadano.com\/index.php\/author\/admin_3q6hyqq3\/\"}]}<\/script>\n<!-- \/ Yoast SEO plugin. -->","yoast_head_json":{"title":"Incendio sospechoso consume cuarter\u00eda en la SM 67; pudo ser provocado - Panorama Ciudadano","robots":{"index":"index","follow":"follow","max-snippet":"max-snippet:-1","max-image-preview":"max-image-preview:large","max-video-preview":"max-video-preview:-1"},"canonical":"https:\/\/panoramaciudadano.com\/index.php\/2025\/04\/03\/incendio-sospechoso-consume-cuarteria-en-la-sm-67-pudo-ser-provocado\/","og_locale":"es_ES","og_type":"article","og_title":"Incendio sospechoso consume cuarter\u00eda en la SM 67; pudo ser provocado - Panorama Ciudadano","og_description":"Extra\u00f1o incendio se registra en un inmueble de la supermanzana 67, no se descarta que est\u00e9 fuera provocado.","og_url":"https:\/\/panoramaciudadano.com\/index.php\/2025\/04\/03\/incendio-sospechoso-consume-cuarteria-en-la-sm-67-pudo-ser-provocado\/","og_site_name":"Panorama Ciudadano","article_publisher":"https:\/\/www.facebook.com\/panoramaciudadano","article_published_time":"2025-04-03T14:41:26+00:00","article_modified_time":"2025-04-03T14:41:28+00:00","og_image":[{"width":1600,"height":1200,"url":"https:\/\/panoramaciudadano.com\/wp-content\/uploads\/2025\/04\/4-4.jpeg","type":"image\/jpeg"}],"author":"admin","twitter_card":"summary_large_image","twitter_misc":{"Escrito por":"admin","Tiempo de lectura":"2 minutos"},"schema":{"@context":"https:\/\/schema.org","@graph":[{"@type":"Article","@id":"https:\/\/panoramaciudadano.com\/index.php\/2025\/04\/03\/incendio-sospechoso-consume-cuarteria-en-la-sm-67-pudo-ser-provocado\/#article","isPartOf":{"@id":"https:\/\/panoramaciudadano.com\/index.php\/2025\/04\/03\/incendio-sospechoso-consume-cuarteria-en-la-sm-67-pudo-ser-provocado\/"},"author":{"name":"admin","@id":"https:\/\/panoramaciudadano.com\/#\/schema\/person\/ffe9fe8ef47d3a93977b5761fd9e0d96"},"headline":"Incendio sospechoso consume cuarter\u00eda en la SM 67; pudo ser provocado","datePublished":"2025-04-03T14:41:26+00:00","dateModified":"2025-04-03T14:41:28+00:00","mainEntityOfPage":{"@id":"https:\/\/panoramaciudadano.com\/index.php\/2025\/04\/03\/incendio-sospechoso-consume-cuarteria-en-la-sm-67-pudo-ser-provocado\/"},"wordCount":125,"commentCount":0,"publisher":{"@id":"https:\/\/panoramaciudadano.com\/#organization"},"image":{"@id":"https:\/\/panoramaciudadano.com\/index.php\/2025\/04\/03\/incendio-sospechoso-consume-cuarteria-en-la-sm-67-pudo-ser-provocado\/#primaryimage"},"thumbnailUrl":"https:\/\/panoramaciudadano.com\/wp-content\/uploads\/2025\/04\/4-4.jpeg","keywords":["supermanzana 67"],"articleSection":["Canc\u00fan"],"inLanguage":"es","potentialAction":[{"@type":"CommentAction","name":"Comment","target":["https:\/\/panoramaciudadano.com\/index.php\/2025\/04\/03\/incendio-sospechoso-consume-cuarteria-en-la-sm-67-pudo-ser-provocado\/#respond"]}]},{"@type":"WebPage","@id":"https:\/\/panoramaciudadano.com\/index.php\/2025\/04\/03\/incendio-sospechoso-consume-cuarteria-en-la-sm-67-pudo-ser-provocado\/","url":"https:\/\/panoramaciudadano.com\/index.php\/2025\/04\/03\/incendio-sospechoso-consume-cuarteria-en-la-sm-67-pudo-ser-provocado\/","name":"Incendio sospechoso consume cuarter\u00eda en la SM 67; pudo ser provocado - Panorama Ciudadano","isPartOf":{"@id":"https:\/\/panoramaciudadano.com\/#website"},"primaryImageOfPage":{"@id":"https:\/\/panoramaciudadano.com\/index.php\/2025\/04\/03\/incendio-sospechoso-consume-cuarteria-en-la-sm-67-pudo-ser-provocado\/#primaryimage"},"image":{"@id":"https:\/\/panoramaciudadano.com\/index.php\/2025\/04\/03\/incendio-sospechoso-consume-cuarteria-en-la-sm-67-pudo-ser-provocado\/#primaryimage"},"thumbnailUrl":"https:\/\/panoramaciudadano.com\/wp-content\/uploads\/2025\/04\/4-4.jpeg","datePublished":"2025-04-03T14:41:26+00:00","dateModified":"2025-04-03T14:41:28+00:00","breadcrumb":{"@id":"https:\/\/panoramaciudadano.com\/index.php\/2025\/04\/03\/incendio-sospechoso-consume-cuarteria-en-la-sm-67-pudo-ser-provocado\/#breadcrumb"},"inLanguage":"es","potentialAction":[{"@type":"ReadAction","target":["https:\/\/panoramaciudadano.com\/index.php\/2025\/04\/03\/incendio-sospechoso-consume-cuarteria-en-la-sm-67-pudo-ser-provocado\/"]}]},{"@type":"ImageObject","inLanguage":"es","@id":"https:\/\/panoramaciudadano.com\/index.php\/2025\/04\/03\/incendio-sospechoso-consume-cuarteria-en-la-sm-67-pudo-ser-provocado\/#primaryimage","url":"https:\/\/panoramaciudadano.com\/wp-content\/uploads\/2025\/04\/4-4.jpeg","contentUrl":"https:\/\/panoramaciudadano.com\/wp-content\/uploads\/2025\/04\/4-4.jpeg","width":1600,"height":1200},{"@type":"BreadcrumbList","@id":"https:\/\/panoramaciudadano.com\/index.php\/2025\/04\/03\/incendio-sospechoso-consume-cuarteria-en-la-sm-67-pudo-ser-provocado\/#breadcrumb","itemListElement":[{"@type":"ListItem","position":1,"name":"Portada","item":"https:\/\/panoramaciudadano.com\/"},{"@type":"ListItem","position":2,"name":"Incendio sospechoso consume cuarter\u00eda en la SM 67; pudo ser provocado"}]},{"@type":"WebSite","@id":"https:\/\/panoramaciudadano.com\/#website","url":"https:\/\/panoramaciudadano.com\/","name":"Panorama Ciudadano","description":"","publisher":{"@id":"https:\/\/panoramaciudadano.com\/#organization"},"potentialAction":[{"@type":"SearchAction","target":{"@type":"EntryPoint","urlTemplate":"https:\/\/panoramaciudadano.com\/?s={search_term_string}"},"query-input":{"@type":"PropertyValueSpecification","valueRequired":true,"valueName":"search_term_string"}}],"inLanguage":"es"},{"@type":"Organization","@id":"https:\/\/panoramaciudadano.com\/#organization","name":"Panorama Ciudadano","url":"https:\/\/panoramaciudadano.com\/","logo":{"@type":"ImageObject","inLanguage":"es","@id":"https:\/\/panoramaciudadano.com\/#\/schema\/logo\/image\/","url":"https:\/\/panoramaciudadano.com\/wp-content\/uploads\/2024\/05\/401498640_919267042938564_6290593609399108733_n.jpg","contentUrl":"https:\/\/panoramaciudadano.com\/wp-content\/uploads\/2024\/05\/401498640_919267042938564_6290593609399108733_n.jpg","width":960,"height":957,"caption":"Panorama Ciudadano"},"image":{"@id":"https:\/\/panoramaciudadano.com\/#\/schema\/logo\/image\/"},"sameAs":["https:\/\/www.facebook.com\/panoramaciudadano"]},{"@type":"Person","@id":"https:\/\/panoramaciudadano.com\/#\/schema\/person\/ffe9fe8ef47d3a93977b5761fd9e0d96","name":"admin","image":{"@type":"ImageObject","inLanguage":"es","@id":"https:\/\/panoramaciudadano.com\/#\/schema\/person\/image\/","url":"https:\/\/secure.gravatar.com\/avatar\/2d5a12cacce3f18096f25fadea8abb7202fef18ed669595589853e84260ff451?s=96&d=mm&r=g","contentUrl":"https:\/\/secure.gravatar.com\/avatar\/2d5a12cacce3f18096f25fadea8abb7202fef18ed669595589853e84260ff451?s=96&d=mm&r=g","caption":"admin"},"sameAs":["https:\/\/panoramaciudadano.com"],"url":"https:\/\/panoramaciudadano.com\/index.php\/author\/admin_3q6hyqq3\/"}]}},"_links":{"self":[{"href":"https:\/\/panoramaciudadano.com\/index.php\/wp-json\/wp\/v2\/posts\/12088","targetHints":{"allow":["GET"]}}],"collection":[{"href":"https:\/\/panoramaciudadano.com\/index.php\/wp-json\/wp\/v2\/posts"}],"about":[{"href":"https:\/\/panoramaciudadano.com\/index.php\/wp-json\/wp\/v2\/types\/post"}],"author":[{"embeddable":true,"href":"https:\/\/panoramaciudadano.com\/index.php\/wp-json\/wp\/v2\/users\/1"}],"replies":[{"embeddable":true,"href":"https:\/\/panoramaciudadano.com\/index.php\/wp-json\/wp\/v2\/comments?post=12088"}],"version-history":[{"count":1,"href":"https:\/\/panoramaciudadano.com\/index.php\/wp-json\/wp\/v2\/posts\/12088\/revisions"}],"predecessor-version":[{"id":12093,"href":"https:\/\/panoramaciudadano.com\/index.php\/wp-json\/wp\/v2\/posts\/12088\/revisions\/12093"}],"wp:featuredmedia":[{"embeddable":true,"href":"https:\/\/panoramaciudadano.com\/index.php\/wp-json\/wp\/v2\/media\/12090"}],"wp:attachment":[{"href":"https:\/\/panoramaciudadano.com\/index.php\/wp-json\/wp\/v2\/media?parent=12088"}],"wp:term":[{"taxonomy":"category","embeddable":true,"href":"https:\/\/panoramaciudadano.com\/index.php\/wp-json\/wp\/v2\/categories?post=12088"},{"taxonomy":"post_tag","embeddable":true,"href":"https:\/\/panoramaciudadano.com\/index.php\/wp-json\/wp\/v2\/tags?post=12088"}],"curies":[{"name":"wp","href":"https:\/\/api.w.org\/{rel}","templated":true}]}}