{"id":12108,"date":"2025-04-03T09:56:16","date_gmt":"2025-04-03T14:56:16","guid":{"rendered":"https:\/\/panoramaciudadano.com\/?p=12108"},"modified":"2025-04-03T09:56:17","modified_gmt":"2025-04-03T14:56:17","slug":"consigue-fge-vinculacion-a-proceso-por-delito-de-acoso-sexual-en-contra-de-un-masculino-en-othon-p-blanco","status":"publish","type":"post","link":"https:\/\/panoramaciudadano.com\/index.php\/2025\/04\/03\/consigue-fge-vinculacion-a-proceso-por-delito-de-acoso-sexual-en-contra-de-un-masculino-en-othon-p-blanco\/","title":{"rendered":"Consigue FGE vinculaci\u00f3n a proceso por delito de acoso sexual en contra de un masculino en Oth\u00f3n P. Blanco"},"content":{"rendered":"\n<figure class=\"wp-block-image size-full\"><img decoding=\"async\" width=\"791\" height=\"1024\" src=\"https:\/\/panoramaciudadano.com\/wp-content\/uploads\/2025\/04\/WhatsApp-Image-2025-04-03-at-08.13.39.jpeg\" alt=\"\" class=\"wp-image-12109\" srcset=\"https:\/\/panoramaciudadano.com\/wp-content\/uploads\/2025\/04\/WhatsApp-Image-2025-04-03-at-08.13.39.jpeg 791w, https:\/\/panoramaciudadano.com\/wp-content\/uploads\/2025\/04\/WhatsApp-Image-2025-04-03-at-08.13.39-232x300.jpeg 232w, https:\/\/panoramaciudadano.com\/wp-content\/uploads\/2025\/04\/WhatsApp-Image-2025-04-03-at-08.13.39-768x994.jpeg 768w\" sizes=\"(max-width: 791px) 100vw, 791px\" \/><\/figure>\n\n\n\n<p>La Fiscal\u00eda General del Estado informa que, tras presentar los datos de prueba, consigui\u00f3 de un Juez de Control la vinculaci\u00f3n a proceso en contra de Conrrado \u201cN\u201d por hechos posiblemente constitutivos del delito de acoso sexual en agravio de una v\u00edctima del sexo femenino de identidad reservada.<\/p>\n\n\n\n<p>De acuerdo con los hechos, el 8 de marzo de este a\u00f1o, la agraviada estaba sentada en una banca de la avenida H\u00e9roes del Centro de Chetumal, cuando el imputado le hizo se\u00f1as para que fuera hacia \u00e9l; al acercarse, le dijo que le pagar\u00eda una suma monetaria si acced\u00eda a tener relaciones sexuales, lo que motiv\u00f3 a que la mujer se apoyara en otras personas y pidiera auxilio a un polic\u00eda.<\/p>\n\n\n\n<p>Tras su detenci\u00f3n, el investigado fue puesto a disposici\u00f3n de este \u00f3rgano aut\u00f3nomo, a fin de determinar su situaci\u00f3n jur\u00eddica en el t\u00e9rmino constitucional previsto.<\/p>\n\n\n\n<p>La Fiscal\u00eda Especializada en Combate a Delitos Sexuales y el Libre Desarrollo de la Personalidad, con base en la denuncia de los hechos, en la carpeta de investigaci\u00f3n iniciada, reuni\u00f3 los elementos jur\u00eddicos que permitieron su judicializaci\u00f3n junto al detenido Conrrado \u201cN\u201d.<\/p>\n\n\n\n<p>En audiencia de control, el \u00f3rgano jurisdiccional resolvi\u00f3 calificar de legal la detenci\u00f3n de Conrrado \u201cN\u201d por lo que la Representaci\u00f3n Social realiz\u00f3 la imputaci\u00f3n en su contra y con los datos de prueba aportados, solicit\u00f3 y obtuvo del juzgador, la vinculaci\u00f3n a proceso por hechos posiblemente constitutivos del delito de acoso sexual en agravio de la v\u00edctima.<\/p>\n","protected":false},"excerpt":{"rendered":"<p>Al imputado Conrrado \u201cN\u201d se le relaciona en hechos ocurridos el 8 de marzo en la capital del estado.<\/p>\n","protected":false},"author":1,"featured_media":12109,"comment_status":"open","ping_status":"closed","sticky":false,"template":"","format":"standard","meta":{"footnotes":""},"categories":[8],"tags":[783],"class_list":["post-12108","post","type-post","status-publish","format-standard","has-post-thumbnail","hentry","category-chetumal","tag-fiscalia-especializada-en-delitos-sexuales"],"yoast_head":"<!-- This site is optimized with the Yoast SEO plugin v27.1.1 - https:\/\/yoast.com\/product\/yoast-seo-wordpress\/ -->\n<title>Consigue FGE vinculaci\u00f3n a proceso por delito de acoso sexual en contra de un masculino en Oth\u00f3n P. Blanco - Panorama Ciudadano<\/title>\n<meta name=\"robots\" content=\"index, follow, max-snippet:-1, max-image-preview:large, max-video-preview:-1\" \/>\n<link rel=\"canonical\" href=\"https:\/\/panoramaciudadano.com\/index.php\/2025\/04\/03\/consigue-fge-vinculacion-a-proceso-por-delito-de-acoso-sexual-en-contra-de-un-masculino-en-othon-p-blanco\/\" \/>\n<meta property=\"og:locale\" content=\"es_ES\" \/>\n<meta property=\"og:type\" content=\"article\" \/>\n<meta property=\"og:title\" content=\"Consigue FGE vinculaci\u00f3n a proceso por delito de acoso sexual en contra de un masculino en Oth\u00f3n P. Blanco - Panorama Ciudadano\" \/>\n<meta property=\"og:description\" content=\"Al imputado Conrrado \u201cN\u201d se le relaciona en hechos ocurridos el 8 de marzo en la capital del estado.\" \/>\n<meta property=\"og:url\" content=\"https:\/\/panoramaciudadano.com\/index.php\/2025\/04\/03\/consigue-fge-vinculacion-a-proceso-por-delito-de-acoso-sexual-en-contra-de-un-masculino-en-othon-p-blanco\/\" \/>\n<meta property=\"og:site_name\" content=\"Panorama Ciudadano\" \/>\n<meta property=\"article:publisher\" content=\"https:\/\/www.facebook.com\/panoramaciudadano\" \/>\n<meta property=\"article:published_time\" content=\"2025-04-03T14:56:16+00:00\" \/>\n<meta property=\"article:modified_time\" content=\"2025-04-03T14:56:17+00:00\" \/>\n<meta property=\"og:image\" content=\"https:\/\/panoramaciudadano.com\/wp-content\/uploads\/2025\/04\/WhatsApp-Image-2025-04-03-at-08.13.39.jpeg\" \/>\n\t<meta property=\"og:image:width\" content=\"791\" \/>\n\t<meta property=\"og:image:height\" content=\"1024\" \/>\n\t<meta property=\"og:image:type\" content=\"image\/jpeg\" \/>\n<meta name=\"author\" content=\"admin\" \/>\n<meta name=\"twitter:card\" content=\"summary_large_image\" \/>\n<meta name=\"twitter:label1\" content=\"Escrito por\" \/>\n\t<meta name=\"twitter:data1\" content=\"admin\" \/>\n\t<meta name=\"twitter:label2\" content=\"Tiempo de lectura\" \/>\n\t<meta name=\"twitter:data2\" content=\"2 minutos\" \/>\n<script type=\"application\/ld+json\" class=\"yoast-schema-graph\">{\"@context\":\"https:\/\/schema.org\",\"@graph\":[{\"@type\":\"Article\",\"@id\":\"https:\/\/panoramaciudadano.com\/index.php\/2025\/04\/03\/consigue-fge-vinculacion-a-proceso-por-delito-de-acoso-sexual-en-contra-de-un-masculino-en-othon-p-blanco\/#article\",\"isPartOf\":{\"@id\":\"https:\/\/panoramaciudadano.com\/index.php\/2025\/04\/03\/consigue-fge-vinculacion-a-proceso-por-delito-de-acoso-sexual-en-contra-de-un-masculino-en-othon-p-blanco\/\"},\"author\":{\"name\":\"admin\",\"@id\":\"https:\/\/panoramaciudadano.com\/#\/schema\/person\/ffe9fe8ef47d3a93977b5761fd9e0d96\"},\"headline\":\"Consigue FGE vinculaci\u00f3n a proceso por delito de acoso sexual en contra de un masculino en Oth\u00f3n P. Blanco\",\"datePublished\":\"2025-04-03T14:56:16+00:00\",\"dateModified\":\"2025-04-03T14:56:17+00:00\",\"mainEntityOfPage\":{\"@id\":\"https:\/\/panoramaciudadano.com\/index.php\/2025\/04\/03\/consigue-fge-vinculacion-a-proceso-por-delito-de-acoso-sexual-en-contra-de-un-masculino-en-othon-p-blanco\/\"},\"wordCount\":289,\"commentCount\":0,\"publisher\":{\"@id\":\"https:\/\/panoramaciudadano.com\/#organization\"},\"image\":{\"@id\":\"https:\/\/panoramaciudadano.com\/index.php\/2025\/04\/03\/consigue-fge-vinculacion-a-proceso-por-delito-de-acoso-sexual-en-contra-de-un-masculino-en-othon-p-blanco\/#primaryimage\"},\"thumbnailUrl\":\"https:\/\/panoramaciudadano.com\/wp-content\/uploads\/2025\/04\/WhatsApp-Image-2025-04-03-at-08.13.39.jpeg\",\"keywords\":[\"Fiscal\u00eda Especializada en Delitos Sexuales\"],\"articleSection\":[\"Chetumal\"],\"inLanguage\":\"es\",\"potentialAction\":[{\"@type\":\"CommentAction\",\"name\":\"Comment\",\"target\":[\"https:\/\/panoramaciudadano.com\/index.php\/2025\/04\/03\/consigue-fge-vinculacion-a-proceso-por-delito-de-acoso-sexual-en-contra-de-un-masculino-en-othon-p-blanco\/#respond\"]}]},{\"@type\":\"WebPage\",\"@id\":\"https:\/\/panoramaciudadano.com\/index.php\/2025\/04\/03\/consigue-fge-vinculacion-a-proceso-por-delito-de-acoso-sexual-en-contra-de-un-masculino-en-othon-p-blanco\/\",\"url\":\"https:\/\/panoramaciudadano.com\/index.php\/2025\/04\/03\/consigue-fge-vinculacion-a-proceso-por-delito-de-acoso-sexual-en-contra-de-un-masculino-en-othon-p-blanco\/\",\"name\":\"Consigue FGE vinculaci\u00f3n a proceso por delito de acoso sexual en contra de un masculino en Oth\u00f3n P. Blanco - Panorama Ciudadano\",\"isPartOf\":{\"@id\":\"https:\/\/panoramaciudadano.com\/#website\"},\"primaryImageOfPage\":{\"@id\":\"https:\/\/panoramaciudadano.com\/index.php\/2025\/04\/03\/consigue-fge-vinculacion-a-proceso-por-delito-de-acoso-sexual-en-contra-de-un-masculino-en-othon-p-blanco\/#primaryimage\"},\"image\":{\"@id\":\"https:\/\/panoramaciudadano.com\/index.php\/2025\/04\/03\/consigue-fge-vinculacion-a-proceso-por-delito-de-acoso-sexual-en-contra-de-un-masculino-en-othon-p-blanco\/#primaryimage\"},\"thumbnailUrl\":\"https:\/\/panoramaciudadano.com\/wp-content\/uploads\/2025\/04\/WhatsApp-Image-2025-04-03-at-08.13.39.jpeg\",\"datePublished\":\"2025-04-03T14:56:16+00:00\",\"dateModified\":\"2025-04-03T14:56:17+00:00\",\"breadcrumb\":{\"@id\":\"https:\/\/panoramaciudadano.com\/index.php\/2025\/04\/03\/consigue-fge-vinculacion-a-proceso-por-delito-de-acoso-sexual-en-contra-de-un-masculino-en-othon-p-blanco\/#breadcrumb\"},\"inLanguage\":\"es\",\"potentialAction\":[{\"@type\":\"ReadAction\",\"target\":[\"https:\/\/panoramaciudadano.com\/index.php\/2025\/04\/03\/consigue-fge-vinculacion-a-proceso-por-delito-de-acoso-sexual-en-contra-de-un-masculino-en-othon-p-blanco\/\"]}]},{\"@type\":\"ImageObject\",\"inLanguage\":\"es\",\"@id\":\"https:\/\/panoramaciudadano.com\/index.php\/2025\/04\/03\/consigue-fge-vinculacion-a-proceso-por-delito-de-acoso-sexual-en-contra-de-un-masculino-en-othon-p-blanco\/#primaryimage\",\"url\":\"https:\/\/panoramaciudadano.com\/wp-content\/uploads\/2025\/04\/WhatsApp-Image-2025-04-03-at-08.13.39.jpeg\",\"contentUrl\":\"https:\/\/panoramaciudadano.com\/wp-content\/uploads\/2025\/04\/WhatsApp-Image-2025-04-03-at-08.13.39.jpeg\",\"width\":791,\"height\":1024},{\"@type\":\"BreadcrumbList\",\"@id\":\"https:\/\/panoramaciudadano.com\/index.php\/2025\/04\/03\/consigue-fge-vinculacion-a-proceso-por-delito-de-acoso-sexual-en-contra-de-un-masculino-en-othon-p-blanco\/#breadcrumb\",\"itemListElement\":[{\"@type\":\"ListItem\",\"position\":1,\"name\":\"Portada\",\"item\":\"https:\/\/panoramaciudadano.com\/\"},{\"@type\":\"ListItem\",\"position\":2,\"name\":\"Consigue FGE vinculaci\u00f3n a proceso por delito de acoso sexual en contra de un masculino en Oth\u00f3n P. Blanco\"}]},{\"@type\":\"WebSite\",\"@id\":\"https:\/\/panoramaciudadano.com\/#website\",\"url\":\"https:\/\/panoramaciudadano.com\/\",\"name\":\"Panorama Ciudadano\",\"description\":\"\",\"publisher\":{\"@id\":\"https:\/\/panoramaciudadano.com\/#organization\"},\"potentialAction\":[{\"@type\":\"SearchAction\",\"target\":{\"@type\":\"EntryPoint\",\"urlTemplate\":\"https:\/\/panoramaciudadano.com\/?s={search_term_string}\"},\"query-input\":{\"@type\":\"PropertyValueSpecification\",\"valueRequired\":true,\"valueName\":\"search_term_string\"}}],\"inLanguage\":\"es\"},{\"@type\":\"Organization\",\"@id\":\"https:\/\/panoramaciudadano.com\/#organization\",\"name\":\"Panorama Ciudadano\",\"url\":\"https:\/\/panoramaciudadano.com\/\",\"logo\":{\"@type\":\"ImageObject\",\"inLanguage\":\"es\",\"@id\":\"https:\/\/panoramaciudadano.com\/#\/schema\/logo\/image\/\",\"url\":\"https:\/\/panoramaciudadano.com\/wp-content\/uploads\/2024\/05\/401498640_919267042938564_6290593609399108733_n.jpg\",\"contentUrl\":\"https:\/\/panoramaciudadano.com\/wp-content\/uploads\/2024\/05\/401498640_919267042938564_6290593609399108733_n.jpg\",\"width\":960,\"height\":957,\"caption\":\"Panorama Ciudadano\"},\"image\":{\"@id\":\"https:\/\/panoramaciudadano.com\/#\/schema\/logo\/image\/\"},\"sameAs\":[\"https:\/\/www.facebook.com\/panoramaciudadano\"]},{\"@type\":\"Person\",\"@id\":\"https:\/\/panoramaciudadano.com\/#\/schema\/person\/ffe9fe8ef47d3a93977b5761fd9e0d96\",\"name\":\"admin\",\"image\":{\"@type\":\"ImageObject\",\"inLanguage\":\"es\",\"@id\":\"https:\/\/panoramaciudadano.com\/#\/schema\/person\/image\/\",\"url\":\"https:\/\/secure.gravatar.com\/avatar\/2d5a12cacce3f18096f25fadea8abb7202fef18ed669595589853e84260ff451?s=96&d=mm&r=g\",\"contentUrl\":\"https:\/\/secure.gravatar.com\/avatar\/2d5a12cacce3f18096f25fadea8abb7202fef18ed669595589853e84260ff451?s=96&d=mm&r=g\",\"caption\":\"admin\"},\"sameAs\":[\"https:\/\/panoramaciudadano.com\"],\"url\":\"https:\/\/panoramaciudadano.com\/index.php\/author\/admin_3q6hyqq3\/\"}]}<\/script>\n<!-- \/ Yoast SEO plugin. -->","yoast_head_json":{"title":"Consigue FGE vinculaci\u00f3n a proceso por delito de acoso sexual en contra de un masculino en Oth\u00f3n P. Blanco - Panorama Ciudadano","robots":{"index":"index","follow":"follow","max-snippet":"max-snippet:-1","max-image-preview":"max-image-preview:large","max-video-preview":"max-video-preview:-1"},"canonical":"https:\/\/panoramaciudadano.com\/index.php\/2025\/04\/03\/consigue-fge-vinculacion-a-proceso-por-delito-de-acoso-sexual-en-contra-de-un-masculino-en-othon-p-blanco\/","og_locale":"es_ES","og_type":"article","og_title":"Consigue FGE vinculaci\u00f3n a proceso por delito de acoso sexual en contra de un masculino en Oth\u00f3n P. Blanco - Panorama Ciudadano","og_description":"Al imputado Conrrado \u201cN\u201d se le relaciona en hechos ocurridos el 8 de marzo en la capital del estado.","og_url":"https:\/\/panoramaciudadano.com\/index.php\/2025\/04\/03\/consigue-fge-vinculacion-a-proceso-por-delito-de-acoso-sexual-en-contra-de-un-masculino-en-othon-p-blanco\/","og_site_name":"Panorama Ciudadano","article_publisher":"https:\/\/www.facebook.com\/panoramaciudadano","article_published_time":"2025-04-03T14:56:16+00:00","article_modified_time":"2025-04-03T14:56:17+00:00","og_image":[{"width":791,"height":1024,"url":"https:\/\/panoramaciudadano.com\/wp-content\/uploads\/2025\/04\/WhatsApp-Image-2025-04-03-at-08.13.39.jpeg","type":"image\/jpeg"}],"author":"admin","twitter_card":"summary_large_image","twitter_misc":{"Escrito por":"admin","Tiempo de lectura":"2 minutos"},"schema":{"@context":"https:\/\/schema.org","@graph":[{"@type":"Article","@id":"https:\/\/panoramaciudadano.com\/index.php\/2025\/04\/03\/consigue-fge-vinculacion-a-proceso-por-delito-de-acoso-sexual-en-contra-de-un-masculino-en-othon-p-blanco\/#article","isPartOf":{"@id":"https:\/\/panoramaciudadano.com\/index.php\/2025\/04\/03\/consigue-fge-vinculacion-a-proceso-por-delito-de-acoso-sexual-en-contra-de-un-masculino-en-othon-p-blanco\/"},"author":{"name":"admin","@id":"https:\/\/panoramaciudadano.com\/#\/schema\/person\/ffe9fe8ef47d3a93977b5761fd9e0d96"},"headline":"Consigue FGE vinculaci\u00f3n a proceso por delito de acoso sexual en contra de un masculino en Oth\u00f3n P. Blanco","datePublished":"2025-04-03T14:56:16+00:00","dateModified":"2025-04-03T14:56:17+00:00","mainEntityOfPage":{"@id":"https:\/\/panoramaciudadano.com\/index.php\/2025\/04\/03\/consigue-fge-vinculacion-a-proceso-por-delito-de-acoso-sexual-en-contra-de-un-masculino-en-othon-p-blanco\/"},"wordCount":289,"commentCount":0,"publisher":{"@id":"https:\/\/panoramaciudadano.com\/#organization"},"image":{"@id":"https:\/\/panoramaciudadano.com\/index.php\/2025\/04\/03\/consigue-fge-vinculacion-a-proceso-por-delito-de-acoso-sexual-en-contra-de-un-masculino-en-othon-p-blanco\/#primaryimage"},"thumbnailUrl":"https:\/\/panoramaciudadano.com\/wp-content\/uploads\/2025\/04\/WhatsApp-Image-2025-04-03-at-08.13.39.jpeg","keywords":["Fiscal\u00eda Especializada en Delitos Sexuales"],"articleSection":["Chetumal"],"inLanguage":"es","potentialAction":[{"@type":"CommentAction","name":"Comment","target":["https:\/\/panoramaciudadano.com\/index.php\/2025\/04\/03\/consigue-fge-vinculacion-a-proceso-por-delito-de-acoso-sexual-en-contra-de-un-masculino-en-othon-p-blanco\/#respond"]}]},{"@type":"WebPage","@id":"https:\/\/panoramaciudadano.com\/index.php\/2025\/04\/03\/consigue-fge-vinculacion-a-proceso-por-delito-de-acoso-sexual-en-contra-de-un-masculino-en-othon-p-blanco\/","url":"https:\/\/panoramaciudadano.com\/index.php\/2025\/04\/03\/consigue-fge-vinculacion-a-proceso-por-delito-de-acoso-sexual-en-contra-de-un-masculino-en-othon-p-blanco\/","name":"Consigue FGE vinculaci\u00f3n a proceso por delito de acoso sexual en contra de un masculino en Oth\u00f3n P. Blanco - Panorama Ciudadano","isPartOf":{"@id":"https:\/\/panoramaciudadano.com\/#website"},"primaryImageOfPage":{"@id":"https:\/\/panoramaciudadano.com\/index.php\/2025\/04\/03\/consigue-fge-vinculacion-a-proceso-por-delito-de-acoso-sexual-en-contra-de-un-masculino-en-othon-p-blanco\/#primaryimage"},"image":{"@id":"https:\/\/panoramaciudadano.com\/index.php\/2025\/04\/03\/consigue-fge-vinculacion-a-proceso-por-delito-de-acoso-sexual-en-contra-de-un-masculino-en-othon-p-blanco\/#primaryimage"},"thumbnailUrl":"https:\/\/panoramaciudadano.com\/wp-content\/uploads\/2025\/04\/WhatsApp-Image-2025-04-03-at-08.13.39.jpeg","datePublished":"2025-04-03T14:56:16+00:00","dateModified":"2025-04-03T14:56:17+00:00","breadcrumb":{"@id":"https:\/\/panoramaciudadano.com\/index.php\/2025\/04\/03\/consigue-fge-vinculacion-a-proceso-por-delito-de-acoso-sexual-en-contra-de-un-masculino-en-othon-p-blanco\/#breadcrumb"},"inLanguage":"es","potentialAction":[{"@type":"ReadAction","target":["https:\/\/panoramaciudadano.com\/index.php\/2025\/04\/03\/consigue-fge-vinculacion-a-proceso-por-delito-de-acoso-sexual-en-contra-de-un-masculino-en-othon-p-blanco\/"]}]},{"@type":"ImageObject","inLanguage":"es","@id":"https:\/\/panoramaciudadano.com\/index.php\/2025\/04\/03\/consigue-fge-vinculacion-a-proceso-por-delito-de-acoso-sexual-en-contra-de-un-masculino-en-othon-p-blanco\/#primaryimage","url":"https:\/\/panoramaciudadano.com\/wp-content\/uploads\/2025\/04\/WhatsApp-Image-2025-04-03-at-08.13.39.jpeg","contentUrl":"https:\/\/panoramaciudadano.com\/wp-content\/uploads\/2025\/04\/WhatsApp-Image-2025-04-03-at-08.13.39.jpeg","width":791,"height":1024},{"@type":"BreadcrumbList","@id":"https:\/\/panoramaciudadano.com\/index.php\/2025\/04\/03\/consigue-fge-vinculacion-a-proceso-por-delito-de-acoso-sexual-en-contra-de-un-masculino-en-othon-p-blanco\/#breadcrumb","itemListElement":[{"@type":"ListItem","position":1,"name":"Portada","item":"https:\/\/panoramaciudadano.com\/"},{"@type":"ListItem","position":2,"name":"Consigue FGE vinculaci\u00f3n a proceso por delito de acoso sexual en contra de un masculino en Oth\u00f3n P. Blanco"}]},{"@type":"WebSite","@id":"https:\/\/panoramaciudadano.com\/#website","url":"https:\/\/panoramaciudadano.com\/","name":"Panorama Ciudadano","description":"","publisher":{"@id":"https:\/\/panoramaciudadano.com\/#organization"},"potentialAction":[{"@type":"SearchAction","target":{"@type":"EntryPoint","urlTemplate":"https:\/\/panoramaciudadano.com\/?s={search_term_string}"},"query-input":{"@type":"PropertyValueSpecification","valueRequired":true,"valueName":"search_term_string"}}],"inLanguage":"es"},{"@type":"Organization","@id":"https:\/\/panoramaciudadano.com\/#organization","name":"Panorama Ciudadano","url":"https:\/\/panoramaciudadano.com\/","logo":{"@type":"ImageObject","inLanguage":"es","@id":"https:\/\/panoramaciudadano.com\/#\/schema\/logo\/image\/","url":"https:\/\/panoramaciudadano.com\/wp-content\/uploads\/2024\/05\/401498640_919267042938564_6290593609399108733_n.jpg","contentUrl":"https:\/\/panoramaciudadano.com\/wp-content\/uploads\/2024\/05\/401498640_919267042938564_6290593609399108733_n.jpg","width":960,"height":957,"caption":"Panorama Ciudadano"},"image":{"@id":"https:\/\/panoramaciudadano.com\/#\/schema\/logo\/image\/"},"sameAs":["https:\/\/www.facebook.com\/panoramaciudadano"]},{"@type":"Person","@id":"https:\/\/panoramaciudadano.com\/#\/schema\/person\/ffe9fe8ef47d3a93977b5761fd9e0d96","name":"admin","image":{"@type":"ImageObject","inLanguage":"es","@id":"https:\/\/panoramaciudadano.com\/#\/schema\/person\/image\/","url":"https:\/\/secure.gravatar.com\/avatar\/2d5a12cacce3f18096f25fadea8abb7202fef18ed669595589853e84260ff451?s=96&d=mm&r=g","contentUrl":"https:\/\/secure.gravatar.com\/avatar\/2d5a12cacce3f18096f25fadea8abb7202fef18ed669595589853e84260ff451?s=96&d=mm&r=g","caption":"admin"},"sameAs":["https:\/\/panoramaciudadano.com"],"url":"https:\/\/panoramaciudadano.com\/index.php\/author\/admin_3q6hyqq3\/"}]}},"_links":{"self":[{"href":"https:\/\/panoramaciudadano.com\/index.php\/wp-json\/wp\/v2\/posts\/12108","targetHints":{"allow":["GET"]}}],"collection":[{"href":"https:\/\/panoramaciudadano.com\/index.php\/wp-json\/wp\/v2\/posts"}],"about":[{"href":"https:\/\/panoramaciudadano.com\/index.php\/wp-json\/wp\/v2\/types\/post"}],"author":[{"embeddable":true,"href":"https:\/\/panoramaciudadano.com\/index.php\/wp-json\/wp\/v2\/users\/1"}],"replies":[{"embeddable":true,"href":"https:\/\/panoramaciudadano.com\/index.php\/wp-json\/wp\/v2\/comments?post=12108"}],"version-history":[{"count":1,"href":"https:\/\/panoramaciudadano.com\/index.php\/wp-json\/wp\/v2\/posts\/12108\/revisions"}],"predecessor-version":[{"id":12110,"href":"https:\/\/panoramaciudadano.com\/index.php\/wp-json\/wp\/v2\/posts\/12108\/revisions\/12110"}],"wp:featuredmedia":[{"embeddable":true,"href":"https:\/\/panoramaciudadano.com\/index.php\/wp-json\/wp\/v2\/media\/12109"}],"wp:attachment":[{"href":"https:\/\/panoramaciudadano.com\/index.php\/wp-json\/wp\/v2\/media?parent=12108"}],"wp:term":[{"taxonomy":"category","embeddable":true,"href":"https:\/\/panoramaciudadano.com\/index.php\/wp-json\/wp\/v2\/categories?post=12108"},{"taxonomy":"post_tag","embeddable":true,"href":"https:\/\/panoramaciudadano.com\/index.php\/wp-json\/wp\/v2\/tags?post=12108"}],"curies":[{"name":"wp","href":"https:\/\/api.w.org\/{rel}","templated":true}]}}