{"id":12228,"date":"2025-04-06T20:05:00","date_gmt":"2025-04-07T01:05:00","guid":{"rendered":"https:\/\/panoramaciudadano.com\/?p=12228"},"modified":"2025-04-07T08:12:57","modified_gmt":"2025-04-07T13:12:57","slug":"indigente-es-hallado-sin-vida-en-camellon-de-villas-del-mar-presentaba-lesiones-previas-y-habria-muerto-por-causas-naturales","status":"publish","type":"post","link":"https:\/\/panoramaciudadano.com\/index.php\/2025\/04\/06\/indigente-es-hallado-sin-vida-en-camellon-de-villas-del-mar-presentaba-lesiones-previas-y-habria-muerto-por-causas-naturales\/","title":{"rendered":"Indigente es hallado sin vida en camell\u00f3n de Villas del Mar; presentaba lesiones previas y habr\u00eda muerto por causas naturales"},"content":{"rendered":"\n<figure class=\"wp-block-gallery has-nested-images columns-default is-cropped wp-block-gallery-1 is-layout-flex wp-block-gallery-is-layout-flex\">\n<figure class=\"wp-block-image size-large\"><img decoding=\"async\" width=\"1024\" height=\"768\" data-id=\"12232\" src=\"https:\/\/panoramaciudadano.com\/wp-content\/uploads\/2025\/04\/2-24-1024x768.jpeg\" alt=\"\" class=\"wp-image-12232\" srcset=\"https:\/\/panoramaciudadano.com\/wp-content\/uploads\/2025\/04\/2-24-1024x768.jpeg 1024w, https:\/\/panoramaciudadano.com\/wp-content\/uploads\/2025\/04\/2-24-300x225.jpeg 300w, https:\/\/panoramaciudadano.com\/wp-content\/uploads\/2025\/04\/2-24-768x576.jpeg 768w, https:\/\/panoramaciudadano.com\/wp-content\/uploads\/2025\/04\/2-24-1536x1152.jpeg 1536w, https:\/\/panoramaciudadano.com\/wp-content\/uploads\/2025\/04\/2-24.jpeg 1600w\" sizes=\"(max-width: 1024px) 100vw, 1024px\" \/><\/figure>\n\n\n\n<figure class=\"wp-block-image size-large\"><img decoding=\"async\" width=\"1024\" height=\"768\" data-id=\"12231\" src=\"https:\/\/panoramaciudadano.com\/wp-content\/uploads\/2025\/04\/3-20-1024x768.jpeg\" alt=\"\" class=\"wp-image-12231\" srcset=\"https:\/\/panoramaciudadano.com\/wp-content\/uploads\/2025\/04\/3-20-1024x768.jpeg 1024w, https:\/\/panoramaciudadano.com\/wp-content\/uploads\/2025\/04\/3-20-300x225.jpeg 300w, https:\/\/panoramaciudadano.com\/wp-content\/uploads\/2025\/04\/3-20-768x576.jpeg 768w, https:\/\/panoramaciudadano.com\/wp-content\/uploads\/2025\/04\/3-20-1536x1152.jpeg 1536w, https:\/\/panoramaciudadano.com\/wp-content\/uploads\/2025\/04\/3-20.jpeg 1600w\" sizes=\"(max-width: 1024px) 100vw, 1024px\" \/><\/figure>\n\n\n\n<figure class=\"wp-block-image size-large\"><img decoding=\"async\" width=\"1024\" height=\"768\" data-id=\"12230\" src=\"https:\/\/panoramaciudadano.com\/wp-content\/uploads\/2025\/04\/4-18-1024x768.jpeg\" alt=\"\" class=\"wp-image-12230\" srcset=\"https:\/\/panoramaciudadano.com\/wp-content\/uploads\/2025\/04\/4-18-1024x768.jpeg 1024w, https:\/\/panoramaciudadano.com\/wp-content\/uploads\/2025\/04\/4-18-300x225.jpeg 300w, https:\/\/panoramaciudadano.com\/wp-content\/uploads\/2025\/04\/4-18-768x576.jpeg 768w, https:\/\/panoramaciudadano.com\/wp-content\/uploads\/2025\/04\/4-18-1536x1152.jpeg 1536w, https:\/\/panoramaciudadano.com\/wp-content\/uploads\/2025\/04\/4-18.jpeg 1600w\" sizes=\"(max-width: 1024px) 100vw, 1024px\" \/><\/figure>\n\n\n\n<figure class=\"wp-block-image size-large\"><img decoding=\"async\" width=\"1024\" height=\"768\" data-id=\"12229\" src=\"https:\/\/panoramaciudadano.com\/wp-content\/uploads\/2025\/04\/WhatsApp-Image-2025-04-06-at-21.54.54-1024x768.jpeg\" alt=\"\" class=\"wp-image-12229\" srcset=\"https:\/\/panoramaciudadano.com\/wp-content\/uploads\/2025\/04\/WhatsApp-Image-2025-04-06-at-21.54.54-1024x768.jpeg 1024w, https:\/\/panoramaciudadano.com\/wp-content\/uploads\/2025\/04\/WhatsApp-Image-2025-04-06-at-21.54.54-300x225.jpeg 300w, https:\/\/panoramaciudadano.com\/wp-content\/uploads\/2025\/04\/WhatsApp-Image-2025-04-06-at-21.54.54-768x576.jpeg 768w, https:\/\/panoramaciudadano.com\/wp-content\/uploads\/2025\/04\/WhatsApp-Image-2025-04-06-at-21.54.54-1536x1152.jpeg 1536w, https:\/\/panoramaciudadano.com\/wp-content\/uploads\/2025\/04\/WhatsApp-Image-2025-04-06-at-21.54.54.jpeg 1600w\" sizes=\"(max-width: 1024px) 100vw, 1024px\" \/><\/figure>\n<\/figure>\n\n\n\n<p>Un individuo fue encontrado sin vida en el camell\u00f3n central de la avenida Girasoles, de la Regi\u00f3n 248, se presume que el deceso fue por causas naturales.&nbsp;<\/p>\n\n\n\n<p>Los hechos fueron la ma\u00f1ana de este domingo cuando vecinos de la zona reportaron al 911 a un hombre tirado en el camell\u00f3n central en la segunda etapa del fraccionamiento Villas del Mar.<\/p>\n\n\n\n<p>Los testigos se\u00f1alaron a las autoridades policiacas que el indigente llevaba varias horas en el lugar sin saber que ya hab\u00eda perecido, Param\u00e9dicos de una ambulancia privada confirmaron que ya no ten\u00eda signos vitales.<\/p>\n\n\n\n<p>Seg\u00fan el ahora occiso ten\u00eda dos lesiones de arma blanca en la mano y rodilla, adem\u00e1s que el d\u00eda de ayer ya lo hab\u00edan valorado pues se estaba convulsionado, pero quien pensar\u00eda que horas m\u00e1s tarde fallecer\u00eda, y que periciales ser\u00eda el que lo llevar\u00eda hasta el Semefo donde esperar\u00e1 a ver si alg\u00fan familiar lo reclama para darle cristiana sepultura.<\/p>\n","protected":false},"excerpt":{"rendered":"<p>Un individuo fue encontrado sin vida en el camell\u00f3n central de la avenida Girasoles, de la Regi\u00f3n 248, se presume que el deceso fue por causas naturales.\u00a0<\/p>\n","protected":false},"author":1,"featured_media":12231,"comment_status":"open","ping_status":"closed","sticky":false,"template":"","format":"standard","meta":{"footnotes":""},"categories":[6],"tags":[1152],"class_list":["post-12228","post","type-post","status-publish","format-standard","has-post-thumbnail","hentry","category-cancun","tag-region-248"],"yoast_head":"<!-- This site is optimized with the Yoast SEO plugin v27.1.1 - https:\/\/yoast.com\/product\/yoast-seo-wordpress\/ -->\n<title>Indigente es hallado sin vida en camell\u00f3n de Villas del Mar; presentaba lesiones previas y habr\u00eda muerto por causas naturales - Panorama Ciudadano<\/title>\n<meta name=\"robots\" content=\"index, follow, max-snippet:-1, max-image-preview:large, max-video-preview:-1\" \/>\n<link rel=\"canonical\" href=\"https:\/\/panoramaciudadano.com\/index.php\/2025\/04\/06\/indigente-es-hallado-sin-vida-en-camellon-de-villas-del-mar-presentaba-lesiones-previas-y-habria-muerto-por-causas-naturales\/\" \/>\n<meta property=\"og:locale\" content=\"es_ES\" \/>\n<meta property=\"og:type\" content=\"article\" \/>\n<meta property=\"og:title\" content=\"Indigente es hallado sin vida en camell\u00f3n de Villas del Mar; presentaba lesiones previas y habr\u00eda muerto por causas naturales - Panorama Ciudadano\" \/>\n<meta property=\"og:description\" content=\"Un individuo fue encontrado sin vida en el camell\u00f3n central de la avenida Girasoles, de la Regi\u00f3n 248, se presume que el deceso fue por causas naturales.\u00a0\" \/>\n<meta property=\"og:url\" content=\"https:\/\/panoramaciudadano.com\/index.php\/2025\/04\/06\/indigente-es-hallado-sin-vida-en-camellon-de-villas-del-mar-presentaba-lesiones-previas-y-habria-muerto-por-causas-naturales\/\" \/>\n<meta property=\"og:site_name\" content=\"Panorama Ciudadano\" \/>\n<meta property=\"article:publisher\" content=\"https:\/\/www.facebook.com\/panoramaciudadano\" \/>\n<meta property=\"article:published_time\" content=\"2025-04-07T01:05:00+00:00\" \/>\n<meta property=\"article:modified_time\" content=\"2025-04-07T13:12:57+00:00\" \/>\n<meta property=\"og:image\" content=\"https:\/\/panoramaciudadano.com\/wp-content\/uploads\/2025\/04\/3-20.jpeg\" \/>\n\t<meta property=\"og:image:width\" content=\"1600\" \/>\n\t<meta property=\"og:image:height\" content=\"1200\" \/>\n\t<meta property=\"og:image:type\" content=\"image\/jpeg\" \/>\n<meta name=\"author\" content=\"admin\" \/>\n<meta name=\"twitter:card\" content=\"summary_large_image\" \/>\n<meta name=\"twitter:label1\" content=\"Escrito por\" \/>\n\t<meta name=\"twitter:data1\" content=\"admin\" \/>\n\t<meta name=\"twitter:label2\" content=\"Tiempo de lectura\" \/>\n\t<meta name=\"twitter:data2\" content=\"2 minutos\" \/>\n<script type=\"application\/ld+json\" class=\"yoast-schema-graph\">{\"@context\":\"https:\/\/schema.org\",\"@graph\":[{\"@type\":\"Article\",\"@id\":\"https:\/\/panoramaciudadano.com\/index.php\/2025\/04\/06\/indigente-es-hallado-sin-vida-en-camellon-de-villas-del-mar-presentaba-lesiones-previas-y-habria-muerto-por-causas-naturales\/#article\",\"isPartOf\":{\"@id\":\"https:\/\/panoramaciudadano.com\/index.php\/2025\/04\/06\/indigente-es-hallado-sin-vida-en-camellon-de-villas-del-mar-presentaba-lesiones-previas-y-habria-muerto-por-causas-naturales\/\"},\"author\":{\"name\":\"admin\",\"@id\":\"https:\/\/panoramaciudadano.com\/#\/schema\/person\/ffe9fe8ef47d3a93977b5761fd9e0d96\"},\"headline\":\"Indigente es hallado sin vida en camell\u00f3n de Villas del Mar; presentaba lesiones previas y habr\u00eda muerto por causas naturales\",\"datePublished\":\"2025-04-07T01:05:00+00:00\",\"dateModified\":\"2025-04-07T13:12:57+00:00\",\"mainEntityOfPage\":{\"@id\":\"https:\/\/panoramaciudadano.com\/index.php\/2025\/04\/06\/indigente-es-hallado-sin-vida-en-camellon-de-villas-del-mar-presentaba-lesiones-previas-y-habria-muerto-por-causas-naturales\/\"},\"wordCount\":195,\"commentCount\":0,\"publisher\":{\"@id\":\"https:\/\/panoramaciudadano.com\/#organization\"},\"image\":{\"@id\":\"https:\/\/panoramaciudadano.com\/index.php\/2025\/04\/06\/indigente-es-hallado-sin-vida-en-camellon-de-villas-del-mar-presentaba-lesiones-previas-y-habria-muerto-por-causas-naturales\/#primaryimage\"},\"thumbnailUrl\":\"https:\/\/panoramaciudadano.com\/wp-content\/uploads\/2025\/04\/3-20.jpeg\",\"keywords\":[\"Regi\u00f3n 248\"],\"articleSection\":[\"Canc\u00fan\"],\"inLanguage\":\"es\",\"potentialAction\":[{\"@type\":\"CommentAction\",\"name\":\"Comment\",\"target\":[\"https:\/\/panoramaciudadano.com\/index.php\/2025\/04\/06\/indigente-es-hallado-sin-vida-en-camellon-de-villas-del-mar-presentaba-lesiones-previas-y-habria-muerto-por-causas-naturales\/#respond\"]}]},{\"@type\":\"WebPage\",\"@id\":\"https:\/\/panoramaciudadano.com\/index.php\/2025\/04\/06\/indigente-es-hallado-sin-vida-en-camellon-de-villas-del-mar-presentaba-lesiones-previas-y-habria-muerto-por-causas-naturales\/\",\"url\":\"https:\/\/panoramaciudadano.com\/index.php\/2025\/04\/06\/indigente-es-hallado-sin-vida-en-camellon-de-villas-del-mar-presentaba-lesiones-previas-y-habria-muerto-por-causas-naturales\/\",\"name\":\"Indigente es hallado sin vida en camell\u00f3n de Villas del Mar; presentaba lesiones previas y habr\u00eda muerto por causas naturales - Panorama Ciudadano\",\"isPartOf\":{\"@id\":\"https:\/\/panoramaciudadano.com\/#website\"},\"primaryImageOfPage\":{\"@id\":\"https:\/\/panoramaciudadano.com\/index.php\/2025\/04\/06\/indigente-es-hallado-sin-vida-en-camellon-de-villas-del-mar-presentaba-lesiones-previas-y-habria-muerto-por-causas-naturales\/#primaryimage\"},\"image\":{\"@id\":\"https:\/\/panoramaciudadano.com\/index.php\/2025\/04\/06\/indigente-es-hallado-sin-vida-en-camellon-de-villas-del-mar-presentaba-lesiones-previas-y-habria-muerto-por-causas-naturales\/#primaryimage\"},\"thumbnailUrl\":\"https:\/\/panoramaciudadano.com\/wp-content\/uploads\/2025\/04\/3-20.jpeg\",\"datePublished\":\"2025-04-07T01:05:00+00:00\",\"dateModified\":\"2025-04-07T13:12:57+00:00\",\"breadcrumb\":{\"@id\":\"https:\/\/panoramaciudadano.com\/index.php\/2025\/04\/06\/indigente-es-hallado-sin-vida-en-camellon-de-villas-del-mar-presentaba-lesiones-previas-y-habria-muerto-por-causas-naturales\/#breadcrumb\"},\"inLanguage\":\"es\",\"potentialAction\":[{\"@type\":\"ReadAction\",\"target\":[\"https:\/\/panoramaciudadano.com\/index.php\/2025\/04\/06\/indigente-es-hallado-sin-vida-en-camellon-de-villas-del-mar-presentaba-lesiones-previas-y-habria-muerto-por-causas-naturales\/\"]}]},{\"@type\":\"ImageObject\",\"inLanguage\":\"es\",\"@id\":\"https:\/\/panoramaciudadano.com\/index.php\/2025\/04\/06\/indigente-es-hallado-sin-vida-en-camellon-de-villas-del-mar-presentaba-lesiones-previas-y-habria-muerto-por-causas-naturales\/#primaryimage\",\"url\":\"https:\/\/panoramaciudadano.com\/wp-content\/uploads\/2025\/04\/3-20.jpeg\",\"contentUrl\":\"https:\/\/panoramaciudadano.com\/wp-content\/uploads\/2025\/04\/3-20.jpeg\",\"width\":1600,\"height\":1200},{\"@type\":\"BreadcrumbList\",\"@id\":\"https:\/\/panoramaciudadano.com\/index.php\/2025\/04\/06\/indigente-es-hallado-sin-vida-en-camellon-de-villas-del-mar-presentaba-lesiones-previas-y-habria-muerto-por-causas-naturales\/#breadcrumb\",\"itemListElement\":[{\"@type\":\"ListItem\",\"position\":1,\"name\":\"Portada\",\"item\":\"https:\/\/panoramaciudadano.com\/\"},{\"@type\":\"ListItem\",\"position\":2,\"name\":\"Indigente es hallado sin vida en camell\u00f3n de Villas del Mar; presentaba lesiones previas y habr\u00eda muerto por causas naturales\"}]},{\"@type\":\"WebSite\",\"@id\":\"https:\/\/panoramaciudadano.com\/#website\",\"url\":\"https:\/\/panoramaciudadano.com\/\",\"name\":\"Panorama Ciudadano\",\"description\":\"\",\"publisher\":{\"@id\":\"https:\/\/panoramaciudadano.com\/#organization\"},\"potentialAction\":[{\"@type\":\"SearchAction\",\"target\":{\"@type\":\"EntryPoint\",\"urlTemplate\":\"https:\/\/panoramaciudadano.com\/?s={search_term_string}\"},\"query-input\":{\"@type\":\"PropertyValueSpecification\",\"valueRequired\":true,\"valueName\":\"search_term_string\"}}],\"inLanguage\":\"es\"},{\"@type\":\"Organization\",\"@id\":\"https:\/\/panoramaciudadano.com\/#organization\",\"name\":\"Panorama Ciudadano\",\"url\":\"https:\/\/panoramaciudadano.com\/\",\"logo\":{\"@type\":\"ImageObject\",\"inLanguage\":\"es\",\"@id\":\"https:\/\/panoramaciudadano.com\/#\/schema\/logo\/image\/\",\"url\":\"https:\/\/panoramaciudadano.com\/wp-content\/uploads\/2024\/05\/401498640_919267042938564_6290593609399108733_n.jpg\",\"contentUrl\":\"https:\/\/panoramaciudadano.com\/wp-content\/uploads\/2024\/05\/401498640_919267042938564_6290593609399108733_n.jpg\",\"width\":960,\"height\":957,\"caption\":\"Panorama Ciudadano\"},\"image\":{\"@id\":\"https:\/\/panoramaciudadano.com\/#\/schema\/logo\/image\/\"},\"sameAs\":[\"https:\/\/www.facebook.com\/panoramaciudadano\"]},{\"@type\":\"Person\",\"@id\":\"https:\/\/panoramaciudadano.com\/#\/schema\/person\/ffe9fe8ef47d3a93977b5761fd9e0d96\",\"name\":\"admin\",\"image\":{\"@type\":\"ImageObject\",\"inLanguage\":\"es\",\"@id\":\"https:\/\/panoramaciudadano.com\/#\/schema\/person\/image\/\",\"url\":\"https:\/\/secure.gravatar.com\/avatar\/2d5a12cacce3f18096f25fadea8abb7202fef18ed669595589853e84260ff451?s=96&d=mm&r=g\",\"contentUrl\":\"https:\/\/secure.gravatar.com\/avatar\/2d5a12cacce3f18096f25fadea8abb7202fef18ed669595589853e84260ff451?s=96&d=mm&r=g\",\"caption\":\"admin\"},\"sameAs\":[\"https:\/\/panoramaciudadano.com\"],\"url\":\"https:\/\/panoramaciudadano.com\/index.php\/author\/admin_3q6hyqq3\/\"}]}<\/script>\n<!-- \/ Yoast SEO plugin. -->","yoast_head_json":{"title":"Indigente es hallado sin vida en camell\u00f3n de Villas del Mar; presentaba lesiones previas y habr\u00eda muerto por causas naturales - Panorama Ciudadano","robots":{"index":"index","follow":"follow","max-snippet":"max-snippet:-1","max-image-preview":"max-image-preview:large","max-video-preview":"max-video-preview:-1"},"canonical":"https:\/\/panoramaciudadano.com\/index.php\/2025\/04\/06\/indigente-es-hallado-sin-vida-en-camellon-de-villas-del-mar-presentaba-lesiones-previas-y-habria-muerto-por-causas-naturales\/","og_locale":"es_ES","og_type":"article","og_title":"Indigente es hallado sin vida en camell\u00f3n de Villas del Mar; presentaba lesiones previas y habr\u00eda muerto por causas naturales - Panorama Ciudadano","og_description":"Un individuo fue encontrado sin vida en el camell\u00f3n central de la avenida Girasoles, de la Regi\u00f3n 248, se presume que el deceso fue por causas naturales.\u00a0","og_url":"https:\/\/panoramaciudadano.com\/index.php\/2025\/04\/06\/indigente-es-hallado-sin-vida-en-camellon-de-villas-del-mar-presentaba-lesiones-previas-y-habria-muerto-por-causas-naturales\/","og_site_name":"Panorama Ciudadano","article_publisher":"https:\/\/www.facebook.com\/panoramaciudadano","article_published_time":"2025-04-07T01:05:00+00:00","article_modified_time":"2025-04-07T13:12:57+00:00","og_image":[{"width":1600,"height":1200,"url":"https:\/\/panoramaciudadano.com\/wp-content\/uploads\/2025\/04\/3-20.jpeg","type":"image\/jpeg"}],"author":"admin","twitter_card":"summary_large_image","twitter_misc":{"Escrito por":"admin","Tiempo de lectura":"2 minutos"},"schema":{"@context":"https:\/\/schema.org","@graph":[{"@type":"Article","@id":"https:\/\/panoramaciudadano.com\/index.php\/2025\/04\/06\/indigente-es-hallado-sin-vida-en-camellon-de-villas-del-mar-presentaba-lesiones-previas-y-habria-muerto-por-causas-naturales\/#article","isPartOf":{"@id":"https:\/\/panoramaciudadano.com\/index.php\/2025\/04\/06\/indigente-es-hallado-sin-vida-en-camellon-de-villas-del-mar-presentaba-lesiones-previas-y-habria-muerto-por-causas-naturales\/"},"author":{"name":"admin","@id":"https:\/\/panoramaciudadano.com\/#\/schema\/person\/ffe9fe8ef47d3a93977b5761fd9e0d96"},"headline":"Indigente es hallado sin vida en camell\u00f3n de Villas del Mar; presentaba lesiones previas y habr\u00eda muerto por causas naturales","datePublished":"2025-04-07T01:05:00+00:00","dateModified":"2025-04-07T13:12:57+00:00","mainEntityOfPage":{"@id":"https:\/\/panoramaciudadano.com\/index.php\/2025\/04\/06\/indigente-es-hallado-sin-vida-en-camellon-de-villas-del-mar-presentaba-lesiones-previas-y-habria-muerto-por-causas-naturales\/"},"wordCount":195,"commentCount":0,"publisher":{"@id":"https:\/\/panoramaciudadano.com\/#organization"},"image":{"@id":"https:\/\/panoramaciudadano.com\/index.php\/2025\/04\/06\/indigente-es-hallado-sin-vida-en-camellon-de-villas-del-mar-presentaba-lesiones-previas-y-habria-muerto-por-causas-naturales\/#primaryimage"},"thumbnailUrl":"https:\/\/panoramaciudadano.com\/wp-content\/uploads\/2025\/04\/3-20.jpeg","keywords":["Regi\u00f3n 248"],"articleSection":["Canc\u00fan"],"inLanguage":"es","potentialAction":[{"@type":"CommentAction","name":"Comment","target":["https:\/\/panoramaciudadano.com\/index.php\/2025\/04\/06\/indigente-es-hallado-sin-vida-en-camellon-de-villas-del-mar-presentaba-lesiones-previas-y-habria-muerto-por-causas-naturales\/#respond"]}]},{"@type":"WebPage","@id":"https:\/\/panoramaciudadano.com\/index.php\/2025\/04\/06\/indigente-es-hallado-sin-vida-en-camellon-de-villas-del-mar-presentaba-lesiones-previas-y-habria-muerto-por-causas-naturales\/","url":"https:\/\/panoramaciudadano.com\/index.php\/2025\/04\/06\/indigente-es-hallado-sin-vida-en-camellon-de-villas-del-mar-presentaba-lesiones-previas-y-habria-muerto-por-causas-naturales\/","name":"Indigente es hallado sin vida en camell\u00f3n de Villas del Mar; presentaba lesiones previas y habr\u00eda muerto por causas naturales - Panorama Ciudadano","isPartOf":{"@id":"https:\/\/panoramaciudadano.com\/#website"},"primaryImageOfPage":{"@id":"https:\/\/panoramaciudadano.com\/index.php\/2025\/04\/06\/indigente-es-hallado-sin-vida-en-camellon-de-villas-del-mar-presentaba-lesiones-previas-y-habria-muerto-por-causas-naturales\/#primaryimage"},"image":{"@id":"https:\/\/panoramaciudadano.com\/index.php\/2025\/04\/06\/indigente-es-hallado-sin-vida-en-camellon-de-villas-del-mar-presentaba-lesiones-previas-y-habria-muerto-por-causas-naturales\/#primaryimage"},"thumbnailUrl":"https:\/\/panoramaciudadano.com\/wp-content\/uploads\/2025\/04\/3-20.jpeg","datePublished":"2025-04-07T01:05:00+00:00","dateModified":"2025-04-07T13:12:57+00:00","breadcrumb":{"@id":"https:\/\/panoramaciudadano.com\/index.php\/2025\/04\/06\/indigente-es-hallado-sin-vida-en-camellon-de-villas-del-mar-presentaba-lesiones-previas-y-habria-muerto-por-causas-naturales\/#breadcrumb"},"inLanguage":"es","potentialAction":[{"@type":"ReadAction","target":["https:\/\/panoramaciudadano.com\/index.php\/2025\/04\/06\/indigente-es-hallado-sin-vida-en-camellon-de-villas-del-mar-presentaba-lesiones-previas-y-habria-muerto-por-causas-naturales\/"]}]},{"@type":"ImageObject","inLanguage":"es","@id":"https:\/\/panoramaciudadano.com\/index.php\/2025\/04\/06\/indigente-es-hallado-sin-vida-en-camellon-de-villas-del-mar-presentaba-lesiones-previas-y-habria-muerto-por-causas-naturales\/#primaryimage","url":"https:\/\/panoramaciudadano.com\/wp-content\/uploads\/2025\/04\/3-20.jpeg","contentUrl":"https:\/\/panoramaciudadano.com\/wp-content\/uploads\/2025\/04\/3-20.jpeg","width":1600,"height":1200},{"@type":"BreadcrumbList","@id":"https:\/\/panoramaciudadano.com\/index.php\/2025\/04\/06\/indigente-es-hallado-sin-vida-en-camellon-de-villas-del-mar-presentaba-lesiones-previas-y-habria-muerto-por-causas-naturales\/#breadcrumb","itemListElement":[{"@type":"ListItem","position":1,"name":"Portada","item":"https:\/\/panoramaciudadano.com\/"},{"@type":"ListItem","position":2,"name":"Indigente es hallado sin vida en camell\u00f3n de Villas del Mar; presentaba lesiones previas y habr\u00eda muerto por causas naturales"}]},{"@type":"WebSite","@id":"https:\/\/panoramaciudadano.com\/#website","url":"https:\/\/panoramaciudadano.com\/","name":"Panorama Ciudadano","description":"","publisher":{"@id":"https:\/\/panoramaciudadano.com\/#organization"},"potentialAction":[{"@type":"SearchAction","target":{"@type":"EntryPoint","urlTemplate":"https:\/\/panoramaciudadano.com\/?s={search_term_string}"},"query-input":{"@type":"PropertyValueSpecification","valueRequired":true,"valueName":"search_term_string"}}],"inLanguage":"es"},{"@type":"Organization","@id":"https:\/\/panoramaciudadano.com\/#organization","name":"Panorama Ciudadano","url":"https:\/\/panoramaciudadano.com\/","logo":{"@type":"ImageObject","inLanguage":"es","@id":"https:\/\/panoramaciudadano.com\/#\/schema\/logo\/image\/","url":"https:\/\/panoramaciudadano.com\/wp-content\/uploads\/2024\/05\/401498640_919267042938564_6290593609399108733_n.jpg","contentUrl":"https:\/\/panoramaciudadano.com\/wp-content\/uploads\/2024\/05\/401498640_919267042938564_6290593609399108733_n.jpg","width":960,"height":957,"caption":"Panorama Ciudadano"},"image":{"@id":"https:\/\/panoramaciudadano.com\/#\/schema\/logo\/image\/"},"sameAs":["https:\/\/www.facebook.com\/panoramaciudadano"]},{"@type":"Person","@id":"https:\/\/panoramaciudadano.com\/#\/schema\/person\/ffe9fe8ef47d3a93977b5761fd9e0d96","name":"admin","image":{"@type":"ImageObject","inLanguage":"es","@id":"https:\/\/panoramaciudadano.com\/#\/schema\/person\/image\/","url":"https:\/\/secure.gravatar.com\/avatar\/2d5a12cacce3f18096f25fadea8abb7202fef18ed669595589853e84260ff451?s=96&d=mm&r=g","contentUrl":"https:\/\/secure.gravatar.com\/avatar\/2d5a12cacce3f18096f25fadea8abb7202fef18ed669595589853e84260ff451?s=96&d=mm&r=g","caption":"admin"},"sameAs":["https:\/\/panoramaciudadano.com"],"url":"https:\/\/panoramaciudadano.com\/index.php\/author\/admin_3q6hyqq3\/"}]}},"_links":{"self":[{"href":"https:\/\/panoramaciudadano.com\/index.php\/wp-json\/wp\/v2\/posts\/12228","targetHints":{"allow":["GET"]}}],"collection":[{"href":"https:\/\/panoramaciudadano.com\/index.php\/wp-json\/wp\/v2\/posts"}],"about":[{"href":"https:\/\/panoramaciudadano.com\/index.php\/wp-json\/wp\/v2\/types\/post"}],"author":[{"embeddable":true,"href":"https:\/\/panoramaciudadano.com\/index.php\/wp-json\/wp\/v2\/users\/1"}],"replies":[{"embeddable":true,"href":"https:\/\/panoramaciudadano.com\/index.php\/wp-json\/wp\/v2\/comments?post=12228"}],"version-history":[{"count":1,"href":"https:\/\/panoramaciudadano.com\/index.php\/wp-json\/wp\/v2\/posts\/12228\/revisions"}],"predecessor-version":[{"id":12233,"href":"https:\/\/panoramaciudadano.com\/index.php\/wp-json\/wp\/v2\/posts\/12228\/revisions\/12233"}],"wp:featuredmedia":[{"embeddable":true,"href":"https:\/\/panoramaciudadano.com\/index.php\/wp-json\/wp\/v2\/media\/12231"}],"wp:attachment":[{"href":"https:\/\/panoramaciudadano.com\/index.php\/wp-json\/wp\/v2\/media?parent=12228"}],"wp:term":[{"taxonomy":"category","embeddable":true,"href":"https:\/\/panoramaciudadano.com\/index.php\/wp-json\/wp\/v2\/categories?post=12228"},{"taxonomy":"post_tag","embeddable":true,"href":"https:\/\/panoramaciudadano.com\/index.php\/wp-json\/wp\/v2\/tags?post=12228"}],"curies":[{"name":"wp","href":"https:\/\/api.w.org\/{rel}","templated":true}]}}