{"id":12432,"date":"2025-04-10T21:08:34","date_gmt":"2025-04-11T02:08:34","guid":{"rendered":"https:\/\/panoramaciudadano.com\/?p=12432"},"modified":"2025-04-10T21:09:00","modified_gmt":"2025-04-11T02:09:00","slug":"suspenden-de-por-vida-al-jugador-que-agredio-a-ampayer-en-partido-de-softbol-no-podra-participar-en-ninguna-liga-hasta-2027","status":"publish","type":"post","link":"https:\/\/panoramaciudadano.com\/index.php\/2025\/04\/10\/suspenden-de-por-vida-al-jugador-que-agredio-a-ampayer-en-partido-de-softbol-no-podra-participar-en-ninguna-liga-hasta-2027\/","title":{"rendered":"Suspenden de por vida al jugador que agredi\u00f3 a amp\u00e1yer en partido de softbol; no podr\u00e1 participar en ninguna liga hasta 2027"},"content":{"rendered":"\n<figure class=\"wp-block-image size-large\"><img decoding=\"async\" width=\"1024\" height=\"1024\" src=\"https:\/\/panoramaciudadano.com\/wp-content\/uploads\/2025\/04\/WhatsApp-Image-2025-04-10-at-19.37.11-1024x1024.jpeg\" alt=\"\" class=\"wp-image-12433\" srcset=\"https:\/\/panoramaciudadano.com\/wp-content\/uploads\/2025\/04\/WhatsApp-Image-2025-04-10-at-19.37.11-1024x1024.jpeg 1024w, https:\/\/panoramaciudadano.com\/wp-content\/uploads\/2025\/04\/WhatsApp-Image-2025-04-10-at-19.37.11-300x300.jpeg 300w, https:\/\/panoramaciudadano.com\/wp-content\/uploads\/2025\/04\/WhatsApp-Image-2025-04-10-at-19.37.11-150x150.jpeg 150w, https:\/\/panoramaciudadano.com\/wp-content\/uploads\/2025\/04\/WhatsApp-Image-2025-04-10-at-19.37.11-768x768.jpeg 768w, https:\/\/panoramaciudadano.com\/wp-content\/uploads\/2025\/04\/WhatsApp-Image-2025-04-10-at-19.37.11.jpeg 1080w\" sizes=\"(max-width: 1024px) 100vw, 1024px\" \/><\/figure>\n\n\n\n<p>Sancionan con suspensi\u00f3n definitiva de todas actividades deportivas al agresor del amp\u00e1yer que result\u00f3 con las costillas rotas tras recibir batazos durante un partido de softbol en la regi\u00f3n 103.<\/p>\n\n\n\n<p>Los lamentables hechos que sacudieron a la comunidad deportiva concluyeron con una ejemplar sanci\u00f3n que entr\u00f3 en vigor contra Alcides \u201cN\u201d el cual estar\u00e1 vigente hasta el mes de septiembre del 2027 y en caso de extenderse se analizara la situaci\u00f3n en tiempo en forma inform\u00f3 Jes\u00fas Chay Coordinador operativo del Instituto del Deporte Municipal.<\/p>\n\n\n\n<p>\u201cNo podemos permitir que una persona que tenga ese arranque de violencia pueda estar en una, hoy lo hizo en el softbol y pues no sabemos si el d\u00eda de ma\u00f1ana va jugar futbol y reaccione de la misma manera por lo que se emiti\u00f3 un bolet\u00edn a todas las unidades deportivas se\u00f1alando que esta persona no podr\u00e1 participar y en dado caso que alg\u00fan promotor le permita jugar, este recibir\u00e1 sanci\u00f3n por hacer caso omiso a una instrucci\u00f3n del instituto\u201d dijo el funcionario.<\/p>\n\n\n\n<p>Esto se lleg\u00f3 de com\u00fan acuerdo durante una reuni\u00f3n con el jur\u00eddico, responsable del deporte popular, as\u00ed como los representantes de los dos equipos involucrados donde se present\u00f3 todas las pruebas de la falta, se determin\u00f3 que no podr\u00e1 jugar en torneo o ligas populares, sin embargo, no se descarta de que el agraviado interponga una denuncia ante la fiscal\u00eda para la reparaci\u00f3n de las lesiones ocasionadas.<\/p>\n\n\n\n<p>Cabe mencionar que hasta el momento la autoridad desconoce el estado de salud de \u201cDaniel\u201d aunque trascendi\u00f3 que el equipo de los \u201cPrimos\u201d se har\u00eda cargo de toda la atenci\u00f3n medica hasta su recuperaci\u00f3n sin embargo no se sabe de manera oficial si esto ser\u00e1 as\u00ed.<\/p>\n","protected":false},"excerpt":{"rendered":"<p>Sancionan con suspensi\u00f3n definitiva de todas actividades deportivas al agresor del amp\u00e1yer que result\u00f3 con las costillas rotas tras recibir batazos durante un partido de softbol en la regi\u00f3n 103.<\/p>\n","protected":false},"author":1,"featured_media":12433,"comment_status":"open","ping_status":"closed","sticky":false,"template":"","format":"standard","meta":{"footnotes":""},"categories":[6],"tags":[2081],"class_list":["post-12432","post","type-post","status-publish","format-standard","has-post-thumbnail","hentry","category-cancun","tag-region-103"],"yoast_head":"<!-- This site is optimized with the Yoast SEO plugin v27.1.1 - https:\/\/yoast.com\/product\/yoast-seo-wordpress\/ -->\n<title>Suspenden de por vida al jugador que agredi\u00f3 a amp\u00e1yer en partido de softbol; no podr\u00e1 participar en ninguna liga hasta 2027 - Panorama Ciudadano<\/title>\n<meta name=\"robots\" content=\"index, follow, max-snippet:-1, max-image-preview:large, max-video-preview:-1\" \/>\n<link rel=\"canonical\" href=\"https:\/\/panoramaciudadano.com\/index.php\/2025\/04\/10\/suspenden-de-por-vida-al-jugador-que-agredio-a-ampayer-en-partido-de-softbol-no-podra-participar-en-ninguna-liga-hasta-2027\/\" \/>\n<meta property=\"og:locale\" content=\"es_ES\" \/>\n<meta property=\"og:type\" content=\"article\" \/>\n<meta property=\"og:title\" content=\"Suspenden de por vida al jugador que agredi\u00f3 a amp\u00e1yer en partido de softbol; no podr\u00e1 participar en ninguna liga hasta 2027 - Panorama Ciudadano\" \/>\n<meta property=\"og:description\" content=\"Sancionan con suspensi\u00f3n definitiva de todas actividades deportivas al agresor del amp\u00e1yer que result\u00f3 con las costillas rotas tras recibir batazos durante un partido de softbol en la regi\u00f3n 103.\" \/>\n<meta property=\"og:url\" content=\"https:\/\/panoramaciudadano.com\/index.php\/2025\/04\/10\/suspenden-de-por-vida-al-jugador-que-agredio-a-ampayer-en-partido-de-softbol-no-podra-participar-en-ninguna-liga-hasta-2027\/\" \/>\n<meta property=\"og:site_name\" content=\"Panorama Ciudadano\" \/>\n<meta property=\"article:publisher\" content=\"https:\/\/www.facebook.com\/panoramaciudadano\" \/>\n<meta property=\"article:published_time\" content=\"2025-04-11T02:08:34+00:00\" \/>\n<meta property=\"article:modified_time\" content=\"2025-04-11T02:09:00+00:00\" \/>\n<meta property=\"og:image\" content=\"https:\/\/panoramaciudadano.com\/wp-content\/uploads\/2025\/04\/WhatsApp-Image-2025-04-10-at-19.37.11.jpeg\" \/>\n\t<meta property=\"og:image:width\" content=\"1080\" \/>\n\t<meta property=\"og:image:height\" content=\"1080\" \/>\n\t<meta property=\"og:image:type\" content=\"image\/jpeg\" \/>\n<meta name=\"author\" content=\"admin\" \/>\n<meta name=\"twitter:card\" content=\"summary_large_image\" \/>\n<meta name=\"twitter:label1\" content=\"Escrito por\" \/>\n\t<meta name=\"twitter:data1\" content=\"admin\" \/>\n\t<meta name=\"twitter:label2\" content=\"Tiempo de lectura\" \/>\n\t<meta name=\"twitter:data2\" content=\"2 minutos\" \/>\n<script type=\"application\/ld+json\" class=\"yoast-schema-graph\">{\"@context\":\"https:\/\/schema.org\",\"@graph\":[{\"@type\":\"Article\",\"@id\":\"https:\/\/panoramaciudadano.com\/index.php\/2025\/04\/10\/suspenden-de-por-vida-al-jugador-que-agredio-a-ampayer-en-partido-de-softbol-no-podra-participar-en-ninguna-liga-hasta-2027\/#article\",\"isPartOf\":{\"@id\":\"https:\/\/panoramaciudadano.com\/index.php\/2025\/04\/10\/suspenden-de-por-vida-al-jugador-que-agredio-a-ampayer-en-partido-de-softbol-no-podra-participar-en-ninguna-liga-hasta-2027\/\"},\"author\":{\"name\":\"admin\",\"@id\":\"https:\/\/panoramaciudadano.com\/#\/schema\/person\/ffe9fe8ef47d3a93977b5761fd9e0d96\"},\"headline\":\"Suspenden de por vida al jugador que agredi\u00f3 a amp\u00e1yer en partido de softbol; no podr\u00e1 participar en ninguna liga hasta 2027\",\"datePublished\":\"2025-04-11T02:08:34+00:00\",\"dateModified\":\"2025-04-11T02:09:00+00:00\",\"mainEntityOfPage\":{\"@id\":\"https:\/\/panoramaciudadano.com\/index.php\/2025\/04\/10\/suspenden-de-por-vida-al-jugador-que-agredio-a-ampayer-en-partido-de-softbol-no-podra-participar-en-ninguna-liga-hasta-2027\/\"},\"wordCount\":323,\"commentCount\":0,\"publisher\":{\"@id\":\"https:\/\/panoramaciudadano.com\/#organization\"},\"image\":{\"@id\":\"https:\/\/panoramaciudadano.com\/index.php\/2025\/04\/10\/suspenden-de-por-vida-al-jugador-que-agredio-a-ampayer-en-partido-de-softbol-no-podra-participar-en-ninguna-liga-hasta-2027\/#primaryimage\"},\"thumbnailUrl\":\"https:\/\/panoramaciudadano.com\/wp-content\/uploads\/2025\/04\/WhatsApp-Image-2025-04-10-at-19.37.11.jpeg\",\"keywords\":[\"regi\u00f3n 103\"],\"articleSection\":[\"Canc\u00fan\"],\"inLanguage\":\"es\",\"potentialAction\":[{\"@type\":\"CommentAction\",\"name\":\"Comment\",\"target\":[\"https:\/\/panoramaciudadano.com\/index.php\/2025\/04\/10\/suspenden-de-por-vida-al-jugador-que-agredio-a-ampayer-en-partido-de-softbol-no-podra-participar-en-ninguna-liga-hasta-2027\/#respond\"]}]},{\"@type\":\"WebPage\",\"@id\":\"https:\/\/panoramaciudadano.com\/index.php\/2025\/04\/10\/suspenden-de-por-vida-al-jugador-que-agredio-a-ampayer-en-partido-de-softbol-no-podra-participar-en-ninguna-liga-hasta-2027\/\",\"url\":\"https:\/\/panoramaciudadano.com\/index.php\/2025\/04\/10\/suspenden-de-por-vida-al-jugador-que-agredio-a-ampayer-en-partido-de-softbol-no-podra-participar-en-ninguna-liga-hasta-2027\/\",\"name\":\"Suspenden de por vida al jugador que agredi\u00f3 a amp\u00e1yer en partido de softbol; no podr\u00e1 participar en ninguna liga hasta 2027 - Panorama Ciudadano\",\"isPartOf\":{\"@id\":\"https:\/\/panoramaciudadano.com\/#website\"},\"primaryImageOfPage\":{\"@id\":\"https:\/\/panoramaciudadano.com\/index.php\/2025\/04\/10\/suspenden-de-por-vida-al-jugador-que-agredio-a-ampayer-en-partido-de-softbol-no-podra-participar-en-ninguna-liga-hasta-2027\/#primaryimage\"},\"image\":{\"@id\":\"https:\/\/panoramaciudadano.com\/index.php\/2025\/04\/10\/suspenden-de-por-vida-al-jugador-que-agredio-a-ampayer-en-partido-de-softbol-no-podra-participar-en-ninguna-liga-hasta-2027\/#primaryimage\"},\"thumbnailUrl\":\"https:\/\/panoramaciudadano.com\/wp-content\/uploads\/2025\/04\/WhatsApp-Image-2025-04-10-at-19.37.11.jpeg\",\"datePublished\":\"2025-04-11T02:08:34+00:00\",\"dateModified\":\"2025-04-11T02:09:00+00:00\",\"breadcrumb\":{\"@id\":\"https:\/\/panoramaciudadano.com\/index.php\/2025\/04\/10\/suspenden-de-por-vida-al-jugador-que-agredio-a-ampayer-en-partido-de-softbol-no-podra-participar-en-ninguna-liga-hasta-2027\/#breadcrumb\"},\"inLanguage\":\"es\",\"potentialAction\":[{\"@type\":\"ReadAction\",\"target\":[\"https:\/\/panoramaciudadano.com\/index.php\/2025\/04\/10\/suspenden-de-por-vida-al-jugador-que-agredio-a-ampayer-en-partido-de-softbol-no-podra-participar-en-ninguna-liga-hasta-2027\/\"]}]},{\"@type\":\"ImageObject\",\"inLanguage\":\"es\",\"@id\":\"https:\/\/panoramaciudadano.com\/index.php\/2025\/04\/10\/suspenden-de-por-vida-al-jugador-que-agredio-a-ampayer-en-partido-de-softbol-no-podra-participar-en-ninguna-liga-hasta-2027\/#primaryimage\",\"url\":\"https:\/\/panoramaciudadano.com\/wp-content\/uploads\/2025\/04\/WhatsApp-Image-2025-04-10-at-19.37.11.jpeg\",\"contentUrl\":\"https:\/\/panoramaciudadano.com\/wp-content\/uploads\/2025\/04\/WhatsApp-Image-2025-04-10-at-19.37.11.jpeg\",\"width\":1080,\"height\":1080},{\"@type\":\"BreadcrumbList\",\"@id\":\"https:\/\/panoramaciudadano.com\/index.php\/2025\/04\/10\/suspenden-de-por-vida-al-jugador-que-agredio-a-ampayer-en-partido-de-softbol-no-podra-participar-en-ninguna-liga-hasta-2027\/#breadcrumb\",\"itemListElement\":[{\"@type\":\"ListItem\",\"position\":1,\"name\":\"Portada\",\"item\":\"https:\/\/panoramaciudadano.com\/\"},{\"@type\":\"ListItem\",\"position\":2,\"name\":\"Suspenden de por vida al jugador que agredi\u00f3 a amp\u00e1yer en partido de softbol; no podr\u00e1 participar en ninguna liga hasta 2027\"}]},{\"@type\":\"WebSite\",\"@id\":\"https:\/\/panoramaciudadano.com\/#website\",\"url\":\"https:\/\/panoramaciudadano.com\/\",\"name\":\"Panorama Ciudadano\",\"description\":\"\",\"publisher\":{\"@id\":\"https:\/\/panoramaciudadano.com\/#organization\"},\"potentialAction\":[{\"@type\":\"SearchAction\",\"target\":{\"@type\":\"EntryPoint\",\"urlTemplate\":\"https:\/\/panoramaciudadano.com\/?s={search_term_string}\"},\"query-input\":{\"@type\":\"PropertyValueSpecification\",\"valueRequired\":true,\"valueName\":\"search_term_string\"}}],\"inLanguage\":\"es\"},{\"@type\":\"Organization\",\"@id\":\"https:\/\/panoramaciudadano.com\/#organization\",\"name\":\"Panorama Ciudadano\",\"url\":\"https:\/\/panoramaciudadano.com\/\",\"logo\":{\"@type\":\"ImageObject\",\"inLanguage\":\"es\",\"@id\":\"https:\/\/panoramaciudadano.com\/#\/schema\/logo\/image\/\",\"url\":\"https:\/\/panoramaciudadano.com\/wp-content\/uploads\/2024\/05\/401498640_919267042938564_6290593609399108733_n.jpg\",\"contentUrl\":\"https:\/\/panoramaciudadano.com\/wp-content\/uploads\/2024\/05\/401498640_919267042938564_6290593609399108733_n.jpg\",\"width\":960,\"height\":957,\"caption\":\"Panorama Ciudadano\"},\"image\":{\"@id\":\"https:\/\/panoramaciudadano.com\/#\/schema\/logo\/image\/\"},\"sameAs\":[\"https:\/\/www.facebook.com\/panoramaciudadano\"]},{\"@type\":\"Person\",\"@id\":\"https:\/\/panoramaciudadano.com\/#\/schema\/person\/ffe9fe8ef47d3a93977b5761fd9e0d96\",\"name\":\"admin\",\"image\":{\"@type\":\"ImageObject\",\"inLanguage\":\"es\",\"@id\":\"https:\/\/panoramaciudadano.com\/#\/schema\/person\/image\/\",\"url\":\"https:\/\/secure.gravatar.com\/avatar\/2d5a12cacce3f18096f25fadea8abb7202fef18ed669595589853e84260ff451?s=96&d=mm&r=g\",\"contentUrl\":\"https:\/\/secure.gravatar.com\/avatar\/2d5a12cacce3f18096f25fadea8abb7202fef18ed669595589853e84260ff451?s=96&d=mm&r=g\",\"caption\":\"admin\"},\"sameAs\":[\"https:\/\/panoramaciudadano.com\"],\"url\":\"https:\/\/panoramaciudadano.com\/index.php\/author\/admin_3q6hyqq3\/\"}]}<\/script>\n<!-- \/ Yoast SEO plugin. -->","yoast_head_json":{"title":"Suspenden de por vida al jugador que agredi\u00f3 a amp\u00e1yer en partido de softbol; no podr\u00e1 participar en ninguna liga hasta 2027 - Panorama Ciudadano","robots":{"index":"index","follow":"follow","max-snippet":"max-snippet:-1","max-image-preview":"max-image-preview:large","max-video-preview":"max-video-preview:-1"},"canonical":"https:\/\/panoramaciudadano.com\/index.php\/2025\/04\/10\/suspenden-de-por-vida-al-jugador-que-agredio-a-ampayer-en-partido-de-softbol-no-podra-participar-en-ninguna-liga-hasta-2027\/","og_locale":"es_ES","og_type":"article","og_title":"Suspenden de por vida al jugador que agredi\u00f3 a amp\u00e1yer en partido de softbol; no podr\u00e1 participar en ninguna liga hasta 2027 - Panorama Ciudadano","og_description":"Sancionan con suspensi\u00f3n definitiva de todas actividades deportivas al agresor del amp\u00e1yer que result\u00f3 con las costillas rotas tras recibir batazos durante un partido de softbol en la regi\u00f3n 103.","og_url":"https:\/\/panoramaciudadano.com\/index.php\/2025\/04\/10\/suspenden-de-por-vida-al-jugador-que-agredio-a-ampayer-en-partido-de-softbol-no-podra-participar-en-ninguna-liga-hasta-2027\/","og_site_name":"Panorama Ciudadano","article_publisher":"https:\/\/www.facebook.com\/panoramaciudadano","article_published_time":"2025-04-11T02:08:34+00:00","article_modified_time":"2025-04-11T02:09:00+00:00","og_image":[{"width":1080,"height":1080,"url":"https:\/\/panoramaciudadano.com\/wp-content\/uploads\/2025\/04\/WhatsApp-Image-2025-04-10-at-19.37.11.jpeg","type":"image\/jpeg"}],"author":"admin","twitter_card":"summary_large_image","twitter_misc":{"Escrito por":"admin","Tiempo de lectura":"2 minutos"},"schema":{"@context":"https:\/\/schema.org","@graph":[{"@type":"Article","@id":"https:\/\/panoramaciudadano.com\/index.php\/2025\/04\/10\/suspenden-de-por-vida-al-jugador-que-agredio-a-ampayer-en-partido-de-softbol-no-podra-participar-en-ninguna-liga-hasta-2027\/#article","isPartOf":{"@id":"https:\/\/panoramaciudadano.com\/index.php\/2025\/04\/10\/suspenden-de-por-vida-al-jugador-que-agredio-a-ampayer-en-partido-de-softbol-no-podra-participar-en-ninguna-liga-hasta-2027\/"},"author":{"name":"admin","@id":"https:\/\/panoramaciudadano.com\/#\/schema\/person\/ffe9fe8ef47d3a93977b5761fd9e0d96"},"headline":"Suspenden de por vida al jugador que agredi\u00f3 a amp\u00e1yer en partido de softbol; no podr\u00e1 participar en ninguna liga hasta 2027","datePublished":"2025-04-11T02:08:34+00:00","dateModified":"2025-04-11T02:09:00+00:00","mainEntityOfPage":{"@id":"https:\/\/panoramaciudadano.com\/index.php\/2025\/04\/10\/suspenden-de-por-vida-al-jugador-que-agredio-a-ampayer-en-partido-de-softbol-no-podra-participar-en-ninguna-liga-hasta-2027\/"},"wordCount":323,"commentCount":0,"publisher":{"@id":"https:\/\/panoramaciudadano.com\/#organization"},"image":{"@id":"https:\/\/panoramaciudadano.com\/index.php\/2025\/04\/10\/suspenden-de-por-vida-al-jugador-que-agredio-a-ampayer-en-partido-de-softbol-no-podra-participar-en-ninguna-liga-hasta-2027\/#primaryimage"},"thumbnailUrl":"https:\/\/panoramaciudadano.com\/wp-content\/uploads\/2025\/04\/WhatsApp-Image-2025-04-10-at-19.37.11.jpeg","keywords":["regi\u00f3n 103"],"articleSection":["Canc\u00fan"],"inLanguage":"es","potentialAction":[{"@type":"CommentAction","name":"Comment","target":["https:\/\/panoramaciudadano.com\/index.php\/2025\/04\/10\/suspenden-de-por-vida-al-jugador-que-agredio-a-ampayer-en-partido-de-softbol-no-podra-participar-en-ninguna-liga-hasta-2027\/#respond"]}]},{"@type":"WebPage","@id":"https:\/\/panoramaciudadano.com\/index.php\/2025\/04\/10\/suspenden-de-por-vida-al-jugador-que-agredio-a-ampayer-en-partido-de-softbol-no-podra-participar-en-ninguna-liga-hasta-2027\/","url":"https:\/\/panoramaciudadano.com\/index.php\/2025\/04\/10\/suspenden-de-por-vida-al-jugador-que-agredio-a-ampayer-en-partido-de-softbol-no-podra-participar-en-ninguna-liga-hasta-2027\/","name":"Suspenden de por vida al jugador que agredi\u00f3 a amp\u00e1yer en partido de softbol; no podr\u00e1 participar en ninguna liga hasta 2027 - Panorama Ciudadano","isPartOf":{"@id":"https:\/\/panoramaciudadano.com\/#website"},"primaryImageOfPage":{"@id":"https:\/\/panoramaciudadano.com\/index.php\/2025\/04\/10\/suspenden-de-por-vida-al-jugador-que-agredio-a-ampayer-en-partido-de-softbol-no-podra-participar-en-ninguna-liga-hasta-2027\/#primaryimage"},"image":{"@id":"https:\/\/panoramaciudadano.com\/index.php\/2025\/04\/10\/suspenden-de-por-vida-al-jugador-que-agredio-a-ampayer-en-partido-de-softbol-no-podra-participar-en-ninguna-liga-hasta-2027\/#primaryimage"},"thumbnailUrl":"https:\/\/panoramaciudadano.com\/wp-content\/uploads\/2025\/04\/WhatsApp-Image-2025-04-10-at-19.37.11.jpeg","datePublished":"2025-04-11T02:08:34+00:00","dateModified":"2025-04-11T02:09:00+00:00","breadcrumb":{"@id":"https:\/\/panoramaciudadano.com\/index.php\/2025\/04\/10\/suspenden-de-por-vida-al-jugador-que-agredio-a-ampayer-en-partido-de-softbol-no-podra-participar-en-ninguna-liga-hasta-2027\/#breadcrumb"},"inLanguage":"es","potentialAction":[{"@type":"ReadAction","target":["https:\/\/panoramaciudadano.com\/index.php\/2025\/04\/10\/suspenden-de-por-vida-al-jugador-que-agredio-a-ampayer-en-partido-de-softbol-no-podra-participar-en-ninguna-liga-hasta-2027\/"]}]},{"@type":"ImageObject","inLanguage":"es","@id":"https:\/\/panoramaciudadano.com\/index.php\/2025\/04\/10\/suspenden-de-por-vida-al-jugador-que-agredio-a-ampayer-en-partido-de-softbol-no-podra-participar-en-ninguna-liga-hasta-2027\/#primaryimage","url":"https:\/\/panoramaciudadano.com\/wp-content\/uploads\/2025\/04\/WhatsApp-Image-2025-04-10-at-19.37.11.jpeg","contentUrl":"https:\/\/panoramaciudadano.com\/wp-content\/uploads\/2025\/04\/WhatsApp-Image-2025-04-10-at-19.37.11.jpeg","width":1080,"height":1080},{"@type":"BreadcrumbList","@id":"https:\/\/panoramaciudadano.com\/index.php\/2025\/04\/10\/suspenden-de-por-vida-al-jugador-que-agredio-a-ampayer-en-partido-de-softbol-no-podra-participar-en-ninguna-liga-hasta-2027\/#breadcrumb","itemListElement":[{"@type":"ListItem","position":1,"name":"Portada","item":"https:\/\/panoramaciudadano.com\/"},{"@type":"ListItem","position":2,"name":"Suspenden de por vida al jugador que agredi\u00f3 a amp\u00e1yer en partido de softbol; no podr\u00e1 participar en ninguna liga hasta 2027"}]},{"@type":"WebSite","@id":"https:\/\/panoramaciudadano.com\/#website","url":"https:\/\/panoramaciudadano.com\/","name":"Panorama Ciudadano","description":"","publisher":{"@id":"https:\/\/panoramaciudadano.com\/#organization"},"potentialAction":[{"@type":"SearchAction","target":{"@type":"EntryPoint","urlTemplate":"https:\/\/panoramaciudadano.com\/?s={search_term_string}"},"query-input":{"@type":"PropertyValueSpecification","valueRequired":true,"valueName":"search_term_string"}}],"inLanguage":"es"},{"@type":"Organization","@id":"https:\/\/panoramaciudadano.com\/#organization","name":"Panorama Ciudadano","url":"https:\/\/panoramaciudadano.com\/","logo":{"@type":"ImageObject","inLanguage":"es","@id":"https:\/\/panoramaciudadano.com\/#\/schema\/logo\/image\/","url":"https:\/\/panoramaciudadano.com\/wp-content\/uploads\/2024\/05\/401498640_919267042938564_6290593609399108733_n.jpg","contentUrl":"https:\/\/panoramaciudadano.com\/wp-content\/uploads\/2024\/05\/401498640_919267042938564_6290593609399108733_n.jpg","width":960,"height":957,"caption":"Panorama Ciudadano"},"image":{"@id":"https:\/\/panoramaciudadano.com\/#\/schema\/logo\/image\/"},"sameAs":["https:\/\/www.facebook.com\/panoramaciudadano"]},{"@type":"Person","@id":"https:\/\/panoramaciudadano.com\/#\/schema\/person\/ffe9fe8ef47d3a93977b5761fd9e0d96","name":"admin","image":{"@type":"ImageObject","inLanguage":"es","@id":"https:\/\/panoramaciudadano.com\/#\/schema\/person\/image\/","url":"https:\/\/secure.gravatar.com\/avatar\/2d5a12cacce3f18096f25fadea8abb7202fef18ed669595589853e84260ff451?s=96&d=mm&r=g","contentUrl":"https:\/\/secure.gravatar.com\/avatar\/2d5a12cacce3f18096f25fadea8abb7202fef18ed669595589853e84260ff451?s=96&d=mm&r=g","caption":"admin"},"sameAs":["https:\/\/panoramaciudadano.com"],"url":"https:\/\/panoramaciudadano.com\/index.php\/author\/admin_3q6hyqq3\/"}]}},"_links":{"self":[{"href":"https:\/\/panoramaciudadano.com\/index.php\/wp-json\/wp\/v2\/posts\/12432","targetHints":{"allow":["GET"]}}],"collection":[{"href":"https:\/\/panoramaciudadano.com\/index.php\/wp-json\/wp\/v2\/posts"}],"about":[{"href":"https:\/\/panoramaciudadano.com\/index.php\/wp-json\/wp\/v2\/types\/post"}],"author":[{"embeddable":true,"href":"https:\/\/panoramaciudadano.com\/index.php\/wp-json\/wp\/v2\/users\/1"}],"replies":[{"embeddable":true,"href":"https:\/\/panoramaciudadano.com\/index.php\/wp-json\/wp\/v2\/comments?post=12432"}],"version-history":[{"count":1,"href":"https:\/\/panoramaciudadano.com\/index.php\/wp-json\/wp\/v2\/posts\/12432\/revisions"}],"predecessor-version":[{"id":12434,"href":"https:\/\/panoramaciudadano.com\/index.php\/wp-json\/wp\/v2\/posts\/12432\/revisions\/12434"}],"wp:featuredmedia":[{"embeddable":true,"href":"https:\/\/panoramaciudadano.com\/index.php\/wp-json\/wp\/v2\/media\/12433"}],"wp:attachment":[{"href":"https:\/\/panoramaciudadano.com\/index.php\/wp-json\/wp\/v2\/media?parent=12432"}],"wp:term":[{"taxonomy":"category","embeddable":true,"href":"https:\/\/panoramaciudadano.com\/index.php\/wp-json\/wp\/v2\/categories?post=12432"},{"taxonomy":"post_tag","embeddable":true,"href":"https:\/\/panoramaciudadano.com\/index.php\/wp-json\/wp\/v2\/tags?post=12432"}],"curies":[{"name":"wp","href":"https:\/\/api.w.org\/{rel}","templated":true}]}}