{"id":12456,"date":"2025-04-11T11:20:58","date_gmt":"2025-04-11T16:20:58","guid":{"rendered":"https:\/\/panoramaciudadano.com\/?p=12456"},"modified":"2025-04-11T11:21:06","modified_gmt":"2025-04-11T16:21:06","slug":"constatan-ana-paty-peralta-y-mara-lezama-entrega-de-ambulancias-para-imss","status":"publish","type":"post","link":"https:\/\/panoramaciudadano.com\/index.php\/2025\/04\/11\/constatan-ana-paty-peralta-y-mara-lezama-entrega-de-ambulancias-para-imss\/","title":{"rendered":"CONSTATAN ANA PATY PERALTA Y MARA LEZAMA ENTREGA DE AMBULANCIAS PARA IMSS"},"content":{"rendered":"\n<figure class=\"wp-block-gallery has-nested-images columns-default is-cropped wp-block-gallery-1 is-layout-flex wp-block-gallery-is-layout-flex\">\n<figure class=\"wp-block-image size-full\"><img decoding=\"async\" width=\"960\" height=\"636\" data-id=\"12461\" src=\"https:\/\/panoramaciudadano.com\/wp-content\/uploads\/2025\/04\/2-47.jpeg\" alt=\"\" class=\"wp-image-12461\" srcset=\"https:\/\/panoramaciudadano.com\/wp-content\/uploads\/2025\/04\/2-47.jpeg 960w, https:\/\/panoramaciudadano.com\/wp-content\/uploads\/2025\/04\/2-47-300x199.jpeg 300w, https:\/\/panoramaciudadano.com\/wp-content\/uploads\/2025\/04\/2-47-768x509.jpeg 768w\" sizes=\"(max-width: 960px) 100vw, 960px\" \/><\/figure>\n\n\n\n<figure class=\"wp-block-image size-full\"><img decoding=\"async\" width=\"960\" height=\"598\" data-id=\"12462\" src=\"https:\/\/panoramaciudadano.com\/wp-content\/uploads\/2025\/04\/3-43.jpeg\" alt=\"\" class=\"wp-image-12462\" srcset=\"https:\/\/panoramaciudadano.com\/wp-content\/uploads\/2025\/04\/3-43.jpeg 960w, https:\/\/panoramaciudadano.com\/wp-content\/uploads\/2025\/04\/3-43-300x187.jpeg 300w, https:\/\/panoramaciudadano.com\/wp-content\/uploads\/2025\/04\/3-43-768x478.jpeg 768w\" sizes=\"(max-width: 960px) 100vw, 960px\" \/><\/figure>\n\n\n\n<figure class=\"wp-block-image size-full\"><img decoding=\"async\" width=\"960\" height=\"725\" data-id=\"12460\" src=\"https:\/\/panoramaciudadano.com\/wp-content\/uploads\/2025\/04\/4-33.jpeg\" alt=\"\" class=\"wp-image-12460\" srcset=\"https:\/\/panoramaciudadano.com\/wp-content\/uploads\/2025\/04\/4-33.jpeg 960w, https:\/\/panoramaciudadano.com\/wp-content\/uploads\/2025\/04\/4-33-300x227.jpeg 300w, https:\/\/panoramaciudadano.com\/wp-content\/uploads\/2025\/04\/4-33-768x580.jpeg 768w\" sizes=\"(max-width: 960px) 100vw, 960px\" \/><\/figure>\n\n\n\n<figure class=\"wp-block-image size-full\"><img decoding=\"async\" width=\"960\" height=\"660\" data-id=\"12459\" src=\"https:\/\/panoramaciudadano.com\/wp-content\/uploads\/2025\/04\/5-16.jpeg\" alt=\"\" class=\"wp-image-12459\" srcset=\"https:\/\/panoramaciudadano.com\/wp-content\/uploads\/2025\/04\/5-16.jpeg 960w, https:\/\/panoramaciudadano.com\/wp-content\/uploads\/2025\/04\/5-16-300x206.jpeg 300w, https:\/\/panoramaciudadano.com\/wp-content\/uploads\/2025\/04\/5-16-768x528.jpeg 768w\" sizes=\"(max-width: 960px) 100vw, 960px\" \/><\/figure>\n\n\n\n<figure class=\"wp-block-image size-full\"><img decoding=\"async\" width=\"960\" height=\"640\" data-id=\"12458\" src=\"https:\/\/panoramaciudadano.com\/wp-content\/uploads\/2025\/04\/6-7.jpeg\" alt=\"\" class=\"wp-image-12458\" srcset=\"https:\/\/panoramaciudadano.com\/wp-content\/uploads\/2025\/04\/6-7.jpeg 960w, https:\/\/panoramaciudadano.com\/wp-content\/uploads\/2025\/04\/6-7-300x200.jpeg 300w, https:\/\/panoramaciudadano.com\/wp-content\/uploads\/2025\/04\/6-7-768x512.jpeg 768w\" sizes=\"(max-width: 960px) 100vw, 960px\" \/><\/figure>\n\n\n\n<figure class=\"wp-block-image size-full\"><img decoding=\"async\" width=\"960\" height=\"540\" data-id=\"12457\" src=\"https:\/\/panoramaciudadano.com\/wp-content\/uploads\/2025\/04\/WhatsApp-Image-2025-04-11-at-07.31.46.jpeg\" alt=\"\" class=\"wp-image-12457\" srcset=\"https:\/\/panoramaciudadano.com\/wp-content\/uploads\/2025\/04\/WhatsApp-Image-2025-04-11-at-07.31.46.jpeg 960w, https:\/\/panoramaciudadano.com\/wp-content\/uploads\/2025\/04\/WhatsApp-Image-2025-04-11-at-07.31.46-300x169.jpeg 300w, https:\/\/panoramaciudadano.com\/wp-content\/uploads\/2025\/04\/WhatsApp-Image-2025-04-11-at-07.31.46-768x432.jpeg 768w\" sizes=\"(max-width: 960px) 100vw, 960px\" \/><\/figure>\n<\/figure>\n\n\n\n<p>Como parte del fortalecimiento a la infraestructura en el sector salud para beneficio de las y los quintanarroenses, la Presidenta Municipal, Ana Paty Peralta, y la gobernadora Mara Lezama, atestiguaron la entrega de 20 nuevas ambulancias para traslados programados en los ejercicios 2025, 2026, 2027 y 2028, asignadas a hospitales y unidades m\u00e9dicas del Instituto Mexicano del Seguro Social (IMSS) de toda la entidad.<\/p>\n\n\n\n<p>\u201cHoy reafirmamos que cuando se usa de manera correcta y transparente el recurso que es del pueblo y para le pueblo, los recursos llegan a donde se necesitan y esta es la muestra con estas ambulancias\u201d, expres\u00f3.<\/p>\n\n\n\n<p>Desde el Hospital General Regional No. 17, ubicado en la Supermanzana 509, la Primera Autoridad Municipal agradeci\u00f3 a nombre de los ciudadanos a la Gobernadora las gestiones para los ciudadanos y a la instituci\u00f3n a nivel nacional por su compromiso con la vida, adem\u00e1s de destacar la labor del personal m\u00e9dico que cuida a todos los pacientes.<\/p>\n\n\n\n<p>En ese sentido, la Gobernadora asegur\u00f3 que las nuevas unidades son parte del compromiso con la salud de la Presidenta de M\u00e9xico, Claudia Sheinbaum Pardo y el titular de la instituci\u00f3n en el pa\u00eds, Zo\u00e9 Robledo Aburto, ya que se suma una inversi\u00f3n importante de 82 millones de pesos para remodelar nosocomios en Chetumal y Canc\u00fan.<\/p>\n\n\n\n<p>Por su parte, el titular del \u00d3rgano de Operaci\u00f3n Administrativa del IMSS en la entidad, Javier Michael Naranjo Garc\u00eda, inform\u00f3 que van a recibir cuatro ambulancias nuevas m\u00e1s y le van a dar mantenimiento a las que se tienen actualmente, para sumar en total 29 veh\u00edculos de ese tipo que est\u00e9n equipados con tecnolog\u00eda de punta y el personal m\u00e9dico necesario para dar traslados seguros, oportunos y eficientes hacia la Ciudad de M\u00e9xico y M\u00e9rida.<\/p>\n\n\n\n<p>En el evento estuvieron tambi\u00e9n la presidenta de Puerto Morelos, Blanca Merari Tziu Mu\u00f1oz; el secretario de Salud y director general de los Servicios Estales de Salud, Flavio Carlos Rosado; el titular de la Coordinaci\u00f3n T\u00e9cnica de Servicios Generales, Rodrigo Trujillo Castellanos; la secretaria general de la Secci\u00f3n 36 del Sindicato de Trabajadores del Seguro Social, Kenia Le\u00f3n Peniche, entre otros invitados.<\/p>\n","protected":false},"excerpt":{"rendered":"<p>Como parte del fortalecimiento a la infraestructura en el sector salud para beneficio de las y los quintanarroenses, la Presidenta Municipal, Ana Paty Peralta, y la gobernadora Mara Lezama, atestiguaron la entrega de 20 nuevas ambulancias para traslados programados en los ejercicios 2025, 2026, 2027 y 2028, asignadas a hospitales y unidades m\u00e9dicas del Instituto Mexicano del Seguro Social (IMSS) de toda la entidad.<\/p>\n","protected":false},"author":1,"featured_media":12457,"comment_status":"open","ping_status":"closed","sticky":false,"template":"","format":"standard","meta":{"footnotes":""},"categories":[6],"tags":[145],"class_list":["post-12456","post","type-post","status-publish","format-standard","has-post-thumbnail","hentry","category-cancun","tag-ana-paty-peralta"],"yoast_head":"<!-- This site is optimized with the Yoast SEO plugin v27.1.1 - https:\/\/yoast.com\/product\/yoast-seo-wordpress\/ -->\n<title>CONSTATAN ANA PATY PERALTA Y MARA LEZAMA ENTREGA DE AMBULANCIAS PARA IMSS - Panorama Ciudadano<\/title>\n<meta name=\"robots\" content=\"index, follow, max-snippet:-1, max-image-preview:large, max-video-preview:-1\" \/>\n<link rel=\"canonical\" href=\"https:\/\/panoramaciudadano.com\/index.php\/2025\/04\/11\/constatan-ana-paty-peralta-y-mara-lezama-entrega-de-ambulancias-para-imss\/\" \/>\n<meta property=\"og:locale\" content=\"es_ES\" \/>\n<meta property=\"og:type\" content=\"article\" \/>\n<meta property=\"og:title\" content=\"CONSTATAN ANA PATY PERALTA Y MARA LEZAMA ENTREGA DE AMBULANCIAS PARA IMSS - Panorama Ciudadano\" \/>\n<meta property=\"og:description\" content=\"Como parte del fortalecimiento a la infraestructura en el sector salud para beneficio de las y los quintanarroenses, la Presidenta Municipal, Ana Paty Peralta, y la gobernadora Mara Lezama, atestiguaron la entrega de 20 nuevas ambulancias para traslados programados en los ejercicios 2025, 2026, 2027 y 2028, asignadas a hospitales y unidades m\u00e9dicas del Instituto Mexicano del Seguro Social (IMSS) de toda la entidad.\" \/>\n<meta property=\"og:url\" content=\"https:\/\/panoramaciudadano.com\/index.php\/2025\/04\/11\/constatan-ana-paty-peralta-y-mara-lezama-entrega-de-ambulancias-para-imss\/\" \/>\n<meta property=\"og:site_name\" content=\"Panorama Ciudadano\" \/>\n<meta property=\"article:publisher\" content=\"https:\/\/www.facebook.com\/panoramaciudadano\" \/>\n<meta property=\"article:published_time\" content=\"2025-04-11T16:20:58+00:00\" \/>\n<meta property=\"article:modified_time\" content=\"2025-04-11T16:21:06+00:00\" \/>\n<meta property=\"og:image\" content=\"https:\/\/panoramaciudadano.com\/wp-content\/uploads\/2025\/04\/WhatsApp-Image-2025-04-11-at-07.31.46.jpeg\" \/>\n\t<meta property=\"og:image:width\" content=\"960\" \/>\n\t<meta property=\"og:image:height\" content=\"540\" \/>\n\t<meta property=\"og:image:type\" content=\"image\/jpeg\" \/>\n<meta name=\"author\" content=\"admin\" \/>\n<meta name=\"twitter:card\" content=\"summary_large_image\" \/>\n<meta name=\"twitter:label1\" content=\"Escrito por\" \/>\n\t<meta name=\"twitter:data1\" content=\"admin\" \/>\n\t<meta name=\"twitter:label2\" content=\"Tiempo de lectura\" \/>\n\t<meta name=\"twitter:data2\" content=\"4 minutos\" \/>\n<script type=\"application\/ld+json\" class=\"yoast-schema-graph\">{\"@context\":\"https:\/\/schema.org\",\"@graph\":[{\"@type\":\"Article\",\"@id\":\"https:\/\/panoramaciudadano.com\/index.php\/2025\/04\/11\/constatan-ana-paty-peralta-y-mara-lezama-entrega-de-ambulancias-para-imss\/#article\",\"isPartOf\":{\"@id\":\"https:\/\/panoramaciudadano.com\/index.php\/2025\/04\/11\/constatan-ana-paty-peralta-y-mara-lezama-entrega-de-ambulancias-para-imss\/\"},\"author\":{\"name\":\"admin\",\"@id\":\"https:\/\/panoramaciudadano.com\/#\/schema\/person\/ffe9fe8ef47d3a93977b5761fd9e0d96\"},\"headline\":\"CONSTATAN ANA PATY PERALTA Y MARA LEZAMA ENTREGA DE AMBULANCIAS PARA IMSS\",\"datePublished\":\"2025-04-11T16:20:58+00:00\",\"dateModified\":\"2025-04-11T16:21:06+00:00\",\"mainEntityOfPage\":{\"@id\":\"https:\/\/panoramaciudadano.com\/index.php\/2025\/04\/11\/constatan-ana-paty-peralta-y-mara-lezama-entrega-de-ambulancias-para-imss\/\"},\"wordCount\":377,\"commentCount\":0,\"publisher\":{\"@id\":\"https:\/\/panoramaciudadano.com\/#organization\"},\"image\":{\"@id\":\"https:\/\/panoramaciudadano.com\/index.php\/2025\/04\/11\/constatan-ana-paty-peralta-y-mara-lezama-entrega-de-ambulancias-para-imss\/#primaryimage\"},\"thumbnailUrl\":\"https:\/\/panoramaciudadano.com\/wp-content\/uploads\/2025\/04\/WhatsApp-Image-2025-04-11-at-07.31.46.jpeg\",\"keywords\":[\"Ana Paty Peralta\"],\"articleSection\":[\"Canc\u00fan\"],\"inLanguage\":\"es\",\"potentialAction\":[{\"@type\":\"CommentAction\",\"name\":\"Comment\",\"target\":[\"https:\/\/panoramaciudadano.com\/index.php\/2025\/04\/11\/constatan-ana-paty-peralta-y-mara-lezama-entrega-de-ambulancias-para-imss\/#respond\"]}]},{\"@type\":\"WebPage\",\"@id\":\"https:\/\/panoramaciudadano.com\/index.php\/2025\/04\/11\/constatan-ana-paty-peralta-y-mara-lezama-entrega-de-ambulancias-para-imss\/\",\"url\":\"https:\/\/panoramaciudadano.com\/index.php\/2025\/04\/11\/constatan-ana-paty-peralta-y-mara-lezama-entrega-de-ambulancias-para-imss\/\",\"name\":\"CONSTATAN ANA PATY PERALTA Y MARA LEZAMA ENTREGA DE AMBULANCIAS PARA IMSS - Panorama Ciudadano\",\"isPartOf\":{\"@id\":\"https:\/\/panoramaciudadano.com\/#website\"},\"primaryImageOfPage\":{\"@id\":\"https:\/\/panoramaciudadano.com\/index.php\/2025\/04\/11\/constatan-ana-paty-peralta-y-mara-lezama-entrega-de-ambulancias-para-imss\/#primaryimage\"},\"image\":{\"@id\":\"https:\/\/panoramaciudadano.com\/index.php\/2025\/04\/11\/constatan-ana-paty-peralta-y-mara-lezama-entrega-de-ambulancias-para-imss\/#primaryimage\"},\"thumbnailUrl\":\"https:\/\/panoramaciudadano.com\/wp-content\/uploads\/2025\/04\/WhatsApp-Image-2025-04-11-at-07.31.46.jpeg\",\"datePublished\":\"2025-04-11T16:20:58+00:00\",\"dateModified\":\"2025-04-11T16:21:06+00:00\",\"breadcrumb\":{\"@id\":\"https:\/\/panoramaciudadano.com\/index.php\/2025\/04\/11\/constatan-ana-paty-peralta-y-mara-lezama-entrega-de-ambulancias-para-imss\/#breadcrumb\"},\"inLanguage\":\"es\",\"potentialAction\":[{\"@type\":\"ReadAction\",\"target\":[\"https:\/\/panoramaciudadano.com\/index.php\/2025\/04\/11\/constatan-ana-paty-peralta-y-mara-lezama-entrega-de-ambulancias-para-imss\/\"]}]},{\"@type\":\"ImageObject\",\"inLanguage\":\"es\",\"@id\":\"https:\/\/panoramaciudadano.com\/index.php\/2025\/04\/11\/constatan-ana-paty-peralta-y-mara-lezama-entrega-de-ambulancias-para-imss\/#primaryimage\",\"url\":\"https:\/\/panoramaciudadano.com\/wp-content\/uploads\/2025\/04\/WhatsApp-Image-2025-04-11-at-07.31.46.jpeg\",\"contentUrl\":\"https:\/\/panoramaciudadano.com\/wp-content\/uploads\/2025\/04\/WhatsApp-Image-2025-04-11-at-07.31.46.jpeg\",\"width\":960,\"height\":540},{\"@type\":\"BreadcrumbList\",\"@id\":\"https:\/\/panoramaciudadano.com\/index.php\/2025\/04\/11\/constatan-ana-paty-peralta-y-mara-lezama-entrega-de-ambulancias-para-imss\/#breadcrumb\",\"itemListElement\":[{\"@type\":\"ListItem\",\"position\":1,\"name\":\"Portada\",\"item\":\"https:\/\/panoramaciudadano.com\/\"},{\"@type\":\"ListItem\",\"position\":2,\"name\":\"CONSTATAN ANA PATY PERALTA Y MARA LEZAMA ENTREGA DE AMBULANCIAS PARA IMSS\"}]},{\"@type\":\"WebSite\",\"@id\":\"https:\/\/panoramaciudadano.com\/#website\",\"url\":\"https:\/\/panoramaciudadano.com\/\",\"name\":\"Panorama Ciudadano\",\"description\":\"\",\"publisher\":{\"@id\":\"https:\/\/panoramaciudadano.com\/#organization\"},\"potentialAction\":[{\"@type\":\"SearchAction\",\"target\":{\"@type\":\"EntryPoint\",\"urlTemplate\":\"https:\/\/panoramaciudadano.com\/?s={search_term_string}\"},\"query-input\":{\"@type\":\"PropertyValueSpecification\",\"valueRequired\":true,\"valueName\":\"search_term_string\"}}],\"inLanguage\":\"es\"},{\"@type\":\"Organization\",\"@id\":\"https:\/\/panoramaciudadano.com\/#organization\",\"name\":\"Panorama Ciudadano\",\"url\":\"https:\/\/panoramaciudadano.com\/\",\"logo\":{\"@type\":\"ImageObject\",\"inLanguage\":\"es\",\"@id\":\"https:\/\/panoramaciudadano.com\/#\/schema\/logo\/image\/\",\"url\":\"https:\/\/panoramaciudadano.com\/wp-content\/uploads\/2024\/05\/401498640_919267042938564_6290593609399108733_n.jpg\",\"contentUrl\":\"https:\/\/panoramaciudadano.com\/wp-content\/uploads\/2024\/05\/401498640_919267042938564_6290593609399108733_n.jpg\",\"width\":960,\"height\":957,\"caption\":\"Panorama Ciudadano\"},\"image\":{\"@id\":\"https:\/\/panoramaciudadano.com\/#\/schema\/logo\/image\/\"},\"sameAs\":[\"https:\/\/www.facebook.com\/panoramaciudadano\"]},{\"@type\":\"Person\",\"@id\":\"https:\/\/panoramaciudadano.com\/#\/schema\/person\/ffe9fe8ef47d3a93977b5761fd9e0d96\",\"name\":\"admin\",\"image\":{\"@type\":\"ImageObject\",\"inLanguage\":\"es\",\"@id\":\"https:\/\/panoramaciudadano.com\/#\/schema\/person\/image\/\",\"url\":\"https:\/\/secure.gravatar.com\/avatar\/2d5a12cacce3f18096f25fadea8abb7202fef18ed669595589853e84260ff451?s=96&d=mm&r=g\",\"contentUrl\":\"https:\/\/secure.gravatar.com\/avatar\/2d5a12cacce3f18096f25fadea8abb7202fef18ed669595589853e84260ff451?s=96&d=mm&r=g\",\"caption\":\"admin\"},\"sameAs\":[\"https:\/\/panoramaciudadano.com\"],\"url\":\"https:\/\/panoramaciudadano.com\/index.php\/author\/admin_3q6hyqq3\/\"}]}<\/script>\n<!-- \/ Yoast SEO plugin. -->","yoast_head_json":{"title":"CONSTATAN ANA PATY PERALTA Y MARA LEZAMA ENTREGA DE AMBULANCIAS PARA IMSS - Panorama Ciudadano","robots":{"index":"index","follow":"follow","max-snippet":"max-snippet:-1","max-image-preview":"max-image-preview:large","max-video-preview":"max-video-preview:-1"},"canonical":"https:\/\/panoramaciudadano.com\/index.php\/2025\/04\/11\/constatan-ana-paty-peralta-y-mara-lezama-entrega-de-ambulancias-para-imss\/","og_locale":"es_ES","og_type":"article","og_title":"CONSTATAN ANA PATY PERALTA Y MARA LEZAMA ENTREGA DE AMBULANCIAS PARA IMSS - Panorama Ciudadano","og_description":"Como parte del fortalecimiento a la infraestructura en el sector salud para beneficio de las y los quintanarroenses, la Presidenta Municipal, Ana Paty Peralta, y la gobernadora Mara Lezama, atestiguaron la entrega de 20 nuevas ambulancias para traslados programados en los ejercicios 2025, 2026, 2027 y 2028, asignadas a hospitales y unidades m\u00e9dicas del Instituto Mexicano del Seguro Social (IMSS) de toda la entidad.","og_url":"https:\/\/panoramaciudadano.com\/index.php\/2025\/04\/11\/constatan-ana-paty-peralta-y-mara-lezama-entrega-de-ambulancias-para-imss\/","og_site_name":"Panorama Ciudadano","article_publisher":"https:\/\/www.facebook.com\/panoramaciudadano","article_published_time":"2025-04-11T16:20:58+00:00","article_modified_time":"2025-04-11T16:21:06+00:00","og_image":[{"width":960,"height":540,"url":"https:\/\/panoramaciudadano.com\/wp-content\/uploads\/2025\/04\/WhatsApp-Image-2025-04-11-at-07.31.46.jpeg","type":"image\/jpeg"}],"author":"admin","twitter_card":"summary_large_image","twitter_misc":{"Escrito por":"admin","Tiempo de lectura":"4 minutos"},"schema":{"@context":"https:\/\/schema.org","@graph":[{"@type":"Article","@id":"https:\/\/panoramaciudadano.com\/index.php\/2025\/04\/11\/constatan-ana-paty-peralta-y-mara-lezama-entrega-de-ambulancias-para-imss\/#article","isPartOf":{"@id":"https:\/\/panoramaciudadano.com\/index.php\/2025\/04\/11\/constatan-ana-paty-peralta-y-mara-lezama-entrega-de-ambulancias-para-imss\/"},"author":{"name":"admin","@id":"https:\/\/panoramaciudadano.com\/#\/schema\/person\/ffe9fe8ef47d3a93977b5761fd9e0d96"},"headline":"CONSTATAN ANA PATY PERALTA Y MARA LEZAMA ENTREGA DE AMBULANCIAS PARA IMSS","datePublished":"2025-04-11T16:20:58+00:00","dateModified":"2025-04-11T16:21:06+00:00","mainEntityOfPage":{"@id":"https:\/\/panoramaciudadano.com\/index.php\/2025\/04\/11\/constatan-ana-paty-peralta-y-mara-lezama-entrega-de-ambulancias-para-imss\/"},"wordCount":377,"commentCount":0,"publisher":{"@id":"https:\/\/panoramaciudadano.com\/#organization"},"image":{"@id":"https:\/\/panoramaciudadano.com\/index.php\/2025\/04\/11\/constatan-ana-paty-peralta-y-mara-lezama-entrega-de-ambulancias-para-imss\/#primaryimage"},"thumbnailUrl":"https:\/\/panoramaciudadano.com\/wp-content\/uploads\/2025\/04\/WhatsApp-Image-2025-04-11-at-07.31.46.jpeg","keywords":["Ana Paty Peralta"],"articleSection":["Canc\u00fan"],"inLanguage":"es","potentialAction":[{"@type":"CommentAction","name":"Comment","target":["https:\/\/panoramaciudadano.com\/index.php\/2025\/04\/11\/constatan-ana-paty-peralta-y-mara-lezama-entrega-de-ambulancias-para-imss\/#respond"]}]},{"@type":"WebPage","@id":"https:\/\/panoramaciudadano.com\/index.php\/2025\/04\/11\/constatan-ana-paty-peralta-y-mara-lezama-entrega-de-ambulancias-para-imss\/","url":"https:\/\/panoramaciudadano.com\/index.php\/2025\/04\/11\/constatan-ana-paty-peralta-y-mara-lezama-entrega-de-ambulancias-para-imss\/","name":"CONSTATAN ANA PATY PERALTA Y MARA LEZAMA ENTREGA DE AMBULANCIAS PARA IMSS - Panorama Ciudadano","isPartOf":{"@id":"https:\/\/panoramaciudadano.com\/#website"},"primaryImageOfPage":{"@id":"https:\/\/panoramaciudadano.com\/index.php\/2025\/04\/11\/constatan-ana-paty-peralta-y-mara-lezama-entrega-de-ambulancias-para-imss\/#primaryimage"},"image":{"@id":"https:\/\/panoramaciudadano.com\/index.php\/2025\/04\/11\/constatan-ana-paty-peralta-y-mara-lezama-entrega-de-ambulancias-para-imss\/#primaryimage"},"thumbnailUrl":"https:\/\/panoramaciudadano.com\/wp-content\/uploads\/2025\/04\/WhatsApp-Image-2025-04-11-at-07.31.46.jpeg","datePublished":"2025-04-11T16:20:58+00:00","dateModified":"2025-04-11T16:21:06+00:00","breadcrumb":{"@id":"https:\/\/panoramaciudadano.com\/index.php\/2025\/04\/11\/constatan-ana-paty-peralta-y-mara-lezama-entrega-de-ambulancias-para-imss\/#breadcrumb"},"inLanguage":"es","potentialAction":[{"@type":"ReadAction","target":["https:\/\/panoramaciudadano.com\/index.php\/2025\/04\/11\/constatan-ana-paty-peralta-y-mara-lezama-entrega-de-ambulancias-para-imss\/"]}]},{"@type":"ImageObject","inLanguage":"es","@id":"https:\/\/panoramaciudadano.com\/index.php\/2025\/04\/11\/constatan-ana-paty-peralta-y-mara-lezama-entrega-de-ambulancias-para-imss\/#primaryimage","url":"https:\/\/panoramaciudadano.com\/wp-content\/uploads\/2025\/04\/WhatsApp-Image-2025-04-11-at-07.31.46.jpeg","contentUrl":"https:\/\/panoramaciudadano.com\/wp-content\/uploads\/2025\/04\/WhatsApp-Image-2025-04-11-at-07.31.46.jpeg","width":960,"height":540},{"@type":"BreadcrumbList","@id":"https:\/\/panoramaciudadano.com\/index.php\/2025\/04\/11\/constatan-ana-paty-peralta-y-mara-lezama-entrega-de-ambulancias-para-imss\/#breadcrumb","itemListElement":[{"@type":"ListItem","position":1,"name":"Portada","item":"https:\/\/panoramaciudadano.com\/"},{"@type":"ListItem","position":2,"name":"CONSTATAN ANA PATY PERALTA Y MARA LEZAMA ENTREGA DE AMBULANCIAS PARA IMSS"}]},{"@type":"WebSite","@id":"https:\/\/panoramaciudadano.com\/#website","url":"https:\/\/panoramaciudadano.com\/","name":"Panorama Ciudadano","description":"","publisher":{"@id":"https:\/\/panoramaciudadano.com\/#organization"},"potentialAction":[{"@type":"SearchAction","target":{"@type":"EntryPoint","urlTemplate":"https:\/\/panoramaciudadano.com\/?s={search_term_string}"},"query-input":{"@type":"PropertyValueSpecification","valueRequired":true,"valueName":"search_term_string"}}],"inLanguage":"es"},{"@type":"Organization","@id":"https:\/\/panoramaciudadano.com\/#organization","name":"Panorama Ciudadano","url":"https:\/\/panoramaciudadano.com\/","logo":{"@type":"ImageObject","inLanguage":"es","@id":"https:\/\/panoramaciudadano.com\/#\/schema\/logo\/image\/","url":"https:\/\/panoramaciudadano.com\/wp-content\/uploads\/2024\/05\/401498640_919267042938564_6290593609399108733_n.jpg","contentUrl":"https:\/\/panoramaciudadano.com\/wp-content\/uploads\/2024\/05\/401498640_919267042938564_6290593609399108733_n.jpg","width":960,"height":957,"caption":"Panorama Ciudadano"},"image":{"@id":"https:\/\/panoramaciudadano.com\/#\/schema\/logo\/image\/"},"sameAs":["https:\/\/www.facebook.com\/panoramaciudadano"]},{"@type":"Person","@id":"https:\/\/panoramaciudadano.com\/#\/schema\/person\/ffe9fe8ef47d3a93977b5761fd9e0d96","name":"admin","image":{"@type":"ImageObject","inLanguage":"es","@id":"https:\/\/panoramaciudadano.com\/#\/schema\/person\/image\/","url":"https:\/\/secure.gravatar.com\/avatar\/2d5a12cacce3f18096f25fadea8abb7202fef18ed669595589853e84260ff451?s=96&d=mm&r=g","contentUrl":"https:\/\/secure.gravatar.com\/avatar\/2d5a12cacce3f18096f25fadea8abb7202fef18ed669595589853e84260ff451?s=96&d=mm&r=g","caption":"admin"},"sameAs":["https:\/\/panoramaciudadano.com"],"url":"https:\/\/panoramaciudadano.com\/index.php\/author\/admin_3q6hyqq3\/"}]}},"_links":{"self":[{"href":"https:\/\/panoramaciudadano.com\/index.php\/wp-json\/wp\/v2\/posts\/12456","targetHints":{"allow":["GET"]}}],"collection":[{"href":"https:\/\/panoramaciudadano.com\/index.php\/wp-json\/wp\/v2\/posts"}],"about":[{"href":"https:\/\/panoramaciudadano.com\/index.php\/wp-json\/wp\/v2\/types\/post"}],"author":[{"embeddable":true,"href":"https:\/\/panoramaciudadano.com\/index.php\/wp-json\/wp\/v2\/users\/1"}],"replies":[{"embeddable":true,"href":"https:\/\/panoramaciudadano.com\/index.php\/wp-json\/wp\/v2\/comments?post=12456"}],"version-history":[{"count":1,"href":"https:\/\/panoramaciudadano.com\/index.php\/wp-json\/wp\/v2\/posts\/12456\/revisions"}],"predecessor-version":[{"id":12463,"href":"https:\/\/panoramaciudadano.com\/index.php\/wp-json\/wp\/v2\/posts\/12456\/revisions\/12463"}],"wp:featuredmedia":[{"embeddable":true,"href":"https:\/\/panoramaciudadano.com\/index.php\/wp-json\/wp\/v2\/media\/12457"}],"wp:attachment":[{"href":"https:\/\/panoramaciudadano.com\/index.php\/wp-json\/wp\/v2\/media?parent=12456"}],"wp:term":[{"taxonomy":"category","embeddable":true,"href":"https:\/\/panoramaciudadano.com\/index.php\/wp-json\/wp\/v2\/categories?post=12456"},{"taxonomy":"post_tag","embeddable":true,"href":"https:\/\/panoramaciudadano.com\/index.php\/wp-json\/wp\/v2\/tags?post=12456"}],"curies":[{"name":"wp","href":"https:\/\/api.w.org\/{rel}","templated":true}]}}