{"id":12543,"date":"2025-04-11T10:19:26","date_gmt":"2025-04-11T15:19:26","guid":{"rendered":"https:\/\/panoramaciudadano.com\/?p=12543"},"modified":"2025-04-14T10:22:34","modified_gmt":"2025-04-14T15:22:34","slug":"imparte-dif-benito-juarez-taller-de-apoyo-a-mujeres","status":"publish","type":"post","link":"https:\/\/panoramaciudadano.com\/index.php\/2025\/04\/11\/imparte-dif-benito-juarez-taller-de-apoyo-a-mujeres\/","title":{"rendered":"IMPARTE DIF BENITO JU\u00c1REZ TALLER DE APOYO A MUJERES \u00a0"},"content":{"rendered":"\n<figure class=\"wp-block-image size-large\"><img decoding=\"async\" width=\"1024\" height=\"473\" src=\"https:\/\/panoramaciudadano.com\/wp-content\/uploads\/2025\/04\/WhatsApp-Image-2025-04-11-at-18.28.07-1024x473.jpeg\" alt=\"\" class=\"wp-image-12544\" srcset=\"https:\/\/panoramaciudadano.com\/wp-content\/uploads\/2025\/04\/WhatsApp-Image-2025-04-11-at-18.28.07-1024x473.jpeg 1024w, https:\/\/panoramaciudadano.com\/wp-content\/uploads\/2025\/04\/WhatsApp-Image-2025-04-11-at-18.28.07-300x139.jpeg 300w, https:\/\/panoramaciudadano.com\/wp-content\/uploads\/2025\/04\/WhatsApp-Image-2025-04-11-at-18.28.07-768x355.jpeg 768w, https:\/\/panoramaciudadano.com\/wp-content\/uploads\/2025\/04\/WhatsApp-Image-2025-04-11-at-18.28.07-1536x709.jpeg 1536w, https:\/\/panoramaciudadano.com\/wp-content\/uploads\/2025\/04\/WhatsApp-Image-2025-04-11-at-18.28.07-2048x946.jpeg 2048w\" sizes=\"(max-width: 1024px) 100vw, 1024px\" \/><\/figure>\n\n\n\n<p>Con el objetivo de proporcionar un espacio seguro y de apoyo para que las mujeres compartan sus experiencias y emociones, el Sistema para el Desarrollo Integral de la Familia (DIF) Benito Ju\u00e1rez, a trav\u00e9s de la Direcci\u00f3n de Servicios de Salud, implement\u00f3 los talleres denominados \u201cConstruyendo Fortalezas\u00bb y \u201cCrearte Mujer\u201d, los d\u00edas mi\u00e9rcoles en la instituci\u00f3n en la Supermanzana 94.<\/p>\n\n\n\n<p>La directora general de la instituci\u00f3n municipal, Marisol Sendo Rodr\u00edguez, inform\u00f3 que la direcci\u00f3n de Servicios de Salud de la instituci\u00f3n municipal mediante la Coordinaci\u00f3n de Salud Mental, imparte estos talleres de apoyo a las mujeres, as\u00ed como lo ha instruido la Presidenta Municipal, Ana Paty Peralta.<\/p>\n\n\n\n<p>En este sentido, el coordinador de Salud Mental, Luis Cabrera Ortega, indic\u00f3 que con este taller, con horario de 10:00 a 12:00 horas, se busca fomentar la conexi\u00f3n y el apoyo entre mujeres, as\u00ed como ofrecer herramientas y estrategias necesarias que contribuyan a mejorar su autoestima y la confianza.<\/p>\n\n\n\n<p>El funcionario municipal precis\u00f3 que las actividades del taller comprenden de sesiones de terapia grupal donde las participantes comparten experiencias y recursos psicol\u00f3gicos.<\/p>\n\n\n\n<p>Asimismo, dijo que el taller \u201cCrearte Mujer\u201d, tiene como prop\u00f3sito proporcionar un espacio donde se compartan habilidades y destrezas manuales a manera de terapia ocupacional.<\/p>\n\n\n\n<p>Finalmente, Cabrera Ortega manifest\u00f3 que las interesadas en el taller realizar\u00e1n diversas actividades como clases de cultura, tejido, bordado, belleza y otros, que no solo permitir\u00e1 a mejorar su autoestima sino tambi\u00e9n fortalecer\u00e1 su econom\u00eda familiar.<\/p>\n","protected":false},"excerpt":{"rendered":"<p>Con el objetivo de proporcionar un espacio seguro y de apoyo para que las mujeres compartan sus experiencias y emociones, el Sistema para el Desarrollo Integral de la Familia (DIF) Benito Ju\u00e1rez, a trav\u00e9s de la Direcci\u00f3n de Servicios de Salud, implement\u00f3 los talleres denominados \u201cConstruyendo Fortalezas\u00bb y \u201cCrearte Mujer\u201d, los d\u00edas mi\u00e9rcoles en la instituci\u00f3n en la Supermanzana 94.<\/p>\n","protected":false},"author":1,"featured_media":12545,"comment_status":"open","ping_status":"closed","sticky":false,"template":"","format":"standard","meta":{"footnotes":""},"categories":[6],"tags":[687,2325],"class_list":["post-12543","post","type-post","status-publish","format-standard","has-post-thumbnail","hentry","category-cancun","tag-marisol-sendo-rodriguez","tag-sistema-para-el-desarrollo-integral-de-la-familia-dif-benito-juarez"],"yoast_head":"<!-- This site is optimized with the Yoast SEO plugin v27.1.1 - https:\/\/yoast.com\/product\/yoast-seo-wordpress\/ -->\n<title>IMPARTE DIF BENITO JU\u00c1REZ TALLER DE APOYO A MUJERES \u00a0 - Panorama Ciudadano<\/title>\n<meta name=\"robots\" content=\"index, follow, max-snippet:-1, max-image-preview:large, max-video-preview:-1\" \/>\n<link rel=\"canonical\" href=\"https:\/\/panoramaciudadano.com\/index.php\/2025\/04\/11\/imparte-dif-benito-juarez-taller-de-apoyo-a-mujeres\/\" \/>\n<meta property=\"og:locale\" content=\"es_ES\" \/>\n<meta property=\"og:type\" content=\"article\" \/>\n<meta property=\"og:title\" content=\"IMPARTE DIF BENITO JU\u00c1REZ TALLER DE APOYO A MUJERES \u00a0 - Panorama Ciudadano\" \/>\n<meta property=\"og:description\" content=\"Con el objetivo de proporcionar un espacio seguro y de apoyo para que las mujeres compartan sus experiencias y emociones, el Sistema para el Desarrollo Integral de la Familia (DIF) Benito Ju\u00e1rez, a trav\u00e9s de la Direcci\u00f3n de Servicios de Salud, implement\u00f3 los talleres denominados \u201cConstruyendo Fortalezas&quot; y \u201cCrearte Mujer\u201d, los d\u00edas mi\u00e9rcoles en la instituci\u00f3n en la Supermanzana 94.\" \/>\n<meta property=\"og:url\" content=\"https:\/\/panoramaciudadano.com\/index.php\/2025\/04\/11\/imparte-dif-benito-juarez-taller-de-apoyo-a-mujeres\/\" \/>\n<meta property=\"og:site_name\" content=\"Panorama Ciudadano\" \/>\n<meta property=\"article:publisher\" content=\"https:\/\/www.facebook.com\/panoramaciudadano\" \/>\n<meta property=\"article:published_time\" content=\"2025-04-11T15:19:26+00:00\" \/>\n<meta property=\"article:modified_time\" content=\"2025-04-14T15:22:34+00:00\" \/>\n<meta property=\"og:image\" content=\"https:\/\/panoramaciudadano.com\/wp-content\/uploads\/2025\/04\/3-54-scaled.jpeg\" \/>\n\t<meta property=\"og:image:width\" content=\"2560\" \/>\n\t<meta property=\"og:image:height\" content=\"1182\" \/>\n\t<meta property=\"og:image:type\" content=\"image\/jpeg\" \/>\n<meta name=\"author\" content=\"admin\" \/>\n<meta name=\"twitter:card\" content=\"summary_large_image\" \/>\n<meta name=\"twitter:label1\" content=\"Escrito por\" \/>\n\t<meta name=\"twitter:data1\" content=\"admin\" \/>\n\t<meta name=\"twitter:label2\" content=\"Tiempo de lectura\" \/>\n\t<meta name=\"twitter:data2\" content=\"2 minutos\" \/>\n<script type=\"application\/ld+json\" class=\"yoast-schema-graph\">{\"@context\":\"https:\/\/schema.org\",\"@graph\":[{\"@type\":\"Article\",\"@id\":\"https:\/\/panoramaciudadano.com\/index.php\/2025\/04\/11\/imparte-dif-benito-juarez-taller-de-apoyo-a-mujeres\/#article\",\"isPartOf\":{\"@id\":\"https:\/\/panoramaciudadano.com\/index.php\/2025\/04\/11\/imparte-dif-benito-juarez-taller-de-apoyo-a-mujeres\/\"},\"author\":{\"name\":\"admin\",\"@id\":\"https:\/\/panoramaciudadano.com\/#\/schema\/person\/ffe9fe8ef47d3a93977b5761fd9e0d96\"},\"headline\":\"IMPARTE DIF BENITO JU\u00c1REZ TALLER DE APOYO A MUJERES \u00a0\",\"datePublished\":\"2025-04-11T15:19:26+00:00\",\"dateModified\":\"2025-04-14T15:22:34+00:00\",\"mainEntityOfPage\":{\"@id\":\"https:\/\/panoramaciudadano.com\/index.php\/2025\/04\/11\/imparte-dif-benito-juarez-taller-de-apoyo-a-mujeres\/\"},\"wordCount\":264,\"commentCount\":0,\"publisher\":{\"@id\":\"https:\/\/panoramaciudadano.com\/#organization\"},\"image\":{\"@id\":\"https:\/\/panoramaciudadano.com\/index.php\/2025\/04\/11\/imparte-dif-benito-juarez-taller-de-apoyo-a-mujeres\/#primaryimage\"},\"thumbnailUrl\":\"https:\/\/panoramaciudadano.com\/wp-content\/uploads\/2025\/04\/3-54-scaled.jpeg\",\"keywords\":[\"Marisol Sendo Rodr\u00edguez\",\"Sistema para el Desarrollo Integral de la Familia (DIF) Benito Ju\u00e1rez\"],\"articleSection\":[\"Canc\u00fan\"],\"inLanguage\":\"es\",\"potentialAction\":[{\"@type\":\"CommentAction\",\"name\":\"Comment\",\"target\":[\"https:\/\/panoramaciudadano.com\/index.php\/2025\/04\/11\/imparte-dif-benito-juarez-taller-de-apoyo-a-mujeres\/#respond\"]}]},{\"@type\":\"WebPage\",\"@id\":\"https:\/\/panoramaciudadano.com\/index.php\/2025\/04\/11\/imparte-dif-benito-juarez-taller-de-apoyo-a-mujeres\/\",\"url\":\"https:\/\/panoramaciudadano.com\/index.php\/2025\/04\/11\/imparte-dif-benito-juarez-taller-de-apoyo-a-mujeres\/\",\"name\":\"IMPARTE DIF BENITO JU\u00c1REZ TALLER DE APOYO A MUJERES \u00a0 - Panorama Ciudadano\",\"isPartOf\":{\"@id\":\"https:\/\/panoramaciudadano.com\/#website\"},\"primaryImageOfPage\":{\"@id\":\"https:\/\/panoramaciudadano.com\/index.php\/2025\/04\/11\/imparte-dif-benito-juarez-taller-de-apoyo-a-mujeres\/#primaryimage\"},\"image\":{\"@id\":\"https:\/\/panoramaciudadano.com\/index.php\/2025\/04\/11\/imparte-dif-benito-juarez-taller-de-apoyo-a-mujeres\/#primaryimage\"},\"thumbnailUrl\":\"https:\/\/panoramaciudadano.com\/wp-content\/uploads\/2025\/04\/3-54-scaled.jpeg\",\"datePublished\":\"2025-04-11T15:19:26+00:00\",\"dateModified\":\"2025-04-14T15:22:34+00:00\",\"breadcrumb\":{\"@id\":\"https:\/\/panoramaciudadano.com\/index.php\/2025\/04\/11\/imparte-dif-benito-juarez-taller-de-apoyo-a-mujeres\/#breadcrumb\"},\"inLanguage\":\"es\",\"potentialAction\":[{\"@type\":\"ReadAction\",\"target\":[\"https:\/\/panoramaciudadano.com\/index.php\/2025\/04\/11\/imparte-dif-benito-juarez-taller-de-apoyo-a-mujeres\/\"]}]},{\"@type\":\"ImageObject\",\"inLanguage\":\"es\",\"@id\":\"https:\/\/panoramaciudadano.com\/index.php\/2025\/04\/11\/imparte-dif-benito-juarez-taller-de-apoyo-a-mujeres\/#primaryimage\",\"url\":\"https:\/\/panoramaciudadano.com\/wp-content\/uploads\/2025\/04\/3-54-scaled.jpeg\",\"contentUrl\":\"https:\/\/panoramaciudadano.com\/wp-content\/uploads\/2025\/04\/3-54-scaled.jpeg\",\"width\":2560,\"height\":1182},{\"@type\":\"BreadcrumbList\",\"@id\":\"https:\/\/panoramaciudadano.com\/index.php\/2025\/04\/11\/imparte-dif-benito-juarez-taller-de-apoyo-a-mujeres\/#breadcrumb\",\"itemListElement\":[{\"@type\":\"ListItem\",\"position\":1,\"name\":\"Portada\",\"item\":\"https:\/\/panoramaciudadano.com\/\"},{\"@type\":\"ListItem\",\"position\":2,\"name\":\"IMPARTE DIF BENITO JU\u00c1REZ TALLER DE APOYO A MUJERES \u00a0\"}]},{\"@type\":\"WebSite\",\"@id\":\"https:\/\/panoramaciudadano.com\/#website\",\"url\":\"https:\/\/panoramaciudadano.com\/\",\"name\":\"Panorama Ciudadano\",\"description\":\"\",\"publisher\":{\"@id\":\"https:\/\/panoramaciudadano.com\/#organization\"},\"potentialAction\":[{\"@type\":\"SearchAction\",\"target\":{\"@type\":\"EntryPoint\",\"urlTemplate\":\"https:\/\/panoramaciudadano.com\/?s={search_term_string}\"},\"query-input\":{\"@type\":\"PropertyValueSpecification\",\"valueRequired\":true,\"valueName\":\"search_term_string\"}}],\"inLanguage\":\"es\"},{\"@type\":\"Organization\",\"@id\":\"https:\/\/panoramaciudadano.com\/#organization\",\"name\":\"Panorama Ciudadano\",\"url\":\"https:\/\/panoramaciudadano.com\/\",\"logo\":{\"@type\":\"ImageObject\",\"inLanguage\":\"es\",\"@id\":\"https:\/\/panoramaciudadano.com\/#\/schema\/logo\/image\/\",\"url\":\"https:\/\/panoramaciudadano.com\/wp-content\/uploads\/2024\/05\/401498640_919267042938564_6290593609399108733_n.jpg\",\"contentUrl\":\"https:\/\/panoramaciudadano.com\/wp-content\/uploads\/2024\/05\/401498640_919267042938564_6290593609399108733_n.jpg\",\"width\":960,\"height\":957,\"caption\":\"Panorama Ciudadano\"},\"image\":{\"@id\":\"https:\/\/panoramaciudadano.com\/#\/schema\/logo\/image\/\"},\"sameAs\":[\"https:\/\/www.facebook.com\/panoramaciudadano\"]},{\"@type\":\"Person\",\"@id\":\"https:\/\/panoramaciudadano.com\/#\/schema\/person\/ffe9fe8ef47d3a93977b5761fd9e0d96\",\"name\":\"admin\",\"image\":{\"@type\":\"ImageObject\",\"inLanguage\":\"es\",\"@id\":\"https:\/\/panoramaciudadano.com\/#\/schema\/person\/image\/\",\"url\":\"https:\/\/secure.gravatar.com\/avatar\/2d5a12cacce3f18096f25fadea8abb7202fef18ed669595589853e84260ff451?s=96&d=mm&r=g\",\"contentUrl\":\"https:\/\/secure.gravatar.com\/avatar\/2d5a12cacce3f18096f25fadea8abb7202fef18ed669595589853e84260ff451?s=96&d=mm&r=g\",\"caption\":\"admin\"},\"sameAs\":[\"https:\/\/panoramaciudadano.com\"],\"url\":\"https:\/\/panoramaciudadano.com\/index.php\/author\/admin_3q6hyqq3\/\"}]}<\/script>\n<!-- \/ Yoast SEO plugin. -->","yoast_head_json":{"title":"IMPARTE DIF BENITO JU\u00c1REZ TALLER DE APOYO A MUJERES \u00a0 - Panorama Ciudadano","robots":{"index":"index","follow":"follow","max-snippet":"max-snippet:-1","max-image-preview":"max-image-preview:large","max-video-preview":"max-video-preview:-1"},"canonical":"https:\/\/panoramaciudadano.com\/index.php\/2025\/04\/11\/imparte-dif-benito-juarez-taller-de-apoyo-a-mujeres\/","og_locale":"es_ES","og_type":"article","og_title":"IMPARTE DIF BENITO JU\u00c1REZ TALLER DE APOYO A MUJERES \u00a0 - Panorama Ciudadano","og_description":"Con el objetivo de proporcionar un espacio seguro y de apoyo para que las mujeres compartan sus experiencias y emociones, el Sistema para el Desarrollo Integral de la Familia (DIF) Benito Ju\u00e1rez, a trav\u00e9s de la Direcci\u00f3n de Servicios de Salud, implement\u00f3 los talleres denominados \u201cConstruyendo Fortalezas\" y \u201cCrearte Mujer\u201d, los d\u00edas mi\u00e9rcoles en la instituci\u00f3n en la Supermanzana 94.","og_url":"https:\/\/panoramaciudadano.com\/index.php\/2025\/04\/11\/imparte-dif-benito-juarez-taller-de-apoyo-a-mujeres\/","og_site_name":"Panorama Ciudadano","article_publisher":"https:\/\/www.facebook.com\/panoramaciudadano","article_published_time":"2025-04-11T15:19:26+00:00","article_modified_time":"2025-04-14T15:22:34+00:00","og_image":[{"width":2560,"height":1182,"url":"https:\/\/panoramaciudadano.com\/wp-content\/uploads\/2025\/04\/3-54-scaled.jpeg","type":"image\/jpeg"}],"author":"admin","twitter_card":"summary_large_image","twitter_misc":{"Escrito por":"admin","Tiempo de lectura":"2 minutos"},"schema":{"@context":"https:\/\/schema.org","@graph":[{"@type":"Article","@id":"https:\/\/panoramaciudadano.com\/index.php\/2025\/04\/11\/imparte-dif-benito-juarez-taller-de-apoyo-a-mujeres\/#article","isPartOf":{"@id":"https:\/\/panoramaciudadano.com\/index.php\/2025\/04\/11\/imparte-dif-benito-juarez-taller-de-apoyo-a-mujeres\/"},"author":{"name":"admin","@id":"https:\/\/panoramaciudadano.com\/#\/schema\/person\/ffe9fe8ef47d3a93977b5761fd9e0d96"},"headline":"IMPARTE DIF BENITO JU\u00c1REZ TALLER DE APOYO A MUJERES \u00a0","datePublished":"2025-04-11T15:19:26+00:00","dateModified":"2025-04-14T15:22:34+00:00","mainEntityOfPage":{"@id":"https:\/\/panoramaciudadano.com\/index.php\/2025\/04\/11\/imparte-dif-benito-juarez-taller-de-apoyo-a-mujeres\/"},"wordCount":264,"commentCount":0,"publisher":{"@id":"https:\/\/panoramaciudadano.com\/#organization"},"image":{"@id":"https:\/\/panoramaciudadano.com\/index.php\/2025\/04\/11\/imparte-dif-benito-juarez-taller-de-apoyo-a-mujeres\/#primaryimage"},"thumbnailUrl":"https:\/\/panoramaciudadano.com\/wp-content\/uploads\/2025\/04\/3-54-scaled.jpeg","keywords":["Marisol Sendo Rodr\u00edguez","Sistema para el Desarrollo Integral de la Familia (DIF) Benito Ju\u00e1rez"],"articleSection":["Canc\u00fan"],"inLanguage":"es","potentialAction":[{"@type":"CommentAction","name":"Comment","target":["https:\/\/panoramaciudadano.com\/index.php\/2025\/04\/11\/imparte-dif-benito-juarez-taller-de-apoyo-a-mujeres\/#respond"]}]},{"@type":"WebPage","@id":"https:\/\/panoramaciudadano.com\/index.php\/2025\/04\/11\/imparte-dif-benito-juarez-taller-de-apoyo-a-mujeres\/","url":"https:\/\/panoramaciudadano.com\/index.php\/2025\/04\/11\/imparte-dif-benito-juarez-taller-de-apoyo-a-mujeres\/","name":"IMPARTE DIF BENITO JU\u00c1REZ TALLER DE APOYO A MUJERES \u00a0 - Panorama Ciudadano","isPartOf":{"@id":"https:\/\/panoramaciudadano.com\/#website"},"primaryImageOfPage":{"@id":"https:\/\/panoramaciudadano.com\/index.php\/2025\/04\/11\/imparte-dif-benito-juarez-taller-de-apoyo-a-mujeres\/#primaryimage"},"image":{"@id":"https:\/\/panoramaciudadano.com\/index.php\/2025\/04\/11\/imparte-dif-benito-juarez-taller-de-apoyo-a-mujeres\/#primaryimage"},"thumbnailUrl":"https:\/\/panoramaciudadano.com\/wp-content\/uploads\/2025\/04\/3-54-scaled.jpeg","datePublished":"2025-04-11T15:19:26+00:00","dateModified":"2025-04-14T15:22:34+00:00","breadcrumb":{"@id":"https:\/\/panoramaciudadano.com\/index.php\/2025\/04\/11\/imparte-dif-benito-juarez-taller-de-apoyo-a-mujeres\/#breadcrumb"},"inLanguage":"es","potentialAction":[{"@type":"ReadAction","target":["https:\/\/panoramaciudadano.com\/index.php\/2025\/04\/11\/imparte-dif-benito-juarez-taller-de-apoyo-a-mujeres\/"]}]},{"@type":"ImageObject","inLanguage":"es","@id":"https:\/\/panoramaciudadano.com\/index.php\/2025\/04\/11\/imparte-dif-benito-juarez-taller-de-apoyo-a-mujeres\/#primaryimage","url":"https:\/\/panoramaciudadano.com\/wp-content\/uploads\/2025\/04\/3-54-scaled.jpeg","contentUrl":"https:\/\/panoramaciudadano.com\/wp-content\/uploads\/2025\/04\/3-54-scaled.jpeg","width":2560,"height":1182},{"@type":"BreadcrumbList","@id":"https:\/\/panoramaciudadano.com\/index.php\/2025\/04\/11\/imparte-dif-benito-juarez-taller-de-apoyo-a-mujeres\/#breadcrumb","itemListElement":[{"@type":"ListItem","position":1,"name":"Portada","item":"https:\/\/panoramaciudadano.com\/"},{"@type":"ListItem","position":2,"name":"IMPARTE DIF BENITO JU\u00c1REZ TALLER DE APOYO A MUJERES \u00a0"}]},{"@type":"WebSite","@id":"https:\/\/panoramaciudadano.com\/#website","url":"https:\/\/panoramaciudadano.com\/","name":"Panorama Ciudadano","description":"","publisher":{"@id":"https:\/\/panoramaciudadano.com\/#organization"},"potentialAction":[{"@type":"SearchAction","target":{"@type":"EntryPoint","urlTemplate":"https:\/\/panoramaciudadano.com\/?s={search_term_string}"},"query-input":{"@type":"PropertyValueSpecification","valueRequired":true,"valueName":"search_term_string"}}],"inLanguage":"es"},{"@type":"Organization","@id":"https:\/\/panoramaciudadano.com\/#organization","name":"Panorama Ciudadano","url":"https:\/\/panoramaciudadano.com\/","logo":{"@type":"ImageObject","inLanguage":"es","@id":"https:\/\/panoramaciudadano.com\/#\/schema\/logo\/image\/","url":"https:\/\/panoramaciudadano.com\/wp-content\/uploads\/2024\/05\/401498640_919267042938564_6290593609399108733_n.jpg","contentUrl":"https:\/\/panoramaciudadano.com\/wp-content\/uploads\/2024\/05\/401498640_919267042938564_6290593609399108733_n.jpg","width":960,"height":957,"caption":"Panorama Ciudadano"},"image":{"@id":"https:\/\/panoramaciudadano.com\/#\/schema\/logo\/image\/"},"sameAs":["https:\/\/www.facebook.com\/panoramaciudadano"]},{"@type":"Person","@id":"https:\/\/panoramaciudadano.com\/#\/schema\/person\/ffe9fe8ef47d3a93977b5761fd9e0d96","name":"admin","image":{"@type":"ImageObject","inLanguage":"es","@id":"https:\/\/panoramaciudadano.com\/#\/schema\/person\/image\/","url":"https:\/\/secure.gravatar.com\/avatar\/2d5a12cacce3f18096f25fadea8abb7202fef18ed669595589853e84260ff451?s=96&d=mm&r=g","contentUrl":"https:\/\/secure.gravatar.com\/avatar\/2d5a12cacce3f18096f25fadea8abb7202fef18ed669595589853e84260ff451?s=96&d=mm&r=g","caption":"admin"},"sameAs":["https:\/\/panoramaciudadano.com"],"url":"https:\/\/panoramaciudadano.com\/index.php\/author\/admin_3q6hyqq3\/"}]}},"_links":{"self":[{"href":"https:\/\/panoramaciudadano.com\/index.php\/wp-json\/wp\/v2\/posts\/12543","targetHints":{"allow":["GET"]}}],"collection":[{"href":"https:\/\/panoramaciudadano.com\/index.php\/wp-json\/wp\/v2\/posts"}],"about":[{"href":"https:\/\/panoramaciudadano.com\/index.php\/wp-json\/wp\/v2\/types\/post"}],"author":[{"embeddable":true,"href":"https:\/\/panoramaciudadano.com\/index.php\/wp-json\/wp\/v2\/users\/1"}],"replies":[{"embeddable":true,"href":"https:\/\/panoramaciudadano.com\/index.php\/wp-json\/wp\/v2\/comments?post=12543"}],"version-history":[{"count":1,"href":"https:\/\/panoramaciudadano.com\/index.php\/wp-json\/wp\/v2\/posts\/12543\/revisions"}],"predecessor-version":[{"id":12546,"href":"https:\/\/panoramaciudadano.com\/index.php\/wp-json\/wp\/v2\/posts\/12543\/revisions\/12546"}],"wp:featuredmedia":[{"embeddable":true,"href":"https:\/\/panoramaciudadano.com\/index.php\/wp-json\/wp\/v2\/media\/12545"}],"wp:attachment":[{"href":"https:\/\/panoramaciudadano.com\/index.php\/wp-json\/wp\/v2\/media?parent=12543"}],"wp:term":[{"taxonomy":"category","embeddable":true,"href":"https:\/\/panoramaciudadano.com\/index.php\/wp-json\/wp\/v2\/categories?post=12543"},{"taxonomy":"post_tag","embeddable":true,"href":"https:\/\/panoramaciudadano.com\/index.php\/wp-json\/wp\/v2\/tags?post=12543"}],"curies":[{"name":"wp","href":"https:\/\/api.w.org\/{rel}","templated":true}]}}