{"id":12574,"date":"2025-04-15T11:43:20","date_gmt":"2025-04-15T16:43:20","guid":{"rendered":"https:\/\/panoramaciudadano.com\/?p=12574"},"modified":"2025-04-15T11:43:21","modified_gmt":"2025-04-15T16:43:21","slug":"se-registra-tercer-incendio-de-maleza-del-dia-en-la-avenida-jose-lopez-portillo-bomberos-logran-sofocar-las-llamas-sin-lesionados","status":"publish","type":"post","link":"https:\/\/panoramaciudadano.com\/index.php\/2025\/04\/15\/se-registra-tercer-incendio-de-maleza-del-dia-en-la-avenida-jose-lopez-portillo-bomberos-logran-sofocar-las-llamas-sin-lesionados\/","title":{"rendered":"Se registra tercer incendio de maleza del d\u00eda en la avenida Jos\u00e9 L\u00f3pez Portillo; bomberos logran sofocar las llamas sin lesionados"},"content":{"rendered":"\n<figure class=\"wp-block-gallery has-nested-images columns-default is-cropped wp-block-gallery-1 is-layout-flex wp-block-gallery-is-layout-flex\">\n<figure class=\"wp-block-image size-large\"><img decoding=\"async\" width=\"1024\" height=\"576\" data-id=\"12579\" src=\"https:\/\/panoramaciudadano.com\/wp-content\/uploads\/2025\/04\/2-63-1024x576.jpeg\" alt=\"\" class=\"wp-image-12579\" srcset=\"https:\/\/panoramaciudadano.com\/wp-content\/uploads\/2025\/04\/2-63-1024x576.jpeg 1024w, https:\/\/panoramaciudadano.com\/wp-content\/uploads\/2025\/04\/2-63-300x169.jpeg 300w, https:\/\/panoramaciudadano.com\/wp-content\/uploads\/2025\/04\/2-63-768x432.jpeg 768w, https:\/\/panoramaciudadano.com\/wp-content\/uploads\/2025\/04\/2-63-1536x864.jpeg 1536w, https:\/\/panoramaciudadano.com\/wp-content\/uploads\/2025\/04\/2-63.jpeg 1599w\" sizes=\"(max-width: 1024px) 100vw, 1024px\" \/><\/figure>\n\n\n\n<figure class=\"wp-block-image size-large\"><img decoding=\"async\" width=\"1024\" height=\"576\" data-id=\"12578\" src=\"https:\/\/panoramaciudadano.com\/wp-content\/uploads\/2025\/04\/3-58-1024x576.jpeg\" alt=\"\" class=\"wp-image-12578\" srcset=\"https:\/\/panoramaciudadano.com\/wp-content\/uploads\/2025\/04\/3-58-1024x576.jpeg 1024w, https:\/\/panoramaciudadano.com\/wp-content\/uploads\/2025\/04\/3-58-300x169.jpeg 300w, https:\/\/panoramaciudadano.com\/wp-content\/uploads\/2025\/04\/3-58-768x432.jpeg 768w, https:\/\/panoramaciudadano.com\/wp-content\/uploads\/2025\/04\/3-58-1536x864.jpeg 1536w, https:\/\/panoramaciudadano.com\/wp-content\/uploads\/2025\/04\/3-58.jpeg 1599w\" sizes=\"(max-width: 1024px) 100vw, 1024px\" \/><\/figure>\n\n\n\n<figure class=\"wp-block-image size-large\"><img decoding=\"async\" width=\"899\" height=\"743\" data-id=\"12577\" src=\"https:\/\/panoramaciudadano.com\/wp-content\/uploads\/2025\/04\/4-46.jpeg\" alt=\"\" class=\"wp-image-12577\" srcset=\"https:\/\/panoramaciudadano.com\/wp-content\/uploads\/2025\/04\/4-46.jpeg 899w, https:\/\/panoramaciudadano.com\/wp-content\/uploads\/2025\/04\/4-46-300x248.jpeg 300w, https:\/\/panoramaciudadano.com\/wp-content\/uploads\/2025\/04\/4-46-768x635.jpeg 768w\" sizes=\"(max-width: 899px) 100vw, 899px\" \/><\/figure>\n\n\n\n<figure class=\"wp-block-image size-large\"><img decoding=\"async\" width=\"899\" height=\"803\" data-id=\"12576\" src=\"https:\/\/panoramaciudadano.com\/wp-content\/uploads\/2025\/04\/5-20.jpeg\" alt=\"\" class=\"wp-image-12576\" srcset=\"https:\/\/panoramaciudadano.com\/wp-content\/uploads\/2025\/04\/5-20.jpeg 899w, https:\/\/panoramaciudadano.com\/wp-content\/uploads\/2025\/04\/5-20-300x268.jpeg 300w, https:\/\/panoramaciudadano.com\/wp-content\/uploads\/2025\/04\/5-20-768x686.jpeg 768w\" sizes=\"(max-width: 899px) 100vw, 899px\" \/><\/figure>\n\n\n\n<figure class=\"wp-block-image size-large\"><img decoding=\"async\" width=\"1024\" height=\"768\" data-id=\"12575\" src=\"https:\/\/panoramaciudadano.com\/wp-content\/uploads\/2025\/04\/WhatsApp-Image-2025-04-15-at-06.47.02-1024x768.jpeg\" alt=\"\" class=\"wp-image-12575\" srcset=\"https:\/\/panoramaciudadano.com\/wp-content\/uploads\/2025\/04\/WhatsApp-Image-2025-04-15-at-06.47.02-1024x768.jpeg 1024w, https:\/\/panoramaciudadano.com\/wp-content\/uploads\/2025\/04\/WhatsApp-Image-2025-04-15-at-06.47.02-300x225.jpeg 300w, https:\/\/panoramaciudadano.com\/wp-content\/uploads\/2025\/04\/WhatsApp-Image-2025-04-15-at-06.47.02-768x576.jpeg 768w, https:\/\/panoramaciudadano.com\/wp-content\/uploads\/2025\/04\/WhatsApp-Image-2025-04-15-at-06.47.02-1536x1152.jpeg 1536w, https:\/\/panoramaciudadano.com\/wp-content\/uploads\/2025\/04\/WhatsApp-Image-2025-04-15-at-06.47.02.jpeg 1600w\" sizes=\"(max-width: 1024px) 100vw, 1024px\" \/><\/figure>\n<\/figure>\n\n\n\n<p>Un incendio de maleza sobre la avenida Jos\u00e9 L\u00f3pez Portillo, a un costado de la bloquera ABC moviliz\u00f3 el mediod\u00eda de este lunes a bomberos y Protecci\u00f3n Civil, para sofocar las llamas.<\/p>\n\n\n\n<p>Seg\u00fan datos de los rescatistas este incendi\u00f3 ser\u00eda el tercero en lo que va de la jornada, ya que el primero fue a un costado de la avenida Rancho Viejo y el segundo en el Arco Vial.<\/p>\n\n\n\n<p>Este tercer incendio fue reportado por vecinos quienes solicitaron la presencia de bomberos, porque el fuego estaba avanzando y era una \u00e1rea verde grande la que se estaba quemando.<\/p>\n\n\n\n<p>Los bomberos de inmediato sacaron sus mangueras para iniciar la extinci\u00f3n del fuego, que por fortuna no hubo intoxicados o quemados.<\/p>\n\n\n\n<p>Despu\u00e9s de sofocar el fuego se retiraron de la zona para regresar a sus bases.<\/p>\n","protected":false},"excerpt":{"rendered":"<p>Un incendio de maleza sobre la avenida Jos\u00e9 L\u00f3pez Portillo, a un costado de la bloquera ABC moviliz\u00f3 el mediod\u00eda de este lunes a bomberos y Protecci\u00f3n Civil, para sofocar las llamas.<\/p>\n","protected":false},"author":1,"featured_media":12579,"comment_status":"open","ping_status":"closed","sticky":false,"template":"","format":"standard","meta":{"footnotes":""},"categories":[6],"tags":[1984,2327],"class_list":["post-12574","post","type-post","status-publish","format-standard","has-post-thumbnail","hentry","category-cancun","tag-avenida-jose-lopez-portillo","tag-bloquera-abc"],"yoast_head":"<!-- This site is optimized with the Yoast SEO plugin v27.1.1 - https:\/\/yoast.com\/product\/yoast-seo-wordpress\/ -->\n<title>Se registra tercer incendio de maleza del d\u00eda en la avenida Jos\u00e9 L\u00f3pez Portillo; bomberos logran sofocar las llamas sin lesionados - Panorama Ciudadano<\/title>\n<meta name=\"robots\" content=\"index, follow, max-snippet:-1, max-image-preview:large, max-video-preview:-1\" \/>\n<link rel=\"canonical\" href=\"https:\/\/panoramaciudadano.com\/index.php\/2025\/04\/15\/se-registra-tercer-incendio-de-maleza-del-dia-en-la-avenida-jose-lopez-portillo-bomberos-logran-sofocar-las-llamas-sin-lesionados\/\" \/>\n<meta property=\"og:locale\" content=\"es_ES\" \/>\n<meta property=\"og:type\" content=\"article\" \/>\n<meta property=\"og:title\" content=\"Se registra tercer incendio de maleza del d\u00eda en la avenida Jos\u00e9 L\u00f3pez Portillo; bomberos logran sofocar las llamas sin lesionados - Panorama Ciudadano\" \/>\n<meta property=\"og:description\" content=\"Un incendio de maleza sobre la avenida Jos\u00e9 L\u00f3pez Portillo, a un costado de la bloquera ABC moviliz\u00f3 el mediod\u00eda de este lunes a bomberos y Protecci\u00f3n Civil, para sofocar las llamas.\" \/>\n<meta property=\"og:url\" content=\"https:\/\/panoramaciudadano.com\/index.php\/2025\/04\/15\/se-registra-tercer-incendio-de-maleza-del-dia-en-la-avenida-jose-lopez-portillo-bomberos-logran-sofocar-las-llamas-sin-lesionados\/\" \/>\n<meta property=\"og:site_name\" content=\"Panorama Ciudadano\" \/>\n<meta property=\"article:publisher\" content=\"https:\/\/www.facebook.com\/panoramaciudadano\" \/>\n<meta property=\"article:published_time\" content=\"2025-04-15T16:43:20+00:00\" \/>\n<meta property=\"article:modified_time\" content=\"2025-04-15T16:43:21+00:00\" \/>\n<meta property=\"og:image\" content=\"https:\/\/panoramaciudadano.com\/wp-content\/uploads\/2025\/04\/2-63.jpeg\" \/>\n\t<meta property=\"og:image:width\" content=\"1599\" \/>\n\t<meta property=\"og:image:height\" content=\"899\" \/>\n\t<meta property=\"og:image:type\" content=\"image\/jpeg\" \/>\n<meta name=\"author\" content=\"admin\" \/>\n<meta name=\"twitter:card\" content=\"summary_large_image\" \/>\n<meta name=\"twitter:label1\" content=\"Escrito por\" \/>\n\t<meta name=\"twitter:data1\" content=\"admin\" \/>\n\t<meta name=\"twitter:label2\" content=\"Tiempo de lectura\" \/>\n\t<meta name=\"twitter:data2\" content=\"2 minutos\" \/>\n<script type=\"application\/ld+json\" class=\"yoast-schema-graph\">{\"@context\":\"https:\/\/schema.org\",\"@graph\":[{\"@type\":\"Article\",\"@id\":\"https:\/\/panoramaciudadano.com\/index.php\/2025\/04\/15\/se-registra-tercer-incendio-de-maleza-del-dia-en-la-avenida-jose-lopez-portillo-bomberos-logran-sofocar-las-llamas-sin-lesionados\/#article\",\"isPartOf\":{\"@id\":\"https:\/\/panoramaciudadano.com\/index.php\/2025\/04\/15\/se-registra-tercer-incendio-de-maleza-del-dia-en-la-avenida-jose-lopez-portillo-bomberos-logran-sofocar-las-llamas-sin-lesionados\/\"},\"author\":{\"name\":\"admin\",\"@id\":\"https:\/\/panoramaciudadano.com\/#\/schema\/person\/ffe9fe8ef47d3a93977b5761fd9e0d96\"},\"headline\":\"Se registra tercer incendio de maleza del d\u00eda en la avenida Jos\u00e9 L\u00f3pez Portillo; bomberos logran sofocar las llamas sin lesionados\",\"datePublished\":\"2025-04-15T16:43:20+00:00\",\"dateModified\":\"2025-04-15T16:43:21+00:00\",\"mainEntityOfPage\":{\"@id\":\"https:\/\/panoramaciudadano.com\/index.php\/2025\/04\/15\/se-registra-tercer-incendio-de-maleza-del-dia-en-la-avenida-jose-lopez-portillo-bomberos-logran-sofocar-las-llamas-sin-lesionados\/\"},\"wordCount\":164,\"commentCount\":0,\"publisher\":{\"@id\":\"https:\/\/panoramaciudadano.com\/#organization\"},\"image\":{\"@id\":\"https:\/\/panoramaciudadano.com\/index.php\/2025\/04\/15\/se-registra-tercer-incendio-de-maleza-del-dia-en-la-avenida-jose-lopez-portillo-bomberos-logran-sofocar-las-llamas-sin-lesionados\/#primaryimage\"},\"thumbnailUrl\":\"https:\/\/panoramaciudadano.com\/wp-content\/uploads\/2025\/04\/2-63.jpeg\",\"keywords\":[\"avenida Jos\u00e9 L\u00f3pez Portillo\",\"bloquera ABC\"],\"articleSection\":[\"Canc\u00fan\"],\"inLanguage\":\"es\",\"potentialAction\":[{\"@type\":\"CommentAction\",\"name\":\"Comment\",\"target\":[\"https:\/\/panoramaciudadano.com\/index.php\/2025\/04\/15\/se-registra-tercer-incendio-de-maleza-del-dia-en-la-avenida-jose-lopez-portillo-bomberos-logran-sofocar-las-llamas-sin-lesionados\/#respond\"]}]},{\"@type\":\"WebPage\",\"@id\":\"https:\/\/panoramaciudadano.com\/index.php\/2025\/04\/15\/se-registra-tercer-incendio-de-maleza-del-dia-en-la-avenida-jose-lopez-portillo-bomberos-logran-sofocar-las-llamas-sin-lesionados\/\",\"url\":\"https:\/\/panoramaciudadano.com\/index.php\/2025\/04\/15\/se-registra-tercer-incendio-de-maleza-del-dia-en-la-avenida-jose-lopez-portillo-bomberos-logran-sofocar-las-llamas-sin-lesionados\/\",\"name\":\"Se registra tercer incendio de maleza del d\u00eda en la avenida Jos\u00e9 L\u00f3pez Portillo; bomberos logran sofocar las llamas sin lesionados - Panorama Ciudadano\",\"isPartOf\":{\"@id\":\"https:\/\/panoramaciudadano.com\/#website\"},\"primaryImageOfPage\":{\"@id\":\"https:\/\/panoramaciudadano.com\/index.php\/2025\/04\/15\/se-registra-tercer-incendio-de-maleza-del-dia-en-la-avenida-jose-lopez-portillo-bomberos-logran-sofocar-las-llamas-sin-lesionados\/#primaryimage\"},\"image\":{\"@id\":\"https:\/\/panoramaciudadano.com\/index.php\/2025\/04\/15\/se-registra-tercer-incendio-de-maleza-del-dia-en-la-avenida-jose-lopez-portillo-bomberos-logran-sofocar-las-llamas-sin-lesionados\/#primaryimage\"},\"thumbnailUrl\":\"https:\/\/panoramaciudadano.com\/wp-content\/uploads\/2025\/04\/2-63.jpeg\",\"datePublished\":\"2025-04-15T16:43:20+00:00\",\"dateModified\":\"2025-04-15T16:43:21+00:00\",\"breadcrumb\":{\"@id\":\"https:\/\/panoramaciudadano.com\/index.php\/2025\/04\/15\/se-registra-tercer-incendio-de-maleza-del-dia-en-la-avenida-jose-lopez-portillo-bomberos-logran-sofocar-las-llamas-sin-lesionados\/#breadcrumb\"},\"inLanguage\":\"es\",\"potentialAction\":[{\"@type\":\"ReadAction\",\"target\":[\"https:\/\/panoramaciudadano.com\/index.php\/2025\/04\/15\/se-registra-tercer-incendio-de-maleza-del-dia-en-la-avenida-jose-lopez-portillo-bomberos-logran-sofocar-las-llamas-sin-lesionados\/\"]}]},{\"@type\":\"ImageObject\",\"inLanguage\":\"es\",\"@id\":\"https:\/\/panoramaciudadano.com\/index.php\/2025\/04\/15\/se-registra-tercer-incendio-de-maleza-del-dia-en-la-avenida-jose-lopez-portillo-bomberos-logran-sofocar-las-llamas-sin-lesionados\/#primaryimage\",\"url\":\"https:\/\/panoramaciudadano.com\/wp-content\/uploads\/2025\/04\/2-63.jpeg\",\"contentUrl\":\"https:\/\/panoramaciudadano.com\/wp-content\/uploads\/2025\/04\/2-63.jpeg\",\"width\":1599,\"height\":899},{\"@type\":\"BreadcrumbList\",\"@id\":\"https:\/\/panoramaciudadano.com\/index.php\/2025\/04\/15\/se-registra-tercer-incendio-de-maleza-del-dia-en-la-avenida-jose-lopez-portillo-bomberos-logran-sofocar-las-llamas-sin-lesionados\/#breadcrumb\",\"itemListElement\":[{\"@type\":\"ListItem\",\"position\":1,\"name\":\"Portada\",\"item\":\"https:\/\/panoramaciudadano.com\/\"},{\"@type\":\"ListItem\",\"position\":2,\"name\":\"Se registra tercer incendio de maleza del d\u00eda en la avenida Jos\u00e9 L\u00f3pez Portillo; bomberos logran sofocar las llamas sin lesionados\"}]},{\"@type\":\"WebSite\",\"@id\":\"https:\/\/panoramaciudadano.com\/#website\",\"url\":\"https:\/\/panoramaciudadano.com\/\",\"name\":\"Panorama Ciudadano\",\"description\":\"\",\"publisher\":{\"@id\":\"https:\/\/panoramaciudadano.com\/#organization\"},\"potentialAction\":[{\"@type\":\"SearchAction\",\"target\":{\"@type\":\"EntryPoint\",\"urlTemplate\":\"https:\/\/panoramaciudadano.com\/?s={search_term_string}\"},\"query-input\":{\"@type\":\"PropertyValueSpecification\",\"valueRequired\":true,\"valueName\":\"search_term_string\"}}],\"inLanguage\":\"es\"},{\"@type\":\"Organization\",\"@id\":\"https:\/\/panoramaciudadano.com\/#organization\",\"name\":\"Panorama Ciudadano\",\"url\":\"https:\/\/panoramaciudadano.com\/\",\"logo\":{\"@type\":\"ImageObject\",\"inLanguage\":\"es\",\"@id\":\"https:\/\/panoramaciudadano.com\/#\/schema\/logo\/image\/\",\"url\":\"https:\/\/panoramaciudadano.com\/wp-content\/uploads\/2024\/05\/401498640_919267042938564_6290593609399108733_n.jpg\",\"contentUrl\":\"https:\/\/panoramaciudadano.com\/wp-content\/uploads\/2024\/05\/401498640_919267042938564_6290593609399108733_n.jpg\",\"width\":960,\"height\":957,\"caption\":\"Panorama Ciudadano\"},\"image\":{\"@id\":\"https:\/\/panoramaciudadano.com\/#\/schema\/logo\/image\/\"},\"sameAs\":[\"https:\/\/www.facebook.com\/panoramaciudadano\"]},{\"@type\":\"Person\",\"@id\":\"https:\/\/panoramaciudadano.com\/#\/schema\/person\/ffe9fe8ef47d3a93977b5761fd9e0d96\",\"name\":\"admin\",\"image\":{\"@type\":\"ImageObject\",\"inLanguage\":\"es\",\"@id\":\"https:\/\/panoramaciudadano.com\/#\/schema\/person\/image\/\",\"url\":\"https:\/\/secure.gravatar.com\/avatar\/2d5a12cacce3f18096f25fadea8abb7202fef18ed669595589853e84260ff451?s=96&d=mm&r=g\",\"contentUrl\":\"https:\/\/secure.gravatar.com\/avatar\/2d5a12cacce3f18096f25fadea8abb7202fef18ed669595589853e84260ff451?s=96&d=mm&r=g\",\"caption\":\"admin\"},\"sameAs\":[\"https:\/\/panoramaciudadano.com\"],\"url\":\"https:\/\/panoramaciudadano.com\/index.php\/author\/admin_3q6hyqq3\/\"}]}<\/script>\n<!-- \/ Yoast SEO plugin. -->","yoast_head_json":{"title":"Se registra tercer incendio de maleza del d\u00eda en la avenida Jos\u00e9 L\u00f3pez Portillo; bomberos logran sofocar las llamas sin lesionados - Panorama Ciudadano","robots":{"index":"index","follow":"follow","max-snippet":"max-snippet:-1","max-image-preview":"max-image-preview:large","max-video-preview":"max-video-preview:-1"},"canonical":"https:\/\/panoramaciudadano.com\/index.php\/2025\/04\/15\/se-registra-tercer-incendio-de-maleza-del-dia-en-la-avenida-jose-lopez-portillo-bomberos-logran-sofocar-las-llamas-sin-lesionados\/","og_locale":"es_ES","og_type":"article","og_title":"Se registra tercer incendio de maleza del d\u00eda en la avenida Jos\u00e9 L\u00f3pez Portillo; bomberos logran sofocar las llamas sin lesionados - Panorama Ciudadano","og_description":"Un incendio de maleza sobre la avenida Jos\u00e9 L\u00f3pez Portillo, a un costado de la bloquera ABC moviliz\u00f3 el mediod\u00eda de este lunes a bomberos y Protecci\u00f3n Civil, para sofocar las llamas.","og_url":"https:\/\/panoramaciudadano.com\/index.php\/2025\/04\/15\/se-registra-tercer-incendio-de-maleza-del-dia-en-la-avenida-jose-lopez-portillo-bomberos-logran-sofocar-las-llamas-sin-lesionados\/","og_site_name":"Panorama Ciudadano","article_publisher":"https:\/\/www.facebook.com\/panoramaciudadano","article_published_time":"2025-04-15T16:43:20+00:00","article_modified_time":"2025-04-15T16:43:21+00:00","og_image":[{"width":1599,"height":899,"url":"https:\/\/panoramaciudadano.com\/wp-content\/uploads\/2025\/04\/2-63.jpeg","type":"image\/jpeg"}],"author":"admin","twitter_card":"summary_large_image","twitter_misc":{"Escrito por":"admin","Tiempo de lectura":"2 minutos"},"schema":{"@context":"https:\/\/schema.org","@graph":[{"@type":"Article","@id":"https:\/\/panoramaciudadano.com\/index.php\/2025\/04\/15\/se-registra-tercer-incendio-de-maleza-del-dia-en-la-avenida-jose-lopez-portillo-bomberos-logran-sofocar-las-llamas-sin-lesionados\/#article","isPartOf":{"@id":"https:\/\/panoramaciudadano.com\/index.php\/2025\/04\/15\/se-registra-tercer-incendio-de-maleza-del-dia-en-la-avenida-jose-lopez-portillo-bomberos-logran-sofocar-las-llamas-sin-lesionados\/"},"author":{"name":"admin","@id":"https:\/\/panoramaciudadano.com\/#\/schema\/person\/ffe9fe8ef47d3a93977b5761fd9e0d96"},"headline":"Se registra tercer incendio de maleza del d\u00eda en la avenida Jos\u00e9 L\u00f3pez Portillo; bomberos logran sofocar las llamas sin lesionados","datePublished":"2025-04-15T16:43:20+00:00","dateModified":"2025-04-15T16:43:21+00:00","mainEntityOfPage":{"@id":"https:\/\/panoramaciudadano.com\/index.php\/2025\/04\/15\/se-registra-tercer-incendio-de-maleza-del-dia-en-la-avenida-jose-lopez-portillo-bomberos-logran-sofocar-las-llamas-sin-lesionados\/"},"wordCount":164,"commentCount":0,"publisher":{"@id":"https:\/\/panoramaciudadano.com\/#organization"},"image":{"@id":"https:\/\/panoramaciudadano.com\/index.php\/2025\/04\/15\/se-registra-tercer-incendio-de-maleza-del-dia-en-la-avenida-jose-lopez-portillo-bomberos-logran-sofocar-las-llamas-sin-lesionados\/#primaryimage"},"thumbnailUrl":"https:\/\/panoramaciudadano.com\/wp-content\/uploads\/2025\/04\/2-63.jpeg","keywords":["avenida Jos\u00e9 L\u00f3pez Portillo","bloquera ABC"],"articleSection":["Canc\u00fan"],"inLanguage":"es","potentialAction":[{"@type":"CommentAction","name":"Comment","target":["https:\/\/panoramaciudadano.com\/index.php\/2025\/04\/15\/se-registra-tercer-incendio-de-maleza-del-dia-en-la-avenida-jose-lopez-portillo-bomberos-logran-sofocar-las-llamas-sin-lesionados\/#respond"]}]},{"@type":"WebPage","@id":"https:\/\/panoramaciudadano.com\/index.php\/2025\/04\/15\/se-registra-tercer-incendio-de-maleza-del-dia-en-la-avenida-jose-lopez-portillo-bomberos-logran-sofocar-las-llamas-sin-lesionados\/","url":"https:\/\/panoramaciudadano.com\/index.php\/2025\/04\/15\/se-registra-tercer-incendio-de-maleza-del-dia-en-la-avenida-jose-lopez-portillo-bomberos-logran-sofocar-las-llamas-sin-lesionados\/","name":"Se registra tercer incendio de maleza del d\u00eda en la avenida Jos\u00e9 L\u00f3pez Portillo; bomberos logran sofocar las llamas sin lesionados - Panorama Ciudadano","isPartOf":{"@id":"https:\/\/panoramaciudadano.com\/#website"},"primaryImageOfPage":{"@id":"https:\/\/panoramaciudadano.com\/index.php\/2025\/04\/15\/se-registra-tercer-incendio-de-maleza-del-dia-en-la-avenida-jose-lopez-portillo-bomberos-logran-sofocar-las-llamas-sin-lesionados\/#primaryimage"},"image":{"@id":"https:\/\/panoramaciudadano.com\/index.php\/2025\/04\/15\/se-registra-tercer-incendio-de-maleza-del-dia-en-la-avenida-jose-lopez-portillo-bomberos-logran-sofocar-las-llamas-sin-lesionados\/#primaryimage"},"thumbnailUrl":"https:\/\/panoramaciudadano.com\/wp-content\/uploads\/2025\/04\/2-63.jpeg","datePublished":"2025-04-15T16:43:20+00:00","dateModified":"2025-04-15T16:43:21+00:00","breadcrumb":{"@id":"https:\/\/panoramaciudadano.com\/index.php\/2025\/04\/15\/se-registra-tercer-incendio-de-maleza-del-dia-en-la-avenida-jose-lopez-portillo-bomberos-logran-sofocar-las-llamas-sin-lesionados\/#breadcrumb"},"inLanguage":"es","potentialAction":[{"@type":"ReadAction","target":["https:\/\/panoramaciudadano.com\/index.php\/2025\/04\/15\/se-registra-tercer-incendio-de-maleza-del-dia-en-la-avenida-jose-lopez-portillo-bomberos-logran-sofocar-las-llamas-sin-lesionados\/"]}]},{"@type":"ImageObject","inLanguage":"es","@id":"https:\/\/panoramaciudadano.com\/index.php\/2025\/04\/15\/se-registra-tercer-incendio-de-maleza-del-dia-en-la-avenida-jose-lopez-portillo-bomberos-logran-sofocar-las-llamas-sin-lesionados\/#primaryimage","url":"https:\/\/panoramaciudadano.com\/wp-content\/uploads\/2025\/04\/2-63.jpeg","contentUrl":"https:\/\/panoramaciudadano.com\/wp-content\/uploads\/2025\/04\/2-63.jpeg","width":1599,"height":899},{"@type":"BreadcrumbList","@id":"https:\/\/panoramaciudadano.com\/index.php\/2025\/04\/15\/se-registra-tercer-incendio-de-maleza-del-dia-en-la-avenida-jose-lopez-portillo-bomberos-logran-sofocar-las-llamas-sin-lesionados\/#breadcrumb","itemListElement":[{"@type":"ListItem","position":1,"name":"Portada","item":"https:\/\/panoramaciudadano.com\/"},{"@type":"ListItem","position":2,"name":"Se registra tercer incendio de maleza del d\u00eda en la avenida Jos\u00e9 L\u00f3pez Portillo; bomberos logran sofocar las llamas sin lesionados"}]},{"@type":"WebSite","@id":"https:\/\/panoramaciudadano.com\/#website","url":"https:\/\/panoramaciudadano.com\/","name":"Panorama Ciudadano","description":"","publisher":{"@id":"https:\/\/panoramaciudadano.com\/#organization"},"potentialAction":[{"@type":"SearchAction","target":{"@type":"EntryPoint","urlTemplate":"https:\/\/panoramaciudadano.com\/?s={search_term_string}"},"query-input":{"@type":"PropertyValueSpecification","valueRequired":true,"valueName":"search_term_string"}}],"inLanguage":"es"},{"@type":"Organization","@id":"https:\/\/panoramaciudadano.com\/#organization","name":"Panorama Ciudadano","url":"https:\/\/panoramaciudadano.com\/","logo":{"@type":"ImageObject","inLanguage":"es","@id":"https:\/\/panoramaciudadano.com\/#\/schema\/logo\/image\/","url":"https:\/\/panoramaciudadano.com\/wp-content\/uploads\/2024\/05\/401498640_919267042938564_6290593609399108733_n.jpg","contentUrl":"https:\/\/panoramaciudadano.com\/wp-content\/uploads\/2024\/05\/401498640_919267042938564_6290593609399108733_n.jpg","width":960,"height":957,"caption":"Panorama Ciudadano"},"image":{"@id":"https:\/\/panoramaciudadano.com\/#\/schema\/logo\/image\/"},"sameAs":["https:\/\/www.facebook.com\/panoramaciudadano"]},{"@type":"Person","@id":"https:\/\/panoramaciudadano.com\/#\/schema\/person\/ffe9fe8ef47d3a93977b5761fd9e0d96","name":"admin","image":{"@type":"ImageObject","inLanguage":"es","@id":"https:\/\/panoramaciudadano.com\/#\/schema\/person\/image\/","url":"https:\/\/secure.gravatar.com\/avatar\/2d5a12cacce3f18096f25fadea8abb7202fef18ed669595589853e84260ff451?s=96&d=mm&r=g","contentUrl":"https:\/\/secure.gravatar.com\/avatar\/2d5a12cacce3f18096f25fadea8abb7202fef18ed669595589853e84260ff451?s=96&d=mm&r=g","caption":"admin"},"sameAs":["https:\/\/panoramaciudadano.com"],"url":"https:\/\/panoramaciudadano.com\/index.php\/author\/admin_3q6hyqq3\/"}]}},"_links":{"self":[{"href":"https:\/\/panoramaciudadano.com\/index.php\/wp-json\/wp\/v2\/posts\/12574","targetHints":{"allow":["GET"]}}],"collection":[{"href":"https:\/\/panoramaciudadano.com\/index.php\/wp-json\/wp\/v2\/posts"}],"about":[{"href":"https:\/\/panoramaciudadano.com\/index.php\/wp-json\/wp\/v2\/types\/post"}],"author":[{"embeddable":true,"href":"https:\/\/panoramaciudadano.com\/index.php\/wp-json\/wp\/v2\/users\/1"}],"replies":[{"embeddable":true,"href":"https:\/\/panoramaciudadano.com\/index.php\/wp-json\/wp\/v2\/comments?post=12574"}],"version-history":[{"count":1,"href":"https:\/\/panoramaciudadano.com\/index.php\/wp-json\/wp\/v2\/posts\/12574\/revisions"}],"predecessor-version":[{"id":12580,"href":"https:\/\/panoramaciudadano.com\/index.php\/wp-json\/wp\/v2\/posts\/12574\/revisions\/12580"}],"wp:featuredmedia":[{"embeddable":true,"href":"https:\/\/panoramaciudadano.com\/index.php\/wp-json\/wp\/v2\/media\/12579"}],"wp:attachment":[{"href":"https:\/\/panoramaciudadano.com\/index.php\/wp-json\/wp\/v2\/media?parent=12574"}],"wp:term":[{"taxonomy":"category","embeddable":true,"href":"https:\/\/panoramaciudadano.com\/index.php\/wp-json\/wp\/v2\/categories?post=12574"},{"taxonomy":"post_tag","embeddable":true,"href":"https:\/\/panoramaciudadano.com\/index.php\/wp-json\/wp\/v2\/tags?post=12574"}],"curies":[{"name":"wp","href":"https:\/\/api.w.org\/{rel}","templated":true}]}}