{"id":12581,"date":"2025-04-15T11:46:51","date_gmt":"2025-04-15T16:46:51","guid":{"rendered":"https:\/\/panoramaciudadano.com\/?p=12581"},"modified":"2025-04-15T11:46:53","modified_gmt":"2025-04-15T16:46:53","slug":"macabro-hallazgo-en-real-valencia-encuentran-craneo-humano-junto-a-casco-de-motociclista-en-area-verde","status":"publish","type":"post","link":"https:\/\/panoramaciudadano.com\/index.php\/2025\/04\/15\/macabro-hallazgo-en-real-valencia-encuentran-craneo-humano-junto-a-casco-de-motociclista-en-area-verde\/","title":{"rendered":"Macabro hallazgo en Real Valencia: encuentran cr\u00e1neo humano junto a casco de motociclista en \u00e1rea verde"},"content":{"rendered":"\n<figure class=\"wp-block-image size-large\"><img decoding=\"async\" width=\"1024\" height=\"576\" src=\"https:\/\/panoramaciudadano.com\/wp-content\/uploads\/2025\/04\/2-64-1024x576.jpeg\" alt=\"\" class=\"wp-image-12582\" srcset=\"https:\/\/panoramaciudadano.com\/wp-content\/uploads\/2025\/04\/2-64-1024x576.jpeg 1024w, https:\/\/panoramaciudadano.com\/wp-content\/uploads\/2025\/04\/2-64-300x169.jpeg 300w, https:\/\/panoramaciudadano.com\/wp-content\/uploads\/2025\/04\/2-64-768x432.jpeg 768w, https:\/\/panoramaciudadano.com\/wp-content\/uploads\/2025\/04\/2-64.jpeg 1280w\" sizes=\"(max-width: 1024px) 100vw, 1024px\" \/><\/figure>\n\n\n\n<p>Cerca de las 18:20 horas se report\u00f3 al servicio de emergencias 911 el hallazgo de restos humanos en un \u00e1rea verde cerca del fraccionamiento Real Valencia ubicado en la supermanzana 260.<\/p>\n\n\n\n<p>Los primeros en llegar fueron elementos de la Polic\u00eda Estatal quienes confirmaron que a un metro de la cinta asf\u00e1ltica sobre la avenida 20 de Noviembre, se encontraban un cr\u00e1neo humano y a un costado un casco de motociclista color blanco.<\/p>\n\n\n\n<p>Las autoridades del estado inspeccionaron el \u00e1rea sin que encontraran m\u00e1s partes humanas, luego procedieron a delimitar el \u00e1rea y solicitaron el apoyo del personal de la Fiscal\u00eda General del Estado (FGE.<\/p>\n\n\n\n<p>Minutos despu\u00e9s llegaron Agentes de Investigaci\u00f3n de la Unidad de Homicidios y elementos de la Guardia Nacional para apoyar en la seguridad y hacerse cargo de las averiguaciones.<\/p>\n\n\n\n<p>M\u00e1s tarde lleg\u00f3 el personal de Servicios Periciales de para hacerse cargo del levantamiento de la parte humana.<\/p>\n","protected":false},"excerpt":{"rendered":"<p>Cerca de las 18:20 horas se report\u00f3 al servicio de emergencias 911 el hallazgo de restos humanos en un \u00e1rea verde cerca del fraccionamiento Real Valencia ubicado en la supermanzana 260.<\/p>\n","protected":false},"author":1,"featured_media":12582,"comment_status":"open","ping_status":"closed","sticky":false,"template":"","format":"standard","meta":{"footnotes":""},"categories":[6],"tags":[2326],"class_list":["post-12581","post","type-post","status-publish","format-standard","has-post-thumbnail","hentry","category-cancun","tag-region-260"],"yoast_head":"<!-- This site is optimized with the Yoast SEO plugin v27.1.1 - https:\/\/yoast.com\/product\/yoast-seo-wordpress\/ -->\n<title>Macabro hallazgo en Real Valencia: encuentran cr\u00e1neo humano junto a casco de motociclista en \u00e1rea verde - Panorama Ciudadano<\/title>\n<meta name=\"robots\" content=\"index, follow, max-snippet:-1, max-image-preview:large, max-video-preview:-1\" \/>\n<link rel=\"canonical\" href=\"https:\/\/panoramaciudadano.com\/index.php\/2025\/04\/15\/macabro-hallazgo-en-real-valencia-encuentran-craneo-humano-junto-a-casco-de-motociclista-en-area-verde\/\" \/>\n<meta property=\"og:locale\" content=\"es_ES\" \/>\n<meta property=\"og:type\" content=\"article\" \/>\n<meta property=\"og:title\" content=\"Macabro hallazgo en Real Valencia: encuentran cr\u00e1neo humano junto a casco de motociclista en \u00e1rea verde - Panorama Ciudadano\" \/>\n<meta property=\"og:description\" content=\"Cerca de las 18:20 horas se report\u00f3 al servicio de emergencias 911 el hallazgo de restos humanos en un \u00e1rea verde cerca del fraccionamiento Real Valencia ubicado en la supermanzana 260.\" \/>\n<meta property=\"og:url\" content=\"https:\/\/panoramaciudadano.com\/index.php\/2025\/04\/15\/macabro-hallazgo-en-real-valencia-encuentran-craneo-humano-junto-a-casco-de-motociclista-en-area-verde\/\" \/>\n<meta property=\"og:site_name\" content=\"Panorama Ciudadano\" \/>\n<meta property=\"article:publisher\" content=\"https:\/\/www.facebook.com\/panoramaciudadano\" \/>\n<meta property=\"article:published_time\" content=\"2025-04-15T16:46:51+00:00\" \/>\n<meta property=\"article:modified_time\" content=\"2025-04-15T16:46:53+00:00\" \/>\n<meta property=\"og:image\" content=\"https:\/\/panoramaciudadano.com\/wp-content\/uploads\/2025\/04\/2-64.jpeg\" \/>\n\t<meta property=\"og:image:width\" content=\"1280\" \/>\n\t<meta property=\"og:image:height\" content=\"720\" \/>\n\t<meta property=\"og:image:type\" content=\"image\/jpeg\" \/>\n<meta name=\"author\" content=\"admin\" \/>\n<meta name=\"twitter:card\" content=\"summary_large_image\" \/>\n<meta name=\"twitter:label1\" content=\"Escrito por\" \/>\n\t<meta name=\"twitter:data1\" content=\"admin\" \/>\n\t<meta name=\"twitter:label2\" content=\"Tiempo de lectura\" \/>\n\t<meta name=\"twitter:data2\" content=\"2 minutos\" \/>\n<script type=\"application\/ld+json\" class=\"yoast-schema-graph\">{\"@context\":\"https:\/\/schema.org\",\"@graph\":[{\"@type\":\"Article\",\"@id\":\"https:\/\/panoramaciudadano.com\/index.php\/2025\/04\/15\/macabro-hallazgo-en-real-valencia-encuentran-craneo-humano-junto-a-casco-de-motociclista-en-area-verde\/#article\",\"isPartOf\":{\"@id\":\"https:\/\/panoramaciudadano.com\/index.php\/2025\/04\/15\/macabro-hallazgo-en-real-valencia-encuentran-craneo-humano-junto-a-casco-de-motociclista-en-area-verde\/\"},\"author\":{\"name\":\"admin\",\"@id\":\"https:\/\/panoramaciudadano.com\/#\/schema\/person\/ffe9fe8ef47d3a93977b5761fd9e0d96\"},\"headline\":\"Macabro hallazgo en Real Valencia: encuentran cr\u00e1neo humano junto a casco de motociclista en \u00e1rea verde\",\"datePublished\":\"2025-04-15T16:46:51+00:00\",\"dateModified\":\"2025-04-15T16:46:53+00:00\",\"mainEntityOfPage\":{\"@id\":\"https:\/\/panoramaciudadano.com\/index.php\/2025\/04\/15\/macabro-hallazgo-en-real-valencia-encuentran-craneo-humano-junto-a-casco-de-motociclista-en-area-verde\/\"},\"wordCount\":171,\"commentCount\":0,\"publisher\":{\"@id\":\"https:\/\/panoramaciudadano.com\/#organization\"},\"image\":{\"@id\":\"https:\/\/panoramaciudadano.com\/index.php\/2025\/04\/15\/macabro-hallazgo-en-real-valencia-encuentran-craneo-humano-junto-a-casco-de-motociclista-en-area-verde\/#primaryimage\"},\"thumbnailUrl\":\"https:\/\/panoramaciudadano.com\/wp-content\/uploads\/2025\/04\/2-64.jpeg\",\"keywords\":[\"regi\u00f3n 260\"],\"articleSection\":[\"Canc\u00fan\"],\"inLanguage\":\"es\",\"potentialAction\":[{\"@type\":\"CommentAction\",\"name\":\"Comment\",\"target\":[\"https:\/\/panoramaciudadano.com\/index.php\/2025\/04\/15\/macabro-hallazgo-en-real-valencia-encuentran-craneo-humano-junto-a-casco-de-motociclista-en-area-verde\/#respond\"]}]},{\"@type\":\"WebPage\",\"@id\":\"https:\/\/panoramaciudadano.com\/index.php\/2025\/04\/15\/macabro-hallazgo-en-real-valencia-encuentran-craneo-humano-junto-a-casco-de-motociclista-en-area-verde\/\",\"url\":\"https:\/\/panoramaciudadano.com\/index.php\/2025\/04\/15\/macabro-hallazgo-en-real-valencia-encuentran-craneo-humano-junto-a-casco-de-motociclista-en-area-verde\/\",\"name\":\"Macabro hallazgo en Real Valencia: encuentran cr\u00e1neo humano junto a casco de motociclista en \u00e1rea verde - Panorama Ciudadano\",\"isPartOf\":{\"@id\":\"https:\/\/panoramaciudadano.com\/#website\"},\"primaryImageOfPage\":{\"@id\":\"https:\/\/panoramaciudadano.com\/index.php\/2025\/04\/15\/macabro-hallazgo-en-real-valencia-encuentran-craneo-humano-junto-a-casco-de-motociclista-en-area-verde\/#primaryimage\"},\"image\":{\"@id\":\"https:\/\/panoramaciudadano.com\/index.php\/2025\/04\/15\/macabro-hallazgo-en-real-valencia-encuentran-craneo-humano-junto-a-casco-de-motociclista-en-area-verde\/#primaryimage\"},\"thumbnailUrl\":\"https:\/\/panoramaciudadano.com\/wp-content\/uploads\/2025\/04\/2-64.jpeg\",\"datePublished\":\"2025-04-15T16:46:51+00:00\",\"dateModified\":\"2025-04-15T16:46:53+00:00\",\"breadcrumb\":{\"@id\":\"https:\/\/panoramaciudadano.com\/index.php\/2025\/04\/15\/macabro-hallazgo-en-real-valencia-encuentran-craneo-humano-junto-a-casco-de-motociclista-en-area-verde\/#breadcrumb\"},\"inLanguage\":\"es\",\"potentialAction\":[{\"@type\":\"ReadAction\",\"target\":[\"https:\/\/panoramaciudadano.com\/index.php\/2025\/04\/15\/macabro-hallazgo-en-real-valencia-encuentran-craneo-humano-junto-a-casco-de-motociclista-en-area-verde\/\"]}]},{\"@type\":\"ImageObject\",\"inLanguage\":\"es\",\"@id\":\"https:\/\/panoramaciudadano.com\/index.php\/2025\/04\/15\/macabro-hallazgo-en-real-valencia-encuentran-craneo-humano-junto-a-casco-de-motociclista-en-area-verde\/#primaryimage\",\"url\":\"https:\/\/panoramaciudadano.com\/wp-content\/uploads\/2025\/04\/2-64.jpeg\",\"contentUrl\":\"https:\/\/panoramaciudadano.com\/wp-content\/uploads\/2025\/04\/2-64.jpeg\",\"width\":1280,\"height\":720},{\"@type\":\"BreadcrumbList\",\"@id\":\"https:\/\/panoramaciudadano.com\/index.php\/2025\/04\/15\/macabro-hallazgo-en-real-valencia-encuentran-craneo-humano-junto-a-casco-de-motociclista-en-area-verde\/#breadcrumb\",\"itemListElement\":[{\"@type\":\"ListItem\",\"position\":1,\"name\":\"Portada\",\"item\":\"https:\/\/panoramaciudadano.com\/\"},{\"@type\":\"ListItem\",\"position\":2,\"name\":\"Macabro hallazgo en Real Valencia: encuentran cr\u00e1neo humano junto a casco de motociclista en \u00e1rea verde\"}]},{\"@type\":\"WebSite\",\"@id\":\"https:\/\/panoramaciudadano.com\/#website\",\"url\":\"https:\/\/panoramaciudadano.com\/\",\"name\":\"Panorama Ciudadano\",\"description\":\"\",\"publisher\":{\"@id\":\"https:\/\/panoramaciudadano.com\/#organization\"},\"potentialAction\":[{\"@type\":\"SearchAction\",\"target\":{\"@type\":\"EntryPoint\",\"urlTemplate\":\"https:\/\/panoramaciudadano.com\/?s={search_term_string}\"},\"query-input\":{\"@type\":\"PropertyValueSpecification\",\"valueRequired\":true,\"valueName\":\"search_term_string\"}}],\"inLanguage\":\"es\"},{\"@type\":\"Organization\",\"@id\":\"https:\/\/panoramaciudadano.com\/#organization\",\"name\":\"Panorama Ciudadano\",\"url\":\"https:\/\/panoramaciudadano.com\/\",\"logo\":{\"@type\":\"ImageObject\",\"inLanguage\":\"es\",\"@id\":\"https:\/\/panoramaciudadano.com\/#\/schema\/logo\/image\/\",\"url\":\"https:\/\/panoramaciudadano.com\/wp-content\/uploads\/2024\/05\/401498640_919267042938564_6290593609399108733_n.jpg\",\"contentUrl\":\"https:\/\/panoramaciudadano.com\/wp-content\/uploads\/2024\/05\/401498640_919267042938564_6290593609399108733_n.jpg\",\"width\":960,\"height\":957,\"caption\":\"Panorama Ciudadano\"},\"image\":{\"@id\":\"https:\/\/panoramaciudadano.com\/#\/schema\/logo\/image\/\"},\"sameAs\":[\"https:\/\/www.facebook.com\/panoramaciudadano\"]},{\"@type\":\"Person\",\"@id\":\"https:\/\/panoramaciudadano.com\/#\/schema\/person\/ffe9fe8ef47d3a93977b5761fd9e0d96\",\"name\":\"admin\",\"image\":{\"@type\":\"ImageObject\",\"inLanguage\":\"es\",\"@id\":\"https:\/\/panoramaciudadano.com\/#\/schema\/person\/image\/\",\"url\":\"https:\/\/secure.gravatar.com\/avatar\/2d5a12cacce3f18096f25fadea8abb7202fef18ed669595589853e84260ff451?s=96&d=mm&r=g\",\"contentUrl\":\"https:\/\/secure.gravatar.com\/avatar\/2d5a12cacce3f18096f25fadea8abb7202fef18ed669595589853e84260ff451?s=96&d=mm&r=g\",\"caption\":\"admin\"},\"sameAs\":[\"https:\/\/panoramaciudadano.com\"],\"url\":\"https:\/\/panoramaciudadano.com\/index.php\/author\/admin_3q6hyqq3\/\"}]}<\/script>\n<!-- \/ Yoast SEO plugin. -->","yoast_head_json":{"title":"Macabro hallazgo en Real Valencia: encuentran cr\u00e1neo humano junto a casco de motociclista en \u00e1rea verde - Panorama Ciudadano","robots":{"index":"index","follow":"follow","max-snippet":"max-snippet:-1","max-image-preview":"max-image-preview:large","max-video-preview":"max-video-preview:-1"},"canonical":"https:\/\/panoramaciudadano.com\/index.php\/2025\/04\/15\/macabro-hallazgo-en-real-valencia-encuentran-craneo-humano-junto-a-casco-de-motociclista-en-area-verde\/","og_locale":"es_ES","og_type":"article","og_title":"Macabro hallazgo en Real Valencia: encuentran cr\u00e1neo humano junto a casco de motociclista en \u00e1rea verde - Panorama Ciudadano","og_description":"Cerca de las 18:20 horas se report\u00f3 al servicio de emergencias 911 el hallazgo de restos humanos en un \u00e1rea verde cerca del fraccionamiento Real Valencia ubicado en la supermanzana 260.","og_url":"https:\/\/panoramaciudadano.com\/index.php\/2025\/04\/15\/macabro-hallazgo-en-real-valencia-encuentran-craneo-humano-junto-a-casco-de-motociclista-en-area-verde\/","og_site_name":"Panorama Ciudadano","article_publisher":"https:\/\/www.facebook.com\/panoramaciudadano","article_published_time":"2025-04-15T16:46:51+00:00","article_modified_time":"2025-04-15T16:46:53+00:00","og_image":[{"width":1280,"height":720,"url":"https:\/\/panoramaciudadano.com\/wp-content\/uploads\/2025\/04\/2-64.jpeg","type":"image\/jpeg"}],"author":"admin","twitter_card":"summary_large_image","twitter_misc":{"Escrito por":"admin","Tiempo de lectura":"2 minutos"},"schema":{"@context":"https:\/\/schema.org","@graph":[{"@type":"Article","@id":"https:\/\/panoramaciudadano.com\/index.php\/2025\/04\/15\/macabro-hallazgo-en-real-valencia-encuentran-craneo-humano-junto-a-casco-de-motociclista-en-area-verde\/#article","isPartOf":{"@id":"https:\/\/panoramaciudadano.com\/index.php\/2025\/04\/15\/macabro-hallazgo-en-real-valencia-encuentran-craneo-humano-junto-a-casco-de-motociclista-en-area-verde\/"},"author":{"name":"admin","@id":"https:\/\/panoramaciudadano.com\/#\/schema\/person\/ffe9fe8ef47d3a93977b5761fd9e0d96"},"headline":"Macabro hallazgo en Real Valencia: encuentran cr\u00e1neo humano junto a casco de motociclista en \u00e1rea verde","datePublished":"2025-04-15T16:46:51+00:00","dateModified":"2025-04-15T16:46:53+00:00","mainEntityOfPage":{"@id":"https:\/\/panoramaciudadano.com\/index.php\/2025\/04\/15\/macabro-hallazgo-en-real-valencia-encuentran-craneo-humano-junto-a-casco-de-motociclista-en-area-verde\/"},"wordCount":171,"commentCount":0,"publisher":{"@id":"https:\/\/panoramaciudadano.com\/#organization"},"image":{"@id":"https:\/\/panoramaciudadano.com\/index.php\/2025\/04\/15\/macabro-hallazgo-en-real-valencia-encuentran-craneo-humano-junto-a-casco-de-motociclista-en-area-verde\/#primaryimage"},"thumbnailUrl":"https:\/\/panoramaciudadano.com\/wp-content\/uploads\/2025\/04\/2-64.jpeg","keywords":["regi\u00f3n 260"],"articleSection":["Canc\u00fan"],"inLanguage":"es","potentialAction":[{"@type":"CommentAction","name":"Comment","target":["https:\/\/panoramaciudadano.com\/index.php\/2025\/04\/15\/macabro-hallazgo-en-real-valencia-encuentran-craneo-humano-junto-a-casco-de-motociclista-en-area-verde\/#respond"]}]},{"@type":"WebPage","@id":"https:\/\/panoramaciudadano.com\/index.php\/2025\/04\/15\/macabro-hallazgo-en-real-valencia-encuentran-craneo-humano-junto-a-casco-de-motociclista-en-area-verde\/","url":"https:\/\/panoramaciudadano.com\/index.php\/2025\/04\/15\/macabro-hallazgo-en-real-valencia-encuentran-craneo-humano-junto-a-casco-de-motociclista-en-area-verde\/","name":"Macabro hallazgo en Real Valencia: encuentran cr\u00e1neo humano junto a casco de motociclista en \u00e1rea verde - Panorama Ciudadano","isPartOf":{"@id":"https:\/\/panoramaciudadano.com\/#website"},"primaryImageOfPage":{"@id":"https:\/\/panoramaciudadano.com\/index.php\/2025\/04\/15\/macabro-hallazgo-en-real-valencia-encuentran-craneo-humano-junto-a-casco-de-motociclista-en-area-verde\/#primaryimage"},"image":{"@id":"https:\/\/panoramaciudadano.com\/index.php\/2025\/04\/15\/macabro-hallazgo-en-real-valencia-encuentran-craneo-humano-junto-a-casco-de-motociclista-en-area-verde\/#primaryimage"},"thumbnailUrl":"https:\/\/panoramaciudadano.com\/wp-content\/uploads\/2025\/04\/2-64.jpeg","datePublished":"2025-04-15T16:46:51+00:00","dateModified":"2025-04-15T16:46:53+00:00","breadcrumb":{"@id":"https:\/\/panoramaciudadano.com\/index.php\/2025\/04\/15\/macabro-hallazgo-en-real-valencia-encuentran-craneo-humano-junto-a-casco-de-motociclista-en-area-verde\/#breadcrumb"},"inLanguage":"es","potentialAction":[{"@type":"ReadAction","target":["https:\/\/panoramaciudadano.com\/index.php\/2025\/04\/15\/macabro-hallazgo-en-real-valencia-encuentran-craneo-humano-junto-a-casco-de-motociclista-en-area-verde\/"]}]},{"@type":"ImageObject","inLanguage":"es","@id":"https:\/\/panoramaciudadano.com\/index.php\/2025\/04\/15\/macabro-hallazgo-en-real-valencia-encuentran-craneo-humano-junto-a-casco-de-motociclista-en-area-verde\/#primaryimage","url":"https:\/\/panoramaciudadano.com\/wp-content\/uploads\/2025\/04\/2-64.jpeg","contentUrl":"https:\/\/panoramaciudadano.com\/wp-content\/uploads\/2025\/04\/2-64.jpeg","width":1280,"height":720},{"@type":"BreadcrumbList","@id":"https:\/\/panoramaciudadano.com\/index.php\/2025\/04\/15\/macabro-hallazgo-en-real-valencia-encuentran-craneo-humano-junto-a-casco-de-motociclista-en-area-verde\/#breadcrumb","itemListElement":[{"@type":"ListItem","position":1,"name":"Portada","item":"https:\/\/panoramaciudadano.com\/"},{"@type":"ListItem","position":2,"name":"Macabro hallazgo en Real Valencia: encuentran cr\u00e1neo humano junto a casco de motociclista en \u00e1rea verde"}]},{"@type":"WebSite","@id":"https:\/\/panoramaciudadano.com\/#website","url":"https:\/\/panoramaciudadano.com\/","name":"Panorama Ciudadano","description":"","publisher":{"@id":"https:\/\/panoramaciudadano.com\/#organization"},"potentialAction":[{"@type":"SearchAction","target":{"@type":"EntryPoint","urlTemplate":"https:\/\/panoramaciudadano.com\/?s={search_term_string}"},"query-input":{"@type":"PropertyValueSpecification","valueRequired":true,"valueName":"search_term_string"}}],"inLanguage":"es"},{"@type":"Organization","@id":"https:\/\/panoramaciudadano.com\/#organization","name":"Panorama Ciudadano","url":"https:\/\/panoramaciudadano.com\/","logo":{"@type":"ImageObject","inLanguage":"es","@id":"https:\/\/panoramaciudadano.com\/#\/schema\/logo\/image\/","url":"https:\/\/panoramaciudadano.com\/wp-content\/uploads\/2024\/05\/401498640_919267042938564_6290593609399108733_n.jpg","contentUrl":"https:\/\/panoramaciudadano.com\/wp-content\/uploads\/2024\/05\/401498640_919267042938564_6290593609399108733_n.jpg","width":960,"height":957,"caption":"Panorama Ciudadano"},"image":{"@id":"https:\/\/panoramaciudadano.com\/#\/schema\/logo\/image\/"},"sameAs":["https:\/\/www.facebook.com\/panoramaciudadano"]},{"@type":"Person","@id":"https:\/\/panoramaciudadano.com\/#\/schema\/person\/ffe9fe8ef47d3a93977b5761fd9e0d96","name":"admin","image":{"@type":"ImageObject","inLanguage":"es","@id":"https:\/\/panoramaciudadano.com\/#\/schema\/person\/image\/","url":"https:\/\/secure.gravatar.com\/avatar\/2d5a12cacce3f18096f25fadea8abb7202fef18ed669595589853e84260ff451?s=96&d=mm&r=g","contentUrl":"https:\/\/secure.gravatar.com\/avatar\/2d5a12cacce3f18096f25fadea8abb7202fef18ed669595589853e84260ff451?s=96&d=mm&r=g","caption":"admin"},"sameAs":["https:\/\/panoramaciudadano.com"],"url":"https:\/\/panoramaciudadano.com\/index.php\/author\/admin_3q6hyqq3\/"}]}},"_links":{"self":[{"href":"https:\/\/panoramaciudadano.com\/index.php\/wp-json\/wp\/v2\/posts\/12581","targetHints":{"allow":["GET"]}}],"collection":[{"href":"https:\/\/panoramaciudadano.com\/index.php\/wp-json\/wp\/v2\/posts"}],"about":[{"href":"https:\/\/panoramaciudadano.com\/index.php\/wp-json\/wp\/v2\/types\/post"}],"author":[{"embeddable":true,"href":"https:\/\/panoramaciudadano.com\/index.php\/wp-json\/wp\/v2\/users\/1"}],"replies":[{"embeddable":true,"href":"https:\/\/panoramaciudadano.com\/index.php\/wp-json\/wp\/v2\/comments?post=12581"}],"version-history":[{"count":1,"href":"https:\/\/panoramaciudadano.com\/index.php\/wp-json\/wp\/v2\/posts\/12581\/revisions"}],"predecessor-version":[{"id":12583,"href":"https:\/\/panoramaciudadano.com\/index.php\/wp-json\/wp\/v2\/posts\/12581\/revisions\/12583"}],"wp:featuredmedia":[{"embeddable":true,"href":"https:\/\/panoramaciudadano.com\/index.php\/wp-json\/wp\/v2\/media\/12582"}],"wp:attachment":[{"href":"https:\/\/panoramaciudadano.com\/index.php\/wp-json\/wp\/v2\/media?parent=12581"}],"wp:term":[{"taxonomy":"category","embeddable":true,"href":"https:\/\/panoramaciudadano.com\/index.php\/wp-json\/wp\/v2\/categories?post=12581"},{"taxonomy":"post_tag","embeddable":true,"href":"https:\/\/panoramaciudadano.com\/index.php\/wp-json\/wp\/v2\/tags?post=12581"}],"curies":[{"name":"wp","href":"https:\/\/api.w.org\/{rel}","templated":true}]}}