{"id":12584,"date":"2025-04-15T11:49:17","date_gmt":"2025-04-15T16:49:17","guid":{"rendered":"https:\/\/panoramaciudadano.com\/?p=12584"},"modified":"2025-04-15T11:49:20","modified_gmt":"2025-04-15T16:49:20","slug":"cancun-es-reconocido-por-la-onu-por-su-programa-de-cenotes-urbanos-ana-paty-peralta","status":"publish","type":"post","link":"https:\/\/panoramaciudadano.com\/index.php\/2025\/04\/15\/cancun-es-reconocido-por-la-onu-por-su-programa-de-cenotes-urbanos-ana-paty-peralta\/","title":{"rendered":"CANC\u00daN ES RECONOCIDO POR LA ONU POR SU PROGRAMA DE CENOTES URBANOS: ANA PATY PERALTA"},"content":{"rendered":"\n<figure class=\"wp-block-gallery has-nested-images columns-default is-cropped wp-block-gallery-1 is-layout-flex wp-block-gallery-is-layout-flex\">\n<figure class=\"wp-block-image size-large\"><img decoding=\"async\" width=\"960\" height=\"670\" data-id=\"12590\" src=\"https:\/\/panoramaciudadano.com\/wp-content\/uploads\/2025\/04\/2-65.jpeg\" alt=\"\" class=\"wp-image-12590\" srcset=\"https:\/\/panoramaciudadano.com\/wp-content\/uploads\/2025\/04\/2-65.jpeg 960w, https:\/\/panoramaciudadano.com\/wp-content\/uploads\/2025\/04\/2-65-300x209.jpeg 300w, https:\/\/panoramaciudadano.com\/wp-content\/uploads\/2025\/04\/2-65-768x536.jpeg 768w\" sizes=\"(max-width: 960px) 100vw, 960px\" \/><\/figure>\n\n\n\n<figure class=\"wp-block-image size-large\"><img decoding=\"async\" width=\"960\" height=\"640\" data-id=\"12588\" src=\"https:\/\/panoramaciudadano.com\/wp-content\/uploads\/2025\/04\/3-59.jpeg\" alt=\"\" class=\"wp-image-12588\" srcset=\"https:\/\/panoramaciudadano.com\/wp-content\/uploads\/2025\/04\/3-59.jpeg 960w, https:\/\/panoramaciudadano.com\/wp-content\/uploads\/2025\/04\/3-59-300x200.jpeg 300w, https:\/\/panoramaciudadano.com\/wp-content\/uploads\/2025\/04\/3-59-768x512.jpeg 768w\" sizes=\"(max-width: 960px) 100vw, 960px\" \/><\/figure>\n\n\n\n<figure class=\"wp-block-image size-large\"><img decoding=\"async\" width=\"960\" height=\"542\" data-id=\"12589\" src=\"https:\/\/panoramaciudadano.com\/wp-content\/uploads\/2025\/04\/4-47.jpeg\" alt=\"\" class=\"wp-image-12589\" srcset=\"https:\/\/panoramaciudadano.com\/wp-content\/uploads\/2025\/04\/4-47.jpeg 960w, https:\/\/panoramaciudadano.com\/wp-content\/uploads\/2025\/04\/4-47-300x169.jpeg 300w, https:\/\/panoramaciudadano.com\/wp-content\/uploads\/2025\/04\/4-47-768x434.jpeg 768w\" sizes=\"(max-width: 960px) 100vw, 960px\" \/><\/figure>\n\n\n\n<figure class=\"wp-block-image size-large\"><img decoding=\"async\" width=\"960\" height=\"640\" data-id=\"12587\" src=\"https:\/\/panoramaciudadano.com\/wp-content\/uploads\/2025\/04\/5-21.jpeg\" alt=\"\" class=\"wp-image-12587\" srcset=\"https:\/\/panoramaciudadano.com\/wp-content\/uploads\/2025\/04\/5-21.jpeg 960w, https:\/\/panoramaciudadano.com\/wp-content\/uploads\/2025\/04\/5-21-300x200.jpeg 300w, https:\/\/panoramaciudadano.com\/wp-content\/uploads\/2025\/04\/5-21-768x512.jpeg 768w\" sizes=\"(max-width: 960px) 100vw, 960px\" \/><\/figure>\n\n\n\n<figure class=\"wp-block-image size-large\"><img decoding=\"async\" width=\"960\" height=\"640\" data-id=\"12586\" src=\"https:\/\/panoramaciudadano.com\/wp-content\/uploads\/2025\/04\/6-8.jpeg\" alt=\"\" class=\"wp-image-12586\" srcset=\"https:\/\/panoramaciudadano.com\/wp-content\/uploads\/2025\/04\/6-8.jpeg 960w, https:\/\/panoramaciudadano.com\/wp-content\/uploads\/2025\/04\/6-8-300x200.jpeg 300w, https:\/\/panoramaciudadano.com\/wp-content\/uploads\/2025\/04\/6-8-768x512.jpeg 768w\" sizes=\"(max-width: 960px) 100vw, 960px\" \/><\/figure>\n<\/figure>\n\n\n\n<p>En el marco del D\u00eda Mundial del Agua, conmemorado el 22 de marzo, la Presidenta Municipal, Ana Paty Peralta, se congratul\u00f3 con orgullo por el reconocimiento otorgado por la Organizaci\u00f3n de las Naciones Unidas (ONU) al programa Cenotes Urbanos Canc\u00fan, como parte de la campa\u00f1a global de la ONU\u2013Agua: \u201cWorld Water Day 2025\u201d.<\/p>\n\n\n\n<p>Esta campa\u00f1a de la ONU busca concientizar sobre la protecci\u00f3n de los glaciares, los oc\u00e9anos y el cuidado del agua para el bienestar de la humanidad y del planeta, por lo que, la Primera Autoridad Municipal destac\u00f3 que el certificado resalta el compromiso de su gobierno con los objetivos de desarrollo sostenible y su impacto positivo en el entorno natural.<\/p>\n\n\n\n<p>\u201cEste reconocimiento es muestra de que cuando trabajamos juntos, sociedad y gobierno, logramos grandes cosas. En Canc\u00fan seguiremos impulsando programas en favor del agua, sus ecosistemas y nuestra biodiversidad\u201d, expres\u00f3.<\/p>\n\n\n\n<p>En ese sentido, detall\u00f3 que este programa municipal, coordinado por la Direcci\u00f3n General de Ecolog\u00eda, fue distinguido por su labor de limpieza y conservaci\u00f3n de cenotes urbanos, con resultados tangibles y significativos.<\/p>\n\n\n\n<p>El titular de Ecolog\u00eda, Fernando Haro Salinas, inform\u00f3 que del 01 de octubre de 2024 al 22 de marzo de 2025, se realizaron 11 jornadas de limpieza, recolectando 18.4 toneladas de residuos, con la participaci\u00f3n de 674 voluntarios cancunenses.<\/p>\n\n\n\n<p>Con estas acciones, Canc\u00fan contin\u00faa posicion\u00e1ndose como un referente en el cuidado del medio ambiente, demostrando que el compromiso local puede tener reconocimiento global gracias al esfuerzo comunitario.<\/p>\n\n\n\n<hr class=\"wp-block-separator has-alpha-channel-opacity\"\/>\n","protected":false},"excerpt":{"rendered":"<p>18.4 toneladas de residuos recolectados en lo que va de la administraci\u00f3n.<\/p>\n","protected":false},"author":1,"featured_media":12585,"comment_status":"open","ping_status":"closed","sticky":false,"template":"","format":"standard","meta":{"footnotes":""},"categories":[6],"tags":[145],"class_list":["post-12584","post","type-post","status-publish","format-standard","has-post-thumbnail","hentry","category-cancun","tag-ana-paty-peralta"],"yoast_head":"<!-- This site is optimized with the Yoast SEO plugin v27.1.1 - https:\/\/yoast.com\/product\/yoast-seo-wordpress\/ -->\n<title>CANC\u00daN ES RECONOCIDO POR LA ONU POR SU PROGRAMA DE CENOTES URBANOS: ANA PATY PERALTA - Panorama Ciudadano<\/title>\n<meta name=\"robots\" content=\"index, follow, max-snippet:-1, max-image-preview:large, max-video-preview:-1\" \/>\n<link rel=\"canonical\" href=\"https:\/\/panoramaciudadano.com\/index.php\/2025\/04\/15\/cancun-es-reconocido-por-la-onu-por-su-programa-de-cenotes-urbanos-ana-paty-peralta\/\" \/>\n<meta property=\"og:locale\" content=\"es_ES\" \/>\n<meta property=\"og:type\" content=\"article\" \/>\n<meta property=\"og:title\" content=\"CANC\u00daN ES RECONOCIDO POR LA ONU POR SU PROGRAMA DE CENOTES URBANOS: ANA PATY PERALTA - Panorama Ciudadano\" \/>\n<meta property=\"og:description\" content=\"18.4 toneladas de residuos recolectados en lo que va de la administraci\u00f3n.\" \/>\n<meta property=\"og:url\" content=\"https:\/\/panoramaciudadano.com\/index.php\/2025\/04\/15\/cancun-es-reconocido-por-la-onu-por-su-programa-de-cenotes-urbanos-ana-paty-peralta\/\" \/>\n<meta property=\"og:site_name\" content=\"Panorama Ciudadano\" \/>\n<meta property=\"article:publisher\" content=\"https:\/\/www.facebook.com\/panoramaciudadano\" \/>\n<meta property=\"article:published_time\" content=\"2025-04-15T16:49:17+00:00\" \/>\n<meta property=\"article:modified_time\" content=\"2025-04-15T16:49:20+00:00\" \/>\n<meta property=\"og:image\" content=\"https:\/\/panoramaciudadano.com\/wp-content\/uploads\/2025\/04\/7-2.jpeg\" \/>\n\t<meta property=\"og:image:width\" content=\"960\" \/>\n\t<meta property=\"og:image:height\" content=\"588\" \/>\n\t<meta property=\"og:image:type\" content=\"image\/jpeg\" \/>\n<meta name=\"author\" content=\"admin\" \/>\n<meta name=\"twitter:card\" content=\"summary_large_image\" \/>\n<meta name=\"twitter:label1\" content=\"Escrito por\" \/>\n\t<meta name=\"twitter:data1\" content=\"admin\" \/>\n\t<meta name=\"twitter:label2\" content=\"Tiempo de lectura\" \/>\n\t<meta name=\"twitter:data2\" content=\"3 minutos\" \/>\n<script type=\"application\/ld+json\" class=\"yoast-schema-graph\">{\"@context\":\"https:\/\/schema.org\",\"@graph\":[{\"@type\":\"Article\",\"@id\":\"https:\/\/panoramaciudadano.com\/index.php\/2025\/04\/15\/cancun-es-reconocido-por-la-onu-por-su-programa-de-cenotes-urbanos-ana-paty-peralta\/#article\",\"isPartOf\":{\"@id\":\"https:\/\/panoramaciudadano.com\/index.php\/2025\/04\/15\/cancun-es-reconocido-por-la-onu-por-su-programa-de-cenotes-urbanos-ana-paty-peralta\/\"},\"author\":{\"name\":\"admin\",\"@id\":\"https:\/\/panoramaciudadano.com\/#\/schema\/person\/ffe9fe8ef47d3a93977b5761fd9e0d96\"},\"headline\":\"CANC\u00daN ES RECONOCIDO POR LA ONU POR SU PROGRAMA DE CENOTES URBANOS: ANA PATY PERALTA\",\"datePublished\":\"2025-04-15T16:49:17+00:00\",\"dateModified\":\"2025-04-15T16:49:20+00:00\",\"mainEntityOfPage\":{\"@id\":\"https:\/\/panoramaciudadano.com\/index.php\/2025\/04\/15\/cancun-es-reconocido-por-la-onu-por-su-programa-de-cenotes-urbanos-ana-paty-peralta\/\"},\"wordCount\":266,\"commentCount\":0,\"publisher\":{\"@id\":\"https:\/\/panoramaciudadano.com\/#organization\"},\"image\":{\"@id\":\"https:\/\/panoramaciudadano.com\/index.php\/2025\/04\/15\/cancun-es-reconocido-por-la-onu-por-su-programa-de-cenotes-urbanos-ana-paty-peralta\/#primaryimage\"},\"thumbnailUrl\":\"https:\/\/panoramaciudadano.com\/wp-content\/uploads\/2025\/04\/7-2.jpeg\",\"keywords\":[\"Ana Paty Peralta\"],\"articleSection\":[\"Canc\u00fan\"],\"inLanguage\":\"es\",\"potentialAction\":[{\"@type\":\"CommentAction\",\"name\":\"Comment\",\"target\":[\"https:\/\/panoramaciudadano.com\/index.php\/2025\/04\/15\/cancun-es-reconocido-por-la-onu-por-su-programa-de-cenotes-urbanos-ana-paty-peralta\/#respond\"]}]},{\"@type\":\"WebPage\",\"@id\":\"https:\/\/panoramaciudadano.com\/index.php\/2025\/04\/15\/cancun-es-reconocido-por-la-onu-por-su-programa-de-cenotes-urbanos-ana-paty-peralta\/\",\"url\":\"https:\/\/panoramaciudadano.com\/index.php\/2025\/04\/15\/cancun-es-reconocido-por-la-onu-por-su-programa-de-cenotes-urbanos-ana-paty-peralta\/\",\"name\":\"CANC\u00daN ES RECONOCIDO POR LA ONU POR SU PROGRAMA DE CENOTES URBANOS: ANA PATY PERALTA - Panorama Ciudadano\",\"isPartOf\":{\"@id\":\"https:\/\/panoramaciudadano.com\/#website\"},\"primaryImageOfPage\":{\"@id\":\"https:\/\/panoramaciudadano.com\/index.php\/2025\/04\/15\/cancun-es-reconocido-por-la-onu-por-su-programa-de-cenotes-urbanos-ana-paty-peralta\/#primaryimage\"},\"image\":{\"@id\":\"https:\/\/panoramaciudadano.com\/index.php\/2025\/04\/15\/cancun-es-reconocido-por-la-onu-por-su-programa-de-cenotes-urbanos-ana-paty-peralta\/#primaryimage\"},\"thumbnailUrl\":\"https:\/\/panoramaciudadano.com\/wp-content\/uploads\/2025\/04\/7-2.jpeg\",\"datePublished\":\"2025-04-15T16:49:17+00:00\",\"dateModified\":\"2025-04-15T16:49:20+00:00\",\"breadcrumb\":{\"@id\":\"https:\/\/panoramaciudadano.com\/index.php\/2025\/04\/15\/cancun-es-reconocido-por-la-onu-por-su-programa-de-cenotes-urbanos-ana-paty-peralta\/#breadcrumb\"},\"inLanguage\":\"es\",\"potentialAction\":[{\"@type\":\"ReadAction\",\"target\":[\"https:\/\/panoramaciudadano.com\/index.php\/2025\/04\/15\/cancun-es-reconocido-por-la-onu-por-su-programa-de-cenotes-urbanos-ana-paty-peralta\/\"]}]},{\"@type\":\"ImageObject\",\"inLanguage\":\"es\",\"@id\":\"https:\/\/panoramaciudadano.com\/index.php\/2025\/04\/15\/cancun-es-reconocido-por-la-onu-por-su-programa-de-cenotes-urbanos-ana-paty-peralta\/#primaryimage\",\"url\":\"https:\/\/panoramaciudadano.com\/wp-content\/uploads\/2025\/04\/7-2.jpeg\",\"contentUrl\":\"https:\/\/panoramaciudadano.com\/wp-content\/uploads\/2025\/04\/7-2.jpeg\",\"width\":960,\"height\":588},{\"@type\":\"BreadcrumbList\",\"@id\":\"https:\/\/panoramaciudadano.com\/index.php\/2025\/04\/15\/cancun-es-reconocido-por-la-onu-por-su-programa-de-cenotes-urbanos-ana-paty-peralta\/#breadcrumb\",\"itemListElement\":[{\"@type\":\"ListItem\",\"position\":1,\"name\":\"Portada\",\"item\":\"https:\/\/panoramaciudadano.com\/\"},{\"@type\":\"ListItem\",\"position\":2,\"name\":\"CANC\u00daN ES RECONOCIDO POR LA ONU POR SU PROGRAMA DE CENOTES URBANOS: ANA PATY PERALTA\"}]},{\"@type\":\"WebSite\",\"@id\":\"https:\/\/panoramaciudadano.com\/#website\",\"url\":\"https:\/\/panoramaciudadano.com\/\",\"name\":\"Panorama Ciudadano\",\"description\":\"\",\"publisher\":{\"@id\":\"https:\/\/panoramaciudadano.com\/#organization\"},\"potentialAction\":[{\"@type\":\"SearchAction\",\"target\":{\"@type\":\"EntryPoint\",\"urlTemplate\":\"https:\/\/panoramaciudadano.com\/?s={search_term_string}\"},\"query-input\":{\"@type\":\"PropertyValueSpecification\",\"valueRequired\":true,\"valueName\":\"search_term_string\"}}],\"inLanguage\":\"es\"},{\"@type\":\"Organization\",\"@id\":\"https:\/\/panoramaciudadano.com\/#organization\",\"name\":\"Panorama Ciudadano\",\"url\":\"https:\/\/panoramaciudadano.com\/\",\"logo\":{\"@type\":\"ImageObject\",\"inLanguage\":\"es\",\"@id\":\"https:\/\/panoramaciudadano.com\/#\/schema\/logo\/image\/\",\"url\":\"https:\/\/panoramaciudadano.com\/wp-content\/uploads\/2024\/05\/401498640_919267042938564_6290593609399108733_n.jpg\",\"contentUrl\":\"https:\/\/panoramaciudadano.com\/wp-content\/uploads\/2024\/05\/401498640_919267042938564_6290593609399108733_n.jpg\",\"width\":960,\"height\":957,\"caption\":\"Panorama Ciudadano\"},\"image\":{\"@id\":\"https:\/\/panoramaciudadano.com\/#\/schema\/logo\/image\/\"},\"sameAs\":[\"https:\/\/www.facebook.com\/panoramaciudadano\"]},{\"@type\":\"Person\",\"@id\":\"https:\/\/panoramaciudadano.com\/#\/schema\/person\/ffe9fe8ef47d3a93977b5761fd9e0d96\",\"name\":\"admin\",\"image\":{\"@type\":\"ImageObject\",\"inLanguage\":\"es\",\"@id\":\"https:\/\/panoramaciudadano.com\/#\/schema\/person\/image\/\",\"url\":\"https:\/\/secure.gravatar.com\/avatar\/2d5a12cacce3f18096f25fadea8abb7202fef18ed669595589853e84260ff451?s=96&d=mm&r=g\",\"contentUrl\":\"https:\/\/secure.gravatar.com\/avatar\/2d5a12cacce3f18096f25fadea8abb7202fef18ed669595589853e84260ff451?s=96&d=mm&r=g\",\"caption\":\"admin\"},\"sameAs\":[\"https:\/\/panoramaciudadano.com\"],\"url\":\"https:\/\/panoramaciudadano.com\/index.php\/author\/admin_3q6hyqq3\/\"}]}<\/script>\n<!-- \/ Yoast SEO plugin. -->","yoast_head_json":{"title":"CANC\u00daN ES RECONOCIDO POR LA ONU POR SU PROGRAMA DE CENOTES URBANOS: ANA PATY PERALTA - Panorama Ciudadano","robots":{"index":"index","follow":"follow","max-snippet":"max-snippet:-1","max-image-preview":"max-image-preview:large","max-video-preview":"max-video-preview:-1"},"canonical":"https:\/\/panoramaciudadano.com\/index.php\/2025\/04\/15\/cancun-es-reconocido-por-la-onu-por-su-programa-de-cenotes-urbanos-ana-paty-peralta\/","og_locale":"es_ES","og_type":"article","og_title":"CANC\u00daN ES RECONOCIDO POR LA ONU POR SU PROGRAMA DE CENOTES URBANOS: ANA PATY PERALTA - Panorama Ciudadano","og_description":"18.4 toneladas de residuos recolectados en lo que va de la administraci\u00f3n.","og_url":"https:\/\/panoramaciudadano.com\/index.php\/2025\/04\/15\/cancun-es-reconocido-por-la-onu-por-su-programa-de-cenotes-urbanos-ana-paty-peralta\/","og_site_name":"Panorama Ciudadano","article_publisher":"https:\/\/www.facebook.com\/panoramaciudadano","article_published_time":"2025-04-15T16:49:17+00:00","article_modified_time":"2025-04-15T16:49:20+00:00","og_image":[{"width":960,"height":588,"url":"https:\/\/panoramaciudadano.com\/wp-content\/uploads\/2025\/04\/7-2.jpeg","type":"image\/jpeg"}],"author":"admin","twitter_card":"summary_large_image","twitter_misc":{"Escrito por":"admin","Tiempo de lectura":"3 minutos"},"schema":{"@context":"https:\/\/schema.org","@graph":[{"@type":"Article","@id":"https:\/\/panoramaciudadano.com\/index.php\/2025\/04\/15\/cancun-es-reconocido-por-la-onu-por-su-programa-de-cenotes-urbanos-ana-paty-peralta\/#article","isPartOf":{"@id":"https:\/\/panoramaciudadano.com\/index.php\/2025\/04\/15\/cancun-es-reconocido-por-la-onu-por-su-programa-de-cenotes-urbanos-ana-paty-peralta\/"},"author":{"name":"admin","@id":"https:\/\/panoramaciudadano.com\/#\/schema\/person\/ffe9fe8ef47d3a93977b5761fd9e0d96"},"headline":"CANC\u00daN ES RECONOCIDO POR LA ONU POR SU PROGRAMA DE CENOTES URBANOS: ANA PATY PERALTA","datePublished":"2025-04-15T16:49:17+00:00","dateModified":"2025-04-15T16:49:20+00:00","mainEntityOfPage":{"@id":"https:\/\/panoramaciudadano.com\/index.php\/2025\/04\/15\/cancun-es-reconocido-por-la-onu-por-su-programa-de-cenotes-urbanos-ana-paty-peralta\/"},"wordCount":266,"commentCount":0,"publisher":{"@id":"https:\/\/panoramaciudadano.com\/#organization"},"image":{"@id":"https:\/\/panoramaciudadano.com\/index.php\/2025\/04\/15\/cancun-es-reconocido-por-la-onu-por-su-programa-de-cenotes-urbanos-ana-paty-peralta\/#primaryimage"},"thumbnailUrl":"https:\/\/panoramaciudadano.com\/wp-content\/uploads\/2025\/04\/7-2.jpeg","keywords":["Ana Paty Peralta"],"articleSection":["Canc\u00fan"],"inLanguage":"es","potentialAction":[{"@type":"CommentAction","name":"Comment","target":["https:\/\/panoramaciudadano.com\/index.php\/2025\/04\/15\/cancun-es-reconocido-por-la-onu-por-su-programa-de-cenotes-urbanos-ana-paty-peralta\/#respond"]}]},{"@type":"WebPage","@id":"https:\/\/panoramaciudadano.com\/index.php\/2025\/04\/15\/cancun-es-reconocido-por-la-onu-por-su-programa-de-cenotes-urbanos-ana-paty-peralta\/","url":"https:\/\/panoramaciudadano.com\/index.php\/2025\/04\/15\/cancun-es-reconocido-por-la-onu-por-su-programa-de-cenotes-urbanos-ana-paty-peralta\/","name":"CANC\u00daN ES RECONOCIDO POR LA ONU POR SU PROGRAMA DE CENOTES URBANOS: ANA PATY PERALTA - Panorama Ciudadano","isPartOf":{"@id":"https:\/\/panoramaciudadano.com\/#website"},"primaryImageOfPage":{"@id":"https:\/\/panoramaciudadano.com\/index.php\/2025\/04\/15\/cancun-es-reconocido-por-la-onu-por-su-programa-de-cenotes-urbanos-ana-paty-peralta\/#primaryimage"},"image":{"@id":"https:\/\/panoramaciudadano.com\/index.php\/2025\/04\/15\/cancun-es-reconocido-por-la-onu-por-su-programa-de-cenotes-urbanos-ana-paty-peralta\/#primaryimage"},"thumbnailUrl":"https:\/\/panoramaciudadano.com\/wp-content\/uploads\/2025\/04\/7-2.jpeg","datePublished":"2025-04-15T16:49:17+00:00","dateModified":"2025-04-15T16:49:20+00:00","breadcrumb":{"@id":"https:\/\/panoramaciudadano.com\/index.php\/2025\/04\/15\/cancun-es-reconocido-por-la-onu-por-su-programa-de-cenotes-urbanos-ana-paty-peralta\/#breadcrumb"},"inLanguage":"es","potentialAction":[{"@type":"ReadAction","target":["https:\/\/panoramaciudadano.com\/index.php\/2025\/04\/15\/cancun-es-reconocido-por-la-onu-por-su-programa-de-cenotes-urbanos-ana-paty-peralta\/"]}]},{"@type":"ImageObject","inLanguage":"es","@id":"https:\/\/panoramaciudadano.com\/index.php\/2025\/04\/15\/cancun-es-reconocido-por-la-onu-por-su-programa-de-cenotes-urbanos-ana-paty-peralta\/#primaryimage","url":"https:\/\/panoramaciudadano.com\/wp-content\/uploads\/2025\/04\/7-2.jpeg","contentUrl":"https:\/\/panoramaciudadano.com\/wp-content\/uploads\/2025\/04\/7-2.jpeg","width":960,"height":588},{"@type":"BreadcrumbList","@id":"https:\/\/panoramaciudadano.com\/index.php\/2025\/04\/15\/cancun-es-reconocido-por-la-onu-por-su-programa-de-cenotes-urbanos-ana-paty-peralta\/#breadcrumb","itemListElement":[{"@type":"ListItem","position":1,"name":"Portada","item":"https:\/\/panoramaciudadano.com\/"},{"@type":"ListItem","position":2,"name":"CANC\u00daN ES RECONOCIDO POR LA ONU POR SU PROGRAMA DE CENOTES URBANOS: ANA PATY PERALTA"}]},{"@type":"WebSite","@id":"https:\/\/panoramaciudadano.com\/#website","url":"https:\/\/panoramaciudadano.com\/","name":"Panorama Ciudadano","description":"","publisher":{"@id":"https:\/\/panoramaciudadano.com\/#organization"},"potentialAction":[{"@type":"SearchAction","target":{"@type":"EntryPoint","urlTemplate":"https:\/\/panoramaciudadano.com\/?s={search_term_string}"},"query-input":{"@type":"PropertyValueSpecification","valueRequired":true,"valueName":"search_term_string"}}],"inLanguage":"es"},{"@type":"Organization","@id":"https:\/\/panoramaciudadano.com\/#organization","name":"Panorama Ciudadano","url":"https:\/\/panoramaciudadano.com\/","logo":{"@type":"ImageObject","inLanguage":"es","@id":"https:\/\/panoramaciudadano.com\/#\/schema\/logo\/image\/","url":"https:\/\/panoramaciudadano.com\/wp-content\/uploads\/2024\/05\/401498640_919267042938564_6290593609399108733_n.jpg","contentUrl":"https:\/\/panoramaciudadano.com\/wp-content\/uploads\/2024\/05\/401498640_919267042938564_6290593609399108733_n.jpg","width":960,"height":957,"caption":"Panorama Ciudadano"},"image":{"@id":"https:\/\/panoramaciudadano.com\/#\/schema\/logo\/image\/"},"sameAs":["https:\/\/www.facebook.com\/panoramaciudadano"]},{"@type":"Person","@id":"https:\/\/panoramaciudadano.com\/#\/schema\/person\/ffe9fe8ef47d3a93977b5761fd9e0d96","name":"admin","image":{"@type":"ImageObject","inLanguage":"es","@id":"https:\/\/panoramaciudadano.com\/#\/schema\/person\/image\/","url":"https:\/\/secure.gravatar.com\/avatar\/2d5a12cacce3f18096f25fadea8abb7202fef18ed669595589853e84260ff451?s=96&d=mm&r=g","contentUrl":"https:\/\/secure.gravatar.com\/avatar\/2d5a12cacce3f18096f25fadea8abb7202fef18ed669595589853e84260ff451?s=96&d=mm&r=g","caption":"admin"},"sameAs":["https:\/\/panoramaciudadano.com"],"url":"https:\/\/panoramaciudadano.com\/index.php\/author\/admin_3q6hyqq3\/"}]}},"_links":{"self":[{"href":"https:\/\/panoramaciudadano.com\/index.php\/wp-json\/wp\/v2\/posts\/12584","targetHints":{"allow":["GET"]}}],"collection":[{"href":"https:\/\/panoramaciudadano.com\/index.php\/wp-json\/wp\/v2\/posts"}],"about":[{"href":"https:\/\/panoramaciudadano.com\/index.php\/wp-json\/wp\/v2\/types\/post"}],"author":[{"embeddable":true,"href":"https:\/\/panoramaciudadano.com\/index.php\/wp-json\/wp\/v2\/users\/1"}],"replies":[{"embeddable":true,"href":"https:\/\/panoramaciudadano.com\/index.php\/wp-json\/wp\/v2\/comments?post=12584"}],"version-history":[{"count":1,"href":"https:\/\/panoramaciudadano.com\/index.php\/wp-json\/wp\/v2\/posts\/12584\/revisions"}],"predecessor-version":[{"id":12591,"href":"https:\/\/panoramaciudadano.com\/index.php\/wp-json\/wp\/v2\/posts\/12584\/revisions\/12591"}],"wp:featuredmedia":[{"embeddable":true,"href":"https:\/\/panoramaciudadano.com\/index.php\/wp-json\/wp\/v2\/media\/12585"}],"wp:attachment":[{"href":"https:\/\/panoramaciudadano.com\/index.php\/wp-json\/wp\/v2\/media?parent=12584"}],"wp:term":[{"taxonomy":"category","embeddable":true,"href":"https:\/\/panoramaciudadano.com\/index.php\/wp-json\/wp\/v2\/categories?post=12584"},{"taxonomy":"post_tag","embeddable":true,"href":"https:\/\/panoramaciudadano.com\/index.php\/wp-json\/wp\/v2\/tags?post=12584"}],"curies":[{"name":"wp","href":"https:\/\/api.w.org\/{rel}","templated":true}]}}