{"id":12779,"date":"2025-04-20T20:05:53","date_gmt":"2025-04-21T01:05:53","guid":{"rendered":"https:\/\/panoramaciudadano.com\/?p=12779"},"modified":"2025-04-20T20:05:55","modified_gmt":"2025-04-21T01:05:55","slug":"cancun-celebra-su-identidad-con-colorido-desfile-por-el-55-aniversario-de-la-ciudad","status":"publish","type":"post","link":"https:\/\/panoramaciudadano.com\/index.php\/2025\/04\/20\/cancun-celebra-su-identidad-con-colorido-desfile-por-el-55-aniversario-de-la-ciudad\/","title":{"rendered":"Canc\u00fan celebra su identidad con colorido desfile por el 55 aniversario de la ciudad"},"content":{"rendered":"\n<figure class=\"wp-block-gallery has-nested-images columns-default is-cropped wp-block-gallery-1 is-layout-flex wp-block-gallery-is-layout-flex\">\n<figure class=\"wp-block-image size-large\"><img decoding=\"async\" width=\"1024\" height=\"768\" data-id=\"12785\" src=\"https:\/\/panoramaciudadano.com\/wp-content\/uploads\/2025\/04\/2-90-1024x768.jpeg\" alt=\"\" class=\"wp-image-12785\" srcset=\"https:\/\/panoramaciudadano.com\/wp-content\/uploads\/2025\/04\/2-90-1024x768.jpeg 1024w, https:\/\/panoramaciudadano.com\/wp-content\/uploads\/2025\/04\/2-90-300x225.jpeg 300w, https:\/\/panoramaciudadano.com\/wp-content\/uploads\/2025\/04\/2-90-768x576.jpeg 768w, https:\/\/panoramaciudadano.com\/wp-content\/uploads\/2025\/04\/2-90-1536x1152.jpeg 1536w, https:\/\/panoramaciudadano.com\/wp-content\/uploads\/2025\/04\/2-90.jpeg 1600w\" sizes=\"(max-width: 1024px) 100vw, 1024px\" \/><\/figure>\n\n\n\n<figure class=\"wp-block-image size-large\"><img decoding=\"async\" width=\"1024\" height=\"768\" data-id=\"12791\" src=\"https:\/\/panoramaciudadano.com\/wp-content\/uploads\/2025\/04\/3-79-1024x768.jpeg\" alt=\"\" class=\"wp-image-12791\" srcset=\"https:\/\/panoramaciudadano.com\/wp-content\/uploads\/2025\/04\/3-79-1024x768.jpeg 1024w, https:\/\/panoramaciudadano.com\/wp-content\/uploads\/2025\/04\/3-79-300x225.jpeg 300w, https:\/\/panoramaciudadano.com\/wp-content\/uploads\/2025\/04\/3-79-768x576.jpeg 768w, https:\/\/panoramaciudadano.com\/wp-content\/uploads\/2025\/04\/3-79-1536x1152.jpeg 1536w, https:\/\/panoramaciudadano.com\/wp-content\/uploads\/2025\/04\/3-79.jpeg 1600w\" sizes=\"(max-width: 1024px) 100vw, 1024px\" \/><\/figure>\n\n\n\n<figure class=\"wp-block-image size-large\"><img decoding=\"async\" width=\"1024\" height=\"768\" data-id=\"12784\" src=\"https:\/\/panoramaciudadano.com\/wp-content\/uploads\/2025\/04\/4-59-1024x768.jpeg\" alt=\"\" class=\"wp-image-12784\" srcset=\"https:\/\/panoramaciudadano.com\/wp-content\/uploads\/2025\/04\/4-59-1024x768.jpeg 1024w, https:\/\/panoramaciudadano.com\/wp-content\/uploads\/2025\/04\/4-59-300x225.jpeg 300w, https:\/\/panoramaciudadano.com\/wp-content\/uploads\/2025\/04\/4-59-768x576.jpeg 768w, https:\/\/panoramaciudadano.com\/wp-content\/uploads\/2025\/04\/4-59-1536x1152.jpeg 1536w, https:\/\/panoramaciudadano.com\/wp-content\/uploads\/2025\/04\/4-59.jpeg 1600w\" sizes=\"(max-width: 1024px) 100vw, 1024px\" \/><\/figure>\n\n\n\n<figure class=\"wp-block-image size-large\"><img decoding=\"async\" width=\"1024\" height=\"705\" data-id=\"12783\" src=\"https:\/\/panoramaciudadano.com\/wp-content\/uploads\/2025\/04\/5-29-1024x705.jpeg\" alt=\"\" class=\"wp-image-12783\" srcset=\"https:\/\/panoramaciudadano.com\/wp-content\/uploads\/2025\/04\/5-29-1024x705.jpeg 1024w, https:\/\/panoramaciudadano.com\/wp-content\/uploads\/2025\/04\/5-29-300x207.jpeg 300w, https:\/\/panoramaciudadano.com\/wp-content\/uploads\/2025\/04\/5-29-768x529.jpeg 768w, https:\/\/panoramaciudadano.com\/wp-content\/uploads\/2025\/04\/5-29-1536x1058.jpeg 1536w, https:\/\/panoramaciudadano.com\/wp-content\/uploads\/2025\/04\/5-29.jpeg 1600w\" sizes=\"(max-width: 1024px) 100vw, 1024px\" \/><\/figure>\n\n\n\n<figure class=\"wp-block-image size-large\"><img decoding=\"async\" width=\"1024\" height=\"768\" data-id=\"12782\" src=\"https:\/\/panoramaciudadano.com\/wp-content\/uploads\/2025\/04\/6-10-1024x768.jpeg\" alt=\"\" class=\"wp-image-12782\" srcset=\"https:\/\/panoramaciudadano.com\/wp-content\/uploads\/2025\/04\/6-10-1024x768.jpeg 1024w, https:\/\/panoramaciudadano.com\/wp-content\/uploads\/2025\/04\/6-10-300x225.jpeg 300w, https:\/\/panoramaciudadano.com\/wp-content\/uploads\/2025\/04\/6-10-768x576.jpeg 768w, https:\/\/panoramaciudadano.com\/wp-content\/uploads\/2025\/04\/6-10-1536x1152.jpeg 1536w, https:\/\/panoramaciudadano.com\/wp-content\/uploads\/2025\/04\/6-10.jpeg 1600w\" sizes=\"(max-width: 1024px) 100vw, 1024px\" \/><\/figure>\n\n\n\n<figure class=\"wp-block-image size-large\"><img decoding=\"async\" width=\"1024\" height=\"768\" data-id=\"12781\" src=\"https:\/\/panoramaciudadano.com\/wp-content\/uploads\/2025\/04\/7-4-1024x768.jpeg\" alt=\"\" class=\"wp-image-12781\" srcset=\"https:\/\/panoramaciudadano.com\/wp-content\/uploads\/2025\/04\/7-4-1024x768.jpeg 1024w, https:\/\/panoramaciudadano.com\/wp-content\/uploads\/2025\/04\/7-4-300x225.jpeg 300w, https:\/\/panoramaciudadano.com\/wp-content\/uploads\/2025\/04\/7-4-768x576.jpeg 768w, https:\/\/panoramaciudadano.com\/wp-content\/uploads\/2025\/04\/7-4-1536x1152.jpeg 1536w, https:\/\/panoramaciudadano.com\/wp-content\/uploads\/2025\/04\/7-4.jpeg 1600w\" sizes=\"(max-width: 1024px) 100vw, 1024px\" \/><\/figure>\n\n\n\n<figure class=\"wp-block-image size-large\"><img decoding=\"async\" width=\"1024\" height=\"768\" data-id=\"12790\" src=\"https:\/\/panoramaciudadano.com\/wp-content\/uploads\/2025\/04\/8-1-1024x768.jpeg\" alt=\"\" class=\"wp-image-12790\" srcset=\"https:\/\/panoramaciudadano.com\/wp-content\/uploads\/2025\/04\/8-1-1024x768.jpeg 1024w, https:\/\/panoramaciudadano.com\/wp-content\/uploads\/2025\/04\/8-1-300x225.jpeg 300w, https:\/\/panoramaciudadano.com\/wp-content\/uploads\/2025\/04\/8-1-768x576.jpeg 768w, https:\/\/panoramaciudadano.com\/wp-content\/uploads\/2025\/04\/8-1-1536x1152.jpeg 1536w, https:\/\/panoramaciudadano.com\/wp-content\/uploads\/2025\/04\/8-1.jpeg 1600w\" sizes=\"(max-width: 1024px) 100vw, 1024px\" \/><\/figure>\n\n\n\n<figure class=\"wp-block-image size-large\"><img decoding=\"async\" width=\"1024\" height=\"768\" data-id=\"12780\" src=\"https:\/\/panoramaciudadano.com\/wp-content\/uploads\/2025\/04\/9-1-1024x768.jpeg\" alt=\"\" class=\"wp-image-12780\" srcset=\"https:\/\/panoramaciudadano.com\/wp-content\/uploads\/2025\/04\/9-1-1024x768.jpeg 1024w, https:\/\/panoramaciudadano.com\/wp-content\/uploads\/2025\/04\/9-1-300x225.jpeg 300w, https:\/\/panoramaciudadano.com\/wp-content\/uploads\/2025\/04\/9-1-768x576.jpeg 768w, https:\/\/panoramaciudadano.com\/wp-content\/uploads\/2025\/04\/9-1-1536x1152.jpeg 1536w, https:\/\/panoramaciudadano.com\/wp-content\/uploads\/2025\/04\/9-1.jpeg 1600w\" sizes=\"(max-width: 1024px) 100vw, 1024px\" \/><\/figure>\n\n\n\n<figure class=\"wp-block-image size-large\"><img decoding=\"async\" width=\"1024\" height=\"768\" data-id=\"12788\" src=\"https:\/\/panoramaciudadano.com\/wp-content\/uploads\/2025\/04\/10-1024x768.jpeg\" alt=\"\" class=\"wp-image-12788\" srcset=\"https:\/\/panoramaciudadano.com\/wp-content\/uploads\/2025\/04\/10-1024x768.jpeg 1024w, https:\/\/panoramaciudadano.com\/wp-content\/uploads\/2025\/04\/10-300x225.jpeg 300w, https:\/\/panoramaciudadano.com\/wp-content\/uploads\/2025\/04\/10-768x576.jpeg 768w, https:\/\/panoramaciudadano.com\/wp-content\/uploads\/2025\/04\/10-1536x1152.jpeg 1536w, https:\/\/panoramaciudadano.com\/wp-content\/uploads\/2025\/04\/10.jpeg 1600w\" sizes=\"(max-width: 1024px) 100vw, 1024px\" \/><\/figure>\n\n\n\n<figure class=\"wp-block-image size-large\"><img decoding=\"async\" width=\"1024\" height=\"768\" data-id=\"12789\" src=\"https:\/\/panoramaciudadano.com\/wp-content\/uploads\/2025\/04\/11-1-1024x768.jpeg\" alt=\"\" class=\"wp-image-12789\" srcset=\"https:\/\/panoramaciudadano.com\/wp-content\/uploads\/2025\/04\/11-1-1024x768.jpeg 1024w, https:\/\/panoramaciudadano.com\/wp-content\/uploads\/2025\/04\/11-1-300x225.jpeg 300w, https:\/\/panoramaciudadano.com\/wp-content\/uploads\/2025\/04\/11-1-768x576.jpeg 768w, https:\/\/panoramaciudadano.com\/wp-content\/uploads\/2025\/04\/11-1-1536x1152.jpeg 1536w, https:\/\/panoramaciudadano.com\/wp-content\/uploads\/2025\/04\/11-1.jpeg 1600w\" sizes=\"(max-width: 1024px) 100vw, 1024px\" \/><\/figure>\n\n\n\n<figure class=\"wp-block-image size-large\"><img decoding=\"async\" width=\"1024\" height=\"768\" data-id=\"12787\" src=\"https:\/\/panoramaciudadano.com\/wp-content\/uploads\/2025\/04\/12-1-1024x768.jpeg\" alt=\"\" class=\"wp-image-12787\" srcset=\"https:\/\/panoramaciudadano.com\/wp-content\/uploads\/2025\/04\/12-1-1024x768.jpeg 1024w, https:\/\/panoramaciudadano.com\/wp-content\/uploads\/2025\/04\/12-1-300x225.jpeg 300w, https:\/\/panoramaciudadano.com\/wp-content\/uploads\/2025\/04\/12-1-768x576.jpeg 768w, https:\/\/panoramaciudadano.com\/wp-content\/uploads\/2025\/04\/12-1-1536x1152.jpeg 1536w, https:\/\/panoramaciudadano.com\/wp-content\/uploads\/2025\/04\/12-1.jpeg 1600w\" sizes=\"(max-width: 1024px) 100vw, 1024px\" \/><\/figure>\n\n\n\n<figure class=\"wp-block-image size-large\"><img decoding=\"async\" width=\"1024\" height=\"768\" data-id=\"12786\" src=\"https:\/\/panoramaciudadano.com\/wp-content\/uploads\/2025\/04\/WhatsApp-Image-2025-04-20-at-10.31.16-1024x768.jpeg\" alt=\"\" class=\"wp-image-12786\" srcset=\"https:\/\/panoramaciudadano.com\/wp-content\/uploads\/2025\/04\/WhatsApp-Image-2025-04-20-at-10.31.16-1024x768.jpeg 1024w, https:\/\/panoramaciudadano.com\/wp-content\/uploads\/2025\/04\/WhatsApp-Image-2025-04-20-at-10.31.16-300x225.jpeg 300w, https:\/\/panoramaciudadano.com\/wp-content\/uploads\/2025\/04\/WhatsApp-Image-2025-04-20-at-10.31.16-768x576.jpeg 768w, https:\/\/panoramaciudadano.com\/wp-content\/uploads\/2025\/04\/WhatsApp-Image-2025-04-20-at-10.31.16-1536x1152.jpeg 1536w, https:\/\/panoramaciudadano.com\/wp-content\/uploads\/2025\/04\/WhatsApp-Image-2025-04-20-at-10.31.16.jpeg 1600w\" sizes=\"(max-width: 1024px) 100vw, 1024px\" \/><\/figure>\n<\/figure>\n\n\n\n<p>La avenida Tulum se visti\u00f3 de colores por el desfile de la identidad el cual se realiz\u00f3 en el marco del 55 aniversario de la ciudad de Canc\u00fan.<\/p>\n\n\n\n<p>Fueron alrededor de 3 mil personas delas que participaron en esta edici\u00f3n entre los que destacaron las asociaciones, organizaciones as\u00ed como j\u00f3venes del instituto municipal del deporte lo cuales fueron un n\u00famero considerable pues hab\u00eda de variar campeones de diferentes disciplinas.<\/p>\n\n\n\n<p>El desfile dio inicio desde las 17 horas en la avenida Chich\u00e9n Itz\u00e1 donde parti\u00f3 el continente integrado por 11 bloques que caminaron la avenida Tulum llevando alegr\u00eda a todos los que sal\u00edan a disfrutar de la pasarela entre turistas y locales.&nbsp;<\/p>\n\n\n\n<p>Cabe se\u00f1alar que tuvieron una participaci\u00f3n especial de las asociaciones como el de los oaxaque\u00f1os, veracruzanos y vallisoletanos los cuales lucieron espectaculares trajes t\u00edpicos de su regi\u00f3n los cuales llamaron la atenci\u00f3n de los asistentes.<\/p>\n","protected":false},"excerpt":{"rendered":"<p>La avenida Tulum se visti\u00f3 de colores por el desfile de la identidad el cual se realiz\u00f3 en el marco del 55 aniversario de la ciudad de Canc\u00fan.<\/p>\n","protected":false},"author":1,"featured_media":12786,"comment_status":"open","ping_status":"closed","sticky":false,"template":"","format":"standard","meta":{"footnotes":""},"categories":[6],"tags":[2341],"class_list":["post-12779","post","type-post","status-publish","format-standard","has-post-thumbnail","hentry","category-cancun","tag-aniversario-de-cancun"],"yoast_head":"<!-- This site is optimized with the Yoast SEO plugin v27.1.1 - https:\/\/yoast.com\/product\/yoast-seo-wordpress\/ -->\n<title>Canc\u00fan celebra su identidad con colorido desfile por el 55 aniversario de la ciudad - Panorama Ciudadano<\/title>\n<meta name=\"robots\" content=\"index, follow, max-snippet:-1, max-image-preview:large, max-video-preview:-1\" \/>\n<link rel=\"canonical\" href=\"https:\/\/panoramaciudadano.com\/index.php\/2025\/04\/20\/cancun-celebra-su-identidad-con-colorido-desfile-por-el-55-aniversario-de-la-ciudad\/\" \/>\n<meta property=\"og:locale\" content=\"es_ES\" \/>\n<meta property=\"og:type\" content=\"article\" \/>\n<meta property=\"og:title\" content=\"Canc\u00fan celebra su identidad con colorido desfile por el 55 aniversario de la ciudad - Panorama Ciudadano\" \/>\n<meta property=\"og:description\" content=\"La avenida Tulum se visti\u00f3 de colores por el desfile de la identidad el cual se realiz\u00f3 en el marco del 55 aniversario de la ciudad de Canc\u00fan.\" \/>\n<meta property=\"og:url\" content=\"https:\/\/panoramaciudadano.com\/index.php\/2025\/04\/20\/cancun-celebra-su-identidad-con-colorido-desfile-por-el-55-aniversario-de-la-ciudad\/\" \/>\n<meta property=\"og:site_name\" content=\"Panorama Ciudadano\" \/>\n<meta property=\"article:publisher\" content=\"https:\/\/www.facebook.com\/panoramaciudadano\" \/>\n<meta property=\"article:published_time\" content=\"2025-04-21T01:05:53+00:00\" \/>\n<meta property=\"article:modified_time\" content=\"2025-04-21T01:05:55+00:00\" \/>\n<meta property=\"og:image\" content=\"https:\/\/panoramaciudadano.com\/wp-content\/uploads\/2025\/04\/WhatsApp-Image-2025-04-20-at-10.31.16.jpeg\" \/>\n\t<meta property=\"og:image:width\" content=\"1600\" \/>\n\t<meta property=\"og:image:height\" content=\"1200\" \/>\n\t<meta property=\"og:image:type\" content=\"image\/jpeg\" \/>\n<meta name=\"author\" content=\"admin\" \/>\n<meta name=\"twitter:card\" content=\"summary_large_image\" \/>\n<meta name=\"twitter:label1\" content=\"Escrito por\" \/>\n\t<meta name=\"twitter:data1\" content=\"admin\" \/>\n\t<meta name=\"twitter:label2\" content=\"Tiempo de lectura\" \/>\n\t<meta name=\"twitter:data2\" content=\"4 minutos\" \/>\n<script type=\"application\/ld+json\" class=\"yoast-schema-graph\">{\"@context\":\"https:\/\/schema.org\",\"@graph\":[{\"@type\":\"Article\",\"@id\":\"https:\/\/panoramaciudadano.com\/index.php\/2025\/04\/20\/cancun-celebra-su-identidad-con-colorido-desfile-por-el-55-aniversario-de-la-ciudad\/#article\",\"isPartOf\":{\"@id\":\"https:\/\/panoramaciudadano.com\/index.php\/2025\/04\/20\/cancun-celebra-su-identidad-con-colorido-desfile-por-el-55-aniversario-de-la-ciudad\/\"},\"author\":{\"name\":\"admin\",\"@id\":\"https:\/\/panoramaciudadano.com\/#\/schema\/person\/ffe9fe8ef47d3a93977b5761fd9e0d96\"},\"headline\":\"Canc\u00fan celebra su identidad con colorido desfile por el 55 aniversario de la ciudad\",\"datePublished\":\"2025-04-21T01:05:53+00:00\",\"dateModified\":\"2025-04-21T01:05:55+00:00\",\"mainEntityOfPage\":{\"@id\":\"https:\/\/panoramaciudadano.com\/index.php\/2025\/04\/20\/cancun-celebra-su-identidad-con-colorido-desfile-por-el-55-aniversario-de-la-ciudad\/\"},\"wordCount\":171,\"commentCount\":0,\"publisher\":{\"@id\":\"https:\/\/panoramaciudadano.com\/#organization\"},\"image\":{\"@id\":\"https:\/\/panoramaciudadano.com\/index.php\/2025\/04\/20\/cancun-celebra-su-identidad-con-colorido-desfile-por-el-55-aniversario-de-la-ciudad\/#primaryimage\"},\"thumbnailUrl\":\"https:\/\/panoramaciudadano.com\/wp-content\/uploads\/2025\/04\/WhatsApp-Image-2025-04-20-at-10.31.16.jpeg\",\"keywords\":[\"aniversario de Canc\u00fan\"],\"articleSection\":[\"Canc\u00fan\"],\"inLanguage\":\"es\",\"potentialAction\":[{\"@type\":\"CommentAction\",\"name\":\"Comment\",\"target\":[\"https:\/\/panoramaciudadano.com\/index.php\/2025\/04\/20\/cancun-celebra-su-identidad-con-colorido-desfile-por-el-55-aniversario-de-la-ciudad\/#respond\"]}]},{\"@type\":\"WebPage\",\"@id\":\"https:\/\/panoramaciudadano.com\/index.php\/2025\/04\/20\/cancun-celebra-su-identidad-con-colorido-desfile-por-el-55-aniversario-de-la-ciudad\/\",\"url\":\"https:\/\/panoramaciudadano.com\/index.php\/2025\/04\/20\/cancun-celebra-su-identidad-con-colorido-desfile-por-el-55-aniversario-de-la-ciudad\/\",\"name\":\"Canc\u00fan celebra su identidad con colorido desfile por el 55 aniversario de la ciudad - Panorama Ciudadano\",\"isPartOf\":{\"@id\":\"https:\/\/panoramaciudadano.com\/#website\"},\"primaryImageOfPage\":{\"@id\":\"https:\/\/panoramaciudadano.com\/index.php\/2025\/04\/20\/cancun-celebra-su-identidad-con-colorido-desfile-por-el-55-aniversario-de-la-ciudad\/#primaryimage\"},\"image\":{\"@id\":\"https:\/\/panoramaciudadano.com\/index.php\/2025\/04\/20\/cancun-celebra-su-identidad-con-colorido-desfile-por-el-55-aniversario-de-la-ciudad\/#primaryimage\"},\"thumbnailUrl\":\"https:\/\/panoramaciudadano.com\/wp-content\/uploads\/2025\/04\/WhatsApp-Image-2025-04-20-at-10.31.16.jpeg\",\"datePublished\":\"2025-04-21T01:05:53+00:00\",\"dateModified\":\"2025-04-21T01:05:55+00:00\",\"breadcrumb\":{\"@id\":\"https:\/\/panoramaciudadano.com\/index.php\/2025\/04\/20\/cancun-celebra-su-identidad-con-colorido-desfile-por-el-55-aniversario-de-la-ciudad\/#breadcrumb\"},\"inLanguage\":\"es\",\"potentialAction\":[{\"@type\":\"ReadAction\",\"target\":[\"https:\/\/panoramaciudadano.com\/index.php\/2025\/04\/20\/cancun-celebra-su-identidad-con-colorido-desfile-por-el-55-aniversario-de-la-ciudad\/\"]}]},{\"@type\":\"ImageObject\",\"inLanguage\":\"es\",\"@id\":\"https:\/\/panoramaciudadano.com\/index.php\/2025\/04\/20\/cancun-celebra-su-identidad-con-colorido-desfile-por-el-55-aniversario-de-la-ciudad\/#primaryimage\",\"url\":\"https:\/\/panoramaciudadano.com\/wp-content\/uploads\/2025\/04\/WhatsApp-Image-2025-04-20-at-10.31.16.jpeg\",\"contentUrl\":\"https:\/\/panoramaciudadano.com\/wp-content\/uploads\/2025\/04\/WhatsApp-Image-2025-04-20-at-10.31.16.jpeg\",\"width\":1600,\"height\":1200},{\"@type\":\"BreadcrumbList\",\"@id\":\"https:\/\/panoramaciudadano.com\/index.php\/2025\/04\/20\/cancun-celebra-su-identidad-con-colorido-desfile-por-el-55-aniversario-de-la-ciudad\/#breadcrumb\",\"itemListElement\":[{\"@type\":\"ListItem\",\"position\":1,\"name\":\"Portada\",\"item\":\"https:\/\/panoramaciudadano.com\/\"},{\"@type\":\"ListItem\",\"position\":2,\"name\":\"Canc\u00fan celebra su identidad con colorido desfile por el 55 aniversario de la ciudad\"}]},{\"@type\":\"WebSite\",\"@id\":\"https:\/\/panoramaciudadano.com\/#website\",\"url\":\"https:\/\/panoramaciudadano.com\/\",\"name\":\"Panorama Ciudadano\",\"description\":\"\",\"publisher\":{\"@id\":\"https:\/\/panoramaciudadano.com\/#organization\"},\"potentialAction\":[{\"@type\":\"SearchAction\",\"target\":{\"@type\":\"EntryPoint\",\"urlTemplate\":\"https:\/\/panoramaciudadano.com\/?s={search_term_string}\"},\"query-input\":{\"@type\":\"PropertyValueSpecification\",\"valueRequired\":true,\"valueName\":\"search_term_string\"}}],\"inLanguage\":\"es\"},{\"@type\":\"Organization\",\"@id\":\"https:\/\/panoramaciudadano.com\/#organization\",\"name\":\"Panorama Ciudadano\",\"url\":\"https:\/\/panoramaciudadano.com\/\",\"logo\":{\"@type\":\"ImageObject\",\"inLanguage\":\"es\",\"@id\":\"https:\/\/panoramaciudadano.com\/#\/schema\/logo\/image\/\",\"url\":\"https:\/\/panoramaciudadano.com\/wp-content\/uploads\/2024\/05\/401498640_919267042938564_6290593609399108733_n.jpg\",\"contentUrl\":\"https:\/\/panoramaciudadano.com\/wp-content\/uploads\/2024\/05\/401498640_919267042938564_6290593609399108733_n.jpg\",\"width\":960,\"height\":957,\"caption\":\"Panorama Ciudadano\"},\"image\":{\"@id\":\"https:\/\/panoramaciudadano.com\/#\/schema\/logo\/image\/\"},\"sameAs\":[\"https:\/\/www.facebook.com\/panoramaciudadano\"]},{\"@type\":\"Person\",\"@id\":\"https:\/\/panoramaciudadano.com\/#\/schema\/person\/ffe9fe8ef47d3a93977b5761fd9e0d96\",\"name\":\"admin\",\"image\":{\"@type\":\"ImageObject\",\"inLanguage\":\"es\",\"@id\":\"https:\/\/panoramaciudadano.com\/#\/schema\/person\/image\/\",\"url\":\"https:\/\/secure.gravatar.com\/avatar\/2d5a12cacce3f18096f25fadea8abb7202fef18ed669595589853e84260ff451?s=96&d=mm&r=g\",\"contentUrl\":\"https:\/\/secure.gravatar.com\/avatar\/2d5a12cacce3f18096f25fadea8abb7202fef18ed669595589853e84260ff451?s=96&d=mm&r=g\",\"caption\":\"admin\"},\"sameAs\":[\"https:\/\/panoramaciudadano.com\"],\"url\":\"https:\/\/panoramaciudadano.com\/index.php\/author\/admin_3q6hyqq3\/\"}]}<\/script>\n<!-- \/ Yoast SEO plugin. -->","yoast_head_json":{"title":"Canc\u00fan celebra su identidad con colorido desfile por el 55 aniversario de la ciudad - Panorama Ciudadano","robots":{"index":"index","follow":"follow","max-snippet":"max-snippet:-1","max-image-preview":"max-image-preview:large","max-video-preview":"max-video-preview:-1"},"canonical":"https:\/\/panoramaciudadano.com\/index.php\/2025\/04\/20\/cancun-celebra-su-identidad-con-colorido-desfile-por-el-55-aniversario-de-la-ciudad\/","og_locale":"es_ES","og_type":"article","og_title":"Canc\u00fan celebra su identidad con colorido desfile por el 55 aniversario de la ciudad - Panorama Ciudadano","og_description":"La avenida Tulum se visti\u00f3 de colores por el desfile de la identidad el cual se realiz\u00f3 en el marco del 55 aniversario de la ciudad de Canc\u00fan.","og_url":"https:\/\/panoramaciudadano.com\/index.php\/2025\/04\/20\/cancun-celebra-su-identidad-con-colorido-desfile-por-el-55-aniversario-de-la-ciudad\/","og_site_name":"Panorama Ciudadano","article_publisher":"https:\/\/www.facebook.com\/panoramaciudadano","article_published_time":"2025-04-21T01:05:53+00:00","article_modified_time":"2025-04-21T01:05:55+00:00","og_image":[{"width":1600,"height":1200,"url":"https:\/\/panoramaciudadano.com\/wp-content\/uploads\/2025\/04\/WhatsApp-Image-2025-04-20-at-10.31.16.jpeg","type":"image\/jpeg"}],"author":"admin","twitter_card":"summary_large_image","twitter_misc":{"Escrito por":"admin","Tiempo de lectura":"4 minutos"},"schema":{"@context":"https:\/\/schema.org","@graph":[{"@type":"Article","@id":"https:\/\/panoramaciudadano.com\/index.php\/2025\/04\/20\/cancun-celebra-su-identidad-con-colorido-desfile-por-el-55-aniversario-de-la-ciudad\/#article","isPartOf":{"@id":"https:\/\/panoramaciudadano.com\/index.php\/2025\/04\/20\/cancun-celebra-su-identidad-con-colorido-desfile-por-el-55-aniversario-de-la-ciudad\/"},"author":{"name":"admin","@id":"https:\/\/panoramaciudadano.com\/#\/schema\/person\/ffe9fe8ef47d3a93977b5761fd9e0d96"},"headline":"Canc\u00fan celebra su identidad con colorido desfile por el 55 aniversario de la ciudad","datePublished":"2025-04-21T01:05:53+00:00","dateModified":"2025-04-21T01:05:55+00:00","mainEntityOfPage":{"@id":"https:\/\/panoramaciudadano.com\/index.php\/2025\/04\/20\/cancun-celebra-su-identidad-con-colorido-desfile-por-el-55-aniversario-de-la-ciudad\/"},"wordCount":171,"commentCount":0,"publisher":{"@id":"https:\/\/panoramaciudadano.com\/#organization"},"image":{"@id":"https:\/\/panoramaciudadano.com\/index.php\/2025\/04\/20\/cancun-celebra-su-identidad-con-colorido-desfile-por-el-55-aniversario-de-la-ciudad\/#primaryimage"},"thumbnailUrl":"https:\/\/panoramaciudadano.com\/wp-content\/uploads\/2025\/04\/WhatsApp-Image-2025-04-20-at-10.31.16.jpeg","keywords":["aniversario de Canc\u00fan"],"articleSection":["Canc\u00fan"],"inLanguage":"es","potentialAction":[{"@type":"CommentAction","name":"Comment","target":["https:\/\/panoramaciudadano.com\/index.php\/2025\/04\/20\/cancun-celebra-su-identidad-con-colorido-desfile-por-el-55-aniversario-de-la-ciudad\/#respond"]}]},{"@type":"WebPage","@id":"https:\/\/panoramaciudadano.com\/index.php\/2025\/04\/20\/cancun-celebra-su-identidad-con-colorido-desfile-por-el-55-aniversario-de-la-ciudad\/","url":"https:\/\/panoramaciudadano.com\/index.php\/2025\/04\/20\/cancun-celebra-su-identidad-con-colorido-desfile-por-el-55-aniversario-de-la-ciudad\/","name":"Canc\u00fan celebra su identidad con colorido desfile por el 55 aniversario de la ciudad - Panorama Ciudadano","isPartOf":{"@id":"https:\/\/panoramaciudadano.com\/#website"},"primaryImageOfPage":{"@id":"https:\/\/panoramaciudadano.com\/index.php\/2025\/04\/20\/cancun-celebra-su-identidad-con-colorido-desfile-por-el-55-aniversario-de-la-ciudad\/#primaryimage"},"image":{"@id":"https:\/\/panoramaciudadano.com\/index.php\/2025\/04\/20\/cancun-celebra-su-identidad-con-colorido-desfile-por-el-55-aniversario-de-la-ciudad\/#primaryimage"},"thumbnailUrl":"https:\/\/panoramaciudadano.com\/wp-content\/uploads\/2025\/04\/WhatsApp-Image-2025-04-20-at-10.31.16.jpeg","datePublished":"2025-04-21T01:05:53+00:00","dateModified":"2025-04-21T01:05:55+00:00","breadcrumb":{"@id":"https:\/\/panoramaciudadano.com\/index.php\/2025\/04\/20\/cancun-celebra-su-identidad-con-colorido-desfile-por-el-55-aniversario-de-la-ciudad\/#breadcrumb"},"inLanguage":"es","potentialAction":[{"@type":"ReadAction","target":["https:\/\/panoramaciudadano.com\/index.php\/2025\/04\/20\/cancun-celebra-su-identidad-con-colorido-desfile-por-el-55-aniversario-de-la-ciudad\/"]}]},{"@type":"ImageObject","inLanguage":"es","@id":"https:\/\/panoramaciudadano.com\/index.php\/2025\/04\/20\/cancun-celebra-su-identidad-con-colorido-desfile-por-el-55-aniversario-de-la-ciudad\/#primaryimage","url":"https:\/\/panoramaciudadano.com\/wp-content\/uploads\/2025\/04\/WhatsApp-Image-2025-04-20-at-10.31.16.jpeg","contentUrl":"https:\/\/panoramaciudadano.com\/wp-content\/uploads\/2025\/04\/WhatsApp-Image-2025-04-20-at-10.31.16.jpeg","width":1600,"height":1200},{"@type":"BreadcrumbList","@id":"https:\/\/panoramaciudadano.com\/index.php\/2025\/04\/20\/cancun-celebra-su-identidad-con-colorido-desfile-por-el-55-aniversario-de-la-ciudad\/#breadcrumb","itemListElement":[{"@type":"ListItem","position":1,"name":"Portada","item":"https:\/\/panoramaciudadano.com\/"},{"@type":"ListItem","position":2,"name":"Canc\u00fan celebra su identidad con colorido desfile por el 55 aniversario de la ciudad"}]},{"@type":"WebSite","@id":"https:\/\/panoramaciudadano.com\/#website","url":"https:\/\/panoramaciudadano.com\/","name":"Panorama Ciudadano","description":"","publisher":{"@id":"https:\/\/panoramaciudadano.com\/#organization"},"potentialAction":[{"@type":"SearchAction","target":{"@type":"EntryPoint","urlTemplate":"https:\/\/panoramaciudadano.com\/?s={search_term_string}"},"query-input":{"@type":"PropertyValueSpecification","valueRequired":true,"valueName":"search_term_string"}}],"inLanguage":"es"},{"@type":"Organization","@id":"https:\/\/panoramaciudadano.com\/#organization","name":"Panorama Ciudadano","url":"https:\/\/panoramaciudadano.com\/","logo":{"@type":"ImageObject","inLanguage":"es","@id":"https:\/\/panoramaciudadano.com\/#\/schema\/logo\/image\/","url":"https:\/\/panoramaciudadano.com\/wp-content\/uploads\/2024\/05\/401498640_919267042938564_6290593609399108733_n.jpg","contentUrl":"https:\/\/panoramaciudadano.com\/wp-content\/uploads\/2024\/05\/401498640_919267042938564_6290593609399108733_n.jpg","width":960,"height":957,"caption":"Panorama Ciudadano"},"image":{"@id":"https:\/\/panoramaciudadano.com\/#\/schema\/logo\/image\/"},"sameAs":["https:\/\/www.facebook.com\/panoramaciudadano"]},{"@type":"Person","@id":"https:\/\/panoramaciudadano.com\/#\/schema\/person\/ffe9fe8ef47d3a93977b5761fd9e0d96","name":"admin","image":{"@type":"ImageObject","inLanguage":"es","@id":"https:\/\/panoramaciudadano.com\/#\/schema\/person\/image\/","url":"https:\/\/secure.gravatar.com\/avatar\/2d5a12cacce3f18096f25fadea8abb7202fef18ed669595589853e84260ff451?s=96&d=mm&r=g","contentUrl":"https:\/\/secure.gravatar.com\/avatar\/2d5a12cacce3f18096f25fadea8abb7202fef18ed669595589853e84260ff451?s=96&d=mm&r=g","caption":"admin"},"sameAs":["https:\/\/panoramaciudadano.com"],"url":"https:\/\/panoramaciudadano.com\/index.php\/author\/admin_3q6hyqq3\/"}]}},"_links":{"self":[{"href":"https:\/\/panoramaciudadano.com\/index.php\/wp-json\/wp\/v2\/posts\/12779","targetHints":{"allow":["GET"]}}],"collection":[{"href":"https:\/\/panoramaciudadano.com\/index.php\/wp-json\/wp\/v2\/posts"}],"about":[{"href":"https:\/\/panoramaciudadano.com\/index.php\/wp-json\/wp\/v2\/types\/post"}],"author":[{"embeddable":true,"href":"https:\/\/panoramaciudadano.com\/index.php\/wp-json\/wp\/v2\/users\/1"}],"replies":[{"embeddable":true,"href":"https:\/\/panoramaciudadano.com\/index.php\/wp-json\/wp\/v2\/comments?post=12779"}],"version-history":[{"count":1,"href":"https:\/\/panoramaciudadano.com\/index.php\/wp-json\/wp\/v2\/posts\/12779\/revisions"}],"predecessor-version":[{"id":12792,"href":"https:\/\/panoramaciudadano.com\/index.php\/wp-json\/wp\/v2\/posts\/12779\/revisions\/12792"}],"wp:featuredmedia":[{"embeddable":true,"href":"https:\/\/panoramaciudadano.com\/index.php\/wp-json\/wp\/v2\/media\/12786"}],"wp:attachment":[{"href":"https:\/\/panoramaciudadano.com\/index.php\/wp-json\/wp\/v2\/media?parent=12779"}],"wp:term":[{"taxonomy":"category","embeddable":true,"href":"https:\/\/panoramaciudadano.com\/index.php\/wp-json\/wp\/v2\/categories?post=12779"},{"taxonomy":"post_tag","embeddable":true,"href":"https:\/\/panoramaciudadano.com\/index.php\/wp-json\/wp\/v2\/tags?post=12779"}],"curies":[{"name":"wp","href":"https:\/\/api.w.org\/{rel}","templated":true}]}}