{"id":12793,"date":"2025-04-20T20:09:27","date_gmt":"2025-04-21T01:09:27","guid":{"rendered":"https:\/\/panoramaciudadano.com\/?p=12793"},"modified":"2025-04-20T20:09:30","modified_gmt":"2025-04-21T01:09:30","slug":"sicarios-atacan-domicilio-en-la-region-97-tres-personas-baleadas-durante-la-noche-del-viernes-santo","status":"publish","type":"post","link":"https:\/\/panoramaciudadano.com\/index.php\/2025\/04\/20\/sicarios-atacan-domicilio-en-la-region-97-tres-personas-baleadas-durante-la-noche-del-viernes-santo\/","title":{"rendered":"Sicarios atacan domicilio en la Regi\u00f3n 97: tres personas baleadas durante la noche del Viernes Santo"},"content":{"rendered":"\n<figure class=\"wp-block-image size-large\"><img decoding=\"async\" width=\"1024\" height=\"768\" src=\"https:\/\/panoramaciudadano.com\/wp-content\/uploads\/2025\/04\/5-30-1024x768.jpeg\" alt=\"\" class=\"wp-image-12794\" srcset=\"https:\/\/panoramaciudadano.com\/wp-content\/uploads\/2025\/04\/5-30-1024x768.jpeg 1024w, https:\/\/panoramaciudadano.com\/wp-content\/uploads\/2025\/04\/5-30-300x225.jpeg 300w, https:\/\/panoramaciudadano.com\/wp-content\/uploads\/2025\/04\/5-30-768x576.jpeg 768w, https:\/\/panoramaciudadano.com\/wp-content\/uploads\/2025\/04\/5-30-1536x1152.jpeg 1536w, https:\/\/panoramaciudadano.com\/wp-content\/uploads\/2025\/04\/5-30.jpeg 1600w\" sizes=\"(max-width: 1024px) 100vw, 1024px\" \/><\/figure>\n\n\n\n<p>Tres personas resultaron lesionados de bala en un domicilio de la regi\u00f3n 97, las v\u00edctimas fueron llevados al hospital general para su atenci\u00f3n.&nbsp;<\/p>\n\n\n\n<p>Fue esta noche de viernes santo cuando las autoridades se activaron por el reporte de balazos sobre la calle Temoz\u00f3n casi con avenida industrial&nbsp;<\/p>\n\n\n\n<p>De acuerdo con informaci\u00f3n preliminar se\u00f1alan. Que las v\u00edctimas estaban dentro su domicilio cuando los sicarios en moto activaron sus armas logrando herir a dos hombres y una mujer identificados como Miguel, Pancho, Nancy&nbsp;<\/p>\n\n\n\n<p>El \u00e1rea qued\u00f3 acordonada para que personal de la fiscal\u00eda del \u00e1rea de homicidios junto con personal pericial procesar\u00e1n la escena pues quedaron al menos 15 casquillos percutidos sobre el pavimento, tambi\u00e9n se dijo que habr\u00eda una persecuci\u00f3n, sin embargo, no se ha mencionado si hay alg\u00fan detenido.<\/p>\n\n\n\n<figure class=\"wp-block-gallery has-nested-images columns-default is-cropped wp-block-gallery-1 is-layout-flex wp-block-gallery-is-layout-flex\">\n<figure class=\"wp-block-image size-large\"><img decoding=\"async\" width=\"1024\" height=\"768\" data-id=\"12797\" src=\"https:\/\/panoramaciudadano.com\/wp-content\/uploads\/2025\/04\/2-91-1024x768.jpeg\" alt=\"\" class=\"wp-image-12797\" srcset=\"https:\/\/panoramaciudadano.com\/wp-content\/uploads\/2025\/04\/2-91-1024x768.jpeg 1024w, https:\/\/panoramaciudadano.com\/wp-content\/uploads\/2025\/04\/2-91-300x225.jpeg 300w, https:\/\/panoramaciudadano.com\/wp-content\/uploads\/2025\/04\/2-91-768x576.jpeg 768w, https:\/\/panoramaciudadano.com\/wp-content\/uploads\/2025\/04\/2-91-1536x1152.jpeg 1536w, https:\/\/panoramaciudadano.com\/wp-content\/uploads\/2025\/04\/2-91.jpeg 1600w\" sizes=\"(max-width: 1024px) 100vw, 1024px\" \/><\/figure>\n\n\n\n<figure class=\"wp-block-image size-large\"><img decoding=\"async\" width=\"1024\" height=\"768\" data-id=\"12798\" src=\"https:\/\/panoramaciudadano.com\/wp-content\/uploads\/2025\/04\/3-80-1024x768.jpeg\" alt=\"\" class=\"wp-image-12798\" srcset=\"https:\/\/panoramaciudadano.com\/wp-content\/uploads\/2025\/04\/3-80-1024x768.jpeg 1024w, https:\/\/panoramaciudadano.com\/wp-content\/uploads\/2025\/04\/3-80-300x225.jpeg 300w, https:\/\/panoramaciudadano.com\/wp-content\/uploads\/2025\/04\/3-80-768x576.jpeg 768w, https:\/\/panoramaciudadano.com\/wp-content\/uploads\/2025\/04\/3-80-1536x1152.jpeg 1536w, https:\/\/panoramaciudadano.com\/wp-content\/uploads\/2025\/04\/3-80.jpeg 1600w\" sizes=\"(max-width: 1024px) 100vw, 1024px\" \/><\/figure>\n\n\n\n<figure class=\"wp-block-image size-large\"><img decoding=\"async\" width=\"1024\" height=\"768\" data-id=\"12796\" src=\"https:\/\/panoramaciudadano.com\/wp-content\/uploads\/2025\/04\/4-60-1024x768.jpeg\" alt=\"\" class=\"wp-image-12796\" srcset=\"https:\/\/panoramaciudadano.com\/wp-content\/uploads\/2025\/04\/4-60-1024x768.jpeg 1024w, https:\/\/panoramaciudadano.com\/wp-content\/uploads\/2025\/04\/4-60-300x225.jpeg 300w, https:\/\/panoramaciudadano.com\/wp-content\/uploads\/2025\/04\/4-60-768x576.jpeg 768w, https:\/\/panoramaciudadano.com\/wp-content\/uploads\/2025\/04\/4-60-1536x1152.jpeg 1536w, https:\/\/panoramaciudadano.com\/wp-content\/uploads\/2025\/04\/4-60.jpeg 1600w\" sizes=\"(max-width: 1024px) 100vw, 1024px\" \/><\/figure>\n\n\n\n<figure class=\"wp-block-image size-large\"><img decoding=\"async\" width=\"1024\" height=\"768\" data-id=\"12795\" src=\"https:\/\/panoramaciudadano.com\/wp-content\/uploads\/2025\/04\/WhatsApp-Image-2025-04-20-at-10.32.36-1024x768.jpeg\" alt=\"\" class=\"wp-image-12795\" srcset=\"https:\/\/panoramaciudadano.com\/wp-content\/uploads\/2025\/04\/WhatsApp-Image-2025-04-20-at-10.32.36-1024x768.jpeg 1024w, https:\/\/panoramaciudadano.com\/wp-content\/uploads\/2025\/04\/WhatsApp-Image-2025-04-20-at-10.32.36-300x225.jpeg 300w, https:\/\/panoramaciudadano.com\/wp-content\/uploads\/2025\/04\/WhatsApp-Image-2025-04-20-at-10.32.36-768x576.jpeg 768w, https:\/\/panoramaciudadano.com\/wp-content\/uploads\/2025\/04\/WhatsApp-Image-2025-04-20-at-10.32.36-1536x1152.jpeg 1536w, https:\/\/panoramaciudadano.com\/wp-content\/uploads\/2025\/04\/WhatsApp-Image-2025-04-20-at-10.32.36.jpeg 1600w\" sizes=\"(max-width: 1024px) 100vw, 1024px\" \/><\/figure>\n<\/figure>\n","protected":false},"excerpt":{"rendered":"<p>Tres personas resultaron lesionados de bala en un domicilio de la regi\u00f3n 97, las v\u00edctimas fueron llevados al hospital general para su atenci\u00f3n.\u00a0<\/p>\n","protected":false},"author":1,"featured_media":12798,"comment_status":"open","ping_status":"closed","sticky":false,"template":"","format":"standard","meta":{"footnotes":""},"categories":[6],"tags":[2342],"class_list":["post-12793","post","type-post","status-publish","format-standard","has-post-thumbnail","hentry","category-cancun","tag-region-97"],"yoast_head":"<!-- This site is optimized with the Yoast SEO plugin v27.1.1 - https:\/\/yoast.com\/product\/yoast-seo-wordpress\/ -->\n<title>Sicarios atacan domicilio en la Regi\u00f3n 97: tres personas baleadas durante la noche del Viernes Santo - Panorama Ciudadano<\/title>\n<meta name=\"robots\" content=\"index, follow, max-snippet:-1, max-image-preview:large, max-video-preview:-1\" \/>\n<link rel=\"canonical\" href=\"https:\/\/panoramaciudadano.com\/index.php\/2025\/04\/20\/sicarios-atacan-domicilio-en-la-region-97-tres-personas-baleadas-durante-la-noche-del-viernes-santo\/\" \/>\n<meta property=\"og:locale\" content=\"es_ES\" \/>\n<meta property=\"og:type\" content=\"article\" \/>\n<meta property=\"og:title\" content=\"Sicarios atacan domicilio en la Regi\u00f3n 97: tres personas baleadas durante la noche del Viernes Santo - Panorama Ciudadano\" \/>\n<meta property=\"og:description\" content=\"Tres personas resultaron lesionados de bala en un domicilio de la regi\u00f3n 97, las v\u00edctimas fueron llevados al hospital general para su atenci\u00f3n.\u00a0\" \/>\n<meta property=\"og:url\" content=\"https:\/\/panoramaciudadano.com\/index.php\/2025\/04\/20\/sicarios-atacan-domicilio-en-la-region-97-tres-personas-baleadas-durante-la-noche-del-viernes-santo\/\" \/>\n<meta property=\"og:site_name\" content=\"Panorama Ciudadano\" \/>\n<meta property=\"article:publisher\" content=\"https:\/\/www.facebook.com\/panoramaciudadano\" \/>\n<meta property=\"article:published_time\" content=\"2025-04-21T01:09:27+00:00\" \/>\n<meta property=\"article:modified_time\" content=\"2025-04-21T01:09:30+00:00\" \/>\n<meta property=\"og:image\" content=\"https:\/\/panoramaciudadano.com\/wp-content\/uploads\/2025\/04\/3-80.jpeg\" \/>\n\t<meta property=\"og:image:width\" content=\"1600\" \/>\n\t<meta property=\"og:image:height\" content=\"1200\" \/>\n\t<meta property=\"og:image:type\" content=\"image\/jpeg\" \/>\n<meta name=\"author\" content=\"admin\" \/>\n<meta name=\"twitter:card\" content=\"summary_large_image\" \/>\n<meta name=\"twitter:label1\" content=\"Escrito por\" \/>\n\t<meta name=\"twitter:data1\" content=\"admin\" \/>\n\t<meta name=\"twitter:label2\" content=\"Tiempo de lectura\" \/>\n\t<meta name=\"twitter:data2\" content=\"2 minutos\" \/>\n<script type=\"application\/ld+json\" class=\"yoast-schema-graph\">{\"@context\":\"https:\/\/schema.org\",\"@graph\":[{\"@type\":\"Article\",\"@id\":\"https:\/\/panoramaciudadano.com\/index.php\/2025\/04\/20\/sicarios-atacan-domicilio-en-la-region-97-tres-personas-baleadas-durante-la-noche-del-viernes-santo\/#article\",\"isPartOf\":{\"@id\":\"https:\/\/panoramaciudadano.com\/index.php\/2025\/04\/20\/sicarios-atacan-domicilio-en-la-region-97-tres-personas-baleadas-durante-la-noche-del-viernes-santo\/\"},\"author\":{\"name\":\"admin\",\"@id\":\"https:\/\/panoramaciudadano.com\/#\/schema\/person\/ffe9fe8ef47d3a93977b5761fd9e0d96\"},\"headline\":\"Sicarios atacan domicilio en la Regi\u00f3n 97: tres personas baleadas durante la noche del Viernes Santo\",\"datePublished\":\"2025-04-21T01:09:27+00:00\",\"dateModified\":\"2025-04-21T01:09:30+00:00\",\"mainEntityOfPage\":{\"@id\":\"https:\/\/panoramaciudadano.com\/index.php\/2025\/04\/20\/sicarios-atacan-domicilio-en-la-region-97-tres-personas-baleadas-durante-la-noche-del-viernes-santo\/\"},\"wordCount\":159,\"commentCount\":0,\"publisher\":{\"@id\":\"https:\/\/panoramaciudadano.com\/#organization\"},\"image\":{\"@id\":\"https:\/\/panoramaciudadano.com\/index.php\/2025\/04\/20\/sicarios-atacan-domicilio-en-la-region-97-tres-personas-baleadas-durante-la-noche-del-viernes-santo\/#primaryimage\"},\"thumbnailUrl\":\"https:\/\/panoramaciudadano.com\/wp-content\/uploads\/2025\/04\/3-80.jpeg\",\"keywords\":[\"regi\u00f3n 97\"],\"articleSection\":[\"Canc\u00fan\"],\"inLanguage\":\"es\",\"potentialAction\":[{\"@type\":\"CommentAction\",\"name\":\"Comment\",\"target\":[\"https:\/\/panoramaciudadano.com\/index.php\/2025\/04\/20\/sicarios-atacan-domicilio-en-la-region-97-tres-personas-baleadas-durante-la-noche-del-viernes-santo\/#respond\"]}]},{\"@type\":\"WebPage\",\"@id\":\"https:\/\/panoramaciudadano.com\/index.php\/2025\/04\/20\/sicarios-atacan-domicilio-en-la-region-97-tres-personas-baleadas-durante-la-noche-del-viernes-santo\/\",\"url\":\"https:\/\/panoramaciudadano.com\/index.php\/2025\/04\/20\/sicarios-atacan-domicilio-en-la-region-97-tres-personas-baleadas-durante-la-noche-del-viernes-santo\/\",\"name\":\"Sicarios atacan domicilio en la Regi\u00f3n 97: tres personas baleadas durante la noche del Viernes Santo - Panorama Ciudadano\",\"isPartOf\":{\"@id\":\"https:\/\/panoramaciudadano.com\/#website\"},\"primaryImageOfPage\":{\"@id\":\"https:\/\/panoramaciudadano.com\/index.php\/2025\/04\/20\/sicarios-atacan-domicilio-en-la-region-97-tres-personas-baleadas-durante-la-noche-del-viernes-santo\/#primaryimage\"},\"image\":{\"@id\":\"https:\/\/panoramaciudadano.com\/index.php\/2025\/04\/20\/sicarios-atacan-domicilio-en-la-region-97-tres-personas-baleadas-durante-la-noche-del-viernes-santo\/#primaryimage\"},\"thumbnailUrl\":\"https:\/\/panoramaciudadano.com\/wp-content\/uploads\/2025\/04\/3-80.jpeg\",\"datePublished\":\"2025-04-21T01:09:27+00:00\",\"dateModified\":\"2025-04-21T01:09:30+00:00\",\"breadcrumb\":{\"@id\":\"https:\/\/panoramaciudadano.com\/index.php\/2025\/04\/20\/sicarios-atacan-domicilio-en-la-region-97-tres-personas-baleadas-durante-la-noche-del-viernes-santo\/#breadcrumb\"},\"inLanguage\":\"es\",\"potentialAction\":[{\"@type\":\"ReadAction\",\"target\":[\"https:\/\/panoramaciudadano.com\/index.php\/2025\/04\/20\/sicarios-atacan-domicilio-en-la-region-97-tres-personas-baleadas-durante-la-noche-del-viernes-santo\/\"]}]},{\"@type\":\"ImageObject\",\"inLanguage\":\"es\",\"@id\":\"https:\/\/panoramaciudadano.com\/index.php\/2025\/04\/20\/sicarios-atacan-domicilio-en-la-region-97-tres-personas-baleadas-durante-la-noche-del-viernes-santo\/#primaryimage\",\"url\":\"https:\/\/panoramaciudadano.com\/wp-content\/uploads\/2025\/04\/3-80.jpeg\",\"contentUrl\":\"https:\/\/panoramaciudadano.com\/wp-content\/uploads\/2025\/04\/3-80.jpeg\",\"width\":1600,\"height\":1200},{\"@type\":\"BreadcrumbList\",\"@id\":\"https:\/\/panoramaciudadano.com\/index.php\/2025\/04\/20\/sicarios-atacan-domicilio-en-la-region-97-tres-personas-baleadas-durante-la-noche-del-viernes-santo\/#breadcrumb\",\"itemListElement\":[{\"@type\":\"ListItem\",\"position\":1,\"name\":\"Portada\",\"item\":\"https:\/\/panoramaciudadano.com\/\"},{\"@type\":\"ListItem\",\"position\":2,\"name\":\"Sicarios atacan domicilio en la Regi\u00f3n 97: tres personas baleadas durante la noche del Viernes Santo\"}]},{\"@type\":\"WebSite\",\"@id\":\"https:\/\/panoramaciudadano.com\/#website\",\"url\":\"https:\/\/panoramaciudadano.com\/\",\"name\":\"Panorama Ciudadano\",\"description\":\"\",\"publisher\":{\"@id\":\"https:\/\/panoramaciudadano.com\/#organization\"},\"potentialAction\":[{\"@type\":\"SearchAction\",\"target\":{\"@type\":\"EntryPoint\",\"urlTemplate\":\"https:\/\/panoramaciudadano.com\/?s={search_term_string}\"},\"query-input\":{\"@type\":\"PropertyValueSpecification\",\"valueRequired\":true,\"valueName\":\"search_term_string\"}}],\"inLanguage\":\"es\"},{\"@type\":\"Organization\",\"@id\":\"https:\/\/panoramaciudadano.com\/#organization\",\"name\":\"Panorama Ciudadano\",\"url\":\"https:\/\/panoramaciudadano.com\/\",\"logo\":{\"@type\":\"ImageObject\",\"inLanguage\":\"es\",\"@id\":\"https:\/\/panoramaciudadano.com\/#\/schema\/logo\/image\/\",\"url\":\"https:\/\/panoramaciudadano.com\/wp-content\/uploads\/2024\/05\/401498640_919267042938564_6290593609399108733_n.jpg\",\"contentUrl\":\"https:\/\/panoramaciudadano.com\/wp-content\/uploads\/2024\/05\/401498640_919267042938564_6290593609399108733_n.jpg\",\"width\":960,\"height\":957,\"caption\":\"Panorama Ciudadano\"},\"image\":{\"@id\":\"https:\/\/panoramaciudadano.com\/#\/schema\/logo\/image\/\"},\"sameAs\":[\"https:\/\/www.facebook.com\/panoramaciudadano\"]},{\"@type\":\"Person\",\"@id\":\"https:\/\/panoramaciudadano.com\/#\/schema\/person\/ffe9fe8ef47d3a93977b5761fd9e0d96\",\"name\":\"admin\",\"image\":{\"@type\":\"ImageObject\",\"inLanguage\":\"es\",\"@id\":\"https:\/\/panoramaciudadano.com\/#\/schema\/person\/image\/\",\"url\":\"https:\/\/secure.gravatar.com\/avatar\/2d5a12cacce3f18096f25fadea8abb7202fef18ed669595589853e84260ff451?s=96&d=mm&r=g\",\"contentUrl\":\"https:\/\/secure.gravatar.com\/avatar\/2d5a12cacce3f18096f25fadea8abb7202fef18ed669595589853e84260ff451?s=96&d=mm&r=g\",\"caption\":\"admin\"},\"sameAs\":[\"https:\/\/panoramaciudadano.com\"],\"url\":\"https:\/\/panoramaciudadano.com\/index.php\/author\/admin_3q6hyqq3\/\"}]}<\/script>\n<!-- \/ Yoast SEO plugin. -->","yoast_head_json":{"title":"Sicarios atacan domicilio en la Regi\u00f3n 97: tres personas baleadas durante la noche del Viernes Santo - Panorama Ciudadano","robots":{"index":"index","follow":"follow","max-snippet":"max-snippet:-1","max-image-preview":"max-image-preview:large","max-video-preview":"max-video-preview:-1"},"canonical":"https:\/\/panoramaciudadano.com\/index.php\/2025\/04\/20\/sicarios-atacan-domicilio-en-la-region-97-tres-personas-baleadas-durante-la-noche-del-viernes-santo\/","og_locale":"es_ES","og_type":"article","og_title":"Sicarios atacan domicilio en la Regi\u00f3n 97: tres personas baleadas durante la noche del Viernes Santo - Panorama Ciudadano","og_description":"Tres personas resultaron lesionados de bala en un domicilio de la regi\u00f3n 97, las v\u00edctimas fueron llevados al hospital general para su atenci\u00f3n.\u00a0","og_url":"https:\/\/panoramaciudadano.com\/index.php\/2025\/04\/20\/sicarios-atacan-domicilio-en-la-region-97-tres-personas-baleadas-durante-la-noche-del-viernes-santo\/","og_site_name":"Panorama Ciudadano","article_publisher":"https:\/\/www.facebook.com\/panoramaciudadano","article_published_time":"2025-04-21T01:09:27+00:00","article_modified_time":"2025-04-21T01:09:30+00:00","og_image":[{"width":1600,"height":1200,"url":"https:\/\/panoramaciudadano.com\/wp-content\/uploads\/2025\/04\/3-80.jpeg","type":"image\/jpeg"}],"author":"admin","twitter_card":"summary_large_image","twitter_misc":{"Escrito por":"admin","Tiempo de lectura":"2 minutos"},"schema":{"@context":"https:\/\/schema.org","@graph":[{"@type":"Article","@id":"https:\/\/panoramaciudadano.com\/index.php\/2025\/04\/20\/sicarios-atacan-domicilio-en-la-region-97-tres-personas-baleadas-durante-la-noche-del-viernes-santo\/#article","isPartOf":{"@id":"https:\/\/panoramaciudadano.com\/index.php\/2025\/04\/20\/sicarios-atacan-domicilio-en-la-region-97-tres-personas-baleadas-durante-la-noche-del-viernes-santo\/"},"author":{"name":"admin","@id":"https:\/\/panoramaciudadano.com\/#\/schema\/person\/ffe9fe8ef47d3a93977b5761fd9e0d96"},"headline":"Sicarios atacan domicilio en la Regi\u00f3n 97: tres personas baleadas durante la noche del Viernes Santo","datePublished":"2025-04-21T01:09:27+00:00","dateModified":"2025-04-21T01:09:30+00:00","mainEntityOfPage":{"@id":"https:\/\/panoramaciudadano.com\/index.php\/2025\/04\/20\/sicarios-atacan-domicilio-en-la-region-97-tres-personas-baleadas-durante-la-noche-del-viernes-santo\/"},"wordCount":159,"commentCount":0,"publisher":{"@id":"https:\/\/panoramaciudadano.com\/#organization"},"image":{"@id":"https:\/\/panoramaciudadano.com\/index.php\/2025\/04\/20\/sicarios-atacan-domicilio-en-la-region-97-tres-personas-baleadas-durante-la-noche-del-viernes-santo\/#primaryimage"},"thumbnailUrl":"https:\/\/panoramaciudadano.com\/wp-content\/uploads\/2025\/04\/3-80.jpeg","keywords":["regi\u00f3n 97"],"articleSection":["Canc\u00fan"],"inLanguage":"es","potentialAction":[{"@type":"CommentAction","name":"Comment","target":["https:\/\/panoramaciudadano.com\/index.php\/2025\/04\/20\/sicarios-atacan-domicilio-en-la-region-97-tres-personas-baleadas-durante-la-noche-del-viernes-santo\/#respond"]}]},{"@type":"WebPage","@id":"https:\/\/panoramaciudadano.com\/index.php\/2025\/04\/20\/sicarios-atacan-domicilio-en-la-region-97-tres-personas-baleadas-durante-la-noche-del-viernes-santo\/","url":"https:\/\/panoramaciudadano.com\/index.php\/2025\/04\/20\/sicarios-atacan-domicilio-en-la-region-97-tres-personas-baleadas-durante-la-noche-del-viernes-santo\/","name":"Sicarios atacan domicilio en la Regi\u00f3n 97: tres personas baleadas durante la noche del Viernes Santo - Panorama Ciudadano","isPartOf":{"@id":"https:\/\/panoramaciudadano.com\/#website"},"primaryImageOfPage":{"@id":"https:\/\/panoramaciudadano.com\/index.php\/2025\/04\/20\/sicarios-atacan-domicilio-en-la-region-97-tres-personas-baleadas-durante-la-noche-del-viernes-santo\/#primaryimage"},"image":{"@id":"https:\/\/panoramaciudadano.com\/index.php\/2025\/04\/20\/sicarios-atacan-domicilio-en-la-region-97-tres-personas-baleadas-durante-la-noche-del-viernes-santo\/#primaryimage"},"thumbnailUrl":"https:\/\/panoramaciudadano.com\/wp-content\/uploads\/2025\/04\/3-80.jpeg","datePublished":"2025-04-21T01:09:27+00:00","dateModified":"2025-04-21T01:09:30+00:00","breadcrumb":{"@id":"https:\/\/panoramaciudadano.com\/index.php\/2025\/04\/20\/sicarios-atacan-domicilio-en-la-region-97-tres-personas-baleadas-durante-la-noche-del-viernes-santo\/#breadcrumb"},"inLanguage":"es","potentialAction":[{"@type":"ReadAction","target":["https:\/\/panoramaciudadano.com\/index.php\/2025\/04\/20\/sicarios-atacan-domicilio-en-la-region-97-tres-personas-baleadas-durante-la-noche-del-viernes-santo\/"]}]},{"@type":"ImageObject","inLanguage":"es","@id":"https:\/\/panoramaciudadano.com\/index.php\/2025\/04\/20\/sicarios-atacan-domicilio-en-la-region-97-tres-personas-baleadas-durante-la-noche-del-viernes-santo\/#primaryimage","url":"https:\/\/panoramaciudadano.com\/wp-content\/uploads\/2025\/04\/3-80.jpeg","contentUrl":"https:\/\/panoramaciudadano.com\/wp-content\/uploads\/2025\/04\/3-80.jpeg","width":1600,"height":1200},{"@type":"BreadcrumbList","@id":"https:\/\/panoramaciudadano.com\/index.php\/2025\/04\/20\/sicarios-atacan-domicilio-en-la-region-97-tres-personas-baleadas-durante-la-noche-del-viernes-santo\/#breadcrumb","itemListElement":[{"@type":"ListItem","position":1,"name":"Portada","item":"https:\/\/panoramaciudadano.com\/"},{"@type":"ListItem","position":2,"name":"Sicarios atacan domicilio en la Regi\u00f3n 97: tres personas baleadas durante la noche del Viernes Santo"}]},{"@type":"WebSite","@id":"https:\/\/panoramaciudadano.com\/#website","url":"https:\/\/panoramaciudadano.com\/","name":"Panorama Ciudadano","description":"","publisher":{"@id":"https:\/\/panoramaciudadano.com\/#organization"},"potentialAction":[{"@type":"SearchAction","target":{"@type":"EntryPoint","urlTemplate":"https:\/\/panoramaciudadano.com\/?s={search_term_string}"},"query-input":{"@type":"PropertyValueSpecification","valueRequired":true,"valueName":"search_term_string"}}],"inLanguage":"es"},{"@type":"Organization","@id":"https:\/\/panoramaciudadano.com\/#organization","name":"Panorama Ciudadano","url":"https:\/\/panoramaciudadano.com\/","logo":{"@type":"ImageObject","inLanguage":"es","@id":"https:\/\/panoramaciudadano.com\/#\/schema\/logo\/image\/","url":"https:\/\/panoramaciudadano.com\/wp-content\/uploads\/2024\/05\/401498640_919267042938564_6290593609399108733_n.jpg","contentUrl":"https:\/\/panoramaciudadano.com\/wp-content\/uploads\/2024\/05\/401498640_919267042938564_6290593609399108733_n.jpg","width":960,"height":957,"caption":"Panorama Ciudadano"},"image":{"@id":"https:\/\/panoramaciudadano.com\/#\/schema\/logo\/image\/"},"sameAs":["https:\/\/www.facebook.com\/panoramaciudadano"]},{"@type":"Person","@id":"https:\/\/panoramaciudadano.com\/#\/schema\/person\/ffe9fe8ef47d3a93977b5761fd9e0d96","name":"admin","image":{"@type":"ImageObject","inLanguage":"es","@id":"https:\/\/panoramaciudadano.com\/#\/schema\/person\/image\/","url":"https:\/\/secure.gravatar.com\/avatar\/2d5a12cacce3f18096f25fadea8abb7202fef18ed669595589853e84260ff451?s=96&d=mm&r=g","contentUrl":"https:\/\/secure.gravatar.com\/avatar\/2d5a12cacce3f18096f25fadea8abb7202fef18ed669595589853e84260ff451?s=96&d=mm&r=g","caption":"admin"},"sameAs":["https:\/\/panoramaciudadano.com"],"url":"https:\/\/panoramaciudadano.com\/index.php\/author\/admin_3q6hyqq3\/"}]}},"_links":{"self":[{"href":"https:\/\/panoramaciudadano.com\/index.php\/wp-json\/wp\/v2\/posts\/12793","targetHints":{"allow":["GET"]}}],"collection":[{"href":"https:\/\/panoramaciudadano.com\/index.php\/wp-json\/wp\/v2\/posts"}],"about":[{"href":"https:\/\/panoramaciudadano.com\/index.php\/wp-json\/wp\/v2\/types\/post"}],"author":[{"embeddable":true,"href":"https:\/\/panoramaciudadano.com\/index.php\/wp-json\/wp\/v2\/users\/1"}],"replies":[{"embeddable":true,"href":"https:\/\/panoramaciudadano.com\/index.php\/wp-json\/wp\/v2\/comments?post=12793"}],"version-history":[{"count":1,"href":"https:\/\/panoramaciudadano.com\/index.php\/wp-json\/wp\/v2\/posts\/12793\/revisions"}],"predecessor-version":[{"id":12799,"href":"https:\/\/panoramaciudadano.com\/index.php\/wp-json\/wp\/v2\/posts\/12793\/revisions\/12799"}],"wp:featuredmedia":[{"embeddable":true,"href":"https:\/\/panoramaciudadano.com\/index.php\/wp-json\/wp\/v2\/media\/12798"}],"wp:attachment":[{"href":"https:\/\/panoramaciudadano.com\/index.php\/wp-json\/wp\/v2\/media?parent=12793"}],"wp:term":[{"taxonomy":"category","embeddable":true,"href":"https:\/\/panoramaciudadano.com\/index.php\/wp-json\/wp\/v2\/categories?post=12793"},{"taxonomy":"post_tag","embeddable":true,"href":"https:\/\/panoramaciudadano.com\/index.php\/wp-json\/wp\/v2\/tags?post=12793"}],"curies":[{"name":"wp","href":"https:\/\/api.w.org\/{rel}","templated":true}]}}