{"id":12800,"date":"2025-04-20T20:12:32","date_gmt":"2025-04-21T01:12:32","guid":{"rendered":"https:\/\/panoramaciudadano.com\/?p=12800"},"modified":"2025-04-20T20:12:34","modified_gmt":"2025-04-21T01:12:34","slug":"tragedia-en-la-playa-banista-cancunense-muere-ahogado-frente-al-hotel-salvia-y-carisa","status":"publish","type":"post","link":"https:\/\/panoramaciudadano.com\/index.php\/2025\/04\/20\/tragedia-en-la-playa-banista-cancunense-muere-ahogado-frente-al-hotel-salvia-y-carisa\/","title":{"rendered":"Tragedia en la playa: ba\u00f1ista cancunense muere ahogado frente al hotel Salvia y Carisa"},"content":{"rendered":"\n<figure class=\"wp-block-image size-large\"><img decoding=\"async\" width=\"1024\" height=\"764\" src=\"https:\/\/panoramaciudadano.com\/wp-content\/uploads\/2025\/04\/WhatsApp-Image-2025-04-20-at-10.33.42-1024x764.jpeg\" alt=\"\" class=\"wp-image-12801\" srcset=\"https:\/\/panoramaciudadano.com\/wp-content\/uploads\/2025\/04\/WhatsApp-Image-2025-04-20-at-10.33.42-1024x764.jpeg 1024w, https:\/\/panoramaciudadano.com\/wp-content\/uploads\/2025\/04\/WhatsApp-Image-2025-04-20-at-10.33.42-300x224.jpeg 300w, https:\/\/panoramaciudadano.com\/wp-content\/uploads\/2025\/04\/WhatsApp-Image-2025-04-20-at-10.33.42-768x573.jpeg 768w, https:\/\/panoramaciudadano.com\/wp-content\/uploads\/2025\/04\/WhatsApp-Image-2025-04-20-at-10.33.42.jpeg 1447w\" sizes=\"(max-width: 1024px) 100vw, 1024px\" \/><\/figure>\n\n\n\n<p>Un ba\u00f1ista local fallece ahogado en una playa ubicada frente al hotel Salvia y Carisa, la ayuda lleg\u00f3, pero fue demasiado tarde.&nbsp;<\/p>\n\n\n\n<p>Seg\u00fan la acompa\u00f1ante del occiso inform\u00f3 que su pareja sentimental entr\u00f3 al mar, pero no se fij\u00f3 por donde hasta que la mina agente gritaba que vieron una persona flotando, por lo que los mismos ba\u00f1istas rescataron al hombre de 38 a\u00f1os y por m\u00e1s que hicieron este no contaba con signos vitales.<\/p>\n\n\n\n<p>Ante lo ocurrido los param\u00e9dicos llegaron, pero era demasiado tarde, por lo que el \u00e1rea fue asegurado por los oficiales, para que los agentes de la FGE realizaran su labor y levantar el cuerpo.<\/p>\n\n\n\n<p>Seg\u00fan se menciona que el occiso era cancunense y que este respond\u00eda al nombre de Luis \u201cN\u201d sin embargo, ser\u00e1 la autoridad quien brinde mayor informaci\u00f3n.<\/p>\n","protected":false},"excerpt":{"rendered":"<p>Un ba\u00f1ista local fallece ahogado en una playa ubicada frente al hotel Salvia y Carisa, la ayuda lleg\u00f3, pero fue demasiado tarde.<\/p>\n","protected":false},"author":1,"featured_media":12801,"comment_status":"open","ping_status":"closed","sticky":false,"template":"","format":"standard","meta":{"footnotes":""},"categories":[6],"tags":[2343],"class_list":["post-12800","post","type-post","status-publish","format-standard","has-post-thumbnail","hentry","category-cancun","tag-hotel-salvia-y-carisa"],"yoast_head":"<!-- This site is optimized with the Yoast SEO plugin v27.1.1 - https:\/\/yoast.com\/product\/yoast-seo-wordpress\/ -->\n<title>Tragedia en la playa: ba\u00f1ista cancunense muere ahogado frente al hotel Salvia y Carisa - Panorama Ciudadano<\/title>\n<meta name=\"robots\" content=\"index, follow, max-snippet:-1, max-image-preview:large, max-video-preview:-1\" \/>\n<link rel=\"canonical\" href=\"https:\/\/panoramaciudadano.com\/index.php\/2025\/04\/20\/tragedia-en-la-playa-banista-cancunense-muere-ahogado-frente-al-hotel-salvia-y-carisa\/\" \/>\n<meta property=\"og:locale\" content=\"es_ES\" \/>\n<meta property=\"og:type\" content=\"article\" \/>\n<meta property=\"og:title\" content=\"Tragedia en la playa: ba\u00f1ista cancunense muere ahogado frente al hotel Salvia y Carisa - Panorama Ciudadano\" \/>\n<meta property=\"og:description\" content=\"Un ba\u00f1ista local fallece ahogado en una playa ubicada frente al hotel Salvia y Carisa, la ayuda lleg\u00f3, pero fue demasiado tarde.\" \/>\n<meta property=\"og:url\" content=\"https:\/\/panoramaciudadano.com\/index.php\/2025\/04\/20\/tragedia-en-la-playa-banista-cancunense-muere-ahogado-frente-al-hotel-salvia-y-carisa\/\" \/>\n<meta property=\"og:site_name\" content=\"Panorama Ciudadano\" \/>\n<meta property=\"article:publisher\" content=\"https:\/\/www.facebook.com\/panoramaciudadano\" \/>\n<meta property=\"article:published_time\" content=\"2025-04-21T01:12:32+00:00\" \/>\n<meta property=\"article:modified_time\" content=\"2025-04-21T01:12:34+00:00\" \/>\n<meta property=\"og:image\" content=\"https:\/\/panoramaciudadano.com\/wp-content\/uploads\/2025\/04\/WhatsApp-Image-2025-04-20-at-10.33.42.jpeg\" \/>\n\t<meta property=\"og:image:width\" content=\"1447\" \/>\n\t<meta property=\"og:image:height\" content=\"1080\" \/>\n\t<meta property=\"og:image:type\" content=\"image\/jpeg\" \/>\n<meta name=\"author\" content=\"admin\" \/>\n<meta name=\"twitter:card\" content=\"summary_large_image\" \/>\n<meta name=\"twitter:label1\" content=\"Escrito por\" \/>\n\t<meta name=\"twitter:data1\" content=\"admin\" \/>\n\t<meta name=\"twitter:label2\" content=\"Tiempo de lectura\" \/>\n\t<meta name=\"twitter:data2\" content=\"2 minutos\" \/>\n<script type=\"application\/ld+json\" class=\"yoast-schema-graph\">{\"@context\":\"https:\/\/schema.org\",\"@graph\":[{\"@type\":\"Article\",\"@id\":\"https:\/\/panoramaciudadano.com\/index.php\/2025\/04\/20\/tragedia-en-la-playa-banista-cancunense-muere-ahogado-frente-al-hotel-salvia-y-carisa\/#article\",\"isPartOf\":{\"@id\":\"https:\/\/panoramaciudadano.com\/index.php\/2025\/04\/20\/tragedia-en-la-playa-banista-cancunense-muere-ahogado-frente-al-hotel-salvia-y-carisa\/\"},\"author\":{\"name\":\"admin\",\"@id\":\"https:\/\/panoramaciudadano.com\/#\/schema\/person\/ffe9fe8ef47d3a93977b5761fd9e0d96\"},\"headline\":\"Tragedia en la playa: ba\u00f1ista cancunense muere ahogado frente al hotel Salvia y Carisa\",\"datePublished\":\"2025-04-21T01:12:32+00:00\",\"dateModified\":\"2025-04-21T01:12:34+00:00\",\"mainEntityOfPage\":{\"@id\":\"https:\/\/panoramaciudadano.com\/index.php\/2025\/04\/20\/tragedia-en-la-playa-banista-cancunense-muere-ahogado-frente-al-hotel-salvia-y-carisa\/\"},\"wordCount\":160,\"commentCount\":0,\"publisher\":{\"@id\":\"https:\/\/panoramaciudadano.com\/#organization\"},\"image\":{\"@id\":\"https:\/\/panoramaciudadano.com\/index.php\/2025\/04\/20\/tragedia-en-la-playa-banista-cancunense-muere-ahogado-frente-al-hotel-salvia-y-carisa\/#primaryimage\"},\"thumbnailUrl\":\"https:\/\/panoramaciudadano.com\/wp-content\/uploads\/2025\/04\/WhatsApp-Image-2025-04-20-at-10.33.42.jpeg\",\"keywords\":[\"hotel Salvia y Carisa\"],\"articleSection\":[\"Canc\u00fan\"],\"inLanguage\":\"es\",\"potentialAction\":[{\"@type\":\"CommentAction\",\"name\":\"Comment\",\"target\":[\"https:\/\/panoramaciudadano.com\/index.php\/2025\/04\/20\/tragedia-en-la-playa-banista-cancunense-muere-ahogado-frente-al-hotel-salvia-y-carisa\/#respond\"]}]},{\"@type\":\"WebPage\",\"@id\":\"https:\/\/panoramaciudadano.com\/index.php\/2025\/04\/20\/tragedia-en-la-playa-banista-cancunense-muere-ahogado-frente-al-hotel-salvia-y-carisa\/\",\"url\":\"https:\/\/panoramaciudadano.com\/index.php\/2025\/04\/20\/tragedia-en-la-playa-banista-cancunense-muere-ahogado-frente-al-hotel-salvia-y-carisa\/\",\"name\":\"Tragedia en la playa: ba\u00f1ista cancunense muere ahogado frente al hotel Salvia y Carisa - Panorama Ciudadano\",\"isPartOf\":{\"@id\":\"https:\/\/panoramaciudadano.com\/#website\"},\"primaryImageOfPage\":{\"@id\":\"https:\/\/panoramaciudadano.com\/index.php\/2025\/04\/20\/tragedia-en-la-playa-banista-cancunense-muere-ahogado-frente-al-hotel-salvia-y-carisa\/#primaryimage\"},\"image\":{\"@id\":\"https:\/\/panoramaciudadano.com\/index.php\/2025\/04\/20\/tragedia-en-la-playa-banista-cancunense-muere-ahogado-frente-al-hotel-salvia-y-carisa\/#primaryimage\"},\"thumbnailUrl\":\"https:\/\/panoramaciudadano.com\/wp-content\/uploads\/2025\/04\/WhatsApp-Image-2025-04-20-at-10.33.42.jpeg\",\"datePublished\":\"2025-04-21T01:12:32+00:00\",\"dateModified\":\"2025-04-21T01:12:34+00:00\",\"breadcrumb\":{\"@id\":\"https:\/\/panoramaciudadano.com\/index.php\/2025\/04\/20\/tragedia-en-la-playa-banista-cancunense-muere-ahogado-frente-al-hotel-salvia-y-carisa\/#breadcrumb\"},\"inLanguage\":\"es\",\"potentialAction\":[{\"@type\":\"ReadAction\",\"target\":[\"https:\/\/panoramaciudadano.com\/index.php\/2025\/04\/20\/tragedia-en-la-playa-banista-cancunense-muere-ahogado-frente-al-hotel-salvia-y-carisa\/\"]}]},{\"@type\":\"ImageObject\",\"inLanguage\":\"es\",\"@id\":\"https:\/\/panoramaciudadano.com\/index.php\/2025\/04\/20\/tragedia-en-la-playa-banista-cancunense-muere-ahogado-frente-al-hotel-salvia-y-carisa\/#primaryimage\",\"url\":\"https:\/\/panoramaciudadano.com\/wp-content\/uploads\/2025\/04\/WhatsApp-Image-2025-04-20-at-10.33.42.jpeg\",\"contentUrl\":\"https:\/\/panoramaciudadano.com\/wp-content\/uploads\/2025\/04\/WhatsApp-Image-2025-04-20-at-10.33.42.jpeg\",\"width\":1447,\"height\":1080},{\"@type\":\"BreadcrumbList\",\"@id\":\"https:\/\/panoramaciudadano.com\/index.php\/2025\/04\/20\/tragedia-en-la-playa-banista-cancunense-muere-ahogado-frente-al-hotel-salvia-y-carisa\/#breadcrumb\",\"itemListElement\":[{\"@type\":\"ListItem\",\"position\":1,\"name\":\"Portada\",\"item\":\"https:\/\/panoramaciudadano.com\/\"},{\"@type\":\"ListItem\",\"position\":2,\"name\":\"Tragedia en la playa: ba\u00f1ista cancunense muere ahogado frente al hotel Salvia y Carisa\"}]},{\"@type\":\"WebSite\",\"@id\":\"https:\/\/panoramaciudadano.com\/#website\",\"url\":\"https:\/\/panoramaciudadano.com\/\",\"name\":\"Panorama Ciudadano\",\"description\":\"\",\"publisher\":{\"@id\":\"https:\/\/panoramaciudadano.com\/#organization\"},\"potentialAction\":[{\"@type\":\"SearchAction\",\"target\":{\"@type\":\"EntryPoint\",\"urlTemplate\":\"https:\/\/panoramaciudadano.com\/?s={search_term_string}\"},\"query-input\":{\"@type\":\"PropertyValueSpecification\",\"valueRequired\":true,\"valueName\":\"search_term_string\"}}],\"inLanguage\":\"es\"},{\"@type\":\"Organization\",\"@id\":\"https:\/\/panoramaciudadano.com\/#organization\",\"name\":\"Panorama Ciudadano\",\"url\":\"https:\/\/panoramaciudadano.com\/\",\"logo\":{\"@type\":\"ImageObject\",\"inLanguage\":\"es\",\"@id\":\"https:\/\/panoramaciudadano.com\/#\/schema\/logo\/image\/\",\"url\":\"https:\/\/panoramaciudadano.com\/wp-content\/uploads\/2024\/05\/401498640_919267042938564_6290593609399108733_n.jpg\",\"contentUrl\":\"https:\/\/panoramaciudadano.com\/wp-content\/uploads\/2024\/05\/401498640_919267042938564_6290593609399108733_n.jpg\",\"width\":960,\"height\":957,\"caption\":\"Panorama Ciudadano\"},\"image\":{\"@id\":\"https:\/\/panoramaciudadano.com\/#\/schema\/logo\/image\/\"},\"sameAs\":[\"https:\/\/www.facebook.com\/panoramaciudadano\"]},{\"@type\":\"Person\",\"@id\":\"https:\/\/panoramaciudadano.com\/#\/schema\/person\/ffe9fe8ef47d3a93977b5761fd9e0d96\",\"name\":\"admin\",\"image\":{\"@type\":\"ImageObject\",\"inLanguage\":\"es\",\"@id\":\"https:\/\/panoramaciudadano.com\/#\/schema\/person\/image\/\",\"url\":\"https:\/\/secure.gravatar.com\/avatar\/2d5a12cacce3f18096f25fadea8abb7202fef18ed669595589853e84260ff451?s=96&d=mm&r=g\",\"contentUrl\":\"https:\/\/secure.gravatar.com\/avatar\/2d5a12cacce3f18096f25fadea8abb7202fef18ed669595589853e84260ff451?s=96&d=mm&r=g\",\"caption\":\"admin\"},\"sameAs\":[\"https:\/\/panoramaciudadano.com\"],\"url\":\"https:\/\/panoramaciudadano.com\/index.php\/author\/admin_3q6hyqq3\/\"}]}<\/script>\n<!-- \/ Yoast SEO plugin. -->","yoast_head_json":{"title":"Tragedia en la playa: ba\u00f1ista cancunense muere ahogado frente al hotel Salvia y Carisa - Panorama Ciudadano","robots":{"index":"index","follow":"follow","max-snippet":"max-snippet:-1","max-image-preview":"max-image-preview:large","max-video-preview":"max-video-preview:-1"},"canonical":"https:\/\/panoramaciudadano.com\/index.php\/2025\/04\/20\/tragedia-en-la-playa-banista-cancunense-muere-ahogado-frente-al-hotel-salvia-y-carisa\/","og_locale":"es_ES","og_type":"article","og_title":"Tragedia en la playa: ba\u00f1ista cancunense muere ahogado frente al hotel Salvia y Carisa - Panorama Ciudadano","og_description":"Un ba\u00f1ista local fallece ahogado en una playa ubicada frente al hotel Salvia y Carisa, la ayuda lleg\u00f3, pero fue demasiado tarde.","og_url":"https:\/\/panoramaciudadano.com\/index.php\/2025\/04\/20\/tragedia-en-la-playa-banista-cancunense-muere-ahogado-frente-al-hotel-salvia-y-carisa\/","og_site_name":"Panorama Ciudadano","article_publisher":"https:\/\/www.facebook.com\/panoramaciudadano","article_published_time":"2025-04-21T01:12:32+00:00","article_modified_time":"2025-04-21T01:12:34+00:00","og_image":[{"width":1447,"height":1080,"url":"https:\/\/panoramaciudadano.com\/wp-content\/uploads\/2025\/04\/WhatsApp-Image-2025-04-20-at-10.33.42.jpeg","type":"image\/jpeg"}],"author":"admin","twitter_card":"summary_large_image","twitter_misc":{"Escrito por":"admin","Tiempo de lectura":"2 minutos"},"schema":{"@context":"https:\/\/schema.org","@graph":[{"@type":"Article","@id":"https:\/\/panoramaciudadano.com\/index.php\/2025\/04\/20\/tragedia-en-la-playa-banista-cancunense-muere-ahogado-frente-al-hotel-salvia-y-carisa\/#article","isPartOf":{"@id":"https:\/\/panoramaciudadano.com\/index.php\/2025\/04\/20\/tragedia-en-la-playa-banista-cancunense-muere-ahogado-frente-al-hotel-salvia-y-carisa\/"},"author":{"name":"admin","@id":"https:\/\/panoramaciudadano.com\/#\/schema\/person\/ffe9fe8ef47d3a93977b5761fd9e0d96"},"headline":"Tragedia en la playa: ba\u00f1ista cancunense muere ahogado frente al hotel Salvia y Carisa","datePublished":"2025-04-21T01:12:32+00:00","dateModified":"2025-04-21T01:12:34+00:00","mainEntityOfPage":{"@id":"https:\/\/panoramaciudadano.com\/index.php\/2025\/04\/20\/tragedia-en-la-playa-banista-cancunense-muere-ahogado-frente-al-hotel-salvia-y-carisa\/"},"wordCount":160,"commentCount":0,"publisher":{"@id":"https:\/\/panoramaciudadano.com\/#organization"},"image":{"@id":"https:\/\/panoramaciudadano.com\/index.php\/2025\/04\/20\/tragedia-en-la-playa-banista-cancunense-muere-ahogado-frente-al-hotel-salvia-y-carisa\/#primaryimage"},"thumbnailUrl":"https:\/\/panoramaciudadano.com\/wp-content\/uploads\/2025\/04\/WhatsApp-Image-2025-04-20-at-10.33.42.jpeg","keywords":["hotel Salvia y Carisa"],"articleSection":["Canc\u00fan"],"inLanguage":"es","potentialAction":[{"@type":"CommentAction","name":"Comment","target":["https:\/\/panoramaciudadano.com\/index.php\/2025\/04\/20\/tragedia-en-la-playa-banista-cancunense-muere-ahogado-frente-al-hotel-salvia-y-carisa\/#respond"]}]},{"@type":"WebPage","@id":"https:\/\/panoramaciudadano.com\/index.php\/2025\/04\/20\/tragedia-en-la-playa-banista-cancunense-muere-ahogado-frente-al-hotel-salvia-y-carisa\/","url":"https:\/\/panoramaciudadano.com\/index.php\/2025\/04\/20\/tragedia-en-la-playa-banista-cancunense-muere-ahogado-frente-al-hotel-salvia-y-carisa\/","name":"Tragedia en la playa: ba\u00f1ista cancunense muere ahogado frente al hotel Salvia y Carisa - Panorama Ciudadano","isPartOf":{"@id":"https:\/\/panoramaciudadano.com\/#website"},"primaryImageOfPage":{"@id":"https:\/\/panoramaciudadano.com\/index.php\/2025\/04\/20\/tragedia-en-la-playa-banista-cancunense-muere-ahogado-frente-al-hotel-salvia-y-carisa\/#primaryimage"},"image":{"@id":"https:\/\/panoramaciudadano.com\/index.php\/2025\/04\/20\/tragedia-en-la-playa-banista-cancunense-muere-ahogado-frente-al-hotel-salvia-y-carisa\/#primaryimage"},"thumbnailUrl":"https:\/\/panoramaciudadano.com\/wp-content\/uploads\/2025\/04\/WhatsApp-Image-2025-04-20-at-10.33.42.jpeg","datePublished":"2025-04-21T01:12:32+00:00","dateModified":"2025-04-21T01:12:34+00:00","breadcrumb":{"@id":"https:\/\/panoramaciudadano.com\/index.php\/2025\/04\/20\/tragedia-en-la-playa-banista-cancunense-muere-ahogado-frente-al-hotel-salvia-y-carisa\/#breadcrumb"},"inLanguage":"es","potentialAction":[{"@type":"ReadAction","target":["https:\/\/panoramaciudadano.com\/index.php\/2025\/04\/20\/tragedia-en-la-playa-banista-cancunense-muere-ahogado-frente-al-hotel-salvia-y-carisa\/"]}]},{"@type":"ImageObject","inLanguage":"es","@id":"https:\/\/panoramaciudadano.com\/index.php\/2025\/04\/20\/tragedia-en-la-playa-banista-cancunense-muere-ahogado-frente-al-hotel-salvia-y-carisa\/#primaryimage","url":"https:\/\/panoramaciudadano.com\/wp-content\/uploads\/2025\/04\/WhatsApp-Image-2025-04-20-at-10.33.42.jpeg","contentUrl":"https:\/\/panoramaciudadano.com\/wp-content\/uploads\/2025\/04\/WhatsApp-Image-2025-04-20-at-10.33.42.jpeg","width":1447,"height":1080},{"@type":"BreadcrumbList","@id":"https:\/\/panoramaciudadano.com\/index.php\/2025\/04\/20\/tragedia-en-la-playa-banista-cancunense-muere-ahogado-frente-al-hotel-salvia-y-carisa\/#breadcrumb","itemListElement":[{"@type":"ListItem","position":1,"name":"Portada","item":"https:\/\/panoramaciudadano.com\/"},{"@type":"ListItem","position":2,"name":"Tragedia en la playa: ba\u00f1ista cancunense muere ahogado frente al hotel Salvia y Carisa"}]},{"@type":"WebSite","@id":"https:\/\/panoramaciudadano.com\/#website","url":"https:\/\/panoramaciudadano.com\/","name":"Panorama Ciudadano","description":"","publisher":{"@id":"https:\/\/panoramaciudadano.com\/#organization"},"potentialAction":[{"@type":"SearchAction","target":{"@type":"EntryPoint","urlTemplate":"https:\/\/panoramaciudadano.com\/?s={search_term_string}"},"query-input":{"@type":"PropertyValueSpecification","valueRequired":true,"valueName":"search_term_string"}}],"inLanguage":"es"},{"@type":"Organization","@id":"https:\/\/panoramaciudadano.com\/#organization","name":"Panorama Ciudadano","url":"https:\/\/panoramaciudadano.com\/","logo":{"@type":"ImageObject","inLanguage":"es","@id":"https:\/\/panoramaciudadano.com\/#\/schema\/logo\/image\/","url":"https:\/\/panoramaciudadano.com\/wp-content\/uploads\/2024\/05\/401498640_919267042938564_6290593609399108733_n.jpg","contentUrl":"https:\/\/panoramaciudadano.com\/wp-content\/uploads\/2024\/05\/401498640_919267042938564_6290593609399108733_n.jpg","width":960,"height":957,"caption":"Panorama Ciudadano"},"image":{"@id":"https:\/\/panoramaciudadano.com\/#\/schema\/logo\/image\/"},"sameAs":["https:\/\/www.facebook.com\/panoramaciudadano"]},{"@type":"Person","@id":"https:\/\/panoramaciudadano.com\/#\/schema\/person\/ffe9fe8ef47d3a93977b5761fd9e0d96","name":"admin","image":{"@type":"ImageObject","inLanguage":"es","@id":"https:\/\/panoramaciudadano.com\/#\/schema\/person\/image\/","url":"https:\/\/secure.gravatar.com\/avatar\/2d5a12cacce3f18096f25fadea8abb7202fef18ed669595589853e84260ff451?s=96&d=mm&r=g","contentUrl":"https:\/\/secure.gravatar.com\/avatar\/2d5a12cacce3f18096f25fadea8abb7202fef18ed669595589853e84260ff451?s=96&d=mm&r=g","caption":"admin"},"sameAs":["https:\/\/panoramaciudadano.com"],"url":"https:\/\/panoramaciudadano.com\/index.php\/author\/admin_3q6hyqq3\/"}]}},"_links":{"self":[{"href":"https:\/\/panoramaciudadano.com\/index.php\/wp-json\/wp\/v2\/posts\/12800","targetHints":{"allow":["GET"]}}],"collection":[{"href":"https:\/\/panoramaciudadano.com\/index.php\/wp-json\/wp\/v2\/posts"}],"about":[{"href":"https:\/\/panoramaciudadano.com\/index.php\/wp-json\/wp\/v2\/types\/post"}],"author":[{"embeddable":true,"href":"https:\/\/panoramaciudadano.com\/index.php\/wp-json\/wp\/v2\/users\/1"}],"replies":[{"embeddable":true,"href":"https:\/\/panoramaciudadano.com\/index.php\/wp-json\/wp\/v2\/comments?post=12800"}],"version-history":[{"count":1,"href":"https:\/\/panoramaciudadano.com\/index.php\/wp-json\/wp\/v2\/posts\/12800\/revisions"}],"predecessor-version":[{"id":12802,"href":"https:\/\/panoramaciudadano.com\/index.php\/wp-json\/wp\/v2\/posts\/12800\/revisions\/12802"}],"wp:featuredmedia":[{"embeddable":true,"href":"https:\/\/panoramaciudadano.com\/index.php\/wp-json\/wp\/v2\/media\/12801"}],"wp:attachment":[{"href":"https:\/\/panoramaciudadano.com\/index.php\/wp-json\/wp\/v2\/media?parent=12800"}],"wp:term":[{"taxonomy":"category","embeddable":true,"href":"https:\/\/panoramaciudadano.com\/index.php\/wp-json\/wp\/v2\/categories?post=12800"},{"taxonomy":"post_tag","embeddable":true,"href":"https:\/\/panoramaciudadano.com\/index.php\/wp-json\/wp\/v2\/tags?post=12800"}],"curies":[{"name":"wp","href":"https:\/\/api.w.org\/{rel}","templated":true}]}}