{"id":12803,"date":"2025-04-20T09:19:09","date_gmt":"2025-04-20T14:19:09","guid":{"rendered":"https:\/\/panoramaciudadano.com\/?p=12803"},"modified":"2025-04-21T09:31:30","modified_gmt":"2025-04-21T14:31:30","slug":"turistas-chocan-de-frente-en-curva-de-la-chac-mool-hay-varios-lesionados-y-un-auto-volcado","status":"publish","type":"post","link":"https:\/\/panoramaciudadano.com\/index.php\/2025\/04\/20\/turistas-chocan-de-frente-en-curva-de-la-chac-mool-hay-varios-lesionados-y-un-auto-volcado\/","title":{"rendered":"Turistas chocan de frente en curva de la Chac Mool; hay varios lesionados y un auto volcado"},"content":{"rendered":"\n<figure class=\"wp-block-gallery has-nested-images columns-default is-cropped wp-block-gallery-1 is-layout-flex wp-block-gallery-is-layout-flex\">\n<figure class=\"wp-block-image size-large\"><img decoding=\"async\" width=\"1024\" height=\"768\" data-id=\"12807\" src=\"https:\/\/panoramaciudadano.com\/wp-content\/uploads\/2025\/04\/2-92-1024x768.jpeg\" alt=\"\" class=\"wp-image-12807\" srcset=\"https:\/\/panoramaciudadano.com\/wp-content\/uploads\/2025\/04\/2-92-1024x768.jpeg 1024w, https:\/\/panoramaciudadano.com\/wp-content\/uploads\/2025\/04\/2-92-300x225.jpeg 300w, https:\/\/panoramaciudadano.com\/wp-content\/uploads\/2025\/04\/2-92-768x576.jpeg 768w, https:\/\/panoramaciudadano.com\/wp-content\/uploads\/2025\/04\/2-92-1536x1152.jpeg 1536w, https:\/\/panoramaciudadano.com\/wp-content\/uploads\/2025\/04\/2-92.jpeg 1600w\" sizes=\"(max-width: 1024px) 100vw, 1024px\" \/><\/figure>\n\n\n\n<figure class=\"wp-block-image size-large\"><img decoding=\"async\" width=\"1024\" height=\"768\" data-id=\"12806\" src=\"https:\/\/panoramaciudadano.com\/wp-content\/uploads\/2025\/04\/3-81-1024x768.jpeg\" alt=\"\" class=\"wp-image-12806\" srcset=\"https:\/\/panoramaciudadano.com\/wp-content\/uploads\/2025\/04\/3-81-1024x768.jpeg 1024w, https:\/\/panoramaciudadano.com\/wp-content\/uploads\/2025\/04\/3-81-300x225.jpeg 300w, https:\/\/panoramaciudadano.com\/wp-content\/uploads\/2025\/04\/3-81-768x576.jpeg 768w, https:\/\/panoramaciudadano.com\/wp-content\/uploads\/2025\/04\/3-81-1536x1152.jpeg 1536w, https:\/\/panoramaciudadano.com\/wp-content\/uploads\/2025\/04\/3-81.jpeg 1600w\" sizes=\"(max-width: 1024px) 100vw, 1024px\" \/><\/figure>\n\n\n\n<figure class=\"wp-block-image size-large\"><img decoding=\"async\" width=\"1024\" height=\"768\" data-id=\"12805\" src=\"https:\/\/panoramaciudadano.com\/wp-content\/uploads\/2025\/04\/4-61-1024x768.jpeg\" alt=\"\" class=\"wp-image-12805\" srcset=\"https:\/\/panoramaciudadano.com\/wp-content\/uploads\/2025\/04\/4-61-1024x768.jpeg 1024w, https:\/\/panoramaciudadano.com\/wp-content\/uploads\/2025\/04\/4-61-300x225.jpeg 300w, https:\/\/panoramaciudadano.com\/wp-content\/uploads\/2025\/04\/4-61-768x576.jpeg 768w, https:\/\/panoramaciudadano.com\/wp-content\/uploads\/2025\/04\/4-61-1536x1152.jpeg 1536w, https:\/\/panoramaciudadano.com\/wp-content\/uploads\/2025\/04\/4-61.jpeg 1600w\" sizes=\"(max-width: 1024px) 100vw, 1024px\" \/><\/figure>\n\n\n\n<figure class=\"wp-block-image size-large\"><img decoding=\"async\" width=\"1024\" height=\"768\" data-id=\"12804\" src=\"https:\/\/panoramaciudadano.com\/wp-content\/uploads\/2025\/04\/WhatsApp-Image-2025-04-20-at-10.36.07-1024x768.jpeg\" alt=\"\" class=\"wp-image-12804\" srcset=\"https:\/\/panoramaciudadano.com\/wp-content\/uploads\/2025\/04\/WhatsApp-Image-2025-04-20-at-10.36.07-1024x768.jpeg 1024w, https:\/\/panoramaciudadano.com\/wp-content\/uploads\/2025\/04\/WhatsApp-Image-2025-04-20-at-10.36.07-300x225.jpeg 300w, https:\/\/panoramaciudadano.com\/wp-content\/uploads\/2025\/04\/WhatsApp-Image-2025-04-20-at-10.36.07-768x576.jpeg 768w, https:\/\/panoramaciudadano.com\/wp-content\/uploads\/2025\/04\/WhatsApp-Image-2025-04-20-at-10.36.07-1536x1152.jpeg 1536w, https:\/\/panoramaciudadano.com\/wp-content\/uploads\/2025\/04\/WhatsApp-Image-2025-04-20-at-10.36.07.jpeg 1600w\" sizes=\"(max-width: 1024px) 100vw, 1024px\" \/><\/figure>\n<\/figure>\n\n\n\n<p>Varios lesionados, un veh\u00edculo volcado y da\u00f1os de consideraci\u00f3n a otro autom\u00f3vil, fue el saldo de un aparatoso choque en la nueva ampliaci\u00f3n de la avenida Chac Mool.<\/p>\n\n\n\n<p>Los hechos fueron la tarde de hoy en la curva que se ubica a pocos menos de un kil\u00f3metro antes de llegar a la avenida Huayac\u00e1n donde un auto donde viajaban varias turistas de la Ciudad de M\u00e9xico se estamp\u00f3 de frente contra otro auto tipo matiz en una curva pronunciada.<\/p>\n\n\n\n<p>Uno de ellos qued\u00f3 volcado fuera de la carpeta asf\u00e1ltica y en el interior quedaron atrapados varias personas uno de ellos prensado entre los fierros, por lo que se necesit\u00f3 la presencia de bomberos para su rescate, al menos 3 ambulancias acudieron para auxiliar a los lesionados, los cuales fueron llevados a diferentes hospitales.<\/p>\n\n\n\n<p>Personal de Tr\u00e1nsito municipal se hizo cargo del percance y del deslinde de responsabilidades pues trascendi\u00f3 que los turistas circulaban consumiendo bebidas embriagantes y que estos estaban viniendo de Playa del Carmen.<\/p>\n","protected":false},"excerpt":{"rendered":"<p>Varios lesionados, un veh\u00edculo volcado y da\u00f1os de consideraci\u00f3n a otro autom\u00f3vil, fue el saldo de un aparatoso choque en la nueva ampliaci\u00f3n de la avenida Chac Mool.<\/p>\n","protected":false},"author":1,"featured_media":12807,"comment_status":"open","ping_status":"closed","sticky":false,"template":"","format":"standard","meta":{"footnotes":""},"categories":[6],"tags":[341],"class_list":["post-12803","post","type-post","status-publish","format-standard","has-post-thumbnail","hentry","category-cancun","tag-avenida-chac-mool"],"yoast_head":"<!-- This site is optimized with the Yoast SEO plugin v27.1.1 - https:\/\/yoast.com\/product\/yoast-seo-wordpress\/ -->\n<title>Turistas chocan de frente en curva de la Chac Mool; hay varios lesionados y un auto volcado - Panorama Ciudadano<\/title>\n<meta name=\"robots\" content=\"index, follow, max-snippet:-1, max-image-preview:large, max-video-preview:-1\" \/>\n<link rel=\"canonical\" href=\"https:\/\/panoramaciudadano.com\/index.php\/2025\/04\/20\/turistas-chocan-de-frente-en-curva-de-la-chac-mool-hay-varios-lesionados-y-un-auto-volcado\/\" \/>\n<meta property=\"og:locale\" content=\"es_ES\" \/>\n<meta property=\"og:type\" content=\"article\" \/>\n<meta property=\"og:title\" content=\"Turistas chocan de frente en curva de la Chac Mool; hay varios lesionados y un auto volcado - Panorama Ciudadano\" \/>\n<meta property=\"og:description\" content=\"Varios lesionados, un veh\u00edculo volcado y da\u00f1os de consideraci\u00f3n a otro autom\u00f3vil, fue el saldo de un aparatoso choque en la nueva ampliaci\u00f3n de la avenida Chac Mool.\" \/>\n<meta property=\"og:url\" content=\"https:\/\/panoramaciudadano.com\/index.php\/2025\/04\/20\/turistas-chocan-de-frente-en-curva-de-la-chac-mool-hay-varios-lesionados-y-un-auto-volcado\/\" \/>\n<meta property=\"og:site_name\" content=\"Panorama Ciudadano\" \/>\n<meta property=\"article:publisher\" content=\"https:\/\/www.facebook.com\/panoramaciudadano\" \/>\n<meta property=\"article:published_time\" content=\"2025-04-20T14:19:09+00:00\" \/>\n<meta property=\"article:modified_time\" content=\"2025-04-21T14:31:30+00:00\" \/>\n<meta property=\"og:image\" content=\"https:\/\/panoramaciudadano.com\/wp-content\/uploads\/2025\/04\/2-92.jpeg\" \/>\n\t<meta property=\"og:image:width\" content=\"1600\" \/>\n\t<meta property=\"og:image:height\" content=\"1200\" \/>\n\t<meta property=\"og:image:type\" content=\"image\/jpeg\" \/>\n<meta name=\"author\" content=\"admin\" \/>\n<meta name=\"twitter:card\" content=\"summary_large_image\" \/>\n<meta name=\"twitter:label1\" content=\"Escrito por\" \/>\n\t<meta name=\"twitter:data1\" content=\"admin\" \/>\n\t<meta name=\"twitter:label2\" content=\"Tiempo de lectura\" \/>\n\t<meta name=\"twitter:data2\" content=\"2 minutos\" \/>\n<script type=\"application\/ld+json\" class=\"yoast-schema-graph\">{\"@context\":\"https:\/\/schema.org\",\"@graph\":[{\"@type\":\"Article\",\"@id\":\"https:\/\/panoramaciudadano.com\/index.php\/2025\/04\/20\/turistas-chocan-de-frente-en-curva-de-la-chac-mool-hay-varios-lesionados-y-un-auto-volcado\/#article\",\"isPartOf\":{\"@id\":\"https:\/\/panoramaciudadano.com\/index.php\/2025\/04\/20\/turistas-chocan-de-frente-en-curva-de-la-chac-mool-hay-varios-lesionados-y-un-auto-volcado\/\"},\"author\":{\"name\":\"admin\",\"@id\":\"https:\/\/panoramaciudadano.com\/#\/schema\/person\/ffe9fe8ef47d3a93977b5761fd9e0d96\"},\"headline\":\"Turistas chocan de frente en curva de la Chac Mool; hay varios lesionados y un auto volcado\",\"datePublished\":\"2025-04-20T14:19:09+00:00\",\"dateModified\":\"2025-04-21T14:31:30+00:00\",\"mainEntityOfPage\":{\"@id\":\"https:\/\/panoramaciudadano.com\/index.php\/2025\/04\/20\/turistas-chocan-de-frente-en-curva-de-la-chac-mool-hay-varios-lesionados-y-un-auto-volcado\/\"},\"wordCount\":191,\"commentCount\":0,\"publisher\":{\"@id\":\"https:\/\/panoramaciudadano.com\/#organization\"},\"image\":{\"@id\":\"https:\/\/panoramaciudadano.com\/index.php\/2025\/04\/20\/turistas-chocan-de-frente-en-curva-de-la-chac-mool-hay-varios-lesionados-y-un-auto-volcado\/#primaryimage\"},\"thumbnailUrl\":\"https:\/\/panoramaciudadano.com\/wp-content\/uploads\/2025\/04\/2-92.jpeg\",\"keywords\":[\"avenida Chac Mool\"],\"articleSection\":[\"Canc\u00fan\"],\"inLanguage\":\"es\",\"potentialAction\":[{\"@type\":\"CommentAction\",\"name\":\"Comment\",\"target\":[\"https:\/\/panoramaciudadano.com\/index.php\/2025\/04\/20\/turistas-chocan-de-frente-en-curva-de-la-chac-mool-hay-varios-lesionados-y-un-auto-volcado\/#respond\"]}]},{\"@type\":\"WebPage\",\"@id\":\"https:\/\/panoramaciudadano.com\/index.php\/2025\/04\/20\/turistas-chocan-de-frente-en-curva-de-la-chac-mool-hay-varios-lesionados-y-un-auto-volcado\/\",\"url\":\"https:\/\/panoramaciudadano.com\/index.php\/2025\/04\/20\/turistas-chocan-de-frente-en-curva-de-la-chac-mool-hay-varios-lesionados-y-un-auto-volcado\/\",\"name\":\"Turistas chocan de frente en curva de la Chac Mool; hay varios lesionados y un auto volcado - Panorama Ciudadano\",\"isPartOf\":{\"@id\":\"https:\/\/panoramaciudadano.com\/#website\"},\"primaryImageOfPage\":{\"@id\":\"https:\/\/panoramaciudadano.com\/index.php\/2025\/04\/20\/turistas-chocan-de-frente-en-curva-de-la-chac-mool-hay-varios-lesionados-y-un-auto-volcado\/#primaryimage\"},\"image\":{\"@id\":\"https:\/\/panoramaciudadano.com\/index.php\/2025\/04\/20\/turistas-chocan-de-frente-en-curva-de-la-chac-mool-hay-varios-lesionados-y-un-auto-volcado\/#primaryimage\"},\"thumbnailUrl\":\"https:\/\/panoramaciudadano.com\/wp-content\/uploads\/2025\/04\/2-92.jpeg\",\"datePublished\":\"2025-04-20T14:19:09+00:00\",\"dateModified\":\"2025-04-21T14:31:30+00:00\",\"breadcrumb\":{\"@id\":\"https:\/\/panoramaciudadano.com\/index.php\/2025\/04\/20\/turistas-chocan-de-frente-en-curva-de-la-chac-mool-hay-varios-lesionados-y-un-auto-volcado\/#breadcrumb\"},\"inLanguage\":\"es\",\"potentialAction\":[{\"@type\":\"ReadAction\",\"target\":[\"https:\/\/panoramaciudadano.com\/index.php\/2025\/04\/20\/turistas-chocan-de-frente-en-curva-de-la-chac-mool-hay-varios-lesionados-y-un-auto-volcado\/\"]}]},{\"@type\":\"ImageObject\",\"inLanguage\":\"es\",\"@id\":\"https:\/\/panoramaciudadano.com\/index.php\/2025\/04\/20\/turistas-chocan-de-frente-en-curva-de-la-chac-mool-hay-varios-lesionados-y-un-auto-volcado\/#primaryimage\",\"url\":\"https:\/\/panoramaciudadano.com\/wp-content\/uploads\/2025\/04\/2-92.jpeg\",\"contentUrl\":\"https:\/\/panoramaciudadano.com\/wp-content\/uploads\/2025\/04\/2-92.jpeg\",\"width\":1600,\"height\":1200},{\"@type\":\"BreadcrumbList\",\"@id\":\"https:\/\/panoramaciudadano.com\/index.php\/2025\/04\/20\/turistas-chocan-de-frente-en-curva-de-la-chac-mool-hay-varios-lesionados-y-un-auto-volcado\/#breadcrumb\",\"itemListElement\":[{\"@type\":\"ListItem\",\"position\":1,\"name\":\"Portada\",\"item\":\"https:\/\/panoramaciudadano.com\/\"},{\"@type\":\"ListItem\",\"position\":2,\"name\":\"Turistas chocan de frente en curva de la Chac Mool; hay varios lesionados y un auto volcado\"}]},{\"@type\":\"WebSite\",\"@id\":\"https:\/\/panoramaciudadano.com\/#website\",\"url\":\"https:\/\/panoramaciudadano.com\/\",\"name\":\"Panorama Ciudadano\",\"description\":\"\",\"publisher\":{\"@id\":\"https:\/\/panoramaciudadano.com\/#organization\"},\"potentialAction\":[{\"@type\":\"SearchAction\",\"target\":{\"@type\":\"EntryPoint\",\"urlTemplate\":\"https:\/\/panoramaciudadano.com\/?s={search_term_string}\"},\"query-input\":{\"@type\":\"PropertyValueSpecification\",\"valueRequired\":true,\"valueName\":\"search_term_string\"}}],\"inLanguage\":\"es\"},{\"@type\":\"Organization\",\"@id\":\"https:\/\/panoramaciudadano.com\/#organization\",\"name\":\"Panorama Ciudadano\",\"url\":\"https:\/\/panoramaciudadano.com\/\",\"logo\":{\"@type\":\"ImageObject\",\"inLanguage\":\"es\",\"@id\":\"https:\/\/panoramaciudadano.com\/#\/schema\/logo\/image\/\",\"url\":\"https:\/\/panoramaciudadano.com\/wp-content\/uploads\/2024\/05\/401498640_919267042938564_6290593609399108733_n.jpg\",\"contentUrl\":\"https:\/\/panoramaciudadano.com\/wp-content\/uploads\/2024\/05\/401498640_919267042938564_6290593609399108733_n.jpg\",\"width\":960,\"height\":957,\"caption\":\"Panorama Ciudadano\"},\"image\":{\"@id\":\"https:\/\/panoramaciudadano.com\/#\/schema\/logo\/image\/\"},\"sameAs\":[\"https:\/\/www.facebook.com\/panoramaciudadano\"]},{\"@type\":\"Person\",\"@id\":\"https:\/\/panoramaciudadano.com\/#\/schema\/person\/ffe9fe8ef47d3a93977b5761fd9e0d96\",\"name\":\"admin\",\"image\":{\"@type\":\"ImageObject\",\"inLanguage\":\"es\",\"@id\":\"https:\/\/panoramaciudadano.com\/#\/schema\/person\/image\/\",\"url\":\"https:\/\/secure.gravatar.com\/avatar\/2d5a12cacce3f18096f25fadea8abb7202fef18ed669595589853e84260ff451?s=96&d=mm&r=g\",\"contentUrl\":\"https:\/\/secure.gravatar.com\/avatar\/2d5a12cacce3f18096f25fadea8abb7202fef18ed669595589853e84260ff451?s=96&d=mm&r=g\",\"caption\":\"admin\"},\"sameAs\":[\"https:\/\/panoramaciudadano.com\"],\"url\":\"https:\/\/panoramaciudadano.com\/index.php\/author\/admin_3q6hyqq3\/\"}]}<\/script>\n<!-- \/ Yoast SEO plugin. -->","yoast_head_json":{"title":"Turistas chocan de frente en curva de la Chac Mool; hay varios lesionados y un auto volcado - Panorama Ciudadano","robots":{"index":"index","follow":"follow","max-snippet":"max-snippet:-1","max-image-preview":"max-image-preview:large","max-video-preview":"max-video-preview:-1"},"canonical":"https:\/\/panoramaciudadano.com\/index.php\/2025\/04\/20\/turistas-chocan-de-frente-en-curva-de-la-chac-mool-hay-varios-lesionados-y-un-auto-volcado\/","og_locale":"es_ES","og_type":"article","og_title":"Turistas chocan de frente en curva de la Chac Mool; hay varios lesionados y un auto volcado - Panorama Ciudadano","og_description":"Varios lesionados, un veh\u00edculo volcado y da\u00f1os de consideraci\u00f3n a otro autom\u00f3vil, fue el saldo de un aparatoso choque en la nueva ampliaci\u00f3n de la avenida Chac Mool.","og_url":"https:\/\/panoramaciudadano.com\/index.php\/2025\/04\/20\/turistas-chocan-de-frente-en-curva-de-la-chac-mool-hay-varios-lesionados-y-un-auto-volcado\/","og_site_name":"Panorama Ciudadano","article_publisher":"https:\/\/www.facebook.com\/panoramaciudadano","article_published_time":"2025-04-20T14:19:09+00:00","article_modified_time":"2025-04-21T14:31:30+00:00","og_image":[{"width":1600,"height":1200,"url":"https:\/\/panoramaciudadano.com\/wp-content\/uploads\/2025\/04\/2-92.jpeg","type":"image\/jpeg"}],"author":"admin","twitter_card":"summary_large_image","twitter_misc":{"Escrito por":"admin","Tiempo de lectura":"2 minutos"},"schema":{"@context":"https:\/\/schema.org","@graph":[{"@type":"Article","@id":"https:\/\/panoramaciudadano.com\/index.php\/2025\/04\/20\/turistas-chocan-de-frente-en-curva-de-la-chac-mool-hay-varios-lesionados-y-un-auto-volcado\/#article","isPartOf":{"@id":"https:\/\/panoramaciudadano.com\/index.php\/2025\/04\/20\/turistas-chocan-de-frente-en-curva-de-la-chac-mool-hay-varios-lesionados-y-un-auto-volcado\/"},"author":{"name":"admin","@id":"https:\/\/panoramaciudadano.com\/#\/schema\/person\/ffe9fe8ef47d3a93977b5761fd9e0d96"},"headline":"Turistas chocan de frente en curva de la Chac Mool; hay varios lesionados y un auto volcado","datePublished":"2025-04-20T14:19:09+00:00","dateModified":"2025-04-21T14:31:30+00:00","mainEntityOfPage":{"@id":"https:\/\/panoramaciudadano.com\/index.php\/2025\/04\/20\/turistas-chocan-de-frente-en-curva-de-la-chac-mool-hay-varios-lesionados-y-un-auto-volcado\/"},"wordCount":191,"commentCount":0,"publisher":{"@id":"https:\/\/panoramaciudadano.com\/#organization"},"image":{"@id":"https:\/\/panoramaciudadano.com\/index.php\/2025\/04\/20\/turistas-chocan-de-frente-en-curva-de-la-chac-mool-hay-varios-lesionados-y-un-auto-volcado\/#primaryimage"},"thumbnailUrl":"https:\/\/panoramaciudadano.com\/wp-content\/uploads\/2025\/04\/2-92.jpeg","keywords":["avenida Chac Mool"],"articleSection":["Canc\u00fan"],"inLanguage":"es","potentialAction":[{"@type":"CommentAction","name":"Comment","target":["https:\/\/panoramaciudadano.com\/index.php\/2025\/04\/20\/turistas-chocan-de-frente-en-curva-de-la-chac-mool-hay-varios-lesionados-y-un-auto-volcado\/#respond"]}]},{"@type":"WebPage","@id":"https:\/\/panoramaciudadano.com\/index.php\/2025\/04\/20\/turistas-chocan-de-frente-en-curva-de-la-chac-mool-hay-varios-lesionados-y-un-auto-volcado\/","url":"https:\/\/panoramaciudadano.com\/index.php\/2025\/04\/20\/turistas-chocan-de-frente-en-curva-de-la-chac-mool-hay-varios-lesionados-y-un-auto-volcado\/","name":"Turistas chocan de frente en curva de la Chac Mool; hay varios lesionados y un auto volcado - Panorama Ciudadano","isPartOf":{"@id":"https:\/\/panoramaciudadano.com\/#website"},"primaryImageOfPage":{"@id":"https:\/\/panoramaciudadano.com\/index.php\/2025\/04\/20\/turistas-chocan-de-frente-en-curva-de-la-chac-mool-hay-varios-lesionados-y-un-auto-volcado\/#primaryimage"},"image":{"@id":"https:\/\/panoramaciudadano.com\/index.php\/2025\/04\/20\/turistas-chocan-de-frente-en-curva-de-la-chac-mool-hay-varios-lesionados-y-un-auto-volcado\/#primaryimage"},"thumbnailUrl":"https:\/\/panoramaciudadano.com\/wp-content\/uploads\/2025\/04\/2-92.jpeg","datePublished":"2025-04-20T14:19:09+00:00","dateModified":"2025-04-21T14:31:30+00:00","breadcrumb":{"@id":"https:\/\/panoramaciudadano.com\/index.php\/2025\/04\/20\/turistas-chocan-de-frente-en-curva-de-la-chac-mool-hay-varios-lesionados-y-un-auto-volcado\/#breadcrumb"},"inLanguage":"es","potentialAction":[{"@type":"ReadAction","target":["https:\/\/panoramaciudadano.com\/index.php\/2025\/04\/20\/turistas-chocan-de-frente-en-curva-de-la-chac-mool-hay-varios-lesionados-y-un-auto-volcado\/"]}]},{"@type":"ImageObject","inLanguage":"es","@id":"https:\/\/panoramaciudadano.com\/index.php\/2025\/04\/20\/turistas-chocan-de-frente-en-curva-de-la-chac-mool-hay-varios-lesionados-y-un-auto-volcado\/#primaryimage","url":"https:\/\/panoramaciudadano.com\/wp-content\/uploads\/2025\/04\/2-92.jpeg","contentUrl":"https:\/\/panoramaciudadano.com\/wp-content\/uploads\/2025\/04\/2-92.jpeg","width":1600,"height":1200},{"@type":"BreadcrumbList","@id":"https:\/\/panoramaciudadano.com\/index.php\/2025\/04\/20\/turistas-chocan-de-frente-en-curva-de-la-chac-mool-hay-varios-lesionados-y-un-auto-volcado\/#breadcrumb","itemListElement":[{"@type":"ListItem","position":1,"name":"Portada","item":"https:\/\/panoramaciudadano.com\/"},{"@type":"ListItem","position":2,"name":"Turistas chocan de frente en curva de la Chac Mool; hay varios lesionados y un auto volcado"}]},{"@type":"WebSite","@id":"https:\/\/panoramaciudadano.com\/#website","url":"https:\/\/panoramaciudadano.com\/","name":"Panorama Ciudadano","description":"","publisher":{"@id":"https:\/\/panoramaciudadano.com\/#organization"},"potentialAction":[{"@type":"SearchAction","target":{"@type":"EntryPoint","urlTemplate":"https:\/\/panoramaciudadano.com\/?s={search_term_string}"},"query-input":{"@type":"PropertyValueSpecification","valueRequired":true,"valueName":"search_term_string"}}],"inLanguage":"es"},{"@type":"Organization","@id":"https:\/\/panoramaciudadano.com\/#organization","name":"Panorama Ciudadano","url":"https:\/\/panoramaciudadano.com\/","logo":{"@type":"ImageObject","inLanguage":"es","@id":"https:\/\/panoramaciudadano.com\/#\/schema\/logo\/image\/","url":"https:\/\/panoramaciudadano.com\/wp-content\/uploads\/2024\/05\/401498640_919267042938564_6290593609399108733_n.jpg","contentUrl":"https:\/\/panoramaciudadano.com\/wp-content\/uploads\/2024\/05\/401498640_919267042938564_6290593609399108733_n.jpg","width":960,"height":957,"caption":"Panorama Ciudadano"},"image":{"@id":"https:\/\/panoramaciudadano.com\/#\/schema\/logo\/image\/"},"sameAs":["https:\/\/www.facebook.com\/panoramaciudadano"]},{"@type":"Person","@id":"https:\/\/panoramaciudadano.com\/#\/schema\/person\/ffe9fe8ef47d3a93977b5761fd9e0d96","name":"admin","image":{"@type":"ImageObject","inLanguage":"es","@id":"https:\/\/panoramaciudadano.com\/#\/schema\/person\/image\/","url":"https:\/\/secure.gravatar.com\/avatar\/2d5a12cacce3f18096f25fadea8abb7202fef18ed669595589853e84260ff451?s=96&d=mm&r=g","contentUrl":"https:\/\/secure.gravatar.com\/avatar\/2d5a12cacce3f18096f25fadea8abb7202fef18ed669595589853e84260ff451?s=96&d=mm&r=g","caption":"admin"},"sameAs":["https:\/\/panoramaciudadano.com"],"url":"https:\/\/panoramaciudadano.com\/index.php\/author\/admin_3q6hyqq3\/"}]}},"_links":{"self":[{"href":"https:\/\/panoramaciudadano.com\/index.php\/wp-json\/wp\/v2\/posts\/12803","targetHints":{"allow":["GET"]}}],"collection":[{"href":"https:\/\/panoramaciudadano.com\/index.php\/wp-json\/wp\/v2\/posts"}],"about":[{"href":"https:\/\/panoramaciudadano.com\/index.php\/wp-json\/wp\/v2\/types\/post"}],"author":[{"embeddable":true,"href":"https:\/\/panoramaciudadano.com\/index.php\/wp-json\/wp\/v2\/users\/1"}],"replies":[{"embeddable":true,"href":"https:\/\/panoramaciudadano.com\/index.php\/wp-json\/wp\/v2\/comments?post=12803"}],"version-history":[{"count":1,"href":"https:\/\/panoramaciudadano.com\/index.php\/wp-json\/wp\/v2\/posts\/12803\/revisions"}],"predecessor-version":[{"id":12808,"href":"https:\/\/panoramaciudadano.com\/index.php\/wp-json\/wp\/v2\/posts\/12803\/revisions\/12808"}],"wp:featuredmedia":[{"embeddable":true,"href":"https:\/\/panoramaciudadano.com\/index.php\/wp-json\/wp\/v2\/media\/12807"}],"wp:attachment":[{"href":"https:\/\/panoramaciudadano.com\/index.php\/wp-json\/wp\/v2\/media?parent=12803"}],"wp:term":[{"taxonomy":"category","embeddable":true,"href":"https:\/\/panoramaciudadano.com\/index.php\/wp-json\/wp\/v2\/categories?post=12803"},{"taxonomy":"post_tag","embeddable":true,"href":"https:\/\/panoramaciudadano.com\/index.php\/wp-json\/wp\/v2\/tags?post=12803"}],"curies":[{"name":"wp","href":"https:\/\/api.w.org\/{rel}","templated":true}]}}