{"id":12831,"date":"2025-04-21T09:56:02","date_gmt":"2025-04-21T14:56:02","guid":{"rendered":"https:\/\/panoramaciudadano.com\/?p=12831"},"modified":"2025-04-21T09:56:16","modified_gmt":"2025-04-21T14:56:16","slug":"motociclista-vuela-tras-impactarse-contra-vehiculo-en-la-avenida-lopez-portillo-termino-hospitalizado","status":"publish","type":"post","link":"https:\/\/panoramaciudadano.com\/index.php\/2025\/04\/21\/motociclista-vuela-tras-impactarse-contra-vehiculo-en-la-avenida-lopez-portillo-termino-hospitalizado\/","title":{"rendered":"Motociclista vuela tras impactarse contra veh\u00edculo en la avenida L\u00f3pez Portillo; termin\u00f3 hospitalizado"},"content":{"rendered":"\n<figure class=\"wp-block-gallery has-nested-images columns-default is-cropped wp-block-gallery-1 is-layout-flex wp-block-gallery-is-layout-flex\">\n<figure class=\"wp-block-image size-large\"><img decoding=\"async\" width=\"1024\" height=\"768\" data-id=\"12833\" src=\"https:\/\/panoramaciudadano.com\/wp-content\/uploads\/2025\/04\/2-97-1024x768.jpeg\" alt=\"\" class=\"wp-image-12833\" srcset=\"https:\/\/panoramaciudadano.com\/wp-content\/uploads\/2025\/04\/2-97-1024x768.jpeg 1024w, https:\/\/panoramaciudadano.com\/wp-content\/uploads\/2025\/04\/2-97-300x225.jpeg 300w, https:\/\/panoramaciudadano.com\/wp-content\/uploads\/2025\/04\/2-97-768x576.jpeg 768w, https:\/\/panoramaciudadano.com\/wp-content\/uploads\/2025\/04\/2-97-1536x1152.jpeg 1536w, https:\/\/panoramaciudadano.com\/wp-content\/uploads\/2025\/04\/2-97.jpeg 1600w\" sizes=\"(max-width: 1024px) 100vw, 1024px\" \/><\/figure>\n\n\n\n<figure class=\"wp-block-image size-large\"><img decoding=\"async\" width=\"1024\" height=\"768\" data-id=\"12832\" src=\"https:\/\/panoramaciudadano.com\/wp-content\/uploads\/2025\/04\/3-84-1024x768.jpeg\" alt=\"\" class=\"wp-image-12832\" srcset=\"https:\/\/panoramaciudadano.com\/wp-content\/uploads\/2025\/04\/3-84-1024x768.jpeg 1024w, https:\/\/panoramaciudadano.com\/wp-content\/uploads\/2025\/04\/3-84-300x225.jpeg 300w, https:\/\/panoramaciudadano.com\/wp-content\/uploads\/2025\/04\/3-84-768x576.jpeg 768w, https:\/\/panoramaciudadano.com\/wp-content\/uploads\/2025\/04\/3-84-1536x1152.jpeg 1536w, https:\/\/panoramaciudadano.com\/wp-content\/uploads\/2025\/04\/3-84.jpeg 1600w\" sizes=\"(max-width: 1024px) 100vw, 1024px\" \/><\/figure>\n<\/figure>\n\n\n\n<p>Un motociclista literalmente vol\u00f3 sobre el toldo de un autom\u00f3vil luego de impactarse contra el costado de la unidad, sobre la avenida Jos\u00e9 L\u00f3pez Portillo, a la altura de la colonia Lombardo Toledano.<\/p>\n\n\n\n<p>Los hechos se registraron la tarde de este domingo cuando el conductor de un veh\u00edculo, Attitude, gris, se atraves\u00f3 la avenida Portillo, sin precauci\u00f3n, lo que provoc\u00f3 el aparatoso accidente pues un&nbsp;motociclista que circulaba sobre la avenida Jos\u00e9 L\u00f3pez Portillo al no respetar su alto en un tope se impact\u00f3 contra el costado izquierdo del veh\u00edculo.<\/p>\n\n\n\n<p>El motociclista sali\u00f3 volando sobre el veh\u00edculo y la motocicleta qued\u00f3 incrustada en el chasis de la unidad, varios testigos se aproximaron para auxiliar al herido. Posteriormente, fue trasladado por param\u00e9dicos a un hospital para su atenci\u00f3n m\u00e9dica.<\/p>\n\n\n\n<p>Elementos de Tr\u00e1nsito se hicieron cargo de los veh\u00edculos, los cuales fueron trasladados a un corral\u00f3n para los tr\u00e1mites correspondientes.<\/p>\n","protected":false},"excerpt":{"rendered":"<p>Un motociclista literalmente vol\u00f3 sobre el toldo de un autom\u00f3vil luego de impactarse contra el costado de la unidad, sobre la avenida Jos\u00e9 L\u00f3pez Portillo, a la altura de la colonia Lombardo Toledano.<\/p>\n","protected":false},"author":1,"featured_media":12834,"comment_status":"open","ping_status":"closed","sticky":false,"template":"","format":"standard","meta":{"footnotes":""},"categories":[6],"tags":[1984],"class_list":["post-12831","post","type-post","status-publish","format-standard","has-post-thumbnail","hentry","category-cancun","tag-avenida-jose-lopez-portillo"],"yoast_head":"<!-- This site is optimized with the Yoast SEO plugin v27.1.1 - https:\/\/yoast.com\/product\/yoast-seo-wordpress\/ -->\n<title>Motociclista vuela tras impactarse contra veh\u00edculo en la avenida L\u00f3pez Portillo; termin\u00f3 hospitalizado - Panorama Ciudadano<\/title>\n<meta name=\"robots\" content=\"index, follow, max-snippet:-1, max-image-preview:large, max-video-preview:-1\" \/>\n<link rel=\"canonical\" href=\"https:\/\/panoramaciudadano.com\/index.php\/2025\/04\/21\/motociclista-vuela-tras-impactarse-contra-vehiculo-en-la-avenida-lopez-portillo-termino-hospitalizado\/\" \/>\n<meta property=\"og:locale\" content=\"es_ES\" \/>\n<meta property=\"og:type\" content=\"article\" \/>\n<meta property=\"og:title\" content=\"Motociclista vuela tras impactarse contra veh\u00edculo en la avenida L\u00f3pez Portillo; termin\u00f3 hospitalizado - Panorama Ciudadano\" \/>\n<meta property=\"og:description\" content=\"Un motociclista literalmente vol\u00f3 sobre el toldo de un autom\u00f3vil luego de impactarse contra el costado de la unidad, sobre la avenida Jos\u00e9 L\u00f3pez Portillo, a la altura de la colonia Lombardo Toledano.\" \/>\n<meta property=\"og:url\" content=\"https:\/\/panoramaciudadano.com\/index.php\/2025\/04\/21\/motociclista-vuela-tras-impactarse-contra-vehiculo-en-la-avenida-lopez-portillo-termino-hospitalizado\/\" \/>\n<meta property=\"og:site_name\" content=\"Panorama Ciudadano\" \/>\n<meta property=\"article:publisher\" content=\"https:\/\/www.facebook.com\/panoramaciudadano\" \/>\n<meta property=\"article:published_time\" content=\"2025-04-21T14:56:02+00:00\" \/>\n<meta property=\"article:modified_time\" content=\"2025-04-21T14:56:16+00:00\" \/>\n<meta property=\"og:image\" content=\"https:\/\/panoramaciudadano.com\/wp-content\/uploads\/2025\/04\/WhatsApp-Image-2025-04-21-at-07.25.23.jpeg\" \/>\n\t<meta property=\"og:image:width\" content=\"1600\" \/>\n\t<meta property=\"og:image:height\" content=\"1200\" \/>\n\t<meta property=\"og:image:type\" content=\"image\/jpeg\" \/>\n<meta name=\"author\" content=\"admin\" \/>\n<meta name=\"twitter:card\" content=\"summary_large_image\" \/>\n<meta name=\"twitter:label1\" content=\"Escrito por\" \/>\n\t<meta name=\"twitter:data1\" content=\"admin\" \/>\n\t<meta name=\"twitter:label2\" content=\"Tiempo de lectura\" \/>\n\t<meta name=\"twitter:data2\" content=\"2 minutos\" \/>\n<script type=\"application\/ld+json\" class=\"yoast-schema-graph\">{\"@context\":\"https:\/\/schema.org\",\"@graph\":[{\"@type\":\"Article\",\"@id\":\"https:\/\/panoramaciudadano.com\/index.php\/2025\/04\/21\/motociclista-vuela-tras-impactarse-contra-vehiculo-en-la-avenida-lopez-portillo-termino-hospitalizado\/#article\",\"isPartOf\":{\"@id\":\"https:\/\/panoramaciudadano.com\/index.php\/2025\/04\/21\/motociclista-vuela-tras-impactarse-contra-vehiculo-en-la-avenida-lopez-portillo-termino-hospitalizado\/\"},\"author\":{\"name\":\"admin\",\"@id\":\"https:\/\/panoramaciudadano.com\/#\/schema\/person\/ffe9fe8ef47d3a93977b5761fd9e0d96\"},\"headline\":\"Motociclista vuela tras impactarse contra veh\u00edculo en la avenida L\u00f3pez Portillo; termin\u00f3 hospitalizado\",\"datePublished\":\"2025-04-21T14:56:02+00:00\",\"dateModified\":\"2025-04-21T14:56:16+00:00\",\"mainEntityOfPage\":{\"@id\":\"https:\/\/panoramaciudadano.com\/index.php\/2025\/04\/21\/motociclista-vuela-tras-impactarse-contra-vehiculo-en-la-avenida-lopez-portillo-termino-hospitalizado\/\"},\"wordCount\":178,\"commentCount\":0,\"publisher\":{\"@id\":\"https:\/\/panoramaciudadano.com\/#organization\"},\"image\":{\"@id\":\"https:\/\/panoramaciudadano.com\/index.php\/2025\/04\/21\/motociclista-vuela-tras-impactarse-contra-vehiculo-en-la-avenida-lopez-portillo-termino-hospitalizado\/#primaryimage\"},\"thumbnailUrl\":\"https:\/\/panoramaciudadano.com\/wp-content\/uploads\/2025\/04\/WhatsApp-Image-2025-04-21-at-07.25.23.jpeg\",\"keywords\":[\"avenida Jos\u00e9 L\u00f3pez Portillo\"],\"articleSection\":[\"Canc\u00fan\"],\"inLanguage\":\"es\",\"potentialAction\":[{\"@type\":\"CommentAction\",\"name\":\"Comment\",\"target\":[\"https:\/\/panoramaciudadano.com\/index.php\/2025\/04\/21\/motociclista-vuela-tras-impactarse-contra-vehiculo-en-la-avenida-lopez-portillo-termino-hospitalizado\/#respond\"]}]},{\"@type\":\"WebPage\",\"@id\":\"https:\/\/panoramaciudadano.com\/index.php\/2025\/04\/21\/motociclista-vuela-tras-impactarse-contra-vehiculo-en-la-avenida-lopez-portillo-termino-hospitalizado\/\",\"url\":\"https:\/\/panoramaciudadano.com\/index.php\/2025\/04\/21\/motociclista-vuela-tras-impactarse-contra-vehiculo-en-la-avenida-lopez-portillo-termino-hospitalizado\/\",\"name\":\"Motociclista vuela tras impactarse contra veh\u00edculo en la avenida L\u00f3pez Portillo; termin\u00f3 hospitalizado - Panorama Ciudadano\",\"isPartOf\":{\"@id\":\"https:\/\/panoramaciudadano.com\/#website\"},\"primaryImageOfPage\":{\"@id\":\"https:\/\/panoramaciudadano.com\/index.php\/2025\/04\/21\/motociclista-vuela-tras-impactarse-contra-vehiculo-en-la-avenida-lopez-portillo-termino-hospitalizado\/#primaryimage\"},\"image\":{\"@id\":\"https:\/\/panoramaciudadano.com\/index.php\/2025\/04\/21\/motociclista-vuela-tras-impactarse-contra-vehiculo-en-la-avenida-lopez-portillo-termino-hospitalizado\/#primaryimage\"},\"thumbnailUrl\":\"https:\/\/panoramaciudadano.com\/wp-content\/uploads\/2025\/04\/WhatsApp-Image-2025-04-21-at-07.25.23.jpeg\",\"datePublished\":\"2025-04-21T14:56:02+00:00\",\"dateModified\":\"2025-04-21T14:56:16+00:00\",\"breadcrumb\":{\"@id\":\"https:\/\/panoramaciudadano.com\/index.php\/2025\/04\/21\/motociclista-vuela-tras-impactarse-contra-vehiculo-en-la-avenida-lopez-portillo-termino-hospitalizado\/#breadcrumb\"},\"inLanguage\":\"es\",\"potentialAction\":[{\"@type\":\"ReadAction\",\"target\":[\"https:\/\/panoramaciudadano.com\/index.php\/2025\/04\/21\/motociclista-vuela-tras-impactarse-contra-vehiculo-en-la-avenida-lopez-portillo-termino-hospitalizado\/\"]}]},{\"@type\":\"ImageObject\",\"inLanguage\":\"es\",\"@id\":\"https:\/\/panoramaciudadano.com\/index.php\/2025\/04\/21\/motociclista-vuela-tras-impactarse-contra-vehiculo-en-la-avenida-lopez-portillo-termino-hospitalizado\/#primaryimage\",\"url\":\"https:\/\/panoramaciudadano.com\/wp-content\/uploads\/2025\/04\/WhatsApp-Image-2025-04-21-at-07.25.23.jpeg\",\"contentUrl\":\"https:\/\/panoramaciudadano.com\/wp-content\/uploads\/2025\/04\/WhatsApp-Image-2025-04-21-at-07.25.23.jpeg\",\"width\":1600,\"height\":1200},{\"@type\":\"BreadcrumbList\",\"@id\":\"https:\/\/panoramaciudadano.com\/index.php\/2025\/04\/21\/motociclista-vuela-tras-impactarse-contra-vehiculo-en-la-avenida-lopez-portillo-termino-hospitalizado\/#breadcrumb\",\"itemListElement\":[{\"@type\":\"ListItem\",\"position\":1,\"name\":\"Portada\",\"item\":\"https:\/\/panoramaciudadano.com\/\"},{\"@type\":\"ListItem\",\"position\":2,\"name\":\"Motociclista vuela tras impactarse contra veh\u00edculo en la avenida L\u00f3pez Portillo; termin\u00f3 hospitalizado\"}]},{\"@type\":\"WebSite\",\"@id\":\"https:\/\/panoramaciudadano.com\/#website\",\"url\":\"https:\/\/panoramaciudadano.com\/\",\"name\":\"Panorama Ciudadano\",\"description\":\"\",\"publisher\":{\"@id\":\"https:\/\/panoramaciudadano.com\/#organization\"},\"potentialAction\":[{\"@type\":\"SearchAction\",\"target\":{\"@type\":\"EntryPoint\",\"urlTemplate\":\"https:\/\/panoramaciudadano.com\/?s={search_term_string}\"},\"query-input\":{\"@type\":\"PropertyValueSpecification\",\"valueRequired\":true,\"valueName\":\"search_term_string\"}}],\"inLanguage\":\"es\"},{\"@type\":\"Organization\",\"@id\":\"https:\/\/panoramaciudadano.com\/#organization\",\"name\":\"Panorama Ciudadano\",\"url\":\"https:\/\/panoramaciudadano.com\/\",\"logo\":{\"@type\":\"ImageObject\",\"inLanguage\":\"es\",\"@id\":\"https:\/\/panoramaciudadano.com\/#\/schema\/logo\/image\/\",\"url\":\"https:\/\/panoramaciudadano.com\/wp-content\/uploads\/2024\/05\/401498640_919267042938564_6290593609399108733_n.jpg\",\"contentUrl\":\"https:\/\/panoramaciudadano.com\/wp-content\/uploads\/2024\/05\/401498640_919267042938564_6290593609399108733_n.jpg\",\"width\":960,\"height\":957,\"caption\":\"Panorama Ciudadano\"},\"image\":{\"@id\":\"https:\/\/panoramaciudadano.com\/#\/schema\/logo\/image\/\"},\"sameAs\":[\"https:\/\/www.facebook.com\/panoramaciudadano\"]},{\"@type\":\"Person\",\"@id\":\"https:\/\/panoramaciudadano.com\/#\/schema\/person\/ffe9fe8ef47d3a93977b5761fd9e0d96\",\"name\":\"admin\",\"image\":{\"@type\":\"ImageObject\",\"inLanguage\":\"es\",\"@id\":\"https:\/\/panoramaciudadano.com\/#\/schema\/person\/image\/\",\"url\":\"https:\/\/secure.gravatar.com\/avatar\/2d5a12cacce3f18096f25fadea8abb7202fef18ed669595589853e84260ff451?s=96&d=mm&r=g\",\"contentUrl\":\"https:\/\/secure.gravatar.com\/avatar\/2d5a12cacce3f18096f25fadea8abb7202fef18ed669595589853e84260ff451?s=96&d=mm&r=g\",\"caption\":\"admin\"},\"sameAs\":[\"https:\/\/panoramaciudadano.com\"],\"url\":\"https:\/\/panoramaciudadano.com\/index.php\/author\/admin_3q6hyqq3\/\"}]}<\/script>\n<!-- \/ Yoast SEO plugin. -->","yoast_head_json":{"title":"Motociclista vuela tras impactarse contra veh\u00edculo en la avenida L\u00f3pez Portillo; termin\u00f3 hospitalizado - Panorama Ciudadano","robots":{"index":"index","follow":"follow","max-snippet":"max-snippet:-1","max-image-preview":"max-image-preview:large","max-video-preview":"max-video-preview:-1"},"canonical":"https:\/\/panoramaciudadano.com\/index.php\/2025\/04\/21\/motociclista-vuela-tras-impactarse-contra-vehiculo-en-la-avenida-lopez-portillo-termino-hospitalizado\/","og_locale":"es_ES","og_type":"article","og_title":"Motociclista vuela tras impactarse contra veh\u00edculo en la avenida L\u00f3pez Portillo; termin\u00f3 hospitalizado - Panorama Ciudadano","og_description":"Un motociclista literalmente vol\u00f3 sobre el toldo de un autom\u00f3vil luego de impactarse contra el costado de la unidad, sobre la avenida Jos\u00e9 L\u00f3pez Portillo, a la altura de la colonia Lombardo Toledano.","og_url":"https:\/\/panoramaciudadano.com\/index.php\/2025\/04\/21\/motociclista-vuela-tras-impactarse-contra-vehiculo-en-la-avenida-lopez-portillo-termino-hospitalizado\/","og_site_name":"Panorama Ciudadano","article_publisher":"https:\/\/www.facebook.com\/panoramaciudadano","article_published_time":"2025-04-21T14:56:02+00:00","article_modified_time":"2025-04-21T14:56:16+00:00","og_image":[{"width":1600,"height":1200,"url":"https:\/\/panoramaciudadano.com\/wp-content\/uploads\/2025\/04\/WhatsApp-Image-2025-04-21-at-07.25.23.jpeg","type":"image\/jpeg"}],"author":"admin","twitter_card":"summary_large_image","twitter_misc":{"Escrito por":"admin","Tiempo de lectura":"2 minutos"},"schema":{"@context":"https:\/\/schema.org","@graph":[{"@type":"Article","@id":"https:\/\/panoramaciudadano.com\/index.php\/2025\/04\/21\/motociclista-vuela-tras-impactarse-contra-vehiculo-en-la-avenida-lopez-portillo-termino-hospitalizado\/#article","isPartOf":{"@id":"https:\/\/panoramaciudadano.com\/index.php\/2025\/04\/21\/motociclista-vuela-tras-impactarse-contra-vehiculo-en-la-avenida-lopez-portillo-termino-hospitalizado\/"},"author":{"name":"admin","@id":"https:\/\/panoramaciudadano.com\/#\/schema\/person\/ffe9fe8ef47d3a93977b5761fd9e0d96"},"headline":"Motociclista vuela tras impactarse contra veh\u00edculo en la avenida L\u00f3pez Portillo; termin\u00f3 hospitalizado","datePublished":"2025-04-21T14:56:02+00:00","dateModified":"2025-04-21T14:56:16+00:00","mainEntityOfPage":{"@id":"https:\/\/panoramaciudadano.com\/index.php\/2025\/04\/21\/motociclista-vuela-tras-impactarse-contra-vehiculo-en-la-avenida-lopez-portillo-termino-hospitalizado\/"},"wordCount":178,"commentCount":0,"publisher":{"@id":"https:\/\/panoramaciudadano.com\/#organization"},"image":{"@id":"https:\/\/panoramaciudadano.com\/index.php\/2025\/04\/21\/motociclista-vuela-tras-impactarse-contra-vehiculo-en-la-avenida-lopez-portillo-termino-hospitalizado\/#primaryimage"},"thumbnailUrl":"https:\/\/panoramaciudadano.com\/wp-content\/uploads\/2025\/04\/WhatsApp-Image-2025-04-21-at-07.25.23.jpeg","keywords":["avenida Jos\u00e9 L\u00f3pez Portillo"],"articleSection":["Canc\u00fan"],"inLanguage":"es","potentialAction":[{"@type":"CommentAction","name":"Comment","target":["https:\/\/panoramaciudadano.com\/index.php\/2025\/04\/21\/motociclista-vuela-tras-impactarse-contra-vehiculo-en-la-avenida-lopez-portillo-termino-hospitalizado\/#respond"]}]},{"@type":"WebPage","@id":"https:\/\/panoramaciudadano.com\/index.php\/2025\/04\/21\/motociclista-vuela-tras-impactarse-contra-vehiculo-en-la-avenida-lopez-portillo-termino-hospitalizado\/","url":"https:\/\/panoramaciudadano.com\/index.php\/2025\/04\/21\/motociclista-vuela-tras-impactarse-contra-vehiculo-en-la-avenida-lopez-portillo-termino-hospitalizado\/","name":"Motociclista vuela tras impactarse contra veh\u00edculo en la avenida L\u00f3pez Portillo; termin\u00f3 hospitalizado - Panorama Ciudadano","isPartOf":{"@id":"https:\/\/panoramaciudadano.com\/#website"},"primaryImageOfPage":{"@id":"https:\/\/panoramaciudadano.com\/index.php\/2025\/04\/21\/motociclista-vuela-tras-impactarse-contra-vehiculo-en-la-avenida-lopez-portillo-termino-hospitalizado\/#primaryimage"},"image":{"@id":"https:\/\/panoramaciudadano.com\/index.php\/2025\/04\/21\/motociclista-vuela-tras-impactarse-contra-vehiculo-en-la-avenida-lopez-portillo-termino-hospitalizado\/#primaryimage"},"thumbnailUrl":"https:\/\/panoramaciudadano.com\/wp-content\/uploads\/2025\/04\/WhatsApp-Image-2025-04-21-at-07.25.23.jpeg","datePublished":"2025-04-21T14:56:02+00:00","dateModified":"2025-04-21T14:56:16+00:00","breadcrumb":{"@id":"https:\/\/panoramaciudadano.com\/index.php\/2025\/04\/21\/motociclista-vuela-tras-impactarse-contra-vehiculo-en-la-avenida-lopez-portillo-termino-hospitalizado\/#breadcrumb"},"inLanguage":"es","potentialAction":[{"@type":"ReadAction","target":["https:\/\/panoramaciudadano.com\/index.php\/2025\/04\/21\/motociclista-vuela-tras-impactarse-contra-vehiculo-en-la-avenida-lopez-portillo-termino-hospitalizado\/"]}]},{"@type":"ImageObject","inLanguage":"es","@id":"https:\/\/panoramaciudadano.com\/index.php\/2025\/04\/21\/motociclista-vuela-tras-impactarse-contra-vehiculo-en-la-avenida-lopez-portillo-termino-hospitalizado\/#primaryimage","url":"https:\/\/panoramaciudadano.com\/wp-content\/uploads\/2025\/04\/WhatsApp-Image-2025-04-21-at-07.25.23.jpeg","contentUrl":"https:\/\/panoramaciudadano.com\/wp-content\/uploads\/2025\/04\/WhatsApp-Image-2025-04-21-at-07.25.23.jpeg","width":1600,"height":1200},{"@type":"BreadcrumbList","@id":"https:\/\/panoramaciudadano.com\/index.php\/2025\/04\/21\/motociclista-vuela-tras-impactarse-contra-vehiculo-en-la-avenida-lopez-portillo-termino-hospitalizado\/#breadcrumb","itemListElement":[{"@type":"ListItem","position":1,"name":"Portada","item":"https:\/\/panoramaciudadano.com\/"},{"@type":"ListItem","position":2,"name":"Motociclista vuela tras impactarse contra veh\u00edculo en la avenida L\u00f3pez Portillo; termin\u00f3 hospitalizado"}]},{"@type":"WebSite","@id":"https:\/\/panoramaciudadano.com\/#website","url":"https:\/\/panoramaciudadano.com\/","name":"Panorama Ciudadano","description":"","publisher":{"@id":"https:\/\/panoramaciudadano.com\/#organization"},"potentialAction":[{"@type":"SearchAction","target":{"@type":"EntryPoint","urlTemplate":"https:\/\/panoramaciudadano.com\/?s={search_term_string}"},"query-input":{"@type":"PropertyValueSpecification","valueRequired":true,"valueName":"search_term_string"}}],"inLanguage":"es"},{"@type":"Organization","@id":"https:\/\/panoramaciudadano.com\/#organization","name":"Panorama Ciudadano","url":"https:\/\/panoramaciudadano.com\/","logo":{"@type":"ImageObject","inLanguage":"es","@id":"https:\/\/panoramaciudadano.com\/#\/schema\/logo\/image\/","url":"https:\/\/panoramaciudadano.com\/wp-content\/uploads\/2024\/05\/401498640_919267042938564_6290593609399108733_n.jpg","contentUrl":"https:\/\/panoramaciudadano.com\/wp-content\/uploads\/2024\/05\/401498640_919267042938564_6290593609399108733_n.jpg","width":960,"height":957,"caption":"Panorama Ciudadano"},"image":{"@id":"https:\/\/panoramaciudadano.com\/#\/schema\/logo\/image\/"},"sameAs":["https:\/\/www.facebook.com\/panoramaciudadano"]},{"@type":"Person","@id":"https:\/\/panoramaciudadano.com\/#\/schema\/person\/ffe9fe8ef47d3a93977b5761fd9e0d96","name":"admin","image":{"@type":"ImageObject","inLanguage":"es","@id":"https:\/\/panoramaciudadano.com\/#\/schema\/person\/image\/","url":"https:\/\/secure.gravatar.com\/avatar\/2d5a12cacce3f18096f25fadea8abb7202fef18ed669595589853e84260ff451?s=96&d=mm&r=g","contentUrl":"https:\/\/secure.gravatar.com\/avatar\/2d5a12cacce3f18096f25fadea8abb7202fef18ed669595589853e84260ff451?s=96&d=mm&r=g","caption":"admin"},"sameAs":["https:\/\/panoramaciudadano.com"],"url":"https:\/\/panoramaciudadano.com\/index.php\/author\/admin_3q6hyqq3\/"}]}},"_links":{"self":[{"href":"https:\/\/panoramaciudadano.com\/index.php\/wp-json\/wp\/v2\/posts\/12831","targetHints":{"allow":["GET"]}}],"collection":[{"href":"https:\/\/panoramaciudadano.com\/index.php\/wp-json\/wp\/v2\/posts"}],"about":[{"href":"https:\/\/panoramaciudadano.com\/index.php\/wp-json\/wp\/v2\/types\/post"}],"author":[{"embeddable":true,"href":"https:\/\/panoramaciudadano.com\/index.php\/wp-json\/wp\/v2\/users\/1"}],"replies":[{"embeddable":true,"href":"https:\/\/panoramaciudadano.com\/index.php\/wp-json\/wp\/v2\/comments?post=12831"}],"version-history":[{"count":1,"href":"https:\/\/panoramaciudadano.com\/index.php\/wp-json\/wp\/v2\/posts\/12831\/revisions"}],"predecessor-version":[{"id":12835,"href":"https:\/\/panoramaciudadano.com\/index.php\/wp-json\/wp\/v2\/posts\/12831\/revisions\/12835"}],"wp:featuredmedia":[{"embeddable":true,"href":"https:\/\/panoramaciudadano.com\/index.php\/wp-json\/wp\/v2\/media\/12834"}],"wp:attachment":[{"href":"https:\/\/panoramaciudadano.com\/index.php\/wp-json\/wp\/v2\/media?parent=12831"}],"wp:term":[{"taxonomy":"category","embeddable":true,"href":"https:\/\/panoramaciudadano.com\/index.php\/wp-json\/wp\/v2\/categories?post=12831"},{"taxonomy":"post_tag","embeddable":true,"href":"https:\/\/panoramaciudadano.com\/index.php\/wp-json\/wp\/v2\/tags?post=12831"}],"curies":[{"name":"wp","href":"https:\/\/api.w.org\/{rel}","templated":true}]}}