{"id":14162,"date":"2025-05-19T09:44:22","date_gmt":"2025-05-19T14:44:22","guid":{"rendered":"https:\/\/panoramaciudadano.com\/?p=14162"},"modified":"2025-05-19T09:44:24","modified_gmt":"2025-05-19T14:44:24","slug":"paseo-cancunense-llego-para-quedarse-ana-paty-peralta","status":"publish","type":"post","link":"https:\/\/panoramaciudadano.com\/index.php\/2025\/05\/19\/paseo-cancunense-llego-para-quedarse-ana-paty-peralta\/","title":{"rendered":"PASEO CANCUNENSE LLEG\u00d3 PARA QUEDARSE: ANA PATY PERALTA"},"content":{"rendered":"\n<figure class=\"wp-block-gallery has-nested-images columns-default is-cropped wp-block-gallery-1 is-layout-flex wp-block-gallery-is-layout-flex\">\n<figure class=\"wp-block-image size-large\"><img decoding=\"async\" width=\"960\" height=\"720\" data-id=\"14168\" src=\"https:\/\/panoramaciudadano.com\/wp-content\/uploads\/2025\/05\/2-111.jpeg\" alt=\"\" class=\"wp-image-14168\" srcset=\"https:\/\/panoramaciudadano.com\/wp-content\/uploads\/2025\/05\/2-111.jpeg 960w, https:\/\/panoramaciudadano.com\/wp-content\/uploads\/2025\/05\/2-111-300x225.jpeg 300w, https:\/\/panoramaciudadano.com\/wp-content\/uploads\/2025\/05\/2-111-768x576.jpeg 768w\" sizes=\"(max-width: 960px) 100vw, 960px\" \/><\/figure>\n\n\n\n<figure class=\"wp-block-image size-large\"><img decoding=\"async\" width=\"960\" height=\"687\" data-id=\"14167\" src=\"https:\/\/panoramaciudadano.com\/wp-content\/uploads\/2025\/05\/3-102.jpeg\" alt=\"\" class=\"wp-image-14167\" srcset=\"https:\/\/panoramaciudadano.com\/wp-content\/uploads\/2025\/05\/3-102.jpeg 960w, https:\/\/panoramaciudadano.com\/wp-content\/uploads\/2025\/05\/3-102-300x215.jpeg 300w, https:\/\/panoramaciudadano.com\/wp-content\/uploads\/2025\/05\/3-102-768x550.jpeg 768w\" sizes=\"(max-width: 960px) 100vw, 960px\" \/><\/figure>\n\n\n\n<figure class=\"wp-block-image size-large\"><img decoding=\"async\" width=\"960\" height=\"557\" data-id=\"14166\" src=\"https:\/\/panoramaciudadano.com\/wp-content\/uploads\/2025\/05\/4-75.jpeg\" alt=\"\" class=\"wp-image-14166\" srcset=\"https:\/\/panoramaciudadano.com\/wp-content\/uploads\/2025\/05\/4-75.jpeg 960w, https:\/\/panoramaciudadano.com\/wp-content\/uploads\/2025\/05\/4-75-300x174.jpeg 300w, https:\/\/panoramaciudadano.com\/wp-content\/uploads\/2025\/05\/4-75-768x446.jpeg 768w\" sizes=\"(max-width: 960px) 100vw, 960px\" \/><\/figure>\n\n\n\n<figure class=\"wp-block-image size-large\"><img decoding=\"async\" width=\"960\" height=\"640\" data-id=\"14163\" src=\"https:\/\/panoramaciudadano.com\/wp-content\/uploads\/2025\/05\/6-23.jpeg\" alt=\"\" class=\"wp-image-14163\" srcset=\"https:\/\/panoramaciudadano.com\/wp-content\/uploads\/2025\/05\/6-23.jpeg 960w, https:\/\/panoramaciudadano.com\/wp-content\/uploads\/2025\/05\/6-23-300x200.jpeg 300w, https:\/\/panoramaciudadano.com\/wp-content\/uploads\/2025\/05\/6-23-768x512.jpeg 768w\" sizes=\"(max-width: 960px) 100vw, 960px\" \/><\/figure>\n\n\n\n<figure class=\"wp-block-image size-large\"><img decoding=\"async\" width=\"960\" height=\"665\" data-id=\"14164\" src=\"https:\/\/panoramaciudadano.com\/wp-content\/uploads\/2025\/05\/7-13.jpeg\" alt=\"\" class=\"wp-image-14164\" srcset=\"https:\/\/panoramaciudadano.com\/wp-content\/uploads\/2025\/05\/7-13.jpeg 960w, https:\/\/panoramaciudadano.com\/wp-content\/uploads\/2025\/05\/7-13-300x208.jpeg 300w, https:\/\/panoramaciudadano.com\/wp-content\/uploads\/2025\/05\/7-13-768x532.jpeg 768w\" sizes=\"(max-width: 960px) 100vw, 960px\" \/><\/figure>\n<\/figure>\n\n\n\n<p>\u201cEste espacio donde las y los cancunenses conviven, lleg\u00f3 para quedarse, lo vamos a establecer ya con fecha definitiva, ser\u00e1 el primer domingo de cada mes, el siguiente es el primero de junio\u201d, inform\u00f3 la Presidenta Municipal, Ana Paty Peralta, al dar el banderazo de la cuarta edici\u00f3n del Paseo Cancunense.<\/p>\n\n\n\n<p>Desde temprana hora, la Alcaldesa se present\u00f3 en el coraz\u00f3n de la ciudad, donde fue arropada por decenas de familias, con quienes disfruto primeramente de una exhibici\u00f3n de Wushu una disciplina que combina diversas artes marciales chinas.<\/p>\n\n\n\n<p>Luego de esta presentaci\u00f3n Ana Paty Peralta, junto a las seleccionadas de Benito Ju\u00e1rez de Patines sobre Ruedas Victoria Alejandra Mar\u00edn Flores, Mar\u00eda Fernanda Morales Mujica, Victoria Gameba Garc\u00eda Guemez y dem\u00e1s cancunenses encabezaron el derrotero sobre la avenida Bonampak, en donde no merm\u00f3 la m\u00fasica y la diversi\u00f3n.<\/p>\n\n\n\n<p>Durante este recorrido aprovech\u00f3 para invitar a los ciudadanos a que se sumen a este programa donde hay actividades para toda la familia como la Ciudad Interactiva de Mobilty ADO, el AdoptaFest, Expo-Plantas, teatro gui\u00f1ol, trueque de libros, educaci\u00f3n vial y dem\u00e1s.<\/p>\n\n\n\n<p>Este evento, que se lleva a cabo de 7:00 a 12:00 horas, las avenidas Bonampak, Uxmal y Nader se mantienen abiertas para actividades recreativas y cuenta con la presencia de elementos de la Secretar\u00eda Municipal de Seguridad Ciudadana y Tr\u00e1nsito para garantizar el bienestar de los participantes en todo momento.<\/p>\n\n\n\n<hr class=\"wp-block-separator has-alpha-channel-opacity\"\/>\n","protected":false},"excerpt":{"rendered":"<p>Establece realizarlo el primer domingo de cada mes.<\/p>\n","protected":false},"author":1,"featured_media":14165,"comment_status":"open","ping_status":"closed","sticky":false,"template":"","format":"standard","meta":{"footnotes":""},"categories":[6],"tags":[145],"class_list":["post-14162","post","type-post","status-publish","format-standard","has-post-thumbnail","hentry","category-cancun","tag-ana-paty-peralta"],"yoast_head":"<!-- This site is optimized with the Yoast SEO plugin v27.1.1 - https:\/\/yoast.com\/product\/yoast-seo-wordpress\/ -->\n<title>PASEO CANCUNENSE LLEG\u00d3 PARA QUEDARSE: ANA PATY PERALTA - Panorama Ciudadano<\/title>\n<meta name=\"robots\" content=\"index, follow, max-snippet:-1, max-image-preview:large, max-video-preview:-1\" \/>\n<link rel=\"canonical\" href=\"https:\/\/panoramaciudadano.com\/index.php\/2025\/05\/19\/paseo-cancunense-llego-para-quedarse-ana-paty-peralta\/\" \/>\n<meta property=\"og:locale\" content=\"es_ES\" \/>\n<meta property=\"og:type\" content=\"article\" \/>\n<meta property=\"og:title\" content=\"PASEO CANCUNENSE LLEG\u00d3 PARA QUEDARSE: ANA PATY PERALTA - Panorama Ciudadano\" \/>\n<meta property=\"og:description\" content=\"Establece realizarlo el primer domingo de cada mes.\" \/>\n<meta property=\"og:url\" content=\"https:\/\/panoramaciudadano.com\/index.php\/2025\/05\/19\/paseo-cancunense-llego-para-quedarse-ana-paty-peralta\/\" \/>\n<meta property=\"og:site_name\" content=\"Panorama Ciudadano\" \/>\n<meta property=\"article:publisher\" content=\"https:\/\/www.facebook.com\/panoramaciudadano\" \/>\n<meta property=\"article:published_time\" content=\"2025-05-19T14:44:22+00:00\" \/>\n<meta property=\"article:modified_time\" content=\"2025-05-19T14:44:24+00:00\" \/>\n<meta property=\"og:image\" content=\"https:\/\/panoramaciudadano.com\/wp-content\/uploads\/2025\/05\/5-43.jpeg\" \/>\n\t<meta property=\"og:image:width\" content=\"960\" \/>\n\t<meta property=\"og:image:height\" content=\"717\" \/>\n\t<meta property=\"og:image:type\" content=\"image\/jpeg\" \/>\n<meta name=\"author\" content=\"admin\" \/>\n<meta name=\"twitter:card\" content=\"summary_large_image\" \/>\n<meta name=\"twitter:label1\" content=\"Escrito por\" \/>\n\t<meta name=\"twitter:data1\" content=\"admin\" \/>\n\t<meta name=\"twitter:label2\" content=\"Tiempo de lectura\" \/>\n\t<meta name=\"twitter:data2\" content=\"3 minutos\" \/>\n<script type=\"application\/ld+json\" class=\"yoast-schema-graph\">{\"@context\":\"https:\/\/schema.org\",\"@graph\":[{\"@type\":\"Article\",\"@id\":\"https:\/\/panoramaciudadano.com\/index.php\/2025\/05\/19\/paseo-cancunense-llego-para-quedarse-ana-paty-peralta\/#article\",\"isPartOf\":{\"@id\":\"https:\/\/panoramaciudadano.com\/index.php\/2025\/05\/19\/paseo-cancunense-llego-para-quedarse-ana-paty-peralta\/\"},\"author\":{\"name\":\"admin\",\"@id\":\"https:\/\/panoramaciudadano.com\/#\/schema\/person\/ffe9fe8ef47d3a93977b5761fd9e0d96\"},\"headline\":\"PASEO CANCUNENSE LLEG\u00d3 PARA QUEDARSE: ANA PATY PERALTA\",\"datePublished\":\"2025-05-19T14:44:22+00:00\",\"dateModified\":\"2025-05-19T14:44:24+00:00\",\"mainEntityOfPage\":{\"@id\":\"https:\/\/panoramaciudadano.com\/index.php\/2025\/05\/19\/paseo-cancunense-llego-para-quedarse-ana-paty-peralta\/\"},\"wordCount\":251,\"commentCount\":0,\"publisher\":{\"@id\":\"https:\/\/panoramaciudadano.com\/#organization\"},\"image\":{\"@id\":\"https:\/\/panoramaciudadano.com\/index.php\/2025\/05\/19\/paseo-cancunense-llego-para-quedarse-ana-paty-peralta\/#primaryimage\"},\"thumbnailUrl\":\"https:\/\/panoramaciudadano.com\/wp-content\/uploads\/2025\/05\/5-43.jpeg\",\"keywords\":[\"Ana Paty Peralta\"],\"articleSection\":[\"Canc\u00fan\"],\"inLanguage\":\"es\",\"potentialAction\":[{\"@type\":\"CommentAction\",\"name\":\"Comment\",\"target\":[\"https:\/\/panoramaciudadano.com\/index.php\/2025\/05\/19\/paseo-cancunense-llego-para-quedarse-ana-paty-peralta\/#respond\"]}]},{\"@type\":\"WebPage\",\"@id\":\"https:\/\/panoramaciudadano.com\/index.php\/2025\/05\/19\/paseo-cancunense-llego-para-quedarse-ana-paty-peralta\/\",\"url\":\"https:\/\/panoramaciudadano.com\/index.php\/2025\/05\/19\/paseo-cancunense-llego-para-quedarse-ana-paty-peralta\/\",\"name\":\"PASEO CANCUNENSE LLEG\u00d3 PARA QUEDARSE: ANA PATY PERALTA - Panorama Ciudadano\",\"isPartOf\":{\"@id\":\"https:\/\/panoramaciudadano.com\/#website\"},\"primaryImageOfPage\":{\"@id\":\"https:\/\/panoramaciudadano.com\/index.php\/2025\/05\/19\/paseo-cancunense-llego-para-quedarse-ana-paty-peralta\/#primaryimage\"},\"image\":{\"@id\":\"https:\/\/panoramaciudadano.com\/index.php\/2025\/05\/19\/paseo-cancunense-llego-para-quedarse-ana-paty-peralta\/#primaryimage\"},\"thumbnailUrl\":\"https:\/\/panoramaciudadano.com\/wp-content\/uploads\/2025\/05\/5-43.jpeg\",\"datePublished\":\"2025-05-19T14:44:22+00:00\",\"dateModified\":\"2025-05-19T14:44:24+00:00\",\"breadcrumb\":{\"@id\":\"https:\/\/panoramaciudadano.com\/index.php\/2025\/05\/19\/paseo-cancunense-llego-para-quedarse-ana-paty-peralta\/#breadcrumb\"},\"inLanguage\":\"es\",\"potentialAction\":[{\"@type\":\"ReadAction\",\"target\":[\"https:\/\/panoramaciudadano.com\/index.php\/2025\/05\/19\/paseo-cancunense-llego-para-quedarse-ana-paty-peralta\/\"]}]},{\"@type\":\"ImageObject\",\"inLanguage\":\"es\",\"@id\":\"https:\/\/panoramaciudadano.com\/index.php\/2025\/05\/19\/paseo-cancunense-llego-para-quedarse-ana-paty-peralta\/#primaryimage\",\"url\":\"https:\/\/panoramaciudadano.com\/wp-content\/uploads\/2025\/05\/5-43.jpeg\",\"contentUrl\":\"https:\/\/panoramaciudadano.com\/wp-content\/uploads\/2025\/05\/5-43.jpeg\",\"width\":960,\"height\":717},{\"@type\":\"BreadcrumbList\",\"@id\":\"https:\/\/panoramaciudadano.com\/index.php\/2025\/05\/19\/paseo-cancunense-llego-para-quedarse-ana-paty-peralta\/#breadcrumb\",\"itemListElement\":[{\"@type\":\"ListItem\",\"position\":1,\"name\":\"Portada\",\"item\":\"https:\/\/panoramaciudadano.com\/\"},{\"@type\":\"ListItem\",\"position\":2,\"name\":\"PASEO CANCUNENSE LLEG\u00d3 PARA QUEDARSE: ANA PATY PERALTA\"}]},{\"@type\":\"WebSite\",\"@id\":\"https:\/\/panoramaciudadano.com\/#website\",\"url\":\"https:\/\/panoramaciudadano.com\/\",\"name\":\"Panorama Ciudadano\",\"description\":\"\",\"publisher\":{\"@id\":\"https:\/\/panoramaciudadano.com\/#organization\"},\"potentialAction\":[{\"@type\":\"SearchAction\",\"target\":{\"@type\":\"EntryPoint\",\"urlTemplate\":\"https:\/\/panoramaciudadano.com\/?s={search_term_string}\"},\"query-input\":{\"@type\":\"PropertyValueSpecification\",\"valueRequired\":true,\"valueName\":\"search_term_string\"}}],\"inLanguage\":\"es\"},{\"@type\":\"Organization\",\"@id\":\"https:\/\/panoramaciudadano.com\/#organization\",\"name\":\"Panorama Ciudadano\",\"url\":\"https:\/\/panoramaciudadano.com\/\",\"logo\":{\"@type\":\"ImageObject\",\"inLanguage\":\"es\",\"@id\":\"https:\/\/panoramaciudadano.com\/#\/schema\/logo\/image\/\",\"url\":\"https:\/\/panoramaciudadano.com\/wp-content\/uploads\/2024\/05\/401498640_919267042938564_6290593609399108733_n.jpg\",\"contentUrl\":\"https:\/\/panoramaciudadano.com\/wp-content\/uploads\/2024\/05\/401498640_919267042938564_6290593609399108733_n.jpg\",\"width\":960,\"height\":957,\"caption\":\"Panorama Ciudadano\"},\"image\":{\"@id\":\"https:\/\/panoramaciudadano.com\/#\/schema\/logo\/image\/\"},\"sameAs\":[\"https:\/\/www.facebook.com\/panoramaciudadano\"]},{\"@type\":\"Person\",\"@id\":\"https:\/\/panoramaciudadano.com\/#\/schema\/person\/ffe9fe8ef47d3a93977b5761fd9e0d96\",\"name\":\"admin\",\"image\":{\"@type\":\"ImageObject\",\"inLanguage\":\"es\",\"@id\":\"https:\/\/panoramaciudadano.com\/#\/schema\/person\/image\/\",\"url\":\"https:\/\/secure.gravatar.com\/avatar\/2d5a12cacce3f18096f25fadea8abb7202fef18ed669595589853e84260ff451?s=96&d=mm&r=g\",\"contentUrl\":\"https:\/\/secure.gravatar.com\/avatar\/2d5a12cacce3f18096f25fadea8abb7202fef18ed669595589853e84260ff451?s=96&d=mm&r=g\",\"caption\":\"admin\"},\"sameAs\":[\"https:\/\/panoramaciudadano.com\"],\"url\":\"https:\/\/panoramaciudadano.com\/index.php\/author\/admin_3q6hyqq3\/\"}]}<\/script>\n<!-- \/ Yoast SEO plugin. -->","yoast_head_json":{"title":"PASEO CANCUNENSE LLEG\u00d3 PARA QUEDARSE: ANA PATY PERALTA - Panorama Ciudadano","robots":{"index":"index","follow":"follow","max-snippet":"max-snippet:-1","max-image-preview":"max-image-preview:large","max-video-preview":"max-video-preview:-1"},"canonical":"https:\/\/panoramaciudadano.com\/index.php\/2025\/05\/19\/paseo-cancunense-llego-para-quedarse-ana-paty-peralta\/","og_locale":"es_ES","og_type":"article","og_title":"PASEO CANCUNENSE LLEG\u00d3 PARA QUEDARSE: ANA PATY PERALTA - Panorama Ciudadano","og_description":"Establece realizarlo el primer domingo de cada mes.","og_url":"https:\/\/panoramaciudadano.com\/index.php\/2025\/05\/19\/paseo-cancunense-llego-para-quedarse-ana-paty-peralta\/","og_site_name":"Panorama Ciudadano","article_publisher":"https:\/\/www.facebook.com\/panoramaciudadano","article_published_time":"2025-05-19T14:44:22+00:00","article_modified_time":"2025-05-19T14:44:24+00:00","og_image":[{"width":960,"height":717,"url":"https:\/\/panoramaciudadano.com\/wp-content\/uploads\/2025\/05\/5-43.jpeg","type":"image\/jpeg"}],"author":"admin","twitter_card":"summary_large_image","twitter_misc":{"Escrito por":"admin","Tiempo de lectura":"3 minutos"},"schema":{"@context":"https:\/\/schema.org","@graph":[{"@type":"Article","@id":"https:\/\/panoramaciudadano.com\/index.php\/2025\/05\/19\/paseo-cancunense-llego-para-quedarse-ana-paty-peralta\/#article","isPartOf":{"@id":"https:\/\/panoramaciudadano.com\/index.php\/2025\/05\/19\/paseo-cancunense-llego-para-quedarse-ana-paty-peralta\/"},"author":{"name":"admin","@id":"https:\/\/panoramaciudadano.com\/#\/schema\/person\/ffe9fe8ef47d3a93977b5761fd9e0d96"},"headline":"PASEO CANCUNENSE LLEG\u00d3 PARA QUEDARSE: ANA PATY PERALTA","datePublished":"2025-05-19T14:44:22+00:00","dateModified":"2025-05-19T14:44:24+00:00","mainEntityOfPage":{"@id":"https:\/\/panoramaciudadano.com\/index.php\/2025\/05\/19\/paseo-cancunense-llego-para-quedarse-ana-paty-peralta\/"},"wordCount":251,"commentCount":0,"publisher":{"@id":"https:\/\/panoramaciudadano.com\/#organization"},"image":{"@id":"https:\/\/panoramaciudadano.com\/index.php\/2025\/05\/19\/paseo-cancunense-llego-para-quedarse-ana-paty-peralta\/#primaryimage"},"thumbnailUrl":"https:\/\/panoramaciudadano.com\/wp-content\/uploads\/2025\/05\/5-43.jpeg","keywords":["Ana Paty Peralta"],"articleSection":["Canc\u00fan"],"inLanguage":"es","potentialAction":[{"@type":"CommentAction","name":"Comment","target":["https:\/\/panoramaciudadano.com\/index.php\/2025\/05\/19\/paseo-cancunense-llego-para-quedarse-ana-paty-peralta\/#respond"]}]},{"@type":"WebPage","@id":"https:\/\/panoramaciudadano.com\/index.php\/2025\/05\/19\/paseo-cancunense-llego-para-quedarse-ana-paty-peralta\/","url":"https:\/\/panoramaciudadano.com\/index.php\/2025\/05\/19\/paseo-cancunense-llego-para-quedarse-ana-paty-peralta\/","name":"PASEO CANCUNENSE LLEG\u00d3 PARA QUEDARSE: ANA PATY PERALTA - Panorama Ciudadano","isPartOf":{"@id":"https:\/\/panoramaciudadano.com\/#website"},"primaryImageOfPage":{"@id":"https:\/\/panoramaciudadano.com\/index.php\/2025\/05\/19\/paseo-cancunense-llego-para-quedarse-ana-paty-peralta\/#primaryimage"},"image":{"@id":"https:\/\/panoramaciudadano.com\/index.php\/2025\/05\/19\/paseo-cancunense-llego-para-quedarse-ana-paty-peralta\/#primaryimage"},"thumbnailUrl":"https:\/\/panoramaciudadano.com\/wp-content\/uploads\/2025\/05\/5-43.jpeg","datePublished":"2025-05-19T14:44:22+00:00","dateModified":"2025-05-19T14:44:24+00:00","breadcrumb":{"@id":"https:\/\/panoramaciudadano.com\/index.php\/2025\/05\/19\/paseo-cancunense-llego-para-quedarse-ana-paty-peralta\/#breadcrumb"},"inLanguage":"es","potentialAction":[{"@type":"ReadAction","target":["https:\/\/panoramaciudadano.com\/index.php\/2025\/05\/19\/paseo-cancunense-llego-para-quedarse-ana-paty-peralta\/"]}]},{"@type":"ImageObject","inLanguage":"es","@id":"https:\/\/panoramaciudadano.com\/index.php\/2025\/05\/19\/paseo-cancunense-llego-para-quedarse-ana-paty-peralta\/#primaryimage","url":"https:\/\/panoramaciudadano.com\/wp-content\/uploads\/2025\/05\/5-43.jpeg","contentUrl":"https:\/\/panoramaciudadano.com\/wp-content\/uploads\/2025\/05\/5-43.jpeg","width":960,"height":717},{"@type":"BreadcrumbList","@id":"https:\/\/panoramaciudadano.com\/index.php\/2025\/05\/19\/paseo-cancunense-llego-para-quedarse-ana-paty-peralta\/#breadcrumb","itemListElement":[{"@type":"ListItem","position":1,"name":"Portada","item":"https:\/\/panoramaciudadano.com\/"},{"@type":"ListItem","position":2,"name":"PASEO CANCUNENSE LLEG\u00d3 PARA QUEDARSE: ANA PATY PERALTA"}]},{"@type":"WebSite","@id":"https:\/\/panoramaciudadano.com\/#website","url":"https:\/\/panoramaciudadano.com\/","name":"Panorama Ciudadano","description":"","publisher":{"@id":"https:\/\/panoramaciudadano.com\/#organization"},"potentialAction":[{"@type":"SearchAction","target":{"@type":"EntryPoint","urlTemplate":"https:\/\/panoramaciudadano.com\/?s={search_term_string}"},"query-input":{"@type":"PropertyValueSpecification","valueRequired":true,"valueName":"search_term_string"}}],"inLanguage":"es"},{"@type":"Organization","@id":"https:\/\/panoramaciudadano.com\/#organization","name":"Panorama Ciudadano","url":"https:\/\/panoramaciudadano.com\/","logo":{"@type":"ImageObject","inLanguage":"es","@id":"https:\/\/panoramaciudadano.com\/#\/schema\/logo\/image\/","url":"https:\/\/panoramaciudadano.com\/wp-content\/uploads\/2024\/05\/401498640_919267042938564_6290593609399108733_n.jpg","contentUrl":"https:\/\/panoramaciudadano.com\/wp-content\/uploads\/2024\/05\/401498640_919267042938564_6290593609399108733_n.jpg","width":960,"height":957,"caption":"Panorama Ciudadano"},"image":{"@id":"https:\/\/panoramaciudadano.com\/#\/schema\/logo\/image\/"},"sameAs":["https:\/\/www.facebook.com\/panoramaciudadano"]},{"@type":"Person","@id":"https:\/\/panoramaciudadano.com\/#\/schema\/person\/ffe9fe8ef47d3a93977b5761fd9e0d96","name":"admin","image":{"@type":"ImageObject","inLanguage":"es","@id":"https:\/\/panoramaciudadano.com\/#\/schema\/person\/image\/","url":"https:\/\/secure.gravatar.com\/avatar\/2d5a12cacce3f18096f25fadea8abb7202fef18ed669595589853e84260ff451?s=96&d=mm&r=g","contentUrl":"https:\/\/secure.gravatar.com\/avatar\/2d5a12cacce3f18096f25fadea8abb7202fef18ed669595589853e84260ff451?s=96&d=mm&r=g","caption":"admin"},"sameAs":["https:\/\/panoramaciudadano.com"],"url":"https:\/\/panoramaciudadano.com\/index.php\/author\/admin_3q6hyqq3\/"}]}},"_links":{"self":[{"href":"https:\/\/panoramaciudadano.com\/index.php\/wp-json\/wp\/v2\/posts\/14162","targetHints":{"allow":["GET"]}}],"collection":[{"href":"https:\/\/panoramaciudadano.com\/index.php\/wp-json\/wp\/v2\/posts"}],"about":[{"href":"https:\/\/panoramaciudadano.com\/index.php\/wp-json\/wp\/v2\/types\/post"}],"author":[{"embeddable":true,"href":"https:\/\/panoramaciudadano.com\/index.php\/wp-json\/wp\/v2\/users\/1"}],"replies":[{"embeddable":true,"href":"https:\/\/panoramaciudadano.com\/index.php\/wp-json\/wp\/v2\/comments?post=14162"}],"version-history":[{"count":1,"href":"https:\/\/panoramaciudadano.com\/index.php\/wp-json\/wp\/v2\/posts\/14162\/revisions"}],"predecessor-version":[{"id":14169,"href":"https:\/\/panoramaciudadano.com\/index.php\/wp-json\/wp\/v2\/posts\/14162\/revisions\/14169"}],"wp:featuredmedia":[{"embeddable":true,"href":"https:\/\/panoramaciudadano.com\/index.php\/wp-json\/wp\/v2\/media\/14165"}],"wp:attachment":[{"href":"https:\/\/panoramaciudadano.com\/index.php\/wp-json\/wp\/v2\/media?parent=14162"}],"wp:term":[{"taxonomy":"category","embeddable":true,"href":"https:\/\/panoramaciudadano.com\/index.php\/wp-json\/wp\/v2\/categories?post=14162"},{"taxonomy":"post_tag","embeddable":true,"href":"https:\/\/panoramaciudadano.com\/index.php\/wp-json\/wp\/v2\/tags?post=14162"}],"curies":[{"name":"wp","href":"https:\/\/api.w.org\/{rel}","templated":true}]}}