{"id":14195,"date":"2025-05-19T14:15:52","date_gmt":"2025-05-19T19:15:52","guid":{"rendered":"https:\/\/panoramaciudadano.com\/?p=14195"},"modified":"2025-05-19T14:15:54","modified_gmt":"2025-05-19T19:15:54","slug":"mustang-termina-destrozado-tras-chocar-contra-poste-en-la-portillo-conductor-huyo-del-lugar","status":"publish","type":"post","link":"https:\/\/panoramaciudadano.com\/index.php\/2025\/05\/19\/mustang-termina-destrozado-tras-chocar-contra-poste-en-la-portillo-conductor-huyo-del-lugar\/","title":{"rendered":"Mustang termina destrozado tras chocar contra poste en la Portillo; conductor huy\u00f3 del lugar"},"content":{"rendered":"\n<figure class=\"wp-block-image size-large\"><img decoding=\"async\" width=\"1024\" height=\"737\" src=\"https:\/\/panoramaciudadano.com\/wp-content\/uploads\/2025\/05\/WhatsApp-Image-2025-05-19-at-14.09.13-1024x737.jpeg\" alt=\"\" class=\"wp-image-14196\" srcset=\"https:\/\/panoramaciudadano.com\/wp-content\/uploads\/2025\/05\/WhatsApp-Image-2025-05-19-at-14.09.13-1024x737.jpeg 1024w, https:\/\/panoramaciudadano.com\/wp-content\/uploads\/2025\/05\/WhatsApp-Image-2025-05-19-at-14.09.13-300x216.jpeg 300w, https:\/\/panoramaciudadano.com\/wp-content\/uploads\/2025\/05\/WhatsApp-Image-2025-05-19-at-14.09.13-768x553.jpeg 768w, https:\/\/panoramaciudadano.com\/wp-content\/uploads\/2025\/05\/WhatsApp-Image-2025-05-19-at-14.09.13.jpeg 1134w\" sizes=\"(max-width: 1024px) 100vw, 1024px\" \/><\/figure>\n\n\n\n<p>El conductor de un auto de lujo perdi\u00f3 el control sobre la avenida Jos\u00e9 L\u00f3pez Portillo y literalmente fue perdida total al impactarse contra un porte de metal.<\/p>\n\n\n\n<p>Los hechos fueron en la madrugada de este lunes, el accidente se registr\u00f3 sobre la avenida Jos\u00e9 L\u00f3pez Portillo, cerca de la bloquera ABC.&nbsp;<\/p>\n\n\n\n<p>El incidente involucr\u00f3 un autom\u00f3vil Ford Mustang de color negro, cuyo conductor perdi\u00f3 el control del veh\u00edculo mientras transitaba en direcci\u00f3n poniente-oriente.&nbsp;<\/p>\n\n\n\n<p>Seg\u00fan el reporte, el conductor no tom\u00f3 en cuenta las condiciones de la v\u00eda y del autom\u00f3vil, lo que provoc\u00f3 que se subiera al camell\u00f3n central, impactando finalmente contra un poste de alumbrado p\u00fablico.&nbsp;<\/p>\n\n\n\n<p>Las autoridades correspondientes acudieron al lugar para evaluar la situaci\u00f3n y determinar las posibles causas del accidente. Adem\u00e1s, al parecer el conductor se dio a la fuga.<\/p>\n\n\n\n<p>El veh\u00edculo qued\u00f3 incrustado en el poste, personal de Tr\u00e1nsito realiz\u00f3 las labores necesarias para el retiro de la unidad. Hasta el momento, no se ha informado sobre posibles lesionados derivados del impacto.<\/p>\n","protected":false},"excerpt":{"rendered":"<p>El conductor de un auto de lujo perdi\u00f3 el control sobre la avenida Jos\u00e9 L\u00f3pez Portillo y literalmente fue perdida total al impactarse contra un porte de metal.<\/p>\n","protected":false},"author":1,"featured_media":14196,"comment_status":"open","ping_status":"closed","sticky":false,"template":"","format":"standard","meta":{"footnotes":""},"categories":[6],"tags":[1984],"class_list":["post-14195","post","type-post","status-publish","format-standard","has-post-thumbnail","hentry","category-cancun","tag-avenida-jose-lopez-portillo"],"yoast_head":"<!-- This site is optimized with the Yoast SEO plugin v27.1.1 - https:\/\/yoast.com\/product\/yoast-seo-wordpress\/ -->\n<title>Mustang termina destrozado tras chocar contra poste en la Portillo; conductor huy\u00f3 del lugar - Panorama Ciudadano<\/title>\n<meta name=\"robots\" content=\"index, follow, max-snippet:-1, max-image-preview:large, max-video-preview:-1\" \/>\n<link rel=\"canonical\" href=\"https:\/\/panoramaciudadano.com\/index.php\/2025\/05\/19\/mustang-termina-destrozado-tras-chocar-contra-poste-en-la-portillo-conductor-huyo-del-lugar\/\" \/>\n<meta property=\"og:locale\" content=\"es_ES\" \/>\n<meta property=\"og:type\" content=\"article\" \/>\n<meta property=\"og:title\" content=\"Mustang termina destrozado tras chocar contra poste en la Portillo; conductor huy\u00f3 del lugar - Panorama Ciudadano\" \/>\n<meta property=\"og:description\" content=\"El conductor de un auto de lujo perdi\u00f3 el control sobre la avenida Jos\u00e9 L\u00f3pez Portillo y literalmente fue perdida total al impactarse contra un porte de metal.\" \/>\n<meta property=\"og:url\" content=\"https:\/\/panoramaciudadano.com\/index.php\/2025\/05\/19\/mustang-termina-destrozado-tras-chocar-contra-poste-en-la-portillo-conductor-huyo-del-lugar\/\" \/>\n<meta property=\"og:site_name\" content=\"Panorama Ciudadano\" \/>\n<meta property=\"article:publisher\" content=\"https:\/\/www.facebook.com\/panoramaciudadano\" \/>\n<meta property=\"article:published_time\" content=\"2025-05-19T19:15:52+00:00\" \/>\n<meta property=\"article:modified_time\" content=\"2025-05-19T19:15:54+00:00\" \/>\n<meta property=\"og:image\" content=\"https:\/\/panoramaciudadano.com\/wp-content\/uploads\/2025\/05\/WhatsApp-Image-2025-05-19-at-14.09.13.jpeg\" \/>\n\t<meta property=\"og:image:width\" content=\"1134\" \/>\n\t<meta property=\"og:image:height\" content=\"816\" \/>\n\t<meta property=\"og:image:type\" content=\"image\/jpeg\" \/>\n<meta name=\"author\" content=\"admin\" \/>\n<meta name=\"twitter:card\" content=\"summary_large_image\" \/>\n<meta name=\"twitter:label1\" content=\"Escrito por\" \/>\n\t<meta name=\"twitter:data1\" content=\"admin\" \/>\n\t<meta name=\"twitter:label2\" content=\"Tiempo de lectura\" \/>\n\t<meta name=\"twitter:data2\" content=\"2 minutos\" \/>\n<script type=\"application\/ld+json\" class=\"yoast-schema-graph\">{\"@context\":\"https:\/\/schema.org\",\"@graph\":[{\"@type\":\"Article\",\"@id\":\"https:\/\/panoramaciudadano.com\/index.php\/2025\/05\/19\/mustang-termina-destrozado-tras-chocar-contra-poste-en-la-portillo-conductor-huyo-del-lugar\/#article\",\"isPartOf\":{\"@id\":\"https:\/\/panoramaciudadano.com\/index.php\/2025\/05\/19\/mustang-termina-destrozado-tras-chocar-contra-poste-en-la-portillo-conductor-huyo-del-lugar\/\"},\"author\":{\"name\":\"admin\",\"@id\":\"https:\/\/panoramaciudadano.com\/#\/schema\/person\/ffe9fe8ef47d3a93977b5761fd9e0d96\"},\"headline\":\"Mustang termina destrozado tras chocar contra poste en la Portillo; conductor huy\u00f3 del lugar\",\"datePublished\":\"2025-05-19T19:15:52+00:00\",\"dateModified\":\"2025-05-19T19:15:54+00:00\",\"mainEntityOfPage\":{\"@id\":\"https:\/\/panoramaciudadano.com\/index.php\/2025\/05\/19\/mustang-termina-destrozado-tras-chocar-contra-poste-en-la-portillo-conductor-huyo-del-lugar\/\"},\"wordCount\":199,\"commentCount\":0,\"publisher\":{\"@id\":\"https:\/\/panoramaciudadano.com\/#organization\"},\"image\":{\"@id\":\"https:\/\/panoramaciudadano.com\/index.php\/2025\/05\/19\/mustang-termina-destrozado-tras-chocar-contra-poste-en-la-portillo-conductor-huyo-del-lugar\/#primaryimage\"},\"thumbnailUrl\":\"https:\/\/panoramaciudadano.com\/wp-content\/uploads\/2025\/05\/WhatsApp-Image-2025-05-19-at-14.09.13.jpeg\",\"keywords\":[\"avenida Jos\u00e9 L\u00f3pez Portillo\"],\"articleSection\":[\"Canc\u00fan\"],\"inLanguage\":\"es\",\"potentialAction\":[{\"@type\":\"CommentAction\",\"name\":\"Comment\",\"target\":[\"https:\/\/panoramaciudadano.com\/index.php\/2025\/05\/19\/mustang-termina-destrozado-tras-chocar-contra-poste-en-la-portillo-conductor-huyo-del-lugar\/#respond\"]}]},{\"@type\":\"WebPage\",\"@id\":\"https:\/\/panoramaciudadano.com\/index.php\/2025\/05\/19\/mustang-termina-destrozado-tras-chocar-contra-poste-en-la-portillo-conductor-huyo-del-lugar\/\",\"url\":\"https:\/\/panoramaciudadano.com\/index.php\/2025\/05\/19\/mustang-termina-destrozado-tras-chocar-contra-poste-en-la-portillo-conductor-huyo-del-lugar\/\",\"name\":\"Mustang termina destrozado tras chocar contra poste en la Portillo; conductor huy\u00f3 del lugar - Panorama Ciudadano\",\"isPartOf\":{\"@id\":\"https:\/\/panoramaciudadano.com\/#website\"},\"primaryImageOfPage\":{\"@id\":\"https:\/\/panoramaciudadano.com\/index.php\/2025\/05\/19\/mustang-termina-destrozado-tras-chocar-contra-poste-en-la-portillo-conductor-huyo-del-lugar\/#primaryimage\"},\"image\":{\"@id\":\"https:\/\/panoramaciudadano.com\/index.php\/2025\/05\/19\/mustang-termina-destrozado-tras-chocar-contra-poste-en-la-portillo-conductor-huyo-del-lugar\/#primaryimage\"},\"thumbnailUrl\":\"https:\/\/panoramaciudadano.com\/wp-content\/uploads\/2025\/05\/WhatsApp-Image-2025-05-19-at-14.09.13.jpeg\",\"datePublished\":\"2025-05-19T19:15:52+00:00\",\"dateModified\":\"2025-05-19T19:15:54+00:00\",\"breadcrumb\":{\"@id\":\"https:\/\/panoramaciudadano.com\/index.php\/2025\/05\/19\/mustang-termina-destrozado-tras-chocar-contra-poste-en-la-portillo-conductor-huyo-del-lugar\/#breadcrumb\"},\"inLanguage\":\"es\",\"potentialAction\":[{\"@type\":\"ReadAction\",\"target\":[\"https:\/\/panoramaciudadano.com\/index.php\/2025\/05\/19\/mustang-termina-destrozado-tras-chocar-contra-poste-en-la-portillo-conductor-huyo-del-lugar\/\"]}]},{\"@type\":\"ImageObject\",\"inLanguage\":\"es\",\"@id\":\"https:\/\/panoramaciudadano.com\/index.php\/2025\/05\/19\/mustang-termina-destrozado-tras-chocar-contra-poste-en-la-portillo-conductor-huyo-del-lugar\/#primaryimage\",\"url\":\"https:\/\/panoramaciudadano.com\/wp-content\/uploads\/2025\/05\/WhatsApp-Image-2025-05-19-at-14.09.13.jpeg\",\"contentUrl\":\"https:\/\/panoramaciudadano.com\/wp-content\/uploads\/2025\/05\/WhatsApp-Image-2025-05-19-at-14.09.13.jpeg\",\"width\":1134,\"height\":816},{\"@type\":\"BreadcrumbList\",\"@id\":\"https:\/\/panoramaciudadano.com\/index.php\/2025\/05\/19\/mustang-termina-destrozado-tras-chocar-contra-poste-en-la-portillo-conductor-huyo-del-lugar\/#breadcrumb\",\"itemListElement\":[{\"@type\":\"ListItem\",\"position\":1,\"name\":\"Portada\",\"item\":\"https:\/\/panoramaciudadano.com\/\"},{\"@type\":\"ListItem\",\"position\":2,\"name\":\"Mustang termina destrozado tras chocar contra poste en la Portillo; conductor huy\u00f3 del lugar\"}]},{\"@type\":\"WebSite\",\"@id\":\"https:\/\/panoramaciudadano.com\/#website\",\"url\":\"https:\/\/panoramaciudadano.com\/\",\"name\":\"Panorama Ciudadano\",\"description\":\"\",\"publisher\":{\"@id\":\"https:\/\/panoramaciudadano.com\/#organization\"},\"potentialAction\":[{\"@type\":\"SearchAction\",\"target\":{\"@type\":\"EntryPoint\",\"urlTemplate\":\"https:\/\/panoramaciudadano.com\/?s={search_term_string}\"},\"query-input\":{\"@type\":\"PropertyValueSpecification\",\"valueRequired\":true,\"valueName\":\"search_term_string\"}}],\"inLanguage\":\"es\"},{\"@type\":\"Organization\",\"@id\":\"https:\/\/panoramaciudadano.com\/#organization\",\"name\":\"Panorama Ciudadano\",\"url\":\"https:\/\/panoramaciudadano.com\/\",\"logo\":{\"@type\":\"ImageObject\",\"inLanguage\":\"es\",\"@id\":\"https:\/\/panoramaciudadano.com\/#\/schema\/logo\/image\/\",\"url\":\"https:\/\/panoramaciudadano.com\/wp-content\/uploads\/2024\/05\/401498640_919267042938564_6290593609399108733_n.jpg\",\"contentUrl\":\"https:\/\/panoramaciudadano.com\/wp-content\/uploads\/2024\/05\/401498640_919267042938564_6290593609399108733_n.jpg\",\"width\":960,\"height\":957,\"caption\":\"Panorama Ciudadano\"},\"image\":{\"@id\":\"https:\/\/panoramaciudadano.com\/#\/schema\/logo\/image\/\"},\"sameAs\":[\"https:\/\/www.facebook.com\/panoramaciudadano\"]},{\"@type\":\"Person\",\"@id\":\"https:\/\/panoramaciudadano.com\/#\/schema\/person\/ffe9fe8ef47d3a93977b5761fd9e0d96\",\"name\":\"admin\",\"image\":{\"@type\":\"ImageObject\",\"inLanguage\":\"es\",\"@id\":\"https:\/\/panoramaciudadano.com\/#\/schema\/person\/image\/\",\"url\":\"https:\/\/secure.gravatar.com\/avatar\/2d5a12cacce3f18096f25fadea8abb7202fef18ed669595589853e84260ff451?s=96&d=mm&r=g\",\"contentUrl\":\"https:\/\/secure.gravatar.com\/avatar\/2d5a12cacce3f18096f25fadea8abb7202fef18ed669595589853e84260ff451?s=96&d=mm&r=g\",\"caption\":\"admin\"},\"sameAs\":[\"https:\/\/panoramaciudadano.com\"],\"url\":\"https:\/\/panoramaciudadano.com\/index.php\/author\/admin_3q6hyqq3\/\"}]}<\/script>\n<!-- \/ Yoast SEO plugin. -->","yoast_head_json":{"title":"Mustang termina destrozado tras chocar contra poste en la Portillo; conductor huy\u00f3 del lugar - Panorama Ciudadano","robots":{"index":"index","follow":"follow","max-snippet":"max-snippet:-1","max-image-preview":"max-image-preview:large","max-video-preview":"max-video-preview:-1"},"canonical":"https:\/\/panoramaciudadano.com\/index.php\/2025\/05\/19\/mustang-termina-destrozado-tras-chocar-contra-poste-en-la-portillo-conductor-huyo-del-lugar\/","og_locale":"es_ES","og_type":"article","og_title":"Mustang termina destrozado tras chocar contra poste en la Portillo; conductor huy\u00f3 del lugar - Panorama Ciudadano","og_description":"El conductor de un auto de lujo perdi\u00f3 el control sobre la avenida Jos\u00e9 L\u00f3pez Portillo y literalmente fue perdida total al impactarse contra un porte de metal.","og_url":"https:\/\/panoramaciudadano.com\/index.php\/2025\/05\/19\/mustang-termina-destrozado-tras-chocar-contra-poste-en-la-portillo-conductor-huyo-del-lugar\/","og_site_name":"Panorama Ciudadano","article_publisher":"https:\/\/www.facebook.com\/panoramaciudadano","article_published_time":"2025-05-19T19:15:52+00:00","article_modified_time":"2025-05-19T19:15:54+00:00","og_image":[{"width":1134,"height":816,"url":"https:\/\/panoramaciudadano.com\/wp-content\/uploads\/2025\/05\/WhatsApp-Image-2025-05-19-at-14.09.13.jpeg","type":"image\/jpeg"}],"author":"admin","twitter_card":"summary_large_image","twitter_misc":{"Escrito por":"admin","Tiempo de lectura":"2 minutos"},"schema":{"@context":"https:\/\/schema.org","@graph":[{"@type":"Article","@id":"https:\/\/panoramaciudadano.com\/index.php\/2025\/05\/19\/mustang-termina-destrozado-tras-chocar-contra-poste-en-la-portillo-conductor-huyo-del-lugar\/#article","isPartOf":{"@id":"https:\/\/panoramaciudadano.com\/index.php\/2025\/05\/19\/mustang-termina-destrozado-tras-chocar-contra-poste-en-la-portillo-conductor-huyo-del-lugar\/"},"author":{"name":"admin","@id":"https:\/\/panoramaciudadano.com\/#\/schema\/person\/ffe9fe8ef47d3a93977b5761fd9e0d96"},"headline":"Mustang termina destrozado tras chocar contra poste en la Portillo; conductor huy\u00f3 del lugar","datePublished":"2025-05-19T19:15:52+00:00","dateModified":"2025-05-19T19:15:54+00:00","mainEntityOfPage":{"@id":"https:\/\/panoramaciudadano.com\/index.php\/2025\/05\/19\/mustang-termina-destrozado-tras-chocar-contra-poste-en-la-portillo-conductor-huyo-del-lugar\/"},"wordCount":199,"commentCount":0,"publisher":{"@id":"https:\/\/panoramaciudadano.com\/#organization"},"image":{"@id":"https:\/\/panoramaciudadano.com\/index.php\/2025\/05\/19\/mustang-termina-destrozado-tras-chocar-contra-poste-en-la-portillo-conductor-huyo-del-lugar\/#primaryimage"},"thumbnailUrl":"https:\/\/panoramaciudadano.com\/wp-content\/uploads\/2025\/05\/WhatsApp-Image-2025-05-19-at-14.09.13.jpeg","keywords":["avenida Jos\u00e9 L\u00f3pez Portillo"],"articleSection":["Canc\u00fan"],"inLanguage":"es","potentialAction":[{"@type":"CommentAction","name":"Comment","target":["https:\/\/panoramaciudadano.com\/index.php\/2025\/05\/19\/mustang-termina-destrozado-tras-chocar-contra-poste-en-la-portillo-conductor-huyo-del-lugar\/#respond"]}]},{"@type":"WebPage","@id":"https:\/\/panoramaciudadano.com\/index.php\/2025\/05\/19\/mustang-termina-destrozado-tras-chocar-contra-poste-en-la-portillo-conductor-huyo-del-lugar\/","url":"https:\/\/panoramaciudadano.com\/index.php\/2025\/05\/19\/mustang-termina-destrozado-tras-chocar-contra-poste-en-la-portillo-conductor-huyo-del-lugar\/","name":"Mustang termina destrozado tras chocar contra poste en la Portillo; conductor huy\u00f3 del lugar - Panorama Ciudadano","isPartOf":{"@id":"https:\/\/panoramaciudadano.com\/#website"},"primaryImageOfPage":{"@id":"https:\/\/panoramaciudadano.com\/index.php\/2025\/05\/19\/mustang-termina-destrozado-tras-chocar-contra-poste-en-la-portillo-conductor-huyo-del-lugar\/#primaryimage"},"image":{"@id":"https:\/\/panoramaciudadano.com\/index.php\/2025\/05\/19\/mustang-termina-destrozado-tras-chocar-contra-poste-en-la-portillo-conductor-huyo-del-lugar\/#primaryimage"},"thumbnailUrl":"https:\/\/panoramaciudadano.com\/wp-content\/uploads\/2025\/05\/WhatsApp-Image-2025-05-19-at-14.09.13.jpeg","datePublished":"2025-05-19T19:15:52+00:00","dateModified":"2025-05-19T19:15:54+00:00","breadcrumb":{"@id":"https:\/\/panoramaciudadano.com\/index.php\/2025\/05\/19\/mustang-termina-destrozado-tras-chocar-contra-poste-en-la-portillo-conductor-huyo-del-lugar\/#breadcrumb"},"inLanguage":"es","potentialAction":[{"@type":"ReadAction","target":["https:\/\/panoramaciudadano.com\/index.php\/2025\/05\/19\/mustang-termina-destrozado-tras-chocar-contra-poste-en-la-portillo-conductor-huyo-del-lugar\/"]}]},{"@type":"ImageObject","inLanguage":"es","@id":"https:\/\/panoramaciudadano.com\/index.php\/2025\/05\/19\/mustang-termina-destrozado-tras-chocar-contra-poste-en-la-portillo-conductor-huyo-del-lugar\/#primaryimage","url":"https:\/\/panoramaciudadano.com\/wp-content\/uploads\/2025\/05\/WhatsApp-Image-2025-05-19-at-14.09.13.jpeg","contentUrl":"https:\/\/panoramaciudadano.com\/wp-content\/uploads\/2025\/05\/WhatsApp-Image-2025-05-19-at-14.09.13.jpeg","width":1134,"height":816},{"@type":"BreadcrumbList","@id":"https:\/\/panoramaciudadano.com\/index.php\/2025\/05\/19\/mustang-termina-destrozado-tras-chocar-contra-poste-en-la-portillo-conductor-huyo-del-lugar\/#breadcrumb","itemListElement":[{"@type":"ListItem","position":1,"name":"Portada","item":"https:\/\/panoramaciudadano.com\/"},{"@type":"ListItem","position":2,"name":"Mustang termina destrozado tras chocar contra poste en la Portillo; conductor huy\u00f3 del lugar"}]},{"@type":"WebSite","@id":"https:\/\/panoramaciudadano.com\/#website","url":"https:\/\/panoramaciudadano.com\/","name":"Panorama Ciudadano","description":"","publisher":{"@id":"https:\/\/panoramaciudadano.com\/#organization"},"potentialAction":[{"@type":"SearchAction","target":{"@type":"EntryPoint","urlTemplate":"https:\/\/panoramaciudadano.com\/?s={search_term_string}"},"query-input":{"@type":"PropertyValueSpecification","valueRequired":true,"valueName":"search_term_string"}}],"inLanguage":"es"},{"@type":"Organization","@id":"https:\/\/panoramaciudadano.com\/#organization","name":"Panorama Ciudadano","url":"https:\/\/panoramaciudadano.com\/","logo":{"@type":"ImageObject","inLanguage":"es","@id":"https:\/\/panoramaciudadano.com\/#\/schema\/logo\/image\/","url":"https:\/\/panoramaciudadano.com\/wp-content\/uploads\/2024\/05\/401498640_919267042938564_6290593609399108733_n.jpg","contentUrl":"https:\/\/panoramaciudadano.com\/wp-content\/uploads\/2024\/05\/401498640_919267042938564_6290593609399108733_n.jpg","width":960,"height":957,"caption":"Panorama Ciudadano"},"image":{"@id":"https:\/\/panoramaciudadano.com\/#\/schema\/logo\/image\/"},"sameAs":["https:\/\/www.facebook.com\/panoramaciudadano"]},{"@type":"Person","@id":"https:\/\/panoramaciudadano.com\/#\/schema\/person\/ffe9fe8ef47d3a93977b5761fd9e0d96","name":"admin","image":{"@type":"ImageObject","inLanguage":"es","@id":"https:\/\/panoramaciudadano.com\/#\/schema\/person\/image\/","url":"https:\/\/secure.gravatar.com\/avatar\/2d5a12cacce3f18096f25fadea8abb7202fef18ed669595589853e84260ff451?s=96&d=mm&r=g","contentUrl":"https:\/\/secure.gravatar.com\/avatar\/2d5a12cacce3f18096f25fadea8abb7202fef18ed669595589853e84260ff451?s=96&d=mm&r=g","caption":"admin"},"sameAs":["https:\/\/panoramaciudadano.com"],"url":"https:\/\/panoramaciudadano.com\/index.php\/author\/admin_3q6hyqq3\/"}]}},"_links":{"self":[{"href":"https:\/\/panoramaciudadano.com\/index.php\/wp-json\/wp\/v2\/posts\/14195","targetHints":{"allow":["GET"]}}],"collection":[{"href":"https:\/\/panoramaciudadano.com\/index.php\/wp-json\/wp\/v2\/posts"}],"about":[{"href":"https:\/\/panoramaciudadano.com\/index.php\/wp-json\/wp\/v2\/types\/post"}],"author":[{"embeddable":true,"href":"https:\/\/panoramaciudadano.com\/index.php\/wp-json\/wp\/v2\/users\/1"}],"replies":[{"embeddable":true,"href":"https:\/\/panoramaciudadano.com\/index.php\/wp-json\/wp\/v2\/comments?post=14195"}],"version-history":[{"count":1,"href":"https:\/\/panoramaciudadano.com\/index.php\/wp-json\/wp\/v2\/posts\/14195\/revisions"}],"predecessor-version":[{"id":14197,"href":"https:\/\/panoramaciudadano.com\/index.php\/wp-json\/wp\/v2\/posts\/14195\/revisions\/14197"}],"wp:featuredmedia":[{"embeddable":true,"href":"https:\/\/panoramaciudadano.com\/index.php\/wp-json\/wp\/v2\/media\/14196"}],"wp:attachment":[{"href":"https:\/\/panoramaciudadano.com\/index.php\/wp-json\/wp\/v2\/media?parent=14195"}],"wp:term":[{"taxonomy":"category","embeddable":true,"href":"https:\/\/panoramaciudadano.com\/index.php\/wp-json\/wp\/v2\/categories?post=14195"},{"taxonomy":"post_tag","embeddable":true,"href":"https:\/\/panoramaciudadano.com\/index.php\/wp-json\/wp\/v2\/tags?post=14195"}],"curies":[{"name":"wp","href":"https:\/\/api.w.org\/{rel}","templated":true}]}}