{"id":14421,"date":"2025-05-23T18:23:51","date_gmt":"2025-05-23T23:23:51","guid":{"rendered":"https:\/\/panoramaciudadano.com\/?p=14421"},"modified":"2025-05-23T18:23:53","modified_gmt":"2025-05-23T23:23:53","slug":"catean-inmueble-clandestino-en-la-region-96-y-rescatan-a-siete-mujeres-victimas-de-trata","status":"publish","type":"post","link":"https:\/\/panoramaciudadano.com\/index.php\/2025\/05\/23\/catean-inmueble-clandestino-en-la-region-96-y-rescatan-a-siete-mujeres-victimas-de-trata\/","title":{"rendered":"Catean inmueble clandestino en la Regi\u00f3n 96 y rescatan a siete mujeres v\u00edctimas de trata"},"content":{"rendered":"\n<figure class=\"wp-block-gallery has-nested-images columns-default is-cropped wp-block-gallery-1 is-layout-flex wp-block-gallery-is-layout-flex\">\n<figure class=\"wp-block-image size-large\"><img decoding=\"async\" width=\"1024\" height=\"768\" data-id=\"14423\" src=\"https:\/\/panoramaciudadano.com\/wp-content\/uploads\/2025\/05\/2-146-1024x768.jpeg\" alt=\"\" class=\"wp-image-14423\" srcset=\"https:\/\/panoramaciudadano.com\/wp-content\/uploads\/2025\/05\/2-146-1024x768.jpeg 1024w, https:\/\/panoramaciudadano.com\/wp-content\/uploads\/2025\/05\/2-146-300x225.jpeg 300w, https:\/\/panoramaciudadano.com\/wp-content\/uploads\/2025\/05\/2-146-768x576.jpeg 768w, https:\/\/panoramaciudadano.com\/wp-content\/uploads\/2025\/05\/2-146.jpeg 1280w\" sizes=\"(max-width: 1024px) 100vw, 1024px\" \/><\/figure>\n\n\n\n<figure class=\"wp-block-image size-large\"><img decoding=\"async\" width=\"1024\" height=\"768\" data-id=\"14422\" src=\"https:\/\/panoramaciudadano.com\/wp-content\/uploads\/2025\/05\/3-135-1024x768.jpeg\" alt=\"\" class=\"wp-image-14422\" srcset=\"https:\/\/panoramaciudadano.com\/wp-content\/uploads\/2025\/05\/3-135-1024x768.jpeg 1024w, https:\/\/panoramaciudadano.com\/wp-content\/uploads\/2025\/05\/3-135-300x225.jpeg 300w, https:\/\/panoramaciudadano.com\/wp-content\/uploads\/2025\/05\/3-135-768x576.jpeg 768w, https:\/\/panoramaciudadano.com\/wp-content\/uploads\/2025\/05\/3-135.jpeg 1280w\" sizes=\"(max-width: 1024px) 100vw, 1024px\" \/><\/figure>\n<\/figure>\n\n\n\n<p>Catean y rescatan mujeres de un inmueble que operaba como clandestino en la regi\u00f3n 96.<\/p>\n\n\n\n<p>Fue esta tarde cuando varias unidades de la guardia nacional aseguraban el per\u00edmetro para que agentes de la FGE ingresaran a un inmueble ubicado sobre la calle 125 a unos metros de la avenida Andr\u00e9s Quintana Roo.<\/p>\n\n\n\n<p>Seg\u00fan se sabe que fue el personal de la&nbsp;Fiscal\u00eda especializada al combate al delito de trata de personas el que encabezaba el operativo pues se vio como se llevaban a 7 mujeres.&nbsp;<\/p>\n\n\n\n<p>Trascendi\u00f3 que el inmueble ha operado as\u00ed desde hace varios a\u00f1os y que de este sitio se llevaron a Cinco v\u00edctimas y otras dos en calidad de presentada por lo que se espera que la autoridad competente brinde los resultados de este operativo.<\/p>\n","protected":false},"excerpt":{"rendered":"<p>Catean y rescatan mujeres de un inmueble que operaba como clandestino en la regi\u00f3n 96.<\/p>\n","protected":false},"author":1,"featured_media":14424,"comment_status":"open","ping_status":"closed","sticky":false,"template":"","format":"standard","meta":{"footnotes":""},"categories":[6],"tags":[2213],"class_list":["post-14421","post","type-post","status-publish","format-standard","has-post-thumbnail","hentry","category-cancun","tag-region-96"],"yoast_head":"<!-- This site is optimized with the Yoast SEO plugin v27.1.1 - https:\/\/yoast.com\/product\/yoast-seo-wordpress\/ -->\n<title>Catean inmueble clandestino en la Regi\u00f3n 96 y rescatan a siete mujeres v\u00edctimas de trata - Panorama Ciudadano<\/title>\n<meta name=\"robots\" content=\"index, follow, max-snippet:-1, max-image-preview:large, max-video-preview:-1\" \/>\n<link rel=\"canonical\" href=\"https:\/\/panoramaciudadano.com\/index.php\/2025\/05\/23\/catean-inmueble-clandestino-en-la-region-96-y-rescatan-a-siete-mujeres-victimas-de-trata\/\" \/>\n<meta property=\"og:locale\" content=\"es_ES\" \/>\n<meta property=\"og:type\" content=\"article\" \/>\n<meta property=\"og:title\" content=\"Catean inmueble clandestino en la Regi\u00f3n 96 y rescatan a siete mujeres v\u00edctimas de trata - Panorama Ciudadano\" \/>\n<meta property=\"og:description\" content=\"Catean y rescatan mujeres de un inmueble que operaba como clandestino en la regi\u00f3n 96.\" \/>\n<meta property=\"og:url\" content=\"https:\/\/panoramaciudadano.com\/index.php\/2025\/05\/23\/catean-inmueble-clandestino-en-la-region-96-y-rescatan-a-siete-mujeres-victimas-de-trata\/\" \/>\n<meta property=\"og:site_name\" content=\"Panorama Ciudadano\" \/>\n<meta property=\"article:publisher\" content=\"https:\/\/www.facebook.com\/panoramaciudadano\" \/>\n<meta property=\"article:published_time\" content=\"2025-05-23T23:23:51+00:00\" \/>\n<meta property=\"article:modified_time\" content=\"2025-05-23T23:23:53+00:00\" \/>\n<meta property=\"og:image\" content=\"https:\/\/panoramaciudadano.com\/wp-content\/uploads\/2025\/05\/WhatsApp-Image-2025-05-23-at-06.54.55.jpeg\" \/>\n\t<meta property=\"og:image:width\" content=\"1280\" \/>\n\t<meta property=\"og:image:height\" content=\"960\" \/>\n\t<meta property=\"og:image:type\" content=\"image\/jpeg\" \/>\n<meta name=\"author\" content=\"admin\" \/>\n<meta name=\"twitter:card\" content=\"summary_large_image\" \/>\n<meta name=\"twitter:label1\" content=\"Escrito por\" \/>\n\t<meta name=\"twitter:data1\" content=\"admin\" \/>\n\t<meta name=\"twitter:label2\" content=\"Tiempo de lectura\" \/>\n\t<meta name=\"twitter:data2\" content=\"2 minutos\" \/>\n<script type=\"application\/ld+json\" class=\"yoast-schema-graph\">{\"@context\":\"https:\/\/schema.org\",\"@graph\":[{\"@type\":\"Article\",\"@id\":\"https:\/\/panoramaciudadano.com\/index.php\/2025\/05\/23\/catean-inmueble-clandestino-en-la-region-96-y-rescatan-a-siete-mujeres-victimas-de-trata\/#article\",\"isPartOf\":{\"@id\":\"https:\/\/panoramaciudadano.com\/index.php\/2025\/05\/23\/catean-inmueble-clandestino-en-la-region-96-y-rescatan-a-siete-mujeres-victimas-de-trata\/\"},\"author\":{\"name\":\"admin\",\"@id\":\"https:\/\/panoramaciudadano.com\/#\/schema\/person\/ffe9fe8ef47d3a93977b5761fd9e0d96\"},\"headline\":\"Catean inmueble clandestino en la Regi\u00f3n 96 y rescatan a siete mujeres v\u00edctimas de trata\",\"datePublished\":\"2025-05-23T23:23:51+00:00\",\"dateModified\":\"2025-05-23T23:23:53+00:00\",\"mainEntityOfPage\":{\"@id\":\"https:\/\/panoramaciudadano.com\/index.php\/2025\/05\/23\/catean-inmueble-clandestino-en-la-region-96-y-rescatan-a-siete-mujeres-victimas-de-trata\/\"},\"wordCount\":150,\"commentCount\":0,\"publisher\":{\"@id\":\"https:\/\/panoramaciudadano.com\/#organization\"},\"image\":{\"@id\":\"https:\/\/panoramaciudadano.com\/index.php\/2025\/05\/23\/catean-inmueble-clandestino-en-la-region-96-y-rescatan-a-siete-mujeres-victimas-de-trata\/#primaryimage\"},\"thumbnailUrl\":\"https:\/\/panoramaciudadano.com\/wp-content\/uploads\/2025\/05\/WhatsApp-Image-2025-05-23-at-06.54.55.jpeg\",\"keywords\":[\"regi\u00f3n 96\"],\"articleSection\":[\"Canc\u00fan\"],\"inLanguage\":\"es\",\"potentialAction\":[{\"@type\":\"CommentAction\",\"name\":\"Comment\",\"target\":[\"https:\/\/panoramaciudadano.com\/index.php\/2025\/05\/23\/catean-inmueble-clandestino-en-la-region-96-y-rescatan-a-siete-mujeres-victimas-de-trata\/#respond\"]}]},{\"@type\":\"WebPage\",\"@id\":\"https:\/\/panoramaciudadano.com\/index.php\/2025\/05\/23\/catean-inmueble-clandestino-en-la-region-96-y-rescatan-a-siete-mujeres-victimas-de-trata\/\",\"url\":\"https:\/\/panoramaciudadano.com\/index.php\/2025\/05\/23\/catean-inmueble-clandestino-en-la-region-96-y-rescatan-a-siete-mujeres-victimas-de-trata\/\",\"name\":\"Catean inmueble clandestino en la Regi\u00f3n 96 y rescatan a siete mujeres v\u00edctimas de trata - Panorama Ciudadano\",\"isPartOf\":{\"@id\":\"https:\/\/panoramaciudadano.com\/#website\"},\"primaryImageOfPage\":{\"@id\":\"https:\/\/panoramaciudadano.com\/index.php\/2025\/05\/23\/catean-inmueble-clandestino-en-la-region-96-y-rescatan-a-siete-mujeres-victimas-de-trata\/#primaryimage\"},\"image\":{\"@id\":\"https:\/\/panoramaciudadano.com\/index.php\/2025\/05\/23\/catean-inmueble-clandestino-en-la-region-96-y-rescatan-a-siete-mujeres-victimas-de-trata\/#primaryimage\"},\"thumbnailUrl\":\"https:\/\/panoramaciudadano.com\/wp-content\/uploads\/2025\/05\/WhatsApp-Image-2025-05-23-at-06.54.55.jpeg\",\"datePublished\":\"2025-05-23T23:23:51+00:00\",\"dateModified\":\"2025-05-23T23:23:53+00:00\",\"breadcrumb\":{\"@id\":\"https:\/\/panoramaciudadano.com\/index.php\/2025\/05\/23\/catean-inmueble-clandestino-en-la-region-96-y-rescatan-a-siete-mujeres-victimas-de-trata\/#breadcrumb\"},\"inLanguage\":\"es\",\"potentialAction\":[{\"@type\":\"ReadAction\",\"target\":[\"https:\/\/panoramaciudadano.com\/index.php\/2025\/05\/23\/catean-inmueble-clandestino-en-la-region-96-y-rescatan-a-siete-mujeres-victimas-de-trata\/\"]}]},{\"@type\":\"ImageObject\",\"inLanguage\":\"es\",\"@id\":\"https:\/\/panoramaciudadano.com\/index.php\/2025\/05\/23\/catean-inmueble-clandestino-en-la-region-96-y-rescatan-a-siete-mujeres-victimas-de-trata\/#primaryimage\",\"url\":\"https:\/\/panoramaciudadano.com\/wp-content\/uploads\/2025\/05\/WhatsApp-Image-2025-05-23-at-06.54.55.jpeg\",\"contentUrl\":\"https:\/\/panoramaciudadano.com\/wp-content\/uploads\/2025\/05\/WhatsApp-Image-2025-05-23-at-06.54.55.jpeg\",\"width\":1280,\"height\":960},{\"@type\":\"BreadcrumbList\",\"@id\":\"https:\/\/panoramaciudadano.com\/index.php\/2025\/05\/23\/catean-inmueble-clandestino-en-la-region-96-y-rescatan-a-siete-mujeres-victimas-de-trata\/#breadcrumb\",\"itemListElement\":[{\"@type\":\"ListItem\",\"position\":1,\"name\":\"Portada\",\"item\":\"https:\/\/panoramaciudadano.com\/\"},{\"@type\":\"ListItem\",\"position\":2,\"name\":\"Catean inmueble clandestino en la Regi\u00f3n 96 y rescatan a siete mujeres v\u00edctimas de trata\"}]},{\"@type\":\"WebSite\",\"@id\":\"https:\/\/panoramaciudadano.com\/#website\",\"url\":\"https:\/\/panoramaciudadano.com\/\",\"name\":\"Panorama Ciudadano\",\"description\":\"\",\"publisher\":{\"@id\":\"https:\/\/panoramaciudadano.com\/#organization\"},\"potentialAction\":[{\"@type\":\"SearchAction\",\"target\":{\"@type\":\"EntryPoint\",\"urlTemplate\":\"https:\/\/panoramaciudadano.com\/?s={search_term_string}\"},\"query-input\":{\"@type\":\"PropertyValueSpecification\",\"valueRequired\":true,\"valueName\":\"search_term_string\"}}],\"inLanguage\":\"es\"},{\"@type\":\"Organization\",\"@id\":\"https:\/\/panoramaciudadano.com\/#organization\",\"name\":\"Panorama Ciudadano\",\"url\":\"https:\/\/panoramaciudadano.com\/\",\"logo\":{\"@type\":\"ImageObject\",\"inLanguage\":\"es\",\"@id\":\"https:\/\/panoramaciudadano.com\/#\/schema\/logo\/image\/\",\"url\":\"https:\/\/panoramaciudadano.com\/wp-content\/uploads\/2024\/05\/401498640_919267042938564_6290593609399108733_n.jpg\",\"contentUrl\":\"https:\/\/panoramaciudadano.com\/wp-content\/uploads\/2024\/05\/401498640_919267042938564_6290593609399108733_n.jpg\",\"width\":960,\"height\":957,\"caption\":\"Panorama Ciudadano\"},\"image\":{\"@id\":\"https:\/\/panoramaciudadano.com\/#\/schema\/logo\/image\/\"},\"sameAs\":[\"https:\/\/www.facebook.com\/panoramaciudadano\"]},{\"@type\":\"Person\",\"@id\":\"https:\/\/panoramaciudadano.com\/#\/schema\/person\/ffe9fe8ef47d3a93977b5761fd9e0d96\",\"name\":\"admin\",\"image\":{\"@type\":\"ImageObject\",\"inLanguage\":\"es\",\"@id\":\"https:\/\/panoramaciudadano.com\/#\/schema\/person\/image\/\",\"url\":\"https:\/\/secure.gravatar.com\/avatar\/2d5a12cacce3f18096f25fadea8abb7202fef18ed669595589853e84260ff451?s=96&d=mm&r=g\",\"contentUrl\":\"https:\/\/secure.gravatar.com\/avatar\/2d5a12cacce3f18096f25fadea8abb7202fef18ed669595589853e84260ff451?s=96&d=mm&r=g\",\"caption\":\"admin\"},\"sameAs\":[\"https:\/\/panoramaciudadano.com\"],\"url\":\"https:\/\/panoramaciudadano.com\/index.php\/author\/admin_3q6hyqq3\/\"}]}<\/script>\n<!-- \/ Yoast SEO plugin. -->","yoast_head_json":{"title":"Catean inmueble clandestino en la Regi\u00f3n 96 y rescatan a siete mujeres v\u00edctimas de trata - Panorama Ciudadano","robots":{"index":"index","follow":"follow","max-snippet":"max-snippet:-1","max-image-preview":"max-image-preview:large","max-video-preview":"max-video-preview:-1"},"canonical":"https:\/\/panoramaciudadano.com\/index.php\/2025\/05\/23\/catean-inmueble-clandestino-en-la-region-96-y-rescatan-a-siete-mujeres-victimas-de-trata\/","og_locale":"es_ES","og_type":"article","og_title":"Catean inmueble clandestino en la Regi\u00f3n 96 y rescatan a siete mujeres v\u00edctimas de trata - Panorama Ciudadano","og_description":"Catean y rescatan mujeres de un inmueble que operaba como clandestino en la regi\u00f3n 96.","og_url":"https:\/\/panoramaciudadano.com\/index.php\/2025\/05\/23\/catean-inmueble-clandestino-en-la-region-96-y-rescatan-a-siete-mujeres-victimas-de-trata\/","og_site_name":"Panorama Ciudadano","article_publisher":"https:\/\/www.facebook.com\/panoramaciudadano","article_published_time":"2025-05-23T23:23:51+00:00","article_modified_time":"2025-05-23T23:23:53+00:00","og_image":[{"width":1280,"height":960,"url":"https:\/\/panoramaciudadano.com\/wp-content\/uploads\/2025\/05\/WhatsApp-Image-2025-05-23-at-06.54.55.jpeg","type":"image\/jpeg"}],"author":"admin","twitter_card":"summary_large_image","twitter_misc":{"Escrito por":"admin","Tiempo de lectura":"2 minutos"},"schema":{"@context":"https:\/\/schema.org","@graph":[{"@type":"Article","@id":"https:\/\/panoramaciudadano.com\/index.php\/2025\/05\/23\/catean-inmueble-clandestino-en-la-region-96-y-rescatan-a-siete-mujeres-victimas-de-trata\/#article","isPartOf":{"@id":"https:\/\/panoramaciudadano.com\/index.php\/2025\/05\/23\/catean-inmueble-clandestino-en-la-region-96-y-rescatan-a-siete-mujeres-victimas-de-trata\/"},"author":{"name":"admin","@id":"https:\/\/panoramaciudadano.com\/#\/schema\/person\/ffe9fe8ef47d3a93977b5761fd9e0d96"},"headline":"Catean inmueble clandestino en la Regi\u00f3n 96 y rescatan a siete mujeres v\u00edctimas de trata","datePublished":"2025-05-23T23:23:51+00:00","dateModified":"2025-05-23T23:23:53+00:00","mainEntityOfPage":{"@id":"https:\/\/panoramaciudadano.com\/index.php\/2025\/05\/23\/catean-inmueble-clandestino-en-la-region-96-y-rescatan-a-siete-mujeres-victimas-de-trata\/"},"wordCount":150,"commentCount":0,"publisher":{"@id":"https:\/\/panoramaciudadano.com\/#organization"},"image":{"@id":"https:\/\/panoramaciudadano.com\/index.php\/2025\/05\/23\/catean-inmueble-clandestino-en-la-region-96-y-rescatan-a-siete-mujeres-victimas-de-trata\/#primaryimage"},"thumbnailUrl":"https:\/\/panoramaciudadano.com\/wp-content\/uploads\/2025\/05\/WhatsApp-Image-2025-05-23-at-06.54.55.jpeg","keywords":["regi\u00f3n 96"],"articleSection":["Canc\u00fan"],"inLanguage":"es","potentialAction":[{"@type":"CommentAction","name":"Comment","target":["https:\/\/panoramaciudadano.com\/index.php\/2025\/05\/23\/catean-inmueble-clandestino-en-la-region-96-y-rescatan-a-siete-mujeres-victimas-de-trata\/#respond"]}]},{"@type":"WebPage","@id":"https:\/\/panoramaciudadano.com\/index.php\/2025\/05\/23\/catean-inmueble-clandestino-en-la-region-96-y-rescatan-a-siete-mujeres-victimas-de-trata\/","url":"https:\/\/panoramaciudadano.com\/index.php\/2025\/05\/23\/catean-inmueble-clandestino-en-la-region-96-y-rescatan-a-siete-mujeres-victimas-de-trata\/","name":"Catean inmueble clandestino en la Regi\u00f3n 96 y rescatan a siete mujeres v\u00edctimas de trata - Panorama Ciudadano","isPartOf":{"@id":"https:\/\/panoramaciudadano.com\/#website"},"primaryImageOfPage":{"@id":"https:\/\/panoramaciudadano.com\/index.php\/2025\/05\/23\/catean-inmueble-clandestino-en-la-region-96-y-rescatan-a-siete-mujeres-victimas-de-trata\/#primaryimage"},"image":{"@id":"https:\/\/panoramaciudadano.com\/index.php\/2025\/05\/23\/catean-inmueble-clandestino-en-la-region-96-y-rescatan-a-siete-mujeres-victimas-de-trata\/#primaryimage"},"thumbnailUrl":"https:\/\/panoramaciudadano.com\/wp-content\/uploads\/2025\/05\/WhatsApp-Image-2025-05-23-at-06.54.55.jpeg","datePublished":"2025-05-23T23:23:51+00:00","dateModified":"2025-05-23T23:23:53+00:00","breadcrumb":{"@id":"https:\/\/panoramaciudadano.com\/index.php\/2025\/05\/23\/catean-inmueble-clandestino-en-la-region-96-y-rescatan-a-siete-mujeres-victimas-de-trata\/#breadcrumb"},"inLanguage":"es","potentialAction":[{"@type":"ReadAction","target":["https:\/\/panoramaciudadano.com\/index.php\/2025\/05\/23\/catean-inmueble-clandestino-en-la-region-96-y-rescatan-a-siete-mujeres-victimas-de-trata\/"]}]},{"@type":"ImageObject","inLanguage":"es","@id":"https:\/\/panoramaciudadano.com\/index.php\/2025\/05\/23\/catean-inmueble-clandestino-en-la-region-96-y-rescatan-a-siete-mujeres-victimas-de-trata\/#primaryimage","url":"https:\/\/panoramaciudadano.com\/wp-content\/uploads\/2025\/05\/WhatsApp-Image-2025-05-23-at-06.54.55.jpeg","contentUrl":"https:\/\/panoramaciudadano.com\/wp-content\/uploads\/2025\/05\/WhatsApp-Image-2025-05-23-at-06.54.55.jpeg","width":1280,"height":960},{"@type":"BreadcrumbList","@id":"https:\/\/panoramaciudadano.com\/index.php\/2025\/05\/23\/catean-inmueble-clandestino-en-la-region-96-y-rescatan-a-siete-mujeres-victimas-de-trata\/#breadcrumb","itemListElement":[{"@type":"ListItem","position":1,"name":"Portada","item":"https:\/\/panoramaciudadano.com\/"},{"@type":"ListItem","position":2,"name":"Catean inmueble clandestino en la Regi\u00f3n 96 y rescatan a siete mujeres v\u00edctimas de trata"}]},{"@type":"WebSite","@id":"https:\/\/panoramaciudadano.com\/#website","url":"https:\/\/panoramaciudadano.com\/","name":"Panorama Ciudadano","description":"","publisher":{"@id":"https:\/\/panoramaciudadano.com\/#organization"},"potentialAction":[{"@type":"SearchAction","target":{"@type":"EntryPoint","urlTemplate":"https:\/\/panoramaciudadano.com\/?s={search_term_string}"},"query-input":{"@type":"PropertyValueSpecification","valueRequired":true,"valueName":"search_term_string"}}],"inLanguage":"es"},{"@type":"Organization","@id":"https:\/\/panoramaciudadano.com\/#organization","name":"Panorama Ciudadano","url":"https:\/\/panoramaciudadano.com\/","logo":{"@type":"ImageObject","inLanguage":"es","@id":"https:\/\/panoramaciudadano.com\/#\/schema\/logo\/image\/","url":"https:\/\/panoramaciudadano.com\/wp-content\/uploads\/2024\/05\/401498640_919267042938564_6290593609399108733_n.jpg","contentUrl":"https:\/\/panoramaciudadano.com\/wp-content\/uploads\/2024\/05\/401498640_919267042938564_6290593609399108733_n.jpg","width":960,"height":957,"caption":"Panorama Ciudadano"},"image":{"@id":"https:\/\/panoramaciudadano.com\/#\/schema\/logo\/image\/"},"sameAs":["https:\/\/www.facebook.com\/panoramaciudadano"]},{"@type":"Person","@id":"https:\/\/panoramaciudadano.com\/#\/schema\/person\/ffe9fe8ef47d3a93977b5761fd9e0d96","name":"admin","image":{"@type":"ImageObject","inLanguage":"es","@id":"https:\/\/panoramaciudadano.com\/#\/schema\/person\/image\/","url":"https:\/\/secure.gravatar.com\/avatar\/2d5a12cacce3f18096f25fadea8abb7202fef18ed669595589853e84260ff451?s=96&d=mm&r=g","contentUrl":"https:\/\/secure.gravatar.com\/avatar\/2d5a12cacce3f18096f25fadea8abb7202fef18ed669595589853e84260ff451?s=96&d=mm&r=g","caption":"admin"},"sameAs":["https:\/\/panoramaciudadano.com"],"url":"https:\/\/panoramaciudadano.com\/index.php\/author\/admin_3q6hyqq3\/"}]}},"_links":{"self":[{"href":"https:\/\/panoramaciudadano.com\/index.php\/wp-json\/wp\/v2\/posts\/14421","targetHints":{"allow":["GET"]}}],"collection":[{"href":"https:\/\/panoramaciudadano.com\/index.php\/wp-json\/wp\/v2\/posts"}],"about":[{"href":"https:\/\/panoramaciudadano.com\/index.php\/wp-json\/wp\/v2\/types\/post"}],"author":[{"embeddable":true,"href":"https:\/\/panoramaciudadano.com\/index.php\/wp-json\/wp\/v2\/users\/1"}],"replies":[{"embeddable":true,"href":"https:\/\/panoramaciudadano.com\/index.php\/wp-json\/wp\/v2\/comments?post=14421"}],"version-history":[{"count":1,"href":"https:\/\/panoramaciudadano.com\/index.php\/wp-json\/wp\/v2\/posts\/14421\/revisions"}],"predecessor-version":[{"id":14425,"href":"https:\/\/panoramaciudadano.com\/index.php\/wp-json\/wp\/v2\/posts\/14421\/revisions\/14425"}],"wp:featuredmedia":[{"embeddable":true,"href":"https:\/\/panoramaciudadano.com\/index.php\/wp-json\/wp\/v2\/media\/14424"}],"wp:attachment":[{"href":"https:\/\/panoramaciudadano.com\/index.php\/wp-json\/wp\/v2\/media?parent=14421"}],"wp:term":[{"taxonomy":"category","embeddable":true,"href":"https:\/\/panoramaciudadano.com\/index.php\/wp-json\/wp\/v2\/categories?post=14421"},{"taxonomy":"post_tag","embeddable":true,"href":"https:\/\/panoramaciudadano.com\/index.php\/wp-json\/wp\/v2\/tags?post=14421"}],"curies":[{"name":"wp","href":"https:\/\/api.w.org\/{rel}","templated":true}]}}