{"id":15394,"date":"2025-06-09T13:21:19","date_gmt":"2025-06-09T18:21:19","guid":{"rendered":"https:\/\/panoramaciudadano.com\/?p=15394"},"modified":"2025-06-09T13:21:21","modified_gmt":"2025-06-09T18:21:21","slug":"en-cancun-seguimos-siendo-ejemplo-de-buenas-practicas-publicas-ana-paty-peralta","status":"publish","type":"post","link":"https:\/\/panoramaciudadano.com\/index.php\/2025\/06\/09\/en-cancun-seguimos-siendo-ejemplo-de-buenas-practicas-publicas-ana-paty-peralta\/","title":{"rendered":"EN CANC\u00daN SEGUIMOS SIENDO EJEMPLO DE BUENAS PR\u00c1CTICAS P\u00daBLICAS: ANA PATY PERALTA"},"content":{"rendered":"\n<figure class=\"wp-block-gallery has-nested-images columns-default is-cropped wp-block-gallery-1 is-layout-flex wp-block-gallery-is-layout-flex\">\n<figure class=\"wp-block-image size-large\"><img decoding=\"async\" width=\"600\" height=\"432\" data-id=\"15398\" src=\"https:\/\/panoramaciudadano.com\/wp-content\/uploads\/2025\/06\/2-76.jpeg\" alt=\"\" class=\"wp-image-15398\" srcset=\"https:\/\/panoramaciudadano.com\/wp-content\/uploads\/2025\/06\/2-76.jpeg 600w, https:\/\/panoramaciudadano.com\/wp-content\/uploads\/2025\/06\/2-76-300x216.jpeg 300w\" sizes=\"(max-width: 600px) 100vw, 600px\" \/><\/figure>\n\n\n\n<figure class=\"wp-block-image size-large\"><img decoding=\"async\" width=\"593\" height=\"395\" data-id=\"15396\" src=\"https:\/\/panoramaciudadano.com\/wp-content\/uploads\/2025\/06\/3-68.jpeg\" alt=\"\" class=\"wp-image-15396\" srcset=\"https:\/\/panoramaciudadano.com\/wp-content\/uploads\/2025\/06\/3-68.jpeg 593w, https:\/\/panoramaciudadano.com\/wp-content\/uploads\/2025\/06\/3-68-300x200.jpeg 300w\" sizes=\"(max-width: 593px) 100vw, 593px\" \/><\/figure>\n\n\n\n<figure class=\"wp-block-image size-large\"><img decoding=\"async\" width=\"593\" height=\"395\" data-id=\"15397\" src=\"https:\/\/panoramaciudadano.com\/wp-content\/uploads\/2025\/06\/4-51.jpeg\" alt=\"\" class=\"wp-image-15397\" srcset=\"https:\/\/panoramaciudadano.com\/wp-content\/uploads\/2025\/06\/4-51.jpeg 593w, https:\/\/panoramaciudadano.com\/wp-content\/uploads\/2025\/06\/4-51-300x200.jpeg 300w\" sizes=\"(max-width: 593px) 100vw, 593px\" \/><\/figure>\n\n\n\n<figure class=\"wp-block-image size-large\"><img decoding=\"async\" width=\"600\" height=\"388\" data-id=\"15395\" src=\"https:\/\/panoramaciudadano.com\/wp-content\/uploads\/2025\/06\/WhatsApp-Image-2025-06-09-at-07.40.07.jpeg\" alt=\"\" class=\"wp-image-15395\" srcset=\"https:\/\/panoramaciudadano.com\/wp-content\/uploads\/2025\/06\/WhatsApp-Image-2025-06-09-at-07.40.07.jpeg 600w, https:\/\/panoramaciudadano.com\/wp-content\/uploads\/2025\/06\/WhatsApp-Image-2025-06-09-at-07.40.07-300x194.jpeg 300w\" sizes=\"(max-width: 600px) 100vw, 600px\" \/><\/figure>\n<\/figure>\n\n\n\n<p>Por segunda ocasi\u00f3n consecutiva, el gobierno que encabeza la Presidenta Municipal, Ana Paty Peralta, destaca al obtener un 98.60% en el \u00cdndice Global de Cumplimiento de las Obligaciones de Transparencia (IGCOT), debido a las buenas pr\u00e1cticas p\u00fablicas que se ejercieron durante el 2024, destacando como un referente en este rubro en el estado.<\/p>\n\n\n\n<p>La Alcaldesa celebr\u00f3 esta noticia, pues ha sido el rango m\u00e1s alto en la historia del Ayuntamiento; record\u00f3 que en el ejercicio 2023, se logr\u00f3 un cumplimiento del 93.10% y gracias a la mejora y esfuerzo, en el 2024 se ven resultados positivos.<\/p>\n\n\n\n<p>Adem\u00e1s, reafirm\u00f3 su compromiso de trabajar todos los d\u00edas en construir un gobierno honesto, digital y moderno, que cuente con las plataformas necesarias para garantizar el acceso a la informaci\u00f3n y proseguir siendo ejemplo en este modelo.<\/p>\n\n\n\n<p>Cabe mencionar que este dictamen es realizado por el Instituto de Acceso a la Informaci\u00f3n y Protecci\u00f3n de Datos Personales de Quintana Roo (IDAIPQROO), quienes avalaron que el municipio cumpli\u00f3 con la publicaci\u00f3n y actualizaci\u00f3n de la informaci\u00f3n de sus obligaciones de transparencia comunes y espec\u00edficas respecto a los art\u00edculos 91, 92 y 93 de la Ley de Transparencia y Acceso a la Informaci\u00f3n P\u00fablica para el Estado de Quintana Roo, del Ejercicio 2024, con un IGCOT del 98.60%.<\/p>\n","protected":false},"excerpt":{"rendered":"<p>Ayuntamiento de Benito Ju\u00e1rez alcanza un \u00cdndice Global de Cumplimiento del 98.60% en el ejercicio 2024.<\/p>\n","protected":false},"author":1,"featured_media":15397,"comment_status":"open","ping_status":"closed","sticky":false,"template":"","format":"standard","meta":{"footnotes":""},"categories":[6],"tags":[145],"class_list":["post-15394","post","type-post","status-publish","format-standard","has-post-thumbnail","hentry","category-cancun","tag-ana-paty-peralta"],"yoast_head":"<!-- This site is optimized with the Yoast SEO plugin v27.1.1 - https:\/\/yoast.com\/product\/yoast-seo-wordpress\/ -->\n<title>EN CANC\u00daN SEGUIMOS SIENDO EJEMPLO DE BUENAS PR\u00c1CTICAS P\u00daBLICAS: ANA PATY PERALTA - Panorama Ciudadano<\/title>\n<meta name=\"robots\" content=\"index, follow, max-snippet:-1, max-image-preview:large, max-video-preview:-1\" \/>\n<link rel=\"canonical\" href=\"https:\/\/panoramaciudadano.com\/index.php\/2025\/06\/09\/en-cancun-seguimos-siendo-ejemplo-de-buenas-practicas-publicas-ana-paty-peralta\/\" \/>\n<meta property=\"og:locale\" content=\"es_ES\" \/>\n<meta property=\"og:type\" content=\"article\" \/>\n<meta property=\"og:title\" content=\"EN CANC\u00daN SEGUIMOS SIENDO EJEMPLO DE BUENAS PR\u00c1CTICAS P\u00daBLICAS: ANA PATY PERALTA - Panorama Ciudadano\" \/>\n<meta property=\"og:description\" content=\"Ayuntamiento de Benito Ju\u00e1rez alcanza un \u00cdndice Global de Cumplimiento del 98.60% en el ejercicio 2024.\" \/>\n<meta property=\"og:url\" content=\"https:\/\/panoramaciudadano.com\/index.php\/2025\/06\/09\/en-cancun-seguimos-siendo-ejemplo-de-buenas-practicas-publicas-ana-paty-peralta\/\" \/>\n<meta property=\"og:site_name\" content=\"Panorama Ciudadano\" \/>\n<meta property=\"article:publisher\" content=\"https:\/\/www.facebook.com\/panoramaciudadano\" \/>\n<meta property=\"article:published_time\" content=\"2025-06-09T18:21:19+00:00\" \/>\n<meta property=\"article:modified_time\" content=\"2025-06-09T18:21:21+00:00\" \/>\n<meta property=\"og:image\" content=\"https:\/\/panoramaciudadano.com\/wp-content\/uploads\/2025\/06\/4-51.jpeg\" \/>\n\t<meta property=\"og:image:width\" content=\"593\" \/>\n\t<meta property=\"og:image:height\" content=\"395\" \/>\n\t<meta property=\"og:image:type\" content=\"image\/jpeg\" \/>\n<meta name=\"author\" content=\"admin\" \/>\n<meta name=\"twitter:card\" content=\"summary_large_image\" \/>\n<meta name=\"twitter:label1\" content=\"Escrito por\" \/>\n\t<meta name=\"twitter:data1\" content=\"admin\" \/>\n\t<meta name=\"twitter:label2\" content=\"Tiempo de lectura\" \/>\n\t<meta name=\"twitter:data2\" content=\"2 minutos\" \/>\n<script type=\"application\/ld+json\" class=\"yoast-schema-graph\">{\"@context\":\"https:\/\/schema.org\",\"@graph\":[{\"@type\":\"Article\",\"@id\":\"https:\/\/panoramaciudadano.com\/index.php\/2025\/06\/09\/en-cancun-seguimos-siendo-ejemplo-de-buenas-practicas-publicas-ana-paty-peralta\/#article\",\"isPartOf\":{\"@id\":\"https:\/\/panoramaciudadano.com\/index.php\/2025\/06\/09\/en-cancun-seguimos-siendo-ejemplo-de-buenas-practicas-publicas-ana-paty-peralta\/\"},\"author\":{\"name\":\"admin\",\"@id\":\"https:\/\/panoramaciudadano.com\/#\/schema\/person\/ffe9fe8ef47d3a93977b5761fd9e0d96\"},\"headline\":\"EN CANC\u00daN SEGUIMOS SIENDO EJEMPLO DE BUENAS PR\u00c1CTICAS P\u00daBLICAS: ANA PATY PERALTA\",\"datePublished\":\"2025-06-09T18:21:19+00:00\",\"dateModified\":\"2025-06-09T18:21:21+00:00\",\"mainEntityOfPage\":{\"@id\":\"https:\/\/panoramaciudadano.com\/index.php\/2025\/06\/09\/en-cancun-seguimos-siendo-ejemplo-de-buenas-practicas-publicas-ana-paty-peralta\/\"},\"wordCount\":233,\"commentCount\":0,\"publisher\":{\"@id\":\"https:\/\/panoramaciudadano.com\/#organization\"},\"image\":{\"@id\":\"https:\/\/panoramaciudadano.com\/index.php\/2025\/06\/09\/en-cancun-seguimos-siendo-ejemplo-de-buenas-practicas-publicas-ana-paty-peralta\/#primaryimage\"},\"thumbnailUrl\":\"https:\/\/panoramaciudadano.com\/wp-content\/uploads\/2025\/06\/4-51.jpeg\",\"keywords\":[\"Ana Paty Peralta\"],\"articleSection\":[\"Canc\u00fan\"],\"inLanguage\":\"es\",\"potentialAction\":[{\"@type\":\"CommentAction\",\"name\":\"Comment\",\"target\":[\"https:\/\/panoramaciudadano.com\/index.php\/2025\/06\/09\/en-cancun-seguimos-siendo-ejemplo-de-buenas-practicas-publicas-ana-paty-peralta\/#respond\"]}]},{\"@type\":\"WebPage\",\"@id\":\"https:\/\/panoramaciudadano.com\/index.php\/2025\/06\/09\/en-cancun-seguimos-siendo-ejemplo-de-buenas-practicas-publicas-ana-paty-peralta\/\",\"url\":\"https:\/\/panoramaciudadano.com\/index.php\/2025\/06\/09\/en-cancun-seguimos-siendo-ejemplo-de-buenas-practicas-publicas-ana-paty-peralta\/\",\"name\":\"EN CANC\u00daN SEGUIMOS SIENDO EJEMPLO DE BUENAS PR\u00c1CTICAS P\u00daBLICAS: ANA PATY PERALTA - Panorama Ciudadano\",\"isPartOf\":{\"@id\":\"https:\/\/panoramaciudadano.com\/#website\"},\"primaryImageOfPage\":{\"@id\":\"https:\/\/panoramaciudadano.com\/index.php\/2025\/06\/09\/en-cancun-seguimos-siendo-ejemplo-de-buenas-practicas-publicas-ana-paty-peralta\/#primaryimage\"},\"image\":{\"@id\":\"https:\/\/panoramaciudadano.com\/index.php\/2025\/06\/09\/en-cancun-seguimos-siendo-ejemplo-de-buenas-practicas-publicas-ana-paty-peralta\/#primaryimage\"},\"thumbnailUrl\":\"https:\/\/panoramaciudadano.com\/wp-content\/uploads\/2025\/06\/4-51.jpeg\",\"datePublished\":\"2025-06-09T18:21:19+00:00\",\"dateModified\":\"2025-06-09T18:21:21+00:00\",\"breadcrumb\":{\"@id\":\"https:\/\/panoramaciudadano.com\/index.php\/2025\/06\/09\/en-cancun-seguimos-siendo-ejemplo-de-buenas-practicas-publicas-ana-paty-peralta\/#breadcrumb\"},\"inLanguage\":\"es\",\"potentialAction\":[{\"@type\":\"ReadAction\",\"target\":[\"https:\/\/panoramaciudadano.com\/index.php\/2025\/06\/09\/en-cancun-seguimos-siendo-ejemplo-de-buenas-practicas-publicas-ana-paty-peralta\/\"]}]},{\"@type\":\"ImageObject\",\"inLanguage\":\"es\",\"@id\":\"https:\/\/panoramaciudadano.com\/index.php\/2025\/06\/09\/en-cancun-seguimos-siendo-ejemplo-de-buenas-practicas-publicas-ana-paty-peralta\/#primaryimage\",\"url\":\"https:\/\/panoramaciudadano.com\/wp-content\/uploads\/2025\/06\/4-51.jpeg\",\"contentUrl\":\"https:\/\/panoramaciudadano.com\/wp-content\/uploads\/2025\/06\/4-51.jpeg\",\"width\":593,\"height\":395},{\"@type\":\"BreadcrumbList\",\"@id\":\"https:\/\/panoramaciudadano.com\/index.php\/2025\/06\/09\/en-cancun-seguimos-siendo-ejemplo-de-buenas-practicas-publicas-ana-paty-peralta\/#breadcrumb\",\"itemListElement\":[{\"@type\":\"ListItem\",\"position\":1,\"name\":\"Portada\",\"item\":\"https:\/\/panoramaciudadano.com\/\"},{\"@type\":\"ListItem\",\"position\":2,\"name\":\"EN CANC\u00daN SEGUIMOS SIENDO EJEMPLO DE BUENAS PR\u00c1CTICAS P\u00daBLICAS: ANA PATY PERALTA\"}]},{\"@type\":\"WebSite\",\"@id\":\"https:\/\/panoramaciudadano.com\/#website\",\"url\":\"https:\/\/panoramaciudadano.com\/\",\"name\":\"Panorama Ciudadano\",\"description\":\"\",\"publisher\":{\"@id\":\"https:\/\/panoramaciudadano.com\/#organization\"},\"potentialAction\":[{\"@type\":\"SearchAction\",\"target\":{\"@type\":\"EntryPoint\",\"urlTemplate\":\"https:\/\/panoramaciudadano.com\/?s={search_term_string}\"},\"query-input\":{\"@type\":\"PropertyValueSpecification\",\"valueRequired\":true,\"valueName\":\"search_term_string\"}}],\"inLanguage\":\"es\"},{\"@type\":\"Organization\",\"@id\":\"https:\/\/panoramaciudadano.com\/#organization\",\"name\":\"Panorama Ciudadano\",\"url\":\"https:\/\/panoramaciudadano.com\/\",\"logo\":{\"@type\":\"ImageObject\",\"inLanguage\":\"es\",\"@id\":\"https:\/\/panoramaciudadano.com\/#\/schema\/logo\/image\/\",\"url\":\"https:\/\/panoramaciudadano.com\/wp-content\/uploads\/2024\/05\/401498640_919267042938564_6290593609399108733_n.jpg\",\"contentUrl\":\"https:\/\/panoramaciudadano.com\/wp-content\/uploads\/2024\/05\/401498640_919267042938564_6290593609399108733_n.jpg\",\"width\":960,\"height\":957,\"caption\":\"Panorama Ciudadano\"},\"image\":{\"@id\":\"https:\/\/panoramaciudadano.com\/#\/schema\/logo\/image\/\"},\"sameAs\":[\"https:\/\/www.facebook.com\/panoramaciudadano\"]},{\"@type\":\"Person\",\"@id\":\"https:\/\/panoramaciudadano.com\/#\/schema\/person\/ffe9fe8ef47d3a93977b5761fd9e0d96\",\"name\":\"admin\",\"image\":{\"@type\":\"ImageObject\",\"inLanguage\":\"es\",\"@id\":\"https:\/\/panoramaciudadano.com\/#\/schema\/person\/image\/\",\"url\":\"https:\/\/secure.gravatar.com\/avatar\/2d5a12cacce3f18096f25fadea8abb7202fef18ed669595589853e84260ff451?s=96&d=mm&r=g\",\"contentUrl\":\"https:\/\/secure.gravatar.com\/avatar\/2d5a12cacce3f18096f25fadea8abb7202fef18ed669595589853e84260ff451?s=96&d=mm&r=g\",\"caption\":\"admin\"},\"sameAs\":[\"https:\/\/panoramaciudadano.com\"],\"url\":\"https:\/\/panoramaciudadano.com\/index.php\/author\/admin_3q6hyqq3\/\"}]}<\/script>\n<!-- \/ Yoast SEO plugin. -->","yoast_head_json":{"title":"EN CANC\u00daN SEGUIMOS SIENDO EJEMPLO DE BUENAS PR\u00c1CTICAS P\u00daBLICAS: ANA PATY PERALTA - Panorama Ciudadano","robots":{"index":"index","follow":"follow","max-snippet":"max-snippet:-1","max-image-preview":"max-image-preview:large","max-video-preview":"max-video-preview:-1"},"canonical":"https:\/\/panoramaciudadano.com\/index.php\/2025\/06\/09\/en-cancun-seguimos-siendo-ejemplo-de-buenas-practicas-publicas-ana-paty-peralta\/","og_locale":"es_ES","og_type":"article","og_title":"EN CANC\u00daN SEGUIMOS SIENDO EJEMPLO DE BUENAS PR\u00c1CTICAS P\u00daBLICAS: ANA PATY PERALTA - Panorama Ciudadano","og_description":"Ayuntamiento de Benito Ju\u00e1rez alcanza un \u00cdndice Global de Cumplimiento del 98.60% en el ejercicio 2024.","og_url":"https:\/\/panoramaciudadano.com\/index.php\/2025\/06\/09\/en-cancun-seguimos-siendo-ejemplo-de-buenas-practicas-publicas-ana-paty-peralta\/","og_site_name":"Panorama Ciudadano","article_publisher":"https:\/\/www.facebook.com\/panoramaciudadano","article_published_time":"2025-06-09T18:21:19+00:00","article_modified_time":"2025-06-09T18:21:21+00:00","og_image":[{"width":593,"height":395,"url":"https:\/\/panoramaciudadano.com\/wp-content\/uploads\/2025\/06\/4-51.jpeg","type":"image\/jpeg"}],"author":"admin","twitter_card":"summary_large_image","twitter_misc":{"Escrito por":"admin","Tiempo de lectura":"2 minutos"},"schema":{"@context":"https:\/\/schema.org","@graph":[{"@type":"Article","@id":"https:\/\/panoramaciudadano.com\/index.php\/2025\/06\/09\/en-cancun-seguimos-siendo-ejemplo-de-buenas-practicas-publicas-ana-paty-peralta\/#article","isPartOf":{"@id":"https:\/\/panoramaciudadano.com\/index.php\/2025\/06\/09\/en-cancun-seguimos-siendo-ejemplo-de-buenas-practicas-publicas-ana-paty-peralta\/"},"author":{"name":"admin","@id":"https:\/\/panoramaciudadano.com\/#\/schema\/person\/ffe9fe8ef47d3a93977b5761fd9e0d96"},"headline":"EN CANC\u00daN SEGUIMOS SIENDO EJEMPLO DE BUENAS PR\u00c1CTICAS P\u00daBLICAS: ANA PATY PERALTA","datePublished":"2025-06-09T18:21:19+00:00","dateModified":"2025-06-09T18:21:21+00:00","mainEntityOfPage":{"@id":"https:\/\/panoramaciudadano.com\/index.php\/2025\/06\/09\/en-cancun-seguimos-siendo-ejemplo-de-buenas-practicas-publicas-ana-paty-peralta\/"},"wordCount":233,"commentCount":0,"publisher":{"@id":"https:\/\/panoramaciudadano.com\/#organization"},"image":{"@id":"https:\/\/panoramaciudadano.com\/index.php\/2025\/06\/09\/en-cancun-seguimos-siendo-ejemplo-de-buenas-practicas-publicas-ana-paty-peralta\/#primaryimage"},"thumbnailUrl":"https:\/\/panoramaciudadano.com\/wp-content\/uploads\/2025\/06\/4-51.jpeg","keywords":["Ana Paty Peralta"],"articleSection":["Canc\u00fan"],"inLanguage":"es","potentialAction":[{"@type":"CommentAction","name":"Comment","target":["https:\/\/panoramaciudadano.com\/index.php\/2025\/06\/09\/en-cancun-seguimos-siendo-ejemplo-de-buenas-practicas-publicas-ana-paty-peralta\/#respond"]}]},{"@type":"WebPage","@id":"https:\/\/panoramaciudadano.com\/index.php\/2025\/06\/09\/en-cancun-seguimos-siendo-ejemplo-de-buenas-practicas-publicas-ana-paty-peralta\/","url":"https:\/\/panoramaciudadano.com\/index.php\/2025\/06\/09\/en-cancun-seguimos-siendo-ejemplo-de-buenas-practicas-publicas-ana-paty-peralta\/","name":"EN CANC\u00daN SEGUIMOS SIENDO EJEMPLO DE BUENAS PR\u00c1CTICAS P\u00daBLICAS: ANA PATY PERALTA - Panorama Ciudadano","isPartOf":{"@id":"https:\/\/panoramaciudadano.com\/#website"},"primaryImageOfPage":{"@id":"https:\/\/panoramaciudadano.com\/index.php\/2025\/06\/09\/en-cancun-seguimos-siendo-ejemplo-de-buenas-practicas-publicas-ana-paty-peralta\/#primaryimage"},"image":{"@id":"https:\/\/panoramaciudadano.com\/index.php\/2025\/06\/09\/en-cancun-seguimos-siendo-ejemplo-de-buenas-practicas-publicas-ana-paty-peralta\/#primaryimage"},"thumbnailUrl":"https:\/\/panoramaciudadano.com\/wp-content\/uploads\/2025\/06\/4-51.jpeg","datePublished":"2025-06-09T18:21:19+00:00","dateModified":"2025-06-09T18:21:21+00:00","breadcrumb":{"@id":"https:\/\/panoramaciudadano.com\/index.php\/2025\/06\/09\/en-cancun-seguimos-siendo-ejemplo-de-buenas-practicas-publicas-ana-paty-peralta\/#breadcrumb"},"inLanguage":"es","potentialAction":[{"@type":"ReadAction","target":["https:\/\/panoramaciudadano.com\/index.php\/2025\/06\/09\/en-cancun-seguimos-siendo-ejemplo-de-buenas-practicas-publicas-ana-paty-peralta\/"]}]},{"@type":"ImageObject","inLanguage":"es","@id":"https:\/\/panoramaciudadano.com\/index.php\/2025\/06\/09\/en-cancun-seguimos-siendo-ejemplo-de-buenas-practicas-publicas-ana-paty-peralta\/#primaryimage","url":"https:\/\/panoramaciudadano.com\/wp-content\/uploads\/2025\/06\/4-51.jpeg","contentUrl":"https:\/\/panoramaciudadano.com\/wp-content\/uploads\/2025\/06\/4-51.jpeg","width":593,"height":395},{"@type":"BreadcrumbList","@id":"https:\/\/panoramaciudadano.com\/index.php\/2025\/06\/09\/en-cancun-seguimos-siendo-ejemplo-de-buenas-practicas-publicas-ana-paty-peralta\/#breadcrumb","itemListElement":[{"@type":"ListItem","position":1,"name":"Portada","item":"https:\/\/panoramaciudadano.com\/"},{"@type":"ListItem","position":2,"name":"EN CANC\u00daN SEGUIMOS SIENDO EJEMPLO DE BUENAS PR\u00c1CTICAS P\u00daBLICAS: ANA PATY PERALTA"}]},{"@type":"WebSite","@id":"https:\/\/panoramaciudadano.com\/#website","url":"https:\/\/panoramaciudadano.com\/","name":"Panorama Ciudadano","description":"","publisher":{"@id":"https:\/\/panoramaciudadano.com\/#organization"},"potentialAction":[{"@type":"SearchAction","target":{"@type":"EntryPoint","urlTemplate":"https:\/\/panoramaciudadano.com\/?s={search_term_string}"},"query-input":{"@type":"PropertyValueSpecification","valueRequired":true,"valueName":"search_term_string"}}],"inLanguage":"es"},{"@type":"Organization","@id":"https:\/\/panoramaciudadano.com\/#organization","name":"Panorama Ciudadano","url":"https:\/\/panoramaciudadano.com\/","logo":{"@type":"ImageObject","inLanguage":"es","@id":"https:\/\/panoramaciudadano.com\/#\/schema\/logo\/image\/","url":"https:\/\/panoramaciudadano.com\/wp-content\/uploads\/2024\/05\/401498640_919267042938564_6290593609399108733_n.jpg","contentUrl":"https:\/\/panoramaciudadano.com\/wp-content\/uploads\/2024\/05\/401498640_919267042938564_6290593609399108733_n.jpg","width":960,"height":957,"caption":"Panorama Ciudadano"},"image":{"@id":"https:\/\/panoramaciudadano.com\/#\/schema\/logo\/image\/"},"sameAs":["https:\/\/www.facebook.com\/panoramaciudadano"]},{"@type":"Person","@id":"https:\/\/panoramaciudadano.com\/#\/schema\/person\/ffe9fe8ef47d3a93977b5761fd9e0d96","name":"admin","image":{"@type":"ImageObject","inLanguage":"es","@id":"https:\/\/panoramaciudadano.com\/#\/schema\/person\/image\/","url":"https:\/\/secure.gravatar.com\/avatar\/2d5a12cacce3f18096f25fadea8abb7202fef18ed669595589853e84260ff451?s=96&d=mm&r=g","contentUrl":"https:\/\/secure.gravatar.com\/avatar\/2d5a12cacce3f18096f25fadea8abb7202fef18ed669595589853e84260ff451?s=96&d=mm&r=g","caption":"admin"},"sameAs":["https:\/\/panoramaciudadano.com"],"url":"https:\/\/panoramaciudadano.com\/index.php\/author\/admin_3q6hyqq3\/"}]}},"_links":{"self":[{"href":"https:\/\/panoramaciudadano.com\/index.php\/wp-json\/wp\/v2\/posts\/15394","targetHints":{"allow":["GET"]}}],"collection":[{"href":"https:\/\/panoramaciudadano.com\/index.php\/wp-json\/wp\/v2\/posts"}],"about":[{"href":"https:\/\/panoramaciudadano.com\/index.php\/wp-json\/wp\/v2\/types\/post"}],"author":[{"embeddable":true,"href":"https:\/\/panoramaciudadano.com\/index.php\/wp-json\/wp\/v2\/users\/1"}],"replies":[{"embeddable":true,"href":"https:\/\/panoramaciudadano.com\/index.php\/wp-json\/wp\/v2\/comments?post=15394"}],"version-history":[{"count":1,"href":"https:\/\/panoramaciudadano.com\/index.php\/wp-json\/wp\/v2\/posts\/15394\/revisions"}],"predecessor-version":[{"id":15399,"href":"https:\/\/panoramaciudadano.com\/index.php\/wp-json\/wp\/v2\/posts\/15394\/revisions\/15399"}],"wp:featuredmedia":[{"embeddable":true,"href":"https:\/\/panoramaciudadano.com\/index.php\/wp-json\/wp\/v2\/media\/15397"}],"wp:attachment":[{"href":"https:\/\/panoramaciudadano.com\/index.php\/wp-json\/wp\/v2\/media?parent=15394"}],"wp:term":[{"taxonomy":"category","embeddable":true,"href":"https:\/\/panoramaciudadano.com\/index.php\/wp-json\/wp\/v2\/categories?post=15394"},{"taxonomy":"post_tag","embeddable":true,"href":"https:\/\/panoramaciudadano.com\/index.php\/wp-json\/wp\/v2\/tags?post=15394"}],"curies":[{"name":"wp","href":"https:\/\/api.w.org\/{rel}","templated":true}]}}