{"id":15420,"date":"2025-06-09T13:29:27","date_gmt":"2025-06-09T18:29:27","guid":{"rendered":"https:\/\/panoramaciudadano.com\/?p=15420"},"modified":"2025-06-09T13:29:29","modified_gmt":"2025-06-09T18:29:29","slug":"logran-ciudadania-y-autoridades-cruce-seguro-en-la-avenida-135-y-127-de-cancun","status":"publish","type":"post","link":"https:\/\/panoramaciudadano.com\/index.php\/2025\/06\/09\/logran-ciudadania-y-autoridades-cruce-seguro-en-la-avenida-135-y-127-de-cancun\/","title":{"rendered":"Logran ciudadan\u00eda y autoridades cruce seguro en la avenida 135 y 127 de Canc\u00fan"},"content":{"rendered":"\n<figure class=\"wp-block-gallery has-nested-images columns-default is-cropped wp-block-gallery-1 is-layout-flex wp-block-gallery-is-layout-flex\">\n<figure class=\"wp-block-image size-large\"><img decoding=\"async\" width=\"1024\" height=\"683\" data-id=\"15424\" src=\"https:\/\/panoramaciudadano.com\/wp-content\/uploads\/2025\/06\/2-79-1024x683.jpeg\" alt=\"\" class=\"wp-image-15424\" srcset=\"https:\/\/panoramaciudadano.com\/wp-content\/uploads\/2025\/06\/2-79-1024x683.jpeg 1024w, https:\/\/panoramaciudadano.com\/wp-content\/uploads\/2025\/06\/2-79-300x200.jpeg 300w, https:\/\/panoramaciudadano.com\/wp-content\/uploads\/2025\/06\/2-79-768x512.jpeg 768w, https:\/\/panoramaciudadano.com\/wp-content\/uploads\/2025\/06\/2-79-1536x1024.jpeg 1536w, https:\/\/panoramaciudadano.com\/wp-content\/uploads\/2025\/06\/2-79.jpeg 1600w\" sizes=\"(max-width: 1024px) 100vw, 1024px\" \/><\/figure>\n\n\n\n<figure class=\"wp-block-image size-large\"><img decoding=\"async\" width=\"1024\" height=\"589\" data-id=\"15425\" src=\"https:\/\/panoramaciudadano.com\/wp-content\/uploads\/2025\/06\/3-71-1024x589.jpeg\" alt=\"\" class=\"wp-image-15425\" srcset=\"https:\/\/panoramaciudadano.com\/wp-content\/uploads\/2025\/06\/3-71-1024x589.jpeg 1024w, https:\/\/panoramaciudadano.com\/wp-content\/uploads\/2025\/06\/3-71-300x173.jpeg 300w, https:\/\/panoramaciudadano.com\/wp-content\/uploads\/2025\/06\/3-71-768x442.jpeg 768w, https:\/\/panoramaciudadano.com\/wp-content\/uploads\/2025\/06\/3-71-1536x883.jpeg 1536w, https:\/\/panoramaciudadano.com\/wp-content\/uploads\/2025\/06\/3-71.jpeg 1600w\" sizes=\"(max-width: 1024px) 100vw, 1024px\" \/><\/figure>\n\n\n\n<figure class=\"wp-block-image size-large\"><img decoding=\"async\" width=\"1024\" height=\"592\" data-id=\"15423\" src=\"https:\/\/panoramaciudadano.com\/wp-content\/uploads\/2025\/06\/4-54-1024x592.jpeg\" alt=\"\" class=\"wp-image-15423\" srcset=\"https:\/\/panoramaciudadano.com\/wp-content\/uploads\/2025\/06\/4-54-1024x592.jpeg 1024w, https:\/\/panoramaciudadano.com\/wp-content\/uploads\/2025\/06\/4-54-300x173.jpeg 300w, https:\/\/panoramaciudadano.com\/wp-content\/uploads\/2025\/06\/4-54-768x444.jpeg 768w, https:\/\/panoramaciudadano.com\/wp-content\/uploads\/2025\/06\/4-54-1536x888.jpeg 1536w, https:\/\/panoramaciudadano.com\/wp-content\/uploads\/2025\/06\/4-54.jpeg 1600w\" sizes=\"(max-width: 1024px) 100vw, 1024px\" \/><\/figure>\n\n\n\n<figure class=\"wp-block-image size-large\"><img decoding=\"async\" width=\"1024\" height=\"683\" data-id=\"15422\" src=\"https:\/\/panoramaciudadano.com\/wp-content\/uploads\/2025\/06\/5-22-1024x683.jpeg\" alt=\"\" class=\"wp-image-15422\" srcset=\"https:\/\/panoramaciudadano.com\/wp-content\/uploads\/2025\/06\/5-22-1024x683.jpeg 1024w, https:\/\/panoramaciudadano.com\/wp-content\/uploads\/2025\/06\/5-22-300x200.jpeg 300w, https:\/\/panoramaciudadano.com\/wp-content\/uploads\/2025\/06\/5-22-768x512.jpeg 768w, https:\/\/panoramaciudadano.com\/wp-content\/uploads\/2025\/06\/5-22-1536x1024.jpeg 1536w, https:\/\/panoramaciudadano.com\/wp-content\/uploads\/2025\/06\/5-22.jpeg 1600w\" sizes=\"(max-width: 1024px) 100vw, 1024px\" \/><\/figure>\n\n\n\n<figure class=\"wp-block-image size-large\"><img decoding=\"async\" width=\"1024\" height=\"656\" data-id=\"15421\" src=\"https:\/\/panoramaciudadano.com\/wp-content\/uploads\/2025\/06\/WhatsApp-Image-2025-06-09-at-08.10.54-1024x656.jpeg\" alt=\"\" class=\"wp-image-15421\" srcset=\"https:\/\/panoramaciudadano.com\/wp-content\/uploads\/2025\/06\/WhatsApp-Image-2025-06-09-at-08.10.54-1024x656.jpeg 1024w, https:\/\/panoramaciudadano.com\/wp-content\/uploads\/2025\/06\/WhatsApp-Image-2025-06-09-at-08.10.54-300x192.jpeg 300w, https:\/\/panoramaciudadano.com\/wp-content\/uploads\/2025\/06\/WhatsApp-Image-2025-06-09-at-08.10.54-768x492.jpeg 768w, https:\/\/panoramaciudadano.com\/wp-content\/uploads\/2025\/06\/WhatsApp-Image-2025-06-09-at-08.10.54-1536x984.jpeg 1536w, https:\/\/panoramaciudadano.com\/wp-content\/uploads\/2025\/06\/WhatsApp-Image-2025-06-09-at-08.10.54.jpeg 1600w\" sizes=\"(max-width: 1024px) 100vw, 1024px\" \/><\/figure>\n<\/figure>\n\n\n\n<p>-Se prev\u00e9 que la obra est\u00e9 finalizada para el 20 de junio<\/p>\n\n\n\n<p>-La seguridad peatonal es una prioridad y este cruce semaforizado es el inicio de una estrategia para mejorar la movilidad urbana en Canc\u00fan<\/p>\n\n\n\n<p>Canc\u00fan.- El cruce seguro y la colocaci\u00f3n de sem\u00e1foros entre la avenida 135 y 127 en el pol\u00edgono sur de Canc\u00fan estar\u00e1 listo en la tercera semana de junio.<\/p>\n\n\n\n<p>Los trabajos de semaforizaci\u00f3n iniciaron el pasado 2 de junio como resultado de la uni\u00f3n entre vecinos, empresas y autoridades municipales, en respuesta al tr\u00e1gico accidente ocurrido el pasado 10 de marzo, donde un motociclista perdi\u00f3 la vida tras ser embestido por un autom\u00f3vil.<\/p>\n\n\n\n<p>El incidente, que conmocion\u00f3 a la comunidad de diversos fraccionamientos del sur de la ciudad, fue el detonante para medidas urgentes de seguridad vial en especial para los peatones.<\/p>\n\n\n\n<p>Los vecinos fueron escuchados por las autoridades, quienes respaldaron su demanda e implementaron las medidas necesarias para garantizar la seguridad de peatones, ciclistas, motociclistas y automovilistas.<\/p>\n\n\n\n<p>Para el gobierno estatal, a trav\u00e9s del Instituto de Movilidad del Estado de Quintana Roo,<br>(IMOVEQROO) as\u00ed como para el Instituto de Planeaci\u00f3n para el Desarrollo Urbano Municipal (IMPLAN Canc\u00fan) la seguridad peatonal es una prioridad y este cruce semaforizado es solo el inicio de una estrategia m\u00e1s amplia para mejorar la movilidad urbana en Canc\u00fan y salvar vidas, as\u00ed lo se\u00f1alaron los titulares de ambos organismos Rafael Hern\u00e1ndez Kotasek y H\u00e9ctor Sanchez Tirado, respectivamente.<\/p>\n\n\n\n<p>De acuerdo con informaci\u00f3n del Ayuntamiento, se prev\u00e9 que concluyan antes del 20 de junio. Las adecuaciones incluyen canalizaci\u00f3n, se\u00f1alizaci\u00f3n, colocaci\u00f3n de reductores de velocidad y vigilancia vial reforzada, todo con el objetivo de reducir los siniestros viales en esta peligrosa intersecci\u00f3n.<\/p>\n\n\n\n<p>Con esta acci\u00f3n, queda demostrada la fuerza de la organizaci\u00f3n ciudadana y la voluntad pol\u00edtica cuando confluyen en un objetivo com\u00fan: proteger la vida de las personas, por lo tanto se seguir\u00e1 atendiendo otros puntos cr\u00edticos en la ciudad que a\u00fan carecen de infraestructura vial adecuada.<\/p>\n\n\n\n<p>Por su parte, el secretario general del Ayuntamiento, Pablo Guti\u00e9rrez Fern\u00e1ndez, y representantes de las empresas desarrolladoras Sadasi y Promotora Residencial, acordaron la instalaci\u00f3n inmediata de sem\u00e1foros, la remodelaci\u00f3n de banquetas y la adecuaci\u00f3n de cruces peatonales seguros.<\/p>\n\n\n\n<p>El tr\u00e1gico accidente de marzo involucr\u00f3 a un joven de 17 a\u00f1os que conduc\u00eda un veh\u00edculo prestado por una agencia automotriz, el menor de edad embisti\u00f3 a un motociclista que intent\u00f3 incorporarse a la v\u00eda preferencial, el impacto fue brutal y el conductor de la motocicleta perdi\u00f3 la vida en el lugar.<\/p>\n\n\n\n<p>Con estas acciones de trabajo coordinado se sigue el ejemplo de la gobernadora Mara Lezama Espinosa, para garantizar un servicio de calidad y fortalecer la seguridad de las y los ciudadanos como se establece en el Nuevo Acuerdo por el Bienestar y Desarrollo de Quintana Roo.<\/p>\n","protected":false},"excerpt":{"rendered":"<p>Se prev\u00e9 que la obra est\u00e9 finalizada para el 20 de junio.<\/p>\n","protected":false},"author":1,"featured_media":15425,"comment_status":"open","ping_status":"closed","sticky":false,"template":"","format":"standard","meta":{"footnotes":""},"categories":[6],"tags":[2461,1845],"class_list":["post-15420","post","type-post","status-publish","format-standard","has-post-thumbnail","hentry","category-cancun","tag-avenida-127","tag-avenida-135"],"yoast_head":"<!-- This site is optimized with the Yoast SEO plugin v27.1.1 - https:\/\/yoast.com\/product\/yoast-seo-wordpress\/ -->\n<title>Logran ciudadan\u00eda y autoridades cruce seguro en la avenida 135 y 127 de Canc\u00fan - Panorama Ciudadano<\/title>\n<meta name=\"robots\" content=\"index, follow, max-snippet:-1, max-image-preview:large, max-video-preview:-1\" \/>\n<link rel=\"canonical\" href=\"https:\/\/panoramaciudadano.com\/index.php\/2025\/06\/09\/logran-ciudadania-y-autoridades-cruce-seguro-en-la-avenida-135-y-127-de-cancun\/\" \/>\n<meta property=\"og:locale\" content=\"es_ES\" \/>\n<meta property=\"og:type\" content=\"article\" \/>\n<meta property=\"og:title\" content=\"Logran ciudadan\u00eda y autoridades cruce seguro en la avenida 135 y 127 de Canc\u00fan - Panorama Ciudadano\" \/>\n<meta property=\"og:description\" content=\"Se prev\u00e9 que la obra est\u00e9 finalizada para el 20 de junio.\" \/>\n<meta property=\"og:url\" content=\"https:\/\/panoramaciudadano.com\/index.php\/2025\/06\/09\/logran-ciudadania-y-autoridades-cruce-seguro-en-la-avenida-135-y-127-de-cancun\/\" \/>\n<meta property=\"og:site_name\" content=\"Panorama Ciudadano\" \/>\n<meta property=\"article:publisher\" content=\"https:\/\/www.facebook.com\/panoramaciudadano\" \/>\n<meta property=\"article:published_time\" content=\"2025-06-09T18:29:27+00:00\" \/>\n<meta property=\"article:modified_time\" content=\"2025-06-09T18:29:29+00:00\" \/>\n<meta property=\"og:image\" content=\"https:\/\/panoramaciudadano.com\/wp-content\/uploads\/2025\/06\/3-71.jpeg\" \/>\n\t<meta property=\"og:image:width\" content=\"1600\" \/>\n\t<meta property=\"og:image:height\" content=\"920\" \/>\n\t<meta property=\"og:image:type\" content=\"image\/jpeg\" \/>\n<meta name=\"author\" content=\"admin\" \/>\n<meta name=\"twitter:card\" content=\"summary_large_image\" \/>\n<meta name=\"twitter:label1\" content=\"Escrito por\" \/>\n\t<meta name=\"twitter:data1\" content=\"admin\" \/>\n\t<meta name=\"twitter:label2\" content=\"Tiempo de lectura\" \/>\n\t<meta name=\"twitter:data2\" content=\"4 minutos\" \/>\n<script type=\"application\/ld+json\" class=\"yoast-schema-graph\">{\"@context\":\"https:\/\/schema.org\",\"@graph\":[{\"@type\":\"Article\",\"@id\":\"https:\/\/panoramaciudadano.com\/index.php\/2025\/06\/09\/logran-ciudadania-y-autoridades-cruce-seguro-en-la-avenida-135-y-127-de-cancun\/#article\",\"isPartOf\":{\"@id\":\"https:\/\/panoramaciudadano.com\/index.php\/2025\/06\/09\/logran-ciudadania-y-autoridades-cruce-seguro-en-la-avenida-135-y-127-de-cancun\/\"},\"author\":{\"name\":\"admin\",\"@id\":\"https:\/\/panoramaciudadano.com\/#\/schema\/person\/ffe9fe8ef47d3a93977b5761fd9e0d96\"},\"headline\":\"Logran ciudadan\u00eda y autoridades cruce seguro en la avenida 135 y 127 de Canc\u00fan\",\"datePublished\":\"2025-06-09T18:29:27+00:00\",\"dateModified\":\"2025-06-09T18:29:29+00:00\",\"mainEntityOfPage\":{\"@id\":\"https:\/\/panoramaciudadano.com\/index.php\/2025\/06\/09\/logran-ciudadania-y-autoridades-cruce-seguro-en-la-avenida-135-y-127-de-cancun\/\"},\"wordCount\":511,\"commentCount\":0,\"publisher\":{\"@id\":\"https:\/\/panoramaciudadano.com\/#organization\"},\"image\":{\"@id\":\"https:\/\/panoramaciudadano.com\/index.php\/2025\/06\/09\/logran-ciudadania-y-autoridades-cruce-seguro-en-la-avenida-135-y-127-de-cancun\/#primaryimage\"},\"thumbnailUrl\":\"https:\/\/panoramaciudadano.com\/wp-content\/uploads\/2025\/06\/3-71.jpeg\",\"keywords\":[\"avenida 127\",\"avenida 135\"],\"articleSection\":[\"Canc\u00fan\"],\"inLanguage\":\"es\",\"potentialAction\":[{\"@type\":\"CommentAction\",\"name\":\"Comment\",\"target\":[\"https:\/\/panoramaciudadano.com\/index.php\/2025\/06\/09\/logran-ciudadania-y-autoridades-cruce-seguro-en-la-avenida-135-y-127-de-cancun\/#respond\"]}]},{\"@type\":\"WebPage\",\"@id\":\"https:\/\/panoramaciudadano.com\/index.php\/2025\/06\/09\/logran-ciudadania-y-autoridades-cruce-seguro-en-la-avenida-135-y-127-de-cancun\/\",\"url\":\"https:\/\/panoramaciudadano.com\/index.php\/2025\/06\/09\/logran-ciudadania-y-autoridades-cruce-seguro-en-la-avenida-135-y-127-de-cancun\/\",\"name\":\"Logran ciudadan\u00eda y autoridades cruce seguro en la avenida 135 y 127 de Canc\u00fan - Panorama Ciudadano\",\"isPartOf\":{\"@id\":\"https:\/\/panoramaciudadano.com\/#website\"},\"primaryImageOfPage\":{\"@id\":\"https:\/\/panoramaciudadano.com\/index.php\/2025\/06\/09\/logran-ciudadania-y-autoridades-cruce-seguro-en-la-avenida-135-y-127-de-cancun\/#primaryimage\"},\"image\":{\"@id\":\"https:\/\/panoramaciudadano.com\/index.php\/2025\/06\/09\/logran-ciudadania-y-autoridades-cruce-seguro-en-la-avenida-135-y-127-de-cancun\/#primaryimage\"},\"thumbnailUrl\":\"https:\/\/panoramaciudadano.com\/wp-content\/uploads\/2025\/06\/3-71.jpeg\",\"datePublished\":\"2025-06-09T18:29:27+00:00\",\"dateModified\":\"2025-06-09T18:29:29+00:00\",\"breadcrumb\":{\"@id\":\"https:\/\/panoramaciudadano.com\/index.php\/2025\/06\/09\/logran-ciudadania-y-autoridades-cruce-seguro-en-la-avenida-135-y-127-de-cancun\/#breadcrumb\"},\"inLanguage\":\"es\",\"potentialAction\":[{\"@type\":\"ReadAction\",\"target\":[\"https:\/\/panoramaciudadano.com\/index.php\/2025\/06\/09\/logran-ciudadania-y-autoridades-cruce-seguro-en-la-avenida-135-y-127-de-cancun\/\"]}]},{\"@type\":\"ImageObject\",\"inLanguage\":\"es\",\"@id\":\"https:\/\/panoramaciudadano.com\/index.php\/2025\/06\/09\/logran-ciudadania-y-autoridades-cruce-seguro-en-la-avenida-135-y-127-de-cancun\/#primaryimage\",\"url\":\"https:\/\/panoramaciudadano.com\/wp-content\/uploads\/2025\/06\/3-71.jpeg\",\"contentUrl\":\"https:\/\/panoramaciudadano.com\/wp-content\/uploads\/2025\/06\/3-71.jpeg\",\"width\":1600,\"height\":920},{\"@type\":\"BreadcrumbList\",\"@id\":\"https:\/\/panoramaciudadano.com\/index.php\/2025\/06\/09\/logran-ciudadania-y-autoridades-cruce-seguro-en-la-avenida-135-y-127-de-cancun\/#breadcrumb\",\"itemListElement\":[{\"@type\":\"ListItem\",\"position\":1,\"name\":\"Portada\",\"item\":\"https:\/\/panoramaciudadano.com\/\"},{\"@type\":\"ListItem\",\"position\":2,\"name\":\"Logran ciudadan\u00eda y autoridades cruce seguro en la avenida 135 y 127 de Canc\u00fan\"}]},{\"@type\":\"WebSite\",\"@id\":\"https:\/\/panoramaciudadano.com\/#website\",\"url\":\"https:\/\/panoramaciudadano.com\/\",\"name\":\"Panorama Ciudadano\",\"description\":\"\",\"publisher\":{\"@id\":\"https:\/\/panoramaciudadano.com\/#organization\"},\"potentialAction\":[{\"@type\":\"SearchAction\",\"target\":{\"@type\":\"EntryPoint\",\"urlTemplate\":\"https:\/\/panoramaciudadano.com\/?s={search_term_string}\"},\"query-input\":{\"@type\":\"PropertyValueSpecification\",\"valueRequired\":true,\"valueName\":\"search_term_string\"}}],\"inLanguage\":\"es\"},{\"@type\":\"Organization\",\"@id\":\"https:\/\/panoramaciudadano.com\/#organization\",\"name\":\"Panorama Ciudadano\",\"url\":\"https:\/\/panoramaciudadano.com\/\",\"logo\":{\"@type\":\"ImageObject\",\"inLanguage\":\"es\",\"@id\":\"https:\/\/panoramaciudadano.com\/#\/schema\/logo\/image\/\",\"url\":\"https:\/\/panoramaciudadano.com\/wp-content\/uploads\/2024\/05\/401498640_919267042938564_6290593609399108733_n.jpg\",\"contentUrl\":\"https:\/\/panoramaciudadano.com\/wp-content\/uploads\/2024\/05\/401498640_919267042938564_6290593609399108733_n.jpg\",\"width\":960,\"height\":957,\"caption\":\"Panorama Ciudadano\"},\"image\":{\"@id\":\"https:\/\/panoramaciudadano.com\/#\/schema\/logo\/image\/\"},\"sameAs\":[\"https:\/\/www.facebook.com\/panoramaciudadano\"]},{\"@type\":\"Person\",\"@id\":\"https:\/\/panoramaciudadano.com\/#\/schema\/person\/ffe9fe8ef47d3a93977b5761fd9e0d96\",\"name\":\"admin\",\"image\":{\"@type\":\"ImageObject\",\"inLanguage\":\"es\",\"@id\":\"https:\/\/panoramaciudadano.com\/#\/schema\/person\/image\/\",\"url\":\"https:\/\/secure.gravatar.com\/avatar\/2d5a12cacce3f18096f25fadea8abb7202fef18ed669595589853e84260ff451?s=96&d=mm&r=g\",\"contentUrl\":\"https:\/\/secure.gravatar.com\/avatar\/2d5a12cacce3f18096f25fadea8abb7202fef18ed669595589853e84260ff451?s=96&d=mm&r=g\",\"caption\":\"admin\"},\"sameAs\":[\"https:\/\/panoramaciudadano.com\"],\"url\":\"https:\/\/panoramaciudadano.com\/index.php\/author\/admin_3q6hyqq3\/\"}]}<\/script>\n<!-- \/ Yoast SEO plugin. -->","yoast_head_json":{"title":"Logran ciudadan\u00eda y autoridades cruce seguro en la avenida 135 y 127 de Canc\u00fan - Panorama Ciudadano","robots":{"index":"index","follow":"follow","max-snippet":"max-snippet:-1","max-image-preview":"max-image-preview:large","max-video-preview":"max-video-preview:-1"},"canonical":"https:\/\/panoramaciudadano.com\/index.php\/2025\/06\/09\/logran-ciudadania-y-autoridades-cruce-seguro-en-la-avenida-135-y-127-de-cancun\/","og_locale":"es_ES","og_type":"article","og_title":"Logran ciudadan\u00eda y autoridades cruce seguro en la avenida 135 y 127 de Canc\u00fan - Panorama Ciudadano","og_description":"Se prev\u00e9 que la obra est\u00e9 finalizada para el 20 de junio.","og_url":"https:\/\/panoramaciudadano.com\/index.php\/2025\/06\/09\/logran-ciudadania-y-autoridades-cruce-seguro-en-la-avenida-135-y-127-de-cancun\/","og_site_name":"Panorama Ciudadano","article_publisher":"https:\/\/www.facebook.com\/panoramaciudadano","article_published_time":"2025-06-09T18:29:27+00:00","article_modified_time":"2025-06-09T18:29:29+00:00","og_image":[{"width":1600,"height":920,"url":"https:\/\/panoramaciudadano.com\/wp-content\/uploads\/2025\/06\/3-71.jpeg","type":"image\/jpeg"}],"author":"admin","twitter_card":"summary_large_image","twitter_misc":{"Escrito por":"admin","Tiempo de lectura":"4 minutos"},"schema":{"@context":"https:\/\/schema.org","@graph":[{"@type":"Article","@id":"https:\/\/panoramaciudadano.com\/index.php\/2025\/06\/09\/logran-ciudadania-y-autoridades-cruce-seguro-en-la-avenida-135-y-127-de-cancun\/#article","isPartOf":{"@id":"https:\/\/panoramaciudadano.com\/index.php\/2025\/06\/09\/logran-ciudadania-y-autoridades-cruce-seguro-en-la-avenida-135-y-127-de-cancun\/"},"author":{"name":"admin","@id":"https:\/\/panoramaciudadano.com\/#\/schema\/person\/ffe9fe8ef47d3a93977b5761fd9e0d96"},"headline":"Logran ciudadan\u00eda y autoridades cruce seguro en la avenida 135 y 127 de Canc\u00fan","datePublished":"2025-06-09T18:29:27+00:00","dateModified":"2025-06-09T18:29:29+00:00","mainEntityOfPage":{"@id":"https:\/\/panoramaciudadano.com\/index.php\/2025\/06\/09\/logran-ciudadania-y-autoridades-cruce-seguro-en-la-avenida-135-y-127-de-cancun\/"},"wordCount":511,"commentCount":0,"publisher":{"@id":"https:\/\/panoramaciudadano.com\/#organization"},"image":{"@id":"https:\/\/panoramaciudadano.com\/index.php\/2025\/06\/09\/logran-ciudadania-y-autoridades-cruce-seguro-en-la-avenida-135-y-127-de-cancun\/#primaryimage"},"thumbnailUrl":"https:\/\/panoramaciudadano.com\/wp-content\/uploads\/2025\/06\/3-71.jpeg","keywords":["avenida 127","avenida 135"],"articleSection":["Canc\u00fan"],"inLanguage":"es","potentialAction":[{"@type":"CommentAction","name":"Comment","target":["https:\/\/panoramaciudadano.com\/index.php\/2025\/06\/09\/logran-ciudadania-y-autoridades-cruce-seguro-en-la-avenida-135-y-127-de-cancun\/#respond"]}]},{"@type":"WebPage","@id":"https:\/\/panoramaciudadano.com\/index.php\/2025\/06\/09\/logran-ciudadania-y-autoridades-cruce-seguro-en-la-avenida-135-y-127-de-cancun\/","url":"https:\/\/panoramaciudadano.com\/index.php\/2025\/06\/09\/logran-ciudadania-y-autoridades-cruce-seguro-en-la-avenida-135-y-127-de-cancun\/","name":"Logran ciudadan\u00eda y autoridades cruce seguro en la avenida 135 y 127 de Canc\u00fan - Panorama Ciudadano","isPartOf":{"@id":"https:\/\/panoramaciudadano.com\/#website"},"primaryImageOfPage":{"@id":"https:\/\/panoramaciudadano.com\/index.php\/2025\/06\/09\/logran-ciudadania-y-autoridades-cruce-seguro-en-la-avenida-135-y-127-de-cancun\/#primaryimage"},"image":{"@id":"https:\/\/panoramaciudadano.com\/index.php\/2025\/06\/09\/logran-ciudadania-y-autoridades-cruce-seguro-en-la-avenida-135-y-127-de-cancun\/#primaryimage"},"thumbnailUrl":"https:\/\/panoramaciudadano.com\/wp-content\/uploads\/2025\/06\/3-71.jpeg","datePublished":"2025-06-09T18:29:27+00:00","dateModified":"2025-06-09T18:29:29+00:00","breadcrumb":{"@id":"https:\/\/panoramaciudadano.com\/index.php\/2025\/06\/09\/logran-ciudadania-y-autoridades-cruce-seguro-en-la-avenida-135-y-127-de-cancun\/#breadcrumb"},"inLanguage":"es","potentialAction":[{"@type":"ReadAction","target":["https:\/\/panoramaciudadano.com\/index.php\/2025\/06\/09\/logran-ciudadania-y-autoridades-cruce-seguro-en-la-avenida-135-y-127-de-cancun\/"]}]},{"@type":"ImageObject","inLanguage":"es","@id":"https:\/\/panoramaciudadano.com\/index.php\/2025\/06\/09\/logran-ciudadania-y-autoridades-cruce-seguro-en-la-avenida-135-y-127-de-cancun\/#primaryimage","url":"https:\/\/panoramaciudadano.com\/wp-content\/uploads\/2025\/06\/3-71.jpeg","contentUrl":"https:\/\/panoramaciudadano.com\/wp-content\/uploads\/2025\/06\/3-71.jpeg","width":1600,"height":920},{"@type":"BreadcrumbList","@id":"https:\/\/panoramaciudadano.com\/index.php\/2025\/06\/09\/logran-ciudadania-y-autoridades-cruce-seguro-en-la-avenida-135-y-127-de-cancun\/#breadcrumb","itemListElement":[{"@type":"ListItem","position":1,"name":"Portada","item":"https:\/\/panoramaciudadano.com\/"},{"@type":"ListItem","position":2,"name":"Logran ciudadan\u00eda y autoridades cruce seguro en la avenida 135 y 127 de Canc\u00fan"}]},{"@type":"WebSite","@id":"https:\/\/panoramaciudadano.com\/#website","url":"https:\/\/panoramaciudadano.com\/","name":"Panorama Ciudadano","description":"","publisher":{"@id":"https:\/\/panoramaciudadano.com\/#organization"},"potentialAction":[{"@type":"SearchAction","target":{"@type":"EntryPoint","urlTemplate":"https:\/\/panoramaciudadano.com\/?s={search_term_string}"},"query-input":{"@type":"PropertyValueSpecification","valueRequired":true,"valueName":"search_term_string"}}],"inLanguage":"es"},{"@type":"Organization","@id":"https:\/\/panoramaciudadano.com\/#organization","name":"Panorama Ciudadano","url":"https:\/\/panoramaciudadano.com\/","logo":{"@type":"ImageObject","inLanguage":"es","@id":"https:\/\/panoramaciudadano.com\/#\/schema\/logo\/image\/","url":"https:\/\/panoramaciudadano.com\/wp-content\/uploads\/2024\/05\/401498640_919267042938564_6290593609399108733_n.jpg","contentUrl":"https:\/\/panoramaciudadano.com\/wp-content\/uploads\/2024\/05\/401498640_919267042938564_6290593609399108733_n.jpg","width":960,"height":957,"caption":"Panorama Ciudadano"},"image":{"@id":"https:\/\/panoramaciudadano.com\/#\/schema\/logo\/image\/"},"sameAs":["https:\/\/www.facebook.com\/panoramaciudadano"]},{"@type":"Person","@id":"https:\/\/panoramaciudadano.com\/#\/schema\/person\/ffe9fe8ef47d3a93977b5761fd9e0d96","name":"admin","image":{"@type":"ImageObject","inLanguage":"es","@id":"https:\/\/panoramaciudadano.com\/#\/schema\/person\/image\/","url":"https:\/\/secure.gravatar.com\/avatar\/2d5a12cacce3f18096f25fadea8abb7202fef18ed669595589853e84260ff451?s=96&d=mm&r=g","contentUrl":"https:\/\/secure.gravatar.com\/avatar\/2d5a12cacce3f18096f25fadea8abb7202fef18ed669595589853e84260ff451?s=96&d=mm&r=g","caption":"admin"},"sameAs":["https:\/\/panoramaciudadano.com"],"url":"https:\/\/panoramaciudadano.com\/index.php\/author\/admin_3q6hyqq3\/"}]}},"_links":{"self":[{"href":"https:\/\/panoramaciudadano.com\/index.php\/wp-json\/wp\/v2\/posts\/15420","targetHints":{"allow":["GET"]}}],"collection":[{"href":"https:\/\/panoramaciudadano.com\/index.php\/wp-json\/wp\/v2\/posts"}],"about":[{"href":"https:\/\/panoramaciudadano.com\/index.php\/wp-json\/wp\/v2\/types\/post"}],"author":[{"embeddable":true,"href":"https:\/\/panoramaciudadano.com\/index.php\/wp-json\/wp\/v2\/users\/1"}],"replies":[{"embeddable":true,"href":"https:\/\/panoramaciudadano.com\/index.php\/wp-json\/wp\/v2\/comments?post=15420"}],"version-history":[{"count":1,"href":"https:\/\/panoramaciudadano.com\/index.php\/wp-json\/wp\/v2\/posts\/15420\/revisions"}],"predecessor-version":[{"id":15426,"href":"https:\/\/panoramaciudadano.com\/index.php\/wp-json\/wp\/v2\/posts\/15420\/revisions\/15426"}],"wp:featuredmedia":[{"embeddable":true,"href":"https:\/\/panoramaciudadano.com\/index.php\/wp-json\/wp\/v2\/media\/15425"}],"wp:attachment":[{"href":"https:\/\/panoramaciudadano.com\/index.php\/wp-json\/wp\/v2\/media?parent=15420"}],"wp:term":[{"taxonomy":"category","embeddable":true,"href":"https:\/\/panoramaciudadano.com\/index.php\/wp-json\/wp\/v2\/categories?post=15420"},{"taxonomy":"post_tag","embeddable":true,"href":"https:\/\/panoramaciudadano.com\/index.php\/wp-json\/wp\/v2\/tags?post=15420"}],"curies":[{"name":"wp","href":"https:\/\/api.w.org\/{rel}","templated":true}]}}