{"id":15484,"date":"2025-06-11T10:12:00","date_gmt":"2025-06-11T15:12:00","guid":{"rendered":"https:\/\/panoramaciudadano.com\/?p=15484"},"modified":"2025-06-11T10:12:02","modified_gmt":"2025-06-11T15:12:02","slug":"protesta-por-predial-colapsa-el-centro-de-cancun-resistencia-civil-bloquea-avenidas-tras-ruptura-en-mesa-de-dialogo","status":"publish","type":"post","link":"https:\/\/panoramaciudadano.com\/index.php\/2025\/06\/11\/protesta-por-predial-colapsa-el-centro-de-cancun-resistencia-civil-bloquea-avenidas-tras-ruptura-en-mesa-de-dialogo\/","title":{"rendered":"Protesta por predial colapsa el centro de Canc\u00fan: Resistencia Civil bloquea avenidas tras ruptura en mesa de di\u00e1logo"},"content":{"rendered":"\n<figure class=\"wp-block-gallery has-nested-images columns-default is-cropped wp-block-gallery-1 is-layout-flex wp-block-gallery-is-layout-flex\">\n<figure class=\"wp-block-image size-large\"><img decoding=\"async\" width=\"1024\" height=\"768\" data-id=\"15490\" src=\"https:\/\/panoramaciudadano.com\/wp-content\/uploads\/2025\/06\/2-88-1024x768.jpeg\" alt=\"\" class=\"wp-image-15490\" srcset=\"https:\/\/panoramaciudadano.com\/wp-content\/uploads\/2025\/06\/2-88-1024x768.jpeg 1024w, https:\/\/panoramaciudadano.com\/wp-content\/uploads\/2025\/06\/2-88-300x225.jpeg 300w, https:\/\/panoramaciudadano.com\/wp-content\/uploads\/2025\/06\/2-88-768x576.jpeg 768w, https:\/\/panoramaciudadano.com\/wp-content\/uploads\/2025\/06\/2-88-1536x1152.jpeg 1536w, https:\/\/panoramaciudadano.com\/wp-content\/uploads\/2025\/06\/2-88.jpeg 1600w\" sizes=\"(max-width: 1024px) 100vw, 1024px\" \/><\/figure>\n\n\n\n<figure class=\"wp-block-image size-large\"><img decoding=\"async\" width=\"1024\" height=\"768\" data-id=\"15489\" src=\"https:\/\/panoramaciudadano.com\/wp-content\/uploads\/2025\/06\/3-80-1024x768.jpeg\" alt=\"\" class=\"wp-image-15489\" srcset=\"https:\/\/panoramaciudadano.com\/wp-content\/uploads\/2025\/06\/3-80-1024x768.jpeg 1024w, https:\/\/panoramaciudadano.com\/wp-content\/uploads\/2025\/06\/3-80-300x225.jpeg 300w, https:\/\/panoramaciudadano.com\/wp-content\/uploads\/2025\/06\/3-80-768x576.jpeg 768w, https:\/\/panoramaciudadano.com\/wp-content\/uploads\/2025\/06\/3-80-1536x1152.jpeg 1536w, https:\/\/panoramaciudadano.com\/wp-content\/uploads\/2025\/06\/3-80.jpeg 1600w\" sizes=\"(max-width: 1024px) 100vw, 1024px\" \/><\/figure>\n\n\n\n<figure class=\"wp-block-image size-large\"><img decoding=\"async\" width=\"1024\" height=\"768\" data-id=\"15488\" src=\"https:\/\/panoramaciudadano.com\/wp-content\/uploads\/2025\/06\/4-61-1024x768.jpeg\" alt=\"\" class=\"wp-image-15488\" srcset=\"https:\/\/panoramaciudadano.com\/wp-content\/uploads\/2025\/06\/4-61-1024x768.jpeg 1024w, https:\/\/panoramaciudadano.com\/wp-content\/uploads\/2025\/06\/4-61-300x225.jpeg 300w, https:\/\/panoramaciudadano.com\/wp-content\/uploads\/2025\/06\/4-61-768x576.jpeg 768w, https:\/\/panoramaciudadano.com\/wp-content\/uploads\/2025\/06\/4-61-1536x1152.jpeg 1536w, https:\/\/panoramaciudadano.com\/wp-content\/uploads\/2025\/06\/4-61.jpeg 1600w\" sizes=\"(max-width: 1024px) 100vw, 1024px\" \/><\/figure>\n\n\n\n<figure class=\"wp-block-image size-large\"><img decoding=\"async\" width=\"1024\" height=\"768\" data-id=\"15487\" src=\"https:\/\/panoramaciudadano.com\/wp-content\/uploads\/2025\/06\/5-26-1024x768.jpeg\" alt=\"\" class=\"wp-image-15487\" srcset=\"https:\/\/panoramaciudadano.com\/wp-content\/uploads\/2025\/06\/5-26-1024x768.jpeg 1024w, https:\/\/panoramaciudadano.com\/wp-content\/uploads\/2025\/06\/5-26-300x225.jpeg 300w, https:\/\/panoramaciudadano.com\/wp-content\/uploads\/2025\/06\/5-26-768x576.jpeg 768w, https:\/\/panoramaciudadano.com\/wp-content\/uploads\/2025\/06\/5-26-1536x1152.jpeg 1536w, https:\/\/panoramaciudadano.com\/wp-content\/uploads\/2025\/06\/5-26.jpeg 1600w\" sizes=\"(max-width: 1024px) 100vw, 1024px\" \/><\/figure>\n\n\n\n<figure class=\"wp-block-image size-large\"><img decoding=\"async\" width=\"1024\" height=\"768\" data-id=\"15486\" src=\"https:\/\/panoramaciudadano.com\/wp-content\/uploads\/2025\/06\/6-11-1024x768.jpeg\" alt=\"\" class=\"wp-image-15486\" srcset=\"https:\/\/panoramaciudadano.com\/wp-content\/uploads\/2025\/06\/6-11-1024x768.jpeg 1024w, https:\/\/panoramaciudadano.com\/wp-content\/uploads\/2025\/06\/6-11-300x225.jpeg 300w, https:\/\/panoramaciudadano.com\/wp-content\/uploads\/2025\/06\/6-11-768x576.jpeg 768w, https:\/\/panoramaciudadano.com\/wp-content\/uploads\/2025\/06\/6-11-1536x1152.jpeg 1536w, https:\/\/panoramaciudadano.com\/wp-content\/uploads\/2025\/06\/6-11.jpeg 1600w\" sizes=\"(max-width: 1024px) 100vw, 1024px\" \/><\/figure>\n<\/figure>\n\n\n\n<p>Serias afectaciones a la ciudadan\u00eda fue lo que ocasion\u00f3 una manifestaci\u00f3n encabezada por la agrupaci\u00f3n de Resistencia Civil en palacio y avenidas del primer cuadro de la ciudad.&nbsp;<\/p>\n\n\n\n<p>Cuando todo estaba fluyendo al sostener una mesa de di\u00e1logo todo se fractur\u00f3 presuntamente porque el l\u00edder de la agrupaci\u00f3n no permiti\u00f3 que m\u00e1s compa\u00f1eros se unieran a estos trabajos y puedan ser testigos de c\u00f3mo y llegan un acuerdo para pagar el predial.&nbsp;<\/p>\n\n\n\n<p>En un principio las cosas empezaron tensas pues el secretario del ayuntamiento Pablo Guti\u00e9rrez los recibi\u00f3 con un \u201cMe liberas el palacio y nos sentamos a platicar\u201d pero al momento de dialogar hubo una inconformidad entre los manifestantes provocando que se fueran a bloquear la avenida Cob\u00e1 a la altura del Ceviche.<\/p>\n\n\n\n<p>Fue la ma\u00f1ana de ayer cuando alrededor de 120 personas de diferentes fraccionamientos que se quejaron por las trabas para pagar su impuesto predial, pero todo parece indicar que hay un tema particular y ante la ausencia de acuerdos nada avanzar\u00e1 por lo que se espera que alguien intervenga pues la ciudadan\u00eda sigue siendo afectada porque hubo caos vial.<\/p>\n","protected":false},"excerpt":{"rendered":"<p>Serias afectaciones a la ciudadan\u00eda fue lo que ocasion\u00f3 una manifestaci\u00f3n encabezada por la agrupaci\u00f3n de Resistencia Civil en palacio y avenidas del primer cuadro de la ciudad.\u00a0<\/p>\n","protected":false},"author":1,"featured_media":15485,"comment_status":"open","ping_status":"closed","sticky":false,"template":"","format":"standard","meta":{"footnotes":""},"categories":[6],"tags":[2465],"class_list":["post-15484","post","type-post","status-publish","format-standard","has-post-thumbnail","hentry","category-cancun","tag-resistencia-civil"],"yoast_head":"<!-- This site is optimized with the Yoast SEO plugin v27.1.1 - https:\/\/yoast.com\/product\/yoast-seo-wordpress\/ -->\n<title>Protesta por predial colapsa el centro de Canc\u00fan: Resistencia Civil bloquea avenidas tras ruptura en mesa de di\u00e1logo - Panorama Ciudadano<\/title>\n<meta name=\"robots\" content=\"index, follow, max-snippet:-1, max-image-preview:large, max-video-preview:-1\" \/>\n<link rel=\"canonical\" href=\"https:\/\/panoramaciudadano.com\/index.php\/2025\/06\/11\/protesta-por-predial-colapsa-el-centro-de-cancun-resistencia-civil-bloquea-avenidas-tras-ruptura-en-mesa-de-dialogo\/\" \/>\n<meta property=\"og:locale\" content=\"es_ES\" \/>\n<meta property=\"og:type\" content=\"article\" \/>\n<meta property=\"og:title\" content=\"Protesta por predial colapsa el centro de Canc\u00fan: Resistencia Civil bloquea avenidas tras ruptura en mesa de di\u00e1logo - Panorama Ciudadano\" \/>\n<meta property=\"og:description\" content=\"Serias afectaciones a la ciudadan\u00eda fue lo que ocasion\u00f3 una manifestaci\u00f3n encabezada por la agrupaci\u00f3n de Resistencia Civil en palacio y avenidas del primer cuadro de la ciudad.\u00a0\" \/>\n<meta property=\"og:url\" content=\"https:\/\/panoramaciudadano.com\/index.php\/2025\/06\/11\/protesta-por-predial-colapsa-el-centro-de-cancun-resistencia-civil-bloquea-avenidas-tras-ruptura-en-mesa-de-dialogo\/\" \/>\n<meta property=\"og:site_name\" content=\"Panorama Ciudadano\" \/>\n<meta property=\"article:publisher\" content=\"https:\/\/www.facebook.com\/panoramaciudadano\" \/>\n<meta property=\"article:published_time\" content=\"2025-06-11T15:12:00+00:00\" \/>\n<meta property=\"article:modified_time\" content=\"2025-06-11T15:12:02+00:00\" \/>\n<meta property=\"og:image\" content=\"https:\/\/panoramaciudadano.com\/wp-content\/uploads\/2025\/06\/WhatsApp-Image-2025-06-10-at-21.07.33.jpeg\" \/>\n\t<meta property=\"og:image:width\" content=\"1600\" \/>\n\t<meta property=\"og:image:height\" content=\"1200\" \/>\n\t<meta property=\"og:image:type\" content=\"image\/jpeg\" \/>\n<meta name=\"author\" content=\"admin\" \/>\n<meta name=\"twitter:card\" content=\"summary_large_image\" \/>\n<meta name=\"twitter:label1\" content=\"Escrito por\" \/>\n\t<meta name=\"twitter:data1\" content=\"admin\" \/>\n\t<meta name=\"twitter:label2\" content=\"Tiempo de lectura\" \/>\n\t<meta name=\"twitter:data2\" content=\"3 minutos\" \/>\n<script type=\"application\/ld+json\" class=\"yoast-schema-graph\">{\"@context\":\"https:\/\/schema.org\",\"@graph\":[{\"@type\":\"Article\",\"@id\":\"https:\/\/panoramaciudadano.com\/index.php\/2025\/06\/11\/protesta-por-predial-colapsa-el-centro-de-cancun-resistencia-civil-bloquea-avenidas-tras-ruptura-en-mesa-de-dialogo\/#article\",\"isPartOf\":{\"@id\":\"https:\/\/panoramaciudadano.com\/index.php\/2025\/06\/11\/protesta-por-predial-colapsa-el-centro-de-cancun-resistencia-civil-bloquea-avenidas-tras-ruptura-en-mesa-de-dialogo\/\"},\"author\":{\"name\":\"admin\",\"@id\":\"https:\/\/panoramaciudadano.com\/#\/schema\/person\/ffe9fe8ef47d3a93977b5761fd9e0d96\"},\"headline\":\"Protesta por predial colapsa el centro de Canc\u00fan: Resistencia Civil bloquea avenidas tras ruptura en mesa de di\u00e1logo\",\"datePublished\":\"2025-06-11T15:12:00+00:00\",\"dateModified\":\"2025-06-11T15:12:02+00:00\",\"mainEntityOfPage\":{\"@id\":\"https:\/\/panoramaciudadano.com\/index.php\/2025\/06\/11\/protesta-por-predial-colapsa-el-centro-de-cancun-resistencia-civil-bloquea-avenidas-tras-ruptura-en-mesa-de-dialogo\/\"},\"wordCount\":216,\"commentCount\":0,\"publisher\":{\"@id\":\"https:\/\/panoramaciudadano.com\/#organization\"},\"image\":{\"@id\":\"https:\/\/panoramaciudadano.com\/index.php\/2025\/06\/11\/protesta-por-predial-colapsa-el-centro-de-cancun-resistencia-civil-bloquea-avenidas-tras-ruptura-en-mesa-de-dialogo\/#primaryimage\"},\"thumbnailUrl\":\"https:\/\/panoramaciudadano.com\/wp-content\/uploads\/2025\/06\/WhatsApp-Image-2025-06-10-at-21.07.33.jpeg\",\"keywords\":[\"Resistencia Civil\"],\"articleSection\":[\"Canc\u00fan\"],\"inLanguage\":\"es\",\"potentialAction\":[{\"@type\":\"CommentAction\",\"name\":\"Comment\",\"target\":[\"https:\/\/panoramaciudadano.com\/index.php\/2025\/06\/11\/protesta-por-predial-colapsa-el-centro-de-cancun-resistencia-civil-bloquea-avenidas-tras-ruptura-en-mesa-de-dialogo\/#respond\"]}]},{\"@type\":\"WebPage\",\"@id\":\"https:\/\/panoramaciudadano.com\/index.php\/2025\/06\/11\/protesta-por-predial-colapsa-el-centro-de-cancun-resistencia-civil-bloquea-avenidas-tras-ruptura-en-mesa-de-dialogo\/\",\"url\":\"https:\/\/panoramaciudadano.com\/index.php\/2025\/06\/11\/protesta-por-predial-colapsa-el-centro-de-cancun-resistencia-civil-bloquea-avenidas-tras-ruptura-en-mesa-de-dialogo\/\",\"name\":\"Protesta por predial colapsa el centro de Canc\u00fan: Resistencia Civil bloquea avenidas tras ruptura en mesa de di\u00e1logo - Panorama Ciudadano\",\"isPartOf\":{\"@id\":\"https:\/\/panoramaciudadano.com\/#website\"},\"primaryImageOfPage\":{\"@id\":\"https:\/\/panoramaciudadano.com\/index.php\/2025\/06\/11\/protesta-por-predial-colapsa-el-centro-de-cancun-resistencia-civil-bloquea-avenidas-tras-ruptura-en-mesa-de-dialogo\/#primaryimage\"},\"image\":{\"@id\":\"https:\/\/panoramaciudadano.com\/index.php\/2025\/06\/11\/protesta-por-predial-colapsa-el-centro-de-cancun-resistencia-civil-bloquea-avenidas-tras-ruptura-en-mesa-de-dialogo\/#primaryimage\"},\"thumbnailUrl\":\"https:\/\/panoramaciudadano.com\/wp-content\/uploads\/2025\/06\/WhatsApp-Image-2025-06-10-at-21.07.33.jpeg\",\"datePublished\":\"2025-06-11T15:12:00+00:00\",\"dateModified\":\"2025-06-11T15:12:02+00:00\",\"breadcrumb\":{\"@id\":\"https:\/\/panoramaciudadano.com\/index.php\/2025\/06\/11\/protesta-por-predial-colapsa-el-centro-de-cancun-resistencia-civil-bloquea-avenidas-tras-ruptura-en-mesa-de-dialogo\/#breadcrumb\"},\"inLanguage\":\"es\",\"potentialAction\":[{\"@type\":\"ReadAction\",\"target\":[\"https:\/\/panoramaciudadano.com\/index.php\/2025\/06\/11\/protesta-por-predial-colapsa-el-centro-de-cancun-resistencia-civil-bloquea-avenidas-tras-ruptura-en-mesa-de-dialogo\/\"]}]},{\"@type\":\"ImageObject\",\"inLanguage\":\"es\",\"@id\":\"https:\/\/panoramaciudadano.com\/index.php\/2025\/06\/11\/protesta-por-predial-colapsa-el-centro-de-cancun-resistencia-civil-bloquea-avenidas-tras-ruptura-en-mesa-de-dialogo\/#primaryimage\",\"url\":\"https:\/\/panoramaciudadano.com\/wp-content\/uploads\/2025\/06\/WhatsApp-Image-2025-06-10-at-21.07.33.jpeg\",\"contentUrl\":\"https:\/\/panoramaciudadano.com\/wp-content\/uploads\/2025\/06\/WhatsApp-Image-2025-06-10-at-21.07.33.jpeg\",\"width\":1600,\"height\":1200},{\"@type\":\"BreadcrumbList\",\"@id\":\"https:\/\/panoramaciudadano.com\/index.php\/2025\/06\/11\/protesta-por-predial-colapsa-el-centro-de-cancun-resistencia-civil-bloquea-avenidas-tras-ruptura-en-mesa-de-dialogo\/#breadcrumb\",\"itemListElement\":[{\"@type\":\"ListItem\",\"position\":1,\"name\":\"Portada\",\"item\":\"https:\/\/panoramaciudadano.com\/\"},{\"@type\":\"ListItem\",\"position\":2,\"name\":\"Protesta por predial colapsa el centro de Canc\u00fan: Resistencia Civil bloquea avenidas tras ruptura en mesa de di\u00e1logo\"}]},{\"@type\":\"WebSite\",\"@id\":\"https:\/\/panoramaciudadano.com\/#website\",\"url\":\"https:\/\/panoramaciudadano.com\/\",\"name\":\"Panorama Ciudadano\",\"description\":\"\",\"publisher\":{\"@id\":\"https:\/\/panoramaciudadano.com\/#organization\"},\"potentialAction\":[{\"@type\":\"SearchAction\",\"target\":{\"@type\":\"EntryPoint\",\"urlTemplate\":\"https:\/\/panoramaciudadano.com\/?s={search_term_string}\"},\"query-input\":{\"@type\":\"PropertyValueSpecification\",\"valueRequired\":true,\"valueName\":\"search_term_string\"}}],\"inLanguage\":\"es\"},{\"@type\":\"Organization\",\"@id\":\"https:\/\/panoramaciudadano.com\/#organization\",\"name\":\"Panorama Ciudadano\",\"url\":\"https:\/\/panoramaciudadano.com\/\",\"logo\":{\"@type\":\"ImageObject\",\"inLanguage\":\"es\",\"@id\":\"https:\/\/panoramaciudadano.com\/#\/schema\/logo\/image\/\",\"url\":\"https:\/\/panoramaciudadano.com\/wp-content\/uploads\/2024\/05\/401498640_919267042938564_6290593609399108733_n.jpg\",\"contentUrl\":\"https:\/\/panoramaciudadano.com\/wp-content\/uploads\/2024\/05\/401498640_919267042938564_6290593609399108733_n.jpg\",\"width\":960,\"height\":957,\"caption\":\"Panorama Ciudadano\"},\"image\":{\"@id\":\"https:\/\/panoramaciudadano.com\/#\/schema\/logo\/image\/\"},\"sameAs\":[\"https:\/\/www.facebook.com\/panoramaciudadano\"]},{\"@type\":\"Person\",\"@id\":\"https:\/\/panoramaciudadano.com\/#\/schema\/person\/ffe9fe8ef47d3a93977b5761fd9e0d96\",\"name\":\"admin\",\"image\":{\"@type\":\"ImageObject\",\"inLanguage\":\"es\",\"@id\":\"https:\/\/panoramaciudadano.com\/#\/schema\/person\/image\/\",\"url\":\"https:\/\/secure.gravatar.com\/avatar\/2d5a12cacce3f18096f25fadea8abb7202fef18ed669595589853e84260ff451?s=96&d=mm&r=g\",\"contentUrl\":\"https:\/\/secure.gravatar.com\/avatar\/2d5a12cacce3f18096f25fadea8abb7202fef18ed669595589853e84260ff451?s=96&d=mm&r=g\",\"caption\":\"admin\"},\"sameAs\":[\"https:\/\/panoramaciudadano.com\"],\"url\":\"https:\/\/panoramaciudadano.com\/index.php\/author\/admin_3q6hyqq3\/\"}]}<\/script>\n<!-- \/ Yoast SEO plugin. -->","yoast_head_json":{"title":"Protesta por predial colapsa el centro de Canc\u00fan: Resistencia Civil bloquea avenidas tras ruptura en mesa de di\u00e1logo - Panorama Ciudadano","robots":{"index":"index","follow":"follow","max-snippet":"max-snippet:-1","max-image-preview":"max-image-preview:large","max-video-preview":"max-video-preview:-1"},"canonical":"https:\/\/panoramaciudadano.com\/index.php\/2025\/06\/11\/protesta-por-predial-colapsa-el-centro-de-cancun-resistencia-civil-bloquea-avenidas-tras-ruptura-en-mesa-de-dialogo\/","og_locale":"es_ES","og_type":"article","og_title":"Protesta por predial colapsa el centro de Canc\u00fan: Resistencia Civil bloquea avenidas tras ruptura en mesa de di\u00e1logo - Panorama Ciudadano","og_description":"Serias afectaciones a la ciudadan\u00eda fue lo que ocasion\u00f3 una manifestaci\u00f3n encabezada por la agrupaci\u00f3n de Resistencia Civil en palacio y avenidas del primer cuadro de la ciudad.\u00a0","og_url":"https:\/\/panoramaciudadano.com\/index.php\/2025\/06\/11\/protesta-por-predial-colapsa-el-centro-de-cancun-resistencia-civil-bloquea-avenidas-tras-ruptura-en-mesa-de-dialogo\/","og_site_name":"Panorama Ciudadano","article_publisher":"https:\/\/www.facebook.com\/panoramaciudadano","article_published_time":"2025-06-11T15:12:00+00:00","article_modified_time":"2025-06-11T15:12:02+00:00","og_image":[{"width":1600,"height":1200,"url":"https:\/\/panoramaciudadano.com\/wp-content\/uploads\/2025\/06\/WhatsApp-Image-2025-06-10-at-21.07.33.jpeg","type":"image\/jpeg"}],"author":"admin","twitter_card":"summary_large_image","twitter_misc":{"Escrito por":"admin","Tiempo de lectura":"3 minutos"},"schema":{"@context":"https:\/\/schema.org","@graph":[{"@type":"Article","@id":"https:\/\/panoramaciudadano.com\/index.php\/2025\/06\/11\/protesta-por-predial-colapsa-el-centro-de-cancun-resistencia-civil-bloquea-avenidas-tras-ruptura-en-mesa-de-dialogo\/#article","isPartOf":{"@id":"https:\/\/panoramaciudadano.com\/index.php\/2025\/06\/11\/protesta-por-predial-colapsa-el-centro-de-cancun-resistencia-civil-bloquea-avenidas-tras-ruptura-en-mesa-de-dialogo\/"},"author":{"name":"admin","@id":"https:\/\/panoramaciudadano.com\/#\/schema\/person\/ffe9fe8ef47d3a93977b5761fd9e0d96"},"headline":"Protesta por predial colapsa el centro de Canc\u00fan: Resistencia Civil bloquea avenidas tras ruptura en mesa de di\u00e1logo","datePublished":"2025-06-11T15:12:00+00:00","dateModified":"2025-06-11T15:12:02+00:00","mainEntityOfPage":{"@id":"https:\/\/panoramaciudadano.com\/index.php\/2025\/06\/11\/protesta-por-predial-colapsa-el-centro-de-cancun-resistencia-civil-bloquea-avenidas-tras-ruptura-en-mesa-de-dialogo\/"},"wordCount":216,"commentCount":0,"publisher":{"@id":"https:\/\/panoramaciudadano.com\/#organization"},"image":{"@id":"https:\/\/panoramaciudadano.com\/index.php\/2025\/06\/11\/protesta-por-predial-colapsa-el-centro-de-cancun-resistencia-civil-bloquea-avenidas-tras-ruptura-en-mesa-de-dialogo\/#primaryimage"},"thumbnailUrl":"https:\/\/panoramaciudadano.com\/wp-content\/uploads\/2025\/06\/WhatsApp-Image-2025-06-10-at-21.07.33.jpeg","keywords":["Resistencia Civil"],"articleSection":["Canc\u00fan"],"inLanguage":"es","potentialAction":[{"@type":"CommentAction","name":"Comment","target":["https:\/\/panoramaciudadano.com\/index.php\/2025\/06\/11\/protesta-por-predial-colapsa-el-centro-de-cancun-resistencia-civil-bloquea-avenidas-tras-ruptura-en-mesa-de-dialogo\/#respond"]}]},{"@type":"WebPage","@id":"https:\/\/panoramaciudadano.com\/index.php\/2025\/06\/11\/protesta-por-predial-colapsa-el-centro-de-cancun-resistencia-civil-bloquea-avenidas-tras-ruptura-en-mesa-de-dialogo\/","url":"https:\/\/panoramaciudadano.com\/index.php\/2025\/06\/11\/protesta-por-predial-colapsa-el-centro-de-cancun-resistencia-civil-bloquea-avenidas-tras-ruptura-en-mesa-de-dialogo\/","name":"Protesta por predial colapsa el centro de Canc\u00fan: Resistencia Civil bloquea avenidas tras ruptura en mesa de di\u00e1logo - Panorama Ciudadano","isPartOf":{"@id":"https:\/\/panoramaciudadano.com\/#website"},"primaryImageOfPage":{"@id":"https:\/\/panoramaciudadano.com\/index.php\/2025\/06\/11\/protesta-por-predial-colapsa-el-centro-de-cancun-resistencia-civil-bloquea-avenidas-tras-ruptura-en-mesa-de-dialogo\/#primaryimage"},"image":{"@id":"https:\/\/panoramaciudadano.com\/index.php\/2025\/06\/11\/protesta-por-predial-colapsa-el-centro-de-cancun-resistencia-civil-bloquea-avenidas-tras-ruptura-en-mesa-de-dialogo\/#primaryimage"},"thumbnailUrl":"https:\/\/panoramaciudadano.com\/wp-content\/uploads\/2025\/06\/WhatsApp-Image-2025-06-10-at-21.07.33.jpeg","datePublished":"2025-06-11T15:12:00+00:00","dateModified":"2025-06-11T15:12:02+00:00","breadcrumb":{"@id":"https:\/\/panoramaciudadano.com\/index.php\/2025\/06\/11\/protesta-por-predial-colapsa-el-centro-de-cancun-resistencia-civil-bloquea-avenidas-tras-ruptura-en-mesa-de-dialogo\/#breadcrumb"},"inLanguage":"es","potentialAction":[{"@type":"ReadAction","target":["https:\/\/panoramaciudadano.com\/index.php\/2025\/06\/11\/protesta-por-predial-colapsa-el-centro-de-cancun-resistencia-civil-bloquea-avenidas-tras-ruptura-en-mesa-de-dialogo\/"]}]},{"@type":"ImageObject","inLanguage":"es","@id":"https:\/\/panoramaciudadano.com\/index.php\/2025\/06\/11\/protesta-por-predial-colapsa-el-centro-de-cancun-resistencia-civil-bloquea-avenidas-tras-ruptura-en-mesa-de-dialogo\/#primaryimage","url":"https:\/\/panoramaciudadano.com\/wp-content\/uploads\/2025\/06\/WhatsApp-Image-2025-06-10-at-21.07.33.jpeg","contentUrl":"https:\/\/panoramaciudadano.com\/wp-content\/uploads\/2025\/06\/WhatsApp-Image-2025-06-10-at-21.07.33.jpeg","width":1600,"height":1200},{"@type":"BreadcrumbList","@id":"https:\/\/panoramaciudadano.com\/index.php\/2025\/06\/11\/protesta-por-predial-colapsa-el-centro-de-cancun-resistencia-civil-bloquea-avenidas-tras-ruptura-en-mesa-de-dialogo\/#breadcrumb","itemListElement":[{"@type":"ListItem","position":1,"name":"Portada","item":"https:\/\/panoramaciudadano.com\/"},{"@type":"ListItem","position":2,"name":"Protesta por predial colapsa el centro de Canc\u00fan: Resistencia Civil bloquea avenidas tras ruptura en mesa de di\u00e1logo"}]},{"@type":"WebSite","@id":"https:\/\/panoramaciudadano.com\/#website","url":"https:\/\/panoramaciudadano.com\/","name":"Panorama Ciudadano","description":"","publisher":{"@id":"https:\/\/panoramaciudadano.com\/#organization"},"potentialAction":[{"@type":"SearchAction","target":{"@type":"EntryPoint","urlTemplate":"https:\/\/panoramaciudadano.com\/?s={search_term_string}"},"query-input":{"@type":"PropertyValueSpecification","valueRequired":true,"valueName":"search_term_string"}}],"inLanguage":"es"},{"@type":"Organization","@id":"https:\/\/panoramaciudadano.com\/#organization","name":"Panorama Ciudadano","url":"https:\/\/panoramaciudadano.com\/","logo":{"@type":"ImageObject","inLanguage":"es","@id":"https:\/\/panoramaciudadano.com\/#\/schema\/logo\/image\/","url":"https:\/\/panoramaciudadano.com\/wp-content\/uploads\/2024\/05\/401498640_919267042938564_6290593609399108733_n.jpg","contentUrl":"https:\/\/panoramaciudadano.com\/wp-content\/uploads\/2024\/05\/401498640_919267042938564_6290593609399108733_n.jpg","width":960,"height":957,"caption":"Panorama Ciudadano"},"image":{"@id":"https:\/\/panoramaciudadano.com\/#\/schema\/logo\/image\/"},"sameAs":["https:\/\/www.facebook.com\/panoramaciudadano"]},{"@type":"Person","@id":"https:\/\/panoramaciudadano.com\/#\/schema\/person\/ffe9fe8ef47d3a93977b5761fd9e0d96","name":"admin","image":{"@type":"ImageObject","inLanguage":"es","@id":"https:\/\/panoramaciudadano.com\/#\/schema\/person\/image\/","url":"https:\/\/secure.gravatar.com\/avatar\/2d5a12cacce3f18096f25fadea8abb7202fef18ed669595589853e84260ff451?s=96&d=mm&r=g","contentUrl":"https:\/\/secure.gravatar.com\/avatar\/2d5a12cacce3f18096f25fadea8abb7202fef18ed669595589853e84260ff451?s=96&d=mm&r=g","caption":"admin"},"sameAs":["https:\/\/panoramaciudadano.com"],"url":"https:\/\/panoramaciudadano.com\/index.php\/author\/admin_3q6hyqq3\/"}]}},"_links":{"self":[{"href":"https:\/\/panoramaciudadano.com\/index.php\/wp-json\/wp\/v2\/posts\/15484","targetHints":{"allow":["GET"]}}],"collection":[{"href":"https:\/\/panoramaciudadano.com\/index.php\/wp-json\/wp\/v2\/posts"}],"about":[{"href":"https:\/\/panoramaciudadano.com\/index.php\/wp-json\/wp\/v2\/types\/post"}],"author":[{"embeddable":true,"href":"https:\/\/panoramaciudadano.com\/index.php\/wp-json\/wp\/v2\/users\/1"}],"replies":[{"embeddable":true,"href":"https:\/\/panoramaciudadano.com\/index.php\/wp-json\/wp\/v2\/comments?post=15484"}],"version-history":[{"count":1,"href":"https:\/\/panoramaciudadano.com\/index.php\/wp-json\/wp\/v2\/posts\/15484\/revisions"}],"predecessor-version":[{"id":15491,"href":"https:\/\/panoramaciudadano.com\/index.php\/wp-json\/wp\/v2\/posts\/15484\/revisions\/15491"}],"wp:featuredmedia":[{"embeddable":true,"href":"https:\/\/panoramaciudadano.com\/index.php\/wp-json\/wp\/v2\/media\/15485"}],"wp:attachment":[{"href":"https:\/\/panoramaciudadano.com\/index.php\/wp-json\/wp\/v2\/media?parent=15484"}],"wp:term":[{"taxonomy":"category","embeddable":true,"href":"https:\/\/panoramaciudadano.com\/index.php\/wp-json\/wp\/v2\/categories?post=15484"},{"taxonomy":"post_tag","embeddable":true,"href":"https:\/\/panoramaciudadano.com\/index.php\/wp-json\/wp\/v2\/tags?post=15484"}],"curies":[{"name":"wp","href":"https:\/\/api.w.org\/{rel}","templated":true}]}}