{"id":15513,"date":"2025-06-11T10:32:16","date_gmt":"2025-06-11T15:32:16","guid":{"rendered":"https:\/\/panoramaciudadano.com\/?p=15513"},"modified":"2025-06-11T10:32:18","modified_gmt":"2025-06-11T15:32:18","slug":"logra-fge-de-quintana-roo-62-vinculaciones-a-proceso-ademas-cumplimento-32-ordenes-de-aprehension-y-12-cateos-en-la-primera-semana-de-junio","status":"publish","type":"post","link":"https:\/\/panoramaciudadano.com\/index.php\/2025\/06\/11\/logra-fge-de-quintana-roo-62-vinculaciones-a-proceso-ademas-cumplimento-32-ordenes-de-aprehension-y-12-cateos-en-la-primera-semana-de-junio\/","title":{"rendered":"Logra FGE de Quintana Roo 62 vinculaciones a proceso, adem\u00e1s cumpliment\u00f3 32 \u00f3rdenes de aprehensi\u00f3n y 12 cateos en la primera semana de junio"},"content":{"rendered":"\n<figure class=\"wp-block-image size-large\"><img decoding=\"async\" width=\"1024\" height=\"543\" src=\"https:\/\/panoramaciudadano.com\/wp-content\/uploads\/2025\/06\/WhatsApp-Image-2025-06-10-at-21.16.54-1024x543.jpeg\" alt=\"\" class=\"wp-image-15514\" srcset=\"https:\/\/panoramaciudadano.com\/wp-content\/uploads\/2025\/06\/WhatsApp-Image-2025-06-10-at-21.16.54-1024x543.jpeg 1024w, https:\/\/panoramaciudadano.com\/wp-content\/uploads\/2025\/06\/WhatsApp-Image-2025-06-10-at-21.16.54-300x159.jpeg 300w, https:\/\/panoramaciudadano.com\/wp-content\/uploads\/2025\/06\/WhatsApp-Image-2025-06-10-at-21.16.54-768x407.jpeg 768w, https:\/\/panoramaciudadano.com\/wp-content\/uploads\/2025\/06\/WhatsApp-Image-2025-06-10-at-21.16.54-1536x814.jpeg 1536w, https:\/\/panoramaciudadano.com\/wp-content\/uploads\/2025\/06\/WhatsApp-Image-2025-06-10-at-21.16.54.jpeg 1600w\" sizes=\"(max-width: 1024px) 100vw, 1024px\" \/><\/figure>\n\n\n\n<p>El titular de la Fiscal\u00eda General del Estado, Raciel L\u00f3pez Salazar inform\u00f3, durante la conferencia de prensa del Gabinete de Seguridad, que en el periodo del 2 al 8 de junio del a\u00f1o en curso, el organismo aut\u00f3nomo bajo su mando obtuvo 62 vinculaciones a proceso, adem\u00e1s de cumplimentar 32 \u00f3rdenes de aprehensi\u00f3n y 12 cateos, por diversos delitos.<\/p>\n\n\n\n<p>En cuanto a las vinculaciones a proceso, los motivos que dieron origen a estas fueron: delitos contra la salud en su modalidad de narcomenudeo, 22; violencia familiar, nueve; homicidio calificado, seis; violaci\u00f3n, cinco; homicidio, tres; despojo, dos; extorsi\u00f3n, dos; fraude, dos; incumplimiento de las obligaciones de asistencia familiar, dos y trata de personas, dos.<\/p>\n\n\n\n<p>Adem\u00e1s, de una por cada uno de los delitos de abusos sexuales, desaparici\u00f3n cometida por particulares, feminicidio en grado de tentativa, homicidio calificado en grado de tentativa, lesiones, robo y robo de veh\u00edculo.<\/p>\n\n\n\n<p>Las \u00f3rdenes de aprehensi\u00f3n cumplimentadas fueron siete por robo calificado, dos por cada uno de los il\u00edcitos de delitos contra la salud en su modalidad de narcomenudeo, homicidio calificado en grado de tentativa, robo agravado, trata de personas en su modalidad de prostituci\u00f3n ajena, violaci\u00f3n, violencia familiar.<\/p>\n\n\n\n<p>Los il\u00edcitos de abusos sexuales, amenazas y fraude, da\u00f1os y lesiones culposas, despojo, despojo calificado, extorsi\u00f3n, homicidio en grado de tentativa, incumplimiento de las obligaciones de asistencia familiar, lesiones, robo calificado, violencia familiar y privaci\u00f3n de la libertad, robo a casa habitaci\u00f3n en colaboraci\u00f3n con Baja California, violaci\u00f3n equiparada en colaboraci\u00f3n con Bajar California, sumaron una orden de aprehensi\u00f3n cada uno.<\/p>\n\n\n\n<p>Los cateos cumplimentaron tuvieron como causa delitos contra la salud, seis; homicidio, dos; robo de veh\u00edculos, dos; personas desaparecidas, uno y trata de personas, uno.<\/p>\n\n\n\n<p>En el lapso mencionado, esta Representaci\u00f3n Social obtuvo cuatro sentencias condenatorias: dos por homicidio calificado, una por homicidio en ri\u00f1a y una m\u00e1s por violaci\u00f3n.<\/p>\n\n\n\n<p>Las carpetas de investigaci\u00f3n abiertas fueron 994, 911 con detenidos y 83 sin detenidos; adem\u00e1s de 122 detenciones en flagrancia del delito.<\/p>\n\n\n\n<p>En la conferencia de prensa tambi\u00e9n estuvieron presentes Cristina Torres G\u00f3mez, Secretaria de Gobierno; Contralmirante Julio C\u00e9sar G\u00f3mez Torres, Secretario de Seguridad Ciudadana; General de Brigada Diplomado de Estado Mayor Fidel Mondrag\u00f3n Rivero, Comandante de la 34\u00aa. Zona Militar y Vicealmirante Diplomado de Estado Mayor Marco Antonio Mu\u00f1oz Hern\u00e1ndez, Comandante de la XI Zona Naval de Chetumal.<\/p>\n","protected":false},"excerpt":{"rendered":"<p>El Fiscal General dio a conocer que, durante el periodo referido, obtuvieron cuatro sentencias condenatorias: dos por homicidio calificado, una por homicidio en ri\u00f1a y una m\u00e1s por violaci\u00f3n.<\/p>\n","protected":false},"author":1,"featured_media":15515,"comment_status":"open","ping_status":"closed","sticky":false,"template":"","format":"standard","meta":{"footnotes":""},"categories":[6],"tags":[200,1498],"class_list":["post-15513","post","type-post","status-publish","format-standard","has-post-thumbnail","hentry","category-cancun","tag-fge","tag-raciel-lopez-salazar"],"yoast_head":"<!-- This site is optimized with the Yoast SEO plugin v27.1.1 - https:\/\/yoast.com\/product\/yoast-seo-wordpress\/ -->\n<title>Logra FGE de Quintana Roo 62 vinculaciones a proceso, adem\u00e1s cumpliment\u00f3 32 \u00f3rdenes de aprehensi\u00f3n y 12 cateos en la primera semana de junio - Panorama Ciudadano<\/title>\n<meta name=\"robots\" content=\"index, follow, max-snippet:-1, max-image-preview:large, max-video-preview:-1\" \/>\n<link rel=\"canonical\" href=\"https:\/\/panoramaciudadano.com\/index.php\/2025\/06\/11\/logra-fge-de-quintana-roo-62-vinculaciones-a-proceso-ademas-cumplimento-32-ordenes-de-aprehension-y-12-cateos-en-la-primera-semana-de-junio\/\" \/>\n<meta property=\"og:locale\" content=\"es_ES\" \/>\n<meta property=\"og:type\" content=\"article\" \/>\n<meta property=\"og:title\" content=\"Logra FGE de Quintana Roo 62 vinculaciones a proceso, adem\u00e1s cumpliment\u00f3 32 \u00f3rdenes de aprehensi\u00f3n y 12 cateos en la primera semana de junio - Panorama Ciudadano\" \/>\n<meta property=\"og:description\" content=\"El Fiscal General dio a conocer que, durante el periodo referido, obtuvieron cuatro sentencias condenatorias: dos por homicidio calificado, una por homicidio en ri\u00f1a y una m\u00e1s por violaci\u00f3n.\" \/>\n<meta property=\"og:url\" content=\"https:\/\/panoramaciudadano.com\/index.php\/2025\/06\/11\/logra-fge-de-quintana-roo-62-vinculaciones-a-proceso-ademas-cumplimento-32-ordenes-de-aprehension-y-12-cateos-en-la-primera-semana-de-junio\/\" \/>\n<meta property=\"og:site_name\" content=\"Panorama Ciudadano\" \/>\n<meta property=\"article:publisher\" content=\"https:\/\/www.facebook.com\/panoramaciudadano\" \/>\n<meta property=\"article:published_time\" content=\"2025-06-11T15:32:16+00:00\" \/>\n<meta property=\"article:modified_time\" content=\"2025-06-11T15:32:18+00:00\" \/>\n<meta property=\"og:image\" content=\"https:\/\/panoramaciudadano.com\/wp-content\/uploads\/2025\/06\/2-93.jpeg\" \/>\n\t<meta property=\"og:image:width\" content=\"1600\" \/>\n\t<meta property=\"og:image:height\" content=\"1066\" \/>\n\t<meta property=\"og:image:type\" content=\"image\/jpeg\" \/>\n<meta name=\"author\" content=\"admin\" \/>\n<meta name=\"twitter:card\" content=\"summary_large_image\" \/>\n<meta name=\"twitter:label1\" content=\"Escrito por\" \/>\n\t<meta name=\"twitter:data1\" content=\"admin\" \/>\n\t<meta name=\"twitter:label2\" content=\"Tiempo de lectura\" \/>\n\t<meta name=\"twitter:data2\" content=\"3 minutos\" \/>\n<script type=\"application\/ld+json\" class=\"yoast-schema-graph\">{\"@context\":\"https:\/\/schema.org\",\"@graph\":[{\"@type\":\"Article\",\"@id\":\"https:\/\/panoramaciudadano.com\/index.php\/2025\/06\/11\/logra-fge-de-quintana-roo-62-vinculaciones-a-proceso-ademas-cumplimento-32-ordenes-de-aprehension-y-12-cateos-en-la-primera-semana-de-junio\/#article\",\"isPartOf\":{\"@id\":\"https:\/\/panoramaciudadano.com\/index.php\/2025\/06\/11\/logra-fge-de-quintana-roo-62-vinculaciones-a-proceso-ademas-cumplimento-32-ordenes-de-aprehension-y-12-cateos-en-la-primera-semana-de-junio\/\"},\"author\":{\"name\":\"admin\",\"@id\":\"https:\/\/panoramaciudadano.com\/#\/schema\/person\/ffe9fe8ef47d3a93977b5761fd9e0d96\"},\"headline\":\"Logra FGE de Quintana Roo 62 vinculaciones a proceso, adem\u00e1s cumpliment\u00f3 32 \u00f3rdenes de aprehensi\u00f3n y 12 cateos en la primera semana de junio\",\"datePublished\":\"2025-06-11T15:32:16+00:00\",\"dateModified\":\"2025-06-11T15:32:18+00:00\",\"mainEntityOfPage\":{\"@id\":\"https:\/\/panoramaciudadano.com\/index.php\/2025\/06\/11\/logra-fge-de-quintana-roo-62-vinculaciones-a-proceso-ademas-cumplimento-32-ordenes-de-aprehension-y-12-cateos-en-la-primera-semana-de-junio\/\"},\"wordCount\":433,\"commentCount\":0,\"publisher\":{\"@id\":\"https:\/\/panoramaciudadano.com\/#organization\"},\"image\":{\"@id\":\"https:\/\/panoramaciudadano.com\/index.php\/2025\/06\/11\/logra-fge-de-quintana-roo-62-vinculaciones-a-proceso-ademas-cumplimento-32-ordenes-de-aprehension-y-12-cateos-en-la-primera-semana-de-junio\/#primaryimage\"},\"thumbnailUrl\":\"https:\/\/panoramaciudadano.com\/wp-content\/uploads\/2025\/06\/2-93.jpeg\",\"keywords\":[\"FGE\",\"Raciel L\u00f3pez Salazar\"],\"articleSection\":[\"Canc\u00fan\"],\"inLanguage\":\"es\",\"potentialAction\":[{\"@type\":\"CommentAction\",\"name\":\"Comment\",\"target\":[\"https:\/\/panoramaciudadano.com\/index.php\/2025\/06\/11\/logra-fge-de-quintana-roo-62-vinculaciones-a-proceso-ademas-cumplimento-32-ordenes-de-aprehension-y-12-cateos-en-la-primera-semana-de-junio\/#respond\"]}]},{\"@type\":\"WebPage\",\"@id\":\"https:\/\/panoramaciudadano.com\/index.php\/2025\/06\/11\/logra-fge-de-quintana-roo-62-vinculaciones-a-proceso-ademas-cumplimento-32-ordenes-de-aprehension-y-12-cateos-en-la-primera-semana-de-junio\/\",\"url\":\"https:\/\/panoramaciudadano.com\/index.php\/2025\/06\/11\/logra-fge-de-quintana-roo-62-vinculaciones-a-proceso-ademas-cumplimento-32-ordenes-de-aprehension-y-12-cateos-en-la-primera-semana-de-junio\/\",\"name\":\"Logra FGE de Quintana Roo 62 vinculaciones a proceso, adem\u00e1s cumpliment\u00f3 32 \u00f3rdenes de aprehensi\u00f3n y 12 cateos en la primera semana de junio - Panorama Ciudadano\",\"isPartOf\":{\"@id\":\"https:\/\/panoramaciudadano.com\/#website\"},\"primaryImageOfPage\":{\"@id\":\"https:\/\/panoramaciudadano.com\/index.php\/2025\/06\/11\/logra-fge-de-quintana-roo-62-vinculaciones-a-proceso-ademas-cumplimento-32-ordenes-de-aprehension-y-12-cateos-en-la-primera-semana-de-junio\/#primaryimage\"},\"image\":{\"@id\":\"https:\/\/panoramaciudadano.com\/index.php\/2025\/06\/11\/logra-fge-de-quintana-roo-62-vinculaciones-a-proceso-ademas-cumplimento-32-ordenes-de-aprehension-y-12-cateos-en-la-primera-semana-de-junio\/#primaryimage\"},\"thumbnailUrl\":\"https:\/\/panoramaciudadano.com\/wp-content\/uploads\/2025\/06\/2-93.jpeg\",\"datePublished\":\"2025-06-11T15:32:16+00:00\",\"dateModified\":\"2025-06-11T15:32:18+00:00\",\"breadcrumb\":{\"@id\":\"https:\/\/panoramaciudadano.com\/index.php\/2025\/06\/11\/logra-fge-de-quintana-roo-62-vinculaciones-a-proceso-ademas-cumplimento-32-ordenes-de-aprehension-y-12-cateos-en-la-primera-semana-de-junio\/#breadcrumb\"},\"inLanguage\":\"es\",\"potentialAction\":[{\"@type\":\"ReadAction\",\"target\":[\"https:\/\/panoramaciudadano.com\/index.php\/2025\/06\/11\/logra-fge-de-quintana-roo-62-vinculaciones-a-proceso-ademas-cumplimento-32-ordenes-de-aprehension-y-12-cateos-en-la-primera-semana-de-junio\/\"]}]},{\"@type\":\"ImageObject\",\"inLanguage\":\"es\",\"@id\":\"https:\/\/panoramaciudadano.com\/index.php\/2025\/06\/11\/logra-fge-de-quintana-roo-62-vinculaciones-a-proceso-ademas-cumplimento-32-ordenes-de-aprehension-y-12-cateos-en-la-primera-semana-de-junio\/#primaryimage\",\"url\":\"https:\/\/panoramaciudadano.com\/wp-content\/uploads\/2025\/06\/2-93.jpeg\",\"contentUrl\":\"https:\/\/panoramaciudadano.com\/wp-content\/uploads\/2025\/06\/2-93.jpeg\",\"width\":1600,\"height\":1066},{\"@type\":\"BreadcrumbList\",\"@id\":\"https:\/\/panoramaciudadano.com\/index.php\/2025\/06\/11\/logra-fge-de-quintana-roo-62-vinculaciones-a-proceso-ademas-cumplimento-32-ordenes-de-aprehension-y-12-cateos-en-la-primera-semana-de-junio\/#breadcrumb\",\"itemListElement\":[{\"@type\":\"ListItem\",\"position\":1,\"name\":\"Portada\",\"item\":\"https:\/\/panoramaciudadano.com\/\"},{\"@type\":\"ListItem\",\"position\":2,\"name\":\"Logra FGE de Quintana Roo 62 vinculaciones a proceso, adem\u00e1s cumpliment\u00f3 32 \u00f3rdenes de aprehensi\u00f3n y 12 cateos en la primera semana de junio\"}]},{\"@type\":\"WebSite\",\"@id\":\"https:\/\/panoramaciudadano.com\/#website\",\"url\":\"https:\/\/panoramaciudadano.com\/\",\"name\":\"Panorama Ciudadano\",\"description\":\"\",\"publisher\":{\"@id\":\"https:\/\/panoramaciudadano.com\/#organization\"},\"potentialAction\":[{\"@type\":\"SearchAction\",\"target\":{\"@type\":\"EntryPoint\",\"urlTemplate\":\"https:\/\/panoramaciudadano.com\/?s={search_term_string}\"},\"query-input\":{\"@type\":\"PropertyValueSpecification\",\"valueRequired\":true,\"valueName\":\"search_term_string\"}}],\"inLanguage\":\"es\"},{\"@type\":\"Organization\",\"@id\":\"https:\/\/panoramaciudadano.com\/#organization\",\"name\":\"Panorama Ciudadano\",\"url\":\"https:\/\/panoramaciudadano.com\/\",\"logo\":{\"@type\":\"ImageObject\",\"inLanguage\":\"es\",\"@id\":\"https:\/\/panoramaciudadano.com\/#\/schema\/logo\/image\/\",\"url\":\"https:\/\/panoramaciudadano.com\/wp-content\/uploads\/2024\/05\/401498640_919267042938564_6290593609399108733_n.jpg\",\"contentUrl\":\"https:\/\/panoramaciudadano.com\/wp-content\/uploads\/2024\/05\/401498640_919267042938564_6290593609399108733_n.jpg\",\"width\":960,\"height\":957,\"caption\":\"Panorama Ciudadano\"},\"image\":{\"@id\":\"https:\/\/panoramaciudadano.com\/#\/schema\/logo\/image\/\"},\"sameAs\":[\"https:\/\/www.facebook.com\/panoramaciudadano\"]},{\"@type\":\"Person\",\"@id\":\"https:\/\/panoramaciudadano.com\/#\/schema\/person\/ffe9fe8ef47d3a93977b5761fd9e0d96\",\"name\":\"admin\",\"image\":{\"@type\":\"ImageObject\",\"inLanguage\":\"es\",\"@id\":\"https:\/\/panoramaciudadano.com\/#\/schema\/person\/image\/\",\"url\":\"https:\/\/secure.gravatar.com\/avatar\/2d5a12cacce3f18096f25fadea8abb7202fef18ed669595589853e84260ff451?s=96&d=mm&r=g\",\"contentUrl\":\"https:\/\/secure.gravatar.com\/avatar\/2d5a12cacce3f18096f25fadea8abb7202fef18ed669595589853e84260ff451?s=96&d=mm&r=g\",\"caption\":\"admin\"},\"sameAs\":[\"https:\/\/panoramaciudadano.com\"],\"url\":\"https:\/\/panoramaciudadano.com\/index.php\/author\/admin_3q6hyqq3\/\"}]}<\/script>\n<!-- \/ Yoast SEO plugin. -->","yoast_head_json":{"title":"Logra FGE de Quintana Roo 62 vinculaciones a proceso, adem\u00e1s cumpliment\u00f3 32 \u00f3rdenes de aprehensi\u00f3n y 12 cateos en la primera semana de junio - Panorama Ciudadano","robots":{"index":"index","follow":"follow","max-snippet":"max-snippet:-1","max-image-preview":"max-image-preview:large","max-video-preview":"max-video-preview:-1"},"canonical":"https:\/\/panoramaciudadano.com\/index.php\/2025\/06\/11\/logra-fge-de-quintana-roo-62-vinculaciones-a-proceso-ademas-cumplimento-32-ordenes-de-aprehension-y-12-cateos-en-la-primera-semana-de-junio\/","og_locale":"es_ES","og_type":"article","og_title":"Logra FGE de Quintana Roo 62 vinculaciones a proceso, adem\u00e1s cumpliment\u00f3 32 \u00f3rdenes de aprehensi\u00f3n y 12 cateos en la primera semana de junio - Panorama Ciudadano","og_description":"El Fiscal General dio a conocer que, durante el periodo referido, obtuvieron cuatro sentencias condenatorias: dos por homicidio calificado, una por homicidio en ri\u00f1a y una m\u00e1s por violaci\u00f3n.","og_url":"https:\/\/panoramaciudadano.com\/index.php\/2025\/06\/11\/logra-fge-de-quintana-roo-62-vinculaciones-a-proceso-ademas-cumplimento-32-ordenes-de-aprehension-y-12-cateos-en-la-primera-semana-de-junio\/","og_site_name":"Panorama Ciudadano","article_publisher":"https:\/\/www.facebook.com\/panoramaciudadano","article_published_time":"2025-06-11T15:32:16+00:00","article_modified_time":"2025-06-11T15:32:18+00:00","og_image":[{"width":1600,"height":1066,"url":"https:\/\/panoramaciudadano.com\/wp-content\/uploads\/2025\/06\/2-93.jpeg","type":"image\/jpeg"}],"author":"admin","twitter_card":"summary_large_image","twitter_misc":{"Escrito por":"admin","Tiempo de lectura":"3 minutos"},"schema":{"@context":"https:\/\/schema.org","@graph":[{"@type":"Article","@id":"https:\/\/panoramaciudadano.com\/index.php\/2025\/06\/11\/logra-fge-de-quintana-roo-62-vinculaciones-a-proceso-ademas-cumplimento-32-ordenes-de-aprehension-y-12-cateos-en-la-primera-semana-de-junio\/#article","isPartOf":{"@id":"https:\/\/panoramaciudadano.com\/index.php\/2025\/06\/11\/logra-fge-de-quintana-roo-62-vinculaciones-a-proceso-ademas-cumplimento-32-ordenes-de-aprehension-y-12-cateos-en-la-primera-semana-de-junio\/"},"author":{"name":"admin","@id":"https:\/\/panoramaciudadano.com\/#\/schema\/person\/ffe9fe8ef47d3a93977b5761fd9e0d96"},"headline":"Logra FGE de Quintana Roo 62 vinculaciones a proceso, adem\u00e1s cumpliment\u00f3 32 \u00f3rdenes de aprehensi\u00f3n y 12 cateos en la primera semana de junio","datePublished":"2025-06-11T15:32:16+00:00","dateModified":"2025-06-11T15:32:18+00:00","mainEntityOfPage":{"@id":"https:\/\/panoramaciudadano.com\/index.php\/2025\/06\/11\/logra-fge-de-quintana-roo-62-vinculaciones-a-proceso-ademas-cumplimento-32-ordenes-de-aprehension-y-12-cateos-en-la-primera-semana-de-junio\/"},"wordCount":433,"commentCount":0,"publisher":{"@id":"https:\/\/panoramaciudadano.com\/#organization"},"image":{"@id":"https:\/\/panoramaciudadano.com\/index.php\/2025\/06\/11\/logra-fge-de-quintana-roo-62-vinculaciones-a-proceso-ademas-cumplimento-32-ordenes-de-aprehension-y-12-cateos-en-la-primera-semana-de-junio\/#primaryimage"},"thumbnailUrl":"https:\/\/panoramaciudadano.com\/wp-content\/uploads\/2025\/06\/2-93.jpeg","keywords":["FGE","Raciel L\u00f3pez Salazar"],"articleSection":["Canc\u00fan"],"inLanguage":"es","potentialAction":[{"@type":"CommentAction","name":"Comment","target":["https:\/\/panoramaciudadano.com\/index.php\/2025\/06\/11\/logra-fge-de-quintana-roo-62-vinculaciones-a-proceso-ademas-cumplimento-32-ordenes-de-aprehension-y-12-cateos-en-la-primera-semana-de-junio\/#respond"]}]},{"@type":"WebPage","@id":"https:\/\/panoramaciudadano.com\/index.php\/2025\/06\/11\/logra-fge-de-quintana-roo-62-vinculaciones-a-proceso-ademas-cumplimento-32-ordenes-de-aprehension-y-12-cateos-en-la-primera-semana-de-junio\/","url":"https:\/\/panoramaciudadano.com\/index.php\/2025\/06\/11\/logra-fge-de-quintana-roo-62-vinculaciones-a-proceso-ademas-cumplimento-32-ordenes-de-aprehension-y-12-cateos-en-la-primera-semana-de-junio\/","name":"Logra FGE de Quintana Roo 62 vinculaciones a proceso, adem\u00e1s cumpliment\u00f3 32 \u00f3rdenes de aprehensi\u00f3n y 12 cateos en la primera semana de junio - Panorama Ciudadano","isPartOf":{"@id":"https:\/\/panoramaciudadano.com\/#website"},"primaryImageOfPage":{"@id":"https:\/\/panoramaciudadano.com\/index.php\/2025\/06\/11\/logra-fge-de-quintana-roo-62-vinculaciones-a-proceso-ademas-cumplimento-32-ordenes-de-aprehension-y-12-cateos-en-la-primera-semana-de-junio\/#primaryimage"},"image":{"@id":"https:\/\/panoramaciudadano.com\/index.php\/2025\/06\/11\/logra-fge-de-quintana-roo-62-vinculaciones-a-proceso-ademas-cumplimento-32-ordenes-de-aprehension-y-12-cateos-en-la-primera-semana-de-junio\/#primaryimage"},"thumbnailUrl":"https:\/\/panoramaciudadano.com\/wp-content\/uploads\/2025\/06\/2-93.jpeg","datePublished":"2025-06-11T15:32:16+00:00","dateModified":"2025-06-11T15:32:18+00:00","breadcrumb":{"@id":"https:\/\/panoramaciudadano.com\/index.php\/2025\/06\/11\/logra-fge-de-quintana-roo-62-vinculaciones-a-proceso-ademas-cumplimento-32-ordenes-de-aprehension-y-12-cateos-en-la-primera-semana-de-junio\/#breadcrumb"},"inLanguage":"es","potentialAction":[{"@type":"ReadAction","target":["https:\/\/panoramaciudadano.com\/index.php\/2025\/06\/11\/logra-fge-de-quintana-roo-62-vinculaciones-a-proceso-ademas-cumplimento-32-ordenes-de-aprehension-y-12-cateos-en-la-primera-semana-de-junio\/"]}]},{"@type":"ImageObject","inLanguage":"es","@id":"https:\/\/panoramaciudadano.com\/index.php\/2025\/06\/11\/logra-fge-de-quintana-roo-62-vinculaciones-a-proceso-ademas-cumplimento-32-ordenes-de-aprehension-y-12-cateos-en-la-primera-semana-de-junio\/#primaryimage","url":"https:\/\/panoramaciudadano.com\/wp-content\/uploads\/2025\/06\/2-93.jpeg","contentUrl":"https:\/\/panoramaciudadano.com\/wp-content\/uploads\/2025\/06\/2-93.jpeg","width":1600,"height":1066},{"@type":"BreadcrumbList","@id":"https:\/\/panoramaciudadano.com\/index.php\/2025\/06\/11\/logra-fge-de-quintana-roo-62-vinculaciones-a-proceso-ademas-cumplimento-32-ordenes-de-aprehension-y-12-cateos-en-la-primera-semana-de-junio\/#breadcrumb","itemListElement":[{"@type":"ListItem","position":1,"name":"Portada","item":"https:\/\/panoramaciudadano.com\/"},{"@type":"ListItem","position":2,"name":"Logra FGE de Quintana Roo 62 vinculaciones a proceso, adem\u00e1s cumpliment\u00f3 32 \u00f3rdenes de aprehensi\u00f3n y 12 cateos en la primera semana de junio"}]},{"@type":"WebSite","@id":"https:\/\/panoramaciudadano.com\/#website","url":"https:\/\/panoramaciudadano.com\/","name":"Panorama Ciudadano","description":"","publisher":{"@id":"https:\/\/panoramaciudadano.com\/#organization"},"potentialAction":[{"@type":"SearchAction","target":{"@type":"EntryPoint","urlTemplate":"https:\/\/panoramaciudadano.com\/?s={search_term_string}"},"query-input":{"@type":"PropertyValueSpecification","valueRequired":true,"valueName":"search_term_string"}}],"inLanguage":"es"},{"@type":"Organization","@id":"https:\/\/panoramaciudadano.com\/#organization","name":"Panorama Ciudadano","url":"https:\/\/panoramaciudadano.com\/","logo":{"@type":"ImageObject","inLanguage":"es","@id":"https:\/\/panoramaciudadano.com\/#\/schema\/logo\/image\/","url":"https:\/\/panoramaciudadano.com\/wp-content\/uploads\/2024\/05\/401498640_919267042938564_6290593609399108733_n.jpg","contentUrl":"https:\/\/panoramaciudadano.com\/wp-content\/uploads\/2024\/05\/401498640_919267042938564_6290593609399108733_n.jpg","width":960,"height":957,"caption":"Panorama Ciudadano"},"image":{"@id":"https:\/\/panoramaciudadano.com\/#\/schema\/logo\/image\/"},"sameAs":["https:\/\/www.facebook.com\/panoramaciudadano"]},{"@type":"Person","@id":"https:\/\/panoramaciudadano.com\/#\/schema\/person\/ffe9fe8ef47d3a93977b5761fd9e0d96","name":"admin","image":{"@type":"ImageObject","inLanguage":"es","@id":"https:\/\/panoramaciudadano.com\/#\/schema\/person\/image\/","url":"https:\/\/secure.gravatar.com\/avatar\/2d5a12cacce3f18096f25fadea8abb7202fef18ed669595589853e84260ff451?s=96&d=mm&r=g","contentUrl":"https:\/\/secure.gravatar.com\/avatar\/2d5a12cacce3f18096f25fadea8abb7202fef18ed669595589853e84260ff451?s=96&d=mm&r=g","caption":"admin"},"sameAs":["https:\/\/panoramaciudadano.com"],"url":"https:\/\/panoramaciudadano.com\/index.php\/author\/admin_3q6hyqq3\/"}]}},"_links":{"self":[{"href":"https:\/\/panoramaciudadano.com\/index.php\/wp-json\/wp\/v2\/posts\/15513","targetHints":{"allow":["GET"]}}],"collection":[{"href":"https:\/\/panoramaciudadano.com\/index.php\/wp-json\/wp\/v2\/posts"}],"about":[{"href":"https:\/\/panoramaciudadano.com\/index.php\/wp-json\/wp\/v2\/types\/post"}],"author":[{"embeddable":true,"href":"https:\/\/panoramaciudadano.com\/index.php\/wp-json\/wp\/v2\/users\/1"}],"replies":[{"embeddable":true,"href":"https:\/\/panoramaciudadano.com\/index.php\/wp-json\/wp\/v2\/comments?post=15513"}],"version-history":[{"count":1,"href":"https:\/\/panoramaciudadano.com\/index.php\/wp-json\/wp\/v2\/posts\/15513\/revisions"}],"predecessor-version":[{"id":15516,"href":"https:\/\/panoramaciudadano.com\/index.php\/wp-json\/wp\/v2\/posts\/15513\/revisions\/15516"}],"wp:featuredmedia":[{"embeddable":true,"href":"https:\/\/panoramaciudadano.com\/index.php\/wp-json\/wp\/v2\/media\/15515"}],"wp:attachment":[{"href":"https:\/\/panoramaciudadano.com\/index.php\/wp-json\/wp\/v2\/media?parent=15513"}],"wp:term":[{"taxonomy":"category","embeddable":true,"href":"https:\/\/panoramaciudadano.com\/index.php\/wp-json\/wp\/v2\/categories?post=15513"},{"taxonomy":"post_tag","embeddable":true,"href":"https:\/\/panoramaciudadano.com\/index.php\/wp-json\/wp\/v2\/tags?post=15513"}],"curies":[{"name":"wp","href":"https:\/\/api.w.org\/{rel}","templated":true}]}}