{"id":15547,"date":"2025-06-11T10:50:07","date_gmt":"2025-06-11T15:50:07","guid":{"rendered":"https:\/\/panoramaciudadano.com\/?p=15547"},"modified":"2025-06-11T10:50:12","modified_gmt":"2025-06-11T15:50:12","slug":"construyamos-un-cancun-de-paz-a-traves-del-deporte-ana-paty-peralta","status":"publish","type":"post","link":"https:\/\/panoramaciudadano.com\/index.php\/2025\/06\/11\/construyamos-un-cancun-de-paz-a-traves-del-deporte-ana-paty-peralta\/","title":{"rendered":"CONSTRUYAMOS UN CANC\u00daN DE PAZ A TRAV\u00c9S DEL DEPORTE: ANA PATY PERALTA"},"content":{"rendered":"\n<figure class=\"wp-block-gallery has-nested-images columns-default is-cropped wp-block-gallery-1 is-layout-flex wp-block-gallery-is-layout-flex\">\n<figure class=\"wp-block-image size-large\"><img decoding=\"async\" width=\"960\" height=\"640\" data-id=\"15552\" src=\"https:\/\/panoramaciudadano.com\/wp-content\/uploads\/2025\/06\/3-88.jpeg\" alt=\"\" class=\"wp-image-15552\" srcset=\"https:\/\/panoramaciudadano.com\/wp-content\/uploads\/2025\/06\/3-88.jpeg 960w, https:\/\/panoramaciudadano.com\/wp-content\/uploads\/2025\/06\/3-88-300x200.jpeg 300w, https:\/\/panoramaciudadano.com\/wp-content\/uploads\/2025\/06\/3-88-768x512.jpeg 768w\" sizes=\"(max-width: 960px) 100vw, 960px\" \/><\/figure>\n\n\n\n<figure class=\"wp-block-image size-large\"><img decoding=\"async\" width=\"960\" height=\"720\" data-id=\"15551\" src=\"https:\/\/panoramaciudadano.com\/wp-content\/uploads\/2025\/06\/4-66.jpeg\" alt=\"\" class=\"wp-image-15551\" srcset=\"https:\/\/panoramaciudadano.com\/wp-content\/uploads\/2025\/06\/4-66.jpeg 960w, https:\/\/panoramaciudadano.com\/wp-content\/uploads\/2025\/06\/4-66-300x225.jpeg 300w, https:\/\/panoramaciudadano.com\/wp-content\/uploads\/2025\/06\/4-66-768x576.jpeg 768w\" sizes=\"(max-width: 960px) 100vw, 960px\" \/><\/figure>\n\n\n\n<figure class=\"wp-block-image size-large\"><img decoding=\"async\" width=\"960\" height=\"720\" data-id=\"15550\" src=\"https:\/\/panoramaciudadano.com\/wp-content\/uploads\/2025\/06\/5-28.jpeg\" alt=\"\" class=\"wp-image-15550\" srcset=\"https:\/\/panoramaciudadano.com\/wp-content\/uploads\/2025\/06\/5-28.jpeg 960w, https:\/\/panoramaciudadano.com\/wp-content\/uploads\/2025\/06\/5-28-300x225.jpeg 300w, https:\/\/panoramaciudadano.com\/wp-content\/uploads\/2025\/06\/5-28-768x576.jpeg 768w\" sizes=\"(max-width: 960px) 100vw, 960px\" \/><\/figure>\n\n\n\n<figure class=\"wp-block-image size-large\"><img decoding=\"async\" width=\"960\" height=\"640\" data-id=\"15548\" src=\"https:\/\/panoramaciudadano.com\/wp-content\/uploads\/2025\/06\/6-13.jpeg\" alt=\"\" class=\"wp-image-15548\" srcset=\"https:\/\/panoramaciudadano.com\/wp-content\/uploads\/2025\/06\/6-13.jpeg 960w, https:\/\/panoramaciudadano.com\/wp-content\/uploads\/2025\/06\/6-13-300x200.jpeg 300w, https:\/\/panoramaciudadano.com\/wp-content\/uploads\/2025\/06\/6-13-768x512.jpeg 768w\" sizes=\"(max-width: 960px) 100vw, 960px\" \/><\/figure>\n\n\n\n<figure class=\"wp-block-image size-large\"><img decoding=\"async\" width=\"960\" height=\"720\" data-id=\"15549\" src=\"https:\/\/panoramaciudadano.com\/wp-content\/uploads\/2025\/06\/WhatsApp-Image-2025-06-11-at-07.21.49.jpeg\" alt=\"\" class=\"wp-image-15549\" srcset=\"https:\/\/panoramaciudadano.com\/wp-content\/uploads\/2025\/06\/WhatsApp-Image-2025-06-11-at-07.21.49.jpeg 960w, https:\/\/panoramaciudadano.com\/wp-content\/uploads\/2025\/06\/WhatsApp-Image-2025-06-11-at-07.21.49-300x225.jpeg 300w, https:\/\/panoramaciudadano.com\/wp-content\/uploads\/2025\/06\/WhatsApp-Image-2025-06-11-at-07.21.49-768x576.jpeg 768w\" sizes=\"(max-width: 960px) 100vw, 960px\" \/><\/figure>\n<\/figure>\n\n\n\n<p>\u2022\u2060 \u2060Realizan la quinta jornada \u201cEl Futbol Nos Une, Todos por la Paz\u201d en la Sm. 249<\/p>\n\n\n\n<p>Canc\u00fan, Q. R., a 10 de junio de 2025.- \u201cLes reitero nuestro compromiso de continuar impulsando el deporte, las \u00e1reas deportivas, espacios recreativos y becas como las que otorgamos para el campamento Tenple Sport Center en Madrid, Espa\u00f1a, para que cada vez m\u00e1s ni\u00f1as, ni\u00f1os y j\u00f3venes puedan alcanzar sus sue\u00f1os\u201d, enfatiz\u00f3 la Presidenta Municipal, Ana Paty Peralta, en la quinta edici\u00f3n del programa \u201cEl Futbol Nos Une, Todos por la Paz\u201d.<\/p>\n\n\n\n<p>Desde el reci\u00e9n inaugurado Parque Xiimbal del fraccionamiento Privadas Sacb\u00e9 en la Supermanzana 249, la Alcaldesa record\u00f3 que este espacio p\u00fablico fue un compromiso cumplido de la mano de la gobernadora Mara Lezama, por lo que en este d\u00eda contin\u00faan fortaleciendo la uni\u00f3n y la comunidad entre los vecinos de la zona.<\/p>\n\n\n\n<p>Adem\u00e1s, dio a conocer que actualmente, gracias a las escuelas del Club Pioneros, m\u00e1s de mil 250 ni\u00f1as, ni\u00f1os y adolescentes se encuentran disfrutando de su pasi\u00f3n por el futbol, aprendiendo tambi\u00e9n sobre valores como la amistad, el respeto, la responsabilidad, la disciplina o la inclusi\u00f3n.<\/p>\n\n\n\n<p>\u201cEste evento es un ejemplo de c\u00f3mo, a trav\u00e9s del deporte, podemos sembrar paz, valores y oportunidades para reconstruir el tejido social en cada rinc\u00f3n de nuestro municipio\u201d, expres\u00f3.<\/p>\n\n\n\n<p>Ante decenas de residentes de todas las edades, la Alcaldesa hizo un llamado para hacer suyo dicho parque, a mantenerlo limpio y cuidado para que por muchos a\u00f1os puedan seguir practicando deporte.<\/p>\n\n\n\n<p>Por su parte, el vicepresidente de la Asociaci\u00f3n de F\u00fatbol Pioneros, A. C., Daniel Arreola Arg\u00fcello, inform\u00f3 que con esta actividad arranca de manera oficial el doceavo Centro de Formaci\u00f3n (CEFOR) del Club Pioneros, tomando como nombre \u201cCEFOR Sm. 249, Pioneros Sacb\u00e9\u201d.<\/p>\n\n\n\n<p>Luego de estas palabras, Ana Paty Peralta, Daniel Arreola, el secretario general del Ayuntamiento, Pablo Guti\u00e9rrez Fern\u00e1ndez, entre otras autoridades se unieron a la ni\u00f1ez y juventud para disfrutar de un partido de f\u00fatbol, donde compartieron momentos de alegr\u00eda y diversi\u00f3n.<\/p>\n\n\n\n<p>Como parte del evento tambi\u00e9n se acercaron diversos m\u00f3dulos informativos de las dependencias municipales como el Instituto Municipal Contra las Adicciones, Instituto Municipal de la Mujer, Instituto Municipal de la Juventud, la Secretar\u00eda Ejecutiva del Sistema Municipal de Protecci\u00f3n Integral de Ni\u00f1as, Ni\u00f1os y Adolescentes (SIPINNA), y el Grupo Especializado de Atenci\u00f3n a la Violencia Familiar y de G\u00e9nero (GEAVIG), entre otros.<\/p>\n\n\n\n<p>Adem\u00e1s, se cont\u00f3 con servicios gratuitos como: brigada m\u00e9dica y nutricional, corte de cabello, vacunaci\u00f3n para perros y gatos, donaci\u00f3n de plantas, juegos did\u00e1cticos, pintura y dibujo, por mencionar algunos.<\/p>\n\n\n\n<hr class=\"wp-block-separator has-alpha-channel-opacity\"\/>\n","protected":false},"excerpt":{"rendered":"<p>Realizan la quinta jornada \u201cEl Futbol Nos Une, Todos por la Paz\u201d en la Sm. 249.<\/p>\n","protected":false},"author":1,"featured_media":15553,"comment_status":"open","ping_status":"closed","sticky":false,"template":"","format":"standard","meta":{"footnotes":""},"categories":[6],"tags":[145],"class_list":["post-15547","post","type-post","status-publish","format-standard","has-post-thumbnail","hentry","category-cancun","tag-ana-paty-peralta"],"yoast_head":"<!-- This site is optimized with the Yoast SEO plugin v27.1.1 - https:\/\/yoast.com\/product\/yoast-seo-wordpress\/ -->\n<title>CONSTRUYAMOS UN CANC\u00daN DE PAZ A TRAV\u00c9S DEL DEPORTE: ANA PATY PERALTA - Panorama Ciudadano<\/title>\n<meta name=\"robots\" content=\"index, follow, max-snippet:-1, max-image-preview:large, max-video-preview:-1\" \/>\n<link rel=\"canonical\" href=\"https:\/\/panoramaciudadano.com\/index.php\/2025\/06\/11\/construyamos-un-cancun-de-paz-a-traves-del-deporte-ana-paty-peralta\/\" \/>\n<meta property=\"og:locale\" content=\"es_ES\" \/>\n<meta property=\"og:type\" content=\"article\" \/>\n<meta property=\"og:title\" content=\"CONSTRUYAMOS UN CANC\u00daN DE PAZ A TRAV\u00c9S DEL DEPORTE: ANA PATY PERALTA - Panorama Ciudadano\" \/>\n<meta property=\"og:description\" content=\"Realizan la quinta jornada \u201cEl Futbol Nos Une, Todos por la Paz\u201d en la Sm. 249.\" \/>\n<meta property=\"og:url\" content=\"https:\/\/panoramaciudadano.com\/index.php\/2025\/06\/11\/construyamos-un-cancun-de-paz-a-traves-del-deporte-ana-paty-peralta\/\" \/>\n<meta property=\"og:site_name\" content=\"Panorama Ciudadano\" \/>\n<meta property=\"article:publisher\" content=\"https:\/\/www.facebook.com\/panoramaciudadano\" \/>\n<meta property=\"article:published_time\" content=\"2025-06-11T15:50:07+00:00\" \/>\n<meta property=\"article:modified_time\" content=\"2025-06-11T15:50:12+00:00\" \/>\n<meta property=\"og:image\" content=\"https:\/\/panoramaciudadano.com\/wp-content\/uploads\/2025\/06\/2-98.jpeg\" \/>\n\t<meta property=\"og:image:width\" content=\"960\" \/>\n\t<meta property=\"og:image:height\" content=\"640\" \/>\n\t<meta property=\"og:image:type\" content=\"image\/jpeg\" \/>\n<meta name=\"author\" content=\"admin\" \/>\n<meta name=\"twitter:card\" content=\"summary_large_image\" \/>\n<meta name=\"twitter:label1\" content=\"Escrito por\" \/>\n\t<meta name=\"twitter:data1\" content=\"admin\" \/>\n\t<meta name=\"twitter:label2\" content=\"Tiempo de lectura\" \/>\n\t<meta name=\"twitter:data2\" content=\"4 minutos\" \/>\n<script type=\"application\/ld+json\" class=\"yoast-schema-graph\">{\"@context\":\"https:\/\/schema.org\",\"@graph\":[{\"@type\":\"Article\",\"@id\":\"https:\/\/panoramaciudadano.com\/index.php\/2025\/06\/11\/construyamos-un-cancun-de-paz-a-traves-del-deporte-ana-paty-peralta\/#article\",\"isPartOf\":{\"@id\":\"https:\/\/panoramaciudadano.com\/index.php\/2025\/06\/11\/construyamos-un-cancun-de-paz-a-traves-del-deporte-ana-paty-peralta\/\"},\"author\":{\"name\":\"admin\",\"@id\":\"https:\/\/panoramaciudadano.com\/#\/schema\/person\/ffe9fe8ef47d3a93977b5761fd9e0d96\"},\"headline\":\"CONSTRUYAMOS UN CANC\u00daN DE PAZ A TRAV\u00c9S DEL DEPORTE: ANA PATY PERALTA\",\"datePublished\":\"2025-06-11T15:50:07+00:00\",\"dateModified\":\"2025-06-11T15:50:12+00:00\",\"mainEntityOfPage\":{\"@id\":\"https:\/\/panoramaciudadano.com\/index.php\/2025\/06\/11\/construyamos-un-cancun-de-paz-a-traves-del-deporte-ana-paty-peralta\/\"},\"wordCount\":478,\"commentCount\":0,\"publisher\":{\"@id\":\"https:\/\/panoramaciudadano.com\/#organization\"},\"image\":{\"@id\":\"https:\/\/panoramaciudadano.com\/index.php\/2025\/06\/11\/construyamos-un-cancun-de-paz-a-traves-del-deporte-ana-paty-peralta\/#primaryimage\"},\"thumbnailUrl\":\"https:\/\/panoramaciudadano.com\/wp-content\/uploads\/2025\/06\/2-98.jpeg\",\"keywords\":[\"Ana Paty Peralta\"],\"articleSection\":[\"Canc\u00fan\"],\"inLanguage\":\"es\",\"potentialAction\":[{\"@type\":\"CommentAction\",\"name\":\"Comment\",\"target\":[\"https:\/\/panoramaciudadano.com\/index.php\/2025\/06\/11\/construyamos-un-cancun-de-paz-a-traves-del-deporte-ana-paty-peralta\/#respond\"]}]},{\"@type\":\"WebPage\",\"@id\":\"https:\/\/panoramaciudadano.com\/index.php\/2025\/06\/11\/construyamos-un-cancun-de-paz-a-traves-del-deporte-ana-paty-peralta\/\",\"url\":\"https:\/\/panoramaciudadano.com\/index.php\/2025\/06\/11\/construyamos-un-cancun-de-paz-a-traves-del-deporte-ana-paty-peralta\/\",\"name\":\"CONSTRUYAMOS UN CANC\u00daN DE PAZ A TRAV\u00c9S DEL DEPORTE: ANA PATY PERALTA - Panorama Ciudadano\",\"isPartOf\":{\"@id\":\"https:\/\/panoramaciudadano.com\/#website\"},\"primaryImageOfPage\":{\"@id\":\"https:\/\/panoramaciudadano.com\/index.php\/2025\/06\/11\/construyamos-un-cancun-de-paz-a-traves-del-deporte-ana-paty-peralta\/#primaryimage\"},\"image\":{\"@id\":\"https:\/\/panoramaciudadano.com\/index.php\/2025\/06\/11\/construyamos-un-cancun-de-paz-a-traves-del-deporte-ana-paty-peralta\/#primaryimage\"},\"thumbnailUrl\":\"https:\/\/panoramaciudadano.com\/wp-content\/uploads\/2025\/06\/2-98.jpeg\",\"datePublished\":\"2025-06-11T15:50:07+00:00\",\"dateModified\":\"2025-06-11T15:50:12+00:00\",\"breadcrumb\":{\"@id\":\"https:\/\/panoramaciudadano.com\/index.php\/2025\/06\/11\/construyamos-un-cancun-de-paz-a-traves-del-deporte-ana-paty-peralta\/#breadcrumb\"},\"inLanguage\":\"es\",\"potentialAction\":[{\"@type\":\"ReadAction\",\"target\":[\"https:\/\/panoramaciudadano.com\/index.php\/2025\/06\/11\/construyamos-un-cancun-de-paz-a-traves-del-deporte-ana-paty-peralta\/\"]}]},{\"@type\":\"ImageObject\",\"inLanguage\":\"es\",\"@id\":\"https:\/\/panoramaciudadano.com\/index.php\/2025\/06\/11\/construyamos-un-cancun-de-paz-a-traves-del-deporte-ana-paty-peralta\/#primaryimage\",\"url\":\"https:\/\/panoramaciudadano.com\/wp-content\/uploads\/2025\/06\/2-98.jpeg\",\"contentUrl\":\"https:\/\/panoramaciudadano.com\/wp-content\/uploads\/2025\/06\/2-98.jpeg\",\"width\":960,\"height\":640},{\"@type\":\"BreadcrumbList\",\"@id\":\"https:\/\/panoramaciudadano.com\/index.php\/2025\/06\/11\/construyamos-un-cancun-de-paz-a-traves-del-deporte-ana-paty-peralta\/#breadcrumb\",\"itemListElement\":[{\"@type\":\"ListItem\",\"position\":1,\"name\":\"Portada\",\"item\":\"https:\/\/panoramaciudadano.com\/\"},{\"@type\":\"ListItem\",\"position\":2,\"name\":\"CONSTRUYAMOS UN CANC\u00daN DE PAZ A TRAV\u00c9S DEL DEPORTE: ANA PATY PERALTA\"}]},{\"@type\":\"WebSite\",\"@id\":\"https:\/\/panoramaciudadano.com\/#website\",\"url\":\"https:\/\/panoramaciudadano.com\/\",\"name\":\"Panorama Ciudadano\",\"description\":\"\",\"publisher\":{\"@id\":\"https:\/\/panoramaciudadano.com\/#organization\"},\"potentialAction\":[{\"@type\":\"SearchAction\",\"target\":{\"@type\":\"EntryPoint\",\"urlTemplate\":\"https:\/\/panoramaciudadano.com\/?s={search_term_string}\"},\"query-input\":{\"@type\":\"PropertyValueSpecification\",\"valueRequired\":true,\"valueName\":\"search_term_string\"}}],\"inLanguage\":\"es\"},{\"@type\":\"Organization\",\"@id\":\"https:\/\/panoramaciudadano.com\/#organization\",\"name\":\"Panorama Ciudadano\",\"url\":\"https:\/\/panoramaciudadano.com\/\",\"logo\":{\"@type\":\"ImageObject\",\"inLanguage\":\"es\",\"@id\":\"https:\/\/panoramaciudadano.com\/#\/schema\/logo\/image\/\",\"url\":\"https:\/\/panoramaciudadano.com\/wp-content\/uploads\/2024\/05\/401498640_919267042938564_6290593609399108733_n.jpg\",\"contentUrl\":\"https:\/\/panoramaciudadano.com\/wp-content\/uploads\/2024\/05\/401498640_919267042938564_6290593609399108733_n.jpg\",\"width\":960,\"height\":957,\"caption\":\"Panorama Ciudadano\"},\"image\":{\"@id\":\"https:\/\/panoramaciudadano.com\/#\/schema\/logo\/image\/\"},\"sameAs\":[\"https:\/\/www.facebook.com\/panoramaciudadano\"]},{\"@type\":\"Person\",\"@id\":\"https:\/\/panoramaciudadano.com\/#\/schema\/person\/ffe9fe8ef47d3a93977b5761fd9e0d96\",\"name\":\"admin\",\"image\":{\"@type\":\"ImageObject\",\"inLanguage\":\"es\",\"@id\":\"https:\/\/panoramaciudadano.com\/#\/schema\/person\/image\/\",\"url\":\"https:\/\/secure.gravatar.com\/avatar\/2d5a12cacce3f18096f25fadea8abb7202fef18ed669595589853e84260ff451?s=96&d=mm&r=g\",\"contentUrl\":\"https:\/\/secure.gravatar.com\/avatar\/2d5a12cacce3f18096f25fadea8abb7202fef18ed669595589853e84260ff451?s=96&d=mm&r=g\",\"caption\":\"admin\"},\"sameAs\":[\"https:\/\/panoramaciudadano.com\"],\"url\":\"https:\/\/panoramaciudadano.com\/index.php\/author\/admin_3q6hyqq3\/\"}]}<\/script>\n<!-- \/ Yoast SEO plugin. -->","yoast_head_json":{"title":"CONSTRUYAMOS UN CANC\u00daN DE PAZ A TRAV\u00c9S DEL DEPORTE: ANA PATY PERALTA - Panorama Ciudadano","robots":{"index":"index","follow":"follow","max-snippet":"max-snippet:-1","max-image-preview":"max-image-preview:large","max-video-preview":"max-video-preview:-1"},"canonical":"https:\/\/panoramaciudadano.com\/index.php\/2025\/06\/11\/construyamos-un-cancun-de-paz-a-traves-del-deporte-ana-paty-peralta\/","og_locale":"es_ES","og_type":"article","og_title":"CONSTRUYAMOS UN CANC\u00daN DE PAZ A TRAV\u00c9S DEL DEPORTE: ANA PATY PERALTA - Panorama Ciudadano","og_description":"Realizan la quinta jornada \u201cEl Futbol Nos Une, Todos por la Paz\u201d en la Sm. 249.","og_url":"https:\/\/panoramaciudadano.com\/index.php\/2025\/06\/11\/construyamos-un-cancun-de-paz-a-traves-del-deporte-ana-paty-peralta\/","og_site_name":"Panorama Ciudadano","article_publisher":"https:\/\/www.facebook.com\/panoramaciudadano","article_published_time":"2025-06-11T15:50:07+00:00","article_modified_time":"2025-06-11T15:50:12+00:00","og_image":[{"width":960,"height":640,"url":"https:\/\/panoramaciudadano.com\/wp-content\/uploads\/2025\/06\/2-98.jpeg","type":"image\/jpeg"}],"author":"admin","twitter_card":"summary_large_image","twitter_misc":{"Escrito por":"admin","Tiempo de lectura":"4 minutos"},"schema":{"@context":"https:\/\/schema.org","@graph":[{"@type":"Article","@id":"https:\/\/panoramaciudadano.com\/index.php\/2025\/06\/11\/construyamos-un-cancun-de-paz-a-traves-del-deporte-ana-paty-peralta\/#article","isPartOf":{"@id":"https:\/\/panoramaciudadano.com\/index.php\/2025\/06\/11\/construyamos-un-cancun-de-paz-a-traves-del-deporte-ana-paty-peralta\/"},"author":{"name":"admin","@id":"https:\/\/panoramaciudadano.com\/#\/schema\/person\/ffe9fe8ef47d3a93977b5761fd9e0d96"},"headline":"CONSTRUYAMOS UN CANC\u00daN DE PAZ A TRAV\u00c9S DEL DEPORTE: ANA PATY PERALTA","datePublished":"2025-06-11T15:50:07+00:00","dateModified":"2025-06-11T15:50:12+00:00","mainEntityOfPage":{"@id":"https:\/\/panoramaciudadano.com\/index.php\/2025\/06\/11\/construyamos-un-cancun-de-paz-a-traves-del-deporte-ana-paty-peralta\/"},"wordCount":478,"commentCount":0,"publisher":{"@id":"https:\/\/panoramaciudadano.com\/#organization"},"image":{"@id":"https:\/\/panoramaciudadano.com\/index.php\/2025\/06\/11\/construyamos-un-cancun-de-paz-a-traves-del-deporte-ana-paty-peralta\/#primaryimage"},"thumbnailUrl":"https:\/\/panoramaciudadano.com\/wp-content\/uploads\/2025\/06\/2-98.jpeg","keywords":["Ana Paty Peralta"],"articleSection":["Canc\u00fan"],"inLanguage":"es","potentialAction":[{"@type":"CommentAction","name":"Comment","target":["https:\/\/panoramaciudadano.com\/index.php\/2025\/06\/11\/construyamos-un-cancun-de-paz-a-traves-del-deporte-ana-paty-peralta\/#respond"]}]},{"@type":"WebPage","@id":"https:\/\/panoramaciudadano.com\/index.php\/2025\/06\/11\/construyamos-un-cancun-de-paz-a-traves-del-deporte-ana-paty-peralta\/","url":"https:\/\/panoramaciudadano.com\/index.php\/2025\/06\/11\/construyamos-un-cancun-de-paz-a-traves-del-deporte-ana-paty-peralta\/","name":"CONSTRUYAMOS UN CANC\u00daN DE PAZ A TRAV\u00c9S DEL DEPORTE: ANA PATY PERALTA - Panorama Ciudadano","isPartOf":{"@id":"https:\/\/panoramaciudadano.com\/#website"},"primaryImageOfPage":{"@id":"https:\/\/panoramaciudadano.com\/index.php\/2025\/06\/11\/construyamos-un-cancun-de-paz-a-traves-del-deporte-ana-paty-peralta\/#primaryimage"},"image":{"@id":"https:\/\/panoramaciudadano.com\/index.php\/2025\/06\/11\/construyamos-un-cancun-de-paz-a-traves-del-deporte-ana-paty-peralta\/#primaryimage"},"thumbnailUrl":"https:\/\/panoramaciudadano.com\/wp-content\/uploads\/2025\/06\/2-98.jpeg","datePublished":"2025-06-11T15:50:07+00:00","dateModified":"2025-06-11T15:50:12+00:00","breadcrumb":{"@id":"https:\/\/panoramaciudadano.com\/index.php\/2025\/06\/11\/construyamos-un-cancun-de-paz-a-traves-del-deporte-ana-paty-peralta\/#breadcrumb"},"inLanguage":"es","potentialAction":[{"@type":"ReadAction","target":["https:\/\/panoramaciudadano.com\/index.php\/2025\/06\/11\/construyamos-un-cancun-de-paz-a-traves-del-deporte-ana-paty-peralta\/"]}]},{"@type":"ImageObject","inLanguage":"es","@id":"https:\/\/panoramaciudadano.com\/index.php\/2025\/06\/11\/construyamos-un-cancun-de-paz-a-traves-del-deporte-ana-paty-peralta\/#primaryimage","url":"https:\/\/panoramaciudadano.com\/wp-content\/uploads\/2025\/06\/2-98.jpeg","contentUrl":"https:\/\/panoramaciudadano.com\/wp-content\/uploads\/2025\/06\/2-98.jpeg","width":960,"height":640},{"@type":"BreadcrumbList","@id":"https:\/\/panoramaciudadano.com\/index.php\/2025\/06\/11\/construyamos-un-cancun-de-paz-a-traves-del-deporte-ana-paty-peralta\/#breadcrumb","itemListElement":[{"@type":"ListItem","position":1,"name":"Portada","item":"https:\/\/panoramaciudadano.com\/"},{"@type":"ListItem","position":2,"name":"CONSTRUYAMOS UN CANC\u00daN DE PAZ A TRAV\u00c9S DEL DEPORTE: ANA PATY PERALTA"}]},{"@type":"WebSite","@id":"https:\/\/panoramaciudadano.com\/#website","url":"https:\/\/panoramaciudadano.com\/","name":"Panorama Ciudadano","description":"","publisher":{"@id":"https:\/\/panoramaciudadano.com\/#organization"},"potentialAction":[{"@type":"SearchAction","target":{"@type":"EntryPoint","urlTemplate":"https:\/\/panoramaciudadano.com\/?s={search_term_string}"},"query-input":{"@type":"PropertyValueSpecification","valueRequired":true,"valueName":"search_term_string"}}],"inLanguage":"es"},{"@type":"Organization","@id":"https:\/\/panoramaciudadano.com\/#organization","name":"Panorama Ciudadano","url":"https:\/\/panoramaciudadano.com\/","logo":{"@type":"ImageObject","inLanguage":"es","@id":"https:\/\/panoramaciudadano.com\/#\/schema\/logo\/image\/","url":"https:\/\/panoramaciudadano.com\/wp-content\/uploads\/2024\/05\/401498640_919267042938564_6290593609399108733_n.jpg","contentUrl":"https:\/\/panoramaciudadano.com\/wp-content\/uploads\/2024\/05\/401498640_919267042938564_6290593609399108733_n.jpg","width":960,"height":957,"caption":"Panorama Ciudadano"},"image":{"@id":"https:\/\/panoramaciudadano.com\/#\/schema\/logo\/image\/"},"sameAs":["https:\/\/www.facebook.com\/panoramaciudadano"]},{"@type":"Person","@id":"https:\/\/panoramaciudadano.com\/#\/schema\/person\/ffe9fe8ef47d3a93977b5761fd9e0d96","name":"admin","image":{"@type":"ImageObject","inLanguage":"es","@id":"https:\/\/panoramaciudadano.com\/#\/schema\/person\/image\/","url":"https:\/\/secure.gravatar.com\/avatar\/2d5a12cacce3f18096f25fadea8abb7202fef18ed669595589853e84260ff451?s=96&d=mm&r=g","contentUrl":"https:\/\/secure.gravatar.com\/avatar\/2d5a12cacce3f18096f25fadea8abb7202fef18ed669595589853e84260ff451?s=96&d=mm&r=g","caption":"admin"},"sameAs":["https:\/\/panoramaciudadano.com"],"url":"https:\/\/panoramaciudadano.com\/index.php\/author\/admin_3q6hyqq3\/"}]}},"_links":{"self":[{"href":"https:\/\/panoramaciudadano.com\/index.php\/wp-json\/wp\/v2\/posts\/15547","targetHints":{"allow":["GET"]}}],"collection":[{"href":"https:\/\/panoramaciudadano.com\/index.php\/wp-json\/wp\/v2\/posts"}],"about":[{"href":"https:\/\/panoramaciudadano.com\/index.php\/wp-json\/wp\/v2\/types\/post"}],"author":[{"embeddable":true,"href":"https:\/\/panoramaciudadano.com\/index.php\/wp-json\/wp\/v2\/users\/1"}],"replies":[{"embeddable":true,"href":"https:\/\/panoramaciudadano.com\/index.php\/wp-json\/wp\/v2\/comments?post=15547"}],"version-history":[{"count":1,"href":"https:\/\/panoramaciudadano.com\/index.php\/wp-json\/wp\/v2\/posts\/15547\/revisions"}],"predecessor-version":[{"id":15554,"href":"https:\/\/panoramaciudadano.com\/index.php\/wp-json\/wp\/v2\/posts\/15547\/revisions\/15554"}],"wp:featuredmedia":[{"embeddable":true,"href":"https:\/\/panoramaciudadano.com\/index.php\/wp-json\/wp\/v2\/media\/15553"}],"wp:attachment":[{"href":"https:\/\/panoramaciudadano.com\/index.php\/wp-json\/wp\/v2\/media?parent=15547"}],"wp:term":[{"taxonomy":"category","embeddable":true,"href":"https:\/\/panoramaciudadano.com\/index.php\/wp-json\/wp\/v2\/categories?post=15547"},{"taxonomy":"post_tag","embeddable":true,"href":"https:\/\/panoramaciudadano.com\/index.php\/wp-json\/wp\/v2\/tags?post=15547"}],"curies":[{"name":"wp","href":"https:\/\/api.w.org\/{rel}","templated":true}]}}