{"id":15585,"date":"2025-06-11T11:07:29","date_gmt":"2025-06-11T16:07:29","guid":{"rendered":"https:\/\/panoramaciudadano.com\/?p=15585"},"modified":"2025-06-11T11:07:31","modified_gmt":"2025-06-11T16:07:31","slug":"hombre-es-apunalado-durante-asalto-mientras-caminaba-a-casa-en-la-sm-106","status":"publish","type":"post","link":"https:\/\/panoramaciudadano.com\/index.php\/2025\/06\/11\/hombre-es-apunalado-durante-asalto-mientras-caminaba-a-casa-en-la-sm-106\/","title":{"rendered":"Hombre es apu\u00f1alado durante asalto mientras caminaba a casa en la SM 106"},"content":{"rendered":"\n<figure class=\"wp-block-gallery has-nested-images columns-default is-cropped wp-block-gallery-1 is-layout-flex wp-block-gallery-is-layout-flex\">\n<figure class=\"wp-block-image size-large\"><img decoding=\"async\" width=\"1024\" height=\"738\" data-id=\"15586\" src=\"https:\/\/panoramaciudadano.com\/wp-content\/uploads\/2025\/06\/2-103-1024x738.jpeg\" alt=\"\" class=\"wp-image-15586\" srcset=\"https:\/\/panoramaciudadano.com\/wp-content\/uploads\/2025\/06\/2-103-1024x738.jpeg 1024w, https:\/\/panoramaciudadano.com\/wp-content\/uploads\/2025\/06\/2-103-300x216.jpeg 300w, https:\/\/panoramaciudadano.com\/wp-content\/uploads\/2025\/06\/2-103-768x554.jpeg 768w, https:\/\/panoramaciudadano.com\/wp-content\/uploads\/2025\/06\/2-103.jpeg 1280w\" sizes=\"(max-width: 1024px) 100vw, 1024px\" \/><\/figure>\n\n\n\n<figure class=\"wp-block-image size-large\"><img decoding=\"async\" width=\"689\" height=\"1024\" data-id=\"15587\" src=\"https:\/\/panoramaciudadano.com\/wp-content\/uploads\/2025\/06\/3-92-689x1024.jpeg\" alt=\"\" class=\"wp-image-15587\" srcset=\"https:\/\/panoramaciudadano.com\/wp-content\/uploads\/2025\/06\/3-92-689x1024.jpeg 689w, https:\/\/panoramaciudadano.com\/wp-content\/uploads\/2025\/06\/3-92-202x300.jpeg 202w, https:\/\/panoramaciudadano.com\/wp-content\/uploads\/2025\/06\/3-92-768x1142.jpeg 768w, https:\/\/panoramaciudadano.com\/wp-content\/uploads\/2025\/06\/3-92.jpeg 861w\" sizes=\"(max-width: 689px) 100vw, 689px\" \/><\/figure>\n<\/figure>\n\n\n\n<p>Un hombre que caminaba rumbo a su casa tras salir del trabajo fue apu\u00f1alado en el abdomen en la supermanzana 106.<\/p>\n\n\n\n<p>El atraco ocurri\u00f3 a las 00:50 horas de este mi\u00e9rcoles sobre la avenida Jos\u00e9 L\u00f3pez Portillo cerca del deportivo Viany.<\/p>\n\n\n\n<p>La v\u00edctima quien se identific\u00f3 como Juan \u201cN\u201d, dijo a las autoridades que se encontraba caminando rumbo a su domicilio cuando fue interceptado por dos sujetos.<\/p>\n\n\n\n<p>Los sujetos lo sometieron y lo amagaron con un arma blanca, luego le quitaron su celular y su cartera, sin embargo, uno de los asaltantes lo hiri\u00f3 en el abdomen y posteriormente se fueron corriendo.<\/p>\n\n\n\n<p>Automovilistas se percataron del hombre herido por lo que llamaron al n\u00famero de emergencias 911 para pedir una ambulancia.<\/p>\n\n\n\n<p>Poco despu\u00e9s elementos de la Polic\u00eda Municipal y param\u00e9dicos de una empresa privada se movilizaron al sitio para atender la emergencia.<\/p>\n\n\n\n<p>Una vez en el lugar los t\u00e9cnicos en urgencias m\u00e9dicas atendieron al lesionado a quien estabilizaron y trasladaron al hospital general.<\/p>\n\n\n\n<p>Por su parte los oficiales realizaron recorridos por la zona pero no lograron encontrar a los responsables.<\/p>\n","protected":false},"excerpt":{"rendered":"<p>Un hombre que caminaba rumbo a su casa tras salir del trabajo fue apu\u00f1alado en el abdomen en la supermanzana 106.<\/p>\n","protected":false},"author":1,"featured_media":15588,"comment_status":"open","ping_status":"closed","sticky":false,"template":"","format":"standard","meta":{"footnotes":""},"categories":[6],"tags":[1984],"class_list":["post-15585","post","type-post","status-publish","format-standard","has-post-thumbnail","hentry","category-cancun","tag-avenida-jose-lopez-portillo"],"yoast_head":"<!-- This site is optimized with the Yoast SEO plugin v27.1.1 - https:\/\/yoast.com\/product\/yoast-seo-wordpress\/ -->\n<title>Hombre es apu\u00f1alado durante asalto mientras caminaba a casa en la SM 106 - Panorama Ciudadano<\/title>\n<meta name=\"robots\" content=\"index, follow, max-snippet:-1, max-image-preview:large, max-video-preview:-1\" \/>\n<link rel=\"canonical\" href=\"https:\/\/panoramaciudadano.com\/index.php\/2025\/06\/11\/hombre-es-apunalado-durante-asalto-mientras-caminaba-a-casa-en-la-sm-106\/\" \/>\n<meta property=\"og:locale\" content=\"es_ES\" \/>\n<meta property=\"og:type\" content=\"article\" \/>\n<meta property=\"og:title\" content=\"Hombre es apu\u00f1alado durante asalto mientras caminaba a casa en la SM 106 - Panorama Ciudadano\" \/>\n<meta property=\"og:description\" content=\"Un hombre que caminaba rumbo a su casa tras salir del trabajo fue apu\u00f1alado en el abdomen en la supermanzana 106.\" \/>\n<meta property=\"og:url\" content=\"https:\/\/panoramaciudadano.com\/index.php\/2025\/06\/11\/hombre-es-apunalado-durante-asalto-mientras-caminaba-a-casa-en-la-sm-106\/\" \/>\n<meta property=\"og:site_name\" content=\"Panorama Ciudadano\" \/>\n<meta property=\"article:publisher\" content=\"https:\/\/www.facebook.com\/panoramaciudadano\" \/>\n<meta property=\"article:published_time\" content=\"2025-06-11T16:07:29+00:00\" \/>\n<meta property=\"article:modified_time\" content=\"2025-06-11T16:07:31+00:00\" \/>\n<meta property=\"og:image\" content=\"https:\/\/panoramaciudadano.com\/wp-content\/uploads\/2025\/06\/WhatsApp-Image-2025-06-11-at-10.45.57.jpeg\" \/>\n\t<meta property=\"og:image:width\" content=\"898\" \/>\n\t<meta property=\"og:image:height\" content=\"944\" \/>\n\t<meta property=\"og:image:type\" content=\"image\/jpeg\" \/>\n<meta name=\"author\" content=\"admin\" \/>\n<meta name=\"twitter:card\" content=\"summary_large_image\" \/>\n<meta name=\"twitter:label1\" content=\"Escrito por\" \/>\n\t<meta name=\"twitter:data1\" content=\"admin\" \/>\n\t<meta name=\"twitter:label2\" content=\"Tiempo de lectura\" \/>\n\t<meta name=\"twitter:data2\" content=\"2 minutos\" \/>\n<script type=\"application\/ld+json\" class=\"yoast-schema-graph\">{\"@context\":\"https:\/\/schema.org\",\"@graph\":[{\"@type\":\"Article\",\"@id\":\"https:\/\/panoramaciudadano.com\/index.php\/2025\/06\/11\/hombre-es-apunalado-durante-asalto-mientras-caminaba-a-casa-en-la-sm-106\/#article\",\"isPartOf\":{\"@id\":\"https:\/\/panoramaciudadano.com\/index.php\/2025\/06\/11\/hombre-es-apunalado-durante-asalto-mientras-caminaba-a-casa-en-la-sm-106\/\"},\"author\":{\"name\":\"admin\",\"@id\":\"https:\/\/panoramaciudadano.com\/#\/schema\/person\/ffe9fe8ef47d3a93977b5761fd9e0d96\"},\"headline\":\"Hombre es apu\u00f1alado durante asalto mientras caminaba a casa en la SM 106\",\"datePublished\":\"2025-06-11T16:07:29+00:00\",\"dateModified\":\"2025-06-11T16:07:31+00:00\",\"mainEntityOfPage\":{\"@id\":\"https:\/\/panoramaciudadano.com\/index.php\/2025\/06\/11\/hombre-es-apunalado-durante-asalto-mientras-caminaba-a-casa-en-la-sm-106\/\"},\"wordCount\":200,\"commentCount\":0,\"publisher\":{\"@id\":\"https:\/\/panoramaciudadano.com\/#organization\"},\"image\":{\"@id\":\"https:\/\/panoramaciudadano.com\/index.php\/2025\/06\/11\/hombre-es-apunalado-durante-asalto-mientras-caminaba-a-casa-en-la-sm-106\/#primaryimage\"},\"thumbnailUrl\":\"https:\/\/panoramaciudadano.com\/wp-content\/uploads\/2025\/06\/WhatsApp-Image-2025-06-11-at-10.45.57.jpeg\",\"keywords\":[\"avenida Jos\u00e9 L\u00f3pez Portillo\"],\"articleSection\":[\"Canc\u00fan\"],\"inLanguage\":\"es\",\"potentialAction\":[{\"@type\":\"CommentAction\",\"name\":\"Comment\",\"target\":[\"https:\/\/panoramaciudadano.com\/index.php\/2025\/06\/11\/hombre-es-apunalado-durante-asalto-mientras-caminaba-a-casa-en-la-sm-106\/#respond\"]}]},{\"@type\":\"WebPage\",\"@id\":\"https:\/\/panoramaciudadano.com\/index.php\/2025\/06\/11\/hombre-es-apunalado-durante-asalto-mientras-caminaba-a-casa-en-la-sm-106\/\",\"url\":\"https:\/\/panoramaciudadano.com\/index.php\/2025\/06\/11\/hombre-es-apunalado-durante-asalto-mientras-caminaba-a-casa-en-la-sm-106\/\",\"name\":\"Hombre es apu\u00f1alado durante asalto mientras caminaba a casa en la SM 106 - Panorama Ciudadano\",\"isPartOf\":{\"@id\":\"https:\/\/panoramaciudadano.com\/#website\"},\"primaryImageOfPage\":{\"@id\":\"https:\/\/panoramaciudadano.com\/index.php\/2025\/06\/11\/hombre-es-apunalado-durante-asalto-mientras-caminaba-a-casa-en-la-sm-106\/#primaryimage\"},\"image\":{\"@id\":\"https:\/\/panoramaciudadano.com\/index.php\/2025\/06\/11\/hombre-es-apunalado-durante-asalto-mientras-caminaba-a-casa-en-la-sm-106\/#primaryimage\"},\"thumbnailUrl\":\"https:\/\/panoramaciudadano.com\/wp-content\/uploads\/2025\/06\/WhatsApp-Image-2025-06-11-at-10.45.57.jpeg\",\"datePublished\":\"2025-06-11T16:07:29+00:00\",\"dateModified\":\"2025-06-11T16:07:31+00:00\",\"breadcrumb\":{\"@id\":\"https:\/\/panoramaciudadano.com\/index.php\/2025\/06\/11\/hombre-es-apunalado-durante-asalto-mientras-caminaba-a-casa-en-la-sm-106\/#breadcrumb\"},\"inLanguage\":\"es\",\"potentialAction\":[{\"@type\":\"ReadAction\",\"target\":[\"https:\/\/panoramaciudadano.com\/index.php\/2025\/06\/11\/hombre-es-apunalado-durante-asalto-mientras-caminaba-a-casa-en-la-sm-106\/\"]}]},{\"@type\":\"ImageObject\",\"inLanguage\":\"es\",\"@id\":\"https:\/\/panoramaciudadano.com\/index.php\/2025\/06\/11\/hombre-es-apunalado-durante-asalto-mientras-caminaba-a-casa-en-la-sm-106\/#primaryimage\",\"url\":\"https:\/\/panoramaciudadano.com\/wp-content\/uploads\/2025\/06\/WhatsApp-Image-2025-06-11-at-10.45.57.jpeg\",\"contentUrl\":\"https:\/\/panoramaciudadano.com\/wp-content\/uploads\/2025\/06\/WhatsApp-Image-2025-06-11-at-10.45.57.jpeg\",\"width\":898,\"height\":944},{\"@type\":\"BreadcrumbList\",\"@id\":\"https:\/\/panoramaciudadano.com\/index.php\/2025\/06\/11\/hombre-es-apunalado-durante-asalto-mientras-caminaba-a-casa-en-la-sm-106\/#breadcrumb\",\"itemListElement\":[{\"@type\":\"ListItem\",\"position\":1,\"name\":\"Portada\",\"item\":\"https:\/\/panoramaciudadano.com\/\"},{\"@type\":\"ListItem\",\"position\":2,\"name\":\"Hombre es apu\u00f1alado durante asalto mientras caminaba a casa en la SM 106\"}]},{\"@type\":\"WebSite\",\"@id\":\"https:\/\/panoramaciudadano.com\/#website\",\"url\":\"https:\/\/panoramaciudadano.com\/\",\"name\":\"Panorama Ciudadano\",\"description\":\"\",\"publisher\":{\"@id\":\"https:\/\/panoramaciudadano.com\/#organization\"},\"potentialAction\":[{\"@type\":\"SearchAction\",\"target\":{\"@type\":\"EntryPoint\",\"urlTemplate\":\"https:\/\/panoramaciudadano.com\/?s={search_term_string}\"},\"query-input\":{\"@type\":\"PropertyValueSpecification\",\"valueRequired\":true,\"valueName\":\"search_term_string\"}}],\"inLanguage\":\"es\"},{\"@type\":\"Organization\",\"@id\":\"https:\/\/panoramaciudadano.com\/#organization\",\"name\":\"Panorama Ciudadano\",\"url\":\"https:\/\/panoramaciudadano.com\/\",\"logo\":{\"@type\":\"ImageObject\",\"inLanguage\":\"es\",\"@id\":\"https:\/\/panoramaciudadano.com\/#\/schema\/logo\/image\/\",\"url\":\"https:\/\/panoramaciudadano.com\/wp-content\/uploads\/2024\/05\/401498640_919267042938564_6290593609399108733_n.jpg\",\"contentUrl\":\"https:\/\/panoramaciudadano.com\/wp-content\/uploads\/2024\/05\/401498640_919267042938564_6290593609399108733_n.jpg\",\"width\":960,\"height\":957,\"caption\":\"Panorama Ciudadano\"},\"image\":{\"@id\":\"https:\/\/panoramaciudadano.com\/#\/schema\/logo\/image\/\"},\"sameAs\":[\"https:\/\/www.facebook.com\/panoramaciudadano\"]},{\"@type\":\"Person\",\"@id\":\"https:\/\/panoramaciudadano.com\/#\/schema\/person\/ffe9fe8ef47d3a93977b5761fd9e0d96\",\"name\":\"admin\",\"image\":{\"@type\":\"ImageObject\",\"inLanguage\":\"es\",\"@id\":\"https:\/\/panoramaciudadano.com\/#\/schema\/person\/image\/\",\"url\":\"https:\/\/secure.gravatar.com\/avatar\/2d5a12cacce3f18096f25fadea8abb7202fef18ed669595589853e84260ff451?s=96&d=mm&r=g\",\"contentUrl\":\"https:\/\/secure.gravatar.com\/avatar\/2d5a12cacce3f18096f25fadea8abb7202fef18ed669595589853e84260ff451?s=96&d=mm&r=g\",\"caption\":\"admin\"},\"sameAs\":[\"https:\/\/panoramaciudadano.com\"],\"url\":\"https:\/\/panoramaciudadano.com\/index.php\/author\/admin_3q6hyqq3\/\"}]}<\/script>\n<!-- \/ Yoast SEO plugin. -->","yoast_head_json":{"title":"Hombre es apu\u00f1alado durante asalto mientras caminaba a casa en la SM 106 - Panorama Ciudadano","robots":{"index":"index","follow":"follow","max-snippet":"max-snippet:-1","max-image-preview":"max-image-preview:large","max-video-preview":"max-video-preview:-1"},"canonical":"https:\/\/panoramaciudadano.com\/index.php\/2025\/06\/11\/hombre-es-apunalado-durante-asalto-mientras-caminaba-a-casa-en-la-sm-106\/","og_locale":"es_ES","og_type":"article","og_title":"Hombre es apu\u00f1alado durante asalto mientras caminaba a casa en la SM 106 - Panorama Ciudadano","og_description":"Un hombre que caminaba rumbo a su casa tras salir del trabajo fue apu\u00f1alado en el abdomen en la supermanzana 106.","og_url":"https:\/\/panoramaciudadano.com\/index.php\/2025\/06\/11\/hombre-es-apunalado-durante-asalto-mientras-caminaba-a-casa-en-la-sm-106\/","og_site_name":"Panorama Ciudadano","article_publisher":"https:\/\/www.facebook.com\/panoramaciudadano","article_published_time":"2025-06-11T16:07:29+00:00","article_modified_time":"2025-06-11T16:07:31+00:00","og_image":[{"width":898,"height":944,"url":"https:\/\/panoramaciudadano.com\/wp-content\/uploads\/2025\/06\/WhatsApp-Image-2025-06-11-at-10.45.57.jpeg","type":"image\/jpeg"}],"author":"admin","twitter_card":"summary_large_image","twitter_misc":{"Escrito por":"admin","Tiempo de lectura":"2 minutos"},"schema":{"@context":"https:\/\/schema.org","@graph":[{"@type":"Article","@id":"https:\/\/panoramaciudadano.com\/index.php\/2025\/06\/11\/hombre-es-apunalado-durante-asalto-mientras-caminaba-a-casa-en-la-sm-106\/#article","isPartOf":{"@id":"https:\/\/panoramaciudadano.com\/index.php\/2025\/06\/11\/hombre-es-apunalado-durante-asalto-mientras-caminaba-a-casa-en-la-sm-106\/"},"author":{"name":"admin","@id":"https:\/\/panoramaciudadano.com\/#\/schema\/person\/ffe9fe8ef47d3a93977b5761fd9e0d96"},"headline":"Hombre es apu\u00f1alado durante asalto mientras caminaba a casa en la SM 106","datePublished":"2025-06-11T16:07:29+00:00","dateModified":"2025-06-11T16:07:31+00:00","mainEntityOfPage":{"@id":"https:\/\/panoramaciudadano.com\/index.php\/2025\/06\/11\/hombre-es-apunalado-durante-asalto-mientras-caminaba-a-casa-en-la-sm-106\/"},"wordCount":200,"commentCount":0,"publisher":{"@id":"https:\/\/panoramaciudadano.com\/#organization"},"image":{"@id":"https:\/\/panoramaciudadano.com\/index.php\/2025\/06\/11\/hombre-es-apunalado-durante-asalto-mientras-caminaba-a-casa-en-la-sm-106\/#primaryimage"},"thumbnailUrl":"https:\/\/panoramaciudadano.com\/wp-content\/uploads\/2025\/06\/WhatsApp-Image-2025-06-11-at-10.45.57.jpeg","keywords":["avenida Jos\u00e9 L\u00f3pez Portillo"],"articleSection":["Canc\u00fan"],"inLanguage":"es","potentialAction":[{"@type":"CommentAction","name":"Comment","target":["https:\/\/panoramaciudadano.com\/index.php\/2025\/06\/11\/hombre-es-apunalado-durante-asalto-mientras-caminaba-a-casa-en-la-sm-106\/#respond"]}]},{"@type":"WebPage","@id":"https:\/\/panoramaciudadano.com\/index.php\/2025\/06\/11\/hombre-es-apunalado-durante-asalto-mientras-caminaba-a-casa-en-la-sm-106\/","url":"https:\/\/panoramaciudadano.com\/index.php\/2025\/06\/11\/hombre-es-apunalado-durante-asalto-mientras-caminaba-a-casa-en-la-sm-106\/","name":"Hombre es apu\u00f1alado durante asalto mientras caminaba a casa en la SM 106 - Panorama Ciudadano","isPartOf":{"@id":"https:\/\/panoramaciudadano.com\/#website"},"primaryImageOfPage":{"@id":"https:\/\/panoramaciudadano.com\/index.php\/2025\/06\/11\/hombre-es-apunalado-durante-asalto-mientras-caminaba-a-casa-en-la-sm-106\/#primaryimage"},"image":{"@id":"https:\/\/panoramaciudadano.com\/index.php\/2025\/06\/11\/hombre-es-apunalado-durante-asalto-mientras-caminaba-a-casa-en-la-sm-106\/#primaryimage"},"thumbnailUrl":"https:\/\/panoramaciudadano.com\/wp-content\/uploads\/2025\/06\/WhatsApp-Image-2025-06-11-at-10.45.57.jpeg","datePublished":"2025-06-11T16:07:29+00:00","dateModified":"2025-06-11T16:07:31+00:00","breadcrumb":{"@id":"https:\/\/panoramaciudadano.com\/index.php\/2025\/06\/11\/hombre-es-apunalado-durante-asalto-mientras-caminaba-a-casa-en-la-sm-106\/#breadcrumb"},"inLanguage":"es","potentialAction":[{"@type":"ReadAction","target":["https:\/\/panoramaciudadano.com\/index.php\/2025\/06\/11\/hombre-es-apunalado-durante-asalto-mientras-caminaba-a-casa-en-la-sm-106\/"]}]},{"@type":"ImageObject","inLanguage":"es","@id":"https:\/\/panoramaciudadano.com\/index.php\/2025\/06\/11\/hombre-es-apunalado-durante-asalto-mientras-caminaba-a-casa-en-la-sm-106\/#primaryimage","url":"https:\/\/panoramaciudadano.com\/wp-content\/uploads\/2025\/06\/WhatsApp-Image-2025-06-11-at-10.45.57.jpeg","contentUrl":"https:\/\/panoramaciudadano.com\/wp-content\/uploads\/2025\/06\/WhatsApp-Image-2025-06-11-at-10.45.57.jpeg","width":898,"height":944},{"@type":"BreadcrumbList","@id":"https:\/\/panoramaciudadano.com\/index.php\/2025\/06\/11\/hombre-es-apunalado-durante-asalto-mientras-caminaba-a-casa-en-la-sm-106\/#breadcrumb","itemListElement":[{"@type":"ListItem","position":1,"name":"Portada","item":"https:\/\/panoramaciudadano.com\/"},{"@type":"ListItem","position":2,"name":"Hombre es apu\u00f1alado durante asalto mientras caminaba a casa en la SM 106"}]},{"@type":"WebSite","@id":"https:\/\/panoramaciudadano.com\/#website","url":"https:\/\/panoramaciudadano.com\/","name":"Panorama Ciudadano","description":"","publisher":{"@id":"https:\/\/panoramaciudadano.com\/#organization"},"potentialAction":[{"@type":"SearchAction","target":{"@type":"EntryPoint","urlTemplate":"https:\/\/panoramaciudadano.com\/?s={search_term_string}"},"query-input":{"@type":"PropertyValueSpecification","valueRequired":true,"valueName":"search_term_string"}}],"inLanguage":"es"},{"@type":"Organization","@id":"https:\/\/panoramaciudadano.com\/#organization","name":"Panorama Ciudadano","url":"https:\/\/panoramaciudadano.com\/","logo":{"@type":"ImageObject","inLanguage":"es","@id":"https:\/\/panoramaciudadano.com\/#\/schema\/logo\/image\/","url":"https:\/\/panoramaciudadano.com\/wp-content\/uploads\/2024\/05\/401498640_919267042938564_6290593609399108733_n.jpg","contentUrl":"https:\/\/panoramaciudadano.com\/wp-content\/uploads\/2024\/05\/401498640_919267042938564_6290593609399108733_n.jpg","width":960,"height":957,"caption":"Panorama Ciudadano"},"image":{"@id":"https:\/\/panoramaciudadano.com\/#\/schema\/logo\/image\/"},"sameAs":["https:\/\/www.facebook.com\/panoramaciudadano"]},{"@type":"Person","@id":"https:\/\/panoramaciudadano.com\/#\/schema\/person\/ffe9fe8ef47d3a93977b5761fd9e0d96","name":"admin","image":{"@type":"ImageObject","inLanguage":"es","@id":"https:\/\/panoramaciudadano.com\/#\/schema\/person\/image\/","url":"https:\/\/secure.gravatar.com\/avatar\/2d5a12cacce3f18096f25fadea8abb7202fef18ed669595589853e84260ff451?s=96&d=mm&r=g","contentUrl":"https:\/\/secure.gravatar.com\/avatar\/2d5a12cacce3f18096f25fadea8abb7202fef18ed669595589853e84260ff451?s=96&d=mm&r=g","caption":"admin"},"sameAs":["https:\/\/panoramaciudadano.com"],"url":"https:\/\/panoramaciudadano.com\/index.php\/author\/admin_3q6hyqq3\/"}]}},"_links":{"self":[{"href":"https:\/\/panoramaciudadano.com\/index.php\/wp-json\/wp\/v2\/posts\/15585","targetHints":{"allow":["GET"]}}],"collection":[{"href":"https:\/\/panoramaciudadano.com\/index.php\/wp-json\/wp\/v2\/posts"}],"about":[{"href":"https:\/\/panoramaciudadano.com\/index.php\/wp-json\/wp\/v2\/types\/post"}],"author":[{"embeddable":true,"href":"https:\/\/panoramaciudadano.com\/index.php\/wp-json\/wp\/v2\/users\/1"}],"replies":[{"embeddable":true,"href":"https:\/\/panoramaciudadano.com\/index.php\/wp-json\/wp\/v2\/comments?post=15585"}],"version-history":[{"count":1,"href":"https:\/\/panoramaciudadano.com\/index.php\/wp-json\/wp\/v2\/posts\/15585\/revisions"}],"predecessor-version":[{"id":15589,"href":"https:\/\/panoramaciudadano.com\/index.php\/wp-json\/wp\/v2\/posts\/15585\/revisions\/15589"}],"wp:featuredmedia":[{"embeddable":true,"href":"https:\/\/panoramaciudadano.com\/index.php\/wp-json\/wp\/v2\/media\/15588"}],"wp:attachment":[{"href":"https:\/\/panoramaciudadano.com\/index.php\/wp-json\/wp\/v2\/media?parent=15585"}],"wp:term":[{"taxonomy":"category","embeddable":true,"href":"https:\/\/panoramaciudadano.com\/index.php\/wp-json\/wp\/v2\/categories?post=15585"},{"taxonomy":"post_tag","embeddable":true,"href":"https:\/\/panoramaciudadano.com\/index.php\/wp-json\/wp\/v2\/tags?post=15585"}],"curies":[{"name":"wp","href":"https:\/\/api.w.org\/{rel}","templated":true}]}}