{"id":15603,"date":"2025-06-12T17:37:29","date_gmt":"2025-06-12T22:37:29","guid":{"rendered":"https:\/\/panoramaciudadano.com\/?p=15603"},"modified":"2025-06-12T17:37:31","modified_gmt":"2025-06-12T22:37:31","slug":"ejecutan-a-el-rudy-frente-a-su-esposa-e-hija-en-su-domicilio-del-fraccionamiento-azul-bonampak","status":"publish","type":"post","link":"https:\/\/panoramaciudadano.com\/index.php\/2025\/06\/12\/ejecutan-a-el-rudy-frente-a-su-esposa-e-hija-en-su-domicilio-del-fraccionamiento-azul-bonampak\/","title":{"rendered":"Ejecutan a \u201cEl Rudy\u201d frente a su esposa e hija en su domicilio del fraccionamiento Azul Bonampak"},"content":{"rendered":"\n<figure class=\"wp-block-gallery has-nested-images columns-default is-cropped wp-block-gallery-1 is-layout-flex wp-block-gallery-is-layout-flex\">\n<figure class=\"wp-block-image size-large\"><img decoding=\"async\" width=\"1024\" height=\"576\" data-id=\"15605\" src=\"https:\/\/panoramaciudadano.com\/wp-content\/uploads\/2025\/06\/3-94-1024x576.jpeg\" alt=\"\" class=\"wp-image-15605\" srcset=\"https:\/\/panoramaciudadano.com\/wp-content\/uploads\/2025\/06\/3-94-1024x576.jpeg 1024w, https:\/\/panoramaciudadano.com\/wp-content\/uploads\/2025\/06\/3-94-300x169.jpeg 300w, https:\/\/panoramaciudadano.com\/wp-content\/uploads\/2025\/06\/3-94-768x432.jpeg 768w, https:\/\/panoramaciudadano.com\/wp-content\/uploads\/2025\/06\/3-94.jpeg 1280w\" sizes=\"(max-width: 1024px) 100vw, 1024px\" \/><\/figure>\n\n\n\n<figure class=\"wp-block-image size-large\"><img decoding=\"async\" width=\"1024\" height=\"576\" data-id=\"15604\" src=\"https:\/\/panoramaciudadano.com\/wp-content\/uploads\/2025\/06\/WhatsApp-Image-2025-06-12-at-07.12.08-1024x576.jpeg\" alt=\"\" class=\"wp-image-15604\" srcset=\"https:\/\/panoramaciudadano.com\/wp-content\/uploads\/2025\/06\/WhatsApp-Image-2025-06-12-at-07.12.08-1024x576.jpeg 1024w, https:\/\/panoramaciudadano.com\/wp-content\/uploads\/2025\/06\/WhatsApp-Image-2025-06-12-at-07.12.08-300x169.jpeg 300w, https:\/\/panoramaciudadano.com\/wp-content\/uploads\/2025\/06\/WhatsApp-Image-2025-06-12-at-07.12.08-768x432.jpeg 768w, https:\/\/panoramaciudadano.com\/wp-content\/uploads\/2025\/06\/WhatsApp-Image-2025-06-12-at-07.12.08.jpeg 1280w\" sizes=\"(max-width: 1024px) 100vw, 1024px\" \/><\/figure>\n<\/figure>\n\n\n\n<p>Un hombre conocido como \u201cEl Rudy\u201d, de aproximadamente 45 a\u00f1os de edad, fue ejecutado a balazos frente a su familia al interior de su domicilio en el fraccionamiento Azul Bonampak.<\/p>\n\n\n\n<p>Los hechos ocurrieron a las 15:10 horas cuando la v\u00edctima se encontraba en compa\u00f1\u00eda de su esposa y su hija de aproximadamente 17, dentro su vivienda situada en la supermanzana 247, manzana 89, cerrada Izamal.<\/p>\n\n\n\n<p>Testigos mencionaron que vieron llegar a dos sujetos a bordo de una motocicleta, luego ingresaron a la casa aprovechando que la reja estaba abierta y posteriormente se escucharon varios disparos.<\/p>\n\n\n\n<p>La v\u00edctima se encontraba junto con su familia pero a los sicarios no les import\u00f3 y lo acribillaron a balazos en la entrada de su casa, uno de los disparos fue directamente a la cabeza.<\/p>\n\n\n\n<p>Las esposa de la v\u00edctima llamo inmediatamente al n\u00famero de emergencias 911 para pedir una ambulancia, pero al llegar los param\u00e9dicos \u00fanicamente confirmaron que la persona ya hab\u00eda muerto.<\/p>\n\n\n\n<p>La Polic\u00eda Municipal acordon\u00f3 la zona para preservar la escena del crimen, luego el personal de servicios periciales de la Fiscal\u00eda General del Estado (FGE), se hizo cargo de la recolecci\u00f3n de los indicios bal\u00edsticos.<\/p>\n\n\n\n<p>Finalmente el cuerpo fue levantado y trasladado al Servicio M\u00e9dico Forense (Semefo), para la necropsia de ley.<\/p>\n","protected":false},"excerpt":{"rendered":"<p>Un hombre conocido como \u201cEl Rudy\u201d, de aproximadamente 45 a\u00f1os de edad, fue ejecutado a balazos frente a su familia al interior de su domicilio en el fraccionamiento Azul Bonampak.<\/p>\n","protected":false},"author":1,"featured_media":15606,"comment_status":"open","ping_status":"closed","sticky":false,"template":"","format":"standard","meta":{"footnotes":""},"categories":[6],"tags":[2005],"class_list":["post-15603","post","type-post","status-publish","format-standard","has-post-thumbnail","hentry","category-cancun","tag-fraccionamiento-azul-bonampak"],"yoast_head":"<!-- This site is optimized with the Yoast SEO plugin v27.1.1 - https:\/\/yoast.com\/product\/yoast-seo-wordpress\/ -->\n<title>Ejecutan a \u201cEl Rudy\u201d frente a su esposa e hija en su domicilio del fraccionamiento Azul Bonampak - Panorama Ciudadano<\/title>\n<meta name=\"robots\" content=\"index, follow, max-snippet:-1, max-image-preview:large, max-video-preview:-1\" \/>\n<link rel=\"canonical\" href=\"https:\/\/panoramaciudadano.com\/index.php\/2025\/06\/12\/ejecutan-a-el-rudy-frente-a-su-esposa-e-hija-en-su-domicilio-del-fraccionamiento-azul-bonampak\/\" \/>\n<meta property=\"og:locale\" content=\"es_ES\" \/>\n<meta property=\"og:type\" content=\"article\" \/>\n<meta property=\"og:title\" content=\"Ejecutan a \u201cEl Rudy\u201d frente a su esposa e hija en su domicilio del fraccionamiento Azul Bonampak - Panorama Ciudadano\" \/>\n<meta property=\"og:description\" content=\"Un hombre conocido como \u201cEl Rudy\u201d, de aproximadamente 45 a\u00f1os de edad, fue ejecutado a balazos frente a su familia al interior de su domicilio en el fraccionamiento Azul Bonampak.\" \/>\n<meta property=\"og:url\" content=\"https:\/\/panoramaciudadano.com\/index.php\/2025\/06\/12\/ejecutan-a-el-rudy-frente-a-su-esposa-e-hija-en-su-domicilio-del-fraccionamiento-azul-bonampak\/\" \/>\n<meta property=\"og:site_name\" content=\"Panorama Ciudadano\" \/>\n<meta property=\"article:publisher\" content=\"https:\/\/www.facebook.com\/panoramaciudadano\" \/>\n<meta property=\"article:published_time\" content=\"2025-06-12T22:37:29+00:00\" \/>\n<meta property=\"article:modified_time\" content=\"2025-06-12T22:37:31+00:00\" \/>\n<meta property=\"og:image\" content=\"https:\/\/panoramaciudadano.com\/wp-content\/uploads\/2025\/06\/2-106.jpeg\" \/>\n\t<meta property=\"og:image:width\" content=\"1280\" \/>\n\t<meta property=\"og:image:height\" content=\"720\" \/>\n\t<meta property=\"og:image:type\" content=\"image\/jpeg\" \/>\n<meta name=\"author\" content=\"admin\" \/>\n<meta name=\"twitter:card\" content=\"summary_large_image\" \/>\n<meta name=\"twitter:label1\" content=\"Escrito por\" \/>\n\t<meta name=\"twitter:data1\" content=\"admin\" \/>\n\t<meta name=\"twitter:label2\" content=\"Tiempo de lectura\" \/>\n\t<meta name=\"twitter:data2\" content=\"2 minutos\" \/>\n<script type=\"application\/ld+json\" class=\"yoast-schema-graph\">{\"@context\":\"https:\/\/schema.org\",\"@graph\":[{\"@type\":\"Article\",\"@id\":\"https:\/\/panoramaciudadano.com\/index.php\/2025\/06\/12\/ejecutan-a-el-rudy-frente-a-su-esposa-e-hija-en-su-domicilio-del-fraccionamiento-azul-bonampak\/#article\",\"isPartOf\":{\"@id\":\"https:\/\/panoramaciudadano.com\/index.php\/2025\/06\/12\/ejecutan-a-el-rudy-frente-a-su-esposa-e-hija-en-su-domicilio-del-fraccionamiento-azul-bonampak\/\"},\"author\":{\"name\":\"admin\",\"@id\":\"https:\/\/panoramaciudadano.com\/#\/schema\/person\/ffe9fe8ef47d3a93977b5761fd9e0d96\"},\"headline\":\"Ejecutan a \u201cEl Rudy\u201d frente a su esposa e hija en su domicilio del fraccionamiento Azul Bonampak\",\"datePublished\":\"2025-06-12T22:37:29+00:00\",\"dateModified\":\"2025-06-12T22:37:31+00:00\",\"mainEntityOfPage\":{\"@id\":\"https:\/\/panoramaciudadano.com\/index.php\/2025\/06\/12\/ejecutan-a-el-rudy-frente-a-su-esposa-e-hija-en-su-domicilio-del-fraccionamiento-azul-bonampak\/\"},\"wordCount\":235,\"commentCount\":0,\"publisher\":{\"@id\":\"https:\/\/panoramaciudadano.com\/#organization\"},\"image\":{\"@id\":\"https:\/\/panoramaciudadano.com\/index.php\/2025\/06\/12\/ejecutan-a-el-rudy-frente-a-su-esposa-e-hija-en-su-domicilio-del-fraccionamiento-azul-bonampak\/#primaryimage\"},\"thumbnailUrl\":\"https:\/\/panoramaciudadano.com\/wp-content\/uploads\/2025\/06\/2-106.jpeg\",\"keywords\":[\"fraccionamiento Azul Bonampak\"],\"articleSection\":[\"Canc\u00fan\"],\"inLanguage\":\"es\",\"potentialAction\":[{\"@type\":\"CommentAction\",\"name\":\"Comment\",\"target\":[\"https:\/\/panoramaciudadano.com\/index.php\/2025\/06\/12\/ejecutan-a-el-rudy-frente-a-su-esposa-e-hija-en-su-domicilio-del-fraccionamiento-azul-bonampak\/#respond\"]}]},{\"@type\":\"WebPage\",\"@id\":\"https:\/\/panoramaciudadano.com\/index.php\/2025\/06\/12\/ejecutan-a-el-rudy-frente-a-su-esposa-e-hija-en-su-domicilio-del-fraccionamiento-azul-bonampak\/\",\"url\":\"https:\/\/panoramaciudadano.com\/index.php\/2025\/06\/12\/ejecutan-a-el-rudy-frente-a-su-esposa-e-hija-en-su-domicilio-del-fraccionamiento-azul-bonampak\/\",\"name\":\"Ejecutan a \u201cEl Rudy\u201d frente a su esposa e hija en su domicilio del fraccionamiento Azul Bonampak - Panorama Ciudadano\",\"isPartOf\":{\"@id\":\"https:\/\/panoramaciudadano.com\/#website\"},\"primaryImageOfPage\":{\"@id\":\"https:\/\/panoramaciudadano.com\/index.php\/2025\/06\/12\/ejecutan-a-el-rudy-frente-a-su-esposa-e-hija-en-su-domicilio-del-fraccionamiento-azul-bonampak\/#primaryimage\"},\"image\":{\"@id\":\"https:\/\/panoramaciudadano.com\/index.php\/2025\/06\/12\/ejecutan-a-el-rudy-frente-a-su-esposa-e-hija-en-su-domicilio-del-fraccionamiento-azul-bonampak\/#primaryimage\"},\"thumbnailUrl\":\"https:\/\/panoramaciudadano.com\/wp-content\/uploads\/2025\/06\/2-106.jpeg\",\"datePublished\":\"2025-06-12T22:37:29+00:00\",\"dateModified\":\"2025-06-12T22:37:31+00:00\",\"breadcrumb\":{\"@id\":\"https:\/\/panoramaciudadano.com\/index.php\/2025\/06\/12\/ejecutan-a-el-rudy-frente-a-su-esposa-e-hija-en-su-domicilio-del-fraccionamiento-azul-bonampak\/#breadcrumb\"},\"inLanguage\":\"es\",\"potentialAction\":[{\"@type\":\"ReadAction\",\"target\":[\"https:\/\/panoramaciudadano.com\/index.php\/2025\/06\/12\/ejecutan-a-el-rudy-frente-a-su-esposa-e-hija-en-su-domicilio-del-fraccionamiento-azul-bonampak\/\"]}]},{\"@type\":\"ImageObject\",\"inLanguage\":\"es\",\"@id\":\"https:\/\/panoramaciudadano.com\/index.php\/2025\/06\/12\/ejecutan-a-el-rudy-frente-a-su-esposa-e-hija-en-su-domicilio-del-fraccionamiento-azul-bonampak\/#primaryimage\",\"url\":\"https:\/\/panoramaciudadano.com\/wp-content\/uploads\/2025\/06\/2-106.jpeg\",\"contentUrl\":\"https:\/\/panoramaciudadano.com\/wp-content\/uploads\/2025\/06\/2-106.jpeg\",\"width\":1280,\"height\":720},{\"@type\":\"BreadcrumbList\",\"@id\":\"https:\/\/panoramaciudadano.com\/index.php\/2025\/06\/12\/ejecutan-a-el-rudy-frente-a-su-esposa-e-hija-en-su-domicilio-del-fraccionamiento-azul-bonampak\/#breadcrumb\",\"itemListElement\":[{\"@type\":\"ListItem\",\"position\":1,\"name\":\"Portada\",\"item\":\"https:\/\/panoramaciudadano.com\/\"},{\"@type\":\"ListItem\",\"position\":2,\"name\":\"Ejecutan a \u201cEl Rudy\u201d frente a su esposa e hija en su domicilio del fraccionamiento Azul Bonampak\"}]},{\"@type\":\"WebSite\",\"@id\":\"https:\/\/panoramaciudadano.com\/#website\",\"url\":\"https:\/\/panoramaciudadano.com\/\",\"name\":\"Panorama Ciudadano\",\"description\":\"\",\"publisher\":{\"@id\":\"https:\/\/panoramaciudadano.com\/#organization\"},\"potentialAction\":[{\"@type\":\"SearchAction\",\"target\":{\"@type\":\"EntryPoint\",\"urlTemplate\":\"https:\/\/panoramaciudadano.com\/?s={search_term_string}\"},\"query-input\":{\"@type\":\"PropertyValueSpecification\",\"valueRequired\":true,\"valueName\":\"search_term_string\"}}],\"inLanguage\":\"es\"},{\"@type\":\"Organization\",\"@id\":\"https:\/\/panoramaciudadano.com\/#organization\",\"name\":\"Panorama Ciudadano\",\"url\":\"https:\/\/panoramaciudadano.com\/\",\"logo\":{\"@type\":\"ImageObject\",\"inLanguage\":\"es\",\"@id\":\"https:\/\/panoramaciudadano.com\/#\/schema\/logo\/image\/\",\"url\":\"https:\/\/panoramaciudadano.com\/wp-content\/uploads\/2024\/05\/401498640_919267042938564_6290593609399108733_n.jpg\",\"contentUrl\":\"https:\/\/panoramaciudadano.com\/wp-content\/uploads\/2024\/05\/401498640_919267042938564_6290593609399108733_n.jpg\",\"width\":960,\"height\":957,\"caption\":\"Panorama Ciudadano\"},\"image\":{\"@id\":\"https:\/\/panoramaciudadano.com\/#\/schema\/logo\/image\/\"},\"sameAs\":[\"https:\/\/www.facebook.com\/panoramaciudadano\"]},{\"@type\":\"Person\",\"@id\":\"https:\/\/panoramaciudadano.com\/#\/schema\/person\/ffe9fe8ef47d3a93977b5761fd9e0d96\",\"name\":\"admin\",\"image\":{\"@type\":\"ImageObject\",\"inLanguage\":\"es\",\"@id\":\"https:\/\/panoramaciudadano.com\/#\/schema\/person\/image\/\",\"url\":\"https:\/\/secure.gravatar.com\/avatar\/2d5a12cacce3f18096f25fadea8abb7202fef18ed669595589853e84260ff451?s=96&d=mm&r=g\",\"contentUrl\":\"https:\/\/secure.gravatar.com\/avatar\/2d5a12cacce3f18096f25fadea8abb7202fef18ed669595589853e84260ff451?s=96&d=mm&r=g\",\"caption\":\"admin\"},\"sameAs\":[\"https:\/\/panoramaciudadano.com\"],\"url\":\"https:\/\/panoramaciudadano.com\/index.php\/author\/admin_3q6hyqq3\/\"}]}<\/script>\n<!-- \/ Yoast SEO plugin. -->","yoast_head_json":{"title":"Ejecutan a \u201cEl Rudy\u201d frente a su esposa e hija en su domicilio del fraccionamiento Azul Bonampak - Panorama Ciudadano","robots":{"index":"index","follow":"follow","max-snippet":"max-snippet:-1","max-image-preview":"max-image-preview:large","max-video-preview":"max-video-preview:-1"},"canonical":"https:\/\/panoramaciudadano.com\/index.php\/2025\/06\/12\/ejecutan-a-el-rudy-frente-a-su-esposa-e-hija-en-su-domicilio-del-fraccionamiento-azul-bonampak\/","og_locale":"es_ES","og_type":"article","og_title":"Ejecutan a \u201cEl Rudy\u201d frente a su esposa e hija en su domicilio del fraccionamiento Azul Bonampak - Panorama Ciudadano","og_description":"Un hombre conocido como \u201cEl Rudy\u201d, de aproximadamente 45 a\u00f1os de edad, fue ejecutado a balazos frente a su familia al interior de su domicilio en el fraccionamiento Azul Bonampak.","og_url":"https:\/\/panoramaciudadano.com\/index.php\/2025\/06\/12\/ejecutan-a-el-rudy-frente-a-su-esposa-e-hija-en-su-domicilio-del-fraccionamiento-azul-bonampak\/","og_site_name":"Panorama Ciudadano","article_publisher":"https:\/\/www.facebook.com\/panoramaciudadano","article_published_time":"2025-06-12T22:37:29+00:00","article_modified_time":"2025-06-12T22:37:31+00:00","og_image":[{"width":1280,"height":720,"url":"https:\/\/panoramaciudadano.com\/wp-content\/uploads\/2025\/06\/2-106.jpeg","type":"image\/jpeg"}],"author":"admin","twitter_card":"summary_large_image","twitter_misc":{"Escrito por":"admin","Tiempo de lectura":"2 minutos"},"schema":{"@context":"https:\/\/schema.org","@graph":[{"@type":"Article","@id":"https:\/\/panoramaciudadano.com\/index.php\/2025\/06\/12\/ejecutan-a-el-rudy-frente-a-su-esposa-e-hija-en-su-domicilio-del-fraccionamiento-azul-bonampak\/#article","isPartOf":{"@id":"https:\/\/panoramaciudadano.com\/index.php\/2025\/06\/12\/ejecutan-a-el-rudy-frente-a-su-esposa-e-hija-en-su-domicilio-del-fraccionamiento-azul-bonampak\/"},"author":{"name":"admin","@id":"https:\/\/panoramaciudadano.com\/#\/schema\/person\/ffe9fe8ef47d3a93977b5761fd9e0d96"},"headline":"Ejecutan a \u201cEl Rudy\u201d frente a su esposa e hija en su domicilio del fraccionamiento Azul Bonampak","datePublished":"2025-06-12T22:37:29+00:00","dateModified":"2025-06-12T22:37:31+00:00","mainEntityOfPage":{"@id":"https:\/\/panoramaciudadano.com\/index.php\/2025\/06\/12\/ejecutan-a-el-rudy-frente-a-su-esposa-e-hija-en-su-domicilio-del-fraccionamiento-azul-bonampak\/"},"wordCount":235,"commentCount":0,"publisher":{"@id":"https:\/\/panoramaciudadano.com\/#organization"},"image":{"@id":"https:\/\/panoramaciudadano.com\/index.php\/2025\/06\/12\/ejecutan-a-el-rudy-frente-a-su-esposa-e-hija-en-su-domicilio-del-fraccionamiento-azul-bonampak\/#primaryimage"},"thumbnailUrl":"https:\/\/panoramaciudadano.com\/wp-content\/uploads\/2025\/06\/2-106.jpeg","keywords":["fraccionamiento Azul Bonampak"],"articleSection":["Canc\u00fan"],"inLanguage":"es","potentialAction":[{"@type":"CommentAction","name":"Comment","target":["https:\/\/panoramaciudadano.com\/index.php\/2025\/06\/12\/ejecutan-a-el-rudy-frente-a-su-esposa-e-hija-en-su-domicilio-del-fraccionamiento-azul-bonampak\/#respond"]}]},{"@type":"WebPage","@id":"https:\/\/panoramaciudadano.com\/index.php\/2025\/06\/12\/ejecutan-a-el-rudy-frente-a-su-esposa-e-hija-en-su-domicilio-del-fraccionamiento-azul-bonampak\/","url":"https:\/\/panoramaciudadano.com\/index.php\/2025\/06\/12\/ejecutan-a-el-rudy-frente-a-su-esposa-e-hija-en-su-domicilio-del-fraccionamiento-azul-bonampak\/","name":"Ejecutan a \u201cEl Rudy\u201d frente a su esposa e hija en su domicilio del fraccionamiento Azul Bonampak - Panorama Ciudadano","isPartOf":{"@id":"https:\/\/panoramaciudadano.com\/#website"},"primaryImageOfPage":{"@id":"https:\/\/panoramaciudadano.com\/index.php\/2025\/06\/12\/ejecutan-a-el-rudy-frente-a-su-esposa-e-hija-en-su-domicilio-del-fraccionamiento-azul-bonampak\/#primaryimage"},"image":{"@id":"https:\/\/panoramaciudadano.com\/index.php\/2025\/06\/12\/ejecutan-a-el-rudy-frente-a-su-esposa-e-hija-en-su-domicilio-del-fraccionamiento-azul-bonampak\/#primaryimage"},"thumbnailUrl":"https:\/\/panoramaciudadano.com\/wp-content\/uploads\/2025\/06\/2-106.jpeg","datePublished":"2025-06-12T22:37:29+00:00","dateModified":"2025-06-12T22:37:31+00:00","breadcrumb":{"@id":"https:\/\/panoramaciudadano.com\/index.php\/2025\/06\/12\/ejecutan-a-el-rudy-frente-a-su-esposa-e-hija-en-su-domicilio-del-fraccionamiento-azul-bonampak\/#breadcrumb"},"inLanguage":"es","potentialAction":[{"@type":"ReadAction","target":["https:\/\/panoramaciudadano.com\/index.php\/2025\/06\/12\/ejecutan-a-el-rudy-frente-a-su-esposa-e-hija-en-su-domicilio-del-fraccionamiento-azul-bonampak\/"]}]},{"@type":"ImageObject","inLanguage":"es","@id":"https:\/\/panoramaciudadano.com\/index.php\/2025\/06\/12\/ejecutan-a-el-rudy-frente-a-su-esposa-e-hija-en-su-domicilio-del-fraccionamiento-azul-bonampak\/#primaryimage","url":"https:\/\/panoramaciudadano.com\/wp-content\/uploads\/2025\/06\/2-106.jpeg","contentUrl":"https:\/\/panoramaciudadano.com\/wp-content\/uploads\/2025\/06\/2-106.jpeg","width":1280,"height":720},{"@type":"BreadcrumbList","@id":"https:\/\/panoramaciudadano.com\/index.php\/2025\/06\/12\/ejecutan-a-el-rudy-frente-a-su-esposa-e-hija-en-su-domicilio-del-fraccionamiento-azul-bonampak\/#breadcrumb","itemListElement":[{"@type":"ListItem","position":1,"name":"Portada","item":"https:\/\/panoramaciudadano.com\/"},{"@type":"ListItem","position":2,"name":"Ejecutan a \u201cEl Rudy\u201d frente a su esposa e hija en su domicilio del fraccionamiento Azul Bonampak"}]},{"@type":"WebSite","@id":"https:\/\/panoramaciudadano.com\/#website","url":"https:\/\/panoramaciudadano.com\/","name":"Panorama Ciudadano","description":"","publisher":{"@id":"https:\/\/panoramaciudadano.com\/#organization"},"potentialAction":[{"@type":"SearchAction","target":{"@type":"EntryPoint","urlTemplate":"https:\/\/panoramaciudadano.com\/?s={search_term_string}"},"query-input":{"@type":"PropertyValueSpecification","valueRequired":true,"valueName":"search_term_string"}}],"inLanguage":"es"},{"@type":"Organization","@id":"https:\/\/panoramaciudadano.com\/#organization","name":"Panorama Ciudadano","url":"https:\/\/panoramaciudadano.com\/","logo":{"@type":"ImageObject","inLanguage":"es","@id":"https:\/\/panoramaciudadano.com\/#\/schema\/logo\/image\/","url":"https:\/\/panoramaciudadano.com\/wp-content\/uploads\/2024\/05\/401498640_919267042938564_6290593609399108733_n.jpg","contentUrl":"https:\/\/panoramaciudadano.com\/wp-content\/uploads\/2024\/05\/401498640_919267042938564_6290593609399108733_n.jpg","width":960,"height":957,"caption":"Panorama Ciudadano"},"image":{"@id":"https:\/\/panoramaciudadano.com\/#\/schema\/logo\/image\/"},"sameAs":["https:\/\/www.facebook.com\/panoramaciudadano"]},{"@type":"Person","@id":"https:\/\/panoramaciudadano.com\/#\/schema\/person\/ffe9fe8ef47d3a93977b5761fd9e0d96","name":"admin","image":{"@type":"ImageObject","inLanguage":"es","@id":"https:\/\/panoramaciudadano.com\/#\/schema\/person\/image\/","url":"https:\/\/secure.gravatar.com\/avatar\/2d5a12cacce3f18096f25fadea8abb7202fef18ed669595589853e84260ff451?s=96&d=mm&r=g","contentUrl":"https:\/\/secure.gravatar.com\/avatar\/2d5a12cacce3f18096f25fadea8abb7202fef18ed669595589853e84260ff451?s=96&d=mm&r=g","caption":"admin"},"sameAs":["https:\/\/panoramaciudadano.com"],"url":"https:\/\/panoramaciudadano.com\/index.php\/author\/admin_3q6hyqq3\/"}]}},"_links":{"self":[{"href":"https:\/\/panoramaciudadano.com\/index.php\/wp-json\/wp\/v2\/posts\/15603","targetHints":{"allow":["GET"]}}],"collection":[{"href":"https:\/\/panoramaciudadano.com\/index.php\/wp-json\/wp\/v2\/posts"}],"about":[{"href":"https:\/\/panoramaciudadano.com\/index.php\/wp-json\/wp\/v2\/types\/post"}],"author":[{"embeddable":true,"href":"https:\/\/panoramaciudadano.com\/index.php\/wp-json\/wp\/v2\/users\/1"}],"replies":[{"embeddable":true,"href":"https:\/\/panoramaciudadano.com\/index.php\/wp-json\/wp\/v2\/comments?post=15603"}],"version-history":[{"count":1,"href":"https:\/\/panoramaciudadano.com\/index.php\/wp-json\/wp\/v2\/posts\/15603\/revisions"}],"predecessor-version":[{"id":15607,"href":"https:\/\/panoramaciudadano.com\/index.php\/wp-json\/wp\/v2\/posts\/15603\/revisions\/15607"}],"wp:featuredmedia":[{"embeddable":true,"href":"https:\/\/panoramaciudadano.com\/index.php\/wp-json\/wp\/v2\/media\/15606"}],"wp:attachment":[{"href":"https:\/\/panoramaciudadano.com\/index.php\/wp-json\/wp\/v2\/media?parent=15603"}],"wp:term":[{"taxonomy":"category","embeddable":true,"href":"https:\/\/panoramaciudadano.com\/index.php\/wp-json\/wp\/v2\/categories?post=15603"},{"taxonomy":"post_tag","embeddable":true,"href":"https:\/\/panoramaciudadano.com\/index.php\/wp-json\/wp\/v2\/tags?post=15603"}],"curies":[{"name":"wp","href":"https:\/\/api.w.org\/{rel}","templated":true}]}}