{"id":15639,"date":"2025-06-12T17:53:19","date_gmt":"2025-06-12T22:53:19","guid":{"rendered":"https:\/\/panoramaciudadano.com\/?p=15639"},"modified":"2025-06-12T17:53:21","modified_gmt":"2025-06-12T22:53:21","slug":"en-campo-ana-paty-peralta-supervisa-buen-manejo-de-los-residuos-solidos","status":"publish","type":"post","link":"https:\/\/panoramaciudadano.com\/index.php\/2025\/06\/12\/en-campo-ana-paty-peralta-supervisa-buen-manejo-de-los-residuos-solidos\/","title":{"rendered":"EN CAMPO, ANA PATY PERALTA SUPERVISA BUEN MANEJO DE LOS RESIDUOS S\u00d3LIDOS"},"content":{"rendered":"\n<figure class=\"wp-block-gallery has-nested-images columns-default is-cropped wp-block-gallery-1 is-layout-flex wp-block-gallery-is-layout-flex\">\n<figure class=\"wp-block-image size-large\"><img decoding=\"async\" width=\"960\" height=\"640\" data-id=\"15643\" src=\"https:\/\/panoramaciudadano.com\/wp-content\/uploads\/2025\/06\/2-112.jpeg\" alt=\"\" class=\"wp-image-15643\" srcset=\"https:\/\/panoramaciudadano.com\/wp-content\/uploads\/2025\/06\/2-112.jpeg 960w, https:\/\/panoramaciudadano.com\/wp-content\/uploads\/2025\/06\/2-112-300x200.jpeg 300w, https:\/\/panoramaciudadano.com\/wp-content\/uploads\/2025\/06\/2-112-768x512.jpeg 768w\" sizes=\"(max-width: 960px) 100vw, 960px\" \/><\/figure>\n\n\n\n<figure class=\"wp-block-image size-large\"><img decoding=\"async\" width=\"960\" height=\"624\" data-id=\"15644\" src=\"https:\/\/panoramaciudadano.com\/wp-content\/uploads\/2025\/06\/3-99.jpeg\" alt=\"\" class=\"wp-image-15644\" srcset=\"https:\/\/panoramaciudadano.com\/wp-content\/uploads\/2025\/06\/3-99.jpeg 960w, https:\/\/panoramaciudadano.com\/wp-content\/uploads\/2025\/06\/3-99-300x195.jpeg 300w, https:\/\/panoramaciudadano.com\/wp-content\/uploads\/2025\/06\/3-99-768x499.jpeg 768w\" sizes=\"(max-width: 960px) 100vw, 960px\" \/><\/figure>\n\n\n\n<figure class=\"wp-block-image size-large\"><img decoding=\"async\" width=\"960\" height=\"646\" data-id=\"15642\" src=\"https:\/\/panoramaciudadano.com\/wp-content\/uploads\/2025\/06\/4-73.jpeg\" alt=\"\" class=\"wp-image-15642\" srcset=\"https:\/\/panoramaciudadano.com\/wp-content\/uploads\/2025\/06\/4-73.jpeg 960w, https:\/\/panoramaciudadano.com\/wp-content\/uploads\/2025\/06\/4-73-300x202.jpeg 300w, https:\/\/panoramaciudadano.com\/wp-content\/uploads\/2025\/06\/4-73-768x517.jpeg 768w\" sizes=\"(max-width: 960px) 100vw, 960px\" \/><\/figure>\n\n\n\n<figure class=\"wp-block-image size-large\"><img decoding=\"async\" width=\"960\" height=\"640\" data-id=\"15641\" src=\"https:\/\/panoramaciudadano.com\/wp-content\/uploads\/2025\/06\/5-33.jpeg\" alt=\"\" class=\"wp-image-15641\" srcset=\"https:\/\/panoramaciudadano.com\/wp-content\/uploads\/2025\/06\/5-33.jpeg 960w, https:\/\/panoramaciudadano.com\/wp-content\/uploads\/2025\/06\/5-33-300x200.jpeg 300w, https:\/\/panoramaciudadano.com\/wp-content\/uploads\/2025\/06\/5-33-768x512.jpeg 768w\" sizes=\"(max-width: 960px) 100vw, 960px\" \/><\/figure>\n\n\n\n<figure class=\"wp-block-image size-large\"><img decoding=\"async\" width=\"960\" height=\"612\" data-id=\"15640\" src=\"https:\/\/panoramaciudadano.com\/wp-content\/uploads\/2025\/06\/WhatsApp-Image-2025-06-12-at-07.37.40.jpeg\" alt=\"\" class=\"wp-image-15640\" srcset=\"https:\/\/panoramaciudadano.com\/wp-content\/uploads\/2025\/06\/WhatsApp-Image-2025-06-12-at-07.37.40.jpeg 960w, https:\/\/panoramaciudadano.com\/wp-content\/uploads\/2025\/06\/WhatsApp-Image-2025-06-12-at-07.37.40-300x191.jpeg 300w, https:\/\/panoramaciudadano.com\/wp-content\/uploads\/2025\/06\/WhatsApp-Image-2025-06-12-at-07.37.40-768x490.jpeg 768w\" sizes=\"(max-width: 960px) 100vw, 960px\" \/><\/figure>\n<\/figure>\n\n\n\n<p>A fin de verificar el correcto manejo y disposici\u00f3n final de los residuos que se generan en la ciudad, la Presidenta Municipal, Ana Paty Peralta y el CEO de Red ambiental, Horacio Guerra Marroqu\u00edn, realizaron un recorrido de reconocimiento por la Base de Operaciones de dicha empresa, as\u00ed como de la celda emergente del Centro Integral de Procesamiento de Residuos (Cipres), ubicada en la parcela 175, en donde se han procesado m\u00e1s de 650 mil toneladas.<\/p>\n\n\n\n<p>Como parte de la visita, continuaron los trabajos para avanzar en la habilitaci\u00f3n de una celda exclusiva para sargazo, la reubicaci\u00f3n de los residuos vegetales de los residuos dom\u00e9sticos y la reducci\u00f3n del costo por tonelada de cascajo para facilitar su correcta disposici\u00f3n.<\/p>\n\n\n\n<p>La supervisi\u00f3n inici\u00f3 en la Base de Operaciones de Red Ambiental, donde personal de la empresa explic\u00f3 a la Alcaldesa los procesos de mantenimiento y limpieza de las unidades de recolecci\u00f3n, as\u00ed como las rutas empleadas y el trabajo operativo para atender de manera oportuna a las Supermanzanas de la ciudad.<\/p>\n\n\n\n<p>Posteriormente, las autoridades municipales y directivos se trasladaron a la parcela 175, la cual se maneja con altos est\u00e1ndares de conservaci\u00f3n del medio ambiente, la cual desde su construcci\u00f3n se consideraron medidas adicionales a las establecidas en la Norma Mexicana NOM-083-SEMARNAT-2003 para proteger el suelo de los lixiviados.<\/p>\n\n\n\n<p>A 14 meses de su inicio de funciones, Ana Paty Peralta, acompa\u00f1ada tambi\u00e9n del director de Soluci\u00f3n Integral de Residuos S\u00f3lidos Canc\u00fan (Siresol), Franntz Ancira Mart\u00ednez, constat\u00f3 el proceso de disposici\u00f3n final, desde el arribo de las unidades al \u00e1rea de pesaje, hasta el dep\u00f3sito de los residuos s\u00f3lidos y su compactaci\u00f3n en la celda.<\/p>\n\n\n\n<p>Con estas acciones, el gobierno de Benito Ju\u00e1rez reiter\u00f3 su compromiso de trabajar en conjunto con Red Ambiental para mantener una ciudad limpia, evitando la contaminaci\u00f3n del medio ambiente y afectaciones a la salud p\u00fablica.<\/p>\n","protected":false},"excerpt":{"rendered":"<p>\u2060Vigila los procesos de disposici\u00f3n final de la basura en la celda emergente.<\/p>\n","protected":false},"author":1,"featured_media":15641,"comment_status":"open","ping_status":"closed","sticky":false,"template":"","format":"standard","meta":{"footnotes":""},"categories":[6],"tags":[145],"class_list":["post-15639","post","type-post","status-publish","format-standard","has-post-thumbnail","hentry","category-cancun","tag-ana-paty-peralta"],"yoast_head":"<!-- This site is optimized with the Yoast SEO plugin v27.1.1 - https:\/\/yoast.com\/product\/yoast-seo-wordpress\/ -->\n<title>EN CAMPO, ANA PATY PERALTA SUPERVISA BUEN MANEJO DE LOS RESIDUOS S\u00d3LIDOS - Panorama Ciudadano<\/title>\n<meta name=\"robots\" content=\"index, follow, max-snippet:-1, max-image-preview:large, max-video-preview:-1\" \/>\n<link rel=\"canonical\" href=\"https:\/\/panoramaciudadano.com\/index.php\/2025\/06\/12\/en-campo-ana-paty-peralta-supervisa-buen-manejo-de-los-residuos-solidos\/\" \/>\n<meta property=\"og:locale\" content=\"es_ES\" \/>\n<meta property=\"og:type\" content=\"article\" \/>\n<meta property=\"og:title\" content=\"EN CAMPO, ANA PATY PERALTA SUPERVISA BUEN MANEJO DE LOS RESIDUOS S\u00d3LIDOS - Panorama Ciudadano\" \/>\n<meta property=\"og:description\" content=\"\u2060Vigila los procesos de disposici\u00f3n final de la basura en la celda emergente.\" \/>\n<meta property=\"og:url\" content=\"https:\/\/panoramaciudadano.com\/index.php\/2025\/06\/12\/en-campo-ana-paty-peralta-supervisa-buen-manejo-de-los-residuos-solidos\/\" \/>\n<meta property=\"og:site_name\" content=\"Panorama Ciudadano\" \/>\n<meta property=\"article:publisher\" content=\"https:\/\/www.facebook.com\/panoramaciudadano\" \/>\n<meta property=\"article:published_time\" content=\"2025-06-12T22:53:19+00:00\" \/>\n<meta property=\"article:modified_time\" content=\"2025-06-12T22:53:21+00:00\" \/>\n<meta property=\"og:image\" content=\"https:\/\/panoramaciudadano.com\/wp-content\/uploads\/2025\/06\/5-33.jpeg\" \/>\n\t<meta property=\"og:image:width\" content=\"960\" \/>\n\t<meta property=\"og:image:height\" content=\"640\" \/>\n\t<meta property=\"og:image:type\" content=\"image\/jpeg\" \/>\n<meta name=\"author\" content=\"admin\" \/>\n<meta name=\"twitter:card\" content=\"summary_large_image\" \/>\n<meta name=\"twitter:label1\" content=\"Escrito por\" \/>\n\t<meta name=\"twitter:data1\" content=\"admin\" \/>\n\t<meta name=\"twitter:label2\" content=\"Tiempo de lectura\" \/>\n\t<meta name=\"twitter:data2\" content=\"3 minutos\" \/>\n<script type=\"application\/ld+json\" class=\"yoast-schema-graph\">{\"@context\":\"https:\/\/schema.org\",\"@graph\":[{\"@type\":\"Article\",\"@id\":\"https:\/\/panoramaciudadano.com\/index.php\/2025\/06\/12\/en-campo-ana-paty-peralta-supervisa-buen-manejo-de-los-residuos-solidos\/#article\",\"isPartOf\":{\"@id\":\"https:\/\/panoramaciudadano.com\/index.php\/2025\/06\/12\/en-campo-ana-paty-peralta-supervisa-buen-manejo-de-los-residuos-solidos\/\"},\"author\":{\"name\":\"admin\",\"@id\":\"https:\/\/panoramaciudadano.com\/#\/schema\/person\/ffe9fe8ef47d3a93977b5761fd9e0d96\"},\"headline\":\"EN CAMPO, ANA PATY PERALTA SUPERVISA BUEN MANEJO DE LOS RESIDUOS S\u00d3LIDOS\",\"datePublished\":\"2025-06-12T22:53:19+00:00\",\"dateModified\":\"2025-06-12T22:53:21+00:00\",\"mainEntityOfPage\":{\"@id\":\"https:\/\/panoramaciudadano.com\/index.php\/2025\/06\/12\/en-campo-ana-paty-peralta-supervisa-buen-manejo-de-los-residuos-solidos\/\"},\"wordCount\":344,\"commentCount\":0,\"publisher\":{\"@id\":\"https:\/\/panoramaciudadano.com\/#organization\"},\"image\":{\"@id\":\"https:\/\/panoramaciudadano.com\/index.php\/2025\/06\/12\/en-campo-ana-paty-peralta-supervisa-buen-manejo-de-los-residuos-solidos\/#primaryimage\"},\"thumbnailUrl\":\"https:\/\/panoramaciudadano.com\/wp-content\/uploads\/2025\/06\/5-33.jpeg\",\"keywords\":[\"Ana Paty Peralta\"],\"articleSection\":[\"Canc\u00fan\"],\"inLanguage\":\"es\",\"potentialAction\":[{\"@type\":\"CommentAction\",\"name\":\"Comment\",\"target\":[\"https:\/\/panoramaciudadano.com\/index.php\/2025\/06\/12\/en-campo-ana-paty-peralta-supervisa-buen-manejo-de-los-residuos-solidos\/#respond\"]}]},{\"@type\":\"WebPage\",\"@id\":\"https:\/\/panoramaciudadano.com\/index.php\/2025\/06\/12\/en-campo-ana-paty-peralta-supervisa-buen-manejo-de-los-residuos-solidos\/\",\"url\":\"https:\/\/panoramaciudadano.com\/index.php\/2025\/06\/12\/en-campo-ana-paty-peralta-supervisa-buen-manejo-de-los-residuos-solidos\/\",\"name\":\"EN CAMPO, ANA PATY PERALTA SUPERVISA BUEN MANEJO DE LOS RESIDUOS S\u00d3LIDOS - Panorama Ciudadano\",\"isPartOf\":{\"@id\":\"https:\/\/panoramaciudadano.com\/#website\"},\"primaryImageOfPage\":{\"@id\":\"https:\/\/panoramaciudadano.com\/index.php\/2025\/06\/12\/en-campo-ana-paty-peralta-supervisa-buen-manejo-de-los-residuos-solidos\/#primaryimage\"},\"image\":{\"@id\":\"https:\/\/panoramaciudadano.com\/index.php\/2025\/06\/12\/en-campo-ana-paty-peralta-supervisa-buen-manejo-de-los-residuos-solidos\/#primaryimage\"},\"thumbnailUrl\":\"https:\/\/panoramaciudadano.com\/wp-content\/uploads\/2025\/06\/5-33.jpeg\",\"datePublished\":\"2025-06-12T22:53:19+00:00\",\"dateModified\":\"2025-06-12T22:53:21+00:00\",\"breadcrumb\":{\"@id\":\"https:\/\/panoramaciudadano.com\/index.php\/2025\/06\/12\/en-campo-ana-paty-peralta-supervisa-buen-manejo-de-los-residuos-solidos\/#breadcrumb\"},\"inLanguage\":\"es\",\"potentialAction\":[{\"@type\":\"ReadAction\",\"target\":[\"https:\/\/panoramaciudadano.com\/index.php\/2025\/06\/12\/en-campo-ana-paty-peralta-supervisa-buen-manejo-de-los-residuos-solidos\/\"]}]},{\"@type\":\"ImageObject\",\"inLanguage\":\"es\",\"@id\":\"https:\/\/panoramaciudadano.com\/index.php\/2025\/06\/12\/en-campo-ana-paty-peralta-supervisa-buen-manejo-de-los-residuos-solidos\/#primaryimage\",\"url\":\"https:\/\/panoramaciudadano.com\/wp-content\/uploads\/2025\/06\/5-33.jpeg\",\"contentUrl\":\"https:\/\/panoramaciudadano.com\/wp-content\/uploads\/2025\/06\/5-33.jpeg\",\"width\":960,\"height\":640},{\"@type\":\"BreadcrumbList\",\"@id\":\"https:\/\/panoramaciudadano.com\/index.php\/2025\/06\/12\/en-campo-ana-paty-peralta-supervisa-buen-manejo-de-los-residuos-solidos\/#breadcrumb\",\"itemListElement\":[{\"@type\":\"ListItem\",\"position\":1,\"name\":\"Portada\",\"item\":\"https:\/\/panoramaciudadano.com\/\"},{\"@type\":\"ListItem\",\"position\":2,\"name\":\"EN CAMPO, ANA PATY PERALTA SUPERVISA BUEN MANEJO DE LOS RESIDUOS S\u00d3LIDOS\"}]},{\"@type\":\"WebSite\",\"@id\":\"https:\/\/panoramaciudadano.com\/#website\",\"url\":\"https:\/\/panoramaciudadano.com\/\",\"name\":\"Panorama Ciudadano\",\"description\":\"\",\"publisher\":{\"@id\":\"https:\/\/panoramaciudadano.com\/#organization\"},\"potentialAction\":[{\"@type\":\"SearchAction\",\"target\":{\"@type\":\"EntryPoint\",\"urlTemplate\":\"https:\/\/panoramaciudadano.com\/?s={search_term_string}\"},\"query-input\":{\"@type\":\"PropertyValueSpecification\",\"valueRequired\":true,\"valueName\":\"search_term_string\"}}],\"inLanguage\":\"es\"},{\"@type\":\"Organization\",\"@id\":\"https:\/\/panoramaciudadano.com\/#organization\",\"name\":\"Panorama Ciudadano\",\"url\":\"https:\/\/panoramaciudadano.com\/\",\"logo\":{\"@type\":\"ImageObject\",\"inLanguage\":\"es\",\"@id\":\"https:\/\/panoramaciudadano.com\/#\/schema\/logo\/image\/\",\"url\":\"https:\/\/panoramaciudadano.com\/wp-content\/uploads\/2024\/05\/401498640_919267042938564_6290593609399108733_n.jpg\",\"contentUrl\":\"https:\/\/panoramaciudadano.com\/wp-content\/uploads\/2024\/05\/401498640_919267042938564_6290593609399108733_n.jpg\",\"width\":960,\"height\":957,\"caption\":\"Panorama Ciudadano\"},\"image\":{\"@id\":\"https:\/\/panoramaciudadano.com\/#\/schema\/logo\/image\/\"},\"sameAs\":[\"https:\/\/www.facebook.com\/panoramaciudadano\"]},{\"@type\":\"Person\",\"@id\":\"https:\/\/panoramaciudadano.com\/#\/schema\/person\/ffe9fe8ef47d3a93977b5761fd9e0d96\",\"name\":\"admin\",\"image\":{\"@type\":\"ImageObject\",\"inLanguage\":\"es\",\"@id\":\"https:\/\/panoramaciudadano.com\/#\/schema\/person\/image\/\",\"url\":\"https:\/\/secure.gravatar.com\/avatar\/2d5a12cacce3f18096f25fadea8abb7202fef18ed669595589853e84260ff451?s=96&d=mm&r=g\",\"contentUrl\":\"https:\/\/secure.gravatar.com\/avatar\/2d5a12cacce3f18096f25fadea8abb7202fef18ed669595589853e84260ff451?s=96&d=mm&r=g\",\"caption\":\"admin\"},\"sameAs\":[\"https:\/\/panoramaciudadano.com\"],\"url\":\"https:\/\/panoramaciudadano.com\/index.php\/author\/admin_3q6hyqq3\/\"}]}<\/script>\n<!-- \/ Yoast SEO plugin. -->","yoast_head_json":{"title":"EN CAMPO, ANA PATY PERALTA SUPERVISA BUEN MANEJO DE LOS RESIDUOS S\u00d3LIDOS - Panorama Ciudadano","robots":{"index":"index","follow":"follow","max-snippet":"max-snippet:-1","max-image-preview":"max-image-preview:large","max-video-preview":"max-video-preview:-1"},"canonical":"https:\/\/panoramaciudadano.com\/index.php\/2025\/06\/12\/en-campo-ana-paty-peralta-supervisa-buen-manejo-de-los-residuos-solidos\/","og_locale":"es_ES","og_type":"article","og_title":"EN CAMPO, ANA PATY PERALTA SUPERVISA BUEN MANEJO DE LOS RESIDUOS S\u00d3LIDOS - Panorama Ciudadano","og_description":"\u2060Vigila los procesos de disposici\u00f3n final de la basura en la celda emergente.","og_url":"https:\/\/panoramaciudadano.com\/index.php\/2025\/06\/12\/en-campo-ana-paty-peralta-supervisa-buen-manejo-de-los-residuos-solidos\/","og_site_name":"Panorama Ciudadano","article_publisher":"https:\/\/www.facebook.com\/panoramaciudadano","article_published_time":"2025-06-12T22:53:19+00:00","article_modified_time":"2025-06-12T22:53:21+00:00","og_image":[{"width":960,"height":640,"url":"https:\/\/panoramaciudadano.com\/wp-content\/uploads\/2025\/06\/5-33.jpeg","type":"image\/jpeg"}],"author":"admin","twitter_card":"summary_large_image","twitter_misc":{"Escrito por":"admin","Tiempo de lectura":"3 minutos"},"schema":{"@context":"https:\/\/schema.org","@graph":[{"@type":"Article","@id":"https:\/\/panoramaciudadano.com\/index.php\/2025\/06\/12\/en-campo-ana-paty-peralta-supervisa-buen-manejo-de-los-residuos-solidos\/#article","isPartOf":{"@id":"https:\/\/panoramaciudadano.com\/index.php\/2025\/06\/12\/en-campo-ana-paty-peralta-supervisa-buen-manejo-de-los-residuos-solidos\/"},"author":{"name":"admin","@id":"https:\/\/panoramaciudadano.com\/#\/schema\/person\/ffe9fe8ef47d3a93977b5761fd9e0d96"},"headline":"EN CAMPO, ANA PATY PERALTA SUPERVISA BUEN MANEJO DE LOS RESIDUOS S\u00d3LIDOS","datePublished":"2025-06-12T22:53:19+00:00","dateModified":"2025-06-12T22:53:21+00:00","mainEntityOfPage":{"@id":"https:\/\/panoramaciudadano.com\/index.php\/2025\/06\/12\/en-campo-ana-paty-peralta-supervisa-buen-manejo-de-los-residuos-solidos\/"},"wordCount":344,"commentCount":0,"publisher":{"@id":"https:\/\/panoramaciudadano.com\/#organization"},"image":{"@id":"https:\/\/panoramaciudadano.com\/index.php\/2025\/06\/12\/en-campo-ana-paty-peralta-supervisa-buen-manejo-de-los-residuos-solidos\/#primaryimage"},"thumbnailUrl":"https:\/\/panoramaciudadano.com\/wp-content\/uploads\/2025\/06\/5-33.jpeg","keywords":["Ana Paty Peralta"],"articleSection":["Canc\u00fan"],"inLanguage":"es","potentialAction":[{"@type":"CommentAction","name":"Comment","target":["https:\/\/panoramaciudadano.com\/index.php\/2025\/06\/12\/en-campo-ana-paty-peralta-supervisa-buen-manejo-de-los-residuos-solidos\/#respond"]}]},{"@type":"WebPage","@id":"https:\/\/panoramaciudadano.com\/index.php\/2025\/06\/12\/en-campo-ana-paty-peralta-supervisa-buen-manejo-de-los-residuos-solidos\/","url":"https:\/\/panoramaciudadano.com\/index.php\/2025\/06\/12\/en-campo-ana-paty-peralta-supervisa-buen-manejo-de-los-residuos-solidos\/","name":"EN CAMPO, ANA PATY PERALTA SUPERVISA BUEN MANEJO DE LOS RESIDUOS S\u00d3LIDOS - Panorama Ciudadano","isPartOf":{"@id":"https:\/\/panoramaciudadano.com\/#website"},"primaryImageOfPage":{"@id":"https:\/\/panoramaciudadano.com\/index.php\/2025\/06\/12\/en-campo-ana-paty-peralta-supervisa-buen-manejo-de-los-residuos-solidos\/#primaryimage"},"image":{"@id":"https:\/\/panoramaciudadano.com\/index.php\/2025\/06\/12\/en-campo-ana-paty-peralta-supervisa-buen-manejo-de-los-residuos-solidos\/#primaryimage"},"thumbnailUrl":"https:\/\/panoramaciudadano.com\/wp-content\/uploads\/2025\/06\/5-33.jpeg","datePublished":"2025-06-12T22:53:19+00:00","dateModified":"2025-06-12T22:53:21+00:00","breadcrumb":{"@id":"https:\/\/panoramaciudadano.com\/index.php\/2025\/06\/12\/en-campo-ana-paty-peralta-supervisa-buen-manejo-de-los-residuos-solidos\/#breadcrumb"},"inLanguage":"es","potentialAction":[{"@type":"ReadAction","target":["https:\/\/panoramaciudadano.com\/index.php\/2025\/06\/12\/en-campo-ana-paty-peralta-supervisa-buen-manejo-de-los-residuos-solidos\/"]}]},{"@type":"ImageObject","inLanguage":"es","@id":"https:\/\/panoramaciudadano.com\/index.php\/2025\/06\/12\/en-campo-ana-paty-peralta-supervisa-buen-manejo-de-los-residuos-solidos\/#primaryimage","url":"https:\/\/panoramaciudadano.com\/wp-content\/uploads\/2025\/06\/5-33.jpeg","contentUrl":"https:\/\/panoramaciudadano.com\/wp-content\/uploads\/2025\/06\/5-33.jpeg","width":960,"height":640},{"@type":"BreadcrumbList","@id":"https:\/\/panoramaciudadano.com\/index.php\/2025\/06\/12\/en-campo-ana-paty-peralta-supervisa-buen-manejo-de-los-residuos-solidos\/#breadcrumb","itemListElement":[{"@type":"ListItem","position":1,"name":"Portada","item":"https:\/\/panoramaciudadano.com\/"},{"@type":"ListItem","position":2,"name":"EN CAMPO, ANA PATY PERALTA SUPERVISA BUEN MANEJO DE LOS RESIDUOS S\u00d3LIDOS"}]},{"@type":"WebSite","@id":"https:\/\/panoramaciudadano.com\/#website","url":"https:\/\/panoramaciudadano.com\/","name":"Panorama Ciudadano","description":"","publisher":{"@id":"https:\/\/panoramaciudadano.com\/#organization"},"potentialAction":[{"@type":"SearchAction","target":{"@type":"EntryPoint","urlTemplate":"https:\/\/panoramaciudadano.com\/?s={search_term_string}"},"query-input":{"@type":"PropertyValueSpecification","valueRequired":true,"valueName":"search_term_string"}}],"inLanguage":"es"},{"@type":"Organization","@id":"https:\/\/panoramaciudadano.com\/#organization","name":"Panorama Ciudadano","url":"https:\/\/panoramaciudadano.com\/","logo":{"@type":"ImageObject","inLanguage":"es","@id":"https:\/\/panoramaciudadano.com\/#\/schema\/logo\/image\/","url":"https:\/\/panoramaciudadano.com\/wp-content\/uploads\/2024\/05\/401498640_919267042938564_6290593609399108733_n.jpg","contentUrl":"https:\/\/panoramaciudadano.com\/wp-content\/uploads\/2024\/05\/401498640_919267042938564_6290593609399108733_n.jpg","width":960,"height":957,"caption":"Panorama Ciudadano"},"image":{"@id":"https:\/\/panoramaciudadano.com\/#\/schema\/logo\/image\/"},"sameAs":["https:\/\/www.facebook.com\/panoramaciudadano"]},{"@type":"Person","@id":"https:\/\/panoramaciudadano.com\/#\/schema\/person\/ffe9fe8ef47d3a93977b5761fd9e0d96","name":"admin","image":{"@type":"ImageObject","inLanguage":"es","@id":"https:\/\/panoramaciudadano.com\/#\/schema\/person\/image\/","url":"https:\/\/secure.gravatar.com\/avatar\/2d5a12cacce3f18096f25fadea8abb7202fef18ed669595589853e84260ff451?s=96&d=mm&r=g","contentUrl":"https:\/\/secure.gravatar.com\/avatar\/2d5a12cacce3f18096f25fadea8abb7202fef18ed669595589853e84260ff451?s=96&d=mm&r=g","caption":"admin"},"sameAs":["https:\/\/panoramaciudadano.com"],"url":"https:\/\/panoramaciudadano.com\/index.php\/author\/admin_3q6hyqq3\/"}]}},"_links":{"self":[{"href":"https:\/\/panoramaciudadano.com\/index.php\/wp-json\/wp\/v2\/posts\/15639","targetHints":{"allow":["GET"]}}],"collection":[{"href":"https:\/\/panoramaciudadano.com\/index.php\/wp-json\/wp\/v2\/posts"}],"about":[{"href":"https:\/\/panoramaciudadano.com\/index.php\/wp-json\/wp\/v2\/types\/post"}],"author":[{"embeddable":true,"href":"https:\/\/panoramaciudadano.com\/index.php\/wp-json\/wp\/v2\/users\/1"}],"replies":[{"embeddable":true,"href":"https:\/\/panoramaciudadano.com\/index.php\/wp-json\/wp\/v2\/comments?post=15639"}],"version-history":[{"count":1,"href":"https:\/\/panoramaciudadano.com\/index.php\/wp-json\/wp\/v2\/posts\/15639\/revisions"}],"predecessor-version":[{"id":15645,"href":"https:\/\/panoramaciudadano.com\/index.php\/wp-json\/wp\/v2\/posts\/15639\/revisions\/15645"}],"wp:featuredmedia":[{"embeddable":true,"href":"https:\/\/panoramaciudadano.com\/index.php\/wp-json\/wp\/v2\/media\/15641"}],"wp:attachment":[{"href":"https:\/\/panoramaciudadano.com\/index.php\/wp-json\/wp\/v2\/media?parent=15639"}],"wp:term":[{"taxonomy":"category","embeddable":true,"href":"https:\/\/panoramaciudadano.com\/index.php\/wp-json\/wp\/v2\/categories?post=15639"},{"taxonomy":"post_tag","embeddable":true,"href":"https:\/\/panoramaciudadano.com\/index.php\/wp-json\/wp\/v2\/tags?post=15639"}],"curies":[{"name":"wp","href":"https:\/\/api.w.org\/{rel}","templated":true}]}}