{"id":15650,"date":"2025-06-12T18:00:23","date_gmt":"2025-06-12T23:00:23","guid":{"rendered":"https:\/\/panoramaciudadano.com\/?p=15650"},"modified":"2025-06-12T18:00:27","modified_gmt":"2025-06-12T23:00:27","slug":"no-al-trabajo-infantil-ana-paty-peralta-abraza-la-proteccion-de-los-derechos-de-ninas-y-ninos","status":"publish","type":"post","link":"https:\/\/panoramaciudadano.com\/index.php\/2025\/06\/12\/no-al-trabajo-infantil-ana-paty-peralta-abraza-la-proteccion-de-los-derechos-de-ninas-y-ninos\/","title":{"rendered":"NO AL TRABAJO INFANTIL: ANA PATY PERALTA ABRAZA LA PROTECCI\u00d3N DE LOS DERECHOS DE NI\u00d1AS Y NI\u00d1OS"},"content":{"rendered":"\n<figure class=\"wp-block-gallery has-nested-images columns-default is-cropped wp-block-gallery-1 is-layout-flex wp-block-gallery-is-layout-flex\">\n<figure class=\"wp-block-image size-large\"><img decoding=\"async\" width=\"597\" height=\"480\" data-id=\"15654\" src=\"https:\/\/panoramaciudadano.com\/wp-content\/uploads\/2025\/06\/2-113.jpeg\" alt=\"\" class=\"wp-image-15654\" srcset=\"https:\/\/panoramaciudadano.com\/wp-content\/uploads\/2025\/06\/2-113.jpeg 597w, https:\/\/panoramaciudadano.com\/wp-content\/uploads\/2025\/06\/2-113-300x241.jpeg 300w\" sizes=\"(max-width: 597px) 100vw, 597px\" \/><\/figure>\n\n\n\n<figure class=\"wp-block-image size-large\"><img decoding=\"async\" width=\"1024\" height=\"631\" data-id=\"15655\" src=\"https:\/\/panoramaciudadano.com\/wp-content\/uploads\/2025\/06\/3-100-1024x631.jpeg\" alt=\"\" class=\"wp-image-15655\" srcset=\"https:\/\/panoramaciudadano.com\/wp-content\/uploads\/2025\/06\/3-100-1024x631.jpeg 1024w, https:\/\/panoramaciudadano.com\/wp-content\/uploads\/2025\/06\/3-100-300x185.jpeg 300w, https:\/\/panoramaciudadano.com\/wp-content\/uploads\/2025\/06\/3-100-768x473.jpeg 768w, https:\/\/panoramaciudadano.com\/wp-content\/uploads\/2025\/06\/3-100.jpeg 1280w\" sizes=\"(max-width: 1024px) 100vw, 1024px\" \/><\/figure>\n\n\n\n<figure class=\"wp-block-image size-large\"><img decoding=\"async\" width=\"1024\" height=\"682\" data-id=\"15653\" src=\"https:\/\/panoramaciudadano.com\/wp-content\/uploads\/2025\/06\/4-75-1024x682.jpeg\" alt=\"\" class=\"wp-image-15653\" srcset=\"https:\/\/panoramaciudadano.com\/wp-content\/uploads\/2025\/06\/4-75-1024x682.jpeg 1024w, https:\/\/panoramaciudadano.com\/wp-content\/uploads\/2025\/06\/4-75-300x200.jpeg 300w, https:\/\/panoramaciudadano.com\/wp-content\/uploads\/2025\/06\/4-75-768x512.jpeg 768w, https:\/\/panoramaciudadano.com\/wp-content\/uploads\/2025\/06\/4-75.jpeg 1280w\" sizes=\"(max-width: 1024px) 100vw, 1024px\" \/><\/figure>\n\n\n\n<figure class=\"wp-block-image size-large\"><img decoding=\"async\" width=\"1024\" height=\"828\" data-id=\"15652\" src=\"https:\/\/panoramaciudadano.com\/wp-content\/uploads\/2025\/06\/5-35-1024x828.jpeg\" alt=\"\" class=\"wp-image-15652\" srcset=\"https:\/\/panoramaciudadano.com\/wp-content\/uploads\/2025\/06\/5-35-1024x828.jpeg 1024w, https:\/\/panoramaciudadano.com\/wp-content\/uploads\/2025\/06\/5-35-300x243.jpeg 300w, https:\/\/panoramaciudadano.com\/wp-content\/uploads\/2025\/06\/5-35-768x621.jpeg 768w, https:\/\/panoramaciudadano.com\/wp-content\/uploads\/2025\/06\/5-35.jpeg 1280w\" sizes=\"(max-width: 1024px) 100vw, 1024px\" \/><\/figure>\n\n\n\n<figure class=\"wp-block-image size-large\"><img decoding=\"async\" width=\"593\" height=\"395\" data-id=\"15651\" src=\"https:\/\/panoramaciudadano.com\/wp-content\/uploads\/2025\/06\/WhatsApp-Image-2025-06-12-at-07.55.45.jpeg\" alt=\"\" class=\"wp-image-15651\" srcset=\"https:\/\/panoramaciudadano.com\/wp-content\/uploads\/2025\/06\/WhatsApp-Image-2025-06-12-at-07.55.45.jpeg 593w, https:\/\/panoramaciudadano.com\/wp-content\/uploads\/2025\/06\/WhatsApp-Image-2025-06-12-at-07.55.45-300x200.jpeg 300w\" sizes=\"(max-width: 593px) 100vw, 593px\" \/><\/figure>\n<\/figure>\n\n\n\n<p>\u2022\u2060 \u2060La Presidenta Municipal acudi\u00f3 a una jornada del Programa Integral de Prevenci\u00f3n \u201cConociendo nuestros derechos, diciendo no al trabajo infantil\u201d, de SIPINNA<\/p>\n\n\n\n<p>\u2022\u2060 \u2060Con los peque\u00f1os, particip\u00f3 en actividades l\u00fadicas y recreativas para ense\u00f1ar a los ni\u00f1os sobre este importante tema<\/p>\n\n\n\n<p>Canc\u00fan, Q. R., a 11 de junio de 2025.- En un di\u00e1logo directo con ni\u00f1as y ni\u00f1os cancunenses, como antecedente a la conmemoraci\u00f3n del \u201cD\u00eda Mundial contra el Trabajo Infantil\u201d este 12 de junio, la Presidenta Municipal, Ana Paty Peralta, interactu\u00f3 con alumnos de la primaria \u201cAlfredo V. Bonfil\u201d, en una jornada del Programa Integral de Prevenci\u00f3n \u201cConociendo nuestros derechos, diciendo no al trabajo infantil\u201d, cuyo objetivo es generar conciencia y fomentar la cultura de la denuncia de ese fen\u00f3meno social.<\/p>\n\n\n\n<p>Al sentarse con ellos y convivir con las y los peque\u00f1os de ese centro escolar ubicado en la Supermanzana 22, Ana Paty Peralta les dio el micr\u00f3fono para que ellos fueran los protagonistas de la actividad mencionando cu\u00e1les derechos deben tener para una infancia feliz como vivienda, juego y sana recreaci\u00f3n, educaci\u00f3n, salud, entre otros.<\/p>\n\n\n\n<p>\u201c\u00bfPorqu\u00e9 las ni\u00f1as y los ni\u00f1os no deben trabajar? Porque se pueden lastimar, porque no han llegado a su pleno desarrollo y los adultos son los que tienen que hacerlo. El derecho de las ni\u00f1as y los ni\u00f1os es a ser cuidados, estudiar y tener una familia\u201d, dijo.<\/p>\n\n\n\n<p>La Primera Autoridad Municipal se\u00f1al\u00f3 que la estrategia a cargo de la Secretar\u00eda Ejecutiva del Sistema de Protecci\u00f3n Integral de Ni\u00f1as, Ni\u00f1os y Adolescentes de Benito Ju\u00e1rez (SIPINNA) est\u00e1 dise\u00f1ada para escuchar a este sector de la poblaci\u00f3n, a trav\u00e9s de mesas de trabajo para que todos puedan convivir y aprender, por lo que agradeci\u00f3 a los maestros y directivos, abrir las puertas de la instituci\u00f3n para compartir los conocimientos sobre el tema.<\/p>\n\n\n\n<p>Mientras Ana Paty Peralta se sent\u00f3 a observar la presentaci\u00f3n musical, los alumnos de varios grados acad\u00e9micos portaron carteles elaborados por ellos mismos sobre los derechos infantiles y dieron sus opiniones sobre el tema, mencionando que el trabajo en esta etapa de su vida puede destruirles su infancia y no permite su preparaci\u00f3n acad\u00e9mica, por lo que deber\u00e1n hacerlo hasta que acaben sus estudios.<\/p>\n\n\n\n<p>A su vez, la encargada de despacho de SIPINNA, Beyra Hadad Castillo, reiter\u00f3 que este programa permitir\u00e1 que las nuevas generaciones conozcan las facultades que tienen como garant\u00eda para una vida libre de violencia, sobre todo a sus estudios para que no tengan que incursionar en una actividad laboral que les impida su sano desarrollo.<\/p>\n\n\n\n<p>Como parte de la jornada, se instalaron m\u00f3dulos de informaci\u00f3n y una expo l\u00fadica de otras estrategias municipales como \u201cPunto Morado\u201d, a cargo de la direcci\u00f3n de Prevenci\u00f3n del Delito con la Participaci\u00f3n Ciudadana, adem\u00e1s de juegos did\u00e1cticos y teatro gui\u00f1ol del DIF Benito Ju\u00e1rez, entre otras instancias.<\/p>\n","protected":false},"excerpt":{"rendered":"<p>La Presidenta Municipal acudi\u00f3 a una jornada del Programa Integral de Prevenci\u00f3n \u201cConociendo nuestros derechos, diciendo no al trabajo infantil\u201d, de SIPINNA.<\/p>\n","protected":false},"author":1,"featured_media":15655,"comment_status":"open","ping_status":"closed","sticky":false,"template":"","format":"standard","meta":{"footnotes":""},"categories":[6],"tags":[145],"class_list":["post-15650","post","type-post","status-publish","format-standard","has-post-thumbnail","hentry","category-cancun","tag-ana-paty-peralta"],"yoast_head":"<!-- This site is optimized with the Yoast SEO plugin v27.1.1 - https:\/\/yoast.com\/product\/yoast-seo-wordpress\/ -->\n<title>NO AL TRABAJO INFANTIL: ANA PATY PERALTA ABRAZA LA PROTECCI\u00d3N DE LOS DERECHOS DE NI\u00d1AS Y NI\u00d1OS - Panorama Ciudadano<\/title>\n<meta name=\"robots\" content=\"index, follow, max-snippet:-1, max-image-preview:large, max-video-preview:-1\" \/>\n<link rel=\"canonical\" href=\"https:\/\/panoramaciudadano.com\/index.php\/2025\/06\/12\/no-al-trabajo-infantil-ana-paty-peralta-abraza-la-proteccion-de-los-derechos-de-ninas-y-ninos\/\" \/>\n<meta property=\"og:locale\" content=\"es_ES\" \/>\n<meta property=\"og:type\" content=\"article\" \/>\n<meta property=\"og:title\" content=\"NO AL TRABAJO INFANTIL: ANA PATY PERALTA ABRAZA LA PROTECCI\u00d3N DE LOS DERECHOS DE NI\u00d1AS Y NI\u00d1OS - Panorama Ciudadano\" \/>\n<meta property=\"og:description\" content=\"La Presidenta Municipal acudi\u00f3 a una jornada del Programa Integral de Prevenci\u00f3n \u201cConociendo nuestros derechos, diciendo no al trabajo infantil\u201d, de SIPINNA.\" \/>\n<meta property=\"og:url\" content=\"https:\/\/panoramaciudadano.com\/index.php\/2025\/06\/12\/no-al-trabajo-infantil-ana-paty-peralta-abraza-la-proteccion-de-los-derechos-de-ninas-y-ninos\/\" \/>\n<meta property=\"og:site_name\" content=\"Panorama Ciudadano\" \/>\n<meta property=\"article:publisher\" content=\"https:\/\/www.facebook.com\/panoramaciudadano\" \/>\n<meta property=\"article:published_time\" content=\"2025-06-12T23:00:23+00:00\" \/>\n<meta property=\"article:modified_time\" content=\"2025-06-12T23:00:27+00:00\" \/>\n<meta property=\"og:image\" content=\"https:\/\/panoramaciudadano.com\/wp-content\/uploads\/2025\/06\/3-100.jpeg\" \/>\n\t<meta property=\"og:image:width\" content=\"1280\" \/>\n\t<meta property=\"og:image:height\" content=\"789\" \/>\n\t<meta property=\"og:image:type\" content=\"image\/jpeg\" \/>\n<meta name=\"author\" content=\"admin\" \/>\n<meta name=\"twitter:card\" content=\"summary_large_image\" \/>\n<meta name=\"twitter:label1\" content=\"Escrito por\" \/>\n\t<meta name=\"twitter:data1\" content=\"admin\" \/>\n\t<meta name=\"twitter:label2\" content=\"Tiempo de lectura\" \/>\n\t<meta name=\"twitter:data2\" content=\"4 minutos\" \/>\n<script type=\"application\/ld+json\" class=\"yoast-schema-graph\">{\"@context\":\"https:\/\/schema.org\",\"@graph\":[{\"@type\":\"Article\",\"@id\":\"https:\/\/panoramaciudadano.com\/index.php\/2025\/06\/12\/no-al-trabajo-infantil-ana-paty-peralta-abraza-la-proteccion-de-los-derechos-de-ninas-y-ninos\/#article\",\"isPartOf\":{\"@id\":\"https:\/\/panoramaciudadano.com\/index.php\/2025\/06\/12\/no-al-trabajo-infantil-ana-paty-peralta-abraza-la-proteccion-de-los-derechos-de-ninas-y-ninos\/\"},\"author\":{\"name\":\"admin\",\"@id\":\"https:\/\/panoramaciudadano.com\/#\/schema\/person\/ffe9fe8ef47d3a93977b5761fd9e0d96\"},\"headline\":\"NO AL TRABAJO INFANTIL: ANA PATY PERALTA ABRAZA LA PROTECCI\u00d3N DE LOS DERECHOS DE NI\u00d1AS Y NI\u00d1OS\",\"datePublished\":\"2025-06-12T23:00:23+00:00\",\"dateModified\":\"2025-06-12T23:00:27+00:00\",\"mainEntityOfPage\":{\"@id\":\"https:\/\/panoramaciudadano.com\/index.php\/2025\/06\/12\/no-al-trabajo-infantil-ana-paty-peralta-abraza-la-proteccion-de-los-derechos-de-ninas-y-ninos\/\"},\"wordCount\":529,\"commentCount\":0,\"publisher\":{\"@id\":\"https:\/\/panoramaciudadano.com\/#organization\"},\"image\":{\"@id\":\"https:\/\/panoramaciudadano.com\/index.php\/2025\/06\/12\/no-al-trabajo-infantil-ana-paty-peralta-abraza-la-proteccion-de-los-derechos-de-ninas-y-ninos\/#primaryimage\"},\"thumbnailUrl\":\"https:\/\/panoramaciudadano.com\/wp-content\/uploads\/2025\/06\/3-100.jpeg\",\"keywords\":[\"Ana Paty Peralta\"],\"articleSection\":[\"Canc\u00fan\"],\"inLanguage\":\"es\",\"potentialAction\":[{\"@type\":\"CommentAction\",\"name\":\"Comment\",\"target\":[\"https:\/\/panoramaciudadano.com\/index.php\/2025\/06\/12\/no-al-trabajo-infantil-ana-paty-peralta-abraza-la-proteccion-de-los-derechos-de-ninas-y-ninos\/#respond\"]}]},{\"@type\":\"WebPage\",\"@id\":\"https:\/\/panoramaciudadano.com\/index.php\/2025\/06\/12\/no-al-trabajo-infantil-ana-paty-peralta-abraza-la-proteccion-de-los-derechos-de-ninas-y-ninos\/\",\"url\":\"https:\/\/panoramaciudadano.com\/index.php\/2025\/06\/12\/no-al-trabajo-infantil-ana-paty-peralta-abraza-la-proteccion-de-los-derechos-de-ninas-y-ninos\/\",\"name\":\"NO AL TRABAJO INFANTIL: ANA PATY PERALTA ABRAZA LA PROTECCI\u00d3N DE LOS DERECHOS DE NI\u00d1AS Y NI\u00d1OS - Panorama Ciudadano\",\"isPartOf\":{\"@id\":\"https:\/\/panoramaciudadano.com\/#website\"},\"primaryImageOfPage\":{\"@id\":\"https:\/\/panoramaciudadano.com\/index.php\/2025\/06\/12\/no-al-trabajo-infantil-ana-paty-peralta-abraza-la-proteccion-de-los-derechos-de-ninas-y-ninos\/#primaryimage\"},\"image\":{\"@id\":\"https:\/\/panoramaciudadano.com\/index.php\/2025\/06\/12\/no-al-trabajo-infantil-ana-paty-peralta-abraza-la-proteccion-de-los-derechos-de-ninas-y-ninos\/#primaryimage\"},\"thumbnailUrl\":\"https:\/\/panoramaciudadano.com\/wp-content\/uploads\/2025\/06\/3-100.jpeg\",\"datePublished\":\"2025-06-12T23:00:23+00:00\",\"dateModified\":\"2025-06-12T23:00:27+00:00\",\"breadcrumb\":{\"@id\":\"https:\/\/panoramaciudadano.com\/index.php\/2025\/06\/12\/no-al-trabajo-infantil-ana-paty-peralta-abraza-la-proteccion-de-los-derechos-de-ninas-y-ninos\/#breadcrumb\"},\"inLanguage\":\"es\",\"potentialAction\":[{\"@type\":\"ReadAction\",\"target\":[\"https:\/\/panoramaciudadano.com\/index.php\/2025\/06\/12\/no-al-trabajo-infantil-ana-paty-peralta-abraza-la-proteccion-de-los-derechos-de-ninas-y-ninos\/\"]}]},{\"@type\":\"ImageObject\",\"inLanguage\":\"es\",\"@id\":\"https:\/\/panoramaciudadano.com\/index.php\/2025\/06\/12\/no-al-trabajo-infantil-ana-paty-peralta-abraza-la-proteccion-de-los-derechos-de-ninas-y-ninos\/#primaryimage\",\"url\":\"https:\/\/panoramaciudadano.com\/wp-content\/uploads\/2025\/06\/3-100.jpeg\",\"contentUrl\":\"https:\/\/panoramaciudadano.com\/wp-content\/uploads\/2025\/06\/3-100.jpeg\",\"width\":1280,\"height\":789},{\"@type\":\"BreadcrumbList\",\"@id\":\"https:\/\/panoramaciudadano.com\/index.php\/2025\/06\/12\/no-al-trabajo-infantil-ana-paty-peralta-abraza-la-proteccion-de-los-derechos-de-ninas-y-ninos\/#breadcrumb\",\"itemListElement\":[{\"@type\":\"ListItem\",\"position\":1,\"name\":\"Portada\",\"item\":\"https:\/\/panoramaciudadano.com\/\"},{\"@type\":\"ListItem\",\"position\":2,\"name\":\"NO AL TRABAJO INFANTIL: ANA PATY PERALTA ABRAZA LA PROTECCI\u00d3N DE LOS DERECHOS DE NI\u00d1AS Y NI\u00d1OS\"}]},{\"@type\":\"WebSite\",\"@id\":\"https:\/\/panoramaciudadano.com\/#website\",\"url\":\"https:\/\/panoramaciudadano.com\/\",\"name\":\"Panorama Ciudadano\",\"description\":\"\",\"publisher\":{\"@id\":\"https:\/\/panoramaciudadano.com\/#organization\"},\"potentialAction\":[{\"@type\":\"SearchAction\",\"target\":{\"@type\":\"EntryPoint\",\"urlTemplate\":\"https:\/\/panoramaciudadano.com\/?s={search_term_string}\"},\"query-input\":{\"@type\":\"PropertyValueSpecification\",\"valueRequired\":true,\"valueName\":\"search_term_string\"}}],\"inLanguage\":\"es\"},{\"@type\":\"Organization\",\"@id\":\"https:\/\/panoramaciudadano.com\/#organization\",\"name\":\"Panorama Ciudadano\",\"url\":\"https:\/\/panoramaciudadano.com\/\",\"logo\":{\"@type\":\"ImageObject\",\"inLanguage\":\"es\",\"@id\":\"https:\/\/panoramaciudadano.com\/#\/schema\/logo\/image\/\",\"url\":\"https:\/\/panoramaciudadano.com\/wp-content\/uploads\/2024\/05\/401498640_919267042938564_6290593609399108733_n.jpg\",\"contentUrl\":\"https:\/\/panoramaciudadano.com\/wp-content\/uploads\/2024\/05\/401498640_919267042938564_6290593609399108733_n.jpg\",\"width\":960,\"height\":957,\"caption\":\"Panorama Ciudadano\"},\"image\":{\"@id\":\"https:\/\/panoramaciudadano.com\/#\/schema\/logo\/image\/\"},\"sameAs\":[\"https:\/\/www.facebook.com\/panoramaciudadano\"]},{\"@type\":\"Person\",\"@id\":\"https:\/\/panoramaciudadano.com\/#\/schema\/person\/ffe9fe8ef47d3a93977b5761fd9e0d96\",\"name\":\"admin\",\"image\":{\"@type\":\"ImageObject\",\"inLanguage\":\"es\",\"@id\":\"https:\/\/panoramaciudadano.com\/#\/schema\/person\/image\/\",\"url\":\"https:\/\/secure.gravatar.com\/avatar\/2d5a12cacce3f18096f25fadea8abb7202fef18ed669595589853e84260ff451?s=96&d=mm&r=g\",\"contentUrl\":\"https:\/\/secure.gravatar.com\/avatar\/2d5a12cacce3f18096f25fadea8abb7202fef18ed669595589853e84260ff451?s=96&d=mm&r=g\",\"caption\":\"admin\"},\"sameAs\":[\"https:\/\/panoramaciudadano.com\"],\"url\":\"https:\/\/panoramaciudadano.com\/index.php\/author\/admin_3q6hyqq3\/\"}]}<\/script>\n<!-- \/ Yoast SEO plugin. -->","yoast_head_json":{"title":"NO AL TRABAJO INFANTIL: ANA PATY PERALTA ABRAZA LA PROTECCI\u00d3N DE LOS DERECHOS DE NI\u00d1AS Y NI\u00d1OS - Panorama Ciudadano","robots":{"index":"index","follow":"follow","max-snippet":"max-snippet:-1","max-image-preview":"max-image-preview:large","max-video-preview":"max-video-preview:-1"},"canonical":"https:\/\/panoramaciudadano.com\/index.php\/2025\/06\/12\/no-al-trabajo-infantil-ana-paty-peralta-abraza-la-proteccion-de-los-derechos-de-ninas-y-ninos\/","og_locale":"es_ES","og_type":"article","og_title":"NO AL TRABAJO INFANTIL: ANA PATY PERALTA ABRAZA LA PROTECCI\u00d3N DE LOS DERECHOS DE NI\u00d1AS Y NI\u00d1OS - Panorama Ciudadano","og_description":"La Presidenta Municipal acudi\u00f3 a una jornada del Programa Integral de Prevenci\u00f3n \u201cConociendo nuestros derechos, diciendo no al trabajo infantil\u201d, de SIPINNA.","og_url":"https:\/\/panoramaciudadano.com\/index.php\/2025\/06\/12\/no-al-trabajo-infantil-ana-paty-peralta-abraza-la-proteccion-de-los-derechos-de-ninas-y-ninos\/","og_site_name":"Panorama Ciudadano","article_publisher":"https:\/\/www.facebook.com\/panoramaciudadano","article_published_time":"2025-06-12T23:00:23+00:00","article_modified_time":"2025-06-12T23:00:27+00:00","og_image":[{"width":1280,"height":789,"url":"https:\/\/panoramaciudadano.com\/wp-content\/uploads\/2025\/06\/3-100.jpeg","type":"image\/jpeg"}],"author":"admin","twitter_card":"summary_large_image","twitter_misc":{"Escrito por":"admin","Tiempo de lectura":"4 minutos"},"schema":{"@context":"https:\/\/schema.org","@graph":[{"@type":"Article","@id":"https:\/\/panoramaciudadano.com\/index.php\/2025\/06\/12\/no-al-trabajo-infantil-ana-paty-peralta-abraza-la-proteccion-de-los-derechos-de-ninas-y-ninos\/#article","isPartOf":{"@id":"https:\/\/panoramaciudadano.com\/index.php\/2025\/06\/12\/no-al-trabajo-infantil-ana-paty-peralta-abraza-la-proteccion-de-los-derechos-de-ninas-y-ninos\/"},"author":{"name":"admin","@id":"https:\/\/panoramaciudadano.com\/#\/schema\/person\/ffe9fe8ef47d3a93977b5761fd9e0d96"},"headline":"NO AL TRABAJO INFANTIL: ANA PATY PERALTA ABRAZA LA PROTECCI\u00d3N DE LOS DERECHOS DE NI\u00d1AS Y NI\u00d1OS","datePublished":"2025-06-12T23:00:23+00:00","dateModified":"2025-06-12T23:00:27+00:00","mainEntityOfPage":{"@id":"https:\/\/panoramaciudadano.com\/index.php\/2025\/06\/12\/no-al-trabajo-infantil-ana-paty-peralta-abraza-la-proteccion-de-los-derechos-de-ninas-y-ninos\/"},"wordCount":529,"commentCount":0,"publisher":{"@id":"https:\/\/panoramaciudadano.com\/#organization"},"image":{"@id":"https:\/\/panoramaciudadano.com\/index.php\/2025\/06\/12\/no-al-trabajo-infantil-ana-paty-peralta-abraza-la-proteccion-de-los-derechos-de-ninas-y-ninos\/#primaryimage"},"thumbnailUrl":"https:\/\/panoramaciudadano.com\/wp-content\/uploads\/2025\/06\/3-100.jpeg","keywords":["Ana Paty Peralta"],"articleSection":["Canc\u00fan"],"inLanguage":"es","potentialAction":[{"@type":"CommentAction","name":"Comment","target":["https:\/\/panoramaciudadano.com\/index.php\/2025\/06\/12\/no-al-trabajo-infantil-ana-paty-peralta-abraza-la-proteccion-de-los-derechos-de-ninas-y-ninos\/#respond"]}]},{"@type":"WebPage","@id":"https:\/\/panoramaciudadano.com\/index.php\/2025\/06\/12\/no-al-trabajo-infantil-ana-paty-peralta-abraza-la-proteccion-de-los-derechos-de-ninas-y-ninos\/","url":"https:\/\/panoramaciudadano.com\/index.php\/2025\/06\/12\/no-al-trabajo-infantil-ana-paty-peralta-abraza-la-proteccion-de-los-derechos-de-ninas-y-ninos\/","name":"NO AL TRABAJO INFANTIL: ANA PATY PERALTA ABRAZA LA PROTECCI\u00d3N DE LOS DERECHOS DE NI\u00d1AS Y NI\u00d1OS - Panorama Ciudadano","isPartOf":{"@id":"https:\/\/panoramaciudadano.com\/#website"},"primaryImageOfPage":{"@id":"https:\/\/panoramaciudadano.com\/index.php\/2025\/06\/12\/no-al-trabajo-infantil-ana-paty-peralta-abraza-la-proteccion-de-los-derechos-de-ninas-y-ninos\/#primaryimage"},"image":{"@id":"https:\/\/panoramaciudadano.com\/index.php\/2025\/06\/12\/no-al-trabajo-infantil-ana-paty-peralta-abraza-la-proteccion-de-los-derechos-de-ninas-y-ninos\/#primaryimage"},"thumbnailUrl":"https:\/\/panoramaciudadano.com\/wp-content\/uploads\/2025\/06\/3-100.jpeg","datePublished":"2025-06-12T23:00:23+00:00","dateModified":"2025-06-12T23:00:27+00:00","breadcrumb":{"@id":"https:\/\/panoramaciudadano.com\/index.php\/2025\/06\/12\/no-al-trabajo-infantil-ana-paty-peralta-abraza-la-proteccion-de-los-derechos-de-ninas-y-ninos\/#breadcrumb"},"inLanguage":"es","potentialAction":[{"@type":"ReadAction","target":["https:\/\/panoramaciudadano.com\/index.php\/2025\/06\/12\/no-al-trabajo-infantil-ana-paty-peralta-abraza-la-proteccion-de-los-derechos-de-ninas-y-ninos\/"]}]},{"@type":"ImageObject","inLanguage":"es","@id":"https:\/\/panoramaciudadano.com\/index.php\/2025\/06\/12\/no-al-trabajo-infantil-ana-paty-peralta-abraza-la-proteccion-de-los-derechos-de-ninas-y-ninos\/#primaryimage","url":"https:\/\/panoramaciudadano.com\/wp-content\/uploads\/2025\/06\/3-100.jpeg","contentUrl":"https:\/\/panoramaciudadano.com\/wp-content\/uploads\/2025\/06\/3-100.jpeg","width":1280,"height":789},{"@type":"BreadcrumbList","@id":"https:\/\/panoramaciudadano.com\/index.php\/2025\/06\/12\/no-al-trabajo-infantil-ana-paty-peralta-abraza-la-proteccion-de-los-derechos-de-ninas-y-ninos\/#breadcrumb","itemListElement":[{"@type":"ListItem","position":1,"name":"Portada","item":"https:\/\/panoramaciudadano.com\/"},{"@type":"ListItem","position":2,"name":"NO AL TRABAJO INFANTIL: ANA PATY PERALTA ABRAZA LA PROTECCI\u00d3N DE LOS DERECHOS DE NI\u00d1AS Y NI\u00d1OS"}]},{"@type":"WebSite","@id":"https:\/\/panoramaciudadano.com\/#website","url":"https:\/\/panoramaciudadano.com\/","name":"Panorama Ciudadano","description":"","publisher":{"@id":"https:\/\/panoramaciudadano.com\/#organization"},"potentialAction":[{"@type":"SearchAction","target":{"@type":"EntryPoint","urlTemplate":"https:\/\/panoramaciudadano.com\/?s={search_term_string}"},"query-input":{"@type":"PropertyValueSpecification","valueRequired":true,"valueName":"search_term_string"}}],"inLanguage":"es"},{"@type":"Organization","@id":"https:\/\/panoramaciudadano.com\/#organization","name":"Panorama Ciudadano","url":"https:\/\/panoramaciudadano.com\/","logo":{"@type":"ImageObject","inLanguage":"es","@id":"https:\/\/panoramaciudadano.com\/#\/schema\/logo\/image\/","url":"https:\/\/panoramaciudadano.com\/wp-content\/uploads\/2024\/05\/401498640_919267042938564_6290593609399108733_n.jpg","contentUrl":"https:\/\/panoramaciudadano.com\/wp-content\/uploads\/2024\/05\/401498640_919267042938564_6290593609399108733_n.jpg","width":960,"height":957,"caption":"Panorama Ciudadano"},"image":{"@id":"https:\/\/panoramaciudadano.com\/#\/schema\/logo\/image\/"},"sameAs":["https:\/\/www.facebook.com\/panoramaciudadano"]},{"@type":"Person","@id":"https:\/\/panoramaciudadano.com\/#\/schema\/person\/ffe9fe8ef47d3a93977b5761fd9e0d96","name":"admin","image":{"@type":"ImageObject","inLanguage":"es","@id":"https:\/\/panoramaciudadano.com\/#\/schema\/person\/image\/","url":"https:\/\/secure.gravatar.com\/avatar\/2d5a12cacce3f18096f25fadea8abb7202fef18ed669595589853e84260ff451?s=96&d=mm&r=g","contentUrl":"https:\/\/secure.gravatar.com\/avatar\/2d5a12cacce3f18096f25fadea8abb7202fef18ed669595589853e84260ff451?s=96&d=mm&r=g","caption":"admin"},"sameAs":["https:\/\/panoramaciudadano.com"],"url":"https:\/\/panoramaciudadano.com\/index.php\/author\/admin_3q6hyqq3\/"}]}},"_links":{"self":[{"href":"https:\/\/panoramaciudadano.com\/index.php\/wp-json\/wp\/v2\/posts\/15650","targetHints":{"allow":["GET"]}}],"collection":[{"href":"https:\/\/panoramaciudadano.com\/index.php\/wp-json\/wp\/v2\/posts"}],"about":[{"href":"https:\/\/panoramaciudadano.com\/index.php\/wp-json\/wp\/v2\/types\/post"}],"author":[{"embeddable":true,"href":"https:\/\/panoramaciudadano.com\/index.php\/wp-json\/wp\/v2\/users\/1"}],"replies":[{"embeddable":true,"href":"https:\/\/panoramaciudadano.com\/index.php\/wp-json\/wp\/v2\/comments?post=15650"}],"version-history":[{"count":1,"href":"https:\/\/panoramaciudadano.com\/index.php\/wp-json\/wp\/v2\/posts\/15650\/revisions"}],"predecessor-version":[{"id":15656,"href":"https:\/\/panoramaciudadano.com\/index.php\/wp-json\/wp\/v2\/posts\/15650\/revisions\/15656"}],"wp:featuredmedia":[{"embeddable":true,"href":"https:\/\/panoramaciudadano.com\/index.php\/wp-json\/wp\/v2\/media\/15655"}],"wp:attachment":[{"href":"https:\/\/panoramaciudadano.com\/index.php\/wp-json\/wp\/v2\/media?parent=15650"}],"wp:term":[{"taxonomy":"category","embeddable":true,"href":"https:\/\/panoramaciudadano.com\/index.php\/wp-json\/wp\/v2\/categories?post=15650"},{"taxonomy":"post_tag","embeddable":true,"href":"https:\/\/panoramaciudadano.com\/index.php\/wp-json\/wp\/v2\/tags?post=15650"}],"curies":[{"name":"wp","href":"https:\/\/api.w.org\/{rel}","templated":true}]}}