{"id":16313,"date":"2025-06-24T12:59:04","date_gmt":"2025-06-24T17:59:04","guid":{"rendered":"https:\/\/panoramaciudadano.com\/?p=16313"},"modified":"2025-06-24T12:59:06","modified_gmt":"2025-06-24T17:59:06","slug":"fortalece-dif-benito-juarez-atencion-integral-en-el-casnnam","status":"publish","type":"post","link":"https:\/\/panoramaciudadano.com\/index.php\/2025\/06\/24\/fortalece-dif-benito-juarez-atencion-integral-en-el-casnnam\/","title":{"rendered":"FORTALECE DIF BENITO JU\u00c1REZ ATENCI\u00d3N INTEGRAL EN EL CASNNAM"},"content":{"rendered":"\n<figure class=\"wp-block-gallery has-nested-images columns-default is-cropped wp-block-gallery-1 is-layout-flex wp-block-gallery-is-layout-flex\">\n<figure class=\"wp-block-image size-large\"><img decoding=\"async\" width=\"1024\" height=\"682\" data-id=\"16319\" src=\"https:\/\/panoramaciudadano.com\/wp-content\/uploads\/2025\/06\/2-207-1024x682.jpeg\" alt=\"\" class=\"wp-image-16319\" srcset=\"https:\/\/panoramaciudadano.com\/wp-content\/uploads\/2025\/06\/2-207-1024x682.jpeg 1024w, https:\/\/panoramaciudadano.com\/wp-content\/uploads\/2025\/06\/2-207-300x200.jpeg 300w, https:\/\/panoramaciudadano.com\/wp-content\/uploads\/2025\/06\/2-207-768x512.jpeg 768w, https:\/\/panoramaciudadano.com\/wp-content\/uploads\/2025\/06\/2-207-1536x1024.jpeg 1536w, https:\/\/panoramaciudadano.com\/wp-content\/uploads\/2025\/06\/2-207-2048x1365.jpeg 2048w\" sizes=\"(max-width: 1024px) 100vw, 1024px\" \/><\/figure>\n\n\n\n<figure class=\"wp-block-image size-large\"><img decoding=\"async\" width=\"1024\" height=\"683\" data-id=\"16317\" src=\"https:\/\/panoramaciudadano.com\/wp-content\/uploads\/2025\/06\/3-186-1024x683.jpeg\" alt=\"\" class=\"wp-image-16317\" srcset=\"https:\/\/panoramaciudadano.com\/wp-content\/uploads\/2025\/06\/3-186-1024x683.jpeg 1024w, https:\/\/panoramaciudadano.com\/wp-content\/uploads\/2025\/06\/3-186-300x200.jpeg 300w, https:\/\/panoramaciudadano.com\/wp-content\/uploads\/2025\/06\/3-186-768x512.jpeg 768w, https:\/\/panoramaciudadano.com\/wp-content\/uploads\/2025\/06\/3-186-1536x1024.jpeg 1536w, https:\/\/panoramaciudadano.com\/wp-content\/uploads\/2025\/06\/3-186-2048x1365.jpeg 2048w\" sizes=\"(max-width: 1024px) 100vw, 1024px\" \/><\/figure>\n\n\n\n<figure class=\"wp-block-image size-large\"><img decoding=\"async\" width=\"1024\" height=\"683\" data-id=\"16318\" src=\"https:\/\/panoramaciudadano.com\/wp-content\/uploads\/2025\/06\/4-137-1024x683.jpeg\" alt=\"\" class=\"wp-image-16318\" srcset=\"https:\/\/panoramaciudadano.com\/wp-content\/uploads\/2025\/06\/4-137-1024x683.jpeg 1024w, https:\/\/panoramaciudadano.com\/wp-content\/uploads\/2025\/06\/4-137-300x200.jpeg 300w, https:\/\/panoramaciudadano.com\/wp-content\/uploads\/2025\/06\/4-137-768x512.jpeg 768w, https:\/\/panoramaciudadano.com\/wp-content\/uploads\/2025\/06\/4-137-1536x1024.jpeg 1536w, https:\/\/panoramaciudadano.com\/wp-content\/uploads\/2025\/06\/4-137-2048x1365.jpeg 2048w\" sizes=\"(max-width: 1024px) 100vw, 1024px\" \/><\/figure>\n\n\n\n<figure class=\"wp-block-image size-large\"><img decoding=\"async\" width=\"1024\" height=\"682\" data-id=\"16316\" src=\"https:\/\/panoramaciudadano.com\/wp-content\/uploads\/2025\/06\/5-70-1024x682.jpeg\" alt=\"\" class=\"wp-image-16316\" srcset=\"https:\/\/panoramaciudadano.com\/wp-content\/uploads\/2025\/06\/5-70-1024x682.jpeg 1024w, https:\/\/panoramaciudadano.com\/wp-content\/uploads\/2025\/06\/5-70-300x200.jpeg 300w, https:\/\/panoramaciudadano.com\/wp-content\/uploads\/2025\/06\/5-70-768x512.jpeg 768w, https:\/\/panoramaciudadano.com\/wp-content\/uploads\/2025\/06\/5-70-1536x1024.jpeg 1536w, https:\/\/panoramaciudadano.com\/wp-content\/uploads\/2025\/06\/5-70-2048x1365.jpeg 2048w\" sizes=\"(max-width: 1024px) 100vw, 1024px\" \/><\/figure>\n\n\n\n<figure class=\"wp-block-image size-large\"><img decoding=\"async\" width=\"1024\" height=\"683\" data-id=\"16314\" src=\"https:\/\/panoramaciudadano.com\/wp-content\/uploads\/2025\/06\/6-37-1024x683.jpeg\" alt=\"\" class=\"wp-image-16314\" srcset=\"https:\/\/panoramaciudadano.com\/wp-content\/uploads\/2025\/06\/6-37-1024x683.jpeg 1024w, https:\/\/panoramaciudadano.com\/wp-content\/uploads\/2025\/06\/6-37-300x200.jpeg 300w, https:\/\/panoramaciudadano.com\/wp-content\/uploads\/2025\/06\/6-37-768x512.jpeg 768w, https:\/\/panoramaciudadano.com\/wp-content\/uploads\/2025\/06\/6-37-1536x1024.jpeg 1536w, https:\/\/panoramaciudadano.com\/wp-content\/uploads\/2025\/06\/6-37-2048x1365.jpeg 2048w\" sizes=\"(max-width: 1024px) 100vw, 1024px\" \/><\/figure>\n\n\n\n<figure class=\"wp-block-image size-large\"><img decoding=\"async\" width=\"1024\" height=\"683\" data-id=\"16315\" src=\"https:\/\/panoramaciudadano.com\/wp-content\/uploads\/2025\/06\/7-21-1024x683.jpeg\" alt=\"\" class=\"wp-image-16315\" srcset=\"https:\/\/panoramaciudadano.com\/wp-content\/uploads\/2025\/06\/7-21-1024x683.jpeg 1024w, https:\/\/panoramaciudadano.com\/wp-content\/uploads\/2025\/06\/7-21-300x200.jpeg 300w, https:\/\/panoramaciudadano.com\/wp-content\/uploads\/2025\/06\/7-21-768x512.jpeg 768w, https:\/\/panoramaciudadano.com\/wp-content\/uploads\/2025\/06\/7-21-1536x1024.jpeg 1536w, https:\/\/panoramaciudadano.com\/wp-content\/uploads\/2025\/06\/7-21-2048x1365.jpeg 2048w\" sizes=\"(max-width: 1024px) 100vw, 1024px\" \/><\/figure>\n\n\n\n<figure class=\"wp-block-image size-large\"><img decoding=\"async\" width=\"1024\" height=\"683\" data-id=\"16320\" src=\"https:\/\/panoramaciudadano.com\/wp-content\/uploads\/2025\/06\/8-16-1024x683.jpeg\" alt=\"\" class=\"wp-image-16320\" srcset=\"https:\/\/panoramaciudadano.com\/wp-content\/uploads\/2025\/06\/8-16-1024x683.jpeg 1024w, https:\/\/panoramaciudadano.com\/wp-content\/uploads\/2025\/06\/8-16-300x200.jpeg 300w, https:\/\/panoramaciudadano.com\/wp-content\/uploads\/2025\/06\/8-16-768x512.jpeg 768w, https:\/\/panoramaciudadano.com\/wp-content\/uploads\/2025\/06\/8-16-1536x1024.jpeg 1536w, https:\/\/panoramaciudadano.com\/wp-content\/uploads\/2025\/06\/8-16-2048x1365.jpeg 2048w\" sizes=\"(max-width: 1024px) 100vw, 1024px\" \/><\/figure>\n\n\n\n<figure class=\"wp-block-image size-large\"><img decoding=\"async\" width=\"1024\" height=\"683\" data-id=\"16321\" src=\"https:\/\/panoramaciudadano.com\/wp-content\/uploads\/2025\/06\/9-13-1024x683.jpeg\" alt=\"\" class=\"wp-image-16321\" srcset=\"https:\/\/panoramaciudadano.com\/wp-content\/uploads\/2025\/06\/9-13-1024x683.jpeg 1024w, https:\/\/panoramaciudadano.com\/wp-content\/uploads\/2025\/06\/9-13-300x200.jpeg 300w, https:\/\/panoramaciudadano.com\/wp-content\/uploads\/2025\/06\/9-13-768x512.jpeg 768w, https:\/\/panoramaciudadano.com\/wp-content\/uploads\/2025\/06\/9-13-1536x1024.jpeg 1536w, https:\/\/panoramaciudadano.com\/wp-content\/uploads\/2025\/06\/9-13-2048x1365.jpeg 2048w\" sizes=\"(max-width: 1024px) 100vw, 1024px\" \/><\/figure>\n<\/figure>\n\n\n\n<p>A dos a\u00f1os de su apertura, el Sistema para el Desarrollo Integral de la Familia a trav\u00e9s de la delegaci\u00f3n de la Procuradur\u00eda de Protecci\u00f3n de Ni\u00f1as, Ni\u00f1os, Adolescentes y la Familia, contin\u00faa fortaleciendo el apoyo jur\u00eddico y la atenci\u00f3n integral a ni\u00f1as, ni\u00f1os y adolescentes con acompa\u00f1antes en el Centro de Asistencia Social para Ni\u00f1as, Ni\u00f1os y Adolescentes Migrantes (CASNNAM).<\/p>\n\n\n\n<p>Bajo los lineamientos de la Presidenta Municipal, Ana Paty Peralta, de garantizar la atenci\u00f3n y protecci\u00f3n de los menores y sus familias, la directora general de la instituci\u00f3n municipal, Marisol Sendo Rodr\u00edguez, inform\u00f3 que en dos a\u00f1os de su creaci\u00f3n el CASSNNAM atendi\u00f3 a un total de 122 migrantes, 85 ni\u00f1as, ni\u00f1os y adolescentes y 37 acompa\u00f1antes; \u201cde este n\u00famero 119 han egresado y 3 siguen albergados\u201d, expres\u00f3.<\/p>\n\n\n\n<p>La funcionaria municipal manifest\u00f3 en lo que va del a\u00f1o, se ofreci\u00f3 alojamiento a 13 menores y adolescentes acompa\u00f1ados o no acompa\u00f1ados, en situaci\u00f3n de movilidad.<\/p>\n\n\n\n<p>Dijo que durante su estancia, el centro brinda atenci\u00f3n integral a las ni\u00f1as, ni\u00f1os y adolescentes migrantes y sus acompa\u00f1antes como servicios de alojamiento, alimento y calzado; esparcimiento y atenciones psicol\u00f3gicas, m\u00e9dicas, de trabajo social y atenci\u00f3n jur\u00eddica.<\/p>\n\n\n\n<p>Por su parte, la coordinadora del CASNNAM, Dorly Azamar Barrag\u00e1n, precis\u00f3 que de los 10 menores que fueron canalizados por instancias como el Instituto Nacional de Migraci\u00f3n (INM), la Fiscal\u00eda del estado de Quintana Roo y la Fiscal\u00eda General de la Rep\u00fablica en lo que va del a\u00f1o, solo tres estuvieron acompa\u00f1ados por un adulto.<\/p>\n\n\n\n<p>\u201cAtendimos a una poblaci\u00f3n de 13 migrantes, de los cu\u00e1les dos eran ni\u00f1as y adolescentes mujeres; y ocho ni\u00f1os y adolescentes varones. Siete de ellos de entre los 12 y 17 a\u00f1os de edad que viajaban solos y tres, menores de 12 a\u00f1os acompa\u00f1ados por tres mujeres adultas\u201d, indic\u00f3 Azamar Barrag\u00e1n.<\/p>\n\n\n\n<p>Explic\u00f3 que seis de los migrantes eran originarios de Guatemala, uno de Honduras, dos de Colombia, dos de Cuba y dos de M\u00e9xico por movilidad, quienes se mantienen alojados en el CASNNAM por un periodo de entre los 45 y 60 d\u00edas en tanto se resuelve su situaci\u00f3n migratoria.<\/p>\n\n\n\n<p>\u201cActualmente, estamos dando atenci\u00f3n integral a un adolescente solo originario de Guatemala y a un menor de edad con su mam\u00e1 de Cuba, en lo que se define su situaci\u00f3n jur\u00eddica\u201d, acot\u00f3. Por \u00faltimo, aseguro que en el centro se trabaja bajo los pr\u00edncipios igualdad, de no discriminaci\u00f3n y de respeto a los derechos humanos.<\/p>\n\n\n\n<hr class=\"wp-block-separator has-alpha-channel-opacity\"\/>\n","protected":false},"excerpt":{"rendered":"<p>En dos a\u00f1os se han atendido a 122 migrantes, de los cuales 119 son egresados y 3 albergados.<\/p>\n","protected":false},"author":1,"featured_media":16323,"comment_status":"open","ping_status":"closed","sticky":false,"template":"","format":"standard","meta":{"footnotes":""},"categories":[6],"tags":[145],"class_list":["post-16313","post","type-post","status-publish","format-standard","has-post-thumbnail","hentry","category-cancun","tag-ana-paty-peralta"],"yoast_head":"<!-- This site is optimized with the Yoast SEO plugin v27.1.1 - https:\/\/yoast.com\/product\/yoast-seo-wordpress\/ -->\n<title>FORTALECE DIF BENITO JU\u00c1REZ ATENCI\u00d3N INTEGRAL EN EL CASNNAM - Panorama Ciudadano<\/title>\n<meta name=\"robots\" content=\"index, follow, max-snippet:-1, max-image-preview:large, max-video-preview:-1\" \/>\n<link rel=\"canonical\" href=\"https:\/\/panoramaciudadano.com\/index.php\/2025\/06\/24\/fortalece-dif-benito-juarez-atencion-integral-en-el-casnnam\/\" \/>\n<meta property=\"og:locale\" content=\"es_ES\" \/>\n<meta property=\"og:type\" content=\"article\" \/>\n<meta property=\"og:title\" content=\"FORTALECE DIF BENITO JU\u00c1REZ ATENCI\u00d3N INTEGRAL EN EL CASNNAM - Panorama Ciudadano\" \/>\n<meta property=\"og:description\" content=\"En dos a\u00f1os se han atendido a 122 migrantes, de los cuales 119 son egresados y 3 albergados.\" \/>\n<meta property=\"og:url\" content=\"https:\/\/panoramaciudadano.com\/index.php\/2025\/06\/24\/fortalece-dif-benito-juarez-atencion-integral-en-el-casnnam\/\" \/>\n<meta property=\"og:site_name\" content=\"Panorama Ciudadano\" \/>\n<meta property=\"article:publisher\" content=\"https:\/\/www.facebook.com\/panoramaciudadano\" \/>\n<meta property=\"article:published_time\" content=\"2025-06-24T17:59:04+00:00\" \/>\n<meta property=\"article:modified_time\" content=\"2025-06-24T17:59:06+00:00\" \/>\n<meta property=\"og:image\" content=\"https:\/\/panoramaciudadano.com\/wp-content\/uploads\/2025\/06\/WhatsApp-Image-2025-06-24-at-12.29.07-1-scaled.jpeg\" \/>\n\t<meta property=\"og:image:width\" content=\"2560\" \/>\n\t<meta property=\"og:image:height\" content=\"1706\" \/>\n\t<meta property=\"og:image:type\" content=\"image\/jpeg\" \/>\n<meta name=\"author\" content=\"admin\" \/>\n<meta name=\"twitter:card\" content=\"summary_large_image\" \/>\n<meta name=\"twitter:label1\" content=\"Escrito por\" \/>\n\t<meta name=\"twitter:data1\" content=\"admin\" \/>\n\t<meta name=\"twitter:label2\" content=\"Tiempo de lectura\" \/>\n\t<meta name=\"twitter:data2\" content=\"4 minutos\" \/>\n<script type=\"application\/ld+json\" class=\"yoast-schema-graph\">{\"@context\":\"https:\/\/schema.org\",\"@graph\":[{\"@type\":\"Article\",\"@id\":\"https:\/\/panoramaciudadano.com\/index.php\/2025\/06\/24\/fortalece-dif-benito-juarez-atencion-integral-en-el-casnnam\/#article\",\"isPartOf\":{\"@id\":\"https:\/\/panoramaciudadano.com\/index.php\/2025\/06\/24\/fortalece-dif-benito-juarez-atencion-integral-en-el-casnnam\/\"},\"author\":{\"name\":\"admin\",\"@id\":\"https:\/\/panoramaciudadano.com\/#\/schema\/person\/ffe9fe8ef47d3a93977b5761fd9e0d96\"},\"headline\":\"FORTALECE DIF BENITO JU\u00c1REZ ATENCI\u00d3N INTEGRAL EN EL CASNNAM\",\"datePublished\":\"2025-06-24T17:59:04+00:00\",\"dateModified\":\"2025-06-24T17:59:06+00:00\",\"mainEntityOfPage\":{\"@id\":\"https:\/\/panoramaciudadano.com\/index.php\/2025\/06\/24\/fortalece-dif-benito-juarez-atencion-integral-en-el-casnnam\/\"},\"wordCount\":461,\"commentCount\":0,\"publisher\":{\"@id\":\"https:\/\/panoramaciudadano.com\/#organization\"},\"image\":{\"@id\":\"https:\/\/panoramaciudadano.com\/index.php\/2025\/06\/24\/fortalece-dif-benito-juarez-atencion-integral-en-el-casnnam\/#primaryimage\"},\"thumbnailUrl\":\"https:\/\/panoramaciudadano.com\/wp-content\/uploads\/2025\/06\/WhatsApp-Image-2025-06-24-at-12.29.07-1-scaled.jpeg\",\"keywords\":[\"Ana Paty Peralta\"],\"articleSection\":[\"Canc\u00fan\"],\"inLanguage\":\"es\",\"potentialAction\":[{\"@type\":\"CommentAction\",\"name\":\"Comment\",\"target\":[\"https:\/\/panoramaciudadano.com\/index.php\/2025\/06\/24\/fortalece-dif-benito-juarez-atencion-integral-en-el-casnnam\/#respond\"]}]},{\"@type\":\"WebPage\",\"@id\":\"https:\/\/panoramaciudadano.com\/index.php\/2025\/06\/24\/fortalece-dif-benito-juarez-atencion-integral-en-el-casnnam\/\",\"url\":\"https:\/\/panoramaciudadano.com\/index.php\/2025\/06\/24\/fortalece-dif-benito-juarez-atencion-integral-en-el-casnnam\/\",\"name\":\"FORTALECE DIF BENITO JU\u00c1REZ ATENCI\u00d3N INTEGRAL EN EL CASNNAM - Panorama Ciudadano\",\"isPartOf\":{\"@id\":\"https:\/\/panoramaciudadano.com\/#website\"},\"primaryImageOfPage\":{\"@id\":\"https:\/\/panoramaciudadano.com\/index.php\/2025\/06\/24\/fortalece-dif-benito-juarez-atencion-integral-en-el-casnnam\/#primaryimage\"},\"image\":{\"@id\":\"https:\/\/panoramaciudadano.com\/index.php\/2025\/06\/24\/fortalece-dif-benito-juarez-atencion-integral-en-el-casnnam\/#primaryimage\"},\"thumbnailUrl\":\"https:\/\/panoramaciudadano.com\/wp-content\/uploads\/2025\/06\/WhatsApp-Image-2025-06-24-at-12.29.07-1-scaled.jpeg\",\"datePublished\":\"2025-06-24T17:59:04+00:00\",\"dateModified\":\"2025-06-24T17:59:06+00:00\",\"breadcrumb\":{\"@id\":\"https:\/\/panoramaciudadano.com\/index.php\/2025\/06\/24\/fortalece-dif-benito-juarez-atencion-integral-en-el-casnnam\/#breadcrumb\"},\"inLanguage\":\"es\",\"potentialAction\":[{\"@type\":\"ReadAction\",\"target\":[\"https:\/\/panoramaciudadano.com\/index.php\/2025\/06\/24\/fortalece-dif-benito-juarez-atencion-integral-en-el-casnnam\/\"]}]},{\"@type\":\"ImageObject\",\"inLanguage\":\"es\",\"@id\":\"https:\/\/panoramaciudadano.com\/index.php\/2025\/06\/24\/fortalece-dif-benito-juarez-atencion-integral-en-el-casnnam\/#primaryimage\",\"url\":\"https:\/\/panoramaciudadano.com\/wp-content\/uploads\/2025\/06\/WhatsApp-Image-2025-06-24-at-12.29.07-1-scaled.jpeg\",\"contentUrl\":\"https:\/\/panoramaciudadano.com\/wp-content\/uploads\/2025\/06\/WhatsApp-Image-2025-06-24-at-12.29.07-1-scaled.jpeg\",\"width\":2560,\"height\":1706},{\"@type\":\"BreadcrumbList\",\"@id\":\"https:\/\/panoramaciudadano.com\/index.php\/2025\/06\/24\/fortalece-dif-benito-juarez-atencion-integral-en-el-casnnam\/#breadcrumb\",\"itemListElement\":[{\"@type\":\"ListItem\",\"position\":1,\"name\":\"Portada\",\"item\":\"https:\/\/panoramaciudadano.com\/\"},{\"@type\":\"ListItem\",\"position\":2,\"name\":\"FORTALECE DIF BENITO JU\u00c1REZ ATENCI\u00d3N INTEGRAL EN EL CASNNAM\"}]},{\"@type\":\"WebSite\",\"@id\":\"https:\/\/panoramaciudadano.com\/#website\",\"url\":\"https:\/\/panoramaciudadano.com\/\",\"name\":\"Panorama Ciudadano\",\"description\":\"\",\"publisher\":{\"@id\":\"https:\/\/panoramaciudadano.com\/#organization\"},\"potentialAction\":[{\"@type\":\"SearchAction\",\"target\":{\"@type\":\"EntryPoint\",\"urlTemplate\":\"https:\/\/panoramaciudadano.com\/?s={search_term_string}\"},\"query-input\":{\"@type\":\"PropertyValueSpecification\",\"valueRequired\":true,\"valueName\":\"search_term_string\"}}],\"inLanguage\":\"es\"},{\"@type\":\"Organization\",\"@id\":\"https:\/\/panoramaciudadano.com\/#organization\",\"name\":\"Panorama Ciudadano\",\"url\":\"https:\/\/panoramaciudadano.com\/\",\"logo\":{\"@type\":\"ImageObject\",\"inLanguage\":\"es\",\"@id\":\"https:\/\/panoramaciudadano.com\/#\/schema\/logo\/image\/\",\"url\":\"https:\/\/panoramaciudadano.com\/wp-content\/uploads\/2024\/05\/401498640_919267042938564_6290593609399108733_n.jpg\",\"contentUrl\":\"https:\/\/panoramaciudadano.com\/wp-content\/uploads\/2024\/05\/401498640_919267042938564_6290593609399108733_n.jpg\",\"width\":960,\"height\":957,\"caption\":\"Panorama Ciudadano\"},\"image\":{\"@id\":\"https:\/\/panoramaciudadano.com\/#\/schema\/logo\/image\/\"},\"sameAs\":[\"https:\/\/www.facebook.com\/panoramaciudadano\"]},{\"@type\":\"Person\",\"@id\":\"https:\/\/panoramaciudadano.com\/#\/schema\/person\/ffe9fe8ef47d3a93977b5761fd9e0d96\",\"name\":\"admin\",\"image\":{\"@type\":\"ImageObject\",\"inLanguage\":\"es\",\"@id\":\"https:\/\/panoramaciudadano.com\/#\/schema\/person\/image\/\",\"url\":\"https:\/\/secure.gravatar.com\/avatar\/2d5a12cacce3f18096f25fadea8abb7202fef18ed669595589853e84260ff451?s=96&d=mm&r=g\",\"contentUrl\":\"https:\/\/secure.gravatar.com\/avatar\/2d5a12cacce3f18096f25fadea8abb7202fef18ed669595589853e84260ff451?s=96&d=mm&r=g\",\"caption\":\"admin\"},\"sameAs\":[\"https:\/\/panoramaciudadano.com\"],\"url\":\"https:\/\/panoramaciudadano.com\/index.php\/author\/admin_3q6hyqq3\/\"}]}<\/script>\n<!-- \/ Yoast SEO plugin. -->","yoast_head_json":{"title":"FORTALECE DIF BENITO JU\u00c1REZ ATENCI\u00d3N INTEGRAL EN EL CASNNAM - Panorama Ciudadano","robots":{"index":"index","follow":"follow","max-snippet":"max-snippet:-1","max-image-preview":"max-image-preview:large","max-video-preview":"max-video-preview:-1"},"canonical":"https:\/\/panoramaciudadano.com\/index.php\/2025\/06\/24\/fortalece-dif-benito-juarez-atencion-integral-en-el-casnnam\/","og_locale":"es_ES","og_type":"article","og_title":"FORTALECE DIF BENITO JU\u00c1REZ ATENCI\u00d3N INTEGRAL EN EL CASNNAM - Panorama Ciudadano","og_description":"En dos a\u00f1os se han atendido a 122 migrantes, de los cuales 119 son egresados y 3 albergados.","og_url":"https:\/\/panoramaciudadano.com\/index.php\/2025\/06\/24\/fortalece-dif-benito-juarez-atencion-integral-en-el-casnnam\/","og_site_name":"Panorama Ciudadano","article_publisher":"https:\/\/www.facebook.com\/panoramaciudadano","article_published_time":"2025-06-24T17:59:04+00:00","article_modified_time":"2025-06-24T17:59:06+00:00","og_image":[{"width":2560,"height":1706,"url":"https:\/\/panoramaciudadano.com\/wp-content\/uploads\/2025\/06\/WhatsApp-Image-2025-06-24-at-12.29.07-1-scaled.jpeg","type":"image\/jpeg"}],"author":"admin","twitter_card":"summary_large_image","twitter_misc":{"Escrito por":"admin","Tiempo de lectura":"4 minutos"},"schema":{"@context":"https:\/\/schema.org","@graph":[{"@type":"Article","@id":"https:\/\/panoramaciudadano.com\/index.php\/2025\/06\/24\/fortalece-dif-benito-juarez-atencion-integral-en-el-casnnam\/#article","isPartOf":{"@id":"https:\/\/panoramaciudadano.com\/index.php\/2025\/06\/24\/fortalece-dif-benito-juarez-atencion-integral-en-el-casnnam\/"},"author":{"name":"admin","@id":"https:\/\/panoramaciudadano.com\/#\/schema\/person\/ffe9fe8ef47d3a93977b5761fd9e0d96"},"headline":"FORTALECE DIF BENITO JU\u00c1REZ ATENCI\u00d3N INTEGRAL EN EL CASNNAM","datePublished":"2025-06-24T17:59:04+00:00","dateModified":"2025-06-24T17:59:06+00:00","mainEntityOfPage":{"@id":"https:\/\/panoramaciudadano.com\/index.php\/2025\/06\/24\/fortalece-dif-benito-juarez-atencion-integral-en-el-casnnam\/"},"wordCount":461,"commentCount":0,"publisher":{"@id":"https:\/\/panoramaciudadano.com\/#organization"},"image":{"@id":"https:\/\/panoramaciudadano.com\/index.php\/2025\/06\/24\/fortalece-dif-benito-juarez-atencion-integral-en-el-casnnam\/#primaryimage"},"thumbnailUrl":"https:\/\/panoramaciudadano.com\/wp-content\/uploads\/2025\/06\/WhatsApp-Image-2025-06-24-at-12.29.07-1-scaled.jpeg","keywords":["Ana Paty Peralta"],"articleSection":["Canc\u00fan"],"inLanguage":"es","potentialAction":[{"@type":"CommentAction","name":"Comment","target":["https:\/\/panoramaciudadano.com\/index.php\/2025\/06\/24\/fortalece-dif-benito-juarez-atencion-integral-en-el-casnnam\/#respond"]}]},{"@type":"WebPage","@id":"https:\/\/panoramaciudadano.com\/index.php\/2025\/06\/24\/fortalece-dif-benito-juarez-atencion-integral-en-el-casnnam\/","url":"https:\/\/panoramaciudadano.com\/index.php\/2025\/06\/24\/fortalece-dif-benito-juarez-atencion-integral-en-el-casnnam\/","name":"FORTALECE DIF BENITO JU\u00c1REZ ATENCI\u00d3N INTEGRAL EN EL CASNNAM - Panorama Ciudadano","isPartOf":{"@id":"https:\/\/panoramaciudadano.com\/#website"},"primaryImageOfPage":{"@id":"https:\/\/panoramaciudadano.com\/index.php\/2025\/06\/24\/fortalece-dif-benito-juarez-atencion-integral-en-el-casnnam\/#primaryimage"},"image":{"@id":"https:\/\/panoramaciudadano.com\/index.php\/2025\/06\/24\/fortalece-dif-benito-juarez-atencion-integral-en-el-casnnam\/#primaryimage"},"thumbnailUrl":"https:\/\/panoramaciudadano.com\/wp-content\/uploads\/2025\/06\/WhatsApp-Image-2025-06-24-at-12.29.07-1-scaled.jpeg","datePublished":"2025-06-24T17:59:04+00:00","dateModified":"2025-06-24T17:59:06+00:00","breadcrumb":{"@id":"https:\/\/panoramaciudadano.com\/index.php\/2025\/06\/24\/fortalece-dif-benito-juarez-atencion-integral-en-el-casnnam\/#breadcrumb"},"inLanguage":"es","potentialAction":[{"@type":"ReadAction","target":["https:\/\/panoramaciudadano.com\/index.php\/2025\/06\/24\/fortalece-dif-benito-juarez-atencion-integral-en-el-casnnam\/"]}]},{"@type":"ImageObject","inLanguage":"es","@id":"https:\/\/panoramaciudadano.com\/index.php\/2025\/06\/24\/fortalece-dif-benito-juarez-atencion-integral-en-el-casnnam\/#primaryimage","url":"https:\/\/panoramaciudadano.com\/wp-content\/uploads\/2025\/06\/WhatsApp-Image-2025-06-24-at-12.29.07-1-scaled.jpeg","contentUrl":"https:\/\/panoramaciudadano.com\/wp-content\/uploads\/2025\/06\/WhatsApp-Image-2025-06-24-at-12.29.07-1-scaled.jpeg","width":2560,"height":1706},{"@type":"BreadcrumbList","@id":"https:\/\/panoramaciudadano.com\/index.php\/2025\/06\/24\/fortalece-dif-benito-juarez-atencion-integral-en-el-casnnam\/#breadcrumb","itemListElement":[{"@type":"ListItem","position":1,"name":"Portada","item":"https:\/\/panoramaciudadano.com\/"},{"@type":"ListItem","position":2,"name":"FORTALECE DIF BENITO JU\u00c1REZ ATENCI\u00d3N INTEGRAL EN EL CASNNAM"}]},{"@type":"WebSite","@id":"https:\/\/panoramaciudadano.com\/#website","url":"https:\/\/panoramaciudadano.com\/","name":"Panorama Ciudadano","description":"","publisher":{"@id":"https:\/\/panoramaciudadano.com\/#organization"},"potentialAction":[{"@type":"SearchAction","target":{"@type":"EntryPoint","urlTemplate":"https:\/\/panoramaciudadano.com\/?s={search_term_string}"},"query-input":{"@type":"PropertyValueSpecification","valueRequired":true,"valueName":"search_term_string"}}],"inLanguage":"es"},{"@type":"Organization","@id":"https:\/\/panoramaciudadano.com\/#organization","name":"Panorama Ciudadano","url":"https:\/\/panoramaciudadano.com\/","logo":{"@type":"ImageObject","inLanguage":"es","@id":"https:\/\/panoramaciudadano.com\/#\/schema\/logo\/image\/","url":"https:\/\/panoramaciudadano.com\/wp-content\/uploads\/2024\/05\/401498640_919267042938564_6290593609399108733_n.jpg","contentUrl":"https:\/\/panoramaciudadano.com\/wp-content\/uploads\/2024\/05\/401498640_919267042938564_6290593609399108733_n.jpg","width":960,"height":957,"caption":"Panorama Ciudadano"},"image":{"@id":"https:\/\/panoramaciudadano.com\/#\/schema\/logo\/image\/"},"sameAs":["https:\/\/www.facebook.com\/panoramaciudadano"]},{"@type":"Person","@id":"https:\/\/panoramaciudadano.com\/#\/schema\/person\/ffe9fe8ef47d3a93977b5761fd9e0d96","name":"admin","image":{"@type":"ImageObject","inLanguage":"es","@id":"https:\/\/panoramaciudadano.com\/#\/schema\/person\/image\/","url":"https:\/\/secure.gravatar.com\/avatar\/2d5a12cacce3f18096f25fadea8abb7202fef18ed669595589853e84260ff451?s=96&d=mm&r=g","contentUrl":"https:\/\/secure.gravatar.com\/avatar\/2d5a12cacce3f18096f25fadea8abb7202fef18ed669595589853e84260ff451?s=96&d=mm&r=g","caption":"admin"},"sameAs":["https:\/\/panoramaciudadano.com"],"url":"https:\/\/panoramaciudadano.com\/index.php\/author\/admin_3q6hyqq3\/"}]}},"_links":{"self":[{"href":"https:\/\/panoramaciudadano.com\/index.php\/wp-json\/wp\/v2\/posts\/16313","targetHints":{"allow":["GET"]}}],"collection":[{"href":"https:\/\/panoramaciudadano.com\/index.php\/wp-json\/wp\/v2\/posts"}],"about":[{"href":"https:\/\/panoramaciudadano.com\/index.php\/wp-json\/wp\/v2\/types\/post"}],"author":[{"embeddable":true,"href":"https:\/\/panoramaciudadano.com\/index.php\/wp-json\/wp\/v2\/users\/1"}],"replies":[{"embeddable":true,"href":"https:\/\/panoramaciudadano.com\/index.php\/wp-json\/wp\/v2\/comments?post=16313"}],"version-history":[{"count":1,"href":"https:\/\/panoramaciudadano.com\/index.php\/wp-json\/wp\/v2\/posts\/16313\/revisions"}],"predecessor-version":[{"id":16324,"href":"https:\/\/panoramaciudadano.com\/index.php\/wp-json\/wp\/v2\/posts\/16313\/revisions\/16324"}],"wp:featuredmedia":[{"embeddable":true,"href":"https:\/\/panoramaciudadano.com\/index.php\/wp-json\/wp\/v2\/media\/16323"}],"wp:attachment":[{"href":"https:\/\/panoramaciudadano.com\/index.php\/wp-json\/wp\/v2\/media?parent=16313"}],"wp:term":[{"taxonomy":"category","embeddable":true,"href":"https:\/\/panoramaciudadano.com\/index.php\/wp-json\/wp\/v2\/categories?post=16313"},{"taxonomy":"post_tag","embeddable":true,"href":"https:\/\/panoramaciudadano.com\/index.php\/wp-json\/wp\/v2\/tags?post=16313"}],"curies":[{"name":"wp","href":"https:\/\/api.w.org\/{rel}","templated":true}]}}