{"id":16571,"date":"2025-06-27T13:02:16","date_gmt":"2025-06-27T18:02:16","guid":{"rendered":"https:\/\/panoramaciudadano.com\/?p=16571"},"modified":"2025-06-27T13:02:18","modified_gmt":"2025-06-27T18:02:18","slug":"camion-se-sube-al-camellon-y-tira-poste-en-la-lopez-portillo","status":"publish","type":"post","link":"https:\/\/panoramaciudadano.com\/index.php\/2025\/06\/27\/camion-se-sube-al-camellon-y-tira-poste-en-la-lopez-portillo\/","title":{"rendered":"Cami\u00f3n se sube al camell\u00f3n y tira poste en la L\u00f3pez Portillo"},"content":{"rendered":"\n<figure class=\"wp-block-gallery has-nested-images columns-default is-cropped wp-block-gallery-1 is-layout-flex wp-block-gallery-is-layout-flex\">\n<figure class=\"wp-block-image size-large\"><img decoding=\"async\" width=\"996\" height=\"755\" data-id=\"16572\" src=\"https:\/\/panoramaciudadano.com\/wp-content\/uploads\/2025\/06\/2-244.jpeg\" alt=\"\" class=\"wp-image-16572\" srcset=\"https:\/\/panoramaciudadano.com\/wp-content\/uploads\/2025\/06\/2-244.jpeg 996w, https:\/\/panoramaciudadano.com\/wp-content\/uploads\/2025\/06\/2-244-300x227.jpeg 300w, https:\/\/panoramaciudadano.com\/wp-content\/uploads\/2025\/06\/2-244-768x582.jpeg 768w\" sizes=\"(max-width: 996px) 100vw, 996px\" \/><\/figure>\n\n\n\n<figure class=\"wp-block-image size-large\"><img decoding=\"async\" width=\"1024\" height=\"615\" data-id=\"16573\" src=\"https:\/\/panoramaciudadano.com\/wp-content\/uploads\/2025\/06\/3-223-1024x615.jpeg\" alt=\"\" class=\"wp-image-16573\" srcset=\"https:\/\/panoramaciudadano.com\/wp-content\/uploads\/2025\/06\/3-223-1024x615.jpeg 1024w, https:\/\/panoramaciudadano.com\/wp-content\/uploads\/2025\/06\/3-223-300x180.jpeg 300w, https:\/\/panoramaciudadano.com\/wp-content\/uploads\/2025\/06\/3-223-768x461.jpeg 768w, https:\/\/panoramaciudadano.com\/wp-content\/uploads\/2025\/06\/3-223.jpeg 1435w\" sizes=\"(max-width: 1024px) 100vw, 1024px\" \/><\/figure>\n<\/figure>\n\n\n\n<p>Un accidente de tr\u00e1nsito en la avenida Jos\u00e9 L\u00f3pez Portillo, protagonizado por un cami\u00f3n de transporte particular, moviliz\u00f3 a los agentes de Tr\u00e1nsito, pero afortunadamente solo dejo da\u00f1os.<\/p>\n\n\n\n<p>Este hecho se registr\u00f3 sobre la citada avenida, a la altura de la Regi\u00f3n 104, donde un distra\u00eddo conductor perdi\u00f3 el control del cami\u00f3n marcado con el n\u00famero econ\u00f3mico ED800-013 y termin\u00f3 subi\u00e9ndose al camell\u00f3n central donde derrib\u00f3 un poste de alumbrado p\u00fablico.<\/p>\n\n\n\n<p>Afortunadamente, nadie resulto lesionado, sin embargo, fue necesario de trabajadores del ayuntamiento para retirar el poste el cual qued\u00f3 sobre la v\u00eda de rodamiento.<\/p>\n\n\n\n<p>Ante lo ocurrido los agentes de Tr\u00e1nsito se hicieron cargo del accidente e iniciaron las diligencias para el deslinde responsabilidades.<\/p>\n","protected":false},"excerpt":{"rendered":"<p>Un accidente de tr\u00e1nsito en la avenida Jos\u00e9 L\u00f3pez Portillo, protagonizado por un cami\u00f3n de transporte particular, moviliz\u00f3 a los agentes de Tr\u00e1nsito, pero afortunadamente solo dejo da\u00f1os.<\/p>\n","protected":false},"author":1,"featured_media":16574,"comment_status":"open","ping_status":"closed","sticky":false,"template":"","format":"standard","meta":{"footnotes":""},"categories":[6],"tags":[1722],"class_list":["post-16571","post","type-post","status-publish","format-standard","has-post-thumbnail","hentry","category-cancun","tag-region-104"],"yoast_head":"<!-- This site is optimized with the Yoast SEO plugin v27.1.1 - https:\/\/yoast.com\/product\/yoast-seo-wordpress\/ -->\n<title>Cami\u00f3n se sube al camell\u00f3n y tira poste en la L\u00f3pez Portillo - Panorama Ciudadano<\/title>\n<meta name=\"robots\" content=\"index, follow, max-snippet:-1, max-image-preview:large, max-video-preview:-1\" \/>\n<link rel=\"canonical\" href=\"https:\/\/panoramaciudadano.com\/index.php\/2025\/06\/27\/camion-se-sube-al-camellon-y-tira-poste-en-la-lopez-portillo\/\" \/>\n<meta property=\"og:locale\" content=\"es_ES\" \/>\n<meta property=\"og:type\" content=\"article\" \/>\n<meta property=\"og:title\" content=\"Cami\u00f3n se sube al camell\u00f3n y tira poste en la L\u00f3pez Portillo - Panorama Ciudadano\" \/>\n<meta property=\"og:description\" content=\"Un accidente de tr\u00e1nsito en la avenida Jos\u00e9 L\u00f3pez Portillo, protagonizado por un cami\u00f3n de transporte particular, moviliz\u00f3 a los agentes de Tr\u00e1nsito, pero afortunadamente solo dejo da\u00f1os.\" \/>\n<meta property=\"og:url\" content=\"https:\/\/panoramaciudadano.com\/index.php\/2025\/06\/27\/camion-se-sube-al-camellon-y-tira-poste-en-la-lopez-portillo\/\" \/>\n<meta property=\"og:site_name\" content=\"Panorama Ciudadano\" \/>\n<meta property=\"article:publisher\" content=\"https:\/\/www.facebook.com\/panoramaciudadano\" \/>\n<meta property=\"article:published_time\" content=\"2025-06-27T18:02:16+00:00\" \/>\n<meta property=\"article:modified_time\" content=\"2025-06-27T18:02:18+00:00\" \/>\n<meta property=\"og:image\" content=\"https:\/\/panoramaciudadano.com\/wp-content\/uploads\/2025\/06\/WhatsApp-Image-2025-06-27-at-11.17.34.jpeg\" \/>\n\t<meta property=\"og:image:width\" content=\"1600\" \/>\n\t<meta property=\"og:image:height\" content=\"1200\" \/>\n\t<meta property=\"og:image:type\" content=\"image\/jpeg\" \/>\n<meta name=\"author\" content=\"admin\" \/>\n<meta name=\"twitter:card\" content=\"summary_large_image\" \/>\n<meta name=\"twitter:label1\" content=\"Escrito por\" \/>\n\t<meta name=\"twitter:data1\" content=\"admin\" \/>\n\t<meta name=\"twitter:label2\" content=\"Tiempo de lectura\" \/>\n\t<meta name=\"twitter:data2\" content=\"2 minutos\" \/>\n<script type=\"application\/ld+json\" class=\"yoast-schema-graph\">{\"@context\":\"https:\/\/schema.org\",\"@graph\":[{\"@type\":\"Article\",\"@id\":\"https:\/\/panoramaciudadano.com\/index.php\/2025\/06\/27\/camion-se-sube-al-camellon-y-tira-poste-en-la-lopez-portillo\/#article\",\"isPartOf\":{\"@id\":\"https:\/\/panoramaciudadano.com\/index.php\/2025\/06\/27\/camion-se-sube-al-camellon-y-tira-poste-en-la-lopez-portillo\/\"},\"author\":{\"name\":\"admin\",\"@id\":\"https:\/\/panoramaciudadano.com\/#\/schema\/person\/ffe9fe8ef47d3a93977b5761fd9e0d96\"},\"headline\":\"Cami\u00f3n se sube al camell\u00f3n y tira poste en la L\u00f3pez Portillo\",\"datePublished\":\"2025-06-27T18:02:16+00:00\",\"dateModified\":\"2025-06-27T18:02:18+00:00\",\"mainEntityOfPage\":{\"@id\":\"https:\/\/panoramaciudadano.com\/index.php\/2025\/06\/27\/camion-se-sube-al-camellon-y-tira-poste-en-la-lopez-portillo\/\"},\"wordCount\":145,\"commentCount\":0,\"publisher\":{\"@id\":\"https:\/\/panoramaciudadano.com\/#organization\"},\"image\":{\"@id\":\"https:\/\/panoramaciudadano.com\/index.php\/2025\/06\/27\/camion-se-sube-al-camellon-y-tira-poste-en-la-lopez-portillo\/#primaryimage\"},\"thumbnailUrl\":\"https:\/\/panoramaciudadano.com\/wp-content\/uploads\/2025\/06\/WhatsApp-Image-2025-06-27-at-11.17.34.jpeg\",\"keywords\":[\"regi\u00f3n 104\"],\"articleSection\":[\"Canc\u00fan\"],\"inLanguage\":\"es\",\"potentialAction\":[{\"@type\":\"CommentAction\",\"name\":\"Comment\",\"target\":[\"https:\/\/panoramaciudadano.com\/index.php\/2025\/06\/27\/camion-se-sube-al-camellon-y-tira-poste-en-la-lopez-portillo\/#respond\"]}]},{\"@type\":\"WebPage\",\"@id\":\"https:\/\/panoramaciudadano.com\/index.php\/2025\/06\/27\/camion-se-sube-al-camellon-y-tira-poste-en-la-lopez-portillo\/\",\"url\":\"https:\/\/panoramaciudadano.com\/index.php\/2025\/06\/27\/camion-se-sube-al-camellon-y-tira-poste-en-la-lopez-portillo\/\",\"name\":\"Cami\u00f3n se sube al camell\u00f3n y tira poste en la L\u00f3pez Portillo - Panorama Ciudadano\",\"isPartOf\":{\"@id\":\"https:\/\/panoramaciudadano.com\/#website\"},\"primaryImageOfPage\":{\"@id\":\"https:\/\/panoramaciudadano.com\/index.php\/2025\/06\/27\/camion-se-sube-al-camellon-y-tira-poste-en-la-lopez-portillo\/#primaryimage\"},\"image\":{\"@id\":\"https:\/\/panoramaciudadano.com\/index.php\/2025\/06\/27\/camion-se-sube-al-camellon-y-tira-poste-en-la-lopez-portillo\/#primaryimage\"},\"thumbnailUrl\":\"https:\/\/panoramaciudadano.com\/wp-content\/uploads\/2025\/06\/WhatsApp-Image-2025-06-27-at-11.17.34.jpeg\",\"datePublished\":\"2025-06-27T18:02:16+00:00\",\"dateModified\":\"2025-06-27T18:02:18+00:00\",\"breadcrumb\":{\"@id\":\"https:\/\/panoramaciudadano.com\/index.php\/2025\/06\/27\/camion-se-sube-al-camellon-y-tira-poste-en-la-lopez-portillo\/#breadcrumb\"},\"inLanguage\":\"es\",\"potentialAction\":[{\"@type\":\"ReadAction\",\"target\":[\"https:\/\/panoramaciudadano.com\/index.php\/2025\/06\/27\/camion-se-sube-al-camellon-y-tira-poste-en-la-lopez-portillo\/\"]}]},{\"@type\":\"ImageObject\",\"inLanguage\":\"es\",\"@id\":\"https:\/\/panoramaciudadano.com\/index.php\/2025\/06\/27\/camion-se-sube-al-camellon-y-tira-poste-en-la-lopez-portillo\/#primaryimage\",\"url\":\"https:\/\/panoramaciudadano.com\/wp-content\/uploads\/2025\/06\/WhatsApp-Image-2025-06-27-at-11.17.34.jpeg\",\"contentUrl\":\"https:\/\/panoramaciudadano.com\/wp-content\/uploads\/2025\/06\/WhatsApp-Image-2025-06-27-at-11.17.34.jpeg\",\"width\":1600,\"height\":1200},{\"@type\":\"BreadcrumbList\",\"@id\":\"https:\/\/panoramaciudadano.com\/index.php\/2025\/06\/27\/camion-se-sube-al-camellon-y-tira-poste-en-la-lopez-portillo\/#breadcrumb\",\"itemListElement\":[{\"@type\":\"ListItem\",\"position\":1,\"name\":\"Portada\",\"item\":\"https:\/\/panoramaciudadano.com\/\"},{\"@type\":\"ListItem\",\"position\":2,\"name\":\"Cami\u00f3n se sube al camell\u00f3n y tira poste en la L\u00f3pez Portillo\"}]},{\"@type\":\"WebSite\",\"@id\":\"https:\/\/panoramaciudadano.com\/#website\",\"url\":\"https:\/\/panoramaciudadano.com\/\",\"name\":\"Panorama Ciudadano\",\"description\":\"\",\"publisher\":{\"@id\":\"https:\/\/panoramaciudadano.com\/#organization\"},\"potentialAction\":[{\"@type\":\"SearchAction\",\"target\":{\"@type\":\"EntryPoint\",\"urlTemplate\":\"https:\/\/panoramaciudadano.com\/?s={search_term_string}\"},\"query-input\":{\"@type\":\"PropertyValueSpecification\",\"valueRequired\":true,\"valueName\":\"search_term_string\"}}],\"inLanguage\":\"es\"},{\"@type\":\"Organization\",\"@id\":\"https:\/\/panoramaciudadano.com\/#organization\",\"name\":\"Panorama Ciudadano\",\"url\":\"https:\/\/panoramaciudadano.com\/\",\"logo\":{\"@type\":\"ImageObject\",\"inLanguage\":\"es\",\"@id\":\"https:\/\/panoramaciudadano.com\/#\/schema\/logo\/image\/\",\"url\":\"https:\/\/panoramaciudadano.com\/wp-content\/uploads\/2024\/05\/401498640_919267042938564_6290593609399108733_n.jpg\",\"contentUrl\":\"https:\/\/panoramaciudadano.com\/wp-content\/uploads\/2024\/05\/401498640_919267042938564_6290593609399108733_n.jpg\",\"width\":960,\"height\":957,\"caption\":\"Panorama Ciudadano\"},\"image\":{\"@id\":\"https:\/\/panoramaciudadano.com\/#\/schema\/logo\/image\/\"},\"sameAs\":[\"https:\/\/www.facebook.com\/panoramaciudadano\"]},{\"@type\":\"Person\",\"@id\":\"https:\/\/panoramaciudadano.com\/#\/schema\/person\/ffe9fe8ef47d3a93977b5761fd9e0d96\",\"name\":\"admin\",\"image\":{\"@type\":\"ImageObject\",\"inLanguage\":\"es\",\"@id\":\"https:\/\/panoramaciudadano.com\/#\/schema\/person\/image\/\",\"url\":\"https:\/\/secure.gravatar.com\/avatar\/2d5a12cacce3f18096f25fadea8abb7202fef18ed669595589853e84260ff451?s=96&d=mm&r=g\",\"contentUrl\":\"https:\/\/secure.gravatar.com\/avatar\/2d5a12cacce3f18096f25fadea8abb7202fef18ed669595589853e84260ff451?s=96&d=mm&r=g\",\"caption\":\"admin\"},\"sameAs\":[\"https:\/\/panoramaciudadano.com\"],\"url\":\"https:\/\/panoramaciudadano.com\/index.php\/author\/admin_3q6hyqq3\/\"}]}<\/script>\n<!-- \/ Yoast SEO plugin. -->","yoast_head_json":{"title":"Cami\u00f3n se sube al camell\u00f3n y tira poste en la L\u00f3pez Portillo - Panorama Ciudadano","robots":{"index":"index","follow":"follow","max-snippet":"max-snippet:-1","max-image-preview":"max-image-preview:large","max-video-preview":"max-video-preview:-1"},"canonical":"https:\/\/panoramaciudadano.com\/index.php\/2025\/06\/27\/camion-se-sube-al-camellon-y-tira-poste-en-la-lopez-portillo\/","og_locale":"es_ES","og_type":"article","og_title":"Cami\u00f3n se sube al camell\u00f3n y tira poste en la L\u00f3pez Portillo - Panorama Ciudadano","og_description":"Un accidente de tr\u00e1nsito en la avenida Jos\u00e9 L\u00f3pez Portillo, protagonizado por un cami\u00f3n de transporte particular, moviliz\u00f3 a los agentes de Tr\u00e1nsito, pero afortunadamente solo dejo da\u00f1os.","og_url":"https:\/\/panoramaciudadano.com\/index.php\/2025\/06\/27\/camion-se-sube-al-camellon-y-tira-poste-en-la-lopez-portillo\/","og_site_name":"Panorama Ciudadano","article_publisher":"https:\/\/www.facebook.com\/panoramaciudadano","article_published_time":"2025-06-27T18:02:16+00:00","article_modified_time":"2025-06-27T18:02:18+00:00","og_image":[{"width":1600,"height":1200,"url":"https:\/\/panoramaciudadano.com\/wp-content\/uploads\/2025\/06\/WhatsApp-Image-2025-06-27-at-11.17.34.jpeg","type":"image\/jpeg"}],"author":"admin","twitter_card":"summary_large_image","twitter_misc":{"Escrito por":"admin","Tiempo de lectura":"2 minutos"},"schema":{"@context":"https:\/\/schema.org","@graph":[{"@type":"Article","@id":"https:\/\/panoramaciudadano.com\/index.php\/2025\/06\/27\/camion-se-sube-al-camellon-y-tira-poste-en-la-lopez-portillo\/#article","isPartOf":{"@id":"https:\/\/panoramaciudadano.com\/index.php\/2025\/06\/27\/camion-se-sube-al-camellon-y-tira-poste-en-la-lopez-portillo\/"},"author":{"name":"admin","@id":"https:\/\/panoramaciudadano.com\/#\/schema\/person\/ffe9fe8ef47d3a93977b5761fd9e0d96"},"headline":"Cami\u00f3n se sube al camell\u00f3n y tira poste en la L\u00f3pez Portillo","datePublished":"2025-06-27T18:02:16+00:00","dateModified":"2025-06-27T18:02:18+00:00","mainEntityOfPage":{"@id":"https:\/\/panoramaciudadano.com\/index.php\/2025\/06\/27\/camion-se-sube-al-camellon-y-tira-poste-en-la-lopez-portillo\/"},"wordCount":145,"commentCount":0,"publisher":{"@id":"https:\/\/panoramaciudadano.com\/#organization"},"image":{"@id":"https:\/\/panoramaciudadano.com\/index.php\/2025\/06\/27\/camion-se-sube-al-camellon-y-tira-poste-en-la-lopez-portillo\/#primaryimage"},"thumbnailUrl":"https:\/\/panoramaciudadano.com\/wp-content\/uploads\/2025\/06\/WhatsApp-Image-2025-06-27-at-11.17.34.jpeg","keywords":["regi\u00f3n 104"],"articleSection":["Canc\u00fan"],"inLanguage":"es","potentialAction":[{"@type":"CommentAction","name":"Comment","target":["https:\/\/panoramaciudadano.com\/index.php\/2025\/06\/27\/camion-se-sube-al-camellon-y-tira-poste-en-la-lopez-portillo\/#respond"]}]},{"@type":"WebPage","@id":"https:\/\/panoramaciudadano.com\/index.php\/2025\/06\/27\/camion-se-sube-al-camellon-y-tira-poste-en-la-lopez-portillo\/","url":"https:\/\/panoramaciudadano.com\/index.php\/2025\/06\/27\/camion-se-sube-al-camellon-y-tira-poste-en-la-lopez-portillo\/","name":"Cami\u00f3n se sube al camell\u00f3n y tira poste en la L\u00f3pez Portillo - Panorama Ciudadano","isPartOf":{"@id":"https:\/\/panoramaciudadano.com\/#website"},"primaryImageOfPage":{"@id":"https:\/\/panoramaciudadano.com\/index.php\/2025\/06\/27\/camion-se-sube-al-camellon-y-tira-poste-en-la-lopez-portillo\/#primaryimage"},"image":{"@id":"https:\/\/panoramaciudadano.com\/index.php\/2025\/06\/27\/camion-se-sube-al-camellon-y-tira-poste-en-la-lopez-portillo\/#primaryimage"},"thumbnailUrl":"https:\/\/panoramaciudadano.com\/wp-content\/uploads\/2025\/06\/WhatsApp-Image-2025-06-27-at-11.17.34.jpeg","datePublished":"2025-06-27T18:02:16+00:00","dateModified":"2025-06-27T18:02:18+00:00","breadcrumb":{"@id":"https:\/\/panoramaciudadano.com\/index.php\/2025\/06\/27\/camion-se-sube-al-camellon-y-tira-poste-en-la-lopez-portillo\/#breadcrumb"},"inLanguage":"es","potentialAction":[{"@type":"ReadAction","target":["https:\/\/panoramaciudadano.com\/index.php\/2025\/06\/27\/camion-se-sube-al-camellon-y-tira-poste-en-la-lopez-portillo\/"]}]},{"@type":"ImageObject","inLanguage":"es","@id":"https:\/\/panoramaciudadano.com\/index.php\/2025\/06\/27\/camion-se-sube-al-camellon-y-tira-poste-en-la-lopez-portillo\/#primaryimage","url":"https:\/\/panoramaciudadano.com\/wp-content\/uploads\/2025\/06\/WhatsApp-Image-2025-06-27-at-11.17.34.jpeg","contentUrl":"https:\/\/panoramaciudadano.com\/wp-content\/uploads\/2025\/06\/WhatsApp-Image-2025-06-27-at-11.17.34.jpeg","width":1600,"height":1200},{"@type":"BreadcrumbList","@id":"https:\/\/panoramaciudadano.com\/index.php\/2025\/06\/27\/camion-se-sube-al-camellon-y-tira-poste-en-la-lopez-portillo\/#breadcrumb","itemListElement":[{"@type":"ListItem","position":1,"name":"Portada","item":"https:\/\/panoramaciudadano.com\/"},{"@type":"ListItem","position":2,"name":"Cami\u00f3n se sube al camell\u00f3n y tira poste en la L\u00f3pez Portillo"}]},{"@type":"WebSite","@id":"https:\/\/panoramaciudadano.com\/#website","url":"https:\/\/panoramaciudadano.com\/","name":"Panorama Ciudadano","description":"","publisher":{"@id":"https:\/\/panoramaciudadano.com\/#organization"},"potentialAction":[{"@type":"SearchAction","target":{"@type":"EntryPoint","urlTemplate":"https:\/\/panoramaciudadano.com\/?s={search_term_string}"},"query-input":{"@type":"PropertyValueSpecification","valueRequired":true,"valueName":"search_term_string"}}],"inLanguage":"es"},{"@type":"Organization","@id":"https:\/\/panoramaciudadano.com\/#organization","name":"Panorama Ciudadano","url":"https:\/\/panoramaciudadano.com\/","logo":{"@type":"ImageObject","inLanguage":"es","@id":"https:\/\/panoramaciudadano.com\/#\/schema\/logo\/image\/","url":"https:\/\/panoramaciudadano.com\/wp-content\/uploads\/2024\/05\/401498640_919267042938564_6290593609399108733_n.jpg","contentUrl":"https:\/\/panoramaciudadano.com\/wp-content\/uploads\/2024\/05\/401498640_919267042938564_6290593609399108733_n.jpg","width":960,"height":957,"caption":"Panorama Ciudadano"},"image":{"@id":"https:\/\/panoramaciudadano.com\/#\/schema\/logo\/image\/"},"sameAs":["https:\/\/www.facebook.com\/panoramaciudadano"]},{"@type":"Person","@id":"https:\/\/panoramaciudadano.com\/#\/schema\/person\/ffe9fe8ef47d3a93977b5761fd9e0d96","name":"admin","image":{"@type":"ImageObject","inLanguage":"es","@id":"https:\/\/panoramaciudadano.com\/#\/schema\/person\/image\/","url":"https:\/\/secure.gravatar.com\/avatar\/2d5a12cacce3f18096f25fadea8abb7202fef18ed669595589853e84260ff451?s=96&d=mm&r=g","contentUrl":"https:\/\/secure.gravatar.com\/avatar\/2d5a12cacce3f18096f25fadea8abb7202fef18ed669595589853e84260ff451?s=96&d=mm&r=g","caption":"admin"},"sameAs":["https:\/\/panoramaciudadano.com"],"url":"https:\/\/panoramaciudadano.com\/index.php\/author\/admin_3q6hyqq3\/"}]}},"_links":{"self":[{"href":"https:\/\/panoramaciudadano.com\/index.php\/wp-json\/wp\/v2\/posts\/16571","targetHints":{"allow":["GET"]}}],"collection":[{"href":"https:\/\/panoramaciudadano.com\/index.php\/wp-json\/wp\/v2\/posts"}],"about":[{"href":"https:\/\/panoramaciudadano.com\/index.php\/wp-json\/wp\/v2\/types\/post"}],"author":[{"embeddable":true,"href":"https:\/\/panoramaciudadano.com\/index.php\/wp-json\/wp\/v2\/users\/1"}],"replies":[{"embeddable":true,"href":"https:\/\/panoramaciudadano.com\/index.php\/wp-json\/wp\/v2\/comments?post=16571"}],"version-history":[{"count":1,"href":"https:\/\/panoramaciudadano.com\/index.php\/wp-json\/wp\/v2\/posts\/16571\/revisions"}],"predecessor-version":[{"id":16575,"href":"https:\/\/panoramaciudadano.com\/index.php\/wp-json\/wp\/v2\/posts\/16571\/revisions\/16575"}],"wp:featuredmedia":[{"embeddable":true,"href":"https:\/\/panoramaciudadano.com\/index.php\/wp-json\/wp\/v2\/media\/16574"}],"wp:attachment":[{"href":"https:\/\/panoramaciudadano.com\/index.php\/wp-json\/wp\/v2\/media?parent=16571"}],"wp:term":[{"taxonomy":"category","embeddable":true,"href":"https:\/\/panoramaciudadano.com\/index.php\/wp-json\/wp\/v2\/categories?post=16571"},{"taxonomy":"post_tag","embeddable":true,"href":"https:\/\/panoramaciudadano.com\/index.php\/wp-json\/wp\/v2\/tags?post=16571"}],"curies":[{"name":"wp","href":"https:\/\/api.w.org\/{rel}","templated":true}]}}