{"id":16576,"date":"2025-06-27T13:05:50","date_gmt":"2025-06-27T18:05:50","guid":{"rendered":"https:\/\/panoramaciudadano.com\/?p=16576"},"modified":"2025-06-27T13:05:52","modified_gmt":"2025-06-27T18:05:52","slug":"ratero-se-roba-hasta-los-platanos-en-comercio-de-la-av-la-luna","status":"publish","type":"post","link":"https:\/\/panoramaciudadano.com\/index.php\/2025\/06\/27\/ratero-se-roba-hasta-los-platanos-en-comercio-de-la-av-la-luna\/","title":{"rendered":"Ratero se roba hasta los pl\u00e1tanos en comercio de la Av. La Luna"},"content":{"rendered":"\n<figure class=\"wp-block-gallery has-nested-images columns-default is-cropped wp-block-gallery-1 is-layout-flex wp-block-gallery-is-layout-flex\">\n<figure class=\"wp-block-image size-large\"><img decoding=\"async\" width=\"480\" height=\"339\" data-id=\"16577\" src=\"https:\/\/panoramaciudadano.com\/wp-content\/uploads\/2025\/06\/2-245.jpeg\" alt=\"\" class=\"wp-image-16577\" srcset=\"https:\/\/panoramaciudadano.com\/wp-content\/uploads\/2025\/06\/2-245.jpeg 480w, https:\/\/panoramaciudadano.com\/wp-content\/uploads\/2025\/06\/2-245-300x212.jpeg 300w\" sizes=\"(max-width: 480px) 100vw, 480px\" \/><\/figure>\n\n\n\n<figure class=\"wp-block-image size-large\"><img decoding=\"async\" width=\"480\" height=\"299\" data-id=\"16578\" src=\"https:\/\/panoramaciudadano.com\/wp-content\/uploads\/2025\/06\/3-224.jpeg\" alt=\"\" class=\"wp-image-16578\" srcset=\"https:\/\/panoramaciudadano.com\/wp-content\/uploads\/2025\/06\/3-224.jpeg 480w, https:\/\/panoramaciudadano.com\/wp-content\/uploads\/2025\/06\/3-224-300x187.jpeg 300w\" sizes=\"(max-width: 480px) 100vw, 480px\" \/><\/figure>\n<\/figure>\n\n\n\n<p>Una rata vividora fue captada en el momento justo en el que atraca un comercio ubicado sobre la avenida la luna.<\/p>\n\n\n\n<p>Seg\u00fan los agraviados esto sucedi\u00f3 la madrugada del jueves frente los edificios California y pese a la lluvia el presunto se ve como desactivaba la luz del establecimiento para facilitar su ingreso.<\/p>\n\n\n\n<p>&nbsp;En varios clips de las c\u00e1maras de seguridad del establecimiento fue grabado llev\u00e1ndose los art\u00edculos que le cab\u00edan en las manos de pl\u00e1tano dominico por lo que uso una bolsa negra para llevarse lo que entrara.<\/p>\n\n\n\n<p>Hasta el momento se desconoce si hay denuncia por estos hechos, sin embargo, se encienden las alertas de los vecinos y comerciantes pues se presume que este delincuente haga de las suyas pues ya vio como est\u00e1 la jugada.<\/p>\n","protected":false},"excerpt":{"rendered":"<p>Una rata vividora fue captada en el momento justo en el que atraca un comercio ubicado sobre la avenida la luna.<\/p>\n","protected":false},"author":1,"featured_media":16579,"comment_status":"open","ping_status":"closed","sticky":false,"template":"","format":"standard","meta":{"footnotes":""},"categories":[6],"tags":[2507],"class_list":["post-16576","post","type-post","status-publish","format-standard","has-post-thumbnail","hentry","category-cancun","tag-avenida-la-luna"],"yoast_head":"<!-- This site is optimized with the Yoast SEO plugin v27.1.1 - https:\/\/yoast.com\/product\/yoast-seo-wordpress\/ -->\n<title>Ratero se roba hasta los pl\u00e1tanos en comercio de la Av. La Luna - Panorama Ciudadano<\/title>\n<meta name=\"robots\" content=\"index, follow, max-snippet:-1, max-image-preview:large, max-video-preview:-1\" \/>\n<link rel=\"canonical\" href=\"https:\/\/panoramaciudadano.com\/index.php\/2025\/06\/27\/ratero-se-roba-hasta-los-platanos-en-comercio-de-la-av-la-luna\/\" \/>\n<meta property=\"og:locale\" content=\"es_ES\" \/>\n<meta property=\"og:type\" content=\"article\" \/>\n<meta property=\"og:title\" content=\"Ratero se roba hasta los pl\u00e1tanos en comercio de la Av. La Luna - Panorama Ciudadano\" \/>\n<meta property=\"og:description\" content=\"Una rata vividora fue captada en el momento justo en el que atraca un comercio ubicado sobre la avenida la luna.\" \/>\n<meta property=\"og:url\" content=\"https:\/\/panoramaciudadano.com\/index.php\/2025\/06\/27\/ratero-se-roba-hasta-los-platanos-en-comercio-de-la-av-la-luna\/\" \/>\n<meta property=\"og:site_name\" content=\"Panorama Ciudadano\" \/>\n<meta property=\"article:publisher\" content=\"https:\/\/www.facebook.com\/panoramaciudadano\" \/>\n<meta property=\"article:published_time\" content=\"2025-06-27T18:05:50+00:00\" \/>\n<meta property=\"article:modified_time\" content=\"2025-06-27T18:05:52+00:00\" \/>\n<meta property=\"og:image\" content=\"https:\/\/panoramaciudadano.com\/wp-content\/uploads\/2025\/06\/WhatsApp-Image-2025-06-27-at-11.19.24.jpeg\" \/>\n\t<meta property=\"og:image:width\" content=\"480\" \/>\n\t<meta property=\"og:image:height\" content=\"332\" \/>\n\t<meta property=\"og:image:type\" content=\"image\/jpeg\" \/>\n<meta name=\"author\" content=\"admin\" \/>\n<meta name=\"twitter:card\" content=\"summary_large_image\" \/>\n<meta name=\"twitter:label1\" content=\"Escrito por\" \/>\n\t<meta name=\"twitter:data1\" content=\"admin\" \/>\n\t<meta name=\"twitter:label2\" content=\"Tiempo de lectura\" \/>\n\t<meta name=\"twitter:data2\" content=\"2 minutos\" \/>\n<script type=\"application\/ld+json\" class=\"yoast-schema-graph\">{\"@context\":\"https:\/\/schema.org\",\"@graph\":[{\"@type\":\"Article\",\"@id\":\"https:\/\/panoramaciudadano.com\/index.php\/2025\/06\/27\/ratero-se-roba-hasta-los-platanos-en-comercio-de-la-av-la-luna\/#article\",\"isPartOf\":{\"@id\":\"https:\/\/panoramaciudadano.com\/index.php\/2025\/06\/27\/ratero-se-roba-hasta-los-platanos-en-comercio-de-la-av-la-luna\/\"},\"author\":{\"name\":\"admin\",\"@id\":\"https:\/\/panoramaciudadano.com\/#\/schema\/person\/ffe9fe8ef47d3a93977b5761fd9e0d96\"},\"headline\":\"Ratero se roba hasta los pl\u00e1tanos en comercio de la Av. La Luna\",\"datePublished\":\"2025-06-27T18:05:50+00:00\",\"dateModified\":\"2025-06-27T18:05:52+00:00\",\"mainEntityOfPage\":{\"@id\":\"https:\/\/panoramaciudadano.com\/index.php\/2025\/06\/27\/ratero-se-roba-hasta-los-platanos-en-comercio-de-la-av-la-luna\/\"},\"wordCount\":149,\"commentCount\":0,\"publisher\":{\"@id\":\"https:\/\/panoramaciudadano.com\/#organization\"},\"image\":{\"@id\":\"https:\/\/panoramaciudadano.com\/index.php\/2025\/06\/27\/ratero-se-roba-hasta-los-platanos-en-comercio-de-la-av-la-luna\/#primaryimage\"},\"thumbnailUrl\":\"https:\/\/panoramaciudadano.com\/wp-content\/uploads\/2025\/06\/WhatsApp-Image-2025-06-27-at-11.19.24.jpeg\",\"keywords\":[\"avenida La Luna\"],\"articleSection\":[\"Canc\u00fan\"],\"inLanguage\":\"es\",\"potentialAction\":[{\"@type\":\"CommentAction\",\"name\":\"Comment\",\"target\":[\"https:\/\/panoramaciudadano.com\/index.php\/2025\/06\/27\/ratero-se-roba-hasta-los-platanos-en-comercio-de-la-av-la-luna\/#respond\"]}]},{\"@type\":\"WebPage\",\"@id\":\"https:\/\/panoramaciudadano.com\/index.php\/2025\/06\/27\/ratero-se-roba-hasta-los-platanos-en-comercio-de-la-av-la-luna\/\",\"url\":\"https:\/\/panoramaciudadano.com\/index.php\/2025\/06\/27\/ratero-se-roba-hasta-los-platanos-en-comercio-de-la-av-la-luna\/\",\"name\":\"Ratero se roba hasta los pl\u00e1tanos en comercio de la Av. La Luna - Panorama Ciudadano\",\"isPartOf\":{\"@id\":\"https:\/\/panoramaciudadano.com\/#website\"},\"primaryImageOfPage\":{\"@id\":\"https:\/\/panoramaciudadano.com\/index.php\/2025\/06\/27\/ratero-se-roba-hasta-los-platanos-en-comercio-de-la-av-la-luna\/#primaryimage\"},\"image\":{\"@id\":\"https:\/\/panoramaciudadano.com\/index.php\/2025\/06\/27\/ratero-se-roba-hasta-los-platanos-en-comercio-de-la-av-la-luna\/#primaryimage\"},\"thumbnailUrl\":\"https:\/\/panoramaciudadano.com\/wp-content\/uploads\/2025\/06\/WhatsApp-Image-2025-06-27-at-11.19.24.jpeg\",\"datePublished\":\"2025-06-27T18:05:50+00:00\",\"dateModified\":\"2025-06-27T18:05:52+00:00\",\"breadcrumb\":{\"@id\":\"https:\/\/panoramaciudadano.com\/index.php\/2025\/06\/27\/ratero-se-roba-hasta-los-platanos-en-comercio-de-la-av-la-luna\/#breadcrumb\"},\"inLanguage\":\"es\",\"potentialAction\":[{\"@type\":\"ReadAction\",\"target\":[\"https:\/\/panoramaciudadano.com\/index.php\/2025\/06\/27\/ratero-se-roba-hasta-los-platanos-en-comercio-de-la-av-la-luna\/\"]}]},{\"@type\":\"ImageObject\",\"inLanguage\":\"es\",\"@id\":\"https:\/\/panoramaciudadano.com\/index.php\/2025\/06\/27\/ratero-se-roba-hasta-los-platanos-en-comercio-de-la-av-la-luna\/#primaryimage\",\"url\":\"https:\/\/panoramaciudadano.com\/wp-content\/uploads\/2025\/06\/WhatsApp-Image-2025-06-27-at-11.19.24.jpeg\",\"contentUrl\":\"https:\/\/panoramaciudadano.com\/wp-content\/uploads\/2025\/06\/WhatsApp-Image-2025-06-27-at-11.19.24.jpeg\",\"width\":480,\"height\":332},{\"@type\":\"BreadcrumbList\",\"@id\":\"https:\/\/panoramaciudadano.com\/index.php\/2025\/06\/27\/ratero-se-roba-hasta-los-platanos-en-comercio-de-la-av-la-luna\/#breadcrumb\",\"itemListElement\":[{\"@type\":\"ListItem\",\"position\":1,\"name\":\"Portada\",\"item\":\"https:\/\/panoramaciudadano.com\/\"},{\"@type\":\"ListItem\",\"position\":2,\"name\":\"Ratero se roba hasta los pl\u00e1tanos en comercio de la Av. La Luna\"}]},{\"@type\":\"WebSite\",\"@id\":\"https:\/\/panoramaciudadano.com\/#website\",\"url\":\"https:\/\/panoramaciudadano.com\/\",\"name\":\"Panorama Ciudadano\",\"description\":\"\",\"publisher\":{\"@id\":\"https:\/\/panoramaciudadano.com\/#organization\"},\"potentialAction\":[{\"@type\":\"SearchAction\",\"target\":{\"@type\":\"EntryPoint\",\"urlTemplate\":\"https:\/\/panoramaciudadano.com\/?s={search_term_string}\"},\"query-input\":{\"@type\":\"PropertyValueSpecification\",\"valueRequired\":true,\"valueName\":\"search_term_string\"}}],\"inLanguage\":\"es\"},{\"@type\":\"Organization\",\"@id\":\"https:\/\/panoramaciudadano.com\/#organization\",\"name\":\"Panorama Ciudadano\",\"url\":\"https:\/\/panoramaciudadano.com\/\",\"logo\":{\"@type\":\"ImageObject\",\"inLanguage\":\"es\",\"@id\":\"https:\/\/panoramaciudadano.com\/#\/schema\/logo\/image\/\",\"url\":\"https:\/\/panoramaciudadano.com\/wp-content\/uploads\/2024\/05\/401498640_919267042938564_6290593609399108733_n.jpg\",\"contentUrl\":\"https:\/\/panoramaciudadano.com\/wp-content\/uploads\/2024\/05\/401498640_919267042938564_6290593609399108733_n.jpg\",\"width\":960,\"height\":957,\"caption\":\"Panorama Ciudadano\"},\"image\":{\"@id\":\"https:\/\/panoramaciudadano.com\/#\/schema\/logo\/image\/\"},\"sameAs\":[\"https:\/\/www.facebook.com\/panoramaciudadano\"]},{\"@type\":\"Person\",\"@id\":\"https:\/\/panoramaciudadano.com\/#\/schema\/person\/ffe9fe8ef47d3a93977b5761fd9e0d96\",\"name\":\"admin\",\"image\":{\"@type\":\"ImageObject\",\"inLanguage\":\"es\",\"@id\":\"https:\/\/panoramaciudadano.com\/#\/schema\/person\/image\/\",\"url\":\"https:\/\/secure.gravatar.com\/avatar\/2d5a12cacce3f18096f25fadea8abb7202fef18ed669595589853e84260ff451?s=96&d=mm&r=g\",\"contentUrl\":\"https:\/\/secure.gravatar.com\/avatar\/2d5a12cacce3f18096f25fadea8abb7202fef18ed669595589853e84260ff451?s=96&d=mm&r=g\",\"caption\":\"admin\"},\"sameAs\":[\"https:\/\/panoramaciudadano.com\"],\"url\":\"https:\/\/panoramaciudadano.com\/index.php\/author\/admin_3q6hyqq3\/\"}]}<\/script>\n<!-- \/ Yoast SEO plugin. -->","yoast_head_json":{"title":"Ratero se roba hasta los pl\u00e1tanos en comercio de la Av. La Luna - Panorama Ciudadano","robots":{"index":"index","follow":"follow","max-snippet":"max-snippet:-1","max-image-preview":"max-image-preview:large","max-video-preview":"max-video-preview:-1"},"canonical":"https:\/\/panoramaciudadano.com\/index.php\/2025\/06\/27\/ratero-se-roba-hasta-los-platanos-en-comercio-de-la-av-la-luna\/","og_locale":"es_ES","og_type":"article","og_title":"Ratero se roba hasta los pl\u00e1tanos en comercio de la Av. La Luna - Panorama Ciudadano","og_description":"Una rata vividora fue captada en el momento justo en el que atraca un comercio ubicado sobre la avenida la luna.","og_url":"https:\/\/panoramaciudadano.com\/index.php\/2025\/06\/27\/ratero-se-roba-hasta-los-platanos-en-comercio-de-la-av-la-luna\/","og_site_name":"Panorama Ciudadano","article_publisher":"https:\/\/www.facebook.com\/panoramaciudadano","article_published_time":"2025-06-27T18:05:50+00:00","article_modified_time":"2025-06-27T18:05:52+00:00","og_image":[{"width":480,"height":332,"url":"https:\/\/panoramaciudadano.com\/wp-content\/uploads\/2025\/06\/WhatsApp-Image-2025-06-27-at-11.19.24.jpeg","type":"image\/jpeg"}],"author":"admin","twitter_card":"summary_large_image","twitter_misc":{"Escrito por":"admin","Tiempo de lectura":"2 minutos"},"schema":{"@context":"https:\/\/schema.org","@graph":[{"@type":"Article","@id":"https:\/\/panoramaciudadano.com\/index.php\/2025\/06\/27\/ratero-se-roba-hasta-los-platanos-en-comercio-de-la-av-la-luna\/#article","isPartOf":{"@id":"https:\/\/panoramaciudadano.com\/index.php\/2025\/06\/27\/ratero-se-roba-hasta-los-platanos-en-comercio-de-la-av-la-luna\/"},"author":{"name":"admin","@id":"https:\/\/panoramaciudadano.com\/#\/schema\/person\/ffe9fe8ef47d3a93977b5761fd9e0d96"},"headline":"Ratero se roba hasta los pl\u00e1tanos en comercio de la Av. La Luna","datePublished":"2025-06-27T18:05:50+00:00","dateModified":"2025-06-27T18:05:52+00:00","mainEntityOfPage":{"@id":"https:\/\/panoramaciudadano.com\/index.php\/2025\/06\/27\/ratero-se-roba-hasta-los-platanos-en-comercio-de-la-av-la-luna\/"},"wordCount":149,"commentCount":0,"publisher":{"@id":"https:\/\/panoramaciudadano.com\/#organization"},"image":{"@id":"https:\/\/panoramaciudadano.com\/index.php\/2025\/06\/27\/ratero-se-roba-hasta-los-platanos-en-comercio-de-la-av-la-luna\/#primaryimage"},"thumbnailUrl":"https:\/\/panoramaciudadano.com\/wp-content\/uploads\/2025\/06\/WhatsApp-Image-2025-06-27-at-11.19.24.jpeg","keywords":["avenida La Luna"],"articleSection":["Canc\u00fan"],"inLanguage":"es","potentialAction":[{"@type":"CommentAction","name":"Comment","target":["https:\/\/panoramaciudadano.com\/index.php\/2025\/06\/27\/ratero-se-roba-hasta-los-platanos-en-comercio-de-la-av-la-luna\/#respond"]}]},{"@type":"WebPage","@id":"https:\/\/panoramaciudadano.com\/index.php\/2025\/06\/27\/ratero-se-roba-hasta-los-platanos-en-comercio-de-la-av-la-luna\/","url":"https:\/\/panoramaciudadano.com\/index.php\/2025\/06\/27\/ratero-se-roba-hasta-los-platanos-en-comercio-de-la-av-la-luna\/","name":"Ratero se roba hasta los pl\u00e1tanos en comercio de la Av. La Luna - Panorama Ciudadano","isPartOf":{"@id":"https:\/\/panoramaciudadano.com\/#website"},"primaryImageOfPage":{"@id":"https:\/\/panoramaciudadano.com\/index.php\/2025\/06\/27\/ratero-se-roba-hasta-los-platanos-en-comercio-de-la-av-la-luna\/#primaryimage"},"image":{"@id":"https:\/\/panoramaciudadano.com\/index.php\/2025\/06\/27\/ratero-se-roba-hasta-los-platanos-en-comercio-de-la-av-la-luna\/#primaryimage"},"thumbnailUrl":"https:\/\/panoramaciudadano.com\/wp-content\/uploads\/2025\/06\/WhatsApp-Image-2025-06-27-at-11.19.24.jpeg","datePublished":"2025-06-27T18:05:50+00:00","dateModified":"2025-06-27T18:05:52+00:00","breadcrumb":{"@id":"https:\/\/panoramaciudadano.com\/index.php\/2025\/06\/27\/ratero-se-roba-hasta-los-platanos-en-comercio-de-la-av-la-luna\/#breadcrumb"},"inLanguage":"es","potentialAction":[{"@type":"ReadAction","target":["https:\/\/panoramaciudadano.com\/index.php\/2025\/06\/27\/ratero-se-roba-hasta-los-platanos-en-comercio-de-la-av-la-luna\/"]}]},{"@type":"ImageObject","inLanguage":"es","@id":"https:\/\/panoramaciudadano.com\/index.php\/2025\/06\/27\/ratero-se-roba-hasta-los-platanos-en-comercio-de-la-av-la-luna\/#primaryimage","url":"https:\/\/panoramaciudadano.com\/wp-content\/uploads\/2025\/06\/WhatsApp-Image-2025-06-27-at-11.19.24.jpeg","contentUrl":"https:\/\/panoramaciudadano.com\/wp-content\/uploads\/2025\/06\/WhatsApp-Image-2025-06-27-at-11.19.24.jpeg","width":480,"height":332},{"@type":"BreadcrumbList","@id":"https:\/\/panoramaciudadano.com\/index.php\/2025\/06\/27\/ratero-se-roba-hasta-los-platanos-en-comercio-de-la-av-la-luna\/#breadcrumb","itemListElement":[{"@type":"ListItem","position":1,"name":"Portada","item":"https:\/\/panoramaciudadano.com\/"},{"@type":"ListItem","position":2,"name":"Ratero se roba hasta los pl\u00e1tanos en comercio de la Av. La Luna"}]},{"@type":"WebSite","@id":"https:\/\/panoramaciudadano.com\/#website","url":"https:\/\/panoramaciudadano.com\/","name":"Panorama Ciudadano","description":"","publisher":{"@id":"https:\/\/panoramaciudadano.com\/#organization"},"potentialAction":[{"@type":"SearchAction","target":{"@type":"EntryPoint","urlTemplate":"https:\/\/panoramaciudadano.com\/?s={search_term_string}"},"query-input":{"@type":"PropertyValueSpecification","valueRequired":true,"valueName":"search_term_string"}}],"inLanguage":"es"},{"@type":"Organization","@id":"https:\/\/panoramaciudadano.com\/#organization","name":"Panorama Ciudadano","url":"https:\/\/panoramaciudadano.com\/","logo":{"@type":"ImageObject","inLanguage":"es","@id":"https:\/\/panoramaciudadano.com\/#\/schema\/logo\/image\/","url":"https:\/\/panoramaciudadano.com\/wp-content\/uploads\/2024\/05\/401498640_919267042938564_6290593609399108733_n.jpg","contentUrl":"https:\/\/panoramaciudadano.com\/wp-content\/uploads\/2024\/05\/401498640_919267042938564_6290593609399108733_n.jpg","width":960,"height":957,"caption":"Panorama Ciudadano"},"image":{"@id":"https:\/\/panoramaciudadano.com\/#\/schema\/logo\/image\/"},"sameAs":["https:\/\/www.facebook.com\/panoramaciudadano"]},{"@type":"Person","@id":"https:\/\/panoramaciudadano.com\/#\/schema\/person\/ffe9fe8ef47d3a93977b5761fd9e0d96","name":"admin","image":{"@type":"ImageObject","inLanguage":"es","@id":"https:\/\/panoramaciudadano.com\/#\/schema\/person\/image\/","url":"https:\/\/secure.gravatar.com\/avatar\/2d5a12cacce3f18096f25fadea8abb7202fef18ed669595589853e84260ff451?s=96&d=mm&r=g","contentUrl":"https:\/\/secure.gravatar.com\/avatar\/2d5a12cacce3f18096f25fadea8abb7202fef18ed669595589853e84260ff451?s=96&d=mm&r=g","caption":"admin"},"sameAs":["https:\/\/panoramaciudadano.com"],"url":"https:\/\/panoramaciudadano.com\/index.php\/author\/admin_3q6hyqq3\/"}]}},"_links":{"self":[{"href":"https:\/\/panoramaciudadano.com\/index.php\/wp-json\/wp\/v2\/posts\/16576","targetHints":{"allow":["GET"]}}],"collection":[{"href":"https:\/\/panoramaciudadano.com\/index.php\/wp-json\/wp\/v2\/posts"}],"about":[{"href":"https:\/\/panoramaciudadano.com\/index.php\/wp-json\/wp\/v2\/types\/post"}],"author":[{"embeddable":true,"href":"https:\/\/panoramaciudadano.com\/index.php\/wp-json\/wp\/v2\/users\/1"}],"replies":[{"embeddable":true,"href":"https:\/\/panoramaciudadano.com\/index.php\/wp-json\/wp\/v2\/comments?post=16576"}],"version-history":[{"count":1,"href":"https:\/\/panoramaciudadano.com\/index.php\/wp-json\/wp\/v2\/posts\/16576\/revisions"}],"predecessor-version":[{"id":16580,"href":"https:\/\/panoramaciudadano.com\/index.php\/wp-json\/wp\/v2\/posts\/16576\/revisions\/16580"}],"wp:featuredmedia":[{"embeddable":true,"href":"https:\/\/panoramaciudadano.com\/index.php\/wp-json\/wp\/v2\/media\/16579"}],"wp:attachment":[{"href":"https:\/\/panoramaciudadano.com\/index.php\/wp-json\/wp\/v2\/media?parent=16576"}],"wp:term":[{"taxonomy":"category","embeddable":true,"href":"https:\/\/panoramaciudadano.com\/index.php\/wp-json\/wp\/v2\/categories?post=16576"},{"taxonomy":"post_tag","embeddable":true,"href":"https:\/\/panoramaciudadano.com\/index.php\/wp-json\/wp\/v2\/tags?post=16576"}],"curies":[{"name":"wp","href":"https:\/\/api.w.org\/{rel}","templated":true}]}}