{"id":16648,"date":"2025-06-29T22:58:00","date_gmt":"2025-06-30T03:58:00","guid":{"rendered":"https:\/\/panoramaciudadano.com\/?p=16648"},"modified":"2025-06-30T11:04:41","modified_gmt":"2025-06-30T16:04:41","slug":"con-igualdad-e-inclusion-entrega-ana-paty-peralta-actas-de-cambio-de-identidad-de-genero","status":"publish","type":"post","link":"https:\/\/panoramaciudadano.com\/index.php\/2025\/06\/29\/con-igualdad-e-inclusion-entrega-ana-paty-peralta-actas-de-cambio-de-identidad-de-genero\/","title":{"rendered":"CON IGUALDAD E INCLUSI\u00d3N ENTREGA ANA PATY PERALTA ACTAS DE CAMBIO DE IDENTIDAD DE G\u00c9NERO"},"content":{"rendered":"\n<figure class=\"wp-block-gallery has-nested-images columns-default is-cropped wp-block-gallery-1 is-layout-flex wp-block-gallery-is-layout-flex\">\n<figure class=\"wp-block-image size-large\"><img decoding=\"async\" width=\"1024\" height=\"783\" data-id=\"16653\" src=\"https:\/\/panoramaciudadano.com\/wp-content\/uploads\/2025\/06\/2-255-1024x783.jpeg\" alt=\"\" class=\"wp-image-16653\" srcset=\"https:\/\/panoramaciudadano.com\/wp-content\/uploads\/2025\/06\/2-255-1024x783.jpeg 1024w, https:\/\/panoramaciudadano.com\/wp-content\/uploads\/2025\/06\/2-255-300x229.jpeg 300w, https:\/\/panoramaciudadano.com\/wp-content\/uploads\/2025\/06\/2-255-768x587.jpeg 768w, https:\/\/panoramaciudadano.com\/wp-content\/uploads\/2025\/06\/2-255.jpeg 1280w\" sizes=\"(max-width: 1024px) 100vw, 1024px\" \/><\/figure>\n\n\n\n<figure class=\"wp-block-image size-large\"><img decoding=\"async\" width=\"989\" height=\"1024\" data-id=\"16652\" src=\"https:\/\/panoramaciudadano.com\/wp-content\/uploads\/2025\/06\/3-233-989x1024.jpeg\" alt=\"\" class=\"wp-image-16652\" srcset=\"https:\/\/panoramaciudadano.com\/wp-content\/uploads\/2025\/06\/3-233-989x1024.jpeg 989w, https:\/\/panoramaciudadano.com\/wp-content\/uploads\/2025\/06\/3-233-290x300.jpeg 290w, https:\/\/panoramaciudadano.com\/wp-content\/uploads\/2025\/06\/3-233-768x795.jpeg 768w, https:\/\/panoramaciudadano.com\/wp-content\/uploads\/2025\/06\/3-233.jpeg 1236w\" sizes=\"(max-width: 989px) 100vw, 989px\" \/><\/figure>\n\n\n\n<figure class=\"wp-block-image size-large\"><img decoding=\"async\" width=\"1024\" height=\"722\" data-id=\"16651\" src=\"https:\/\/panoramaciudadano.com\/wp-content\/uploads\/2025\/06\/4-169-1024x722.jpeg\" alt=\"\" class=\"wp-image-16651\" srcset=\"https:\/\/panoramaciudadano.com\/wp-content\/uploads\/2025\/06\/4-169-1024x722.jpeg 1024w, https:\/\/panoramaciudadano.com\/wp-content\/uploads\/2025\/06\/4-169-300x211.jpeg 300w, https:\/\/panoramaciudadano.com\/wp-content\/uploads\/2025\/06\/4-169-768x541.jpeg 768w, https:\/\/panoramaciudadano.com\/wp-content\/uploads\/2025\/06\/4-169.jpeg 1280w\" sizes=\"(max-width: 1024px) 100vw, 1024px\" \/><\/figure>\n\n\n\n<figure class=\"wp-block-image size-large\"><img decoding=\"async\" width=\"1024\" height=\"640\" data-id=\"16650\" src=\"https:\/\/panoramaciudadano.com\/wp-content\/uploads\/2025\/06\/5-87-1024x640.jpeg\" alt=\"\" class=\"wp-image-16650\" srcset=\"https:\/\/panoramaciudadano.com\/wp-content\/uploads\/2025\/06\/5-87-1024x640.jpeg 1024w, https:\/\/panoramaciudadano.com\/wp-content\/uploads\/2025\/06\/5-87-300x188.jpeg 300w, https:\/\/panoramaciudadano.com\/wp-content\/uploads\/2025\/06\/5-87-768x480.jpeg 768w, https:\/\/panoramaciudadano.com\/wp-content\/uploads\/2025\/06\/5-87.jpeg 1280w\" sizes=\"(max-width: 1024px) 100vw, 1024px\" \/><\/figure>\n\n\n\n<figure class=\"wp-block-image size-large\"><img decoding=\"async\" width=\"1024\" height=\"603\" data-id=\"16649\" src=\"https:\/\/panoramaciudadano.com\/wp-content\/uploads\/2025\/06\/WhatsApp-Image-2025-06-29-at-12.26.50-1024x603.jpeg\" alt=\"\" class=\"wp-image-16649\" srcset=\"https:\/\/panoramaciudadano.com\/wp-content\/uploads\/2025\/06\/WhatsApp-Image-2025-06-29-at-12.26.50-1024x603.jpeg 1024w, https:\/\/panoramaciudadano.com\/wp-content\/uploads\/2025\/06\/WhatsApp-Image-2025-06-29-at-12.26.50-300x177.jpeg 300w, https:\/\/panoramaciudadano.com\/wp-content\/uploads\/2025\/06\/WhatsApp-Image-2025-06-29-at-12.26.50-768x452.jpeg 768w, https:\/\/panoramaciudadano.com\/wp-content\/uploads\/2025\/06\/WhatsApp-Image-2025-06-29-at-12.26.50.jpeg 1280w\" sizes=\"(max-width: 1024px) 100vw, 1024px\" \/><\/figure>\n<\/figure>\n\n\n\n<p>\u201cHoy celebramos la identidad, pero sobre todo la libertad, el respeto, la dignidad y los derechos de todas las personas sin distinci\u00f3n. La diversidad es parte de nuestra identidad como cancunenses\u201d, expres\u00f3 la Presidenta Municipal, Ana Paty Peralta, durante la entrega de 47 actas de cambio de identidad que fomenta el compromiso con la diversidad y la inclusi\u00f3n, al garantizar que todas las personas pueden ejercer su derecho a ser reconocidas legalmente conforme a su identidad de g\u00e9nero.<\/p>\n\n\n\n<p>Este importante evento se llev\u00f3 a cabo en el Teatro de la Ciudad, en el cual la Alcaldesa destac\u00f3 que \u201cen Canc\u00fan se vive con dignidad, libertad y con el respaldo de un gobierno que acompa\u00f1a y protege. Hice un compromiso con todas y todos ustedes: crear la Direcci\u00f3n de la Diversidad Sexual; esto no es un favor, es un derecho que se debe respaldar al mil por ciento\u201d.<\/p>\n\n\n\n<p>Reafirm\u00f3 que dicho logro no es de una administraci\u00f3n, sino el fruto de muchos a\u00f1os de lucha, organizaci\u00f3n y sensibilizaci\u00f3n, que continuar\u00e1n fomentando una cultura de respeto, para construir un Canc\u00fan m\u00e1s justo, donde se respire libertad y todas las voces sean escuchadas.<\/p>\n\n\n\n<p>En ese sentido, la secretaria municipal de Bienestar, Berenice Sosa Osorio, dio a conocer que modificar el acta de nacimiento es un paso esencial para que la identidad de la persona sea reconocida y se facilite el acceso a servicios sin discriminaci\u00f3n, siendo un gran paso hacia la transformaci\u00f3n.<\/p>\n\n\n\n<p>Agradecida con las autoridades municipales, la beneficiaria, Rula Jordan Hern\u00e1ndez, dijo que el acta de nacimiento no es un papel, sino en realidad significa un proceso de sensibilizaci\u00f3n para tener el lugar que hist\u00f3ricamente les ha faltado en la sociedad, pues agreg\u00f3: \u201cEn Canc\u00fan, realmente hoy, estamos haciendo historia\u201d.<\/p>\n\n\n\n<p>En respaldo a la diversidad, el gobierno municipal atestigu\u00f3 la boda igualitaria de la pareja Julieta Esmeralda Chabl\u00e9 Cauich, de nacionalidad mexicana y Yuri Marcela Cifuentes Tovar, de nacionalidad colombiana, quienes hicieron su entrada al recinto con el tema \u201cSomos Novios\u201d, como muestra del amor diverso e inclusivo que transforma al municipio de Benito Ju\u00e1rez.<\/p>\n\n\n\n<p>Posteriormente, la jueza n\u00famero 8 del Registro Civil, Mirley Helena Castillo Pacheco, ley\u00f3 emotivas palabras a la pareja con una reflexi\u00f3n de amor y posteriormente, las novias dieron el \u201cs\u00ed acepto\u201d, al mismo tiempo que se colocaban el anillo de matrimonio con tiernas palabras de lo que ser\u00e1 su nueva vida marital.<\/p>\n\n\n\n<p>Como testigos de honor estuvo la Primera Autoridad Municipal, as\u00ed como la Secretaria Municipal de Bienestar; la titular de la Direcci\u00f3n de Atenci\u00f3n a la Diversidad Sexual, Noamhy Hermida Nieves y el director del Registro Civil, Eduardo Kuyoc Rodr\u00edguez, lo cual reafirma el compromiso de un gobierno que transforma la vida de las personas a trav\u00e9s de la justicia social de la comunidad LGBTTTBIQ+ .<\/p>\n\n\n\n<hr class=\"wp-block-separator has-alpha-channel-opacity\"\/>\n\n\n\n<p>ACTAS ENTREGADAS:<br>\u2022 47 actas de nacimiento, de las cuales 2 son no binarias<\/p>\n\n\n\n<p>EN QUINTANA ROO, YA ES LEY:<br>\u2022 La identidad de g\u00e9nero<br>\u2022 El matrimonio igualitario<br>\u2022 La adopci\u00f3n homoparental<br>\u2022 La prohibici\u00f3n de las terapias de conversi\u00f3n<br>\u2022 La tipificaci\u00f3n de los cr\u00edmenes de odio<\/p>\n","protected":false},"excerpt":{"rendered":"<p>\u201cHoy celebramos la identidad, pero sobre todo la libertad, el respeto, la dignidad y los derechos de todas las personas sin distinci\u00f3n. La diversidad es parte de nuestra identidad como cancunenses\u201d, expres\u00f3 la Presidenta Municipal, Ana Paty Peralta, durante la entrega de 47 actas de cambio de identidad que fomenta el compromiso con la diversidad y la inclusi\u00f3n, al garantizar que todas las personas pueden ejercer su derecho a ser reconocidas legalmente conforme a su identidad de g\u00e9nero.<\/p>\n","protected":false},"author":1,"featured_media":16650,"comment_status":"open","ping_status":"closed","sticky":false,"template":"","format":"standard","meta":{"footnotes":""},"categories":[6],"tags":[145],"class_list":["post-16648","post","type-post","status-publish","format-standard","has-post-thumbnail","hentry","category-cancun","tag-ana-paty-peralta"],"yoast_head":"<!-- This site is optimized with the Yoast SEO plugin v27.1.1 - https:\/\/yoast.com\/product\/yoast-seo-wordpress\/ -->\n<title>CON IGUALDAD E INCLUSI\u00d3N ENTREGA ANA PATY PERALTA ACTAS DE CAMBIO DE IDENTIDAD DE G\u00c9NERO - Panorama Ciudadano<\/title>\n<meta name=\"robots\" content=\"index, follow, max-snippet:-1, max-image-preview:large, max-video-preview:-1\" \/>\n<link rel=\"canonical\" href=\"https:\/\/panoramaciudadano.com\/index.php\/2025\/06\/29\/con-igualdad-e-inclusion-entrega-ana-paty-peralta-actas-de-cambio-de-identidad-de-genero\/\" \/>\n<meta property=\"og:locale\" content=\"es_ES\" \/>\n<meta property=\"og:type\" content=\"article\" \/>\n<meta property=\"og:title\" content=\"CON IGUALDAD E INCLUSI\u00d3N ENTREGA ANA PATY PERALTA ACTAS DE CAMBIO DE IDENTIDAD DE G\u00c9NERO - Panorama Ciudadano\" \/>\n<meta property=\"og:description\" content=\"\u201cHoy celebramos la identidad, pero sobre todo la libertad, el respeto, la dignidad y los derechos de todas las personas sin distinci\u00f3n. La diversidad es parte de nuestra identidad como cancunenses\u201d, expres\u00f3 la Presidenta Municipal, Ana Paty Peralta, durante la entrega de 47 actas de cambio de identidad que fomenta el compromiso con la diversidad y la inclusi\u00f3n, al garantizar que todas las personas pueden ejercer su derecho a ser reconocidas legalmente conforme a su identidad de g\u00e9nero.\" \/>\n<meta property=\"og:url\" content=\"https:\/\/panoramaciudadano.com\/index.php\/2025\/06\/29\/con-igualdad-e-inclusion-entrega-ana-paty-peralta-actas-de-cambio-de-identidad-de-genero\/\" \/>\n<meta property=\"og:site_name\" content=\"Panorama Ciudadano\" \/>\n<meta property=\"article:publisher\" content=\"https:\/\/www.facebook.com\/panoramaciudadano\" \/>\n<meta property=\"article:published_time\" content=\"2025-06-30T03:58:00+00:00\" \/>\n<meta property=\"article:modified_time\" content=\"2025-06-30T16:04:41+00:00\" \/>\n<meta property=\"og:image\" content=\"https:\/\/panoramaciudadano.com\/wp-content\/uploads\/2025\/06\/5-87.jpeg\" \/>\n\t<meta property=\"og:image:width\" content=\"1280\" \/>\n\t<meta property=\"og:image:height\" content=\"800\" \/>\n\t<meta property=\"og:image:type\" content=\"image\/jpeg\" \/>\n<meta name=\"author\" content=\"admin\" \/>\n<meta name=\"twitter:card\" content=\"summary_large_image\" \/>\n<meta name=\"twitter:label1\" content=\"Escrito por\" \/>\n\t<meta name=\"twitter:data1\" content=\"admin\" \/>\n\t<meta name=\"twitter:label2\" content=\"Tiempo de lectura\" \/>\n\t<meta name=\"twitter:data2\" content=\"4 minutos\" \/>\n<script type=\"application\/ld+json\" class=\"yoast-schema-graph\">{\"@context\":\"https:\/\/schema.org\",\"@graph\":[{\"@type\":\"Article\",\"@id\":\"https:\/\/panoramaciudadano.com\/index.php\/2025\/06\/29\/con-igualdad-e-inclusion-entrega-ana-paty-peralta-actas-de-cambio-de-identidad-de-genero\/#article\",\"isPartOf\":{\"@id\":\"https:\/\/panoramaciudadano.com\/index.php\/2025\/06\/29\/con-igualdad-e-inclusion-entrega-ana-paty-peralta-actas-de-cambio-de-identidad-de-genero\/\"},\"author\":{\"name\":\"admin\",\"@id\":\"https:\/\/panoramaciudadano.com\/#\/schema\/person\/ffe9fe8ef47d3a93977b5761fd9e0d96\"},\"headline\":\"CON IGUALDAD E INCLUSI\u00d3N ENTREGA ANA PATY PERALTA ACTAS DE CAMBIO DE IDENTIDAD DE G\u00c9NERO\",\"datePublished\":\"2025-06-30T03:58:00+00:00\",\"dateModified\":\"2025-06-30T16:04:41+00:00\",\"mainEntityOfPage\":{\"@id\":\"https:\/\/panoramaciudadano.com\/index.php\/2025\/06\/29\/con-igualdad-e-inclusion-entrega-ana-paty-peralta-actas-de-cambio-de-identidad-de-genero\/\"},\"wordCount\":547,\"commentCount\":0,\"publisher\":{\"@id\":\"https:\/\/panoramaciudadano.com\/#organization\"},\"image\":{\"@id\":\"https:\/\/panoramaciudadano.com\/index.php\/2025\/06\/29\/con-igualdad-e-inclusion-entrega-ana-paty-peralta-actas-de-cambio-de-identidad-de-genero\/#primaryimage\"},\"thumbnailUrl\":\"https:\/\/panoramaciudadano.com\/wp-content\/uploads\/2025\/06\/5-87.jpeg\",\"keywords\":[\"Ana Paty Peralta\"],\"articleSection\":[\"Canc\u00fan\"],\"inLanguage\":\"es\",\"potentialAction\":[{\"@type\":\"CommentAction\",\"name\":\"Comment\",\"target\":[\"https:\/\/panoramaciudadano.com\/index.php\/2025\/06\/29\/con-igualdad-e-inclusion-entrega-ana-paty-peralta-actas-de-cambio-de-identidad-de-genero\/#respond\"]}]},{\"@type\":\"WebPage\",\"@id\":\"https:\/\/panoramaciudadano.com\/index.php\/2025\/06\/29\/con-igualdad-e-inclusion-entrega-ana-paty-peralta-actas-de-cambio-de-identidad-de-genero\/\",\"url\":\"https:\/\/panoramaciudadano.com\/index.php\/2025\/06\/29\/con-igualdad-e-inclusion-entrega-ana-paty-peralta-actas-de-cambio-de-identidad-de-genero\/\",\"name\":\"CON IGUALDAD E INCLUSI\u00d3N ENTREGA ANA PATY PERALTA ACTAS DE CAMBIO DE IDENTIDAD DE G\u00c9NERO - Panorama Ciudadano\",\"isPartOf\":{\"@id\":\"https:\/\/panoramaciudadano.com\/#website\"},\"primaryImageOfPage\":{\"@id\":\"https:\/\/panoramaciudadano.com\/index.php\/2025\/06\/29\/con-igualdad-e-inclusion-entrega-ana-paty-peralta-actas-de-cambio-de-identidad-de-genero\/#primaryimage\"},\"image\":{\"@id\":\"https:\/\/panoramaciudadano.com\/index.php\/2025\/06\/29\/con-igualdad-e-inclusion-entrega-ana-paty-peralta-actas-de-cambio-de-identidad-de-genero\/#primaryimage\"},\"thumbnailUrl\":\"https:\/\/panoramaciudadano.com\/wp-content\/uploads\/2025\/06\/5-87.jpeg\",\"datePublished\":\"2025-06-30T03:58:00+00:00\",\"dateModified\":\"2025-06-30T16:04:41+00:00\",\"breadcrumb\":{\"@id\":\"https:\/\/panoramaciudadano.com\/index.php\/2025\/06\/29\/con-igualdad-e-inclusion-entrega-ana-paty-peralta-actas-de-cambio-de-identidad-de-genero\/#breadcrumb\"},\"inLanguage\":\"es\",\"potentialAction\":[{\"@type\":\"ReadAction\",\"target\":[\"https:\/\/panoramaciudadano.com\/index.php\/2025\/06\/29\/con-igualdad-e-inclusion-entrega-ana-paty-peralta-actas-de-cambio-de-identidad-de-genero\/\"]}]},{\"@type\":\"ImageObject\",\"inLanguage\":\"es\",\"@id\":\"https:\/\/panoramaciudadano.com\/index.php\/2025\/06\/29\/con-igualdad-e-inclusion-entrega-ana-paty-peralta-actas-de-cambio-de-identidad-de-genero\/#primaryimage\",\"url\":\"https:\/\/panoramaciudadano.com\/wp-content\/uploads\/2025\/06\/5-87.jpeg\",\"contentUrl\":\"https:\/\/panoramaciudadano.com\/wp-content\/uploads\/2025\/06\/5-87.jpeg\",\"width\":1280,\"height\":800},{\"@type\":\"BreadcrumbList\",\"@id\":\"https:\/\/panoramaciudadano.com\/index.php\/2025\/06\/29\/con-igualdad-e-inclusion-entrega-ana-paty-peralta-actas-de-cambio-de-identidad-de-genero\/#breadcrumb\",\"itemListElement\":[{\"@type\":\"ListItem\",\"position\":1,\"name\":\"Portada\",\"item\":\"https:\/\/panoramaciudadano.com\/\"},{\"@type\":\"ListItem\",\"position\":2,\"name\":\"CON IGUALDAD E INCLUSI\u00d3N ENTREGA ANA PATY PERALTA ACTAS DE CAMBIO DE IDENTIDAD DE G\u00c9NERO\"}]},{\"@type\":\"WebSite\",\"@id\":\"https:\/\/panoramaciudadano.com\/#website\",\"url\":\"https:\/\/panoramaciudadano.com\/\",\"name\":\"Panorama Ciudadano\",\"description\":\"\",\"publisher\":{\"@id\":\"https:\/\/panoramaciudadano.com\/#organization\"},\"potentialAction\":[{\"@type\":\"SearchAction\",\"target\":{\"@type\":\"EntryPoint\",\"urlTemplate\":\"https:\/\/panoramaciudadano.com\/?s={search_term_string}\"},\"query-input\":{\"@type\":\"PropertyValueSpecification\",\"valueRequired\":true,\"valueName\":\"search_term_string\"}}],\"inLanguage\":\"es\"},{\"@type\":\"Organization\",\"@id\":\"https:\/\/panoramaciudadano.com\/#organization\",\"name\":\"Panorama Ciudadano\",\"url\":\"https:\/\/panoramaciudadano.com\/\",\"logo\":{\"@type\":\"ImageObject\",\"inLanguage\":\"es\",\"@id\":\"https:\/\/panoramaciudadano.com\/#\/schema\/logo\/image\/\",\"url\":\"https:\/\/panoramaciudadano.com\/wp-content\/uploads\/2024\/05\/401498640_919267042938564_6290593609399108733_n.jpg\",\"contentUrl\":\"https:\/\/panoramaciudadano.com\/wp-content\/uploads\/2024\/05\/401498640_919267042938564_6290593609399108733_n.jpg\",\"width\":960,\"height\":957,\"caption\":\"Panorama Ciudadano\"},\"image\":{\"@id\":\"https:\/\/panoramaciudadano.com\/#\/schema\/logo\/image\/\"},\"sameAs\":[\"https:\/\/www.facebook.com\/panoramaciudadano\"]},{\"@type\":\"Person\",\"@id\":\"https:\/\/panoramaciudadano.com\/#\/schema\/person\/ffe9fe8ef47d3a93977b5761fd9e0d96\",\"name\":\"admin\",\"image\":{\"@type\":\"ImageObject\",\"inLanguage\":\"es\",\"@id\":\"https:\/\/panoramaciudadano.com\/#\/schema\/person\/image\/\",\"url\":\"https:\/\/secure.gravatar.com\/avatar\/2d5a12cacce3f18096f25fadea8abb7202fef18ed669595589853e84260ff451?s=96&d=mm&r=g\",\"contentUrl\":\"https:\/\/secure.gravatar.com\/avatar\/2d5a12cacce3f18096f25fadea8abb7202fef18ed669595589853e84260ff451?s=96&d=mm&r=g\",\"caption\":\"admin\"},\"sameAs\":[\"https:\/\/panoramaciudadano.com\"],\"url\":\"https:\/\/panoramaciudadano.com\/index.php\/author\/admin_3q6hyqq3\/\"}]}<\/script>\n<!-- \/ Yoast SEO plugin. -->","yoast_head_json":{"title":"CON IGUALDAD E INCLUSI\u00d3N ENTREGA ANA PATY PERALTA ACTAS DE CAMBIO DE IDENTIDAD DE G\u00c9NERO - Panorama Ciudadano","robots":{"index":"index","follow":"follow","max-snippet":"max-snippet:-1","max-image-preview":"max-image-preview:large","max-video-preview":"max-video-preview:-1"},"canonical":"https:\/\/panoramaciudadano.com\/index.php\/2025\/06\/29\/con-igualdad-e-inclusion-entrega-ana-paty-peralta-actas-de-cambio-de-identidad-de-genero\/","og_locale":"es_ES","og_type":"article","og_title":"CON IGUALDAD E INCLUSI\u00d3N ENTREGA ANA PATY PERALTA ACTAS DE CAMBIO DE IDENTIDAD DE G\u00c9NERO - Panorama Ciudadano","og_description":"\u201cHoy celebramos la identidad, pero sobre todo la libertad, el respeto, la dignidad y los derechos de todas las personas sin distinci\u00f3n. La diversidad es parte de nuestra identidad como cancunenses\u201d, expres\u00f3 la Presidenta Municipal, Ana Paty Peralta, durante la entrega de 47 actas de cambio de identidad que fomenta el compromiso con la diversidad y la inclusi\u00f3n, al garantizar que todas las personas pueden ejercer su derecho a ser reconocidas legalmente conforme a su identidad de g\u00e9nero.","og_url":"https:\/\/panoramaciudadano.com\/index.php\/2025\/06\/29\/con-igualdad-e-inclusion-entrega-ana-paty-peralta-actas-de-cambio-de-identidad-de-genero\/","og_site_name":"Panorama Ciudadano","article_publisher":"https:\/\/www.facebook.com\/panoramaciudadano","article_published_time":"2025-06-30T03:58:00+00:00","article_modified_time":"2025-06-30T16:04:41+00:00","og_image":[{"width":1280,"height":800,"url":"https:\/\/panoramaciudadano.com\/wp-content\/uploads\/2025\/06\/5-87.jpeg","type":"image\/jpeg"}],"author":"admin","twitter_card":"summary_large_image","twitter_misc":{"Escrito por":"admin","Tiempo de lectura":"4 minutos"},"schema":{"@context":"https:\/\/schema.org","@graph":[{"@type":"Article","@id":"https:\/\/panoramaciudadano.com\/index.php\/2025\/06\/29\/con-igualdad-e-inclusion-entrega-ana-paty-peralta-actas-de-cambio-de-identidad-de-genero\/#article","isPartOf":{"@id":"https:\/\/panoramaciudadano.com\/index.php\/2025\/06\/29\/con-igualdad-e-inclusion-entrega-ana-paty-peralta-actas-de-cambio-de-identidad-de-genero\/"},"author":{"name":"admin","@id":"https:\/\/panoramaciudadano.com\/#\/schema\/person\/ffe9fe8ef47d3a93977b5761fd9e0d96"},"headline":"CON IGUALDAD E INCLUSI\u00d3N ENTREGA ANA PATY PERALTA ACTAS DE CAMBIO DE IDENTIDAD DE G\u00c9NERO","datePublished":"2025-06-30T03:58:00+00:00","dateModified":"2025-06-30T16:04:41+00:00","mainEntityOfPage":{"@id":"https:\/\/panoramaciudadano.com\/index.php\/2025\/06\/29\/con-igualdad-e-inclusion-entrega-ana-paty-peralta-actas-de-cambio-de-identidad-de-genero\/"},"wordCount":547,"commentCount":0,"publisher":{"@id":"https:\/\/panoramaciudadano.com\/#organization"},"image":{"@id":"https:\/\/panoramaciudadano.com\/index.php\/2025\/06\/29\/con-igualdad-e-inclusion-entrega-ana-paty-peralta-actas-de-cambio-de-identidad-de-genero\/#primaryimage"},"thumbnailUrl":"https:\/\/panoramaciudadano.com\/wp-content\/uploads\/2025\/06\/5-87.jpeg","keywords":["Ana Paty Peralta"],"articleSection":["Canc\u00fan"],"inLanguage":"es","potentialAction":[{"@type":"CommentAction","name":"Comment","target":["https:\/\/panoramaciudadano.com\/index.php\/2025\/06\/29\/con-igualdad-e-inclusion-entrega-ana-paty-peralta-actas-de-cambio-de-identidad-de-genero\/#respond"]}]},{"@type":"WebPage","@id":"https:\/\/panoramaciudadano.com\/index.php\/2025\/06\/29\/con-igualdad-e-inclusion-entrega-ana-paty-peralta-actas-de-cambio-de-identidad-de-genero\/","url":"https:\/\/panoramaciudadano.com\/index.php\/2025\/06\/29\/con-igualdad-e-inclusion-entrega-ana-paty-peralta-actas-de-cambio-de-identidad-de-genero\/","name":"CON IGUALDAD E INCLUSI\u00d3N ENTREGA ANA PATY PERALTA ACTAS DE CAMBIO DE IDENTIDAD DE G\u00c9NERO - Panorama Ciudadano","isPartOf":{"@id":"https:\/\/panoramaciudadano.com\/#website"},"primaryImageOfPage":{"@id":"https:\/\/panoramaciudadano.com\/index.php\/2025\/06\/29\/con-igualdad-e-inclusion-entrega-ana-paty-peralta-actas-de-cambio-de-identidad-de-genero\/#primaryimage"},"image":{"@id":"https:\/\/panoramaciudadano.com\/index.php\/2025\/06\/29\/con-igualdad-e-inclusion-entrega-ana-paty-peralta-actas-de-cambio-de-identidad-de-genero\/#primaryimage"},"thumbnailUrl":"https:\/\/panoramaciudadano.com\/wp-content\/uploads\/2025\/06\/5-87.jpeg","datePublished":"2025-06-30T03:58:00+00:00","dateModified":"2025-06-30T16:04:41+00:00","breadcrumb":{"@id":"https:\/\/panoramaciudadano.com\/index.php\/2025\/06\/29\/con-igualdad-e-inclusion-entrega-ana-paty-peralta-actas-de-cambio-de-identidad-de-genero\/#breadcrumb"},"inLanguage":"es","potentialAction":[{"@type":"ReadAction","target":["https:\/\/panoramaciudadano.com\/index.php\/2025\/06\/29\/con-igualdad-e-inclusion-entrega-ana-paty-peralta-actas-de-cambio-de-identidad-de-genero\/"]}]},{"@type":"ImageObject","inLanguage":"es","@id":"https:\/\/panoramaciudadano.com\/index.php\/2025\/06\/29\/con-igualdad-e-inclusion-entrega-ana-paty-peralta-actas-de-cambio-de-identidad-de-genero\/#primaryimage","url":"https:\/\/panoramaciudadano.com\/wp-content\/uploads\/2025\/06\/5-87.jpeg","contentUrl":"https:\/\/panoramaciudadano.com\/wp-content\/uploads\/2025\/06\/5-87.jpeg","width":1280,"height":800},{"@type":"BreadcrumbList","@id":"https:\/\/panoramaciudadano.com\/index.php\/2025\/06\/29\/con-igualdad-e-inclusion-entrega-ana-paty-peralta-actas-de-cambio-de-identidad-de-genero\/#breadcrumb","itemListElement":[{"@type":"ListItem","position":1,"name":"Portada","item":"https:\/\/panoramaciudadano.com\/"},{"@type":"ListItem","position":2,"name":"CON IGUALDAD E INCLUSI\u00d3N ENTREGA ANA PATY PERALTA ACTAS DE CAMBIO DE IDENTIDAD DE G\u00c9NERO"}]},{"@type":"WebSite","@id":"https:\/\/panoramaciudadano.com\/#website","url":"https:\/\/panoramaciudadano.com\/","name":"Panorama Ciudadano","description":"","publisher":{"@id":"https:\/\/panoramaciudadano.com\/#organization"},"potentialAction":[{"@type":"SearchAction","target":{"@type":"EntryPoint","urlTemplate":"https:\/\/panoramaciudadano.com\/?s={search_term_string}"},"query-input":{"@type":"PropertyValueSpecification","valueRequired":true,"valueName":"search_term_string"}}],"inLanguage":"es"},{"@type":"Organization","@id":"https:\/\/panoramaciudadano.com\/#organization","name":"Panorama Ciudadano","url":"https:\/\/panoramaciudadano.com\/","logo":{"@type":"ImageObject","inLanguage":"es","@id":"https:\/\/panoramaciudadano.com\/#\/schema\/logo\/image\/","url":"https:\/\/panoramaciudadano.com\/wp-content\/uploads\/2024\/05\/401498640_919267042938564_6290593609399108733_n.jpg","contentUrl":"https:\/\/panoramaciudadano.com\/wp-content\/uploads\/2024\/05\/401498640_919267042938564_6290593609399108733_n.jpg","width":960,"height":957,"caption":"Panorama Ciudadano"},"image":{"@id":"https:\/\/panoramaciudadano.com\/#\/schema\/logo\/image\/"},"sameAs":["https:\/\/www.facebook.com\/panoramaciudadano"]},{"@type":"Person","@id":"https:\/\/panoramaciudadano.com\/#\/schema\/person\/ffe9fe8ef47d3a93977b5761fd9e0d96","name":"admin","image":{"@type":"ImageObject","inLanguage":"es","@id":"https:\/\/panoramaciudadano.com\/#\/schema\/person\/image\/","url":"https:\/\/secure.gravatar.com\/avatar\/2d5a12cacce3f18096f25fadea8abb7202fef18ed669595589853e84260ff451?s=96&d=mm&r=g","contentUrl":"https:\/\/secure.gravatar.com\/avatar\/2d5a12cacce3f18096f25fadea8abb7202fef18ed669595589853e84260ff451?s=96&d=mm&r=g","caption":"admin"},"sameAs":["https:\/\/panoramaciudadano.com"],"url":"https:\/\/panoramaciudadano.com\/index.php\/author\/admin_3q6hyqq3\/"}]}},"_links":{"self":[{"href":"https:\/\/panoramaciudadano.com\/index.php\/wp-json\/wp\/v2\/posts\/16648","targetHints":{"allow":["GET"]}}],"collection":[{"href":"https:\/\/panoramaciudadano.com\/index.php\/wp-json\/wp\/v2\/posts"}],"about":[{"href":"https:\/\/panoramaciudadano.com\/index.php\/wp-json\/wp\/v2\/types\/post"}],"author":[{"embeddable":true,"href":"https:\/\/panoramaciudadano.com\/index.php\/wp-json\/wp\/v2\/users\/1"}],"replies":[{"embeddable":true,"href":"https:\/\/panoramaciudadano.com\/index.php\/wp-json\/wp\/v2\/comments?post=16648"}],"version-history":[{"count":1,"href":"https:\/\/panoramaciudadano.com\/index.php\/wp-json\/wp\/v2\/posts\/16648\/revisions"}],"predecessor-version":[{"id":16654,"href":"https:\/\/panoramaciudadano.com\/index.php\/wp-json\/wp\/v2\/posts\/16648\/revisions\/16654"}],"wp:featuredmedia":[{"embeddable":true,"href":"https:\/\/panoramaciudadano.com\/index.php\/wp-json\/wp\/v2\/media\/16650"}],"wp:attachment":[{"href":"https:\/\/panoramaciudadano.com\/index.php\/wp-json\/wp\/v2\/media?parent=16648"}],"wp:term":[{"taxonomy":"category","embeddable":true,"href":"https:\/\/panoramaciudadano.com\/index.php\/wp-json\/wp\/v2\/categories?post=16648"},{"taxonomy":"post_tag","embeddable":true,"href":"https:\/\/panoramaciudadano.com\/index.php\/wp-json\/wp\/v2\/tags?post=16648"}],"curies":[{"name":"wp","href":"https:\/\/api.w.org\/{rel}","templated":true}]}}