{"id":16672,"date":"2025-06-30T11:51:27","date_gmt":"2025-06-30T16:51:27","guid":{"rendered":"https:\/\/panoramaciudadano.com\/?p=16672"},"modified":"2025-06-30T11:51:29","modified_gmt":"2025-06-30T16:51:29","slug":"motociclista-muere-al-estrellarse-contra-un-poste-en-la-ramal-a-punta-sam","status":"publish","type":"post","link":"https:\/\/panoramaciudadano.com\/index.php\/2025\/06\/30\/motociclista-muere-al-estrellarse-contra-un-poste-en-la-ramal-a-punta-sam\/","title":{"rendered":"Motociclista muere al estrellarse contra un poste en la Ramal a Punta Sam"},"content":{"rendered":"\n<figure class=\"wp-block-gallery has-nested-images columns-default is-cropped wp-block-gallery-1 is-layout-flex wp-block-gallery-is-layout-flex\">\n<figure class=\"wp-block-image size-large\"><img decoding=\"async\" width=\"1024\" height=\"768\" data-id=\"16676\" src=\"https:\/\/panoramaciudadano.com\/wp-content\/uploads\/2025\/06\/2-259-1024x768.jpeg\" alt=\"\" class=\"wp-image-16676\" srcset=\"https:\/\/panoramaciudadano.com\/wp-content\/uploads\/2025\/06\/2-259-1024x768.jpeg 1024w, https:\/\/panoramaciudadano.com\/wp-content\/uploads\/2025\/06\/2-259-300x225.jpeg 300w, https:\/\/panoramaciudadano.com\/wp-content\/uploads\/2025\/06\/2-259-768x576.jpeg 768w, https:\/\/panoramaciudadano.com\/wp-content\/uploads\/2025\/06\/2-259-1536x1152.jpeg 1536w, https:\/\/panoramaciudadano.com\/wp-content\/uploads\/2025\/06\/2-259.jpeg 1600w\" sizes=\"(max-width: 1024px) 100vw, 1024px\" \/><\/figure>\n\n\n\n<figure class=\"wp-block-image size-large\"><img decoding=\"async\" width=\"1024\" height=\"768\" data-id=\"16674\" src=\"https:\/\/panoramaciudadano.com\/wp-content\/uploads\/2025\/06\/3-236-1024x768.jpeg\" alt=\"\" class=\"wp-image-16674\" srcset=\"https:\/\/panoramaciudadano.com\/wp-content\/uploads\/2025\/06\/3-236-1024x768.jpeg 1024w, https:\/\/panoramaciudadano.com\/wp-content\/uploads\/2025\/06\/3-236-300x225.jpeg 300w, https:\/\/panoramaciudadano.com\/wp-content\/uploads\/2025\/06\/3-236-768x576.jpeg 768w, https:\/\/panoramaciudadano.com\/wp-content\/uploads\/2025\/06\/3-236-1536x1152.jpeg 1536w, https:\/\/panoramaciudadano.com\/wp-content\/uploads\/2025\/06\/3-236.jpeg 1600w\" sizes=\"(max-width: 1024px) 100vw, 1024px\" \/><\/figure>\n\n\n\n<figure class=\"wp-block-image size-large\"><img decoding=\"async\" width=\"1024\" height=\"768\" data-id=\"16675\" src=\"https:\/\/panoramaciudadano.com\/wp-content\/uploads\/2025\/06\/4-172-1024x768.jpeg\" alt=\"\" class=\"wp-image-16675\" srcset=\"https:\/\/panoramaciudadano.com\/wp-content\/uploads\/2025\/06\/4-172-1024x768.jpeg 1024w, https:\/\/panoramaciudadano.com\/wp-content\/uploads\/2025\/06\/4-172-300x225.jpeg 300w, https:\/\/panoramaciudadano.com\/wp-content\/uploads\/2025\/06\/4-172-768x576.jpeg 768w, https:\/\/panoramaciudadano.com\/wp-content\/uploads\/2025\/06\/4-172-1536x1152.jpeg 1536w, https:\/\/panoramaciudadano.com\/wp-content\/uploads\/2025\/06\/4-172.jpeg 1600w\" sizes=\"(max-width: 1024px) 100vw, 1024px\" \/><\/figure>\n\n\n\n<figure class=\"wp-block-image size-large\"><img decoding=\"async\" width=\"1024\" height=\"768\" data-id=\"16673\" src=\"https:\/\/panoramaciudadano.com\/wp-content\/uploads\/2025\/06\/WhatsApp-Image-2025-06-30-at-07.25.18-1024x768.jpeg\" alt=\"\" class=\"wp-image-16673\" srcset=\"https:\/\/panoramaciudadano.com\/wp-content\/uploads\/2025\/06\/WhatsApp-Image-2025-06-30-at-07.25.18-1024x768.jpeg 1024w, https:\/\/panoramaciudadano.com\/wp-content\/uploads\/2025\/06\/WhatsApp-Image-2025-06-30-at-07.25.18-300x225.jpeg 300w, https:\/\/panoramaciudadano.com\/wp-content\/uploads\/2025\/06\/WhatsApp-Image-2025-06-30-at-07.25.18-768x576.jpeg 768w, https:\/\/panoramaciudadano.com\/wp-content\/uploads\/2025\/06\/WhatsApp-Image-2025-06-30-at-07.25.18-1536x1152.jpeg 1536w, https:\/\/panoramaciudadano.com\/wp-content\/uploads\/2025\/06\/WhatsApp-Image-2025-06-30-at-07.25.18.jpeg 1600w\" sizes=\"(max-width: 1024px) 100vw, 1024px\" \/><\/figure>\n<\/figure>\n\n\n\n<p>Motociclista fallece de manera instant\u00e1nea al estrellarse contra un poste de alumbrado p\u00fablico en la carretera Ramal a Punta Sam.<\/p>\n\n\n\n<p>Fue poco antes de la media noche cuando se registr\u00f3 este fuerte accidente por lo que se solicit\u00f3 la presencia de los param\u00e9dicos ya que hab\u00eda un hombre estaba gravemente herido y que al parecer se dirig\u00eda a su centro de trabajo.<\/p>\n\n\n\n<p>De acuerdo con Informaci\u00f3n preliminar, refiere que el ahora occiso circulaba a exceso de velocidad en una motocicleta FT 150 de color gris cuando perdi\u00f3 el control en un tramo sin alumbrado hasta estamparse de lleno contra la base de un poste de una luminaria.<\/p>\n\n\n\n<p>Param\u00e9dicos de la Cruz Roja mexicana, fueron los que brindaron la tensi\u00f3n pre hospitalaria, pero lamentablemente el joven ya no contaba con signos vitales, por lo que fue cubierto con una s\u00e1bana quir\u00fargica y los agentes que llegaron como primeros respondientes, acordonaron el \u00e1rea<\/p>\n\n\n\n<p>Ante los hechos, como es como la marca el protocolo perritos de la Fiscal\u00eda General del Estado, se encargaron del procesamiento de la escena y como el hecho de tr\u00e1nsito sucedi\u00f3 a unos 50 m de las c\u00e1maras de videovigilancia del C5 se confirmara que no hubo otro veh\u00edculo involucrado.<\/p>\n","protected":false},"excerpt":{"rendered":"<p>Motociclista fallece de manera instant\u00e1nea al estrellarse contra un poste de alumbrado p\u00fablico en la carretera Ramal a Punta Sam.<\/p>\n","protected":false},"author":1,"featured_media":16675,"comment_status":"open","ping_status":"closed","sticky":false,"template":"","format":"standard","meta":{"footnotes":""},"categories":[6],"tags":[1691],"class_list":["post-16672","post","type-post","status-publish","format-standard","has-post-thumbnail","hentry","category-cancun","tag-punta-sam"],"yoast_head":"<!-- This site is optimized with the Yoast SEO plugin v27.1.1 - https:\/\/yoast.com\/product\/yoast-seo-wordpress\/ -->\n<title>Motociclista muere al estrellarse contra un poste en la Ramal a Punta Sam - Panorama Ciudadano<\/title>\n<meta name=\"robots\" content=\"index, follow, max-snippet:-1, max-image-preview:large, max-video-preview:-1\" \/>\n<link rel=\"canonical\" href=\"https:\/\/panoramaciudadano.com\/index.php\/2025\/06\/30\/motociclista-muere-al-estrellarse-contra-un-poste-en-la-ramal-a-punta-sam\/\" \/>\n<meta property=\"og:locale\" content=\"es_ES\" \/>\n<meta property=\"og:type\" content=\"article\" \/>\n<meta property=\"og:title\" content=\"Motociclista muere al estrellarse contra un poste en la Ramal a Punta Sam - Panorama Ciudadano\" \/>\n<meta property=\"og:description\" content=\"Motociclista fallece de manera instant\u00e1nea al estrellarse contra un poste de alumbrado p\u00fablico en la carretera Ramal a Punta Sam.\" \/>\n<meta property=\"og:url\" content=\"https:\/\/panoramaciudadano.com\/index.php\/2025\/06\/30\/motociclista-muere-al-estrellarse-contra-un-poste-en-la-ramal-a-punta-sam\/\" \/>\n<meta property=\"og:site_name\" content=\"Panorama Ciudadano\" \/>\n<meta property=\"article:publisher\" content=\"https:\/\/www.facebook.com\/panoramaciudadano\" \/>\n<meta property=\"article:published_time\" content=\"2025-06-30T16:51:27+00:00\" \/>\n<meta property=\"article:modified_time\" content=\"2025-06-30T16:51:29+00:00\" \/>\n<meta property=\"og:image\" content=\"https:\/\/panoramaciudadano.com\/wp-content\/uploads\/2025\/06\/4-172.jpeg\" \/>\n\t<meta property=\"og:image:width\" content=\"1600\" \/>\n\t<meta property=\"og:image:height\" content=\"1200\" \/>\n\t<meta property=\"og:image:type\" content=\"image\/jpeg\" \/>\n<meta name=\"author\" content=\"admin\" \/>\n<meta name=\"twitter:card\" content=\"summary_large_image\" \/>\n<meta name=\"twitter:label1\" content=\"Escrito por\" \/>\n\t<meta name=\"twitter:data1\" content=\"admin\" \/>\n\t<meta name=\"twitter:label2\" content=\"Tiempo de lectura\" \/>\n\t<meta name=\"twitter:data2\" content=\"2 minutos\" \/>\n<script type=\"application\/ld+json\" class=\"yoast-schema-graph\">{\"@context\":\"https:\/\/schema.org\",\"@graph\":[{\"@type\":\"Article\",\"@id\":\"https:\/\/panoramaciudadano.com\/index.php\/2025\/06\/30\/motociclista-muere-al-estrellarse-contra-un-poste-en-la-ramal-a-punta-sam\/#article\",\"isPartOf\":{\"@id\":\"https:\/\/panoramaciudadano.com\/index.php\/2025\/06\/30\/motociclista-muere-al-estrellarse-contra-un-poste-en-la-ramal-a-punta-sam\/\"},\"author\":{\"name\":\"admin\",\"@id\":\"https:\/\/panoramaciudadano.com\/#\/schema\/person\/ffe9fe8ef47d3a93977b5761fd9e0d96\"},\"headline\":\"Motociclista muere al estrellarse contra un poste en la Ramal a Punta Sam\",\"datePublished\":\"2025-06-30T16:51:27+00:00\",\"dateModified\":\"2025-06-30T16:51:29+00:00\",\"mainEntityOfPage\":{\"@id\":\"https:\/\/panoramaciudadano.com\/index.php\/2025\/06\/30\/motociclista-muere-al-estrellarse-contra-un-poste-en-la-ramal-a-punta-sam\/\"},\"wordCount\":226,\"commentCount\":0,\"publisher\":{\"@id\":\"https:\/\/panoramaciudadano.com\/#organization\"},\"image\":{\"@id\":\"https:\/\/panoramaciudadano.com\/index.php\/2025\/06\/30\/motociclista-muere-al-estrellarse-contra-un-poste-en-la-ramal-a-punta-sam\/#primaryimage\"},\"thumbnailUrl\":\"https:\/\/panoramaciudadano.com\/wp-content\/uploads\/2025\/06\/4-172.jpeg\",\"keywords\":[\"Punta Sam\"],\"articleSection\":[\"Canc\u00fan\"],\"inLanguage\":\"es\",\"potentialAction\":[{\"@type\":\"CommentAction\",\"name\":\"Comment\",\"target\":[\"https:\/\/panoramaciudadano.com\/index.php\/2025\/06\/30\/motociclista-muere-al-estrellarse-contra-un-poste-en-la-ramal-a-punta-sam\/#respond\"]}]},{\"@type\":\"WebPage\",\"@id\":\"https:\/\/panoramaciudadano.com\/index.php\/2025\/06\/30\/motociclista-muere-al-estrellarse-contra-un-poste-en-la-ramal-a-punta-sam\/\",\"url\":\"https:\/\/panoramaciudadano.com\/index.php\/2025\/06\/30\/motociclista-muere-al-estrellarse-contra-un-poste-en-la-ramal-a-punta-sam\/\",\"name\":\"Motociclista muere al estrellarse contra un poste en la Ramal a Punta Sam - Panorama Ciudadano\",\"isPartOf\":{\"@id\":\"https:\/\/panoramaciudadano.com\/#website\"},\"primaryImageOfPage\":{\"@id\":\"https:\/\/panoramaciudadano.com\/index.php\/2025\/06\/30\/motociclista-muere-al-estrellarse-contra-un-poste-en-la-ramal-a-punta-sam\/#primaryimage\"},\"image\":{\"@id\":\"https:\/\/panoramaciudadano.com\/index.php\/2025\/06\/30\/motociclista-muere-al-estrellarse-contra-un-poste-en-la-ramal-a-punta-sam\/#primaryimage\"},\"thumbnailUrl\":\"https:\/\/panoramaciudadano.com\/wp-content\/uploads\/2025\/06\/4-172.jpeg\",\"datePublished\":\"2025-06-30T16:51:27+00:00\",\"dateModified\":\"2025-06-30T16:51:29+00:00\",\"breadcrumb\":{\"@id\":\"https:\/\/panoramaciudadano.com\/index.php\/2025\/06\/30\/motociclista-muere-al-estrellarse-contra-un-poste-en-la-ramal-a-punta-sam\/#breadcrumb\"},\"inLanguage\":\"es\",\"potentialAction\":[{\"@type\":\"ReadAction\",\"target\":[\"https:\/\/panoramaciudadano.com\/index.php\/2025\/06\/30\/motociclista-muere-al-estrellarse-contra-un-poste-en-la-ramal-a-punta-sam\/\"]}]},{\"@type\":\"ImageObject\",\"inLanguage\":\"es\",\"@id\":\"https:\/\/panoramaciudadano.com\/index.php\/2025\/06\/30\/motociclista-muere-al-estrellarse-contra-un-poste-en-la-ramal-a-punta-sam\/#primaryimage\",\"url\":\"https:\/\/panoramaciudadano.com\/wp-content\/uploads\/2025\/06\/4-172.jpeg\",\"contentUrl\":\"https:\/\/panoramaciudadano.com\/wp-content\/uploads\/2025\/06\/4-172.jpeg\",\"width\":1600,\"height\":1200},{\"@type\":\"BreadcrumbList\",\"@id\":\"https:\/\/panoramaciudadano.com\/index.php\/2025\/06\/30\/motociclista-muere-al-estrellarse-contra-un-poste-en-la-ramal-a-punta-sam\/#breadcrumb\",\"itemListElement\":[{\"@type\":\"ListItem\",\"position\":1,\"name\":\"Portada\",\"item\":\"https:\/\/panoramaciudadano.com\/\"},{\"@type\":\"ListItem\",\"position\":2,\"name\":\"Motociclista muere al estrellarse contra un poste en la Ramal a Punta Sam\"}]},{\"@type\":\"WebSite\",\"@id\":\"https:\/\/panoramaciudadano.com\/#website\",\"url\":\"https:\/\/panoramaciudadano.com\/\",\"name\":\"Panorama Ciudadano\",\"description\":\"\",\"publisher\":{\"@id\":\"https:\/\/panoramaciudadano.com\/#organization\"},\"potentialAction\":[{\"@type\":\"SearchAction\",\"target\":{\"@type\":\"EntryPoint\",\"urlTemplate\":\"https:\/\/panoramaciudadano.com\/?s={search_term_string}\"},\"query-input\":{\"@type\":\"PropertyValueSpecification\",\"valueRequired\":true,\"valueName\":\"search_term_string\"}}],\"inLanguage\":\"es\"},{\"@type\":\"Organization\",\"@id\":\"https:\/\/panoramaciudadano.com\/#organization\",\"name\":\"Panorama Ciudadano\",\"url\":\"https:\/\/panoramaciudadano.com\/\",\"logo\":{\"@type\":\"ImageObject\",\"inLanguage\":\"es\",\"@id\":\"https:\/\/panoramaciudadano.com\/#\/schema\/logo\/image\/\",\"url\":\"https:\/\/panoramaciudadano.com\/wp-content\/uploads\/2024\/05\/401498640_919267042938564_6290593609399108733_n.jpg\",\"contentUrl\":\"https:\/\/panoramaciudadano.com\/wp-content\/uploads\/2024\/05\/401498640_919267042938564_6290593609399108733_n.jpg\",\"width\":960,\"height\":957,\"caption\":\"Panorama Ciudadano\"},\"image\":{\"@id\":\"https:\/\/panoramaciudadano.com\/#\/schema\/logo\/image\/\"},\"sameAs\":[\"https:\/\/www.facebook.com\/panoramaciudadano\"]},{\"@type\":\"Person\",\"@id\":\"https:\/\/panoramaciudadano.com\/#\/schema\/person\/ffe9fe8ef47d3a93977b5761fd9e0d96\",\"name\":\"admin\",\"image\":{\"@type\":\"ImageObject\",\"inLanguage\":\"es\",\"@id\":\"https:\/\/panoramaciudadano.com\/#\/schema\/person\/image\/\",\"url\":\"https:\/\/secure.gravatar.com\/avatar\/2d5a12cacce3f18096f25fadea8abb7202fef18ed669595589853e84260ff451?s=96&d=mm&r=g\",\"contentUrl\":\"https:\/\/secure.gravatar.com\/avatar\/2d5a12cacce3f18096f25fadea8abb7202fef18ed669595589853e84260ff451?s=96&d=mm&r=g\",\"caption\":\"admin\"},\"sameAs\":[\"https:\/\/panoramaciudadano.com\"],\"url\":\"https:\/\/panoramaciudadano.com\/index.php\/author\/admin_3q6hyqq3\/\"}]}<\/script>\n<!-- \/ Yoast SEO plugin. -->","yoast_head_json":{"title":"Motociclista muere al estrellarse contra un poste en la Ramal a Punta Sam - Panorama Ciudadano","robots":{"index":"index","follow":"follow","max-snippet":"max-snippet:-1","max-image-preview":"max-image-preview:large","max-video-preview":"max-video-preview:-1"},"canonical":"https:\/\/panoramaciudadano.com\/index.php\/2025\/06\/30\/motociclista-muere-al-estrellarse-contra-un-poste-en-la-ramal-a-punta-sam\/","og_locale":"es_ES","og_type":"article","og_title":"Motociclista muere al estrellarse contra un poste en la Ramal a Punta Sam - Panorama Ciudadano","og_description":"Motociclista fallece de manera instant\u00e1nea al estrellarse contra un poste de alumbrado p\u00fablico en la carretera Ramal a Punta Sam.","og_url":"https:\/\/panoramaciudadano.com\/index.php\/2025\/06\/30\/motociclista-muere-al-estrellarse-contra-un-poste-en-la-ramal-a-punta-sam\/","og_site_name":"Panorama Ciudadano","article_publisher":"https:\/\/www.facebook.com\/panoramaciudadano","article_published_time":"2025-06-30T16:51:27+00:00","article_modified_time":"2025-06-30T16:51:29+00:00","og_image":[{"width":1600,"height":1200,"url":"https:\/\/panoramaciudadano.com\/wp-content\/uploads\/2025\/06\/4-172.jpeg","type":"image\/jpeg"}],"author":"admin","twitter_card":"summary_large_image","twitter_misc":{"Escrito por":"admin","Tiempo de lectura":"2 minutos"},"schema":{"@context":"https:\/\/schema.org","@graph":[{"@type":"Article","@id":"https:\/\/panoramaciudadano.com\/index.php\/2025\/06\/30\/motociclista-muere-al-estrellarse-contra-un-poste-en-la-ramal-a-punta-sam\/#article","isPartOf":{"@id":"https:\/\/panoramaciudadano.com\/index.php\/2025\/06\/30\/motociclista-muere-al-estrellarse-contra-un-poste-en-la-ramal-a-punta-sam\/"},"author":{"name":"admin","@id":"https:\/\/panoramaciudadano.com\/#\/schema\/person\/ffe9fe8ef47d3a93977b5761fd9e0d96"},"headline":"Motociclista muere al estrellarse contra un poste en la Ramal a Punta Sam","datePublished":"2025-06-30T16:51:27+00:00","dateModified":"2025-06-30T16:51:29+00:00","mainEntityOfPage":{"@id":"https:\/\/panoramaciudadano.com\/index.php\/2025\/06\/30\/motociclista-muere-al-estrellarse-contra-un-poste-en-la-ramal-a-punta-sam\/"},"wordCount":226,"commentCount":0,"publisher":{"@id":"https:\/\/panoramaciudadano.com\/#organization"},"image":{"@id":"https:\/\/panoramaciudadano.com\/index.php\/2025\/06\/30\/motociclista-muere-al-estrellarse-contra-un-poste-en-la-ramal-a-punta-sam\/#primaryimage"},"thumbnailUrl":"https:\/\/panoramaciudadano.com\/wp-content\/uploads\/2025\/06\/4-172.jpeg","keywords":["Punta Sam"],"articleSection":["Canc\u00fan"],"inLanguage":"es","potentialAction":[{"@type":"CommentAction","name":"Comment","target":["https:\/\/panoramaciudadano.com\/index.php\/2025\/06\/30\/motociclista-muere-al-estrellarse-contra-un-poste-en-la-ramal-a-punta-sam\/#respond"]}]},{"@type":"WebPage","@id":"https:\/\/panoramaciudadano.com\/index.php\/2025\/06\/30\/motociclista-muere-al-estrellarse-contra-un-poste-en-la-ramal-a-punta-sam\/","url":"https:\/\/panoramaciudadano.com\/index.php\/2025\/06\/30\/motociclista-muere-al-estrellarse-contra-un-poste-en-la-ramal-a-punta-sam\/","name":"Motociclista muere al estrellarse contra un poste en la Ramal a Punta Sam - Panorama Ciudadano","isPartOf":{"@id":"https:\/\/panoramaciudadano.com\/#website"},"primaryImageOfPage":{"@id":"https:\/\/panoramaciudadano.com\/index.php\/2025\/06\/30\/motociclista-muere-al-estrellarse-contra-un-poste-en-la-ramal-a-punta-sam\/#primaryimage"},"image":{"@id":"https:\/\/panoramaciudadano.com\/index.php\/2025\/06\/30\/motociclista-muere-al-estrellarse-contra-un-poste-en-la-ramal-a-punta-sam\/#primaryimage"},"thumbnailUrl":"https:\/\/panoramaciudadano.com\/wp-content\/uploads\/2025\/06\/4-172.jpeg","datePublished":"2025-06-30T16:51:27+00:00","dateModified":"2025-06-30T16:51:29+00:00","breadcrumb":{"@id":"https:\/\/panoramaciudadano.com\/index.php\/2025\/06\/30\/motociclista-muere-al-estrellarse-contra-un-poste-en-la-ramal-a-punta-sam\/#breadcrumb"},"inLanguage":"es","potentialAction":[{"@type":"ReadAction","target":["https:\/\/panoramaciudadano.com\/index.php\/2025\/06\/30\/motociclista-muere-al-estrellarse-contra-un-poste-en-la-ramal-a-punta-sam\/"]}]},{"@type":"ImageObject","inLanguage":"es","@id":"https:\/\/panoramaciudadano.com\/index.php\/2025\/06\/30\/motociclista-muere-al-estrellarse-contra-un-poste-en-la-ramal-a-punta-sam\/#primaryimage","url":"https:\/\/panoramaciudadano.com\/wp-content\/uploads\/2025\/06\/4-172.jpeg","contentUrl":"https:\/\/panoramaciudadano.com\/wp-content\/uploads\/2025\/06\/4-172.jpeg","width":1600,"height":1200},{"@type":"BreadcrumbList","@id":"https:\/\/panoramaciudadano.com\/index.php\/2025\/06\/30\/motociclista-muere-al-estrellarse-contra-un-poste-en-la-ramal-a-punta-sam\/#breadcrumb","itemListElement":[{"@type":"ListItem","position":1,"name":"Portada","item":"https:\/\/panoramaciudadano.com\/"},{"@type":"ListItem","position":2,"name":"Motociclista muere al estrellarse contra un poste en la Ramal a Punta Sam"}]},{"@type":"WebSite","@id":"https:\/\/panoramaciudadano.com\/#website","url":"https:\/\/panoramaciudadano.com\/","name":"Panorama Ciudadano","description":"","publisher":{"@id":"https:\/\/panoramaciudadano.com\/#organization"},"potentialAction":[{"@type":"SearchAction","target":{"@type":"EntryPoint","urlTemplate":"https:\/\/panoramaciudadano.com\/?s={search_term_string}"},"query-input":{"@type":"PropertyValueSpecification","valueRequired":true,"valueName":"search_term_string"}}],"inLanguage":"es"},{"@type":"Organization","@id":"https:\/\/panoramaciudadano.com\/#organization","name":"Panorama Ciudadano","url":"https:\/\/panoramaciudadano.com\/","logo":{"@type":"ImageObject","inLanguage":"es","@id":"https:\/\/panoramaciudadano.com\/#\/schema\/logo\/image\/","url":"https:\/\/panoramaciudadano.com\/wp-content\/uploads\/2024\/05\/401498640_919267042938564_6290593609399108733_n.jpg","contentUrl":"https:\/\/panoramaciudadano.com\/wp-content\/uploads\/2024\/05\/401498640_919267042938564_6290593609399108733_n.jpg","width":960,"height":957,"caption":"Panorama Ciudadano"},"image":{"@id":"https:\/\/panoramaciudadano.com\/#\/schema\/logo\/image\/"},"sameAs":["https:\/\/www.facebook.com\/panoramaciudadano"]},{"@type":"Person","@id":"https:\/\/panoramaciudadano.com\/#\/schema\/person\/ffe9fe8ef47d3a93977b5761fd9e0d96","name":"admin","image":{"@type":"ImageObject","inLanguage":"es","@id":"https:\/\/panoramaciudadano.com\/#\/schema\/person\/image\/","url":"https:\/\/secure.gravatar.com\/avatar\/2d5a12cacce3f18096f25fadea8abb7202fef18ed669595589853e84260ff451?s=96&d=mm&r=g","contentUrl":"https:\/\/secure.gravatar.com\/avatar\/2d5a12cacce3f18096f25fadea8abb7202fef18ed669595589853e84260ff451?s=96&d=mm&r=g","caption":"admin"},"sameAs":["https:\/\/panoramaciudadano.com"],"url":"https:\/\/panoramaciudadano.com\/index.php\/author\/admin_3q6hyqq3\/"}]}},"_links":{"self":[{"href":"https:\/\/panoramaciudadano.com\/index.php\/wp-json\/wp\/v2\/posts\/16672","targetHints":{"allow":["GET"]}}],"collection":[{"href":"https:\/\/panoramaciudadano.com\/index.php\/wp-json\/wp\/v2\/posts"}],"about":[{"href":"https:\/\/panoramaciudadano.com\/index.php\/wp-json\/wp\/v2\/types\/post"}],"author":[{"embeddable":true,"href":"https:\/\/panoramaciudadano.com\/index.php\/wp-json\/wp\/v2\/users\/1"}],"replies":[{"embeddable":true,"href":"https:\/\/panoramaciudadano.com\/index.php\/wp-json\/wp\/v2\/comments?post=16672"}],"version-history":[{"count":1,"href":"https:\/\/panoramaciudadano.com\/index.php\/wp-json\/wp\/v2\/posts\/16672\/revisions"}],"predecessor-version":[{"id":16677,"href":"https:\/\/panoramaciudadano.com\/index.php\/wp-json\/wp\/v2\/posts\/16672\/revisions\/16677"}],"wp:featuredmedia":[{"embeddable":true,"href":"https:\/\/panoramaciudadano.com\/index.php\/wp-json\/wp\/v2\/media\/16675"}],"wp:attachment":[{"href":"https:\/\/panoramaciudadano.com\/index.php\/wp-json\/wp\/v2\/media?parent=16672"}],"wp:term":[{"taxonomy":"category","embeddable":true,"href":"https:\/\/panoramaciudadano.com\/index.php\/wp-json\/wp\/v2\/categories?post=16672"},{"taxonomy":"post_tag","embeddable":true,"href":"https:\/\/panoramaciudadano.com\/index.php\/wp-json\/wp\/v2\/tags?post=16672"}],"curies":[{"name":"wp","href":"https:\/\/api.w.org\/{rel}","templated":true}]}}