{"id":17399,"date":"2025-07-09T12:57:33","date_gmt":"2025-07-09T17:57:33","guid":{"rendered":"https:\/\/panoramaciudadano.com\/?p=17399"},"modified":"2025-07-10T13:02:18","modified_gmt":"2025-07-10T18:02:18","slug":"choferes-de-transporte-urbano-protagonizan-pelea-en-la-via-publica-autoridades-podrian-sancionarlos","status":"publish","type":"post","link":"https:\/\/panoramaciudadano.com\/index.php\/2025\/07\/09\/choferes-de-transporte-urbano-protagonizan-pelea-en-la-via-publica-autoridades-podrian-sancionarlos\/","title":{"rendered":"Choferes de transporte urbano protagonizan pelea en la v\u00eda p\u00fablica; autoridades podr\u00edan sancionarlos"},"content":{"rendered":"\n<figure class=\"wp-block-gallery has-nested-images columns-default is-cropped wp-block-gallery-1 is-layout-flex wp-block-gallery-is-layout-flex\">\n<figure class=\"wp-block-image size-large\"><img decoding=\"async\" width=\"398\" height=\"393\" data-id=\"17401\" src=\"https:\/\/panoramaciudadano.com\/wp-content\/uploads\/2025\/07\/2-102.jpeg\" alt=\"\" class=\"wp-image-17401\" srcset=\"https:\/\/panoramaciudadano.com\/wp-content\/uploads\/2025\/07\/2-102.jpeg 398w, https:\/\/panoramaciudadano.com\/wp-content\/uploads\/2025\/07\/2-102-300x296.jpeg 300w\" sizes=\"(max-width: 398px) 100vw, 398px\" \/><\/figure>\n\n\n\n<figure class=\"wp-block-image size-large\"><img decoding=\"async\" width=\"478\" height=\"441\" data-id=\"17400\" src=\"https:\/\/panoramaciudadano.com\/wp-content\/uploads\/2025\/07\/3-88.jpeg\" alt=\"\" class=\"wp-image-17400\" srcset=\"https:\/\/panoramaciudadano.com\/wp-content\/uploads\/2025\/07\/3-88.jpeg 478w, https:\/\/panoramaciudadano.com\/wp-content\/uploads\/2025\/07\/3-88-300x277.jpeg 300w\" sizes=\"(max-width: 478px) 100vw, 478px\" \/><\/figure>\n<\/figure>\n\n\n\n<p>Dos dignos representantes del transporte urbano liman sus perezas arrastr\u00e1ndose en plena v\u00eda p\u00fablica, se espera que sean sancionados de manera ejemplar por tal espect\u00e1culo.<\/p>\n\n\n\n<p>Fue la ma\u00f1ana de ayer cuando se empez\u00f3 a compartir en redes un video donde se ven al conductor de una TTE y de un Turicun d\u00e1ndose como peladores en las inmediaciones de la segunda entrada de la regi\u00f3n 94.<\/p>\n\n\n\n<p>En el video compartido, se puede ver c\u00f3mo los sujetos furiosos de calibre \u201cpanzaneitor\u201d no se daban a golpes y caricias en el pavimento por lo que los aficionados tuvieron que intervenir para separarlos.<\/p>\n\n\n\n<p>Es com\u00fan este tipo de escenas en las diferentes vialidades de la ciudad, pues por lo regular siempre se pelean el pasaje sin importarles que podr\u00edan causar accidentes, como lo ocurrido en d\u00edas pasados en la avenida Miguel Hidalgo, donde quedaron ocho personas lesionadas, se espera que la autoridad intervenga.<\/p>\n","protected":false},"excerpt":{"rendered":"<p>Dos dignos representantes del transporte urbano liman sus perezas arrastr\u00e1ndose en plena v\u00eda p\u00fablica, se espera que sean sancionados de manera ejemplar por tal espect\u00e1culo.<\/p>\n","protected":false},"author":1,"featured_media":17400,"comment_status":"open","ping_status":"closed","sticky":false,"template":"","format":"standard","meta":{"footnotes":""},"categories":[6],"tags":[2435],"class_list":["post-17399","post","type-post","status-publish","format-standard","has-post-thumbnail","hentry","category-cancun","tag-region-94"],"yoast_head":"<!-- This site is optimized with the Yoast SEO plugin v27.1.1 - https:\/\/yoast.com\/product\/yoast-seo-wordpress\/ -->\n<title>Choferes de transporte urbano protagonizan pelea en la v\u00eda p\u00fablica; autoridades podr\u00edan sancionarlos - Panorama Ciudadano<\/title>\n<meta name=\"robots\" content=\"index, follow, max-snippet:-1, max-image-preview:large, max-video-preview:-1\" \/>\n<link rel=\"canonical\" href=\"https:\/\/panoramaciudadano.com\/index.php\/2025\/07\/09\/choferes-de-transporte-urbano-protagonizan-pelea-en-la-via-publica-autoridades-podrian-sancionarlos\/\" \/>\n<meta property=\"og:locale\" content=\"es_ES\" \/>\n<meta property=\"og:type\" content=\"article\" \/>\n<meta property=\"og:title\" content=\"Choferes de transporte urbano protagonizan pelea en la v\u00eda p\u00fablica; autoridades podr\u00edan sancionarlos - Panorama Ciudadano\" \/>\n<meta property=\"og:description\" content=\"Dos dignos representantes del transporte urbano liman sus perezas arrastr\u00e1ndose en plena v\u00eda p\u00fablica, se espera que sean sancionados de manera ejemplar por tal espect\u00e1culo.\" \/>\n<meta property=\"og:url\" content=\"https:\/\/panoramaciudadano.com\/index.php\/2025\/07\/09\/choferes-de-transporte-urbano-protagonizan-pelea-en-la-via-publica-autoridades-podrian-sancionarlos\/\" \/>\n<meta property=\"og:site_name\" content=\"Panorama Ciudadano\" \/>\n<meta property=\"article:publisher\" content=\"https:\/\/www.facebook.com\/panoramaciudadano\" \/>\n<meta property=\"article:published_time\" content=\"2025-07-09T17:57:33+00:00\" \/>\n<meta property=\"article:modified_time\" content=\"2025-07-10T18:02:18+00:00\" \/>\n<meta property=\"og:image\" content=\"https:\/\/panoramaciudadano.com\/wp-content\/uploads\/2025\/07\/3-88.jpeg\" \/>\n\t<meta property=\"og:image:width\" content=\"478\" \/>\n\t<meta property=\"og:image:height\" content=\"441\" \/>\n\t<meta property=\"og:image:type\" content=\"image\/jpeg\" \/>\n<meta name=\"author\" content=\"admin\" \/>\n<meta name=\"twitter:card\" content=\"summary_large_image\" \/>\n<meta name=\"twitter:label1\" content=\"Escrito por\" \/>\n\t<meta name=\"twitter:data1\" content=\"admin\" \/>\n\t<meta name=\"twitter:label2\" content=\"Tiempo de lectura\" \/>\n\t<meta name=\"twitter:data2\" content=\"2 minutos\" \/>\n<script type=\"application\/ld+json\" class=\"yoast-schema-graph\">{\"@context\":\"https:\/\/schema.org\",\"@graph\":[{\"@type\":\"Article\",\"@id\":\"https:\/\/panoramaciudadano.com\/index.php\/2025\/07\/09\/choferes-de-transporte-urbano-protagonizan-pelea-en-la-via-publica-autoridades-podrian-sancionarlos\/#article\",\"isPartOf\":{\"@id\":\"https:\/\/panoramaciudadano.com\/index.php\/2025\/07\/09\/choferes-de-transporte-urbano-protagonizan-pelea-en-la-via-publica-autoridades-podrian-sancionarlos\/\"},\"author\":{\"name\":\"admin\",\"@id\":\"https:\/\/panoramaciudadano.com\/#\/schema\/person\/ffe9fe8ef47d3a93977b5761fd9e0d96\"},\"headline\":\"Choferes de transporte urbano protagonizan pelea en la v\u00eda p\u00fablica; autoridades podr\u00edan sancionarlos\",\"datePublished\":\"2025-07-09T17:57:33+00:00\",\"dateModified\":\"2025-07-10T18:02:18+00:00\",\"mainEntityOfPage\":{\"@id\":\"https:\/\/panoramaciudadano.com\/index.php\/2025\/07\/09\/choferes-de-transporte-urbano-protagonizan-pelea-en-la-via-publica-autoridades-podrian-sancionarlos\/\"},\"wordCount\":175,\"commentCount\":0,\"publisher\":{\"@id\":\"https:\/\/panoramaciudadano.com\/#organization\"},\"image\":{\"@id\":\"https:\/\/panoramaciudadano.com\/index.php\/2025\/07\/09\/choferes-de-transporte-urbano-protagonizan-pelea-en-la-via-publica-autoridades-podrian-sancionarlos\/#primaryimage\"},\"thumbnailUrl\":\"https:\/\/panoramaciudadano.com\/wp-content\/uploads\/2025\/07\/3-88.jpeg\",\"keywords\":[\"regi\u00f3n 94\"],\"articleSection\":[\"Canc\u00fan\"],\"inLanguage\":\"es\",\"potentialAction\":[{\"@type\":\"CommentAction\",\"name\":\"Comment\",\"target\":[\"https:\/\/panoramaciudadano.com\/index.php\/2025\/07\/09\/choferes-de-transporte-urbano-protagonizan-pelea-en-la-via-publica-autoridades-podrian-sancionarlos\/#respond\"]}]},{\"@type\":\"WebPage\",\"@id\":\"https:\/\/panoramaciudadano.com\/index.php\/2025\/07\/09\/choferes-de-transporte-urbano-protagonizan-pelea-en-la-via-publica-autoridades-podrian-sancionarlos\/\",\"url\":\"https:\/\/panoramaciudadano.com\/index.php\/2025\/07\/09\/choferes-de-transporte-urbano-protagonizan-pelea-en-la-via-publica-autoridades-podrian-sancionarlos\/\",\"name\":\"Choferes de transporte urbano protagonizan pelea en la v\u00eda p\u00fablica; autoridades podr\u00edan sancionarlos - Panorama Ciudadano\",\"isPartOf\":{\"@id\":\"https:\/\/panoramaciudadano.com\/#website\"},\"primaryImageOfPage\":{\"@id\":\"https:\/\/panoramaciudadano.com\/index.php\/2025\/07\/09\/choferes-de-transporte-urbano-protagonizan-pelea-en-la-via-publica-autoridades-podrian-sancionarlos\/#primaryimage\"},\"image\":{\"@id\":\"https:\/\/panoramaciudadano.com\/index.php\/2025\/07\/09\/choferes-de-transporte-urbano-protagonizan-pelea-en-la-via-publica-autoridades-podrian-sancionarlos\/#primaryimage\"},\"thumbnailUrl\":\"https:\/\/panoramaciudadano.com\/wp-content\/uploads\/2025\/07\/3-88.jpeg\",\"datePublished\":\"2025-07-09T17:57:33+00:00\",\"dateModified\":\"2025-07-10T18:02:18+00:00\",\"breadcrumb\":{\"@id\":\"https:\/\/panoramaciudadano.com\/index.php\/2025\/07\/09\/choferes-de-transporte-urbano-protagonizan-pelea-en-la-via-publica-autoridades-podrian-sancionarlos\/#breadcrumb\"},\"inLanguage\":\"es\",\"potentialAction\":[{\"@type\":\"ReadAction\",\"target\":[\"https:\/\/panoramaciudadano.com\/index.php\/2025\/07\/09\/choferes-de-transporte-urbano-protagonizan-pelea-en-la-via-publica-autoridades-podrian-sancionarlos\/\"]}]},{\"@type\":\"ImageObject\",\"inLanguage\":\"es\",\"@id\":\"https:\/\/panoramaciudadano.com\/index.php\/2025\/07\/09\/choferes-de-transporte-urbano-protagonizan-pelea-en-la-via-publica-autoridades-podrian-sancionarlos\/#primaryimage\",\"url\":\"https:\/\/panoramaciudadano.com\/wp-content\/uploads\/2025\/07\/3-88.jpeg\",\"contentUrl\":\"https:\/\/panoramaciudadano.com\/wp-content\/uploads\/2025\/07\/3-88.jpeg\",\"width\":478,\"height\":441},{\"@type\":\"BreadcrumbList\",\"@id\":\"https:\/\/panoramaciudadano.com\/index.php\/2025\/07\/09\/choferes-de-transporte-urbano-protagonizan-pelea-en-la-via-publica-autoridades-podrian-sancionarlos\/#breadcrumb\",\"itemListElement\":[{\"@type\":\"ListItem\",\"position\":1,\"name\":\"Portada\",\"item\":\"https:\/\/panoramaciudadano.com\/\"},{\"@type\":\"ListItem\",\"position\":2,\"name\":\"Choferes de transporte urbano protagonizan pelea en la v\u00eda p\u00fablica; autoridades podr\u00edan sancionarlos\"}]},{\"@type\":\"WebSite\",\"@id\":\"https:\/\/panoramaciudadano.com\/#website\",\"url\":\"https:\/\/panoramaciudadano.com\/\",\"name\":\"Panorama Ciudadano\",\"description\":\"\",\"publisher\":{\"@id\":\"https:\/\/panoramaciudadano.com\/#organization\"},\"potentialAction\":[{\"@type\":\"SearchAction\",\"target\":{\"@type\":\"EntryPoint\",\"urlTemplate\":\"https:\/\/panoramaciudadano.com\/?s={search_term_string}\"},\"query-input\":{\"@type\":\"PropertyValueSpecification\",\"valueRequired\":true,\"valueName\":\"search_term_string\"}}],\"inLanguage\":\"es\"},{\"@type\":\"Organization\",\"@id\":\"https:\/\/panoramaciudadano.com\/#organization\",\"name\":\"Panorama Ciudadano\",\"url\":\"https:\/\/panoramaciudadano.com\/\",\"logo\":{\"@type\":\"ImageObject\",\"inLanguage\":\"es\",\"@id\":\"https:\/\/panoramaciudadano.com\/#\/schema\/logo\/image\/\",\"url\":\"https:\/\/panoramaciudadano.com\/wp-content\/uploads\/2024\/05\/401498640_919267042938564_6290593609399108733_n.jpg\",\"contentUrl\":\"https:\/\/panoramaciudadano.com\/wp-content\/uploads\/2024\/05\/401498640_919267042938564_6290593609399108733_n.jpg\",\"width\":960,\"height\":957,\"caption\":\"Panorama Ciudadano\"},\"image\":{\"@id\":\"https:\/\/panoramaciudadano.com\/#\/schema\/logo\/image\/\"},\"sameAs\":[\"https:\/\/www.facebook.com\/panoramaciudadano\"]},{\"@type\":\"Person\",\"@id\":\"https:\/\/panoramaciudadano.com\/#\/schema\/person\/ffe9fe8ef47d3a93977b5761fd9e0d96\",\"name\":\"admin\",\"image\":{\"@type\":\"ImageObject\",\"inLanguage\":\"es\",\"@id\":\"https:\/\/panoramaciudadano.com\/#\/schema\/person\/image\/\",\"url\":\"https:\/\/secure.gravatar.com\/avatar\/2d5a12cacce3f18096f25fadea8abb7202fef18ed669595589853e84260ff451?s=96&d=mm&r=g\",\"contentUrl\":\"https:\/\/secure.gravatar.com\/avatar\/2d5a12cacce3f18096f25fadea8abb7202fef18ed669595589853e84260ff451?s=96&d=mm&r=g\",\"caption\":\"admin\"},\"sameAs\":[\"https:\/\/panoramaciudadano.com\"],\"url\":\"https:\/\/panoramaciudadano.com\/index.php\/author\/admin_3q6hyqq3\/\"}]}<\/script>\n<!-- \/ Yoast SEO plugin. -->","yoast_head_json":{"title":"Choferes de transporte urbano protagonizan pelea en la v\u00eda p\u00fablica; autoridades podr\u00edan sancionarlos - Panorama Ciudadano","robots":{"index":"index","follow":"follow","max-snippet":"max-snippet:-1","max-image-preview":"max-image-preview:large","max-video-preview":"max-video-preview:-1"},"canonical":"https:\/\/panoramaciudadano.com\/index.php\/2025\/07\/09\/choferes-de-transporte-urbano-protagonizan-pelea-en-la-via-publica-autoridades-podrian-sancionarlos\/","og_locale":"es_ES","og_type":"article","og_title":"Choferes de transporte urbano protagonizan pelea en la v\u00eda p\u00fablica; autoridades podr\u00edan sancionarlos - Panorama Ciudadano","og_description":"Dos dignos representantes del transporte urbano liman sus perezas arrastr\u00e1ndose en plena v\u00eda p\u00fablica, se espera que sean sancionados de manera ejemplar por tal espect\u00e1culo.","og_url":"https:\/\/panoramaciudadano.com\/index.php\/2025\/07\/09\/choferes-de-transporte-urbano-protagonizan-pelea-en-la-via-publica-autoridades-podrian-sancionarlos\/","og_site_name":"Panorama Ciudadano","article_publisher":"https:\/\/www.facebook.com\/panoramaciudadano","article_published_time":"2025-07-09T17:57:33+00:00","article_modified_time":"2025-07-10T18:02:18+00:00","og_image":[{"width":478,"height":441,"url":"https:\/\/panoramaciudadano.com\/wp-content\/uploads\/2025\/07\/3-88.jpeg","type":"image\/jpeg"}],"author":"admin","twitter_card":"summary_large_image","twitter_misc":{"Escrito por":"admin","Tiempo de lectura":"2 minutos"},"schema":{"@context":"https:\/\/schema.org","@graph":[{"@type":"Article","@id":"https:\/\/panoramaciudadano.com\/index.php\/2025\/07\/09\/choferes-de-transporte-urbano-protagonizan-pelea-en-la-via-publica-autoridades-podrian-sancionarlos\/#article","isPartOf":{"@id":"https:\/\/panoramaciudadano.com\/index.php\/2025\/07\/09\/choferes-de-transporte-urbano-protagonizan-pelea-en-la-via-publica-autoridades-podrian-sancionarlos\/"},"author":{"name":"admin","@id":"https:\/\/panoramaciudadano.com\/#\/schema\/person\/ffe9fe8ef47d3a93977b5761fd9e0d96"},"headline":"Choferes de transporte urbano protagonizan pelea en la v\u00eda p\u00fablica; autoridades podr\u00edan sancionarlos","datePublished":"2025-07-09T17:57:33+00:00","dateModified":"2025-07-10T18:02:18+00:00","mainEntityOfPage":{"@id":"https:\/\/panoramaciudadano.com\/index.php\/2025\/07\/09\/choferes-de-transporte-urbano-protagonizan-pelea-en-la-via-publica-autoridades-podrian-sancionarlos\/"},"wordCount":175,"commentCount":0,"publisher":{"@id":"https:\/\/panoramaciudadano.com\/#organization"},"image":{"@id":"https:\/\/panoramaciudadano.com\/index.php\/2025\/07\/09\/choferes-de-transporte-urbano-protagonizan-pelea-en-la-via-publica-autoridades-podrian-sancionarlos\/#primaryimage"},"thumbnailUrl":"https:\/\/panoramaciudadano.com\/wp-content\/uploads\/2025\/07\/3-88.jpeg","keywords":["regi\u00f3n 94"],"articleSection":["Canc\u00fan"],"inLanguage":"es","potentialAction":[{"@type":"CommentAction","name":"Comment","target":["https:\/\/panoramaciudadano.com\/index.php\/2025\/07\/09\/choferes-de-transporte-urbano-protagonizan-pelea-en-la-via-publica-autoridades-podrian-sancionarlos\/#respond"]}]},{"@type":"WebPage","@id":"https:\/\/panoramaciudadano.com\/index.php\/2025\/07\/09\/choferes-de-transporte-urbano-protagonizan-pelea-en-la-via-publica-autoridades-podrian-sancionarlos\/","url":"https:\/\/panoramaciudadano.com\/index.php\/2025\/07\/09\/choferes-de-transporte-urbano-protagonizan-pelea-en-la-via-publica-autoridades-podrian-sancionarlos\/","name":"Choferes de transporte urbano protagonizan pelea en la v\u00eda p\u00fablica; autoridades podr\u00edan sancionarlos - Panorama Ciudadano","isPartOf":{"@id":"https:\/\/panoramaciudadano.com\/#website"},"primaryImageOfPage":{"@id":"https:\/\/panoramaciudadano.com\/index.php\/2025\/07\/09\/choferes-de-transporte-urbano-protagonizan-pelea-en-la-via-publica-autoridades-podrian-sancionarlos\/#primaryimage"},"image":{"@id":"https:\/\/panoramaciudadano.com\/index.php\/2025\/07\/09\/choferes-de-transporte-urbano-protagonizan-pelea-en-la-via-publica-autoridades-podrian-sancionarlos\/#primaryimage"},"thumbnailUrl":"https:\/\/panoramaciudadano.com\/wp-content\/uploads\/2025\/07\/3-88.jpeg","datePublished":"2025-07-09T17:57:33+00:00","dateModified":"2025-07-10T18:02:18+00:00","breadcrumb":{"@id":"https:\/\/panoramaciudadano.com\/index.php\/2025\/07\/09\/choferes-de-transporte-urbano-protagonizan-pelea-en-la-via-publica-autoridades-podrian-sancionarlos\/#breadcrumb"},"inLanguage":"es","potentialAction":[{"@type":"ReadAction","target":["https:\/\/panoramaciudadano.com\/index.php\/2025\/07\/09\/choferes-de-transporte-urbano-protagonizan-pelea-en-la-via-publica-autoridades-podrian-sancionarlos\/"]}]},{"@type":"ImageObject","inLanguage":"es","@id":"https:\/\/panoramaciudadano.com\/index.php\/2025\/07\/09\/choferes-de-transporte-urbano-protagonizan-pelea-en-la-via-publica-autoridades-podrian-sancionarlos\/#primaryimage","url":"https:\/\/panoramaciudadano.com\/wp-content\/uploads\/2025\/07\/3-88.jpeg","contentUrl":"https:\/\/panoramaciudadano.com\/wp-content\/uploads\/2025\/07\/3-88.jpeg","width":478,"height":441},{"@type":"BreadcrumbList","@id":"https:\/\/panoramaciudadano.com\/index.php\/2025\/07\/09\/choferes-de-transporte-urbano-protagonizan-pelea-en-la-via-publica-autoridades-podrian-sancionarlos\/#breadcrumb","itemListElement":[{"@type":"ListItem","position":1,"name":"Portada","item":"https:\/\/panoramaciudadano.com\/"},{"@type":"ListItem","position":2,"name":"Choferes de transporte urbano protagonizan pelea en la v\u00eda p\u00fablica; autoridades podr\u00edan sancionarlos"}]},{"@type":"WebSite","@id":"https:\/\/panoramaciudadano.com\/#website","url":"https:\/\/panoramaciudadano.com\/","name":"Panorama Ciudadano","description":"","publisher":{"@id":"https:\/\/panoramaciudadano.com\/#organization"},"potentialAction":[{"@type":"SearchAction","target":{"@type":"EntryPoint","urlTemplate":"https:\/\/panoramaciudadano.com\/?s={search_term_string}"},"query-input":{"@type":"PropertyValueSpecification","valueRequired":true,"valueName":"search_term_string"}}],"inLanguage":"es"},{"@type":"Organization","@id":"https:\/\/panoramaciudadano.com\/#organization","name":"Panorama Ciudadano","url":"https:\/\/panoramaciudadano.com\/","logo":{"@type":"ImageObject","inLanguage":"es","@id":"https:\/\/panoramaciudadano.com\/#\/schema\/logo\/image\/","url":"https:\/\/panoramaciudadano.com\/wp-content\/uploads\/2024\/05\/401498640_919267042938564_6290593609399108733_n.jpg","contentUrl":"https:\/\/panoramaciudadano.com\/wp-content\/uploads\/2024\/05\/401498640_919267042938564_6290593609399108733_n.jpg","width":960,"height":957,"caption":"Panorama Ciudadano"},"image":{"@id":"https:\/\/panoramaciudadano.com\/#\/schema\/logo\/image\/"},"sameAs":["https:\/\/www.facebook.com\/panoramaciudadano"]},{"@type":"Person","@id":"https:\/\/panoramaciudadano.com\/#\/schema\/person\/ffe9fe8ef47d3a93977b5761fd9e0d96","name":"admin","image":{"@type":"ImageObject","inLanguage":"es","@id":"https:\/\/panoramaciudadano.com\/#\/schema\/person\/image\/","url":"https:\/\/secure.gravatar.com\/avatar\/2d5a12cacce3f18096f25fadea8abb7202fef18ed669595589853e84260ff451?s=96&d=mm&r=g","contentUrl":"https:\/\/secure.gravatar.com\/avatar\/2d5a12cacce3f18096f25fadea8abb7202fef18ed669595589853e84260ff451?s=96&d=mm&r=g","caption":"admin"},"sameAs":["https:\/\/panoramaciudadano.com"],"url":"https:\/\/panoramaciudadano.com\/index.php\/author\/admin_3q6hyqq3\/"}]}},"_links":{"self":[{"href":"https:\/\/panoramaciudadano.com\/index.php\/wp-json\/wp\/v2\/posts\/17399","targetHints":{"allow":["GET"]}}],"collection":[{"href":"https:\/\/panoramaciudadano.com\/index.php\/wp-json\/wp\/v2\/posts"}],"about":[{"href":"https:\/\/panoramaciudadano.com\/index.php\/wp-json\/wp\/v2\/types\/post"}],"author":[{"embeddable":true,"href":"https:\/\/panoramaciudadano.com\/index.php\/wp-json\/wp\/v2\/users\/1"}],"replies":[{"embeddable":true,"href":"https:\/\/panoramaciudadano.com\/index.php\/wp-json\/wp\/v2\/comments?post=17399"}],"version-history":[{"count":1,"href":"https:\/\/panoramaciudadano.com\/index.php\/wp-json\/wp\/v2\/posts\/17399\/revisions"}],"predecessor-version":[{"id":17402,"href":"https:\/\/panoramaciudadano.com\/index.php\/wp-json\/wp\/v2\/posts\/17399\/revisions\/17402"}],"wp:featuredmedia":[{"embeddable":true,"href":"https:\/\/panoramaciudadano.com\/index.php\/wp-json\/wp\/v2\/media\/17400"}],"wp:attachment":[{"href":"https:\/\/panoramaciudadano.com\/index.php\/wp-json\/wp\/v2\/media?parent=17399"}],"wp:term":[{"taxonomy":"category","embeddable":true,"href":"https:\/\/panoramaciudadano.com\/index.php\/wp-json\/wp\/v2\/categories?post=17399"},{"taxonomy":"post_tag","embeddable":true,"href":"https:\/\/panoramaciudadano.com\/index.php\/wp-json\/wp\/v2\/tags?post=17399"}],"curies":[{"name":"wp","href":"https:\/\/api.w.org\/{rel}","templated":true}]}}