{"id":17403,"date":"2025-07-09T13:02:34","date_gmt":"2025-07-09T18:02:34","guid":{"rendered":"https:\/\/panoramaciudadano.com\/?p=17403"},"modified":"2025-07-10T13:18:42","modified_gmt":"2025-07-10T18:18:42","slug":"de-pelicula-pero-mal-grabada","status":"publish","type":"post","link":"https:\/\/panoramaciudadano.com\/index.php\/2025\/07\/09\/de-pelicula-pero-mal-grabada\/","title":{"rendered":"\u00a1De pel\u00edcula\u2026 pero mal grabada!"},"content":{"rendered":"\n<figure class=\"wp-block-gallery has-nested-images columns-default is-cropped wp-block-gallery-1 is-layout-flex wp-block-gallery-is-layout-flex\">\n<figure class=\"wp-block-image size-large\"><img decoding=\"async\" width=\"848\" height=\"636\" data-id=\"17405\" src=\"https:\/\/panoramaciudadano.com\/wp-content\/uploads\/2025\/07\/2-103.jpeg\" alt=\"\" class=\"wp-image-17405\" srcset=\"https:\/\/panoramaciudadano.com\/wp-content\/uploads\/2025\/07\/2-103.jpeg 848w, https:\/\/panoramaciudadano.com\/wp-content\/uploads\/2025\/07\/2-103-300x225.jpeg 300w, https:\/\/panoramaciudadano.com\/wp-content\/uploads\/2025\/07\/2-103-768x576.jpeg 768w\" sizes=\"(max-width: 848px) 100vw, 848px\" \/><\/figure>\n\n\n\n<figure class=\"wp-block-image size-large\"><img decoding=\"async\" width=\"848\" height=\"636\" data-id=\"17404\" src=\"https:\/\/panoramaciudadano.com\/wp-content\/uploads\/2025\/07\/3-89.jpeg\" alt=\"\" class=\"wp-image-17404\" srcset=\"https:\/\/panoramaciudadano.com\/wp-content\/uploads\/2025\/07\/3-89.jpeg 848w, https:\/\/panoramaciudadano.com\/wp-content\/uploads\/2025\/07\/3-89-300x225.jpeg 300w, https:\/\/panoramaciudadano.com\/wp-content\/uploads\/2025\/07\/3-89-768x576.jpeg 768w\" sizes=\"(max-width: 848px) 100vw, 848px\" \/><\/figure>\n<\/figure>\n\n\n\n<hr class=\"wp-block-separator has-alpha-channel-opacity\"\/>\n\n\n\n<p>Delincuentes asaltaron una barber\u00eda sobre la avenida 20 de Noviembre, sin imaginar que su \u00abhaza\u00f1a\u00bb qued\u00f3 bien retratada por las c\u00e1maras de seguridad. Ahora sus caritas ya andan pase\u00e1ndose por redes sociales. Si los reconoce\u2026 no dude en darles like y denunciarlos.<\/p>\n\n\n\n<p>Con sus mochilas \u201cescolares\u201d bien listas, los sujetos entraron y vaciaron lo que pudieron: un Xbox, celulares de los empleados, y todo lo que cupiera. La tele la dejaron\u2026 porque al parecer su moto no ven\u00eda con cajuela.<\/p>\n\n\n\n<p>Ante el show, los comerciantes de la zona ya se est\u00e1n organizando para darles una \u201cterapia intensiva\u201d de barrio, mientras esperan que las autoridades hagan lo suyo y les receten su dosis de bote. Por c\u00f3mo se mov\u00edan, parece que no andan solos.<\/p>\n\n\n\n<p><strong>As\u00ed que, vecinos: ojo pel\u00f3n.<\/strong><br>Que los pillos andan de tour y la pr\u00f3xima v\u00edctima podr\u00eda tener menos suerte\u2026 o peores c\u00e1maras.<\/p>\n","protected":false},"excerpt":{"rendered":"<p>\u200b\u200b\u200b\u200b\u200b\u200b\u200bDelincuentes asaltaron una barber\u00eda sobre la avenida 20 de Noviembre, sin imaginar que su \u00abhaza\u00f1a\u00bb qued\u00f3 bien retratada por las c\u00e1maras de seguridad. Ahora sus caritas ya andan pase\u00e1ndose por redes sociales. Si los reconoce\u2026 no dude en darles like y denunciarlos.<\/p>\n","protected":false},"author":1,"featured_media":17406,"comment_status":"open","ping_status":"closed","sticky":false,"template":"","format":"standard","meta":{"footnotes":""},"categories":[6],"tags":[1852],"class_list":["post-17403","post","type-post","status-publish","format-standard","has-post-thumbnail","hentry","category-cancun","tag-avenida-20-de-noviembre"],"yoast_head":"<!-- This site is optimized with the Yoast SEO plugin v27.1.1 - https:\/\/yoast.com\/product\/yoast-seo-wordpress\/ -->\n<title>\u00a1De pel\u00edcula\u2026 pero mal grabada! - Panorama Ciudadano<\/title>\n<meta name=\"robots\" content=\"index, follow, max-snippet:-1, max-image-preview:large, max-video-preview:-1\" \/>\n<link rel=\"canonical\" href=\"https:\/\/panoramaciudadano.com\/index.php\/2025\/07\/09\/de-pelicula-pero-mal-grabada\/\" \/>\n<meta property=\"og:locale\" content=\"es_ES\" \/>\n<meta property=\"og:type\" content=\"article\" \/>\n<meta property=\"og:title\" content=\"\u00a1De pel\u00edcula\u2026 pero mal grabada! - Panorama Ciudadano\" \/>\n<meta property=\"og:description\" content=\"\u200b\u200b\u200b\u200b\u200b\u200b\u200bDelincuentes asaltaron una barber\u00eda sobre la avenida 20 de Noviembre, sin imaginar que su &quot;haza\u00f1a&quot; qued\u00f3 bien retratada por las c\u00e1maras de seguridad. Ahora sus caritas ya andan pase\u00e1ndose por redes sociales. Si los reconoce\u2026 no dude en darles like y denunciarlos.\" \/>\n<meta property=\"og:url\" content=\"https:\/\/panoramaciudadano.com\/index.php\/2025\/07\/09\/de-pelicula-pero-mal-grabada\/\" \/>\n<meta property=\"og:site_name\" content=\"Panorama Ciudadano\" \/>\n<meta property=\"article:publisher\" content=\"https:\/\/www.facebook.com\/panoramaciudadano\" \/>\n<meta property=\"article:published_time\" content=\"2025-07-09T18:02:34+00:00\" \/>\n<meta property=\"article:modified_time\" content=\"2025-07-10T18:18:42+00:00\" \/>\n<meta property=\"og:image\" content=\"https:\/\/panoramaciudadano.com\/wp-content\/uploads\/2025\/07\/WhatsApp-Image-2025-07-09-at-16.25.15.jpeg\" \/>\n\t<meta property=\"og:image:width\" content=\"848\" \/>\n\t<meta property=\"og:image:height\" content=\"636\" \/>\n\t<meta property=\"og:image:type\" content=\"image\/jpeg\" \/>\n<meta name=\"author\" content=\"admin\" \/>\n<meta name=\"twitter:card\" content=\"summary_large_image\" \/>\n<meta name=\"twitter:label1\" content=\"Escrito por\" \/>\n\t<meta name=\"twitter:data1\" content=\"admin\" \/>\n\t<meta name=\"twitter:label2\" content=\"Tiempo de lectura\" \/>\n\t<meta name=\"twitter:data2\" content=\"2 minutos\" \/>\n<script type=\"application\/ld+json\" class=\"yoast-schema-graph\">{\"@context\":\"https:\/\/schema.org\",\"@graph\":[{\"@type\":\"Article\",\"@id\":\"https:\/\/panoramaciudadano.com\/index.php\/2025\/07\/09\/de-pelicula-pero-mal-grabada\/#article\",\"isPartOf\":{\"@id\":\"https:\/\/panoramaciudadano.com\/index.php\/2025\/07\/09\/de-pelicula-pero-mal-grabada\/\"},\"author\":{\"name\":\"admin\",\"@id\":\"https:\/\/panoramaciudadano.com\/#\/schema\/person\/ffe9fe8ef47d3a93977b5761fd9e0d96\"},\"headline\":\"\u00a1De pel\u00edcula\u2026 pero mal grabada!\",\"datePublished\":\"2025-07-09T18:02:34+00:00\",\"dateModified\":\"2025-07-10T18:18:42+00:00\",\"mainEntityOfPage\":{\"@id\":\"https:\/\/panoramaciudadano.com\/index.php\/2025\/07\/09\/de-pelicula-pero-mal-grabada\/\"},\"wordCount\":163,\"commentCount\":0,\"publisher\":{\"@id\":\"https:\/\/panoramaciudadano.com\/#organization\"},\"image\":{\"@id\":\"https:\/\/panoramaciudadano.com\/index.php\/2025\/07\/09\/de-pelicula-pero-mal-grabada\/#primaryimage\"},\"thumbnailUrl\":\"https:\/\/panoramaciudadano.com\/wp-content\/uploads\/2025\/07\/WhatsApp-Image-2025-07-09-at-16.25.15.jpeg\",\"keywords\":[\"avenida 20 de Noviembre\"],\"articleSection\":[\"Canc\u00fan\"],\"inLanguage\":\"es\",\"potentialAction\":[{\"@type\":\"CommentAction\",\"name\":\"Comment\",\"target\":[\"https:\/\/panoramaciudadano.com\/index.php\/2025\/07\/09\/de-pelicula-pero-mal-grabada\/#respond\"]}]},{\"@type\":\"WebPage\",\"@id\":\"https:\/\/panoramaciudadano.com\/index.php\/2025\/07\/09\/de-pelicula-pero-mal-grabada\/\",\"url\":\"https:\/\/panoramaciudadano.com\/index.php\/2025\/07\/09\/de-pelicula-pero-mal-grabada\/\",\"name\":\"\u00a1De pel\u00edcula\u2026 pero mal grabada! - Panorama Ciudadano\",\"isPartOf\":{\"@id\":\"https:\/\/panoramaciudadano.com\/#website\"},\"primaryImageOfPage\":{\"@id\":\"https:\/\/panoramaciudadano.com\/index.php\/2025\/07\/09\/de-pelicula-pero-mal-grabada\/#primaryimage\"},\"image\":{\"@id\":\"https:\/\/panoramaciudadano.com\/index.php\/2025\/07\/09\/de-pelicula-pero-mal-grabada\/#primaryimage\"},\"thumbnailUrl\":\"https:\/\/panoramaciudadano.com\/wp-content\/uploads\/2025\/07\/WhatsApp-Image-2025-07-09-at-16.25.15.jpeg\",\"datePublished\":\"2025-07-09T18:02:34+00:00\",\"dateModified\":\"2025-07-10T18:18:42+00:00\",\"breadcrumb\":{\"@id\":\"https:\/\/panoramaciudadano.com\/index.php\/2025\/07\/09\/de-pelicula-pero-mal-grabada\/#breadcrumb\"},\"inLanguage\":\"es\",\"potentialAction\":[{\"@type\":\"ReadAction\",\"target\":[\"https:\/\/panoramaciudadano.com\/index.php\/2025\/07\/09\/de-pelicula-pero-mal-grabada\/\"]}]},{\"@type\":\"ImageObject\",\"inLanguage\":\"es\",\"@id\":\"https:\/\/panoramaciudadano.com\/index.php\/2025\/07\/09\/de-pelicula-pero-mal-grabada\/#primaryimage\",\"url\":\"https:\/\/panoramaciudadano.com\/wp-content\/uploads\/2025\/07\/WhatsApp-Image-2025-07-09-at-16.25.15.jpeg\",\"contentUrl\":\"https:\/\/panoramaciudadano.com\/wp-content\/uploads\/2025\/07\/WhatsApp-Image-2025-07-09-at-16.25.15.jpeg\",\"width\":848,\"height\":636},{\"@type\":\"BreadcrumbList\",\"@id\":\"https:\/\/panoramaciudadano.com\/index.php\/2025\/07\/09\/de-pelicula-pero-mal-grabada\/#breadcrumb\",\"itemListElement\":[{\"@type\":\"ListItem\",\"position\":1,\"name\":\"Portada\",\"item\":\"https:\/\/panoramaciudadano.com\/\"},{\"@type\":\"ListItem\",\"position\":2,\"name\":\"\u00a1De pel\u00edcula\u2026 pero mal grabada!\"}]},{\"@type\":\"WebSite\",\"@id\":\"https:\/\/panoramaciudadano.com\/#website\",\"url\":\"https:\/\/panoramaciudadano.com\/\",\"name\":\"Panorama Ciudadano\",\"description\":\"\",\"publisher\":{\"@id\":\"https:\/\/panoramaciudadano.com\/#organization\"},\"potentialAction\":[{\"@type\":\"SearchAction\",\"target\":{\"@type\":\"EntryPoint\",\"urlTemplate\":\"https:\/\/panoramaciudadano.com\/?s={search_term_string}\"},\"query-input\":{\"@type\":\"PropertyValueSpecification\",\"valueRequired\":true,\"valueName\":\"search_term_string\"}}],\"inLanguage\":\"es\"},{\"@type\":\"Organization\",\"@id\":\"https:\/\/panoramaciudadano.com\/#organization\",\"name\":\"Panorama Ciudadano\",\"url\":\"https:\/\/panoramaciudadano.com\/\",\"logo\":{\"@type\":\"ImageObject\",\"inLanguage\":\"es\",\"@id\":\"https:\/\/panoramaciudadano.com\/#\/schema\/logo\/image\/\",\"url\":\"https:\/\/panoramaciudadano.com\/wp-content\/uploads\/2024\/05\/401498640_919267042938564_6290593609399108733_n.jpg\",\"contentUrl\":\"https:\/\/panoramaciudadano.com\/wp-content\/uploads\/2024\/05\/401498640_919267042938564_6290593609399108733_n.jpg\",\"width\":960,\"height\":957,\"caption\":\"Panorama Ciudadano\"},\"image\":{\"@id\":\"https:\/\/panoramaciudadano.com\/#\/schema\/logo\/image\/\"},\"sameAs\":[\"https:\/\/www.facebook.com\/panoramaciudadano\"]},{\"@type\":\"Person\",\"@id\":\"https:\/\/panoramaciudadano.com\/#\/schema\/person\/ffe9fe8ef47d3a93977b5761fd9e0d96\",\"name\":\"admin\",\"image\":{\"@type\":\"ImageObject\",\"inLanguage\":\"es\",\"@id\":\"https:\/\/panoramaciudadano.com\/#\/schema\/person\/image\/\",\"url\":\"https:\/\/secure.gravatar.com\/avatar\/2d5a12cacce3f18096f25fadea8abb7202fef18ed669595589853e84260ff451?s=96&d=mm&r=g\",\"contentUrl\":\"https:\/\/secure.gravatar.com\/avatar\/2d5a12cacce3f18096f25fadea8abb7202fef18ed669595589853e84260ff451?s=96&d=mm&r=g\",\"caption\":\"admin\"},\"sameAs\":[\"https:\/\/panoramaciudadano.com\"],\"url\":\"https:\/\/panoramaciudadano.com\/index.php\/author\/admin_3q6hyqq3\/\"}]}<\/script>\n<!-- \/ Yoast SEO plugin. -->","yoast_head_json":{"title":"\u00a1De pel\u00edcula\u2026 pero mal grabada! - Panorama Ciudadano","robots":{"index":"index","follow":"follow","max-snippet":"max-snippet:-1","max-image-preview":"max-image-preview:large","max-video-preview":"max-video-preview:-1"},"canonical":"https:\/\/panoramaciudadano.com\/index.php\/2025\/07\/09\/de-pelicula-pero-mal-grabada\/","og_locale":"es_ES","og_type":"article","og_title":"\u00a1De pel\u00edcula\u2026 pero mal grabada! - Panorama Ciudadano","og_description":"\u200b\u200b\u200b\u200b\u200b\u200b\u200bDelincuentes asaltaron una barber\u00eda sobre la avenida 20 de Noviembre, sin imaginar que su \"haza\u00f1a\" qued\u00f3 bien retratada por las c\u00e1maras de seguridad. Ahora sus caritas ya andan pase\u00e1ndose por redes sociales. Si los reconoce\u2026 no dude en darles like y denunciarlos.","og_url":"https:\/\/panoramaciudadano.com\/index.php\/2025\/07\/09\/de-pelicula-pero-mal-grabada\/","og_site_name":"Panorama Ciudadano","article_publisher":"https:\/\/www.facebook.com\/panoramaciudadano","article_published_time":"2025-07-09T18:02:34+00:00","article_modified_time":"2025-07-10T18:18:42+00:00","og_image":[{"width":848,"height":636,"url":"https:\/\/panoramaciudadano.com\/wp-content\/uploads\/2025\/07\/WhatsApp-Image-2025-07-09-at-16.25.15.jpeg","type":"image\/jpeg"}],"author":"admin","twitter_card":"summary_large_image","twitter_misc":{"Escrito por":"admin","Tiempo de lectura":"2 minutos"},"schema":{"@context":"https:\/\/schema.org","@graph":[{"@type":"Article","@id":"https:\/\/panoramaciudadano.com\/index.php\/2025\/07\/09\/de-pelicula-pero-mal-grabada\/#article","isPartOf":{"@id":"https:\/\/panoramaciudadano.com\/index.php\/2025\/07\/09\/de-pelicula-pero-mal-grabada\/"},"author":{"name":"admin","@id":"https:\/\/panoramaciudadano.com\/#\/schema\/person\/ffe9fe8ef47d3a93977b5761fd9e0d96"},"headline":"\u00a1De pel\u00edcula\u2026 pero mal grabada!","datePublished":"2025-07-09T18:02:34+00:00","dateModified":"2025-07-10T18:18:42+00:00","mainEntityOfPage":{"@id":"https:\/\/panoramaciudadano.com\/index.php\/2025\/07\/09\/de-pelicula-pero-mal-grabada\/"},"wordCount":163,"commentCount":0,"publisher":{"@id":"https:\/\/panoramaciudadano.com\/#organization"},"image":{"@id":"https:\/\/panoramaciudadano.com\/index.php\/2025\/07\/09\/de-pelicula-pero-mal-grabada\/#primaryimage"},"thumbnailUrl":"https:\/\/panoramaciudadano.com\/wp-content\/uploads\/2025\/07\/WhatsApp-Image-2025-07-09-at-16.25.15.jpeg","keywords":["avenida 20 de Noviembre"],"articleSection":["Canc\u00fan"],"inLanguage":"es","potentialAction":[{"@type":"CommentAction","name":"Comment","target":["https:\/\/panoramaciudadano.com\/index.php\/2025\/07\/09\/de-pelicula-pero-mal-grabada\/#respond"]}]},{"@type":"WebPage","@id":"https:\/\/panoramaciudadano.com\/index.php\/2025\/07\/09\/de-pelicula-pero-mal-grabada\/","url":"https:\/\/panoramaciudadano.com\/index.php\/2025\/07\/09\/de-pelicula-pero-mal-grabada\/","name":"\u00a1De pel\u00edcula\u2026 pero mal grabada! - Panorama Ciudadano","isPartOf":{"@id":"https:\/\/panoramaciudadano.com\/#website"},"primaryImageOfPage":{"@id":"https:\/\/panoramaciudadano.com\/index.php\/2025\/07\/09\/de-pelicula-pero-mal-grabada\/#primaryimage"},"image":{"@id":"https:\/\/panoramaciudadano.com\/index.php\/2025\/07\/09\/de-pelicula-pero-mal-grabada\/#primaryimage"},"thumbnailUrl":"https:\/\/panoramaciudadano.com\/wp-content\/uploads\/2025\/07\/WhatsApp-Image-2025-07-09-at-16.25.15.jpeg","datePublished":"2025-07-09T18:02:34+00:00","dateModified":"2025-07-10T18:18:42+00:00","breadcrumb":{"@id":"https:\/\/panoramaciudadano.com\/index.php\/2025\/07\/09\/de-pelicula-pero-mal-grabada\/#breadcrumb"},"inLanguage":"es","potentialAction":[{"@type":"ReadAction","target":["https:\/\/panoramaciudadano.com\/index.php\/2025\/07\/09\/de-pelicula-pero-mal-grabada\/"]}]},{"@type":"ImageObject","inLanguage":"es","@id":"https:\/\/panoramaciudadano.com\/index.php\/2025\/07\/09\/de-pelicula-pero-mal-grabada\/#primaryimage","url":"https:\/\/panoramaciudadano.com\/wp-content\/uploads\/2025\/07\/WhatsApp-Image-2025-07-09-at-16.25.15.jpeg","contentUrl":"https:\/\/panoramaciudadano.com\/wp-content\/uploads\/2025\/07\/WhatsApp-Image-2025-07-09-at-16.25.15.jpeg","width":848,"height":636},{"@type":"BreadcrumbList","@id":"https:\/\/panoramaciudadano.com\/index.php\/2025\/07\/09\/de-pelicula-pero-mal-grabada\/#breadcrumb","itemListElement":[{"@type":"ListItem","position":1,"name":"Portada","item":"https:\/\/panoramaciudadano.com\/"},{"@type":"ListItem","position":2,"name":"\u00a1De pel\u00edcula\u2026 pero mal grabada!"}]},{"@type":"WebSite","@id":"https:\/\/panoramaciudadano.com\/#website","url":"https:\/\/panoramaciudadano.com\/","name":"Panorama Ciudadano","description":"","publisher":{"@id":"https:\/\/panoramaciudadano.com\/#organization"},"potentialAction":[{"@type":"SearchAction","target":{"@type":"EntryPoint","urlTemplate":"https:\/\/panoramaciudadano.com\/?s={search_term_string}"},"query-input":{"@type":"PropertyValueSpecification","valueRequired":true,"valueName":"search_term_string"}}],"inLanguage":"es"},{"@type":"Organization","@id":"https:\/\/panoramaciudadano.com\/#organization","name":"Panorama Ciudadano","url":"https:\/\/panoramaciudadano.com\/","logo":{"@type":"ImageObject","inLanguage":"es","@id":"https:\/\/panoramaciudadano.com\/#\/schema\/logo\/image\/","url":"https:\/\/panoramaciudadano.com\/wp-content\/uploads\/2024\/05\/401498640_919267042938564_6290593609399108733_n.jpg","contentUrl":"https:\/\/panoramaciudadano.com\/wp-content\/uploads\/2024\/05\/401498640_919267042938564_6290593609399108733_n.jpg","width":960,"height":957,"caption":"Panorama Ciudadano"},"image":{"@id":"https:\/\/panoramaciudadano.com\/#\/schema\/logo\/image\/"},"sameAs":["https:\/\/www.facebook.com\/panoramaciudadano"]},{"@type":"Person","@id":"https:\/\/panoramaciudadano.com\/#\/schema\/person\/ffe9fe8ef47d3a93977b5761fd9e0d96","name":"admin","image":{"@type":"ImageObject","inLanguage":"es","@id":"https:\/\/panoramaciudadano.com\/#\/schema\/person\/image\/","url":"https:\/\/secure.gravatar.com\/avatar\/2d5a12cacce3f18096f25fadea8abb7202fef18ed669595589853e84260ff451?s=96&d=mm&r=g","contentUrl":"https:\/\/secure.gravatar.com\/avatar\/2d5a12cacce3f18096f25fadea8abb7202fef18ed669595589853e84260ff451?s=96&d=mm&r=g","caption":"admin"},"sameAs":["https:\/\/panoramaciudadano.com"],"url":"https:\/\/panoramaciudadano.com\/index.php\/author\/admin_3q6hyqq3\/"}]}},"_links":{"self":[{"href":"https:\/\/panoramaciudadano.com\/index.php\/wp-json\/wp\/v2\/posts\/17403","targetHints":{"allow":["GET"]}}],"collection":[{"href":"https:\/\/panoramaciudadano.com\/index.php\/wp-json\/wp\/v2\/posts"}],"about":[{"href":"https:\/\/panoramaciudadano.com\/index.php\/wp-json\/wp\/v2\/types\/post"}],"author":[{"embeddable":true,"href":"https:\/\/panoramaciudadano.com\/index.php\/wp-json\/wp\/v2\/users\/1"}],"replies":[{"embeddable":true,"href":"https:\/\/panoramaciudadano.com\/index.php\/wp-json\/wp\/v2\/comments?post=17403"}],"version-history":[{"count":1,"href":"https:\/\/panoramaciudadano.com\/index.php\/wp-json\/wp\/v2\/posts\/17403\/revisions"}],"predecessor-version":[{"id":17407,"href":"https:\/\/panoramaciudadano.com\/index.php\/wp-json\/wp\/v2\/posts\/17403\/revisions\/17407"}],"wp:featuredmedia":[{"embeddable":true,"href":"https:\/\/panoramaciudadano.com\/index.php\/wp-json\/wp\/v2\/media\/17406"}],"wp:attachment":[{"href":"https:\/\/panoramaciudadano.com\/index.php\/wp-json\/wp\/v2\/media?parent=17403"}],"wp:term":[{"taxonomy":"category","embeddable":true,"href":"https:\/\/panoramaciudadano.com\/index.php\/wp-json\/wp\/v2\/categories?post=17403"},{"taxonomy":"post_tag","embeddable":true,"href":"https:\/\/panoramaciudadano.com\/index.php\/wp-json\/wp\/v2\/tags?post=17403"}],"curies":[{"name":"wp","href":"https:\/\/api.w.org\/{rel}","templated":true}]}}