{"id":17408,"date":"2025-07-09T13:20:21","date_gmt":"2025-07-09T18:20:21","guid":{"rendered":"https:\/\/panoramaciudadano.com\/?p=17408"},"modified":"2025-07-10T13:23:56","modified_gmt":"2025-07-10T18:23:56","slug":"hombre-resulta-gravemente-herido-tras-agresion-con-machete-en-la-region-234-de-cancun","status":"publish","type":"post","link":"https:\/\/panoramaciudadano.com\/index.php\/2025\/07\/09\/hombre-resulta-gravemente-herido-tras-agresion-con-machete-en-la-region-234-de-cancun\/","title":{"rendered":"Hombre resulta gravemente herido tras agresi\u00f3n con machete en la Regi\u00f3n 234 de Canc\u00fan"},"content":{"rendered":"\n<figure class=\"wp-block-gallery has-nested-images columns-default is-cropped wp-block-gallery-1 is-layout-flex wp-block-gallery-is-layout-flex\">\n<figure class=\"wp-block-image size-large\"><img decoding=\"async\" width=\"1024\" height=\"576\" data-id=\"17411\" src=\"https:\/\/panoramaciudadano.com\/wp-content\/uploads\/2025\/07\/2-104-1024x576.jpeg\" alt=\"\" class=\"wp-image-17411\" srcset=\"https:\/\/panoramaciudadano.com\/wp-content\/uploads\/2025\/07\/2-104-1024x576.jpeg 1024w, https:\/\/panoramaciudadano.com\/wp-content\/uploads\/2025\/07\/2-104-300x169.jpeg 300w, https:\/\/panoramaciudadano.com\/wp-content\/uploads\/2025\/07\/2-104-768x432.jpeg 768w, https:\/\/panoramaciudadano.com\/wp-content\/uploads\/2025\/07\/2-104.jpeg 1280w\" sizes=\"(max-width: 1024px) 100vw, 1024px\" \/><\/figure>\n\n\n\n<figure class=\"wp-block-image size-large\"><img decoding=\"async\" width=\"1024\" height=\"576\" data-id=\"17412\" src=\"https:\/\/panoramaciudadano.com\/wp-content\/uploads\/2025\/07\/3-90-1024x576.jpeg\" alt=\"\" class=\"wp-image-17412\" srcset=\"https:\/\/panoramaciudadano.com\/wp-content\/uploads\/2025\/07\/3-90-1024x576.jpeg 1024w, https:\/\/panoramaciudadano.com\/wp-content\/uploads\/2025\/07\/3-90-300x169.jpeg 300w, https:\/\/panoramaciudadano.com\/wp-content\/uploads\/2025\/07\/3-90-768x432.jpeg 768w, https:\/\/panoramaciudadano.com\/wp-content\/uploads\/2025\/07\/3-90.jpeg 1280w\" sizes=\"(max-width: 1024px) 100vw, 1024px\" \/><\/figure>\n\n\n\n<figure class=\"wp-block-image size-large\"><img decoding=\"async\" width=\"1024\" height=\"768\" data-id=\"17410\" src=\"https:\/\/panoramaciudadano.com\/wp-content\/uploads\/2025\/07\/4-62-1024x768.jpeg\" alt=\"\" class=\"wp-image-17410\" srcset=\"https:\/\/panoramaciudadano.com\/wp-content\/uploads\/2025\/07\/4-62-1024x768.jpeg 1024w, https:\/\/panoramaciudadano.com\/wp-content\/uploads\/2025\/07\/4-62-300x225.jpeg 300w, https:\/\/panoramaciudadano.com\/wp-content\/uploads\/2025\/07\/4-62-768x576.jpeg 768w, https:\/\/panoramaciudadano.com\/wp-content\/uploads\/2025\/07\/4-62.jpeg 1280w\" sizes=\"(max-width: 1024px) 100vw, 1024px\" \/><\/figure>\n\n\n\n<figure class=\"wp-block-image size-large\"><img decoding=\"async\" width=\"1024\" height=\"768\" data-id=\"17409\" src=\"https:\/\/panoramaciudadano.com\/wp-content\/uploads\/2025\/07\/WhatsApp-Image-2025-07-10-at-07.33.51-1024x768.jpeg\" alt=\"\" class=\"wp-image-17409\" srcset=\"https:\/\/panoramaciudadano.com\/wp-content\/uploads\/2025\/07\/WhatsApp-Image-2025-07-10-at-07.33.51-1024x768.jpeg 1024w, https:\/\/panoramaciudadano.com\/wp-content\/uploads\/2025\/07\/WhatsApp-Image-2025-07-10-at-07.33.51-300x225.jpeg 300w, https:\/\/panoramaciudadano.com\/wp-content\/uploads\/2025\/07\/WhatsApp-Image-2025-07-10-at-07.33.51-768x576.jpeg 768w, https:\/\/panoramaciudadano.com\/wp-content\/uploads\/2025\/07\/WhatsApp-Image-2025-07-10-at-07.33.51.jpeg 1280w\" sizes=\"(max-width: 1024px) 100vw, 1024px\" \/><\/figure>\n<\/figure>\n\n\n\n<p>Un hombre tuvo que ser trasladado de emergencia a un hospital tras sufrir la amputaci\u00f3n de un dedo de una mano y otras heridas al ser agredido con machete por dos sujetos.<\/p>\n\n\n\n<p>El hecho ocurri\u00f3 cerca de las 21:00 horas en la regi\u00f3n 234, sobre la calle 92a a unas cuadras de la avenida Costa Maya.<\/p>\n\n\n\n<p>Al llegar la polic\u00eda local los vecinos mencionaron que los responsables hab\u00edan sido dos hombres que escaparon corriendo tras herir gravemente a la v\u00edctima, con quien al parecer se encontraban tomando y tuvieron una discusi\u00f3n.<\/p>\n\n\n\n<p>El lesionado qued\u00f3 tirado en la v\u00eda p\u00fablica en medio de un enorme charco de sangre revolc\u00e1ndose de dolor por las graves heridas que presentaba.<\/p>\n\n\n\n<p>Debido al sufrimiento por las heridas y por su estado et\u00edlico, el hombre se torn\u00f3 agresivo con los param\u00e9dicos, por lo que tuvieron complicaciones para brindarle la atenci\u00f3n pre hospitalaria, pero al final lograron estabilizarlo y lo abordaron en la ambulancia para trasladarlo al hospital general.<\/p>\n\n\n\n<p>Los oficiales solicitaron a los testigos caracter\u00edsticas de los presuntos responsables para tratar de detenerlos, pero pese a los recorridos que hicieron no lograron ubicarlos.<\/p>\n","protected":false},"excerpt":{"rendered":"<p>Un hombre tuvo que ser trasladado de emergencia a un hospital tras sufrir la amputaci\u00f3n de un dedo de una mano y otras heridas al ser agredido con machete por dos sujetos.<\/p>\n","protected":false},"author":1,"featured_media":17412,"comment_status":"open","ping_status":"closed","sticky":false,"template":"","format":"standard","meta":{"footnotes":""},"categories":[6],"tags":[1797],"class_list":["post-17408","post","type-post","status-publish","format-standard","has-post-thumbnail","hentry","category-cancun","tag-region-234"],"yoast_head":"<!-- This site is optimized with the Yoast SEO plugin v27.1.1 - https:\/\/yoast.com\/product\/yoast-seo-wordpress\/ -->\n<title>Hombre resulta gravemente herido tras agresi\u00f3n con machete en la Regi\u00f3n 234 de Canc\u00fan - Panorama Ciudadano<\/title>\n<meta name=\"robots\" content=\"index, follow, max-snippet:-1, max-image-preview:large, max-video-preview:-1\" \/>\n<link rel=\"canonical\" href=\"https:\/\/panoramaciudadano.com\/index.php\/2025\/07\/09\/hombre-resulta-gravemente-herido-tras-agresion-con-machete-en-la-region-234-de-cancun\/\" \/>\n<meta property=\"og:locale\" content=\"es_ES\" \/>\n<meta property=\"og:type\" content=\"article\" \/>\n<meta property=\"og:title\" content=\"Hombre resulta gravemente herido tras agresi\u00f3n con machete en la Regi\u00f3n 234 de Canc\u00fan - Panorama Ciudadano\" \/>\n<meta property=\"og:description\" content=\"Un hombre tuvo que ser trasladado de emergencia a un hospital tras sufrir la amputaci\u00f3n de un dedo de una mano y otras heridas al ser agredido con machete por dos sujetos.\" \/>\n<meta property=\"og:url\" content=\"https:\/\/panoramaciudadano.com\/index.php\/2025\/07\/09\/hombre-resulta-gravemente-herido-tras-agresion-con-machete-en-la-region-234-de-cancun\/\" \/>\n<meta property=\"og:site_name\" content=\"Panorama Ciudadano\" \/>\n<meta property=\"article:publisher\" content=\"https:\/\/www.facebook.com\/panoramaciudadano\" \/>\n<meta property=\"article:published_time\" content=\"2025-07-09T18:20:21+00:00\" \/>\n<meta property=\"article:modified_time\" content=\"2025-07-10T18:23:56+00:00\" \/>\n<meta property=\"og:image\" content=\"https:\/\/panoramaciudadano.com\/wp-content\/uploads\/2025\/07\/3-90.jpeg\" \/>\n\t<meta property=\"og:image:width\" content=\"1280\" \/>\n\t<meta property=\"og:image:height\" content=\"720\" \/>\n\t<meta property=\"og:image:type\" content=\"image\/jpeg\" \/>\n<meta name=\"author\" content=\"admin\" \/>\n<meta name=\"twitter:card\" content=\"summary_large_image\" \/>\n<meta name=\"twitter:label1\" content=\"Escrito por\" \/>\n\t<meta name=\"twitter:data1\" content=\"admin\" \/>\n\t<meta name=\"twitter:label2\" content=\"Tiempo de lectura\" \/>\n\t<meta name=\"twitter:data2\" content=\"2 minutos\" \/>\n<script type=\"application\/ld+json\" class=\"yoast-schema-graph\">{\"@context\":\"https:\/\/schema.org\",\"@graph\":[{\"@type\":\"Article\",\"@id\":\"https:\/\/panoramaciudadano.com\/index.php\/2025\/07\/09\/hombre-resulta-gravemente-herido-tras-agresion-con-machete-en-la-region-234-de-cancun\/#article\",\"isPartOf\":{\"@id\":\"https:\/\/panoramaciudadano.com\/index.php\/2025\/07\/09\/hombre-resulta-gravemente-herido-tras-agresion-con-machete-en-la-region-234-de-cancun\/\"},\"author\":{\"name\":\"admin\",\"@id\":\"https:\/\/panoramaciudadano.com\/#\/schema\/person\/ffe9fe8ef47d3a93977b5761fd9e0d96\"},\"headline\":\"Hombre resulta gravemente herido tras agresi\u00f3n con machete en la Regi\u00f3n 234 de Canc\u00fan\",\"datePublished\":\"2025-07-09T18:20:21+00:00\",\"dateModified\":\"2025-07-10T18:23:56+00:00\",\"mainEntityOfPage\":{\"@id\":\"https:\/\/panoramaciudadano.com\/index.php\/2025\/07\/09\/hombre-resulta-gravemente-herido-tras-agresion-con-machete-en-la-region-234-de-cancun\/\"},\"wordCount\":214,\"commentCount\":0,\"publisher\":{\"@id\":\"https:\/\/panoramaciudadano.com\/#organization\"},\"image\":{\"@id\":\"https:\/\/panoramaciudadano.com\/index.php\/2025\/07\/09\/hombre-resulta-gravemente-herido-tras-agresion-con-machete-en-la-region-234-de-cancun\/#primaryimage\"},\"thumbnailUrl\":\"https:\/\/panoramaciudadano.com\/wp-content\/uploads\/2025\/07\/3-90.jpeg\",\"keywords\":[\"regi\u00f3n 234\"],\"articleSection\":[\"Canc\u00fan\"],\"inLanguage\":\"es\",\"potentialAction\":[{\"@type\":\"CommentAction\",\"name\":\"Comment\",\"target\":[\"https:\/\/panoramaciudadano.com\/index.php\/2025\/07\/09\/hombre-resulta-gravemente-herido-tras-agresion-con-machete-en-la-region-234-de-cancun\/#respond\"]}]},{\"@type\":\"WebPage\",\"@id\":\"https:\/\/panoramaciudadano.com\/index.php\/2025\/07\/09\/hombre-resulta-gravemente-herido-tras-agresion-con-machete-en-la-region-234-de-cancun\/\",\"url\":\"https:\/\/panoramaciudadano.com\/index.php\/2025\/07\/09\/hombre-resulta-gravemente-herido-tras-agresion-con-machete-en-la-region-234-de-cancun\/\",\"name\":\"Hombre resulta gravemente herido tras agresi\u00f3n con machete en la Regi\u00f3n 234 de Canc\u00fan - Panorama Ciudadano\",\"isPartOf\":{\"@id\":\"https:\/\/panoramaciudadano.com\/#website\"},\"primaryImageOfPage\":{\"@id\":\"https:\/\/panoramaciudadano.com\/index.php\/2025\/07\/09\/hombre-resulta-gravemente-herido-tras-agresion-con-machete-en-la-region-234-de-cancun\/#primaryimage\"},\"image\":{\"@id\":\"https:\/\/panoramaciudadano.com\/index.php\/2025\/07\/09\/hombre-resulta-gravemente-herido-tras-agresion-con-machete-en-la-region-234-de-cancun\/#primaryimage\"},\"thumbnailUrl\":\"https:\/\/panoramaciudadano.com\/wp-content\/uploads\/2025\/07\/3-90.jpeg\",\"datePublished\":\"2025-07-09T18:20:21+00:00\",\"dateModified\":\"2025-07-10T18:23:56+00:00\",\"breadcrumb\":{\"@id\":\"https:\/\/panoramaciudadano.com\/index.php\/2025\/07\/09\/hombre-resulta-gravemente-herido-tras-agresion-con-machete-en-la-region-234-de-cancun\/#breadcrumb\"},\"inLanguage\":\"es\",\"potentialAction\":[{\"@type\":\"ReadAction\",\"target\":[\"https:\/\/panoramaciudadano.com\/index.php\/2025\/07\/09\/hombre-resulta-gravemente-herido-tras-agresion-con-machete-en-la-region-234-de-cancun\/\"]}]},{\"@type\":\"ImageObject\",\"inLanguage\":\"es\",\"@id\":\"https:\/\/panoramaciudadano.com\/index.php\/2025\/07\/09\/hombre-resulta-gravemente-herido-tras-agresion-con-machete-en-la-region-234-de-cancun\/#primaryimage\",\"url\":\"https:\/\/panoramaciudadano.com\/wp-content\/uploads\/2025\/07\/3-90.jpeg\",\"contentUrl\":\"https:\/\/panoramaciudadano.com\/wp-content\/uploads\/2025\/07\/3-90.jpeg\",\"width\":1280,\"height\":720},{\"@type\":\"BreadcrumbList\",\"@id\":\"https:\/\/panoramaciudadano.com\/index.php\/2025\/07\/09\/hombre-resulta-gravemente-herido-tras-agresion-con-machete-en-la-region-234-de-cancun\/#breadcrumb\",\"itemListElement\":[{\"@type\":\"ListItem\",\"position\":1,\"name\":\"Portada\",\"item\":\"https:\/\/panoramaciudadano.com\/\"},{\"@type\":\"ListItem\",\"position\":2,\"name\":\"Hombre resulta gravemente herido tras agresi\u00f3n con machete en la Regi\u00f3n 234 de Canc\u00fan\"}]},{\"@type\":\"WebSite\",\"@id\":\"https:\/\/panoramaciudadano.com\/#website\",\"url\":\"https:\/\/panoramaciudadano.com\/\",\"name\":\"Panorama Ciudadano\",\"description\":\"\",\"publisher\":{\"@id\":\"https:\/\/panoramaciudadano.com\/#organization\"},\"potentialAction\":[{\"@type\":\"SearchAction\",\"target\":{\"@type\":\"EntryPoint\",\"urlTemplate\":\"https:\/\/panoramaciudadano.com\/?s={search_term_string}\"},\"query-input\":{\"@type\":\"PropertyValueSpecification\",\"valueRequired\":true,\"valueName\":\"search_term_string\"}}],\"inLanguage\":\"es\"},{\"@type\":\"Organization\",\"@id\":\"https:\/\/panoramaciudadano.com\/#organization\",\"name\":\"Panorama Ciudadano\",\"url\":\"https:\/\/panoramaciudadano.com\/\",\"logo\":{\"@type\":\"ImageObject\",\"inLanguage\":\"es\",\"@id\":\"https:\/\/panoramaciudadano.com\/#\/schema\/logo\/image\/\",\"url\":\"https:\/\/panoramaciudadano.com\/wp-content\/uploads\/2024\/05\/401498640_919267042938564_6290593609399108733_n.jpg\",\"contentUrl\":\"https:\/\/panoramaciudadano.com\/wp-content\/uploads\/2024\/05\/401498640_919267042938564_6290593609399108733_n.jpg\",\"width\":960,\"height\":957,\"caption\":\"Panorama Ciudadano\"},\"image\":{\"@id\":\"https:\/\/panoramaciudadano.com\/#\/schema\/logo\/image\/\"},\"sameAs\":[\"https:\/\/www.facebook.com\/panoramaciudadano\"]},{\"@type\":\"Person\",\"@id\":\"https:\/\/panoramaciudadano.com\/#\/schema\/person\/ffe9fe8ef47d3a93977b5761fd9e0d96\",\"name\":\"admin\",\"image\":{\"@type\":\"ImageObject\",\"inLanguage\":\"es\",\"@id\":\"https:\/\/panoramaciudadano.com\/#\/schema\/person\/image\/\",\"url\":\"https:\/\/secure.gravatar.com\/avatar\/2d5a12cacce3f18096f25fadea8abb7202fef18ed669595589853e84260ff451?s=96&d=mm&r=g\",\"contentUrl\":\"https:\/\/secure.gravatar.com\/avatar\/2d5a12cacce3f18096f25fadea8abb7202fef18ed669595589853e84260ff451?s=96&d=mm&r=g\",\"caption\":\"admin\"},\"sameAs\":[\"https:\/\/panoramaciudadano.com\"],\"url\":\"https:\/\/panoramaciudadano.com\/index.php\/author\/admin_3q6hyqq3\/\"}]}<\/script>\n<!-- \/ Yoast SEO plugin. -->","yoast_head_json":{"title":"Hombre resulta gravemente herido tras agresi\u00f3n con machete en la Regi\u00f3n 234 de Canc\u00fan - Panorama Ciudadano","robots":{"index":"index","follow":"follow","max-snippet":"max-snippet:-1","max-image-preview":"max-image-preview:large","max-video-preview":"max-video-preview:-1"},"canonical":"https:\/\/panoramaciudadano.com\/index.php\/2025\/07\/09\/hombre-resulta-gravemente-herido-tras-agresion-con-machete-en-la-region-234-de-cancun\/","og_locale":"es_ES","og_type":"article","og_title":"Hombre resulta gravemente herido tras agresi\u00f3n con machete en la Regi\u00f3n 234 de Canc\u00fan - Panorama Ciudadano","og_description":"Un hombre tuvo que ser trasladado de emergencia a un hospital tras sufrir la amputaci\u00f3n de un dedo de una mano y otras heridas al ser agredido con machete por dos sujetos.","og_url":"https:\/\/panoramaciudadano.com\/index.php\/2025\/07\/09\/hombre-resulta-gravemente-herido-tras-agresion-con-machete-en-la-region-234-de-cancun\/","og_site_name":"Panorama Ciudadano","article_publisher":"https:\/\/www.facebook.com\/panoramaciudadano","article_published_time":"2025-07-09T18:20:21+00:00","article_modified_time":"2025-07-10T18:23:56+00:00","og_image":[{"width":1280,"height":720,"url":"https:\/\/panoramaciudadano.com\/wp-content\/uploads\/2025\/07\/3-90.jpeg","type":"image\/jpeg"}],"author":"admin","twitter_card":"summary_large_image","twitter_misc":{"Escrito por":"admin","Tiempo de lectura":"2 minutos"},"schema":{"@context":"https:\/\/schema.org","@graph":[{"@type":"Article","@id":"https:\/\/panoramaciudadano.com\/index.php\/2025\/07\/09\/hombre-resulta-gravemente-herido-tras-agresion-con-machete-en-la-region-234-de-cancun\/#article","isPartOf":{"@id":"https:\/\/panoramaciudadano.com\/index.php\/2025\/07\/09\/hombre-resulta-gravemente-herido-tras-agresion-con-machete-en-la-region-234-de-cancun\/"},"author":{"name":"admin","@id":"https:\/\/panoramaciudadano.com\/#\/schema\/person\/ffe9fe8ef47d3a93977b5761fd9e0d96"},"headline":"Hombre resulta gravemente herido tras agresi\u00f3n con machete en la Regi\u00f3n 234 de Canc\u00fan","datePublished":"2025-07-09T18:20:21+00:00","dateModified":"2025-07-10T18:23:56+00:00","mainEntityOfPage":{"@id":"https:\/\/panoramaciudadano.com\/index.php\/2025\/07\/09\/hombre-resulta-gravemente-herido-tras-agresion-con-machete-en-la-region-234-de-cancun\/"},"wordCount":214,"commentCount":0,"publisher":{"@id":"https:\/\/panoramaciudadano.com\/#organization"},"image":{"@id":"https:\/\/panoramaciudadano.com\/index.php\/2025\/07\/09\/hombre-resulta-gravemente-herido-tras-agresion-con-machete-en-la-region-234-de-cancun\/#primaryimage"},"thumbnailUrl":"https:\/\/panoramaciudadano.com\/wp-content\/uploads\/2025\/07\/3-90.jpeg","keywords":["regi\u00f3n 234"],"articleSection":["Canc\u00fan"],"inLanguage":"es","potentialAction":[{"@type":"CommentAction","name":"Comment","target":["https:\/\/panoramaciudadano.com\/index.php\/2025\/07\/09\/hombre-resulta-gravemente-herido-tras-agresion-con-machete-en-la-region-234-de-cancun\/#respond"]}]},{"@type":"WebPage","@id":"https:\/\/panoramaciudadano.com\/index.php\/2025\/07\/09\/hombre-resulta-gravemente-herido-tras-agresion-con-machete-en-la-region-234-de-cancun\/","url":"https:\/\/panoramaciudadano.com\/index.php\/2025\/07\/09\/hombre-resulta-gravemente-herido-tras-agresion-con-machete-en-la-region-234-de-cancun\/","name":"Hombre resulta gravemente herido tras agresi\u00f3n con machete en la Regi\u00f3n 234 de Canc\u00fan - Panorama Ciudadano","isPartOf":{"@id":"https:\/\/panoramaciudadano.com\/#website"},"primaryImageOfPage":{"@id":"https:\/\/panoramaciudadano.com\/index.php\/2025\/07\/09\/hombre-resulta-gravemente-herido-tras-agresion-con-machete-en-la-region-234-de-cancun\/#primaryimage"},"image":{"@id":"https:\/\/panoramaciudadano.com\/index.php\/2025\/07\/09\/hombre-resulta-gravemente-herido-tras-agresion-con-machete-en-la-region-234-de-cancun\/#primaryimage"},"thumbnailUrl":"https:\/\/panoramaciudadano.com\/wp-content\/uploads\/2025\/07\/3-90.jpeg","datePublished":"2025-07-09T18:20:21+00:00","dateModified":"2025-07-10T18:23:56+00:00","breadcrumb":{"@id":"https:\/\/panoramaciudadano.com\/index.php\/2025\/07\/09\/hombre-resulta-gravemente-herido-tras-agresion-con-machete-en-la-region-234-de-cancun\/#breadcrumb"},"inLanguage":"es","potentialAction":[{"@type":"ReadAction","target":["https:\/\/panoramaciudadano.com\/index.php\/2025\/07\/09\/hombre-resulta-gravemente-herido-tras-agresion-con-machete-en-la-region-234-de-cancun\/"]}]},{"@type":"ImageObject","inLanguage":"es","@id":"https:\/\/panoramaciudadano.com\/index.php\/2025\/07\/09\/hombre-resulta-gravemente-herido-tras-agresion-con-machete-en-la-region-234-de-cancun\/#primaryimage","url":"https:\/\/panoramaciudadano.com\/wp-content\/uploads\/2025\/07\/3-90.jpeg","contentUrl":"https:\/\/panoramaciudadano.com\/wp-content\/uploads\/2025\/07\/3-90.jpeg","width":1280,"height":720},{"@type":"BreadcrumbList","@id":"https:\/\/panoramaciudadano.com\/index.php\/2025\/07\/09\/hombre-resulta-gravemente-herido-tras-agresion-con-machete-en-la-region-234-de-cancun\/#breadcrumb","itemListElement":[{"@type":"ListItem","position":1,"name":"Portada","item":"https:\/\/panoramaciudadano.com\/"},{"@type":"ListItem","position":2,"name":"Hombre resulta gravemente herido tras agresi\u00f3n con machete en la Regi\u00f3n 234 de Canc\u00fan"}]},{"@type":"WebSite","@id":"https:\/\/panoramaciudadano.com\/#website","url":"https:\/\/panoramaciudadano.com\/","name":"Panorama Ciudadano","description":"","publisher":{"@id":"https:\/\/panoramaciudadano.com\/#organization"},"potentialAction":[{"@type":"SearchAction","target":{"@type":"EntryPoint","urlTemplate":"https:\/\/panoramaciudadano.com\/?s={search_term_string}"},"query-input":{"@type":"PropertyValueSpecification","valueRequired":true,"valueName":"search_term_string"}}],"inLanguage":"es"},{"@type":"Organization","@id":"https:\/\/panoramaciudadano.com\/#organization","name":"Panorama Ciudadano","url":"https:\/\/panoramaciudadano.com\/","logo":{"@type":"ImageObject","inLanguage":"es","@id":"https:\/\/panoramaciudadano.com\/#\/schema\/logo\/image\/","url":"https:\/\/panoramaciudadano.com\/wp-content\/uploads\/2024\/05\/401498640_919267042938564_6290593609399108733_n.jpg","contentUrl":"https:\/\/panoramaciudadano.com\/wp-content\/uploads\/2024\/05\/401498640_919267042938564_6290593609399108733_n.jpg","width":960,"height":957,"caption":"Panorama Ciudadano"},"image":{"@id":"https:\/\/panoramaciudadano.com\/#\/schema\/logo\/image\/"},"sameAs":["https:\/\/www.facebook.com\/panoramaciudadano"]},{"@type":"Person","@id":"https:\/\/panoramaciudadano.com\/#\/schema\/person\/ffe9fe8ef47d3a93977b5761fd9e0d96","name":"admin","image":{"@type":"ImageObject","inLanguage":"es","@id":"https:\/\/panoramaciudadano.com\/#\/schema\/person\/image\/","url":"https:\/\/secure.gravatar.com\/avatar\/2d5a12cacce3f18096f25fadea8abb7202fef18ed669595589853e84260ff451?s=96&d=mm&r=g","contentUrl":"https:\/\/secure.gravatar.com\/avatar\/2d5a12cacce3f18096f25fadea8abb7202fef18ed669595589853e84260ff451?s=96&d=mm&r=g","caption":"admin"},"sameAs":["https:\/\/panoramaciudadano.com"],"url":"https:\/\/panoramaciudadano.com\/index.php\/author\/admin_3q6hyqq3\/"}]}},"_links":{"self":[{"href":"https:\/\/panoramaciudadano.com\/index.php\/wp-json\/wp\/v2\/posts\/17408","targetHints":{"allow":["GET"]}}],"collection":[{"href":"https:\/\/panoramaciudadano.com\/index.php\/wp-json\/wp\/v2\/posts"}],"about":[{"href":"https:\/\/panoramaciudadano.com\/index.php\/wp-json\/wp\/v2\/types\/post"}],"author":[{"embeddable":true,"href":"https:\/\/panoramaciudadano.com\/index.php\/wp-json\/wp\/v2\/users\/1"}],"replies":[{"embeddable":true,"href":"https:\/\/panoramaciudadano.com\/index.php\/wp-json\/wp\/v2\/comments?post=17408"}],"version-history":[{"count":1,"href":"https:\/\/panoramaciudadano.com\/index.php\/wp-json\/wp\/v2\/posts\/17408\/revisions"}],"predecessor-version":[{"id":17413,"href":"https:\/\/panoramaciudadano.com\/index.php\/wp-json\/wp\/v2\/posts\/17408\/revisions\/17413"}],"wp:featuredmedia":[{"embeddable":true,"href":"https:\/\/panoramaciudadano.com\/index.php\/wp-json\/wp\/v2\/media\/17412"}],"wp:attachment":[{"href":"https:\/\/panoramaciudadano.com\/index.php\/wp-json\/wp\/v2\/media?parent=17408"}],"wp:term":[{"taxonomy":"category","embeddable":true,"href":"https:\/\/panoramaciudadano.com\/index.php\/wp-json\/wp\/v2\/categories?post=17408"},{"taxonomy":"post_tag","embeddable":true,"href":"https:\/\/panoramaciudadano.com\/index.php\/wp-json\/wp\/v2\/tags?post=17408"}],"curies":[{"name":"wp","href":"https:\/\/api.w.org\/{rel}","templated":true}]}}