{"id":17538,"date":"2025-07-10T10:28:39","date_gmt":"2025-07-10T15:28:39","guid":{"rendered":"https:\/\/panoramaciudadano.com\/?p=17538"},"modified":"2025-07-11T10:30:45","modified_gmt":"2025-07-11T15:30:45","slug":"destaca-ana-paty-peralta-cercania-con-la-gente-en-jornada-de-atencion-ciudadana","status":"publish","type":"post","link":"https:\/\/panoramaciudadano.com\/index.php\/2025\/07\/10\/destaca-ana-paty-peralta-cercania-con-la-gente-en-jornada-de-atencion-ciudadana\/","title":{"rendered":"DESTACA ANA PATY PERALTA CERCAN\u00cdA CON LA GENTE EN JORNADA DE ATENCI\u00d3N CIUDADANA"},"content":{"rendered":"\n<figure class=\"wp-block-gallery has-nested-images columns-default is-cropped wp-block-gallery-1 is-layout-flex wp-block-gallery-is-layout-flex\">\n<figure class=\"wp-block-image size-large\"><img decoding=\"async\" width=\"1024\" height=\"643\" data-id=\"17544\" src=\"https:\/\/panoramaciudadano.com\/wp-content\/uploads\/2025\/07\/2-121-1024x643.jpeg\" alt=\"\" class=\"wp-image-17544\" srcset=\"https:\/\/panoramaciudadano.com\/wp-content\/uploads\/2025\/07\/2-121-1024x643.jpeg 1024w, https:\/\/panoramaciudadano.com\/wp-content\/uploads\/2025\/07\/2-121-300x188.jpeg 300w, https:\/\/panoramaciudadano.com\/wp-content\/uploads\/2025\/07\/2-121-768x482.jpeg 768w, https:\/\/panoramaciudadano.com\/wp-content\/uploads\/2025\/07\/2-121.jpeg 1280w\" sizes=\"(max-width: 1024px) 100vw, 1024px\" \/><\/figure>\n\n\n\n<figure class=\"wp-block-image size-large\"><img decoding=\"async\" width=\"1024\" height=\"678\" data-id=\"17542\" src=\"https:\/\/panoramaciudadano.com\/wp-content\/uploads\/2025\/07\/4-76-1024x678.jpeg\" alt=\"\" class=\"wp-image-17542\" srcset=\"https:\/\/panoramaciudadano.com\/wp-content\/uploads\/2025\/07\/4-76-1024x678.jpeg 1024w, https:\/\/panoramaciudadano.com\/wp-content\/uploads\/2025\/07\/4-76-300x199.jpeg 300w, https:\/\/panoramaciudadano.com\/wp-content\/uploads\/2025\/07\/4-76-768x508.jpeg 768w, https:\/\/panoramaciudadano.com\/wp-content\/uploads\/2025\/07\/4-76.jpeg 1280w\" sizes=\"(max-width: 1024px) 100vw, 1024px\" \/><\/figure>\n\n\n\n<figure class=\"wp-block-image size-large\"><img decoding=\"async\" width=\"1024\" height=\"660\" data-id=\"17540\" src=\"https:\/\/panoramaciudadano.com\/wp-content\/uploads\/2025\/07\/5-36-1024x660.jpeg\" alt=\"\" class=\"wp-image-17540\" srcset=\"https:\/\/panoramaciudadano.com\/wp-content\/uploads\/2025\/07\/5-36-1024x660.jpeg 1024w, https:\/\/panoramaciudadano.com\/wp-content\/uploads\/2025\/07\/5-36-300x193.jpeg 300w, https:\/\/panoramaciudadano.com\/wp-content\/uploads\/2025\/07\/5-36-768x495.jpeg 768w, https:\/\/panoramaciudadano.com\/wp-content\/uploads\/2025\/07\/5-36.jpeg 1280w\" sizes=\"(max-width: 1024px) 100vw, 1024px\" \/><\/figure>\n\n\n\n<figure class=\"wp-block-image size-large\"><img decoding=\"async\" width=\"1024\" height=\"662\" data-id=\"17541\" src=\"https:\/\/panoramaciudadano.com\/wp-content\/uploads\/2025\/07\/6-18-1024x662.jpeg\" alt=\"\" class=\"wp-image-17541\" srcset=\"https:\/\/panoramaciudadano.com\/wp-content\/uploads\/2025\/07\/6-18-1024x662.jpeg 1024w, https:\/\/panoramaciudadano.com\/wp-content\/uploads\/2025\/07\/6-18-300x194.jpeg 300w, https:\/\/panoramaciudadano.com\/wp-content\/uploads\/2025\/07\/6-18-768x496.jpeg 768w, https:\/\/panoramaciudadano.com\/wp-content\/uploads\/2025\/07\/6-18.jpeg 1280w\" sizes=\"(max-width: 1024px) 100vw, 1024px\" \/><\/figure>\n\n\n\n<figure class=\"wp-block-image size-large\"><img decoding=\"async\" width=\"1024\" height=\"678\" data-id=\"17539\" src=\"https:\/\/panoramaciudadano.com\/wp-content\/uploads\/2025\/07\/WhatsApp-Image-2025-07-10-at-19.38.04-1024x678.jpeg\" alt=\"\" class=\"wp-image-17539\" srcset=\"https:\/\/panoramaciudadano.com\/wp-content\/uploads\/2025\/07\/WhatsApp-Image-2025-07-10-at-19.38.04-1024x678.jpeg 1024w, https:\/\/panoramaciudadano.com\/wp-content\/uploads\/2025\/07\/WhatsApp-Image-2025-07-10-at-19.38.04-300x199.jpeg 300w, https:\/\/panoramaciudadano.com\/wp-content\/uploads\/2025\/07\/WhatsApp-Image-2025-07-10-at-19.38.04-768x509.jpeg 768w, https:\/\/panoramaciudadano.com\/wp-content\/uploads\/2025\/07\/WhatsApp-Image-2025-07-10-at-19.38.04.jpeg 1280w\" sizes=\"(max-width: 1024px) 100vw, 1024px\" \/><\/figure>\n<\/figure>\n\n\n\n<p>En el marco de la Jornada de Atenci\u00f3n Ciudadana \u201cCanc\u00fan Nos Une\u201d, la Presidenta Municipal, Ana Paty Peralta, atendi\u00f3 personalmente a la ciudadan\u00eda en el Palacio Municipal, como parte de la unidad y acercamiento con la gente, siendo ejemplo de un gobierno humanista que trabaja para la transformaci\u00f3n de Canc\u00fan.<\/p>\n\n\n\n<p>La Alcaldesa recibi\u00f3 a cada una de las y los cancunenses en su despacho, para escuchar de viva voz sus peticiones y dar respuesta inmediata a trav\u00e9s de las diferentes dependencias, siendo una de las caracter\u00edsticas que distingue a este gobierno cercano a las personas.<\/p>\n\n\n\n<p>Hizo menci\u00f3n que, las atenciones ciudadanas se alternan cada semana en el Palacio Municipal y en los diversos domos deportivos que se ubican en las Supermanzanas, para que las familias asistan y sean atendidas de manera oportuna.<\/p>\n\n\n\n<p>Durante la atenci\u00f3n ciudadana se entregaron apoyos funcionales, que fueron gestionados con anterioridad, siendo un gran beneficio para las personas, que agradecieron el apoyo del gobierno municipal.<\/p>\n\n\n\n<p>De igual manera, los servidores p\u00fablicos atendieron en el Sal\u00f3n Presidentes, a la ciudadan\u00eda en sus diferentes gestiones y tr\u00e1mites, proporcionando beneficios como descuentos, tr\u00e1mites \u00e1giles, atenci\u00f3n prioritaria a solicitudes y asesor\u00edas, entre otros.<\/p>\n\n\n\n<p>Es importante destacar que, la siguiente jornada se llevar\u00e1 a cabo el pr\u00f3ximo jueves 17 de julio en la Unidad Deportiva \u201cJos\u00e9 Mar\u00eda Morelos\u201d a un costado del estadio de b\u00e9isbol \u201cToro Valenzuela\u201d, de 08:00 a 15:00 horas, para atenci\u00f3n a la ciudadan\u00eda con m\u00e1s de cien tr\u00e1mites y servicios.<\/p>\n\n\n\n<hr class=\"wp-block-separator has-alpha-channel-opacity\"\/>\n","protected":false},"excerpt":{"rendered":"<p>Servidores p\u00fablicos atendieron a las y los cancunenses en sus respectivas gestiones, como parte de la suma de esfuerzos.<\/p>\n","protected":false},"author":1,"featured_media":17543,"comment_status":"open","ping_status":"closed","sticky":false,"template":"","format":"standard","meta":{"footnotes":""},"categories":[6],"tags":[145],"class_list":["post-17538","post","type-post","status-publish","format-standard","has-post-thumbnail","hentry","category-cancun","tag-ana-paty-peralta"],"yoast_head":"<!-- This site is optimized with the Yoast SEO plugin v27.1.1 - https:\/\/yoast.com\/product\/yoast-seo-wordpress\/ -->\n<title>DESTACA ANA PATY PERALTA CERCAN\u00cdA CON LA GENTE EN JORNADA DE ATENCI\u00d3N CIUDADANA - Panorama Ciudadano<\/title>\n<meta name=\"robots\" content=\"index, follow, max-snippet:-1, max-image-preview:large, max-video-preview:-1\" \/>\n<link rel=\"canonical\" href=\"https:\/\/panoramaciudadano.com\/index.php\/2025\/07\/10\/destaca-ana-paty-peralta-cercania-con-la-gente-en-jornada-de-atencion-ciudadana\/\" \/>\n<meta property=\"og:locale\" content=\"es_ES\" \/>\n<meta property=\"og:type\" content=\"article\" \/>\n<meta property=\"og:title\" content=\"DESTACA ANA PATY PERALTA CERCAN\u00cdA CON LA GENTE EN JORNADA DE ATENCI\u00d3N CIUDADANA - Panorama Ciudadano\" \/>\n<meta property=\"og:description\" content=\"Servidores p\u00fablicos atendieron a las y los cancunenses en sus respectivas gestiones, como parte de la suma de esfuerzos.\" \/>\n<meta property=\"og:url\" content=\"https:\/\/panoramaciudadano.com\/index.php\/2025\/07\/10\/destaca-ana-paty-peralta-cercania-con-la-gente-en-jornada-de-atencion-ciudadana\/\" \/>\n<meta property=\"og:site_name\" content=\"Panorama Ciudadano\" \/>\n<meta property=\"article:publisher\" content=\"https:\/\/www.facebook.com\/panoramaciudadano\" \/>\n<meta property=\"article:published_time\" content=\"2025-07-10T15:28:39+00:00\" \/>\n<meta property=\"article:modified_time\" content=\"2025-07-11T15:30:45+00:00\" \/>\n<meta property=\"og:image\" content=\"https:\/\/panoramaciudadano.com\/wp-content\/uploads\/2025\/07\/3-105.jpeg\" \/>\n\t<meta property=\"og:image:width\" content=\"1280\" \/>\n\t<meta property=\"og:image:height\" content=\"819\" \/>\n\t<meta property=\"og:image:type\" content=\"image\/jpeg\" \/>\n<meta name=\"author\" content=\"admin\" \/>\n<meta name=\"twitter:card\" content=\"summary_large_image\" \/>\n<meta name=\"twitter:label1\" content=\"Escrito por\" \/>\n\t<meta name=\"twitter:data1\" content=\"admin\" \/>\n\t<meta name=\"twitter:label2\" content=\"Tiempo de lectura\" \/>\n\t<meta name=\"twitter:data2\" content=\"3 minutos\" \/>\n<script type=\"application\/ld+json\" class=\"yoast-schema-graph\">{\"@context\":\"https:\/\/schema.org\",\"@graph\":[{\"@type\":\"Article\",\"@id\":\"https:\/\/panoramaciudadano.com\/index.php\/2025\/07\/10\/destaca-ana-paty-peralta-cercania-con-la-gente-en-jornada-de-atencion-ciudadana\/#article\",\"isPartOf\":{\"@id\":\"https:\/\/panoramaciudadano.com\/index.php\/2025\/07\/10\/destaca-ana-paty-peralta-cercania-con-la-gente-en-jornada-de-atencion-ciudadana\/\"},\"author\":{\"name\":\"admin\",\"@id\":\"https:\/\/panoramaciudadano.com\/#\/schema\/person\/ffe9fe8ef47d3a93977b5761fd9e0d96\"},\"headline\":\"DESTACA ANA PATY PERALTA CERCAN\u00cdA CON LA GENTE EN JORNADA DE ATENCI\u00d3N CIUDADANA\",\"datePublished\":\"2025-07-10T15:28:39+00:00\",\"dateModified\":\"2025-07-11T15:30:45+00:00\",\"mainEntityOfPage\":{\"@id\":\"https:\/\/panoramaciudadano.com\/index.php\/2025\/07\/10\/destaca-ana-paty-peralta-cercania-con-la-gente-en-jornada-de-atencion-ciudadana\/\"},\"wordCount\":278,\"commentCount\":0,\"publisher\":{\"@id\":\"https:\/\/panoramaciudadano.com\/#organization\"},\"image\":{\"@id\":\"https:\/\/panoramaciudadano.com\/index.php\/2025\/07\/10\/destaca-ana-paty-peralta-cercania-con-la-gente-en-jornada-de-atencion-ciudadana\/#primaryimage\"},\"thumbnailUrl\":\"https:\/\/panoramaciudadano.com\/wp-content\/uploads\/2025\/07\/3-105.jpeg\",\"keywords\":[\"Ana Paty Peralta\"],\"articleSection\":[\"Canc\u00fan\"],\"inLanguage\":\"es\",\"potentialAction\":[{\"@type\":\"CommentAction\",\"name\":\"Comment\",\"target\":[\"https:\/\/panoramaciudadano.com\/index.php\/2025\/07\/10\/destaca-ana-paty-peralta-cercania-con-la-gente-en-jornada-de-atencion-ciudadana\/#respond\"]}]},{\"@type\":\"WebPage\",\"@id\":\"https:\/\/panoramaciudadano.com\/index.php\/2025\/07\/10\/destaca-ana-paty-peralta-cercania-con-la-gente-en-jornada-de-atencion-ciudadana\/\",\"url\":\"https:\/\/panoramaciudadano.com\/index.php\/2025\/07\/10\/destaca-ana-paty-peralta-cercania-con-la-gente-en-jornada-de-atencion-ciudadana\/\",\"name\":\"DESTACA ANA PATY PERALTA CERCAN\u00cdA CON LA GENTE EN JORNADA DE ATENCI\u00d3N CIUDADANA - Panorama Ciudadano\",\"isPartOf\":{\"@id\":\"https:\/\/panoramaciudadano.com\/#website\"},\"primaryImageOfPage\":{\"@id\":\"https:\/\/panoramaciudadano.com\/index.php\/2025\/07\/10\/destaca-ana-paty-peralta-cercania-con-la-gente-en-jornada-de-atencion-ciudadana\/#primaryimage\"},\"image\":{\"@id\":\"https:\/\/panoramaciudadano.com\/index.php\/2025\/07\/10\/destaca-ana-paty-peralta-cercania-con-la-gente-en-jornada-de-atencion-ciudadana\/#primaryimage\"},\"thumbnailUrl\":\"https:\/\/panoramaciudadano.com\/wp-content\/uploads\/2025\/07\/3-105.jpeg\",\"datePublished\":\"2025-07-10T15:28:39+00:00\",\"dateModified\":\"2025-07-11T15:30:45+00:00\",\"breadcrumb\":{\"@id\":\"https:\/\/panoramaciudadano.com\/index.php\/2025\/07\/10\/destaca-ana-paty-peralta-cercania-con-la-gente-en-jornada-de-atencion-ciudadana\/#breadcrumb\"},\"inLanguage\":\"es\",\"potentialAction\":[{\"@type\":\"ReadAction\",\"target\":[\"https:\/\/panoramaciudadano.com\/index.php\/2025\/07\/10\/destaca-ana-paty-peralta-cercania-con-la-gente-en-jornada-de-atencion-ciudadana\/\"]}]},{\"@type\":\"ImageObject\",\"inLanguage\":\"es\",\"@id\":\"https:\/\/panoramaciudadano.com\/index.php\/2025\/07\/10\/destaca-ana-paty-peralta-cercania-con-la-gente-en-jornada-de-atencion-ciudadana\/#primaryimage\",\"url\":\"https:\/\/panoramaciudadano.com\/wp-content\/uploads\/2025\/07\/3-105.jpeg\",\"contentUrl\":\"https:\/\/panoramaciudadano.com\/wp-content\/uploads\/2025\/07\/3-105.jpeg\",\"width\":1280,\"height\":819},{\"@type\":\"BreadcrumbList\",\"@id\":\"https:\/\/panoramaciudadano.com\/index.php\/2025\/07\/10\/destaca-ana-paty-peralta-cercania-con-la-gente-en-jornada-de-atencion-ciudadana\/#breadcrumb\",\"itemListElement\":[{\"@type\":\"ListItem\",\"position\":1,\"name\":\"Portada\",\"item\":\"https:\/\/panoramaciudadano.com\/\"},{\"@type\":\"ListItem\",\"position\":2,\"name\":\"DESTACA ANA PATY PERALTA CERCAN\u00cdA CON LA GENTE EN JORNADA DE ATENCI\u00d3N CIUDADANA\"}]},{\"@type\":\"WebSite\",\"@id\":\"https:\/\/panoramaciudadano.com\/#website\",\"url\":\"https:\/\/panoramaciudadano.com\/\",\"name\":\"Panorama Ciudadano\",\"description\":\"\",\"publisher\":{\"@id\":\"https:\/\/panoramaciudadano.com\/#organization\"},\"potentialAction\":[{\"@type\":\"SearchAction\",\"target\":{\"@type\":\"EntryPoint\",\"urlTemplate\":\"https:\/\/panoramaciudadano.com\/?s={search_term_string}\"},\"query-input\":{\"@type\":\"PropertyValueSpecification\",\"valueRequired\":true,\"valueName\":\"search_term_string\"}}],\"inLanguage\":\"es\"},{\"@type\":\"Organization\",\"@id\":\"https:\/\/panoramaciudadano.com\/#organization\",\"name\":\"Panorama Ciudadano\",\"url\":\"https:\/\/panoramaciudadano.com\/\",\"logo\":{\"@type\":\"ImageObject\",\"inLanguage\":\"es\",\"@id\":\"https:\/\/panoramaciudadano.com\/#\/schema\/logo\/image\/\",\"url\":\"https:\/\/panoramaciudadano.com\/wp-content\/uploads\/2024\/05\/401498640_919267042938564_6290593609399108733_n.jpg\",\"contentUrl\":\"https:\/\/panoramaciudadano.com\/wp-content\/uploads\/2024\/05\/401498640_919267042938564_6290593609399108733_n.jpg\",\"width\":960,\"height\":957,\"caption\":\"Panorama Ciudadano\"},\"image\":{\"@id\":\"https:\/\/panoramaciudadano.com\/#\/schema\/logo\/image\/\"},\"sameAs\":[\"https:\/\/www.facebook.com\/panoramaciudadano\"]},{\"@type\":\"Person\",\"@id\":\"https:\/\/panoramaciudadano.com\/#\/schema\/person\/ffe9fe8ef47d3a93977b5761fd9e0d96\",\"name\":\"admin\",\"image\":{\"@type\":\"ImageObject\",\"inLanguage\":\"es\",\"@id\":\"https:\/\/panoramaciudadano.com\/#\/schema\/person\/image\/\",\"url\":\"https:\/\/secure.gravatar.com\/avatar\/2d5a12cacce3f18096f25fadea8abb7202fef18ed669595589853e84260ff451?s=96&d=mm&r=g\",\"contentUrl\":\"https:\/\/secure.gravatar.com\/avatar\/2d5a12cacce3f18096f25fadea8abb7202fef18ed669595589853e84260ff451?s=96&d=mm&r=g\",\"caption\":\"admin\"},\"sameAs\":[\"https:\/\/panoramaciudadano.com\"],\"url\":\"https:\/\/panoramaciudadano.com\/index.php\/author\/admin_3q6hyqq3\/\"}]}<\/script>\n<!-- \/ Yoast SEO plugin. -->","yoast_head_json":{"title":"DESTACA ANA PATY PERALTA CERCAN\u00cdA CON LA GENTE EN JORNADA DE ATENCI\u00d3N CIUDADANA - Panorama Ciudadano","robots":{"index":"index","follow":"follow","max-snippet":"max-snippet:-1","max-image-preview":"max-image-preview:large","max-video-preview":"max-video-preview:-1"},"canonical":"https:\/\/panoramaciudadano.com\/index.php\/2025\/07\/10\/destaca-ana-paty-peralta-cercania-con-la-gente-en-jornada-de-atencion-ciudadana\/","og_locale":"es_ES","og_type":"article","og_title":"DESTACA ANA PATY PERALTA CERCAN\u00cdA CON LA GENTE EN JORNADA DE ATENCI\u00d3N CIUDADANA - Panorama Ciudadano","og_description":"Servidores p\u00fablicos atendieron a las y los cancunenses en sus respectivas gestiones, como parte de la suma de esfuerzos.","og_url":"https:\/\/panoramaciudadano.com\/index.php\/2025\/07\/10\/destaca-ana-paty-peralta-cercania-con-la-gente-en-jornada-de-atencion-ciudadana\/","og_site_name":"Panorama Ciudadano","article_publisher":"https:\/\/www.facebook.com\/panoramaciudadano","article_published_time":"2025-07-10T15:28:39+00:00","article_modified_time":"2025-07-11T15:30:45+00:00","og_image":[{"width":1280,"height":819,"url":"https:\/\/panoramaciudadano.com\/wp-content\/uploads\/2025\/07\/3-105.jpeg","type":"image\/jpeg"}],"author":"admin","twitter_card":"summary_large_image","twitter_misc":{"Escrito por":"admin","Tiempo de lectura":"3 minutos"},"schema":{"@context":"https:\/\/schema.org","@graph":[{"@type":"Article","@id":"https:\/\/panoramaciudadano.com\/index.php\/2025\/07\/10\/destaca-ana-paty-peralta-cercania-con-la-gente-en-jornada-de-atencion-ciudadana\/#article","isPartOf":{"@id":"https:\/\/panoramaciudadano.com\/index.php\/2025\/07\/10\/destaca-ana-paty-peralta-cercania-con-la-gente-en-jornada-de-atencion-ciudadana\/"},"author":{"name":"admin","@id":"https:\/\/panoramaciudadano.com\/#\/schema\/person\/ffe9fe8ef47d3a93977b5761fd9e0d96"},"headline":"DESTACA ANA PATY PERALTA CERCAN\u00cdA CON LA GENTE EN JORNADA DE ATENCI\u00d3N CIUDADANA","datePublished":"2025-07-10T15:28:39+00:00","dateModified":"2025-07-11T15:30:45+00:00","mainEntityOfPage":{"@id":"https:\/\/panoramaciudadano.com\/index.php\/2025\/07\/10\/destaca-ana-paty-peralta-cercania-con-la-gente-en-jornada-de-atencion-ciudadana\/"},"wordCount":278,"commentCount":0,"publisher":{"@id":"https:\/\/panoramaciudadano.com\/#organization"},"image":{"@id":"https:\/\/panoramaciudadano.com\/index.php\/2025\/07\/10\/destaca-ana-paty-peralta-cercania-con-la-gente-en-jornada-de-atencion-ciudadana\/#primaryimage"},"thumbnailUrl":"https:\/\/panoramaciudadano.com\/wp-content\/uploads\/2025\/07\/3-105.jpeg","keywords":["Ana Paty Peralta"],"articleSection":["Canc\u00fan"],"inLanguage":"es","potentialAction":[{"@type":"CommentAction","name":"Comment","target":["https:\/\/panoramaciudadano.com\/index.php\/2025\/07\/10\/destaca-ana-paty-peralta-cercania-con-la-gente-en-jornada-de-atencion-ciudadana\/#respond"]}]},{"@type":"WebPage","@id":"https:\/\/panoramaciudadano.com\/index.php\/2025\/07\/10\/destaca-ana-paty-peralta-cercania-con-la-gente-en-jornada-de-atencion-ciudadana\/","url":"https:\/\/panoramaciudadano.com\/index.php\/2025\/07\/10\/destaca-ana-paty-peralta-cercania-con-la-gente-en-jornada-de-atencion-ciudadana\/","name":"DESTACA ANA PATY PERALTA CERCAN\u00cdA CON LA GENTE EN JORNADA DE ATENCI\u00d3N CIUDADANA - Panorama Ciudadano","isPartOf":{"@id":"https:\/\/panoramaciudadano.com\/#website"},"primaryImageOfPage":{"@id":"https:\/\/panoramaciudadano.com\/index.php\/2025\/07\/10\/destaca-ana-paty-peralta-cercania-con-la-gente-en-jornada-de-atencion-ciudadana\/#primaryimage"},"image":{"@id":"https:\/\/panoramaciudadano.com\/index.php\/2025\/07\/10\/destaca-ana-paty-peralta-cercania-con-la-gente-en-jornada-de-atencion-ciudadana\/#primaryimage"},"thumbnailUrl":"https:\/\/panoramaciudadano.com\/wp-content\/uploads\/2025\/07\/3-105.jpeg","datePublished":"2025-07-10T15:28:39+00:00","dateModified":"2025-07-11T15:30:45+00:00","breadcrumb":{"@id":"https:\/\/panoramaciudadano.com\/index.php\/2025\/07\/10\/destaca-ana-paty-peralta-cercania-con-la-gente-en-jornada-de-atencion-ciudadana\/#breadcrumb"},"inLanguage":"es","potentialAction":[{"@type":"ReadAction","target":["https:\/\/panoramaciudadano.com\/index.php\/2025\/07\/10\/destaca-ana-paty-peralta-cercania-con-la-gente-en-jornada-de-atencion-ciudadana\/"]}]},{"@type":"ImageObject","inLanguage":"es","@id":"https:\/\/panoramaciudadano.com\/index.php\/2025\/07\/10\/destaca-ana-paty-peralta-cercania-con-la-gente-en-jornada-de-atencion-ciudadana\/#primaryimage","url":"https:\/\/panoramaciudadano.com\/wp-content\/uploads\/2025\/07\/3-105.jpeg","contentUrl":"https:\/\/panoramaciudadano.com\/wp-content\/uploads\/2025\/07\/3-105.jpeg","width":1280,"height":819},{"@type":"BreadcrumbList","@id":"https:\/\/panoramaciudadano.com\/index.php\/2025\/07\/10\/destaca-ana-paty-peralta-cercania-con-la-gente-en-jornada-de-atencion-ciudadana\/#breadcrumb","itemListElement":[{"@type":"ListItem","position":1,"name":"Portada","item":"https:\/\/panoramaciudadano.com\/"},{"@type":"ListItem","position":2,"name":"DESTACA ANA PATY PERALTA CERCAN\u00cdA CON LA GENTE EN JORNADA DE ATENCI\u00d3N CIUDADANA"}]},{"@type":"WebSite","@id":"https:\/\/panoramaciudadano.com\/#website","url":"https:\/\/panoramaciudadano.com\/","name":"Panorama Ciudadano","description":"","publisher":{"@id":"https:\/\/panoramaciudadano.com\/#organization"},"potentialAction":[{"@type":"SearchAction","target":{"@type":"EntryPoint","urlTemplate":"https:\/\/panoramaciudadano.com\/?s={search_term_string}"},"query-input":{"@type":"PropertyValueSpecification","valueRequired":true,"valueName":"search_term_string"}}],"inLanguage":"es"},{"@type":"Organization","@id":"https:\/\/panoramaciudadano.com\/#organization","name":"Panorama Ciudadano","url":"https:\/\/panoramaciudadano.com\/","logo":{"@type":"ImageObject","inLanguage":"es","@id":"https:\/\/panoramaciudadano.com\/#\/schema\/logo\/image\/","url":"https:\/\/panoramaciudadano.com\/wp-content\/uploads\/2024\/05\/401498640_919267042938564_6290593609399108733_n.jpg","contentUrl":"https:\/\/panoramaciudadano.com\/wp-content\/uploads\/2024\/05\/401498640_919267042938564_6290593609399108733_n.jpg","width":960,"height":957,"caption":"Panorama Ciudadano"},"image":{"@id":"https:\/\/panoramaciudadano.com\/#\/schema\/logo\/image\/"},"sameAs":["https:\/\/www.facebook.com\/panoramaciudadano"]},{"@type":"Person","@id":"https:\/\/panoramaciudadano.com\/#\/schema\/person\/ffe9fe8ef47d3a93977b5761fd9e0d96","name":"admin","image":{"@type":"ImageObject","inLanguage":"es","@id":"https:\/\/panoramaciudadano.com\/#\/schema\/person\/image\/","url":"https:\/\/secure.gravatar.com\/avatar\/2d5a12cacce3f18096f25fadea8abb7202fef18ed669595589853e84260ff451?s=96&d=mm&r=g","contentUrl":"https:\/\/secure.gravatar.com\/avatar\/2d5a12cacce3f18096f25fadea8abb7202fef18ed669595589853e84260ff451?s=96&d=mm&r=g","caption":"admin"},"sameAs":["https:\/\/panoramaciudadano.com"],"url":"https:\/\/panoramaciudadano.com\/index.php\/author\/admin_3q6hyqq3\/"}]}},"_links":{"self":[{"href":"https:\/\/panoramaciudadano.com\/index.php\/wp-json\/wp\/v2\/posts\/17538","targetHints":{"allow":["GET"]}}],"collection":[{"href":"https:\/\/panoramaciudadano.com\/index.php\/wp-json\/wp\/v2\/posts"}],"about":[{"href":"https:\/\/panoramaciudadano.com\/index.php\/wp-json\/wp\/v2\/types\/post"}],"author":[{"embeddable":true,"href":"https:\/\/panoramaciudadano.com\/index.php\/wp-json\/wp\/v2\/users\/1"}],"replies":[{"embeddable":true,"href":"https:\/\/panoramaciudadano.com\/index.php\/wp-json\/wp\/v2\/comments?post=17538"}],"version-history":[{"count":1,"href":"https:\/\/panoramaciudadano.com\/index.php\/wp-json\/wp\/v2\/posts\/17538\/revisions"}],"predecessor-version":[{"id":17545,"href":"https:\/\/panoramaciudadano.com\/index.php\/wp-json\/wp\/v2\/posts\/17538\/revisions\/17545"}],"wp:featuredmedia":[{"embeddable":true,"href":"https:\/\/panoramaciudadano.com\/index.php\/wp-json\/wp\/v2\/media\/17543"}],"wp:attachment":[{"href":"https:\/\/panoramaciudadano.com\/index.php\/wp-json\/wp\/v2\/media?parent=17538"}],"wp:term":[{"taxonomy":"category","embeddable":true,"href":"https:\/\/panoramaciudadano.com\/index.php\/wp-json\/wp\/v2\/categories?post=17538"},{"taxonomy":"post_tag","embeddable":true,"href":"https:\/\/panoramaciudadano.com\/index.php\/wp-json\/wp\/v2\/tags?post=17538"}],"curies":[{"name":"wp","href":"https:\/\/api.w.org\/{rel}","templated":true}]}}