{"id":17572,"date":"2025-07-10T11:15:58","date_gmt":"2025-07-10T16:15:58","guid":{"rendered":"https:\/\/panoramaciudadano.com\/?p=17572"},"modified":"2025-07-11T11:41:01","modified_gmt":"2025-07-11T16:41:01","slug":"hallan-sin-vida-a-joven-reportado-como-desaparecido-en-la-region-214-de-cancun","status":"publish","type":"post","link":"https:\/\/panoramaciudadano.com\/index.php\/2025\/07\/10\/hallan-sin-vida-a-joven-reportado-como-desaparecido-en-la-region-214-de-cancun\/","title":{"rendered":"Hallan sin vida a joven reportado como desaparecido en la Regi\u00f3n 214 de Canc\u00fan"},"content":{"rendered":"\n<figure class=\"wp-block-gallery has-nested-images columns-default is-cropped wp-block-gallery-1 is-layout-flex wp-block-gallery-is-layout-flex\">\n<figure class=\"wp-block-image size-large\"><img decoding=\"async\" width=\"899\" height=\"705\" data-id=\"17575\" src=\"https:\/\/panoramaciudadano.com\/wp-content\/uploads\/2025\/07\/WhatsApp-Image-2025-07-10-at-19.28.43.jpeg\" alt=\"\" class=\"wp-image-17575\" srcset=\"https:\/\/panoramaciudadano.com\/wp-content\/uploads\/2025\/07\/WhatsApp-Image-2025-07-10-at-19.28.43.jpeg 899w, https:\/\/panoramaciudadano.com\/wp-content\/uploads\/2025\/07\/WhatsApp-Image-2025-07-10-at-19.28.43-300x235.jpeg 300w, https:\/\/panoramaciudadano.com\/wp-content\/uploads\/2025\/07\/WhatsApp-Image-2025-07-10-at-19.28.43-768x602.jpeg 768w\" sizes=\"(max-width: 899px) 100vw, 899px\" \/><\/figure>\n<\/figure>\n\n\n\n<p>Un joven identificado como \u00c1ngel David Rives Segovia de 19 a\u00f1os, quien llevaba dos d\u00edas desaparecido, fue encontrado hoy por la ma\u00f1ana en un \u00e1rea de maleza de la Regi\u00f3n 214, sobre un camino de terracer\u00eda que conecta el fraccionamiento Galaxias del Sol con la colonia irregular La Uni\u00f3n.<\/p>\n\n\n\n<p>El reporte fue emitido al n\u00famero de emergencias 911 alrededor de las 08:00 horas, lo que gener\u00f3 la movilizaci\u00f3n de elementos de la Polic\u00eda Municipal y param\u00e9dicos quienes confirmaron que el joven ya no contaba con signos vitales.<\/p>\n\n\n\n<p>De acuerdo con los primeros informes el joven ya hab\u00eda sido reportado por sus familiares como desaparecido ante las autoridades, por lo que contaba con ficha de b\u00fasqueda.<\/p>\n\n\n\n<p>Al ser encontrado vest\u00eda con short color verde tipo militar, playera blanco con rojo, se encontraba boca arriba, el cual presentaba m\u00faltiples lesiones visibles por golpes y arma blanca.<\/p>\n\n\n\n<p>Al lugar arribaron Agentes de Investigaci\u00f3n de la Unidad de Homicidios para iniciar con las averiguaciones del crimen.<\/p>\n\n\n\n<p>Una hora aproximadamente m\u00e1s tarde llegaron peritos criminalistas de la Fiscal\u00eda General del Estado para levantar el cuerpo y trasladarlo a la morgue donde le ser\u00e1 practicada la necropsia de rigor.<\/p>\n","protected":false},"excerpt":{"rendered":"<p>Un joven identificado como \u00c1ngel David Rives Segovia de 19 a\u00f1os, quien llevaba dos d\u00edas desaparecido, fue encontrado hoy por la ma\u00f1ana en un \u00e1rea de maleza de la Regi\u00f3n 214, sobre un camino de terracer\u00eda que conecta el fraccionamiento Galaxias del Sol con la colonia irregular La Uni\u00f3n.Un joven identificado como \u00c1ngel David Rives Segovia de 19 a\u00f1os, quien llevaba dos d\u00edas desaparecido, fue encontrado hoy por la ma\u00f1ana en un \u00e1rea de maleza de la Regi\u00f3n 214, sobre un camino de terracer\u00eda que conecta el fraccionamiento Galaxias del Sol con la colonia irregular La Uni\u00f3n.<\/p>\n","protected":false},"author":1,"featured_media":17573,"comment_status":"open","ping_status":"closed","sticky":false,"template":"","format":"standard","meta":{"footnotes":""},"categories":[6],"tags":[1718],"class_list":["post-17572","post","type-post","status-publish","format-standard","has-post-thumbnail","hentry","category-cancun","tag-region-214"],"yoast_head":"<!-- This site is optimized with the Yoast SEO plugin v27.1.1 - https:\/\/yoast.com\/product\/yoast-seo-wordpress\/ -->\n<title>Hallan sin vida a joven reportado como desaparecido en la Regi\u00f3n 214 de Canc\u00fan - Panorama Ciudadano<\/title>\n<meta name=\"robots\" content=\"index, follow, max-snippet:-1, max-image-preview:large, max-video-preview:-1\" \/>\n<link rel=\"canonical\" href=\"https:\/\/panoramaciudadano.com\/index.php\/2025\/07\/10\/hallan-sin-vida-a-joven-reportado-como-desaparecido-en-la-region-214-de-cancun\/\" \/>\n<meta property=\"og:locale\" content=\"es_ES\" \/>\n<meta property=\"og:type\" content=\"article\" \/>\n<meta property=\"og:title\" content=\"Hallan sin vida a joven reportado como desaparecido en la Regi\u00f3n 214 de Canc\u00fan - Panorama Ciudadano\" \/>\n<meta property=\"og:description\" content=\"Un joven identificado como \u00c1ngel David Rives Segovia de 19 a\u00f1os, quien llevaba dos d\u00edas desaparecido, fue encontrado hoy por la ma\u00f1ana en un \u00e1rea de maleza de la Regi\u00f3n 214, sobre un camino de terracer\u00eda que conecta el fraccionamiento Galaxias del Sol con la colonia irregular La Uni\u00f3n.Un joven identificado como \u00c1ngel David Rives Segovia de 19 a\u00f1os, quien llevaba dos d\u00edas desaparecido, fue encontrado hoy por la ma\u00f1ana en un \u00e1rea de maleza de la Regi\u00f3n 214, sobre un camino de terracer\u00eda que conecta el fraccionamiento Galaxias del Sol con la colonia irregular La Uni\u00f3n.\" \/>\n<meta property=\"og:url\" content=\"https:\/\/panoramaciudadano.com\/index.php\/2025\/07\/10\/hallan-sin-vida-a-joven-reportado-como-desaparecido-en-la-region-214-de-cancun\/\" \/>\n<meta property=\"og:site_name\" content=\"Panorama Ciudadano\" \/>\n<meta property=\"article:publisher\" content=\"https:\/\/www.facebook.com\/panoramaciudadano\" \/>\n<meta property=\"article:published_time\" content=\"2025-07-10T16:15:58+00:00\" \/>\n<meta property=\"article:modified_time\" content=\"2025-07-11T16:41:01+00:00\" \/>\n<meta property=\"og:image\" content=\"https:\/\/panoramaciudadano.com\/wp-content\/uploads\/2025\/07\/3-110.jpeg\" \/>\n\t<meta property=\"og:image:width\" content=\"1280\" \/>\n\t<meta property=\"og:image:height\" content=\"720\" \/>\n\t<meta property=\"og:image:type\" content=\"image\/jpeg\" \/>\n<meta name=\"author\" content=\"admin\" \/>\n<meta name=\"twitter:card\" content=\"summary_large_image\" \/>\n<meta name=\"twitter:label1\" content=\"Escrito por\" \/>\n\t<meta name=\"twitter:data1\" content=\"admin\" \/>\n\t<meta name=\"twitter:label2\" content=\"Tiempo de lectura\" \/>\n\t<meta name=\"twitter:data2\" content=\"2 minutos\" \/>\n<script type=\"application\/ld+json\" class=\"yoast-schema-graph\">{\"@context\":\"https:\/\/schema.org\",\"@graph\":[{\"@type\":\"Article\",\"@id\":\"https:\/\/panoramaciudadano.com\/index.php\/2025\/07\/10\/hallan-sin-vida-a-joven-reportado-como-desaparecido-en-la-region-214-de-cancun\/#article\",\"isPartOf\":{\"@id\":\"https:\/\/panoramaciudadano.com\/index.php\/2025\/07\/10\/hallan-sin-vida-a-joven-reportado-como-desaparecido-en-la-region-214-de-cancun\/\"},\"author\":{\"name\":\"admin\",\"@id\":\"https:\/\/panoramaciudadano.com\/#\/schema\/person\/ffe9fe8ef47d3a93977b5761fd9e0d96\"},\"headline\":\"Hallan sin vida a joven reportado como desaparecido en la Regi\u00f3n 214 de Canc\u00fan\",\"datePublished\":\"2025-07-10T16:15:58+00:00\",\"dateModified\":\"2025-07-11T16:41:01+00:00\",\"mainEntityOfPage\":{\"@id\":\"https:\/\/panoramaciudadano.com\/index.php\/2025\/07\/10\/hallan-sin-vida-a-joven-reportado-como-desaparecido-en-la-region-214-de-cancun\/\"},\"wordCount\":221,\"commentCount\":0,\"publisher\":{\"@id\":\"https:\/\/panoramaciudadano.com\/#organization\"},\"image\":{\"@id\":\"https:\/\/panoramaciudadano.com\/index.php\/2025\/07\/10\/hallan-sin-vida-a-joven-reportado-como-desaparecido-en-la-region-214-de-cancun\/#primaryimage\"},\"thumbnailUrl\":\"https:\/\/panoramaciudadano.com\/wp-content\/uploads\/2025\/07\/3-110.jpeg\",\"keywords\":[\"regi\u00f3n 214\"],\"articleSection\":[\"Canc\u00fan\"],\"inLanguage\":\"es\",\"potentialAction\":[{\"@type\":\"CommentAction\",\"name\":\"Comment\",\"target\":[\"https:\/\/panoramaciudadano.com\/index.php\/2025\/07\/10\/hallan-sin-vida-a-joven-reportado-como-desaparecido-en-la-region-214-de-cancun\/#respond\"]}]},{\"@type\":\"WebPage\",\"@id\":\"https:\/\/panoramaciudadano.com\/index.php\/2025\/07\/10\/hallan-sin-vida-a-joven-reportado-como-desaparecido-en-la-region-214-de-cancun\/\",\"url\":\"https:\/\/panoramaciudadano.com\/index.php\/2025\/07\/10\/hallan-sin-vida-a-joven-reportado-como-desaparecido-en-la-region-214-de-cancun\/\",\"name\":\"Hallan sin vida a joven reportado como desaparecido en la Regi\u00f3n 214 de Canc\u00fan - Panorama Ciudadano\",\"isPartOf\":{\"@id\":\"https:\/\/panoramaciudadano.com\/#website\"},\"primaryImageOfPage\":{\"@id\":\"https:\/\/panoramaciudadano.com\/index.php\/2025\/07\/10\/hallan-sin-vida-a-joven-reportado-como-desaparecido-en-la-region-214-de-cancun\/#primaryimage\"},\"image\":{\"@id\":\"https:\/\/panoramaciudadano.com\/index.php\/2025\/07\/10\/hallan-sin-vida-a-joven-reportado-como-desaparecido-en-la-region-214-de-cancun\/#primaryimage\"},\"thumbnailUrl\":\"https:\/\/panoramaciudadano.com\/wp-content\/uploads\/2025\/07\/3-110.jpeg\",\"datePublished\":\"2025-07-10T16:15:58+00:00\",\"dateModified\":\"2025-07-11T16:41:01+00:00\",\"breadcrumb\":{\"@id\":\"https:\/\/panoramaciudadano.com\/index.php\/2025\/07\/10\/hallan-sin-vida-a-joven-reportado-como-desaparecido-en-la-region-214-de-cancun\/#breadcrumb\"},\"inLanguage\":\"es\",\"potentialAction\":[{\"@type\":\"ReadAction\",\"target\":[\"https:\/\/panoramaciudadano.com\/index.php\/2025\/07\/10\/hallan-sin-vida-a-joven-reportado-como-desaparecido-en-la-region-214-de-cancun\/\"]}]},{\"@type\":\"ImageObject\",\"inLanguage\":\"es\",\"@id\":\"https:\/\/panoramaciudadano.com\/index.php\/2025\/07\/10\/hallan-sin-vida-a-joven-reportado-como-desaparecido-en-la-region-214-de-cancun\/#primaryimage\",\"url\":\"https:\/\/panoramaciudadano.com\/wp-content\/uploads\/2025\/07\/3-110.jpeg\",\"contentUrl\":\"https:\/\/panoramaciudadano.com\/wp-content\/uploads\/2025\/07\/3-110.jpeg\",\"width\":1280,\"height\":720},{\"@type\":\"BreadcrumbList\",\"@id\":\"https:\/\/panoramaciudadano.com\/index.php\/2025\/07\/10\/hallan-sin-vida-a-joven-reportado-como-desaparecido-en-la-region-214-de-cancun\/#breadcrumb\",\"itemListElement\":[{\"@type\":\"ListItem\",\"position\":1,\"name\":\"Portada\",\"item\":\"https:\/\/panoramaciudadano.com\/\"},{\"@type\":\"ListItem\",\"position\":2,\"name\":\"Hallan sin vida a joven reportado como desaparecido en la Regi\u00f3n 214 de Canc\u00fan\"}]},{\"@type\":\"WebSite\",\"@id\":\"https:\/\/panoramaciudadano.com\/#website\",\"url\":\"https:\/\/panoramaciudadano.com\/\",\"name\":\"Panorama Ciudadano\",\"description\":\"\",\"publisher\":{\"@id\":\"https:\/\/panoramaciudadano.com\/#organization\"},\"potentialAction\":[{\"@type\":\"SearchAction\",\"target\":{\"@type\":\"EntryPoint\",\"urlTemplate\":\"https:\/\/panoramaciudadano.com\/?s={search_term_string}\"},\"query-input\":{\"@type\":\"PropertyValueSpecification\",\"valueRequired\":true,\"valueName\":\"search_term_string\"}}],\"inLanguage\":\"es\"},{\"@type\":\"Organization\",\"@id\":\"https:\/\/panoramaciudadano.com\/#organization\",\"name\":\"Panorama Ciudadano\",\"url\":\"https:\/\/panoramaciudadano.com\/\",\"logo\":{\"@type\":\"ImageObject\",\"inLanguage\":\"es\",\"@id\":\"https:\/\/panoramaciudadano.com\/#\/schema\/logo\/image\/\",\"url\":\"https:\/\/panoramaciudadano.com\/wp-content\/uploads\/2024\/05\/401498640_919267042938564_6290593609399108733_n.jpg\",\"contentUrl\":\"https:\/\/panoramaciudadano.com\/wp-content\/uploads\/2024\/05\/401498640_919267042938564_6290593609399108733_n.jpg\",\"width\":960,\"height\":957,\"caption\":\"Panorama Ciudadano\"},\"image\":{\"@id\":\"https:\/\/panoramaciudadano.com\/#\/schema\/logo\/image\/\"},\"sameAs\":[\"https:\/\/www.facebook.com\/panoramaciudadano\"]},{\"@type\":\"Person\",\"@id\":\"https:\/\/panoramaciudadano.com\/#\/schema\/person\/ffe9fe8ef47d3a93977b5761fd9e0d96\",\"name\":\"admin\",\"image\":{\"@type\":\"ImageObject\",\"inLanguage\":\"es\",\"@id\":\"https:\/\/panoramaciudadano.com\/#\/schema\/person\/image\/\",\"url\":\"https:\/\/secure.gravatar.com\/avatar\/2d5a12cacce3f18096f25fadea8abb7202fef18ed669595589853e84260ff451?s=96&d=mm&r=g\",\"contentUrl\":\"https:\/\/secure.gravatar.com\/avatar\/2d5a12cacce3f18096f25fadea8abb7202fef18ed669595589853e84260ff451?s=96&d=mm&r=g\",\"caption\":\"admin\"},\"sameAs\":[\"https:\/\/panoramaciudadano.com\"],\"url\":\"https:\/\/panoramaciudadano.com\/index.php\/author\/admin_3q6hyqq3\/\"}]}<\/script>\n<!-- \/ Yoast SEO plugin. -->","yoast_head_json":{"title":"Hallan sin vida a joven reportado como desaparecido en la Regi\u00f3n 214 de Canc\u00fan - Panorama Ciudadano","robots":{"index":"index","follow":"follow","max-snippet":"max-snippet:-1","max-image-preview":"max-image-preview:large","max-video-preview":"max-video-preview:-1"},"canonical":"https:\/\/panoramaciudadano.com\/index.php\/2025\/07\/10\/hallan-sin-vida-a-joven-reportado-como-desaparecido-en-la-region-214-de-cancun\/","og_locale":"es_ES","og_type":"article","og_title":"Hallan sin vida a joven reportado como desaparecido en la Regi\u00f3n 214 de Canc\u00fan - Panorama Ciudadano","og_description":"Un joven identificado como \u00c1ngel David Rives Segovia de 19 a\u00f1os, quien llevaba dos d\u00edas desaparecido, fue encontrado hoy por la ma\u00f1ana en un \u00e1rea de maleza de la Regi\u00f3n 214, sobre un camino de terracer\u00eda que conecta el fraccionamiento Galaxias del Sol con la colonia irregular La Uni\u00f3n.Un joven identificado como \u00c1ngel David Rives Segovia de 19 a\u00f1os, quien llevaba dos d\u00edas desaparecido, fue encontrado hoy por la ma\u00f1ana en un \u00e1rea de maleza de la Regi\u00f3n 214, sobre un camino de terracer\u00eda que conecta el fraccionamiento Galaxias del Sol con la colonia irregular La Uni\u00f3n.","og_url":"https:\/\/panoramaciudadano.com\/index.php\/2025\/07\/10\/hallan-sin-vida-a-joven-reportado-como-desaparecido-en-la-region-214-de-cancun\/","og_site_name":"Panorama Ciudadano","article_publisher":"https:\/\/www.facebook.com\/panoramaciudadano","article_published_time":"2025-07-10T16:15:58+00:00","article_modified_time":"2025-07-11T16:41:01+00:00","og_image":[{"width":1280,"height":720,"url":"https:\/\/panoramaciudadano.com\/wp-content\/uploads\/2025\/07\/3-110.jpeg","type":"image\/jpeg"}],"author":"admin","twitter_card":"summary_large_image","twitter_misc":{"Escrito por":"admin","Tiempo de lectura":"2 minutos"},"schema":{"@context":"https:\/\/schema.org","@graph":[{"@type":"Article","@id":"https:\/\/panoramaciudadano.com\/index.php\/2025\/07\/10\/hallan-sin-vida-a-joven-reportado-como-desaparecido-en-la-region-214-de-cancun\/#article","isPartOf":{"@id":"https:\/\/panoramaciudadano.com\/index.php\/2025\/07\/10\/hallan-sin-vida-a-joven-reportado-como-desaparecido-en-la-region-214-de-cancun\/"},"author":{"name":"admin","@id":"https:\/\/panoramaciudadano.com\/#\/schema\/person\/ffe9fe8ef47d3a93977b5761fd9e0d96"},"headline":"Hallan sin vida a joven reportado como desaparecido en la Regi\u00f3n 214 de Canc\u00fan","datePublished":"2025-07-10T16:15:58+00:00","dateModified":"2025-07-11T16:41:01+00:00","mainEntityOfPage":{"@id":"https:\/\/panoramaciudadano.com\/index.php\/2025\/07\/10\/hallan-sin-vida-a-joven-reportado-como-desaparecido-en-la-region-214-de-cancun\/"},"wordCount":221,"commentCount":0,"publisher":{"@id":"https:\/\/panoramaciudadano.com\/#organization"},"image":{"@id":"https:\/\/panoramaciudadano.com\/index.php\/2025\/07\/10\/hallan-sin-vida-a-joven-reportado-como-desaparecido-en-la-region-214-de-cancun\/#primaryimage"},"thumbnailUrl":"https:\/\/panoramaciudadano.com\/wp-content\/uploads\/2025\/07\/3-110.jpeg","keywords":["regi\u00f3n 214"],"articleSection":["Canc\u00fan"],"inLanguage":"es","potentialAction":[{"@type":"CommentAction","name":"Comment","target":["https:\/\/panoramaciudadano.com\/index.php\/2025\/07\/10\/hallan-sin-vida-a-joven-reportado-como-desaparecido-en-la-region-214-de-cancun\/#respond"]}]},{"@type":"WebPage","@id":"https:\/\/panoramaciudadano.com\/index.php\/2025\/07\/10\/hallan-sin-vida-a-joven-reportado-como-desaparecido-en-la-region-214-de-cancun\/","url":"https:\/\/panoramaciudadano.com\/index.php\/2025\/07\/10\/hallan-sin-vida-a-joven-reportado-como-desaparecido-en-la-region-214-de-cancun\/","name":"Hallan sin vida a joven reportado como desaparecido en la Regi\u00f3n 214 de Canc\u00fan - Panorama Ciudadano","isPartOf":{"@id":"https:\/\/panoramaciudadano.com\/#website"},"primaryImageOfPage":{"@id":"https:\/\/panoramaciudadano.com\/index.php\/2025\/07\/10\/hallan-sin-vida-a-joven-reportado-como-desaparecido-en-la-region-214-de-cancun\/#primaryimage"},"image":{"@id":"https:\/\/panoramaciudadano.com\/index.php\/2025\/07\/10\/hallan-sin-vida-a-joven-reportado-como-desaparecido-en-la-region-214-de-cancun\/#primaryimage"},"thumbnailUrl":"https:\/\/panoramaciudadano.com\/wp-content\/uploads\/2025\/07\/3-110.jpeg","datePublished":"2025-07-10T16:15:58+00:00","dateModified":"2025-07-11T16:41:01+00:00","breadcrumb":{"@id":"https:\/\/panoramaciudadano.com\/index.php\/2025\/07\/10\/hallan-sin-vida-a-joven-reportado-como-desaparecido-en-la-region-214-de-cancun\/#breadcrumb"},"inLanguage":"es","potentialAction":[{"@type":"ReadAction","target":["https:\/\/panoramaciudadano.com\/index.php\/2025\/07\/10\/hallan-sin-vida-a-joven-reportado-como-desaparecido-en-la-region-214-de-cancun\/"]}]},{"@type":"ImageObject","inLanguage":"es","@id":"https:\/\/panoramaciudadano.com\/index.php\/2025\/07\/10\/hallan-sin-vida-a-joven-reportado-como-desaparecido-en-la-region-214-de-cancun\/#primaryimage","url":"https:\/\/panoramaciudadano.com\/wp-content\/uploads\/2025\/07\/3-110.jpeg","contentUrl":"https:\/\/panoramaciudadano.com\/wp-content\/uploads\/2025\/07\/3-110.jpeg","width":1280,"height":720},{"@type":"BreadcrumbList","@id":"https:\/\/panoramaciudadano.com\/index.php\/2025\/07\/10\/hallan-sin-vida-a-joven-reportado-como-desaparecido-en-la-region-214-de-cancun\/#breadcrumb","itemListElement":[{"@type":"ListItem","position":1,"name":"Portada","item":"https:\/\/panoramaciudadano.com\/"},{"@type":"ListItem","position":2,"name":"Hallan sin vida a joven reportado como desaparecido en la Regi\u00f3n 214 de Canc\u00fan"}]},{"@type":"WebSite","@id":"https:\/\/panoramaciudadano.com\/#website","url":"https:\/\/panoramaciudadano.com\/","name":"Panorama Ciudadano","description":"","publisher":{"@id":"https:\/\/panoramaciudadano.com\/#organization"},"potentialAction":[{"@type":"SearchAction","target":{"@type":"EntryPoint","urlTemplate":"https:\/\/panoramaciudadano.com\/?s={search_term_string}"},"query-input":{"@type":"PropertyValueSpecification","valueRequired":true,"valueName":"search_term_string"}}],"inLanguage":"es"},{"@type":"Organization","@id":"https:\/\/panoramaciudadano.com\/#organization","name":"Panorama Ciudadano","url":"https:\/\/panoramaciudadano.com\/","logo":{"@type":"ImageObject","inLanguage":"es","@id":"https:\/\/panoramaciudadano.com\/#\/schema\/logo\/image\/","url":"https:\/\/panoramaciudadano.com\/wp-content\/uploads\/2024\/05\/401498640_919267042938564_6290593609399108733_n.jpg","contentUrl":"https:\/\/panoramaciudadano.com\/wp-content\/uploads\/2024\/05\/401498640_919267042938564_6290593609399108733_n.jpg","width":960,"height":957,"caption":"Panorama Ciudadano"},"image":{"@id":"https:\/\/panoramaciudadano.com\/#\/schema\/logo\/image\/"},"sameAs":["https:\/\/www.facebook.com\/panoramaciudadano"]},{"@type":"Person","@id":"https:\/\/panoramaciudadano.com\/#\/schema\/person\/ffe9fe8ef47d3a93977b5761fd9e0d96","name":"admin","image":{"@type":"ImageObject","inLanguage":"es","@id":"https:\/\/panoramaciudadano.com\/#\/schema\/person\/image\/","url":"https:\/\/secure.gravatar.com\/avatar\/2d5a12cacce3f18096f25fadea8abb7202fef18ed669595589853e84260ff451?s=96&d=mm&r=g","contentUrl":"https:\/\/secure.gravatar.com\/avatar\/2d5a12cacce3f18096f25fadea8abb7202fef18ed669595589853e84260ff451?s=96&d=mm&r=g","caption":"admin"},"sameAs":["https:\/\/panoramaciudadano.com"],"url":"https:\/\/panoramaciudadano.com\/index.php\/author\/admin_3q6hyqq3\/"}]}},"_links":{"self":[{"href":"https:\/\/panoramaciudadano.com\/index.php\/wp-json\/wp\/v2\/posts\/17572","targetHints":{"allow":["GET"]}}],"collection":[{"href":"https:\/\/panoramaciudadano.com\/index.php\/wp-json\/wp\/v2\/posts"}],"about":[{"href":"https:\/\/panoramaciudadano.com\/index.php\/wp-json\/wp\/v2\/types\/post"}],"author":[{"embeddable":true,"href":"https:\/\/panoramaciudadano.com\/index.php\/wp-json\/wp\/v2\/users\/1"}],"replies":[{"embeddable":true,"href":"https:\/\/panoramaciudadano.com\/index.php\/wp-json\/wp\/v2\/comments?post=17572"}],"version-history":[{"count":1,"href":"https:\/\/panoramaciudadano.com\/index.php\/wp-json\/wp\/v2\/posts\/17572\/revisions"}],"predecessor-version":[{"id":17576,"href":"https:\/\/panoramaciudadano.com\/index.php\/wp-json\/wp\/v2\/posts\/17572\/revisions\/17576"}],"wp:featuredmedia":[{"embeddable":true,"href":"https:\/\/panoramaciudadano.com\/index.php\/wp-json\/wp\/v2\/media\/17573"}],"wp:attachment":[{"href":"https:\/\/panoramaciudadano.com\/index.php\/wp-json\/wp\/v2\/media?parent=17572"}],"wp:term":[{"taxonomy":"category","embeddable":true,"href":"https:\/\/panoramaciudadano.com\/index.php\/wp-json\/wp\/v2\/categories?post=17572"},{"taxonomy":"post_tag","embeddable":true,"href":"https:\/\/panoramaciudadano.com\/index.php\/wp-json\/wp\/v2\/tags?post=17572"}],"curies":[{"name":"wp","href":"https:\/\/api.w.org\/{rel}","templated":true}]}}